{"id":1014,"date":"2023-05-06T10:39:21","date_gmt":"2023-05-06T13:39:21","guid":{"rendered":"https:\/\/blog.saocamilo-sp.br\/?p=1014"},"modified":"2023-05-25T18:06:48","modified_gmt":"2023-05-25T21:06:48","slug":"docente-de-trilhas-publica-trabalho-na-revista-brasileira-de-epidemiologia","status":"publish","type":"post","link":"https:\/\/blog.saocamilo-sp.br\/index.php\/2023\/05\/06\/docente-de-trilhas-publica-trabalho-na-revista-brasileira-de-epidemiologia\/","title":{"rendered":"Docente de trilhas publica trabalho na Revista Brasileira de Epidemiologia"},"content":{"rendered":"\n<p>A docente de trilhas do <a href=\"https:\/\/blog.saocamilo-sp.br\/\" target=\"_blank\" rel=\"noreferrer noopener\">Centro Universit\u00e1rio S\u00e3o Camilo<\/a>, Eliana Bonilha, teve um trabalho publicado na Revista Brasileira de Epidemiologia, um peri\u00f3dico cient\u00edfico renomado na \u00e1rea da sa\u00fade. <\/p>\n\n\n\n<p>A pesquisa teve como objetivo identificar os fatores associados \u00e0 defini\u00e7\u00e3o do m\u00e9todo da idade gestacional (IG) registrado na declara\u00e7\u00e3o de nascido vivo (DNV). E depois, comparando os resultados obtidos segundo m\u00e9todo no munic\u00edpio de S\u00e3o Paulo, entre 2012 e 2019.<\/p>\n\n\n\n<p><\/p>\n\n\n\n<h2 class=\"wp-block-heading\">Sobre o estudo<\/h2>\n\n\n\n<p>O estudo desenvolvido pela docente de trilhas, utilizou o Sistema de Informa\u00e7\u00f5es sobre Nascidos Vivos e realizou an\u00e1lise descritiva e comparativa segundo o m\u00e9todo IG . <\/p>\n\n\n\n<p>Nesse sentido, os resultados apontaram que a estimativa da IG pela data da \u00faltima menstrua\u00e7\u00e3o (DUM) foi inferior \u00e0 obtida por outros m\u00e9todos, entre 2012 e 2019. O registro da DUM na DNV aumentou com a idade da m\u00e3e, foi maior entre as brancas, mais escolarizadas e com companheiro, nas cesarianas e nos partos realizados com financiamento privado. Na regress\u00e3o log\u00edstica, o financiamento p\u00fablico apresentou chance 2,33 vezes maior que o privado para uso de OM. Do mesmo modo, a propor\u00e7\u00e3o de prematuros (&lt;37 semanas) com IG pela DUM foi 26,5% maior do que a obtida por outros m\u00e9todos. A mediana de peso ao nascer foi maior entre prematuros com IG estimada pela DUM.<\/p>\n\n\n\n<p>Assim, a conclus\u00e3o da pesquisa indicou que a prematuridade foi mais elevada com a IG estimada pela DUM no munic\u00edpio de S\u00e3o Paulo. A fonte de financiamento foi a vari\u00e1vel mais explicativa para defini\u00e7\u00e3o do m\u00e9todo estimador da IG na DNV. Os resultados apontam a necessidade de cautela ao comparar a IG obtida por m\u00e9todos diferentes.<\/p>\n\n\n\n<p>Consulte o trabalho completo em: <a href=\"https:\/\/www.scielo.br\/j\/rbepid\/a\/tfZyt7yBnzhhq63xpBCDhrs\/?lang=pt\">https:\/\/www.scielo.br\/j\/rbepid\/a\/tfZyt7yBnzhhq63xpBCDhrs\/?lang=pt<\/a>.<\/p>\n\n\n\n<p><\/p>\n\n\n\n<h2 class=\"wp-block-heading\">A pesquisa no Centro Universit\u00e1rio S\u00e3o Camilo<\/h2>\n\n\n\n<p>Essa pesquisa \u00e9 de grande relev\u00e2ncia para a sa\u00fade p\u00fablica, pois a estimativa correta da idade gestacional \u00e9 fundamental para a preven\u00e7\u00e3o complica\u00e7\u00f5es na gesta\u00e7\u00e3o e no parto, al\u00e9m de auxiliar na preven\u00e7\u00e3o de mortes neonatais. <\/p>\n\n\n\n<p>Em suma, Eliana Bonilha e demais pesquisadores forneceram dados importantes para aprimorar os m\u00e9todos de estimativa da idade gestacional e a melhoria da sa\u00fade materna e neonatal no Brasil.<br><br>O Centro Universit\u00e1rio S\u00e3o Camilo \u00e9 uma institui\u00e7\u00e3o que se preocupa com a forma\u00e7\u00e3o de seus alunos e com o fomento \u00e0 pesquisa.  Al\u00e9m disso, a institui\u00e7\u00e3o investe em programas de incentivo \u00e0 pesquisa e \u00e0 extens\u00e3o, proporcionando oportunidades para desenvolver projetos. Por fim, tudo contribui para a forma\u00e7\u00e3o de profissionais mais capacitados e a produ\u00e7\u00e3o de conhecimento.<\/p>\n","protected":false},"excerpt":{"rendered":"<p>Trabalho da Profa. Eliana Bonilha visa identificar os fatores associados \u00e0 defini\u00e7\u00e3o do m\u00e9todo estimador da idade gestacional e compar\u00e1-los a outros m\u00e9todos.<\/p>\n","protected":false},"author":13,"featured_media":1015,"comment_status":"open","ping_status":"open","sticky":false,"template":"","format":"standard","meta":{"cybocfi_hide_featured_image":"","footnotes":""},"categories":[1],"tags":[],"class_list":["post-1014","post","type-post","status-publish","format-standard","has-post-thumbnail","hentry","category-cursos"],"yoast_head":"<!-- This site is optimized with the Yoast SEO plugin v27.5 - https:\/\/yoast.com\/product\/yoast-seo-wordpress\/ -->\n<title>Docente de trilhas publica na Revista Brasileira de Epidemiologia<\/title>\n<meta name=\"description\" content=\"A pesquisa teve como objetivo identificar os fatores associados \u00e0 defini\u00e7\u00e3o do m\u00e9todo estimador da idade gestacional (IG)\" \/>\n<meta name=\"robots\" content=\"index, follow, max-snippet:-1, max-image-preview:large, max-video-preview:-1\" \/>\n<link rel=\"canonical\" href=\"https:\/\/blog.saocamilo-sp.br\/index.php\/2023\/05\/06\/docente-de-trilhas-publica-trabalho-na-revista-brasileira-de-epidemiologia\/\" \/>\n<meta property=\"og:locale\" content=\"pt_BR\" \/>\n<meta property=\"og:type\" content=\"article\" \/>\n<meta property=\"og:title\" content=\"Docente de trilhas publica na Revista Brasileira de Epidemiologia\" \/>\n<meta property=\"og:description\" content=\"A pesquisa teve como objetivo identificar os fatores associados \u00e0 defini\u00e7\u00e3o do m\u00e9todo estimador da idade gestacional (IG)\" \/>\n<meta property=\"og:url\" content=\"https:\/\/blog.saocamilo-sp.br\/index.php\/2023\/05\/06\/docente-de-trilhas-publica-trabalho-na-revista-brasileira-de-epidemiologia\/\" \/>\n<meta property=\"og:site_name\" content=\"Blog S\u00e3o Camilo\" \/>\n<meta property=\"article:publisher\" content=\"https:\/\/www.facebook.com\/saocamilosp\" \/>\n<meta property=\"article:published_time\" content=\"2023-05-06T13:39:21+00:00\" \/>\n<meta property=\"article:modified_time\" content=\"2023-05-25T21:06:48+00:00\" \/>\n<meta property=\"og:image\" content=\"https:\/\/blog.saocamilo-sp.br\/wp-content\/uploads\/2023\/05\/b23.png\" \/>\n\t<meta property=\"og:image:width\" content=\"799\" \/>\n\t<meta property=\"og:image:height\" content=\"538\" \/>\n\t<meta property=\"og:image:type\" content=\"image\/png\" \/>\n<meta name=\"author\" content=\"Leandro Lafr\u00e1gola\" \/>\n<meta name=\"twitter:card\" content=\"summary_large_image\" \/>\n<meta name=\"twitter:creator\" content=\"@saocamilosp\" \/>\n<meta name=\"twitter:site\" content=\"@saocamilosp\" \/>\n<meta name=\"twitter:label1\" content=\"Escrito por\" \/>\n\t<meta name=\"twitter:data1\" content=\"Leandro Lafr\u00e1gola\" \/>\n\t<meta name=\"twitter:label2\" content=\"Est. tempo de leitura\" \/>\n\t<meta name=\"twitter:data2\" content=\"3 minutos\" \/>\n<script type=\"application\/ld+json\" class=\"yoast-schema-graph\">{\"@context\":\"https:\\\/\\\/schema.org\",\"@graph\":[{\"@type\":\"Article\",\"@id\":\"https:\\\/\\\/blog.saocamilo-sp.br\\\/index.php\\\/2023\\\/05\\\/06\\\/docente-de-trilhas-publica-trabalho-na-revista-brasileira-de-epidemiologia\\\/#article\",\"isPartOf\":{\"@id\":\"https:\\\/\\\/blog.saocamilo-sp.br\\\/index.php\\\/2023\\\/05\\\/06\\\/docente-de-trilhas-publica-trabalho-na-revista-brasileira-de-epidemiologia\\\/\"},\"author\":{\"name\":\"Leandro Lafr\u00e1gola\",\"@id\":\"https:\\\/\\\/blog.saocamilo-sp.br\\\/#\\\/schema\\\/person\\\/1a99645faaab0bb55105f817e866e19b\"},\"headline\":\"Docente de trilhas publica trabalho na Revista Brasileira de Epidemiologia\",\"datePublished\":\"2023-05-06T13:39:21+00:00\",\"dateModified\":\"2023-05-25T21:06:48+00:00\",\"mainEntityOfPage\":{\"@id\":\"https:\\\/\\\/blog.saocamilo-sp.br\\\/index.php\\\/2023\\\/05\\\/06\\\/docente-de-trilhas-publica-trabalho-na-revista-brasileira-de-epidemiologia\\\/\"},\"wordCount\":460,\"commentCount\":0,\"publisher\":{\"@id\":\"https:\\\/\\\/blog.saocamilo-sp.br\\\/#organization\"},\"image\":{\"@id\":\"https:\\\/\\\/blog.saocamilo-sp.br\\\/index.php\\\/2023\\\/05\\\/06\\\/docente-de-trilhas-publica-trabalho-na-revista-brasileira-de-epidemiologia\\\/#primaryimage\"},\"thumbnailUrl\":\"https:\\\/\\\/blog.saocamilo-sp.br\\\/wp-content\\\/uploads\\\/2023\\\/05\\\/b23.png\",\"articleSection\":[\"Cursos\"],\"inLanguage\":\"pt-BR\",\"potentialAction\":[{\"@type\":\"CommentAction\",\"name\":\"Comment\",\"target\":[\"https:\\\/\\\/blog.saocamilo-sp.br\\\/index.php\\\/2023\\\/05\\\/06\\\/docente-de-trilhas-publica-trabalho-na-revista-brasileira-de-epidemiologia\\\/#respond\"]}]},{\"@type\":\"WebPage\",\"@id\":\"https:\\\/\\\/blog.saocamilo-sp.br\\\/index.php\\\/2023\\\/05\\\/06\\\/docente-de-trilhas-publica-trabalho-na-revista-brasileira-de-epidemiologia\\\/\",\"url\":\"https:\\\/\\\/blog.saocamilo-sp.br\\\/index.php\\\/2023\\\/05\\\/06\\\/docente-de-trilhas-publica-trabalho-na-revista-brasileira-de-epidemiologia\\\/\",\"name\":\"Docente de trilhas publica na Revista Brasileira de Epidemiologia\",\"isPartOf\":{\"@id\":\"https:\\\/\\\/blog.saocamilo-sp.br\\\/#website\"},\"primaryImageOfPage\":{\"@id\":\"https:\\\/\\\/blog.saocamilo-sp.br\\\/index.php\\\/2023\\\/05\\\/06\\\/docente-de-trilhas-publica-trabalho-na-revista-brasileira-de-epidemiologia\\\/#primaryimage\"},\"image\":{\"@id\":\"https:\\\/\\\/blog.saocamilo-sp.br\\\/index.php\\\/2023\\\/05\\\/06\\\/docente-de-trilhas-publica-trabalho-na-revista-brasileira-de-epidemiologia\\\/#primaryimage\"},\"thumbnailUrl\":\"https:\\\/\\\/blog.saocamilo-sp.br\\\/wp-content\\\/uploads\\\/2023\\\/05\\\/b23.png\",\"datePublished\":\"2023-05-06T13:39:21+00:00\",\"dateModified\":\"2023-05-25T21:06:48+00:00\",\"description\":\"A pesquisa teve como objetivo identificar os fatores associados \u00e0 defini\u00e7\u00e3o do m\u00e9todo estimador da idade gestacional (IG)\",\"breadcrumb\":{\"@id\":\"https:\\\/\\\/blog.saocamilo-sp.br\\\/index.php\\\/2023\\\/05\\\/06\\\/docente-de-trilhas-publica-trabalho-na-revista-brasileira-de-epidemiologia\\\/#breadcrumb\"},\"inLanguage\":\"pt-BR\",\"potentialAction\":[{\"@type\":\"ReadAction\",\"target\":[\"https:\\\/\\\/blog.saocamilo-sp.br\\\/index.php\\\/2023\\\/05\\\/06\\\/docente-de-trilhas-publica-trabalho-na-revista-brasileira-de-epidemiologia\\\/\"]}]},{\"@type\":\"ImageObject\",\"inLanguage\":\"pt-BR\",\"@id\":\"https:\\\/\\\/blog.saocamilo-sp.br\\\/index.php\\\/2023\\\/05\\\/06\\\/docente-de-trilhas-publica-trabalho-na-revista-brasileira-de-epidemiologia\\\/#primaryimage\",\"url\":\"https:\\\/\\\/blog.saocamilo-sp.br\\\/wp-content\\\/uploads\\\/2023\\\/05\\\/b23.png\",\"contentUrl\":\"https:\\\/\\\/blog.saocamilo-sp.br\\\/wp-content\\\/uploads\\\/2023\\\/05\\\/b23.png\",\"width\":799,\"height\":538},{\"@type\":\"BreadcrumbList\",\"@id\":\"https:\\\/\\\/blog.saocamilo-sp.br\\\/index.php\\\/2023\\\/05\\\/06\\\/docente-de-trilhas-publica-trabalho-na-revista-brasileira-de-epidemiologia\\\/#breadcrumb\",\"itemListElement\":[{\"@type\":\"ListItem\",\"position\":1,\"name\":\"In\u00edcio\",\"item\":\"https:\\\/\\\/blog.saocamilo-sp.br\\\/\"},{\"@type\":\"ListItem\",\"position\":2,\"name\":\"Docente de trilhas publica trabalho na Revista Brasileira de Epidemiologia\"}]},{\"@type\":\"WebSite\",\"@id\":\"https:\\\/\\\/blog.saocamilo-sp.br\\\/#website\",\"url\":\"https:\\\/\\\/blog.saocamilo-sp.br\\\/\",\"name\":\"Blog S\u00e3o Camilo\",\"description\":\"Blog do Centro Universit\u00e1rio S\u00e3o Camilo\",\"publisher\":{\"@id\":\"https:\\\/\\\/blog.saocamilo-sp.br\\\/#organization\"},\"potentialAction\":[{\"@type\":\"SearchAction\",\"target\":{\"@type\":\"EntryPoint\",\"urlTemplate\":\"https:\\\/\\\/blog.saocamilo-sp.br\\\/?s={search_term_string}\"},\"query-input\":{\"@type\":\"PropertyValueSpecification\",\"valueRequired\":true,\"valueName\":\"search_term_string\"}}],\"inLanguage\":\"pt-BR\"},{\"@type\":\"Organization\",\"@id\":\"https:\\\/\\\/blog.saocamilo-sp.br\\\/#organization\",\"name\":\"Blog S\u00e3o Camilo\",\"url\":\"https:\\\/\\\/blog.saocamilo-sp.br\\\/\",\"logo\":{\"@type\":\"ImageObject\",\"inLanguage\":\"pt-BR\",\"@id\":\"https:\\\/\\\/blog.saocamilo-sp.br\\\/#\\\/schema\\\/logo\\\/image\\\/\",\"url\":\"https:\\\/\\\/blog.saocamilo-sp.br\\\/wp-content\\\/uploads\\\/2021\\\/12\\\/cropped-vazio-logo-topo.png\",\"contentUrl\":\"https:\\\/\\\/blog.saocamilo-sp.br\\\/wp-content\\\/uploads\\\/2021\\\/12\\\/cropped-vazio-logo-topo.png\",\"width\":320,\"height\":240,\"caption\":\"Blog S\u00e3o Camilo\"},\"image\":{\"@id\":\"https:\\\/\\\/blog.saocamilo-sp.br\\\/#\\\/schema\\\/logo\\\/image\\\/\"},\"sameAs\":[\"https:\\\/\\\/www.facebook.com\\\/saocamilosp\",\"https:\\\/\\\/x.com\\\/saocamilosp\",\"https:\\\/\\\/www.linkedin.com\\\/school\\\/centro-universit-rio-s-o-camilo\\\/\"]},{\"@type\":\"Person\",\"@id\":\"https:\\\/\\\/blog.saocamilo-sp.br\\\/#\\\/schema\\\/person\\\/1a99645faaab0bb55105f817e866e19b\",\"name\":\"Leandro Lafr\u00e1gola\",\"image\":{\"@type\":\"ImageObject\",\"inLanguage\":\"pt-BR\",\"@id\":\"https:\\\/\\\/secure.gravatar.com\\\/avatar\\\/ec4232fb8d50d80f1c672353dc4c2876490e6a0a2a33d6572c0ba1fb78f115cf?s=96&d=mm&r=g\",\"url\":\"https:\\\/\\\/secure.gravatar.com\\\/avatar\\\/ec4232fb8d50d80f1c672353dc4c2876490e6a0a2a33d6572c0ba1fb78f115cf?s=96&d=mm&r=g\",\"contentUrl\":\"https:\\\/\\\/secure.gravatar.com\\\/avatar\\\/ec4232fb8d50d80f1c672353dc4c2876490e6a0a2a33d6572c0ba1fb78f115cf?s=96&d=mm&r=g\",\"caption\":\"Leandro Lafr\u00e1gola\"},\"url\":\"https:\\\/\\\/blog.saocamilo-sp.br\\\/index.php\\\/author\\\/llafragola\\\/\"}]}<\/script>\n<!-- \/ Yoast SEO plugin. -->","yoast_head_json":{"title":"Docente de trilhas publica na Revista Brasileira de Epidemiologia","description":"A pesquisa teve como objetivo identificar os fatores associados \u00e0 defini\u00e7\u00e3o do m\u00e9todo estimador da idade gestacional (IG)","robots":{"index":"index","follow":"follow","max-snippet":"max-snippet:-1","max-image-preview":"max-image-preview:large","max-video-preview":"max-video-preview:-1"},"canonical":"https:\/\/blog.saocamilo-sp.br\/index.php\/2023\/05\/06\/docente-de-trilhas-publica-trabalho-na-revista-brasileira-de-epidemiologia\/","og_locale":"pt_BR","og_type":"article","og_title":"Docente de trilhas publica na Revista Brasileira de Epidemiologia","og_description":"A pesquisa teve como objetivo identificar os fatores associados \u00e0 defini\u00e7\u00e3o do m\u00e9todo estimador da idade gestacional (IG)","og_url":"https:\/\/blog.saocamilo-sp.br\/index.php\/2023\/05\/06\/docente-de-trilhas-publica-trabalho-na-revista-brasileira-de-epidemiologia\/","og_site_name":"Blog S\u00e3o Camilo","article_publisher":"https:\/\/www.facebook.com\/saocamilosp","article_published_time":"2023-05-06T13:39:21+00:00","article_modified_time":"2023-05-25T21:06:48+00:00","og_image":[{"width":799,"height":538,"url":"https:\/\/blog.saocamilo-sp.br\/wp-content\/uploads\/2023\/05\/b23.png","type":"image\/png"}],"author":"Leandro Lafr\u00e1gola","twitter_card":"summary_large_image","twitter_creator":"@saocamilosp","twitter_site":"@saocamilosp","twitter_misc":{"Escrito por":"Leandro Lafr\u00e1gola","Est. tempo de leitura":"3 minutos"},"schema":{"@context":"https:\/\/schema.org","@graph":[{"@type":"Article","@id":"https:\/\/blog.saocamilo-sp.br\/index.php\/2023\/05\/06\/docente-de-trilhas-publica-trabalho-na-revista-brasileira-de-epidemiologia\/#article","isPartOf":{"@id":"https:\/\/blog.saocamilo-sp.br\/index.php\/2023\/05\/06\/docente-de-trilhas-publica-trabalho-na-revista-brasileira-de-epidemiologia\/"},"author":{"name":"Leandro Lafr\u00e1gola","@id":"https:\/\/blog.saocamilo-sp.br\/#\/schema\/person\/1a99645faaab0bb55105f817e866e19b"},"headline":"Docente de trilhas publica trabalho na Revista Brasileira de Epidemiologia","datePublished":"2023-05-06T13:39:21+00:00","dateModified":"2023-05-25T21:06:48+00:00","mainEntityOfPage":{"@id":"https:\/\/blog.saocamilo-sp.br\/index.php\/2023\/05\/06\/docente-de-trilhas-publica-trabalho-na-revista-brasileira-de-epidemiologia\/"},"wordCount":460,"commentCount":0,"publisher":{"@id":"https:\/\/blog.saocamilo-sp.br\/#organization"},"image":{"@id":"https:\/\/blog.saocamilo-sp.br\/index.php\/2023\/05\/06\/docente-de-trilhas-publica-trabalho-na-revista-brasileira-de-epidemiologia\/#primaryimage"},"thumbnailUrl":"https:\/\/blog.saocamilo-sp.br\/wp-content\/uploads\/2023\/05\/b23.png","articleSection":["Cursos"],"inLanguage":"pt-BR","potentialAction":[{"@type":"CommentAction","name":"Comment","target":["https:\/\/blog.saocamilo-sp.br\/index.php\/2023\/05\/06\/docente-de-trilhas-publica-trabalho-na-revista-brasileira-de-epidemiologia\/#respond"]}]},{"@type":"WebPage","@id":"https:\/\/blog.saocamilo-sp.br\/index.php\/2023\/05\/06\/docente-de-trilhas-publica-trabalho-na-revista-brasileira-de-epidemiologia\/","url":"https:\/\/blog.saocamilo-sp.br\/index.php\/2023\/05\/06\/docente-de-trilhas-publica-trabalho-na-revista-brasileira-de-epidemiologia\/","name":"Docente de trilhas publica na Revista Brasileira de Epidemiologia","isPartOf":{"@id":"https:\/\/blog.saocamilo-sp.br\/#website"},"primaryImageOfPage":{"@id":"https:\/\/blog.saocamilo-sp.br\/index.php\/2023\/05\/06\/docente-de-trilhas-publica-trabalho-na-revista-brasileira-de-epidemiologia\/#primaryimage"},"image":{"@id":"https:\/\/blog.saocamilo-sp.br\/index.php\/2023\/05\/06\/docente-de-trilhas-publica-trabalho-na-revista-brasileira-de-epidemiologia\/#primaryimage"},"thumbnailUrl":"https:\/\/blog.saocamilo-sp.br\/wp-content\/uploads\/2023\/05\/b23.png","datePublished":"2023-05-06T13:39:21+00:00","dateModified":"2023-05-25T21:06:48+00:00","description":"A pesquisa teve como objetivo identificar os fatores associados \u00e0 defini\u00e7\u00e3o do m\u00e9todo estimador da idade gestacional (IG)","breadcrumb":{"@id":"https:\/\/blog.saocamilo-sp.br\/index.php\/2023\/05\/06\/docente-de-trilhas-publica-trabalho-na-revista-brasileira-de-epidemiologia\/#breadcrumb"},"inLanguage":"pt-BR","potentialAction":[{"@type":"ReadAction","target":["https:\/\/blog.saocamilo-sp.br\/index.php\/2023\/05\/06\/docente-de-trilhas-publica-trabalho-na-revista-brasileira-de-epidemiologia\/"]}]},{"@type":"ImageObject","inLanguage":"pt-BR","@id":"https:\/\/blog.saocamilo-sp.br\/index.php\/2023\/05\/06\/docente-de-trilhas-publica-trabalho-na-revista-brasileira-de-epidemiologia\/#primaryimage","url":"https:\/\/blog.saocamilo-sp.br\/wp-content\/uploads\/2023\/05\/b23.png","contentUrl":"https:\/\/blog.saocamilo-sp.br\/wp-content\/uploads\/2023\/05\/b23.png","width":799,"height":538},{"@type":"BreadcrumbList","@id":"https:\/\/blog.saocamilo-sp.br\/index.php\/2023\/05\/06\/docente-de-trilhas-publica-trabalho-na-revista-brasileira-de-epidemiologia\/#breadcrumb","itemListElement":[{"@type":"ListItem","position":1,"name":"In\u00edcio","item":"https:\/\/blog.saocamilo-sp.br\/"},{"@type":"ListItem","position":2,"name":"Docente de trilhas publica trabalho na Revista Brasileira de Epidemiologia"}]},{"@type":"WebSite","@id":"https:\/\/blog.saocamilo-sp.br\/#website","url":"https:\/\/blog.saocamilo-sp.br\/","name":"Blog S\u00e3o Camilo","description":"Blog do Centro Universit\u00e1rio S\u00e3o Camilo","publisher":{"@id":"https:\/\/blog.saocamilo-sp.br\/#organization"},"potentialAction":[{"@type":"SearchAction","target":{"@type":"EntryPoint","urlTemplate":"https:\/\/blog.saocamilo-sp.br\/?s={search_term_string}"},"query-input":{"@type":"PropertyValueSpecification","valueRequired":true,"valueName":"search_term_string"}}],"inLanguage":"pt-BR"},{"@type":"Organization","@id":"https:\/\/blog.saocamilo-sp.br\/#organization","name":"Blog S\u00e3o Camilo","url":"https:\/\/blog.saocamilo-sp.br\/","logo":{"@type":"ImageObject","inLanguage":"pt-BR","@id":"https:\/\/blog.saocamilo-sp.br\/#\/schema\/logo\/image\/","url":"https:\/\/blog.saocamilo-sp.br\/wp-content\/uploads\/2021\/12\/cropped-vazio-logo-topo.png","contentUrl":"https:\/\/blog.saocamilo-sp.br\/wp-content\/uploads\/2021\/12\/cropped-vazio-logo-topo.png","width":320,"height":240,"caption":"Blog S\u00e3o Camilo"},"image":{"@id":"https:\/\/blog.saocamilo-sp.br\/#\/schema\/logo\/image\/"},"sameAs":["https:\/\/www.facebook.com\/saocamilosp","https:\/\/x.com\/saocamilosp","https:\/\/www.linkedin.com\/school\/centro-universit-rio-s-o-camilo\/"]},{"@type":"Person","@id":"https:\/\/blog.saocamilo-sp.br\/#\/schema\/person\/1a99645faaab0bb55105f817e866e19b","name":"Leandro Lafr\u00e1gola","image":{"@type":"ImageObject","inLanguage":"pt-BR","@id":"https:\/\/secure.gravatar.com\/avatar\/ec4232fb8d50d80f1c672353dc4c2876490e6a0a2a33d6572c0ba1fb78f115cf?s=96&d=mm&r=g","url":"https:\/\/secure.gravatar.com\/avatar\/ec4232fb8d50d80f1c672353dc4c2876490e6a0a2a33d6572c0ba1fb78f115cf?s=96&d=mm&r=g","contentUrl":"https:\/\/secure.gravatar.com\/avatar\/ec4232fb8d50d80f1c672353dc4c2876490e6a0a2a33d6572c0ba1fb78f115cf?s=96&d=mm&r=g","caption":"Leandro Lafr\u00e1gola"},"url":"https:\/\/blog.saocamilo-sp.br\/index.php\/author\/llafragola\/"}]}},"_links":{"self":[{"href":"https:\/\/blog.saocamilo-sp.br\/index.php\/wp-json\/wp\/v2\/posts\/1014","targetHints":{"allow":["GET"]}}],"collection":[{"href":"https:\/\/blog.saocamilo-sp.br\/index.php\/wp-json\/wp\/v2\/posts"}],"about":[{"href":"https:\/\/blog.saocamilo-sp.br\/index.php\/wp-json\/wp\/v2\/types\/post"}],"author":[{"embeddable":true,"href":"https:\/\/blog.saocamilo-sp.br\/index.php\/wp-json\/wp\/v2\/users\/13"}],"replies":[{"embeddable":true,"href":"https:\/\/blog.saocamilo-sp.br\/index.php\/wp-json\/wp\/v2\/comments?post=1014"}],"version-history":[{"count":11,"href":"https:\/\/blog.saocamilo-sp.br\/index.php\/wp-json\/wp\/v2\/posts\/1014\/revisions"}],"predecessor-version":[{"id":1177,"href":"https:\/\/blog.saocamilo-sp.br\/index.php\/wp-json\/wp\/v2\/posts\/1014\/revisions\/1177"}],"wp:featuredmedia":[{"embeddable":true,"href":"https:\/\/blog.saocamilo-sp.br\/index.php\/wp-json\/wp\/v2\/media\/1015"}],"wp:attachment":[{"href":"https:\/\/blog.saocamilo-sp.br\/index.php\/wp-json\/wp\/v2\/media?parent=1014"}],"wp:term":[{"taxonomy":"category","embeddable":true,"href":"https:\/\/blog.saocamilo-sp.br\/index.php\/wp-json\/wp\/v2\/categories?post=1014"},{"taxonomy":"post_tag","embeddable":true,"href":"https:\/\/blog.saocamilo-sp.br\/index.php\/wp-json\/wp\/v2\/tags?post=1014"}],"curies":[{"name":"wp","href":"https:\/\/api.w.org\/{rel}","templated":true}]}}