{"id":1024,"date":"2023-05-08T14:58:52","date_gmt":"2023-05-08T17:58:52","guid":{"rendered":"https:\/\/blog.saocamilo-sp.br\/?p=1024"},"modified":"2023-05-25T18:00:15","modified_gmt":"2023-05-25T21:00:15","slug":"saude-mental-trabalhadores-medicos-na-area-de-saude","status":"publish","type":"post","link":"https:\/\/blog.saocamilo-sp.br\/index.php\/2023\/05\/08\/saude-mental-trabalhadores-medicos-na-area-de-saude\/","title":{"rendered":"Sa\u00fade mental em m\u00e9dicos: vira tema de pesquisa de docente e discente"},"content":{"rendered":"\n<p><\/p>\n\n\n\n<p>O <a href=\"https:\/\/blog.saocamilo-sp.br\/\" target=\"_blank\" rel=\"noreferrer noopener\">Centro Universit\u00e1rio S\u00e3o Camilo<\/a> tem se destacado cada vez mais na \u00e1rea de pesquisa, principalmente na sa\u00fade ocupacional. Recentemente, o Prof. Dr. Jo\u00e3o Silvestre da Silva-Junior apresentou no 29\u00ba Simp\u00f3sio Internacional de Epidemiologia em Sa\u00fade Ocupacional, organizado pelo subcomit\u00ea especializado da Comiss\u00e3o Internacional de Sa\u00fade Ocupacional (International Commission on Occupational Health &#8211; ICOH), o p\u00f4ster intitulado &#8220;Mental distress among female physicians working in occupational health activities during the COVID-19 pandemic&#8221;. Victor Dias Roviello foi quem desenvolveu o projeto de inicia\u00e7\u00e3o cient\u00edfica no qual se baseou o estudo. <\/p>\n\n\n\n<h2 class=\"wp-block-heading\">Sobre a pesquisa da sa\u00fade mental <\/h2>\n\n\n\n<p>A pesquisa teve como objetivo compreender o perfil dos transtornos mentais entre os trabalhadores m\u00e9dicos que atuam em sa\u00fade ocupacional durante a pandemia de COVID-19. Das 249 m\u00e9dicas, 48,6% delas apresentaram sintomas depressivos, 36,5% apresentaram sintomas de ansiedade e 54,2% apresentaram sintomas de estresse durante a pandemia.<\/p>\n\n\n\n<p>Os  resultados s\u00e3o preocupantes e indicam a necessidade de estrat\u00e9gias de preven\u00e7\u00e3o e promo\u00e7\u00e3o da sa\u00fade dessa popula\u00e7\u00e3o, a fim de desenvolver qualidade de vida, bem-estar e produtividade. A pesquisa realizada pelo Centro Universit\u00e1rio S\u00e3o Camilo contribui para esse objetivo, fornecendo informa\u00e7\u00f5es relevantes para a \u00e1rea da sa\u00fade mental.<\/p>\n\n\n\n<p>Al\u00e9m disso, a pesquisa tamb\u00e9m destaca a import\u00e2ncia da inicia\u00e7\u00e3o cient\u00edfica na forma\u00e7\u00e3o dos estudantes. O projeto desenvolvido por Victor Dias Roviello mostra que os alunos da gradua\u00e7\u00e3o em Medicina t\u00eam a oportunidade de participar de pesquisas relevantes e contribuir para a produ\u00e7\u00e3o de conhecimento na \u00e1rea de sa\u00fade.<\/p>\n\n\n\n<p>Dessa forma, o resumo da pesquisa foi publicado no suplemento do peri\u00f3dico cient\u00edfico Occupational &amp; Environmental Medicine, o que mostra o reconhecimento da import\u00e2ncia do estudo pela comunidade cient\u00edfica. <\/p>\n\n\n\n<h2 class=\"wp-block-heading\">Centro Universit\u00e1rio S\u00e3o Camilo fomenta a ci\u00eancia<\/h2>\n\n\n\n<p>O <a href=\"https:\/\/saocamilo-sp.br\/\" target=\"_blank\" rel=\"noreferrer noopener\">Centro Universit\u00e1rio S\u00e3o Camilo<\/a> tem como uma de suas principais miss\u00f5es a produ\u00e7\u00e3o e dissemina\u00e7\u00e3o de conhecimento, com destaque para a \u00e1rea de sa\u00fade. Portanto, a institui\u00e7\u00e3o investe em pesquisas de alta qualidade e incentiva a participa\u00e7\u00e3o de alunos e professores em projetos cient\u00edficos. O resultado disso \u00e9 a forma\u00e7\u00e3o de profissionais capacitados e preparados para atuar no mercado de trabalho, com compet\u00eancia e excel\u00eancia.<\/p>\n","protected":false},"excerpt":{"rendered":"<p> Prof. Dr. Jo\u00e3o Silvestre da Silva-Junior apresentou estudo baseado no projeto de inicia\u00e7\u00e3o cient\u00edfica desenvolvido pelo aluno de Medicina Victor Dias Roviello<\/p>\n","protected":false},"author":13,"featured_media":1025,"comment_status":"open","ping_status":"open","sticky":false,"template":"","format":"standard","meta":{"cybocfi_hide_featured_image":"","footnotes":""},"categories":[30],"tags":[81,12],"class_list":["post-1024","post","type-post","status-publish","format-standard","has-post-thumbnail","hentry","category-medicina","tag-artigo-cientifico","tag-medicina"],"yoast_head":"<!-- This site is optimized with the Yoast SEO plugin v27.5 - https:\/\/yoast.com\/product\/yoast-seo-wordpress\/ -->\n<title>Sa\u00fade mental em m\u00e9dicos: vira tema de pesquisa de docente e discente<\/title>\n<meta name=\"description\" content=\"O objetivo foi compreender a sa\u00fade mental entre os trabalhadores m\u00e9dicos na sa\u00fade durante a pandemia de COVID-19\" \/>\n<meta name=\"robots\" content=\"index, follow, max-snippet:-1, max-image-preview:large, max-video-preview:-1\" \/>\n<link rel=\"canonical\" href=\"https:\/\/blog.saocamilo-sp.br\/index.php\/2023\/05\/08\/saude-mental-trabalhadores-medicos-na-area-de-saude\/\" \/>\n<meta property=\"og:locale\" content=\"pt_BR\" \/>\n<meta property=\"og:type\" content=\"article\" \/>\n<meta property=\"og:title\" content=\"Sa\u00fade mental em m\u00e9dicos: vira tema de pesquisa de docente e discente\" \/>\n<meta property=\"og:description\" content=\"O objetivo foi compreender a sa\u00fade mental entre os trabalhadores m\u00e9dicos na sa\u00fade durante a pandemia de COVID-19\" \/>\n<meta property=\"og:url\" content=\"https:\/\/blog.saocamilo-sp.br\/index.php\/2023\/05\/08\/saude-mental-trabalhadores-medicos-na-area-de-saude\/\" \/>\n<meta property=\"og:site_name\" content=\"Blog S\u00e3o Camilo\" \/>\n<meta property=\"article:publisher\" content=\"https:\/\/www.facebook.com\/saocamilosp\" \/>\n<meta property=\"article:published_time\" content=\"2023-05-08T17:58:52+00:00\" \/>\n<meta property=\"article:modified_time\" content=\"2023-05-25T21:00:15+00:00\" \/>\n<meta property=\"og:image\" content=\"https:\/\/blog.saocamilo-sp.br\/wp-content\/uploads\/2023\/05\/B28.png\" \/>\n\t<meta property=\"og:image:width\" content=\"799\" \/>\n\t<meta property=\"og:image:height\" content=\"538\" \/>\n\t<meta property=\"og:image:type\" content=\"image\/png\" \/>\n<meta name=\"author\" content=\"Leandro Lafr\u00e1gola\" \/>\n<meta name=\"twitter:card\" content=\"summary_large_image\" \/>\n<meta name=\"twitter:creator\" content=\"@saocamilosp\" \/>\n<meta name=\"twitter:site\" content=\"@saocamilosp\" \/>\n<meta name=\"twitter:label1\" content=\"Escrito por\" \/>\n\t<meta name=\"twitter:data1\" content=\"Leandro Lafr\u00e1gola\" \/>\n\t<meta name=\"twitter:label2\" content=\"Est. tempo de leitura\" \/>\n\t<meta name=\"twitter:data2\" content=\"2 minutos\" \/>\n<script type=\"application\/ld+json\" class=\"yoast-schema-graph\">{\"@context\":\"https:\\\/\\\/schema.org\",\"@graph\":[{\"@type\":\"Article\",\"@id\":\"https:\\\/\\\/blog.saocamilo-sp.br\\\/index.php\\\/2023\\\/05\\\/08\\\/saude-mental-trabalhadores-medicos-na-area-de-saude\\\/#article\",\"isPartOf\":{\"@id\":\"https:\\\/\\\/blog.saocamilo-sp.br\\\/index.php\\\/2023\\\/05\\\/08\\\/saude-mental-trabalhadores-medicos-na-area-de-saude\\\/\"},\"author\":{\"name\":\"Leandro Lafr\u00e1gola\",\"@id\":\"https:\\\/\\\/blog.saocamilo-sp.br\\\/#\\\/schema\\\/person\\\/1a99645faaab0bb55105f817e866e19b\"},\"headline\":\"Sa\u00fade mental em m\u00e9dicos: vira tema de pesquisa de docente e discente\",\"datePublished\":\"2023-05-08T17:58:52+00:00\",\"dateModified\":\"2023-05-25T21:00:15+00:00\",\"mainEntityOfPage\":{\"@id\":\"https:\\\/\\\/blog.saocamilo-sp.br\\\/index.php\\\/2023\\\/05\\\/08\\\/saude-mental-trabalhadores-medicos-na-area-de-saude\\\/\"},\"wordCount\":403,\"commentCount\":0,\"publisher\":{\"@id\":\"https:\\\/\\\/blog.saocamilo-sp.br\\\/#organization\"},\"image\":{\"@id\":\"https:\\\/\\\/blog.saocamilo-sp.br\\\/index.php\\\/2023\\\/05\\\/08\\\/saude-mental-trabalhadores-medicos-na-area-de-saude\\\/#primaryimage\"},\"thumbnailUrl\":\"https:\\\/\\\/blog.saocamilo-sp.br\\\/wp-content\\\/uploads\\\/2023\\\/05\\\/B28.png\",\"keywords\":[\"Artigo Cient\u00edfico\",\"Medicina\"],\"articleSection\":[\"Medicina\"],\"inLanguage\":\"pt-BR\",\"potentialAction\":[{\"@type\":\"CommentAction\",\"name\":\"Comment\",\"target\":[\"https:\\\/\\\/blog.saocamilo-sp.br\\\/index.php\\\/2023\\\/05\\\/08\\\/saude-mental-trabalhadores-medicos-na-area-de-saude\\\/#respond\"]}]},{\"@type\":\"WebPage\",\"@id\":\"https:\\\/\\\/blog.saocamilo-sp.br\\\/index.php\\\/2023\\\/05\\\/08\\\/saude-mental-trabalhadores-medicos-na-area-de-saude\\\/\",\"url\":\"https:\\\/\\\/blog.saocamilo-sp.br\\\/index.php\\\/2023\\\/05\\\/08\\\/saude-mental-trabalhadores-medicos-na-area-de-saude\\\/\",\"name\":\"Sa\u00fade mental em m\u00e9dicos: vira tema de pesquisa de docente e discente\",\"isPartOf\":{\"@id\":\"https:\\\/\\\/blog.saocamilo-sp.br\\\/#website\"},\"primaryImageOfPage\":{\"@id\":\"https:\\\/\\\/blog.saocamilo-sp.br\\\/index.php\\\/2023\\\/05\\\/08\\\/saude-mental-trabalhadores-medicos-na-area-de-saude\\\/#primaryimage\"},\"image\":{\"@id\":\"https:\\\/\\\/blog.saocamilo-sp.br\\\/index.php\\\/2023\\\/05\\\/08\\\/saude-mental-trabalhadores-medicos-na-area-de-saude\\\/#primaryimage\"},\"thumbnailUrl\":\"https:\\\/\\\/blog.saocamilo-sp.br\\\/wp-content\\\/uploads\\\/2023\\\/05\\\/B28.png\",\"datePublished\":\"2023-05-08T17:58:52+00:00\",\"dateModified\":\"2023-05-25T21:00:15+00:00\",\"description\":\"O objetivo foi compreender a sa\u00fade mental entre os trabalhadores m\u00e9dicos na sa\u00fade durante a pandemia de COVID-19\",\"breadcrumb\":{\"@id\":\"https:\\\/\\\/blog.saocamilo-sp.br\\\/index.php\\\/2023\\\/05\\\/08\\\/saude-mental-trabalhadores-medicos-na-area-de-saude\\\/#breadcrumb\"},\"inLanguage\":\"pt-BR\",\"potentialAction\":[{\"@type\":\"ReadAction\",\"target\":[\"https:\\\/\\\/blog.saocamilo-sp.br\\\/index.php\\\/2023\\\/05\\\/08\\\/saude-mental-trabalhadores-medicos-na-area-de-saude\\\/\"]}]},{\"@type\":\"ImageObject\",\"inLanguage\":\"pt-BR\",\"@id\":\"https:\\\/\\\/blog.saocamilo-sp.br\\\/index.php\\\/2023\\\/05\\\/08\\\/saude-mental-trabalhadores-medicos-na-area-de-saude\\\/#primaryimage\",\"url\":\"https:\\\/\\\/blog.saocamilo-sp.br\\\/wp-content\\\/uploads\\\/2023\\\/05\\\/B28.png\",\"contentUrl\":\"https:\\\/\\\/blog.saocamilo-sp.br\\\/wp-content\\\/uploads\\\/2023\\\/05\\\/B28.png\",\"width\":799,\"height\":538,\"caption\":\"Sa\u00fade mental de trabalhadores m\u00e9dicos \u00e9 tema de pesquisa de docente e discente\"},{\"@type\":\"BreadcrumbList\",\"@id\":\"https:\\\/\\\/blog.saocamilo-sp.br\\\/index.php\\\/2023\\\/05\\\/08\\\/saude-mental-trabalhadores-medicos-na-area-de-saude\\\/#breadcrumb\",\"itemListElement\":[{\"@type\":\"ListItem\",\"position\":1,\"name\":\"In\u00edcio\",\"item\":\"https:\\\/\\\/blog.saocamilo-sp.br\\\/\"},{\"@type\":\"ListItem\",\"position\":2,\"name\":\"Sa\u00fade mental em m\u00e9dicos: vira tema de pesquisa de docente e discente\"}]},{\"@type\":\"WebSite\",\"@id\":\"https:\\\/\\\/blog.saocamilo-sp.br\\\/#website\",\"url\":\"https:\\\/\\\/blog.saocamilo-sp.br\\\/\",\"name\":\"Blog S\u00e3o Camilo\",\"description\":\"Blog do Centro Universit\u00e1rio S\u00e3o Camilo\",\"publisher\":{\"@id\":\"https:\\\/\\\/blog.saocamilo-sp.br\\\/#organization\"},\"potentialAction\":[{\"@type\":\"SearchAction\",\"target\":{\"@type\":\"EntryPoint\",\"urlTemplate\":\"https:\\\/\\\/blog.saocamilo-sp.br\\\/?s={search_term_string}\"},\"query-input\":{\"@type\":\"PropertyValueSpecification\",\"valueRequired\":true,\"valueName\":\"search_term_string\"}}],\"inLanguage\":\"pt-BR\"},{\"@type\":\"Organization\",\"@id\":\"https:\\\/\\\/blog.saocamilo-sp.br\\\/#organization\",\"name\":\"Blog S\u00e3o Camilo\",\"url\":\"https:\\\/\\\/blog.saocamilo-sp.br\\\/\",\"logo\":{\"@type\":\"ImageObject\",\"inLanguage\":\"pt-BR\",\"@id\":\"https:\\\/\\\/blog.saocamilo-sp.br\\\/#\\\/schema\\\/logo\\\/image\\\/\",\"url\":\"https:\\\/\\\/blog.saocamilo-sp.br\\\/wp-content\\\/uploads\\\/2021\\\/12\\\/cropped-vazio-logo-topo.png\",\"contentUrl\":\"https:\\\/\\\/blog.saocamilo-sp.br\\\/wp-content\\\/uploads\\\/2021\\\/12\\\/cropped-vazio-logo-topo.png\",\"width\":320,\"height\":240,\"caption\":\"Blog S\u00e3o Camilo\"},\"image\":{\"@id\":\"https:\\\/\\\/blog.saocamilo-sp.br\\\/#\\\/schema\\\/logo\\\/image\\\/\"},\"sameAs\":[\"https:\\\/\\\/www.facebook.com\\\/saocamilosp\",\"https:\\\/\\\/x.com\\\/saocamilosp\",\"https:\\\/\\\/www.linkedin.com\\\/school\\\/centro-universit-rio-s-o-camilo\\\/\"]},{\"@type\":\"Person\",\"@id\":\"https:\\\/\\\/blog.saocamilo-sp.br\\\/#\\\/schema\\\/person\\\/1a99645faaab0bb55105f817e866e19b\",\"name\":\"Leandro Lafr\u00e1gola\",\"image\":{\"@type\":\"ImageObject\",\"inLanguage\":\"pt-BR\",\"@id\":\"https:\\\/\\\/secure.gravatar.com\\\/avatar\\\/ec4232fb8d50d80f1c672353dc4c2876490e6a0a2a33d6572c0ba1fb78f115cf?s=96&d=mm&r=g\",\"url\":\"https:\\\/\\\/secure.gravatar.com\\\/avatar\\\/ec4232fb8d50d80f1c672353dc4c2876490e6a0a2a33d6572c0ba1fb78f115cf?s=96&d=mm&r=g\",\"contentUrl\":\"https:\\\/\\\/secure.gravatar.com\\\/avatar\\\/ec4232fb8d50d80f1c672353dc4c2876490e6a0a2a33d6572c0ba1fb78f115cf?s=96&d=mm&r=g\",\"caption\":\"Leandro Lafr\u00e1gola\"},\"url\":\"https:\\\/\\\/blog.saocamilo-sp.br\\\/index.php\\\/author\\\/llafragola\\\/\"}]}<\/script>\n<!-- \/ Yoast SEO plugin. -->","yoast_head_json":{"title":"Sa\u00fade mental em m\u00e9dicos: vira tema de pesquisa de docente e discente","description":"O objetivo foi compreender a sa\u00fade mental entre os trabalhadores m\u00e9dicos na sa\u00fade durante a pandemia de COVID-19","robots":{"index":"index","follow":"follow","max-snippet":"max-snippet:-1","max-image-preview":"max-image-preview:large","max-video-preview":"max-video-preview:-1"},"canonical":"https:\/\/blog.saocamilo-sp.br\/index.php\/2023\/05\/08\/saude-mental-trabalhadores-medicos-na-area-de-saude\/","og_locale":"pt_BR","og_type":"article","og_title":"Sa\u00fade mental em m\u00e9dicos: vira tema de pesquisa de docente e discente","og_description":"O objetivo foi compreender a sa\u00fade mental entre os trabalhadores m\u00e9dicos na sa\u00fade durante a pandemia de COVID-19","og_url":"https:\/\/blog.saocamilo-sp.br\/index.php\/2023\/05\/08\/saude-mental-trabalhadores-medicos-na-area-de-saude\/","og_site_name":"Blog S\u00e3o Camilo","article_publisher":"https:\/\/www.facebook.com\/saocamilosp","article_published_time":"2023-05-08T17:58:52+00:00","article_modified_time":"2023-05-25T21:00:15+00:00","og_image":[{"width":799,"height":538,"url":"https:\/\/blog.saocamilo-sp.br\/wp-content\/uploads\/2023\/05\/B28.png","type":"image\/png"}],"author":"Leandro Lafr\u00e1gola","twitter_card":"summary_large_image","twitter_creator":"@saocamilosp","twitter_site":"@saocamilosp","twitter_misc":{"Escrito por":"Leandro Lafr\u00e1gola","Est. tempo de leitura":"2 minutos"},"schema":{"@context":"https:\/\/schema.org","@graph":[{"@type":"Article","@id":"https:\/\/blog.saocamilo-sp.br\/index.php\/2023\/05\/08\/saude-mental-trabalhadores-medicos-na-area-de-saude\/#article","isPartOf":{"@id":"https:\/\/blog.saocamilo-sp.br\/index.php\/2023\/05\/08\/saude-mental-trabalhadores-medicos-na-area-de-saude\/"},"author":{"name":"Leandro Lafr\u00e1gola","@id":"https:\/\/blog.saocamilo-sp.br\/#\/schema\/person\/1a99645faaab0bb55105f817e866e19b"},"headline":"Sa\u00fade mental em m\u00e9dicos: vira tema de pesquisa de docente e discente","datePublished":"2023-05-08T17:58:52+00:00","dateModified":"2023-05-25T21:00:15+00:00","mainEntityOfPage":{"@id":"https:\/\/blog.saocamilo-sp.br\/index.php\/2023\/05\/08\/saude-mental-trabalhadores-medicos-na-area-de-saude\/"},"wordCount":403,"commentCount":0,"publisher":{"@id":"https:\/\/blog.saocamilo-sp.br\/#organization"},"image":{"@id":"https:\/\/blog.saocamilo-sp.br\/index.php\/2023\/05\/08\/saude-mental-trabalhadores-medicos-na-area-de-saude\/#primaryimage"},"thumbnailUrl":"https:\/\/blog.saocamilo-sp.br\/wp-content\/uploads\/2023\/05\/B28.png","keywords":["Artigo Cient\u00edfico","Medicina"],"articleSection":["Medicina"],"inLanguage":"pt-BR","potentialAction":[{"@type":"CommentAction","name":"Comment","target":["https:\/\/blog.saocamilo-sp.br\/index.php\/2023\/05\/08\/saude-mental-trabalhadores-medicos-na-area-de-saude\/#respond"]}]},{"@type":"WebPage","@id":"https:\/\/blog.saocamilo-sp.br\/index.php\/2023\/05\/08\/saude-mental-trabalhadores-medicos-na-area-de-saude\/","url":"https:\/\/blog.saocamilo-sp.br\/index.php\/2023\/05\/08\/saude-mental-trabalhadores-medicos-na-area-de-saude\/","name":"Sa\u00fade mental em m\u00e9dicos: vira tema de pesquisa de docente e discente","isPartOf":{"@id":"https:\/\/blog.saocamilo-sp.br\/#website"},"primaryImageOfPage":{"@id":"https:\/\/blog.saocamilo-sp.br\/index.php\/2023\/05\/08\/saude-mental-trabalhadores-medicos-na-area-de-saude\/#primaryimage"},"image":{"@id":"https:\/\/blog.saocamilo-sp.br\/index.php\/2023\/05\/08\/saude-mental-trabalhadores-medicos-na-area-de-saude\/#primaryimage"},"thumbnailUrl":"https:\/\/blog.saocamilo-sp.br\/wp-content\/uploads\/2023\/05\/B28.png","datePublished":"2023-05-08T17:58:52+00:00","dateModified":"2023-05-25T21:00:15+00:00","description":"O objetivo foi compreender a sa\u00fade mental entre os trabalhadores m\u00e9dicos na sa\u00fade durante a pandemia de COVID-19","breadcrumb":{"@id":"https:\/\/blog.saocamilo-sp.br\/index.php\/2023\/05\/08\/saude-mental-trabalhadores-medicos-na-area-de-saude\/#breadcrumb"},"inLanguage":"pt-BR","potentialAction":[{"@type":"ReadAction","target":["https:\/\/blog.saocamilo-sp.br\/index.php\/2023\/05\/08\/saude-mental-trabalhadores-medicos-na-area-de-saude\/"]}]},{"@type":"ImageObject","inLanguage":"pt-BR","@id":"https:\/\/blog.saocamilo-sp.br\/index.php\/2023\/05\/08\/saude-mental-trabalhadores-medicos-na-area-de-saude\/#primaryimage","url":"https:\/\/blog.saocamilo-sp.br\/wp-content\/uploads\/2023\/05\/B28.png","contentUrl":"https:\/\/blog.saocamilo-sp.br\/wp-content\/uploads\/2023\/05\/B28.png","width":799,"height":538,"caption":"Sa\u00fade mental de trabalhadores m\u00e9dicos \u00e9 tema de pesquisa de docente e discente"},{"@type":"BreadcrumbList","@id":"https:\/\/blog.saocamilo-sp.br\/index.php\/2023\/05\/08\/saude-mental-trabalhadores-medicos-na-area-de-saude\/#breadcrumb","itemListElement":[{"@type":"ListItem","position":1,"name":"In\u00edcio","item":"https:\/\/blog.saocamilo-sp.br\/"},{"@type":"ListItem","position":2,"name":"Sa\u00fade mental em m\u00e9dicos: vira tema de pesquisa de docente e discente"}]},{"@type":"WebSite","@id":"https:\/\/blog.saocamilo-sp.br\/#website","url":"https:\/\/blog.saocamilo-sp.br\/","name":"Blog S\u00e3o Camilo","description":"Blog do Centro Universit\u00e1rio S\u00e3o Camilo","publisher":{"@id":"https:\/\/blog.saocamilo-sp.br\/#organization"},"potentialAction":[{"@type":"SearchAction","target":{"@type":"EntryPoint","urlTemplate":"https:\/\/blog.saocamilo-sp.br\/?s={search_term_string}"},"query-input":{"@type":"PropertyValueSpecification","valueRequired":true,"valueName":"search_term_string"}}],"inLanguage":"pt-BR"},{"@type":"Organization","@id":"https:\/\/blog.saocamilo-sp.br\/#organization","name":"Blog S\u00e3o Camilo","url":"https:\/\/blog.saocamilo-sp.br\/","logo":{"@type":"ImageObject","inLanguage":"pt-BR","@id":"https:\/\/blog.saocamilo-sp.br\/#\/schema\/logo\/image\/","url":"https:\/\/blog.saocamilo-sp.br\/wp-content\/uploads\/2021\/12\/cropped-vazio-logo-topo.png","contentUrl":"https:\/\/blog.saocamilo-sp.br\/wp-content\/uploads\/2021\/12\/cropped-vazio-logo-topo.png","width":320,"height":240,"caption":"Blog S\u00e3o Camilo"},"image":{"@id":"https:\/\/blog.saocamilo-sp.br\/#\/schema\/logo\/image\/"},"sameAs":["https:\/\/www.facebook.com\/saocamilosp","https:\/\/x.com\/saocamilosp","https:\/\/www.linkedin.com\/school\/centro-universit-rio-s-o-camilo\/"]},{"@type":"Person","@id":"https:\/\/blog.saocamilo-sp.br\/#\/schema\/person\/1a99645faaab0bb55105f817e866e19b","name":"Leandro Lafr\u00e1gola","image":{"@type":"ImageObject","inLanguage":"pt-BR","@id":"https:\/\/secure.gravatar.com\/avatar\/ec4232fb8d50d80f1c672353dc4c2876490e6a0a2a33d6572c0ba1fb78f115cf?s=96&d=mm&r=g","url":"https:\/\/secure.gravatar.com\/avatar\/ec4232fb8d50d80f1c672353dc4c2876490e6a0a2a33d6572c0ba1fb78f115cf?s=96&d=mm&r=g","contentUrl":"https:\/\/secure.gravatar.com\/avatar\/ec4232fb8d50d80f1c672353dc4c2876490e6a0a2a33d6572c0ba1fb78f115cf?s=96&d=mm&r=g","caption":"Leandro Lafr\u00e1gola"},"url":"https:\/\/blog.saocamilo-sp.br\/index.php\/author\/llafragola\/"}]}},"_links":{"self":[{"href":"https:\/\/blog.saocamilo-sp.br\/index.php\/wp-json\/wp\/v2\/posts\/1024","targetHints":{"allow":["GET"]}}],"collection":[{"href":"https:\/\/blog.saocamilo-sp.br\/index.php\/wp-json\/wp\/v2\/posts"}],"about":[{"href":"https:\/\/blog.saocamilo-sp.br\/index.php\/wp-json\/wp\/v2\/types\/post"}],"author":[{"embeddable":true,"href":"https:\/\/blog.saocamilo-sp.br\/index.php\/wp-json\/wp\/v2\/users\/13"}],"replies":[{"embeddable":true,"href":"https:\/\/blog.saocamilo-sp.br\/index.php\/wp-json\/wp\/v2\/comments?post=1024"}],"version-history":[{"count":6,"href":"https:\/\/blog.saocamilo-sp.br\/index.php\/wp-json\/wp\/v2\/posts\/1024\/revisions"}],"predecessor-version":[{"id":1183,"href":"https:\/\/blog.saocamilo-sp.br\/index.php\/wp-json\/wp\/v2\/posts\/1024\/revisions\/1183"}],"wp:featuredmedia":[{"embeddable":true,"href":"https:\/\/blog.saocamilo-sp.br\/index.php\/wp-json\/wp\/v2\/media\/1025"}],"wp:attachment":[{"href":"https:\/\/blog.saocamilo-sp.br\/index.php\/wp-json\/wp\/v2\/media?parent=1024"}],"wp:term":[{"taxonomy":"category","embeddable":true,"href":"https:\/\/blog.saocamilo-sp.br\/index.php\/wp-json\/wp\/v2\/categories?post=1024"},{"taxonomy":"post_tag","embeddable":true,"href":"https:\/\/blog.saocamilo-sp.br\/index.php\/wp-json\/wp\/v2\/tags?post=1024"}],"curies":[{"name":"wp","href":"https:\/\/api.w.org\/{rel}","templated":true}]}}