{"id":1030,"date":"2023-05-10T11:28:10","date_gmt":"2023-05-10T14:28:10","guid":{"rendered":"https:\/\/blog.saocamilo-sp.br\/?p=1030"},"modified":"2023-05-10T11:48:26","modified_gmt":"2023-05-10T14:48:26","slug":"pe-joao-batista-participa-do-v-encontro-internacional-de-reitores-universia","status":"publish","type":"post","link":"https:\/\/blog.saocamilo-sp.br\/index.php\/2023\/05\/10\/pe-joao-batista-participa-do-v-encontro-internacional-de-reitores-universia\/","title":{"rendered":"Pe. Jo\u00e3o Batista participa do V Encontro Internacional de Reitores Universia em Val\u00eancia"},"content":{"rendered":"\n<p>O Pe. Jo\u00e3o Batista Gomes de Lima, reitor do <strong><a href=\"https:\/\/saocamilo-sp.br\/\">Centro Universit\u00e1rio S\u00e3o Camilo<\/a><\/strong>, marcou presen\u00e7a no <strong>V Encontro Internacional de Reitores Universia<\/strong>, realizado em Val\u00eancia, na Espanha. <\/p>\n\n\n\n<h2 class=\"wp-block-heading\">Sobre o V Encontro Internacional de Reitores Universia<\/h2>\n\n\n\n<p>Com o tema &#8220;Universidade e Sociedade&#8221;, o evento contou com a participa\u00e7\u00e3o de 700 l\u00edderes universit\u00e1rios de todo o mundo e focou em tr\u00eas principais eixos: aprendizagem cont\u00ednua, empreendedorismo e inova\u00e7\u00e3o, e redes e interconex\u00e3o entre universidades.<\/p>\n\n\n\n<p>O objetivo principal do evento foi fortalecer a colabora\u00e7\u00e3o e coopera\u00e7\u00e3o entre institui\u00e7\u00f5es de ensino superior, al\u00e9m de discutir o papel delas dentro desse cen\u00e1rio.<\/p>\n\n\n\n<h2 class=\"wp-block-heading\">A participa\u00e7\u00e3o do Centro Universit\u00e1rio S\u00e3o Camilo no encontro internacional de reitores<\/h2>\n\n\n\n<p>O Centro Universit\u00e1rio S\u00e3o Camilo reafirma seu compromisso com a excel\u00eancia acad\u00eamica, o desenvolvimento sustent\u00e1vel e a inclus\u00e3o social por meio da participa\u00e7\u00e3o de seu Reitor em eventos internacionais como o V Encontro Internacional de Reitores Universia. Essa busca constante por inova\u00e7\u00e3o e perspectivas globais \u00e9 fundamental para aprimorar a qualidade do ensino e contribuir com a forma\u00e7\u00e3o de profissionais capazes de atuar em um mundo cada vez mais complexo e interconectado. A Institui\u00e7\u00e3o reitera seu comprometimento em formar cidad\u00e3os \u00e9ticos, respons\u00e1veis e comprometidos com a constru\u00e7\u00e3o de uma sociedade mais justa e sustent\u00e1vel.<\/p>\n\n\n\n<p>Parabenizamos a Reitoria pela iniciativa de buscar perspectivas inovadoras em t\u00f3picos globais e nos orgulhamos em ter uma lideran\u00e7a comprometida com a educa\u00e7\u00e3o de excel\u00eancia e o impacto positivo na sociedade.<\/p>\n","protected":false},"excerpt":{"rendered":"<p>O Pe. Jo\u00e3o Batista Gomes de Lima, reitor do Centro Universit\u00e1rio S\u00e3o Camilo, marcou presen\u00e7a no V Encontro Internacional de Reitores Universia, em Val\u00eancia, Espanha. <\/p>\n","protected":false},"author":13,"featured_media":1031,"comment_status":"open","ping_status":"open","sticky":false,"template":"","format":"standard","meta":{"cybocfi_hide_featured_image":"yes","footnotes":""},"categories":[70,73],"tags":[72],"class_list":["post-1030","post","type-post","status-publish","format-standard","has-post-thumbnail","hentry","category-internacional","category-reitoria","tag-internacional"],"yoast_head":"<!-- This site is optimized with the Yoast SEO plugin v27.4 - https:\/\/yoast.com\/product\/yoast-seo-wordpress\/ -->\n<title>Pe. Jo\u00e3o Batista participa do V Encontro Internacional de Reitores Universia em Val\u00eancia - Blog S\u00e3o Camilo<\/title>\n<meta name=\"description\" content=\"Reitor do Centro Universit\u00e1rio S\u00e3o Camilo, marcou presen\u00e7a no V Encontro Internacional de Reitores Universia, realizado em Val\u00eancia, na Espanha.\" \/>\n<meta name=\"robots\" content=\"index, follow, max-snippet:-1, max-image-preview:large, max-video-preview:-1\" \/>\n<link rel=\"canonical\" href=\"https:\/\/blog.saocamilo-sp.br\/index.php\/2023\/05\/10\/pe-joao-batista-participa-do-v-encontro-internacional-de-reitores-universia\/\" \/>\n<meta property=\"og:locale\" content=\"pt_BR\" \/>\n<meta property=\"og:type\" content=\"article\" \/>\n<meta property=\"og:title\" content=\"Pe. Jo\u00e3o Batista participa do V Encontro Internacional de Reitores Universia em Val\u00eancia - Blog S\u00e3o Camilo\" \/>\n<meta property=\"og:description\" content=\"Reitor do Centro Universit\u00e1rio S\u00e3o Camilo, marcou presen\u00e7a no V Encontro Internacional de Reitores Universia, realizado em Val\u00eancia, na Espanha.\" \/>\n<meta property=\"og:url\" content=\"https:\/\/blog.saocamilo-sp.br\/index.php\/2023\/05\/10\/pe-joao-batista-participa-do-v-encontro-internacional-de-reitores-universia\/\" \/>\n<meta property=\"og:site_name\" content=\"Blog S\u00e3o Camilo\" \/>\n<meta property=\"article:publisher\" content=\"https:\/\/www.facebook.com\/saocamilosp\" \/>\n<meta property=\"article:published_time\" content=\"2023-05-10T14:28:10+00:00\" \/>\n<meta property=\"article:modified_time\" content=\"2023-05-10T14:48:26+00:00\" \/>\n<meta property=\"og:image\" content=\"https:\/\/blog.saocamilo-sp.br\/wp-content\/uploads\/2023\/05\/Reitor_Universia.png\" \/>\n\t<meta property=\"og:image:width\" content=\"799\" \/>\n\t<meta property=\"og:image:height\" content=\"538\" \/>\n\t<meta property=\"og:image:type\" content=\"image\/png\" \/>\n<meta name=\"author\" content=\"Leandro Lafr\u00e1gola\" \/>\n<meta name=\"twitter:card\" content=\"summary_large_image\" \/>\n<meta name=\"twitter:creator\" content=\"@saocamilosp\" \/>\n<meta name=\"twitter:site\" content=\"@saocamilosp\" \/>\n<meta name=\"twitter:label1\" content=\"Escrito por\" \/>\n\t<meta name=\"twitter:data1\" content=\"Leandro Lafr\u00e1gola\" \/>\n\t<meta name=\"twitter:label2\" content=\"Est. tempo de leitura\" \/>\n\t<meta name=\"twitter:data2\" content=\"2 minutos\" \/>\n<script type=\"application\/ld+json\" class=\"yoast-schema-graph\">{\"@context\":\"https:\\\/\\\/schema.org\",\"@graph\":[{\"@type\":\"Article\",\"@id\":\"https:\\\/\\\/blog.saocamilo-sp.br\\\/index.php\\\/2023\\\/05\\\/10\\\/pe-joao-batista-participa-do-v-encontro-internacional-de-reitores-universia\\\/#article\",\"isPartOf\":{\"@id\":\"https:\\\/\\\/blog.saocamilo-sp.br\\\/index.php\\\/2023\\\/05\\\/10\\\/pe-joao-batista-participa-do-v-encontro-internacional-de-reitores-universia\\\/\"},\"author\":{\"name\":\"Leandro Lafr\u00e1gola\",\"@id\":\"https:\\\/\\\/blog.saocamilo-sp.br\\\/#\\\/schema\\\/person\\\/1a99645faaab0bb55105f817e866e19b\"},\"headline\":\"Pe. Jo\u00e3o Batista participa do V Encontro Internacional de Reitores Universia em Val\u00eancia\",\"datePublished\":\"2023-05-10T14:28:10+00:00\",\"dateModified\":\"2023-05-10T14:48:26+00:00\",\"mainEntityOfPage\":{\"@id\":\"https:\\\/\\\/blog.saocamilo-sp.br\\\/index.php\\\/2023\\\/05\\\/10\\\/pe-joao-batista-participa-do-v-encontro-internacional-de-reitores-universia\\\/\"},\"wordCount\":285,\"commentCount\":0,\"publisher\":{\"@id\":\"https:\\\/\\\/blog.saocamilo-sp.br\\\/#organization\"},\"image\":{\"@id\":\"https:\\\/\\\/blog.saocamilo-sp.br\\\/index.php\\\/2023\\\/05\\\/10\\\/pe-joao-batista-participa-do-v-encontro-internacional-de-reitores-universia\\\/#primaryimage\"},\"thumbnailUrl\":\"https:\\\/\\\/blog.saocamilo-sp.br\\\/wp-content\\\/uploads\\\/2023\\\/05\\\/Reitor_Universia.png\",\"keywords\":[\"internacional\"],\"articleSection\":[\"Internacional\",\"Reitoria\"],\"inLanguage\":\"pt-BR\",\"potentialAction\":[{\"@type\":\"CommentAction\",\"name\":\"Comment\",\"target\":[\"https:\\\/\\\/blog.saocamilo-sp.br\\\/index.php\\\/2023\\\/05\\\/10\\\/pe-joao-batista-participa-do-v-encontro-internacional-de-reitores-universia\\\/#respond\"]}]},{\"@type\":\"WebPage\",\"@id\":\"https:\\\/\\\/blog.saocamilo-sp.br\\\/index.php\\\/2023\\\/05\\\/10\\\/pe-joao-batista-participa-do-v-encontro-internacional-de-reitores-universia\\\/\",\"url\":\"https:\\\/\\\/blog.saocamilo-sp.br\\\/index.php\\\/2023\\\/05\\\/10\\\/pe-joao-batista-participa-do-v-encontro-internacional-de-reitores-universia\\\/\",\"name\":\"Pe. Jo\u00e3o Batista participa do V Encontro Internacional de Reitores Universia em Val\u00eancia - Blog S\u00e3o Camilo\",\"isPartOf\":{\"@id\":\"https:\\\/\\\/blog.saocamilo-sp.br\\\/#website\"},\"primaryImageOfPage\":{\"@id\":\"https:\\\/\\\/blog.saocamilo-sp.br\\\/index.php\\\/2023\\\/05\\\/10\\\/pe-joao-batista-participa-do-v-encontro-internacional-de-reitores-universia\\\/#primaryimage\"},\"image\":{\"@id\":\"https:\\\/\\\/blog.saocamilo-sp.br\\\/index.php\\\/2023\\\/05\\\/10\\\/pe-joao-batista-participa-do-v-encontro-internacional-de-reitores-universia\\\/#primaryimage\"},\"thumbnailUrl\":\"https:\\\/\\\/blog.saocamilo-sp.br\\\/wp-content\\\/uploads\\\/2023\\\/05\\\/Reitor_Universia.png\",\"datePublished\":\"2023-05-10T14:28:10+00:00\",\"dateModified\":\"2023-05-10T14:48:26+00:00\",\"description\":\"Reitor do Centro Universit\u00e1rio S\u00e3o Camilo, marcou presen\u00e7a no V Encontro Internacional de Reitores Universia, realizado em Val\u00eancia, na Espanha.\",\"breadcrumb\":{\"@id\":\"https:\\\/\\\/blog.saocamilo-sp.br\\\/index.php\\\/2023\\\/05\\\/10\\\/pe-joao-batista-participa-do-v-encontro-internacional-de-reitores-universia\\\/#breadcrumb\"},\"inLanguage\":\"pt-BR\",\"potentialAction\":[{\"@type\":\"ReadAction\",\"target\":[\"https:\\\/\\\/blog.saocamilo-sp.br\\\/index.php\\\/2023\\\/05\\\/10\\\/pe-joao-batista-participa-do-v-encontro-internacional-de-reitores-universia\\\/\"]}]},{\"@type\":\"BreadcrumbList\",\"@id\":\"https:\\\/\\\/blog.saocamilo-sp.br\\\/index.php\\\/2023\\\/05\\\/10\\\/pe-joao-batista-participa-do-v-encontro-internacional-de-reitores-universia\\\/#breadcrumb\",\"itemListElement\":[{\"@type\":\"ListItem\",\"position\":1,\"name\":\"In\u00edcio\",\"item\":\"https:\\\/\\\/blog.saocamilo-sp.br\\\/\"},{\"@type\":\"ListItem\",\"position\":2,\"name\":\"Pe. Jo\u00e3o Batista participa do V Encontro Internacional de Reitores Universia em Val\u00eancia\"}]},{\"@type\":\"WebSite\",\"@id\":\"https:\\\/\\\/blog.saocamilo-sp.br\\\/#website\",\"url\":\"https:\\\/\\\/blog.saocamilo-sp.br\\\/\",\"name\":\"Blog S\u00e3o Camilo\",\"description\":\"Blog do Centro Universit\u00e1rio S\u00e3o Camilo\",\"publisher\":{\"@id\":\"https:\\\/\\\/blog.saocamilo-sp.br\\\/#organization\"},\"potentialAction\":[{\"@type\":\"SearchAction\",\"target\":{\"@type\":\"EntryPoint\",\"urlTemplate\":\"https:\\\/\\\/blog.saocamilo-sp.br\\\/?s={search_term_string}\"},\"query-input\":{\"@type\":\"PropertyValueSpecification\",\"valueRequired\":true,\"valueName\":\"search_term_string\"}}],\"inLanguage\":\"pt-BR\"},{\"@type\":\"Organization\",\"@id\":\"https:\\\/\\\/blog.saocamilo-sp.br\\\/#organization\",\"name\":\"Blog S\u00e3o Camilo\",\"url\":\"https:\\\/\\\/blog.saocamilo-sp.br\\\/\",\"logo\":{\"@type\":\"ImageObject\",\"inLanguage\":\"pt-BR\",\"@id\":\"https:\\\/\\\/blog.saocamilo-sp.br\\\/#\\\/schema\\\/logo\\\/image\\\/\",\"url\":\"https:\\\/\\\/blog.saocamilo-sp.br\\\/wp-content\\\/uploads\\\/2021\\\/12\\\/cropped-vazio-logo-topo.png\",\"contentUrl\":\"https:\\\/\\\/blog.saocamilo-sp.br\\\/wp-content\\\/uploads\\\/2021\\\/12\\\/cropped-vazio-logo-topo.png\",\"width\":320,\"height\":240,\"caption\":\"Blog S\u00e3o Camilo\"},\"image\":{\"@id\":\"https:\\\/\\\/blog.saocamilo-sp.br\\\/#\\\/schema\\\/logo\\\/image\\\/\"},\"sameAs\":[\"https:\\\/\\\/www.facebook.com\\\/saocamilosp\",\"https:\\\/\\\/x.com\\\/saocamilosp\",\"https:\\\/\\\/www.linkedin.com\\\/school\\\/centro-universit-rio-s-o-camilo\\\/\"]},{\"@type\":\"Person\",\"@id\":\"https:\\\/\\\/blog.saocamilo-sp.br\\\/#\\\/schema\\\/person\\\/1a99645faaab0bb55105f817e866e19b\",\"name\":\"Leandro Lafr\u00e1gola\",\"image\":{\"@type\":\"ImageObject\",\"inLanguage\":\"pt-BR\",\"@id\":\"https:\\\/\\\/secure.gravatar.com\\\/avatar\\\/ec4232fb8d50d80f1c672353dc4c2876490e6a0a2a33d6572c0ba1fb78f115cf?s=96&d=mm&r=g\",\"url\":\"https:\\\/\\\/secure.gravatar.com\\\/avatar\\\/ec4232fb8d50d80f1c672353dc4c2876490e6a0a2a33d6572c0ba1fb78f115cf?s=96&d=mm&r=g\",\"contentUrl\":\"https:\\\/\\\/secure.gravatar.com\\\/avatar\\\/ec4232fb8d50d80f1c672353dc4c2876490e6a0a2a33d6572c0ba1fb78f115cf?s=96&d=mm&r=g\",\"caption\":\"Leandro Lafr\u00e1gola\"},\"url\":\"https:\\\/\\\/blog.saocamilo-sp.br\\\/index.php\\\/author\\\/llafragola\\\/\"}]}<\/script>\n<!-- \/ Yoast SEO plugin. -->","yoast_head_json":{"title":"Pe. Jo\u00e3o Batista participa do V Encontro Internacional de Reitores Universia em Val\u00eancia - Blog S\u00e3o Camilo","description":"Reitor do Centro Universit\u00e1rio S\u00e3o Camilo, marcou presen\u00e7a no V Encontro Internacional de Reitores Universia, realizado em Val\u00eancia, na Espanha.","robots":{"index":"index","follow":"follow","max-snippet":"max-snippet:-1","max-image-preview":"max-image-preview:large","max-video-preview":"max-video-preview:-1"},"canonical":"https:\/\/blog.saocamilo-sp.br\/index.php\/2023\/05\/10\/pe-joao-batista-participa-do-v-encontro-internacional-de-reitores-universia\/","og_locale":"pt_BR","og_type":"article","og_title":"Pe. Jo\u00e3o Batista participa do V Encontro Internacional de Reitores Universia em Val\u00eancia - Blog S\u00e3o Camilo","og_description":"Reitor do Centro Universit\u00e1rio S\u00e3o Camilo, marcou presen\u00e7a no V Encontro Internacional de Reitores Universia, realizado em Val\u00eancia, na Espanha.","og_url":"https:\/\/blog.saocamilo-sp.br\/index.php\/2023\/05\/10\/pe-joao-batista-participa-do-v-encontro-internacional-de-reitores-universia\/","og_site_name":"Blog S\u00e3o Camilo","article_publisher":"https:\/\/www.facebook.com\/saocamilosp","article_published_time":"2023-05-10T14:28:10+00:00","article_modified_time":"2023-05-10T14:48:26+00:00","og_image":[{"width":799,"height":538,"url":"https:\/\/blog.saocamilo-sp.br\/wp-content\/uploads\/2023\/05\/Reitor_Universia.png","type":"image\/png"}],"author":"Leandro Lafr\u00e1gola","twitter_card":"summary_large_image","twitter_creator":"@saocamilosp","twitter_site":"@saocamilosp","twitter_misc":{"Escrito por":"Leandro Lafr\u00e1gola","Est. tempo de leitura":"2 minutos"},"schema":{"@context":"https:\/\/schema.org","@graph":[{"@type":"Article","@id":"https:\/\/blog.saocamilo-sp.br\/index.php\/2023\/05\/10\/pe-joao-batista-participa-do-v-encontro-internacional-de-reitores-universia\/#article","isPartOf":{"@id":"https:\/\/blog.saocamilo-sp.br\/index.php\/2023\/05\/10\/pe-joao-batista-participa-do-v-encontro-internacional-de-reitores-universia\/"},"author":{"name":"Leandro Lafr\u00e1gola","@id":"https:\/\/blog.saocamilo-sp.br\/#\/schema\/person\/1a99645faaab0bb55105f817e866e19b"},"headline":"Pe. Jo\u00e3o Batista participa do V Encontro Internacional de Reitores Universia em Val\u00eancia","datePublished":"2023-05-10T14:28:10+00:00","dateModified":"2023-05-10T14:48:26+00:00","mainEntityOfPage":{"@id":"https:\/\/blog.saocamilo-sp.br\/index.php\/2023\/05\/10\/pe-joao-batista-participa-do-v-encontro-internacional-de-reitores-universia\/"},"wordCount":285,"commentCount":0,"publisher":{"@id":"https:\/\/blog.saocamilo-sp.br\/#organization"},"image":{"@id":"https:\/\/blog.saocamilo-sp.br\/index.php\/2023\/05\/10\/pe-joao-batista-participa-do-v-encontro-internacional-de-reitores-universia\/#primaryimage"},"thumbnailUrl":"https:\/\/blog.saocamilo-sp.br\/wp-content\/uploads\/2023\/05\/Reitor_Universia.png","keywords":["internacional"],"articleSection":["Internacional","Reitoria"],"inLanguage":"pt-BR","potentialAction":[{"@type":"CommentAction","name":"Comment","target":["https:\/\/blog.saocamilo-sp.br\/index.php\/2023\/05\/10\/pe-joao-batista-participa-do-v-encontro-internacional-de-reitores-universia\/#respond"]}]},{"@type":"WebPage","@id":"https:\/\/blog.saocamilo-sp.br\/index.php\/2023\/05\/10\/pe-joao-batista-participa-do-v-encontro-internacional-de-reitores-universia\/","url":"https:\/\/blog.saocamilo-sp.br\/index.php\/2023\/05\/10\/pe-joao-batista-participa-do-v-encontro-internacional-de-reitores-universia\/","name":"Pe. Jo\u00e3o Batista participa do V Encontro Internacional de Reitores Universia em Val\u00eancia - Blog S\u00e3o Camilo","isPartOf":{"@id":"https:\/\/blog.saocamilo-sp.br\/#website"},"primaryImageOfPage":{"@id":"https:\/\/blog.saocamilo-sp.br\/index.php\/2023\/05\/10\/pe-joao-batista-participa-do-v-encontro-internacional-de-reitores-universia\/#primaryimage"},"image":{"@id":"https:\/\/blog.saocamilo-sp.br\/index.php\/2023\/05\/10\/pe-joao-batista-participa-do-v-encontro-internacional-de-reitores-universia\/#primaryimage"},"thumbnailUrl":"https:\/\/blog.saocamilo-sp.br\/wp-content\/uploads\/2023\/05\/Reitor_Universia.png","datePublished":"2023-05-10T14:28:10+00:00","dateModified":"2023-05-10T14:48:26+00:00","description":"Reitor do Centro Universit\u00e1rio S\u00e3o Camilo, marcou presen\u00e7a no V Encontro Internacional de Reitores Universia, realizado em Val\u00eancia, na Espanha.","breadcrumb":{"@id":"https:\/\/blog.saocamilo-sp.br\/index.php\/2023\/05\/10\/pe-joao-batista-participa-do-v-encontro-internacional-de-reitores-universia\/#breadcrumb"},"inLanguage":"pt-BR","potentialAction":[{"@type":"ReadAction","target":["https:\/\/blog.saocamilo-sp.br\/index.php\/2023\/05\/10\/pe-joao-batista-participa-do-v-encontro-internacional-de-reitores-universia\/"]}]},{"@type":"BreadcrumbList","@id":"https:\/\/blog.saocamilo-sp.br\/index.php\/2023\/05\/10\/pe-joao-batista-participa-do-v-encontro-internacional-de-reitores-universia\/#breadcrumb","itemListElement":[{"@type":"ListItem","position":1,"name":"In\u00edcio","item":"https:\/\/blog.saocamilo-sp.br\/"},{"@type":"ListItem","position":2,"name":"Pe. Jo\u00e3o Batista participa do V Encontro Internacional de Reitores Universia em Val\u00eancia"}]},{"@type":"WebSite","@id":"https:\/\/blog.saocamilo-sp.br\/#website","url":"https:\/\/blog.saocamilo-sp.br\/","name":"Blog S\u00e3o Camilo","description":"Blog do Centro Universit\u00e1rio S\u00e3o Camilo","publisher":{"@id":"https:\/\/blog.saocamilo-sp.br\/#organization"},"potentialAction":[{"@type":"SearchAction","target":{"@type":"EntryPoint","urlTemplate":"https:\/\/blog.saocamilo-sp.br\/?s={search_term_string}"},"query-input":{"@type":"PropertyValueSpecification","valueRequired":true,"valueName":"search_term_string"}}],"inLanguage":"pt-BR"},{"@type":"Organization","@id":"https:\/\/blog.saocamilo-sp.br\/#organization","name":"Blog S\u00e3o Camilo","url":"https:\/\/blog.saocamilo-sp.br\/","logo":{"@type":"ImageObject","inLanguage":"pt-BR","@id":"https:\/\/blog.saocamilo-sp.br\/#\/schema\/logo\/image\/","url":"https:\/\/blog.saocamilo-sp.br\/wp-content\/uploads\/2021\/12\/cropped-vazio-logo-topo.png","contentUrl":"https:\/\/blog.saocamilo-sp.br\/wp-content\/uploads\/2021\/12\/cropped-vazio-logo-topo.png","width":320,"height":240,"caption":"Blog S\u00e3o Camilo"},"image":{"@id":"https:\/\/blog.saocamilo-sp.br\/#\/schema\/logo\/image\/"},"sameAs":["https:\/\/www.facebook.com\/saocamilosp","https:\/\/x.com\/saocamilosp","https:\/\/www.linkedin.com\/school\/centro-universit-rio-s-o-camilo\/"]},{"@type":"Person","@id":"https:\/\/blog.saocamilo-sp.br\/#\/schema\/person\/1a99645faaab0bb55105f817e866e19b","name":"Leandro Lafr\u00e1gola","image":{"@type":"ImageObject","inLanguage":"pt-BR","@id":"https:\/\/secure.gravatar.com\/avatar\/ec4232fb8d50d80f1c672353dc4c2876490e6a0a2a33d6572c0ba1fb78f115cf?s=96&d=mm&r=g","url":"https:\/\/secure.gravatar.com\/avatar\/ec4232fb8d50d80f1c672353dc4c2876490e6a0a2a33d6572c0ba1fb78f115cf?s=96&d=mm&r=g","contentUrl":"https:\/\/secure.gravatar.com\/avatar\/ec4232fb8d50d80f1c672353dc4c2876490e6a0a2a33d6572c0ba1fb78f115cf?s=96&d=mm&r=g","caption":"Leandro Lafr\u00e1gola"},"url":"https:\/\/blog.saocamilo-sp.br\/index.php\/author\/llafragola\/"}]}},"_links":{"self":[{"href":"https:\/\/blog.saocamilo-sp.br\/index.php\/wp-json\/wp\/v2\/posts\/1030","targetHints":{"allow":["GET"]}}],"collection":[{"href":"https:\/\/blog.saocamilo-sp.br\/index.php\/wp-json\/wp\/v2\/posts"}],"about":[{"href":"https:\/\/blog.saocamilo-sp.br\/index.php\/wp-json\/wp\/v2\/types\/post"}],"author":[{"embeddable":true,"href":"https:\/\/blog.saocamilo-sp.br\/index.php\/wp-json\/wp\/v2\/users\/13"}],"replies":[{"embeddable":true,"href":"https:\/\/blog.saocamilo-sp.br\/index.php\/wp-json\/wp\/v2\/comments?post=1030"}],"version-history":[{"count":4,"href":"https:\/\/blog.saocamilo-sp.br\/index.php\/wp-json\/wp\/v2\/posts\/1030\/revisions"}],"predecessor-version":[{"id":1036,"href":"https:\/\/blog.saocamilo-sp.br\/index.php\/wp-json\/wp\/v2\/posts\/1030\/revisions\/1036"}],"wp:featuredmedia":[{"embeddable":true,"href":"https:\/\/blog.saocamilo-sp.br\/index.php\/wp-json\/wp\/v2\/media\/1031"}],"wp:attachment":[{"href":"https:\/\/blog.saocamilo-sp.br\/index.php\/wp-json\/wp\/v2\/media?parent=1030"}],"wp:term":[{"taxonomy":"category","embeddable":true,"href":"https:\/\/blog.saocamilo-sp.br\/index.php\/wp-json\/wp\/v2\/categories?post=1030"},{"taxonomy":"post_tag","embeddable":true,"href":"https:\/\/blog.saocamilo-sp.br\/index.php\/wp-json\/wp\/v2\/tags?post=1030"}],"curies":[{"name":"wp","href":"https:\/\/api.w.org\/{rel}","templated":true}]}}