{"id":1039,"date":"2023-05-19T11:31:37","date_gmt":"2023-05-19T14:31:37","guid":{"rendered":"https:\/\/blog.saocamilo-sp.br\/?p=1039"},"modified":"2023-06-07T10:38:08","modified_gmt":"2023-06-07T13:38:08","slug":"profissao-de-pedagogo-curiosidades-profissao","status":"publish","type":"post","link":"https:\/\/blog.saocamilo-sp.br\/index.php\/2023\/05\/19\/profissao-de-pedagogo-curiosidades-profissao\/","title":{"rendered":"Pedagogo: confira cinco curiosidades sobre esta profiss\u00e3o"},"content":{"rendered":"\n<p>No Dia do Pedagogo (20\/05), queremos expressar nossa admira\u00e7\u00e3o a dedica\u00e7\u00e3o, o profissionalismo, o comprometimento e o amor demonstrados  a todos aqueles que escolheram a profiss\u00e3o de pedagogo, dedicando-se incansavelmente \u00e0 educa\u00e7\u00e3o e ao desenvolvimento do ser humano por meio desse campo. <\/p>\n\n\n\n<p>Parab\u00e9ns a todos os profissionais na forma\u00e7\u00e3o de nossas futuras gera\u00e7\u00f5es.<\/p>\n\n\n\n<h2 class=\"wp-block-heading\">Saiba mais sobre a carreira de um pedagogo<\/h2>\n\n\n\n<p><strong>1)<\/strong> Uma das principais tarefas da profiss\u00e3o  \u00e9 ajudar os estudantes a desenvolverem habilidades sociais e emocionais, al\u00e9m de conhecimentos acad\u00eamicos. Eles trabalham para criar um ambiente seguro e positivo de aprendizado, no qual os estudantes se sintam apoiados e encorajados em seu percurso formativo.<br><br><strong>2) <\/strong>Pedagogos podem trabalhar em uma variedade de ambientes, incluindo escolas, organiza\u00e7\u00f5es sem fins lucrativos, empresas e at\u00e9 mesmo no governo. Podem desempenhar pap\u00e9is diferentes em cada um desses ambientes, desde treinamento de colaboradores at\u00e9 a cria\u00e7\u00e3o de programas educacionais para comunidades carentes.<br><br><strong>3)<\/strong> Um dos ramos da profiss\u00e3o de pedagogo que tem ganhado destaque nos \u00faltimos anos \u00e9 a pedagogia hospitalar. Com isso, atuam em hospitais e cl\u00ednicas, onde desenvolvem planos de aprendizado personalizados, com o intuito de auxiliar as crian\u00e7as a se manterem ativas durante sua perman\u00eancia no hospital.<br><br><strong>4) <\/strong>\u00c9 importante mencionar que pedagogos t\u00eam a possibilidade de se especializar em diversas \u00e1reas, tais como educa\u00e7\u00e3o infantil, anos iniciais do ensino fundamental, educa\u00e7\u00e3o de jovens e adultos, educa\u00e7\u00e3o inclusiva, tecnologia educacional, entre outras. Em cada uma dessas \u00e1reas espec\u00edficas, existem habilidades e t\u00e9cnicas particulares que desempenham um papel fundamental em auxiliar os estudantes em seu aprendizado integral.<\/p>\n\n\n\n<p>Por fim, o curso de <a href=\"https:\/\/saocamilo-sp.br\/graduacao\/presencial\/psicologia\" target=\"_blank\" rel=\"noreferrer noopener\">Pedagogia<\/a> do <a href=\"https:\/\/blog.saocamilo-sp.br\/\" target=\"_blank\" rel=\"noreferrer noopener\">Centro Universit\u00e1rio S\u00e3o Camilo<\/a> oferece a op\u00e7\u00e3o do estudo EAD! Nessa modalidade, voc\u00ea pode aproveitar a flexibilidade de estudar em qualquer lugar, no seu pr\u00f3prio ritmo. Al\u00e9m disso, o curso tem nota 5 no MEC e conta com uma equipe docente altamente capacitada.<\/p>\n\n\n\n<iframe loading=\"lazy\" src=\"https:\/\/saocamilo.apprbs.com.br\/tenho-interesse-blog\" height=\"530px\" width=\"100%\" frameborder=\"0\"><\/iframe>\n\n\n\n<p><br><br><\/p>\n","protected":false},"excerpt":{"rendered":"<p>A dedica\u00e7\u00e3o, o profissionalismo, o comprometimento e o amor que demonstram pelo que fazem t\u00eam um impacto enorme na vida dos estudantes<\/p>\n","protected":false},"author":5,"featured_media":1045,"comment_status":"open","ping_status":"open","sticky":false,"template":"","format":"standard","meta":{"cybocfi_hide_featured_image":"","footnotes":""},"categories":[1,82],"tags":[83,84,16],"class_list":["post-1039","post","type-post","status-publish","format-standard","has-post-thumbnail","hentry","category-cursos","category-pedagogia","tag-pedagogia","tag-profissao","tag-vida-universitaria"],"yoast_head":"<!-- This site is optimized with the Yoast SEO plugin v27.5 - https:\/\/yoast.com\/product\/yoast-seo-wordpress\/ -->\n<title>Pedagogo: confira cinco curiosidades da profiss\u00e3o<\/title>\n<meta name=\"description\" content=\"A dedica\u00e7\u00e3o, o comprometimento e o amor que a profiss\u00e3o de pedagogo demonstra t\u00eam um impacto enorme na vida dos estudantes\" \/>\n<meta name=\"robots\" content=\"index, follow, max-snippet:-1, max-image-preview:large, max-video-preview:-1\" \/>\n<link rel=\"canonical\" href=\"https:\/\/blog.saocamilo-sp.br\/index.php\/2023\/05\/19\/profissao-de-pedagogo-curiosidades-profissao\/\" \/>\n<meta property=\"og:locale\" content=\"pt_BR\" \/>\n<meta property=\"og:type\" content=\"article\" \/>\n<meta property=\"og:title\" content=\"Pedagogo: confira cinco curiosidades da profiss\u00e3o\" \/>\n<meta property=\"og:description\" content=\"A dedica\u00e7\u00e3o, o comprometimento e o amor que a profiss\u00e3o de pedagogo demonstra t\u00eam um impacto enorme na vida dos estudantes\" \/>\n<meta property=\"og:url\" content=\"https:\/\/blog.saocamilo-sp.br\/index.php\/2023\/05\/19\/profissao-de-pedagogo-curiosidades-profissao\/\" \/>\n<meta property=\"og:site_name\" content=\"Blog S\u00e3o Camilo\" \/>\n<meta property=\"article:publisher\" content=\"https:\/\/www.facebook.com\/saocamilosp\" \/>\n<meta property=\"article:published_time\" content=\"2023-05-19T14:31:37+00:00\" \/>\n<meta property=\"article:modified_time\" content=\"2023-06-07T13:38:08+00:00\" \/>\n<meta property=\"og:image\" content=\"https:\/\/blog.saocamilo-sp.br\/wp-content\/uploads\/2023\/05\/pedagogo_curiosidades_profissao.jpg\" \/>\n\t<meta property=\"og:image:width\" content=\"1000\" \/>\n\t<meta property=\"og:image:height\" content=\"667\" \/>\n\t<meta property=\"og:image:type\" content=\"image\/jpeg\" \/>\n<meta name=\"author\" content=\"Giancarlo Bonato\" \/>\n<meta name=\"twitter:card\" content=\"summary_large_image\" \/>\n<meta name=\"twitter:creator\" content=\"@saocamilosp\" \/>\n<meta name=\"twitter:site\" content=\"@saocamilosp\" \/>\n<meta name=\"twitter:label1\" content=\"Escrito por\" \/>\n\t<meta name=\"twitter:data1\" content=\"Giancarlo Bonato\" \/>\n\t<meta name=\"twitter:label2\" content=\"Est. tempo de leitura\" \/>\n\t<meta name=\"twitter:data2\" content=\"2 minutos\" \/>\n<script type=\"application\/ld+json\" class=\"yoast-schema-graph\">{\"@context\":\"https:\\\/\\\/schema.org\",\"@graph\":[{\"@type\":\"Article\",\"@id\":\"https:\\\/\\\/blog.saocamilo-sp.br\\\/index.php\\\/2023\\\/05\\\/19\\\/profissao-de-pedagogo-curiosidades-profissao\\\/#article\",\"isPartOf\":{\"@id\":\"https:\\\/\\\/blog.saocamilo-sp.br\\\/index.php\\\/2023\\\/05\\\/19\\\/profissao-de-pedagogo-curiosidades-profissao\\\/\"},\"author\":{\"name\":\"Giancarlo Bonato\",\"@id\":\"https:\\\/\\\/blog.saocamilo-sp.br\\\/#\\\/schema\\\/person\\\/2f1abef72dd95b45ae5f8e75003b32a9\"},\"headline\":\"Pedagogo: confira cinco curiosidades sobre esta profiss\u00e3o\",\"datePublished\":\"2023-05-19T14:31:37+00:00\",\"dateModified\":\"2023-06-07T13:38:08+00:00\",\"mainEntityOfPage\":{\"@id\":\"https:\\\/\\\/blog.saocamilo-sp.br\\\/index.php\\\/2023\\\/05\\\/19\\\/profissao-de-pedagogo-curiosidades-profissao\\\/\"},\"wordCount\":332,\"commentCount\":0,\"publisher\":{\"@id\":\"https:\\\/\\\/blog.saocamilo-sp.br\\\/#organization\"},\"image\":{\"@id\":\"https:\\\/\\\/blog.saocamilo-sp.br\\\/index.php\\\/2023\\\/05\\\/19\\\/profissao-de-pedagogo-curiosidades-profissao\\\/#primaryimage\"},\"thumbnailUrl\":\"https:\\\/\\\/blog.saocamilo-sp.br\\\/wp-content\\\/uploads\\\/2023\\\/05\\\/pedagogo_curiosidades_profissao.jpg\",\"keywords\":[\"pedagogia\",\"profiss\u00e3o\",\"Vida Universit\u00e1ria\"],\"articleSection\":[\"Cursos\",\"Pedagogia\"],\"inLanguage\":\"pt-BR\",\"potentialAction\":[{\"@type\":\"CommentAction\",\"name\":\"Comment\",\"target\":[\"https:\\\/\\\/blog.saocamilo-sp.br\\\/index.php\\\/2023\\\/05\\\/19\\\/profissao-de-pedagogo-curiosidades-profissao\\\/#respond\"]}]},{\"@type\":\"WebPage\",\"@id\":\"https:\\\/\\\/blog.saocamilo-sp.br\\\/index.php\\\/2023\\\/05\\\/19\\\/profissao-de-pedagogo-curiosidades-profissao\\\/\",\"url\":\"https:\\\/\\\/blog.saocamilo-sp.br\\\/index.php\\\/2023\\\/05\\\/19\\\/profissao-de-pedagogo-curiosidades-profissao\\\/\",\"name\":\"Pedagogo: confira cinco curiosidades da profiss\u00e3o\",\"isPartOf\":{\"@id\":\"https:\\\/\\\/blog.saocamilo-sp.br\\\/#website\"},\"primaryImageOfPage\":{\"@id\":\"https:\\\/\\\/blog.saocamilo-sp.br\\\/index.php\\\/2023\\\/05\\\/19\\\/profissao-de-pedagogo-curiosidades-profissao\\\/#primaryimage\"},\"image\":{\"@id\":\"https:\\\/\\\/blog.saocamilo-sp.br\\\/index.php\\\/2023\\\/05\\\/19\\\/profissao-de-pedagogo-curiosidades-profissao\\\/#primaryimage\"},\"thumbnailUrl\":\"https:\\\/\\\/blog.saocamilo-sp.br\\\/wp-content\\\/uploads\\\/2023\\\/05\\\/pedagogo_curiosidades_profissao.jpg\",\"datePublished\":\"2023-05-19T14:31:37+00:00\",\"dateModified\":\"2023-06-07T13:38:08+00:00\",\"description\":\"A dedica\u00e7\u00e3o, o comprometimento e o amor que a profiss\u00e3o de pedagogo demonstra t\u00eam um impacto enorme na vida dos estudantes\",\"breadcrumb\":{\"@id\":\"https:\\\/\\\/blog.saocamilo-sp.br\\\/index.php\\\/2023\\\/05\\\/19\\\/profissao-de-pedagogo-curiosidades-profissao\\\/#breadcrumb\"},\"inLanguage\":\"pt-BR\",\"potentialAction\":[{\"@type\":\"ReadAction\",\"target\":[\"https:\\\/\\\/blog.saocamilo-sp.br\\\/index.php\\\/2023\\\/05\\\/19\\\/profissao-de-pedagogo-curiosidades-profissao\\\/\"]}]},{\"@type\":\"ImageObject\",\"inLanguage\":\"pt-BR\",\"@id\":\"https:\\\/\\\/blog.saocamilo-sp.br\\\/index.php\\\/2023\\\/05\\\/19\\\/profissao-de-pedagogo-curiosidades-profissao\\\/#primaryimage\",\"url\":\"https:\\\/\\\/blog.saocamilo-sp.br\\\/wp-content\\\/uploads\\\/2023\\\/05\\\/pedagogo_curiosidades_profissao.jpg\",\"contentUrl\":\"https:\\\/\\\/blog.saocamilo-sp.br\\\/wp-content\\\/uploads\\\/2023\\\/05\\\/pedagogo_curiosidades_profissao.jpg\",\"width\":1000,\"height\":667,\"caption\":\"imagem sobre uma sala de aula onde um profissional pedagogo est\u00e1 ensinando conceitos\"},{\"@type\":\"BreadcrumbList\",\"@id\":\"https:\\\/\\\/blog.saocamilo-sp.br\\\/index.php\\\/2023\\\/05\\\/19\\\/profissao-de-pedagogo-curiosidades-profissao\\\/#breadcrumb\",\"itemListElement\":[{\"@type\":\"ListItem\",\"position\":1,\"name\":\"In\u00edcio\",\"item\":\"https:\\\/\\\/blog.saocamilo-sp.br\\\/\"},{\"@type\":\"ListItem\",\"position\":2,\"name\":\"Pedagogo: confira cinco curiosidades sobre esta profiss\u00e3o\"}]},{\"@type\":\"WebSite\",\"@id\":\"https:\\\/\\\/blog.saocamilo-sp.br\\\/#website\",\"url\":\"https:\\\/\\\/blog.saocamilo-sp.br\\\/\",\"name\":\"Blog S\u00e3o Camilo\",\"description\":\"Blog do Centro Universit\u00e1rio S\u00e3o Camilo\",\"publisher\":{\"@id\":\"https:\\\/\\\/blog.saocamilo-sp.br\\\/#organization\"},\"potentialAction\":[{\"@type\":\"SearchAction\",\"target\":{\"@type\":\"EntryPoint\",\"urlTemplate\":\"https:\\\/\\\/blog.saocamilo-sp.br\\\/?s={search_term_string}\"},\"query-input\":{\"@type\":\"PropertyValueSpecification\",\"valueRequired\":true,\"valueName\":\"search_term_string\"}}],\"inLanguage\":\"pt-BR\"},{\"@type\":\"Organization\",\"@id\":\"https:\\\/\\\/blog.saocamilo-sp.br\\\/#organization\",\"name\":\"Blog S\u00e3o Camilo\",\"url\":\"https:\\\/\\\/blog.saocamilo-sp.br\\\/\",\"logo\":{\"@type\":\"ImageObject\",\"inLanguage\":\"pt-BR\",\"@id\":\"https:\\\/\\\/blog.saocamilo-sp.br\\\/#\\\/schema\\\/logo\\\/image\\\/\",\"url\":\"https:\\\/\\\/blog.saocamilo-sp.br\\\/wp-content\\\/uploads\\\/2021\\\/12\\\/cropped-vazio-logo-topo.png\",\"contentUrl\":\"https:\\\/\\\/blog.saocamilo-sp.br\\\/wp-content\\\/uploads\\\/2021\\\/12\\\/cropped-vazio-logo-topo.png\",\"width\":320,\"height\":240,\"caption\":\"Blog S\u00e3o Camilo\"},\"image\":{\"@id\":\"https:\\\/\\\/blog.saocamilo-sp.br\\\/#\\\/schema\\\/logo\\\/image\\\/\"},\"sameAs\":[\"https:\\\/\\\/www.facebook.com\\\/saocamilosp\",\"https:\\\/\\\/x.com\\\/saocamilosp\",\"https:\\\/\\\/www.linkedin.com\\\/school\\\/centro-universit-rio-s-o-camilo\\\/\"]},{\"@type\":\"Person\",\"@id\":\"https:\\\/\\\/blog.saocamilo-sp.br\\\/#\\\/schema\\\/person\\\/2f1abef72dd95b45ae5f8e75003b32a9\",\"name\":\"Giancarlo Bonato\",\"image\":{\"@type\":\"ImageObject\",\"inLanguage\":\"pt-BR\",\"@id\":\"https:\\\/\\\/secure.gravatar.com\\\/avatar\\\/cbed0d57a74836e8481bb4b2ac15163f24841505b47ce8f4d0b58343bcbe6d77?s=96&d=mm&r=g\",\"url\":\"https:\\\/\\\/secure.gravatar.com\\\/avatar\\\/cbed0d57a74836e8481bb4b2ac15163f24841505b47ce8f4d0b58343bcbe6d77?s=96&d=mm&r=g\",\"contentUrl\":\"https:\\\/\\\/secure.gravatar.com\\\/avatar\\\/cbed0d57a74836e8481bb4b2ac15163f24841505b47ce8f4d0b58343bcbe6d77?s=96&d=mm&r=g\",\"caption\":\"Giancarlo Bonato\"},\"url\":\"https:\\\/\\\/blog.saocamilo-sp.br\\\/index.php\\\/author\\\/gbonato\\\/\"}]}<\/script>\n<!-- \/ Yoast SEO plugin. -->","yoast_head_json":{"title":"Pedagogo: confira cinco curiosidades da profiss\u00e3o","description":"A dedica\u00e7\u00e3o, o comprometimento e o amor que a profiss\u00e3o de pedagogo demonstra t\u00eam um impacto enorme na vida dos estudantes","robots":{"index":"index","follow":"follow","max-snippet":"max-snippet:-1","max-image-preview":"max-image-preview:large","max-video-preview":"max-video-preview:-1"},"canonical":"https:\/\/blog.saocamilo-sp.br\/index.php\/2023\/05\/19\/profissao-de-pedagogo-curiosidades-profissao\/","og_locale":"pt_BR","og_type":"article","og_title":"Pedagogo: confira cinco curiosidades da profiss\u00e3o","og_description":"A dedica\u00e7\u00e3o, o comprometimento e o amor que a profiss\u00e3o de pedagogo demonstra t\u00eam um impacto enorme na vida dos estudantes","og_url":"https:\/\/blog.saocamilo-sp.br\/index.php\/2023\/05\/19\/profissao-de-pedagogo-curiosidades-profissao\/","og_site_name":"Blog S\u00e3o Camilo","article_publisher":"https:\/\/www.facebook.com\/saocamilosp","article_published_time":"2023-05-19T14:31:37+00:00","article_modified_time":"2023-06-07T13:38:08+00:00","og_image":[{"width":1000,"height":667,"url":"https:\/\/blog.saocamilo-sp.br\/wp-content\/uploads\/2023\/05\/pedagogo_curiosidades_profissao.jpg","type":"image\/jpeg"}],"author":"Giancarlo Bonato","twitter_card":"summary_large_image","twitter_creator":"@saocamilosp","twitter_site":"@saocamilosp","twitter_misc":{"Escrito por":"Giancarlo Bonato","Est. tempo de leitura":"2 minutos"},"schema":{"@context":"https:\/\/schema.org","@graph":[{"@type":"Article","@id":"https:\/\/blog.saocamilo-sp.br\/index.php\/2023\/05\/19\/profissao-de-pedagogo-curiosidades-profissao\/#article","isPartOf":{"@id":"https:\/\/blog.saocamilo-sp.br\/index.php\/2023\/05\/19\/profissao-de-pedagogo-curiosidades-profissao\/"},"author":{"name":"Giancarlo Bonato","@id":"https:\/\/blog.saocamilo-sp.br\/#\/schema\/person\/2f1abef72dd95b45ae5f8e75003b32a9"},"headline":"Pedagogo: confira cinco curiosidades sobre esta profiss\u00e3o","datePublished":"2023-05-19T14:31:37+00:00","dateModified":"2023-06-07T13:38:08+00:00","mainEntityOfPage":{"@id":"https:\/\/blog.saocamilo-sp.br\/index.php\/2023\/05\/19\/profissao-de-pedagogo-curiosidades-profissao\/"},"wordCount":332,"commentCount":0,"publisher":{"@id":"https:\/\/blog.saocamilo-sp.br\/#organization"},"image":{"@id":"https:\/\/blog.saocamilo-sp.br\/index.php\/2023\/05\/19\/profissao-de-pedagogo-curiosidades-profissao\/#primaryimage"},"thumbnailUrl":"https:\/\/blog.saocamilo-sp.br\/wp-content\/uploads\/2023\/05\/pedagogo_curiosidades_profissao.jpg","keywords":["pedagogia","profiss\u00e3o","Vida Universit\u00e1ria"],"articleSection":["Cursos","Pedagogia"],"inLanguage":"pt-BR","potentialAction":[{"@type":"CommentAction","name":"Comment","target":["https:\/\/blog.saocamilo-sp.br\/index.php\/2023\/05\/19\/profissao-de-pedagogo-curiosidades-profissao\/#respond"]}]},{"@type":"WebPage","@id":"https:\/\/blog.saocamilo-sp.br\/index.php\/2023\/05\/19\/profissao-de-pedagogo-curiosidades-profissao\/","url":"https:\/\/blog.saocamilo-sp.br\/index.php\/2023\/05\/19\/profissao-de-pedagogo-curiosidades-profissao\/","name":"Pedagogo: confira cinco curiosidades da profiss\u00e3o","isPartOf":{"@id":"https:\/\/blog.saocamilo-sp.br\/#website"},"primaryImageOfPage":{"@id":"https:\/\/blog.saocamilo-sp.br\/index.php\/2023\/05\/19\/profissao-de-pedagogo-curiosidades-profissao\/#primaryimage"},"image":{"@id":"https:\/\/blog.saocamilo-sp.br\/index.php\/2023\/05\/19\/profissao-de-pedagogo-curiosidades-profissao\/#primaryimage"},"thumbnailUrl":"https:\/\/blog.saocamilo-sp.br\/wp-content\/uploads\/2023\/05\/pedagogo_curiosidades_profissao.jpg","datePublished":"2023-05-19T14:31:37+00:00","dateModified":"2023-06-07T13:38:08+00:00","description":"A dedica\u00e7\u00e3o, o comprometimento e o amor que a profiss\u00e3o de pedagogo demonstra t\u00eam um impacto enorme na vida dos estudantes","breadcrumb":{"@id":"https:\/\/blog.saocamilo-sp.br\/index.php\/2023\/05\/19\/profissao-de-pedagogo-curiosidades-profissao\/#breadcrumb"},"inLanguage":"pt-BR","potentialAction":[{"@type":"ReadAction","target":["https:\/\/blog.saocamilo-sp.br\/index.php\/2023\/05\/19\/profissao-de-pedagogo-curiosidades-profissao\/"]}]},{"@type":"ImageObject","inLanguage":"pt-BR","@id":"https:\/\/blog.saocamilo-sp.br\/index.php\/2023\/05\/19\/profissao-de-pedagogo-curiosidades-profissao\/#primaryimage","url":"https:\/\/blog.saocamilo-sp.br\/wp-content\/uploads\/2023\/05\/pedagogo_curiosidades_profissao.jpg","contentUrl":"https:\/\/blog.saocamilo-sp.br\/wp-content\/uploads\/2023\/05\/pedagogo_curiosidades_profissao.jpg","width":1000,"height":667,"caption":"imagem sobre uma sala de aula onde um profissional pedagogo est\u00e1 ensinando conceitos"},{"@type":"BreadcrumbList","@id":"https:\/\/blog.saocamilo-sp.br\/index.php\/2023\/05\/19\/profissao-de-pedagogo-curiosidades-profissao\/#breadcrumb","itemListElement":[{"@type":"ListItem","position":1,"name":"In\u00edcio","item":"https:\/\/blog.saocamilo-sp.br\/"},{"@type":"ListItem","position":2,"name":"Pedagogo: confira cinco curiosidades sobre esta profiss\u00e3o"}]},{"@type":"WebSite","@id":"https:\/\/blog.saocamilo-sp.br\/#website","url":"https:\/\/blog.saocamilo-sp.br\/","name":"Blog S\u00e3o Camilo","description":"Blog do Centro Universit\u00e1rio S\u00e3o Camilo","publisher":{"@id":"https:\/\/blog.saocamilo-sp.br\/#organization"},"potentialAction":[{"@type":"SearchAction","target":{"@type":"EntryPoint","urlTemplate":"https:\/\/blog.saocamilo-sp.br\/?s={search_term_string}"},"query-input":{"@type":"PropertyValueSpecification","valueRequired":true,"valueName":"search_term_string"}}],"inLanguage":"pt-BR"},{"@type":"Organization","@id":"https:\/\/blog.saocamilo-sp.br\/#organization","name":"Blog S\u00e3o Camilo","url":"https:\/\/blog.saocamilo-sp.br\/","logo":{"@type":"ImageObject","inLanguage":"pt-BR","@id":"https:\/\/blog.saocamilo-sp.br\/#\/schema\/logo\/image\/","url":"https:\/\/blog.saocamilo-sp.br\/wp-content\/uploads\/2021\/12\/cropped-vazio-logo-topo.png","contentUrl":"https:\/\/blog.saocamilo-sp.br\/wp-content\/uploads\/2021\/12\/cropped-vazio-logo-topo.png","width":320,"height":240,"caption":"Blog S\u00e3o Camilo"},"image":{"@id":"https:\/\/blog.saocamilo-sp.br\/#\/schema\/logo\/image\/"},"sameAs":["https:\/\/www.facebook.com\/saocamilosp","https:\/\/x.com\/saocamilosp","https:\/\/www.linkedin.com\/school\/centro-universit-rio-s-o-camilo\/"]},{"@type":"Person","@id":"https:\/\/blog.saocamilo-sp.br\/#\/schema\/person\/2f1abef72dd95b45ae5f8e75003b32a9","name":"Giancarlo Bonato","image":{"@type":"ImageObject","inLanguage":"pt-BR","@id":"https:\/\/secure.gravatar.com\/avatar\/cbed0d57a74836e8481bb4b2ac15163f24841505b47ce8f4d0b58343bcbe6d77?s=96&d=mm&r=g","url":"https:\/\/secure.gravatar.com\/avatar\/cbed0d57a74836e8481bb4b2ac15163f24841505b47ce8f4d0b58343bcbe6d77?s=96&d=mm&r=g","contentUrl":"https:\/\/secure.gravatar.com\/avatar\/cbed0d57a74836e8481bb4b2ac15163f24841505b47ce8f4d0b58343bcbe6d77?s=96&d=mm&r=g","caption":"Giancarlo Bonato"},"url":"https:\/\/blog.saocamilo-sp.br\/index.php\/author\/gbonato\/"}]}},"_links":{"self":[{"href":"https:\/\/blog.saocamilo-sp.br\/index.php\/wp-json\/wp\/v2\/posts\/1039","targetHints":{"allow":["GET"]}}],"collection":[{"href":"https:\/\/blog.saocamilo-sp.br\/index.php\/wp-json\/wp\/v2\/posts"}],"about":[{"href":"https:\/\/blog.saocamilo-sp.br\/index.php\/wp-json\/wp\/v2\/types\/post"}],"author":[{"embeddable":true,"href":"https:\/\/blog.saocamilo-sp.br\/index.php\/wp-json\/wp\/v2\/users\/5"}],"replies":[{"embeddable":true,"href":"https:\/\/blog.saocamilo-sp.br\/index.php\/wp-json\/wp\/v2\/comments?post=1039"}],"version-history":[{"count":7,"href":"https:\/\/blog.saocamilo-sp.br\/index.php\/wp-json\/wp\/v2\/posts\/1039\/revisions"}],"predecessor-version":[{"id":1228,"href":"https:\/\/blog.saocamilo-sp.br\/index.php\/wp-json\/wp\/v2\/posts\/1039\/revisions\/1228"}],"wp:featuredmedia":[{"embeddable":true,"href":"https:\/\/blog.saocamilo-sp.br\/index.php\/wp-json\/wp\/v2\/media\/1045"}],"wp:attachment":[{"href":"https:\/\/blog.saocamilo-sp.br\/index.php\/wp-json\/wp\/v2\/media?parent=1039"}],"wp:term":[{"taxonomy":"category","embeddable":true,"href":"https:\/\/blog.saocamilo-sp.br\/index.php\/wp-json\/wp\/v2\/categories?post=1039"},{"taxonomy":"post_tag","embeddable":true,"href":"https:\/\/blog.saocamilo-sp.br\/index.php\/wp-json\/wp\/v2\/tags?post=1039"}],"curies":[{"name":"wp","href":"https:\/\/api.w.org\/{rel}","templated":true}]}}