{"id":1047,"date":"2023-05-12T09:00:00","date_gmt":"2023-05-12T12:00:00","guid":{"rendered":"https:\/\/blog.saocamilo-sp.br\/?p=1047"},"modified":"2023-06-07T11:29:12","modified_gmt":"2023-06-07T14:29:12","slug":"dia-do-enfermeiro-curiosidades-data","status":"publish","type":"post","link":"https:\/\/blog.saocamilo-sp.br\/index.php\/2023\/05\/12\/dia-do-enfermeiro-curiosidades-data\/","title":{"rendered":"Dia do Enfermeiro: algumas curiosidades sobre essa importante data para a Sa\u00fade"},"content":{"rendered":"\n<p>No Dia do Enfermeiro (12\/05), celebramos e reconhecemos a import\u00e2ncia do profissional em enfermagem, que dedica sua vida ao cuidado da sa\u00fade e bem-estar dos pacientes. <\/p>\n\n\n\n<p>O <a href=\"https:\/\/saocamilo-sp.br\/\" target=\"_blank\" rel=\"noreferrer noopener\">Centro Universit\u00e1rio S\u00e3o Camilo<\/a> parabeniza todos os(as) profissionais da enfermagem pelo seu trabalho incans\u00e1vel e essencial! Pensando nisso, confira curiosidade sobre a data:<br><br><strong>1)<\/strong> Florence Nightingale, a fundadora da <a href=\"https:\/\/blog.saocamilo-sp.br\/index.php\/2022\/01\/07\/video-vida-de-estagiario-sao-camilo-enfermagem\/\" target=\"_blank\" rel=\"noreferrer noopener\">enfermagem<\/a> moderna, nasceu em 12 de maio. A escolha da data \u00e9 uma homenagem ao trabalho de Florence e \u00e0 sua valiosa contribui\u00e7\u00e3o para a \u00e1rea.<br><br><strong>2)<\/strong> Em 1860, na Inglaterra, Florence desenvolveu o primeiro programa de enfermagem com o objetivo de treinar enfermeiras para cuidarem da sa\u00fade de soldados feridos durante a Guerra da Crimeia.<br><br><strong>3)<\/strong> Os(as) enfermeiros(as) trabalham em uma ampla gama de setores, desde hospitais e cl\u00ednicas at\u00e9 escolas e empresas. Sendo assim, eles (as) desempenham um papel vital em todos os aspectos do cuidado de sa\u00fade, desde a triagem e diagn\u00f3stico at\u00e9 o tratamento e a reabilita\u00e7\u00e3o.<br><br><strong>4) <\/strong>De acordo com o Minist\u00e9rio da Sa\u00fade, o enfermeiro(a) ocupa a posi\u00e7\u00e3o de maior categoria profissional na \u00e1rea da sa\u00fade no pa\u00eds. Al\u00e9m disso, \u00e9 respons\u00e1vel por aproximadamente 60% da assist\u00eancia prestada nos servi\u00e7os de sa\u00fade.<br><br><strong>5)<\/strong>&nbsp;A enfermagem \u00e9 uma profiss\u00e3o altamente diversificada, com v\u00e1rias \u00e1reas de especializa\u00e7\u00e3o, como enfermagem forense, enfermagem em estomaterapia e obst\u00e9trica. Desse modo, enfermeiros(as) t\u00eam a oportunidade de se concentrar em \u00e1reas espec\u00edficas de cuidados de sa\u00fade por meio dessas especializa\u00e7\u00f5es. Eles desenvolvem habilidades para atender \u00e0s necessidades dos pacientes de maneira mais precisa e eficaz.<\/p>\n\n\n\n<iframe loading=\"lazy\" src=\"https:\/\/saocamilo.apprbs.com.br\/tenho-interesse-blog\" height=\"530px\" width=\"100%\" frameborder=\"0\"><\/iframe>\n","protected":false},"excerpt":{"rendered":"<p>No Dia do Enfermeiro (12\/05), celebramos e reconhecemos a import\u00e2ncia do profissional em enfermagem, que dedica sua vida ao cuidado da sa\u00fade e bem-estar dos pacientes.<\/p>\n","protected":false},"author":11,"featured_media":1243,"comment_status":"open","ping_status":"open","sticky":false,"template":"","format":"standard","meta":{"cybocfi_hide_featured_image":"yes","footnotes":""},"categories":[1,26],"tags":[9,16],"class_list":["post-1047","post","type-post","status-publish","format-standard","has-post-thumbnail","hentry","category-cursos","category-enfermagem","tag-enfermagem","tag-vida-universitaria"],"yoast_head":"<!-- This site is optimized with the Yoast SEO plugin v27.4 - https:\/\/yoast.com\/product\/yoast-seo-wordpress\/ -->\n<title>Dia do Enfermeiro: algumas curiosidades sobre a data<\/title>\n<meta name=\"description\" content=\"Parabenizamos todos enfermeiros e profissionais da \u00e1rea pelo seu trabalho essencial! Confira curiosidades sobre o dia do enfermeiro.\" \/>\n<meta name=\"robots\" content=\"index, follow, max-snippet:-1, max-image-preview:large, max-video-preview:-1\" \/>\n<link rel=\"canonical\" href=\"https:\/\/blog.saocamilo-sp.br\/index.php\/2023\/05\/12\/dia-do-enfermeiro-curiosidades-data\/\" \/>\n<meta property=\"og:locale\" content=\"pt_BR\" \/>\n<meta property=\"og:type\" content=\"article\" \/>\n<meta property=\"og:title\" content=\"Dia do Enfermeiro: algumas curiosidades sobre a data\" \/>\n<meta property=\"og:description\" content=\"Parabenizamos todos enfermeiros e profissionais da \u00e1rea pelo seu trabalho essencial! Confira curiosidades sobre o dia do enfermeiro.\" \/>\n<meta property=\"og:url\" content=\"https:\/\/blog.saocamilo-sp.br\/index.php\/2023\/05\/12\/dia-do-enfermeiro-curiosidades-data\/\" \/>\n<meta property=\"og:site_name\" content=\"Blog S\u00e3o Camilo\" \/>\n<meta property=\"article:publisher\" content=\"https:\/\/www.facebook.com\/saocamilosp\" \/>\n<meta property=\"article:published_time\" content=\"2023-05-12T12:00:00+00:00\" \/>\n<meta property=\"article:modified_time\" content=\"2023-06-07T14:29:12+00:00\" \/>\n<meta property=\"og:image\" content=\"https:\/\/blog.saocamilo-sp.br\/wp-content\/uploads\/2023\/05\/Dia_do_Enf.png\" \/>\n\t<meta property=\"og:image:width\" content=\"600\" \/>\n\t<meta property=\"og:image:height\" content=\"400\" \/>\n\t<meta property=\"og:image:type\" content=\"image\/png\" \/>\n<meta name=\"author\" content=\"Christopher Oliveira dos Reis\" \/>\n<meta name=\"twitter:card\" content=\"summary_large_image\" \/>\n<meta name=\"twitter:creator\" content=\"@saocamilosp\" \/>\n<meta name=\"twitter:site\" content=\"@saocamilosp\" \/>\n<meta name=\"twitter:label1\" content=\"Escrito por\" \/>\n\t<meta name=\"twitter:data1\" content=\"Christopher Oliveira dos Reis\" \/>\n\t<meta name=\"twitter:label2\" content=\"Est. tempo de leitura\" \/>\n\t<meta name=\"twitter:data2\" content=\"2 minutos\" \/>\n<script type=\"application\/ld+json\" class=\"yoast-schema-graph\">{\"@context\":\"https:\\\/\\\/schema.org\",\"@graph\":[{\"@type\":\"Article\",\"@id\":\"https:\\\/\\\/blog.saocamilo-sp.br\\\/index.php\\\/2023\\\/05\\\/12\\\/dia-do-enfermeiro-curiosidades-data\\\/#article\",\"isPartOf\":{\"@id\":\"https:\\\/\\\/blog.saocamilo-sp.br\\\/index.php\\\/2023\\\/05\\\/12\\\/dia-do-enfermeiro-curiosidades-data\\\/\"},\"author\":{\"name\":\"Christopher Oliveira dos Reis\",\"@id\":\"https:\\\/\\\/blog.saocamilo-sp.br\\\/#\\\/schema\\\/person\\\/7dce5f342af0848eb2f06778b2737904\"},\"headline\":\"Dia do Enfermeiro: algumas curiosidades sobre essa importante data para a Sa\u00fade\",\"datePublished\":\"2023-05-12T12:00:00+00:00\",\"dateModified\":\"2023-06-07T14:29:12+00:00\",\"mainEntityOfPage\":{\"@id\":\"https:\\\/\\\/blog.saocamilo-sp.br\\\/index.php\\\/2023\\\/05\\\/12\\\/dia-do-enfermeiro-curiosidades-data\\\/\"},\"wordCount\":285,\"commentCount\":0,\"publisher\":{\"@id\":\"https:\\\/\\\/blog.saocamilo-sp.br\\\/#organization\"},\"image\":{\"@id\":\"https:\\\/\\\/blog.saocamilo-sp.br\\\/index.php\\\/2023\\\/05\\\/12\\\/dia-do-enfermeiro-curiosidades-data\\\/#primaryimage\"},\"thumbnailUrl\":\"https:\\\/\\\/blog.saocamilo-sp.br\\\/wp-content\\\/uploads\\\/2023\\\/05\\\/Dia_do_Enf.png\",\"keywords\":[\"Enfermagem\",\"Vida Universit\u00e1ria\"],\"articleSection\":[\"Cursos\",\"Enfermagem\"],\"inLanguage\":\"pt-BR\",\"potentialAction\":[{\"@type\":\"CommentAction\",\"name\":\"Comment\",\"target\":[\"https:\\\/\\\/blog.saocamilo-sp.br\\\/index.php\\\/2023\\\/05\\\/12\\\/dia-do-enfermeiro-curiosidades-data\\\/#respond\"]}]},{\"@type\":\"WebPage\",\"@id\":\"https:\\\/\\\/blog.saocamilo-sp.br\\\/index.php\\\/2023\\\/05\\\/12\\\/dia-do-enfermeiro-curiosidades-data\\\/\",\"url\":\"https:\\\/\\\/blog.saocamilo-sp.br\\\/index.php\\\/2023\\\/05\\\/12\\\/dia-do-enfermeiro-curiosidades-data\\\/\",\"name\":\"Dia do Enfermeiro: algumas curiosidades sobre a data\",\"isPartOf\":{\"@id\":\"https:\\\/\\\/blog.saocamilo-sp.br\\\/#website\"},\"primaryImageOfPage\":{\"@id\":\"https:\\\/\\\/blog.saocamilo-sp.br\\\/index.php\\\/2023\\\/05\\\/12\\\/dia-do-enfermeiro-curiosidades-data\\\/#primaryimage\"},\"image\":{\"@id\":\"https:\\\/\\\/blog.saocamilo-sp.br\\\/index.php\\\/2023\\\/05\\\/12\\\/dia-do-enfermeiro-curiosidades-data\\\/#primaryimage\"},\"thumbnailUrl\":\"https:\\\/\\\/blog.saocamilo-sp.br\\\/wp-content\\\/uploads\\\/2023\\\/05\\\/Dia_do_Enf.png\",\"datePublished\":\"2023-05-12T12:00:00+00:00\",\"dateModified\":\"2023-06-07T14:29:12+00:00\",\"description\":\"Parabenizamos todos enfermeiros e profissionais da \u00e1rea pelo seu trabalho essencial! Confira curiosidades sobre o dia do enfermeiro.\",\"breadcrumb\":{\"@id\":\"https:\\\/\\\/blog.saocamilo-sp.br\\\/index.php\\\/2023\\\/05\\\/12\\\/dia-do-enfermeiro-curiosidades-data\\\/#breadcrumb\"},\"inLanguage\":\"pt-BR\",\"potentialAction\":[{\"@type\":\"ReadAction\",\"target\":[\"https:\\\/\\\/blog.saocamilo-sp.br\\\/index.php\\\/2023\\\/05\\\/12\\\/dia-do-enfermeiro-curiosidades-data\\\/\"]}]},{\"@type\":\"BreadcrumbList\",\"@id\":\"https:\\\/\\\/blog.saocamilo-sp.br\\\/index.php\\\/2023\\\/05\\\/12\\\/dia-do-enfermeiro-curiosidades-data\\\/#breadcrumb\",\"itemListElement\":[{\"@type\":\"ListItem\",\"position\":1,\"name\":\"In\u00edcio\",\"item\":\"https:\\\/\\\/blog.saocamilo-sp.br\\\/\"},{\"@type\":\"ListItem\",\"position\":2,\"name\":\"Dia do Enfermeiro: algumas curiosidades sobre essa importante data para a Sa\u00fade\"}]},{\"@type\":\"WebSite\",\"@id\":\"https:\\\/\\\/blog.saocamilo-sp.br\\\/#website\",\"url\":\"https:\\\/\\\/blog.saocamilo-sp.br\\\/\",\"name\":\"Blog S\u00e3o Camilo\",\"description\":\"Blog do Centro Universit\u00e1rio S\u00e3o Camilo\",\"publisher\":{\"@id\":\"https:\\\/\\\/blog.saocamilo-sp.br\\\/#organization\"},\"potentialAction\":[{\"@type\":\"SearchAction\",\"target\":{\"@type\":\"EntryPoint\",\"urlTemplate\":\"https:\\\/\\\/blog.saocamilo-sp.br\\\/?s={search_term_string}\"},\"query-input\":{\"@type\":\"PropertyValueSpecification\",\"valueRequired\":true,\"valueName\":\"search_term_string\"}}],\"inLanguage\":\"pt-BR\"},{\"@type\":\"Organization\",\"@id\":\"https:\\\/\\\/blog.saocamilo-sp.br\\\/#organization\",\"name\":\"Blog S\u00e3o Camilo\",\"url\":\"https:\\\/\\\/blog.saocamilo-sp.br\\\/\",\"logo\":{\"@type\":\"ImageObject\",\"inLanguage\":\"pt-BR\",\"@id\":\"https:\\\/\\\/blog.saocamilo-sp.br\\\/#\\\/schema\\\/logo\\\/image\\\/\",\"url\":\"https:\\\/\\\/blog.saocamilo-sp.br\\\/wp-content\\\/uploads\\\/2021\\\/12\\\/cropped-vazio-logo-topo.png\",\"contentUrl\":\"https:\\\/\\\/blog.saocamilo-sp.br\\\/wp-content\\\/uploads\\\/2021\\\/12\\\/cropped-vazio-logo-topo.png\",\"width\":320,\"height\":240,\"caption\":\"Blog S\u00e3o Camilo\"},\"image\":{\"@id\":\"https:\\\/\\\/blog.saocamilo-sp.br\\\/#\\\/schema\\\/logo\\\/image\\\/\"},\"sameAs\":[\"https:\\\/\\\/www.facebook.com\\\/saocamilosp\",\"https:\\\/\\\/x.com\\\/saocamilosp\",\"https:\\\/\\\/www.linkedin.com\\\/school\\\/centro-universit-rio-s-o-camilo\\\/\"]},{\"@type\":\"Person\",\"@id\":\"https:\\\/\\\/blog.saocamilo-sp.br\\\/#\\\/schema\\\/person\\\/7dce5f342af0848eb2f06778b2737904\",\"name\":\"Christopher Oliveira dos Reis\",\"image\":{\"@type\":\"ImageObject\",\"inLanguage\":\"pt-BR\",\"@id\":\"https:\\\/\\\/secure.gravatar.com\\\/avatar\\\/b09a1361215d06f22999124838358b6855376e2b7287de883b723960b0c03f82?s=96&d=mm&r=g\",\"url\":\"https:\\\/\\\/secure.gravatar.com\\\/avatar\\\/b09a1361215d06f22999124838358b6855376e2b7287de883b723960b0c03f82?s=96&d=mm&r=g\",\"contentUrl\":\"https:\\\/\\\/secure.gravatar.com\\\/avatar\\\/b09a1361215d06f22999124838358b6855376e2b7287de883b723960b0c03f82?s=96&d=mm&r=g\",\"caption\":\"Christopher Oliveira dos Reis\"},\"url\":\"https:\\\/\\\/blog.saocamilo-sp.br\\\/index.php\\\/author\\\/christopher-reis\\\/\"}]}<\/script>\n<!-- \/ Yoast SEO plugin. -->","yoast_head_json":{"title":"Dia do Enfermeiro: algumas curiosidades sobre a data","description":"Parabenizamos todos enfermeiros e profissionais da \u00e1rea pelo seu trabalho essencial! Confira curiosidades sobre o dia do enfermeiro.","robots":{"index":"index","follow":"follow","max-snippet":"max-snippet:-1","max-image-preview":"max-image-preview:large","max-video-preview":"max-video-preview:-1"},"canonical":"https:\/\/blog.saocamilo-sp.br\/index.php\/2023\/05\/12\/dia-do-enfermeiro-curiosidades-data\/","og_locale":"pt_BR","og_type":"article","og_title":"Dia do Enfermeiro: algumas curiosidades sobre a data","og_description":"Parabenizamos todos enfermeiros e profissionais da \u00e1rea pelo seu trabalho essencial! Confira curiosidades sobre o dia do enfermeiro.","og_url":"https:\/\/blog.saocamilo-sp.br\/index.php\/2023\/05\/12\/dia-do-enfermeiro-curiosidades-data\/","og_site_name":"Blog S\u00e3o Camilo","article_publisher":"https:\/\/www.facebook.com\/saocamilosp","article_published_time":"2023-05-12T12:00:00+00:00","article_modified_time":"2023-06-07T14:29:12+00:00","og_image":[{"width":600,"height":400,"url":"https:\/\/blog.saocamilo-sp.br\/wp-content\/uploads\/2023\/05\/Dia_do_Enf.png","type":"image\/png"}],"author":"Christopher Oliveira dos Reis","twitter_card":"summary_large_image","twitter_creator":"@saocamilosp","twitter_site":"@saocamilosp","twitter_misc":{"Escrito por":"Christopher Oliveira dos Reis","Est. tempo de leitura":"2 minutos"},"schema":{"@context":"https:\/\/schema.org","@graph":[{"@type":"Article","@id":"https:\/\/blog.saocamilo-sp.br\/index.php\/2023\/05\/12\/dia-do-enfermeiro-curiosidades-data\/#article","isPartOf":{"@id":"https:\/\/blog.saocamilo-sp.br\/index.php\/2023\/05\/12\/dia-do-enfermeiro-curiosidades-data\/"},"author":{"name":"Christopher Oliveira dos Reis","@id":"https:\/\/blog.saocamilo-sp.br\/#\/schema\/person\/7dce5f342af0848eb2f06778b2737904"},"headline":"Dia do Enfermeiro: algumas curiosidades sobre essa importante data para a Sa\u00fade","datePublished":"2023-05-12T12:00:00+00:00","dateModified":"2023-06-07T14:29:12+00:00","mainEntityOfPage":{"@id":"https:\/\/blog.saocamilo-sp.br\/index.php\/2023\/05\/12\/dia-do-enfermeiro-curiosidades-data\/"},"wordCount":285,"commentCount":0,"publisher":{"@id":"https:\/\/blog.saocamilo-sp.br\/#organization"},"image":{"@id":"https:\/\/blog.saocamilo-sp.br\/index.php\/2023\/05\/12\/dia-do-enfermeiro-curiosidades-data\/#primaryimage"},"thumbnailUrl":"https:\/\/blog.saocamilo-sp.br\/wp-content\/uploads\/2023\/05\/Dia_do_Enf.png","keywords":["Enfermagem","Vida Universit\u00e1ria"],"articleSection":["Cursos","Enfermagem"],"inLanguage":"pt-BR","potentialAction":[{"@type":"CommentAction","name":"Comment","target":["https:\/\/blog.saocamilo-sp.br\/index.php\/2023\/05\/12\/dia-do-enfermeiro-curiosidades-data\/#respond"]}]},{"@type":"WebPage","@id":"https:\/\/blog.saocamilo-sp.br\/index.php\/2023\/05\/12\/dia-do-enfermeiro-curiosidades-data\/","url":"https:\/\/blog.saocamilo-sp.br\/index.php\/2023\/05\/12\/dia-do-enfermeiro-curiosidades-data\/","name":"Dia do Enfermeiro: algumas curiosidades sobre a data","isPartOf":{"@id":"https:\/\/blog.saocamilo-sp.br\/#website"},"primaryImageOfPage":{"@id":"https:\/\/blog.saocamilo-sp.br\/index.php\/2023\/05\/12\/dia-do-enfermeiro-curiosidades-data\/#primaryimage"},"image":{"@id":"https:\/\/blog.saocamilo-sp.br\/index.php\/2023\/05\/12\/dia-do-enfermeiro-curiosidades-data\/#primaryimage"},"thumbnailUrl":"https:\/\/blog.saocamilo-sp.br\/wp-content\/uploads\/2023\/05\/Dia_do_Enf.png","datePublished":"2023-05-12T12:00:00+00:00","dateModified":"2023-06-07T14:29:12+00:00","description":"Parabenizamos todos enfermeiros e profissionais da \u00e1rea pelo seu trabalho essencial! Confira curiosidades sobre o dia do enfermeiro.","breadcrumb":{"@id":"https:\/\/blog.saocamilo-sp.br\/index.php\/2023\/05\/12\/dia-do-enfermeiro-curiosidades-data\/#breadcrumb"},"inLanguage":"pt-BR","potentialAction":[{"@type":"ReadAction","target":["https:\/\/blog.saocamilo-sp.br\/index.php\/2023\/05\/12\/dia-do-enfermeiro-curiosidades-data\/"]}]},{"@type":"BreadcrumbList","@id":"https:\/\/blog.saocamilo-sp.br\/index.php\/2023\/05\/12\/dia-do-enfermeiro-curiosidades-data\/#breadcrumb","itemListElement":[{"@type":"ListItem","position":1,"name":"In\u00edcio","item":"https:\/\/blog.saocamilo-sp.br\/"},{"@type":"ListItem","position":2,"name":"Dia do Enfermeiro: algumas curiosidades sobre essa importante data para a Sa\u00fade"}]},{"@type":"WebSite","@id":"https:\/\/blog.saocamilo-sp.br\/#website","url":"https:\/\/blog.saocamilo-sp.br\/","name":"Blog S\u00e3o Camilo","description":"Blog do Centro Universit\u00e1rio S\u00e3o Camilo","publisher":{"@id":"https:\/\/blog.saocamilo-sp.br\/#organization"},"potentialAction":[{"@type":"SearchAction","target":{"@type":"EntryPoint","urlTemplate":"https:\/\/blog.saocamilo-sp.br\/?s={search_term_string}"},"query-input":{"@type":"PropertyValueSpecification","valueRequired":true,"valueName":"search_term_string"}}],"inLanguage":"pt-BR"},{"@type":"Organization","@id":"https:\/\/blog.saocamilo-sp.br\/#organization","name":"Blog S\u00e3o Camilo","url":"https:\/\/blog.saocamilo-sp.br\/","logo":{"@type":"ImageObject","inLanguage":"pt-BR","@id":"https:\/\/blog.saocamilo-sp.br\/#\/schema\/logo\/image\/","url":"https:\/\/blog.saocamilo-sp.br\/wp-content\/uploads\/2021\/12\/cropped-vazio-logo-topo.png","contentUrl":"https:\/\/blog.saocamilo-sp.br\/wp-content\/uploads\/2021\/12\/cropped-vazio-logo-topo.png","width":320,"height":240,"caption":"Blog S\u00e3o Camilo"},"image":{"@id":"https:\/\/blog.saocamilo-sp.br\/#\/schema\/logo\/image\/"},"sameAs":["https:\/\/www.facebook.com\/saocamilosp","https:\/\/x.com\/saocamilosp","https:\/\/www.linkedin.com\/school\/centro-universit-rio-s-o-camilo\/"]},{"@type":"Person","@id":"https:\/\/blog.saocamilo-sp.br\/#\/schema\/person\/7dce5f342af0848eb2f06778b2737904","name":"Christopher Oliveira dos Reis","image":{"@type":"ImageObject","inLanguage":"pt-BR","@id":"https:\/\/secure.gravatar.com\/avatar\/b09a1361215d06f22999124838358b6855376e2b7287de883b723960b0c03f82?s=96&d=mm&r=g","url":"https:\/\/secure.gravatar.com\/avatar\/b09a1361215d06f22999124838358b6855376e2b7287de883b723960b0c03f82?s=96&d=mm&r=g","contentUrl":"https:\/\/secure.gravatar.com\/avatar\/b09a1361215d06f22999124838358b6855376e2b7287de883b723960b0c03f82?s=96&d=mm&r=g","caption":"Christopher Oliveira dos Reis"},"url":"https:\/\/blog.saocamilo-sp.br\/index.php\/author\/christopher-reis\/"}]}},"_links":{"self":[{"href":"https:\/\/blog.saocamilo-sp.br\/index.php\/wp-json\/wp\/v2\/posts\/1047","targetHints":{"allow":["GET"]}}],"collection":[{"href":"https:\/\/blog.saocamilo-sp.br\/index.php\/wp-json\/wp\/v2\/posts"}],"about":[{"href":"https:\/\/blog.saocamilo-sp.br\/index.php\/wp-json\/wp\/v2\/types\/post"}],"author":[{"embeddable":true,"href":"https:\/\/blog.saocamilo-sp.br\/index.php\/wp-json\/wp\/v2\/users\/11"}],"replies":[{"embeddable":true,"href":"https:\/\/blog.saocamilo-sp.br\/index.php\/wp-json\/wp\/v2\/comments?post=1047"}],"version-history":[{"count":14,"href":"https:\/\/blog.saocamilo-sp.br\/index.php\/wp-json\/wp\/v2\/posts\/1047\/revisions"}],"predecessor-version":[{"id":1244,"href":"https:\/\/blog.saocamilo-sp.br\/index.php\/wp-json\/wp\/v2\/posts\/1047\/revisions\/1244"}],"wp:featuredmedia":[{"embeddable":true,"href":"https:\/\/blog.saocamilo-sp.br\/index.php\/wp-json\/wp\/v2\/media\/1243"}],"wp:attachment":[{"href":"https:\/\/blog.saocamilo-sp.br\/index.php\/wp-json\/wp\/v2\/media?parent=1047"}],"wp:term":[{"taxonomy":"category","embeddable":true,"href":"https:\/\/blog.saocamilo-sp.br\/index.php\/wp-json\/wp\/v2\/categories?post=1047"},{"taxonomy":"post_tag","embeddable":true,"href":"https:\/\/blog.saocamilo-sp.br\/index.php\/wp-json\/wp\/v2\/tags?post=1047"}],"curies":[{"name":"wp","href":"https:\/\/api.w.org\/{rel}","templated":true}]}}