{"id":1066,"date":"2023-05-19T12:10:31","date_gmt":"2023-05-19T15:10:31","guid":{"rendered":"https:\/\/blog.saocamilo-sp.br\/?p=1066"},"modified":"2023-06-07T11:51:07","modified_gmt":"2023-06-07T14:51:07","slug":"valorizando-os-auxiliares-e-tecnicos-em-enfermagem","status":"publish","type":"post","link":"https:\/\/blog.saocamilo-sp.br\/index.php\/2023\/05\/19\/valorizando-os-auxiliares-e-tecnicos-em-enfermagem\/","title":{"rendered":"Sa\u00fade: valorizando os Auxiliares e T\u00e9cnicos em Enfermagem"},"content":{"rendered":"\n<div class=\"wp-block-group alignwide\"><div class=\"wp-block-group__inner-container is-layout-constrained wp-block-group-is-layout-constrained\">\n<p>O Dia dos T\u00e9cnicos em Enfermagem \u00e9 celebrado anualmente em 20 de maio e homenageia todos os profissionais que se dedicam a cuidar da sa\u00fade das pessoas, auxiliando os demais profissionais do ramo, como os m\u00e9dicos e enfermeiros.<\/p>\n\n\n\n<p>Com isso, separamos aqui no <a href=\"https:\/\/blog.saocamilo-sp.br\/\" target=\"_blank\" rel=\"noreferrer noopener\">blog<\/a> cinco curiosidades sobre a profiss\u00e3o:<\/p>\n<\/div><\/div>\n\n\n\n<h3 class=\"wp-block-heading\">Atua\u00e7\u00e3o em diversas \u00e1reas:<\/h3>\n\n\n\n<div class=\"wp-block-group alignwide\"><div class=\"wp-block-group__inner-container is-layout-constrained wp-block-group-is-layout-constrained\">\n<p>O profissional T\u00e9cnico em Enfermagem poder\u00e1 atuar em diversas \u00e1reas. Tais como: Hospitais, Cl\u00ednicas, Ambulat\u00f3rios, Unidades B\u00e1sicas de Sa\u00fade, Creches, Consult\u00f3rios m\u00e9dicos, Centro de Diagn\u00f3sticos, Laborat\u00f3rios de An\u00e1lises Cl\u00ednicas.<\/p>\n\n\n\n<h3 class=\"wp-block-heading\">Forma\u00e7\u00e3o abrangente:<\/h3>\n\n\n\n<p>No <a href=\"https:\/\/www.saocamilo.br\/categoria\/unidades\/colegio-sao-camilo-sp\/\" target=\"_blank\" rel=\"noreferrer noopener\">Col\u00e9gio S\u00e3o Camilo<\/a>, o curso tem dura\u00e7\u00e3o de 24 meses e est\u00e1 estruturado em 5 m\u00f3dulos, com carga hor\u00e1ria total de 1820h, sendo 720h de teoria e 400h de est\u00e1gios supervisionados para Qualifica\u00e7\u00e3o em Auxiliar de Enfermagem logo depois ser\u00e1 liberado certificado para o aluno poder atuar na \u00e1rea; e mais 500h de teoria e 200h de est\u00e1gio supervisionados nos IV e V m\u00f3dulos, respectivamente, concluindo a habilita\u00e7\u00e3o como T\u00e9cnicos em Enfermagem.<\/p>\n\n\n\n<h3 class=\"wp-block-heading\">Reconhecimento dos Auxiliares e T\u00e9cnicos em Enfermagem<\/h3>\n\n\n\n<p>Acima de tudo, os T\u00e9cnicos em Enfermagem e Auxiliares s\u00e3o essenciais para o sistema de sa\u00fade e merecem o reconhecimento e valoriza\u00e7\u00e3o pelo seu trabalho.&nbsp;Pois, a Enfermagem \u00e9 a arte do cuidar, sem Enfermagem n\u00e3o h\u00e1 cuidado, e sem cuidado n\u00e3o h\u00e1 Vida.<\/p>\n\n\n\n<h3 class=\"wp-block-heading\">Aprendizado Pr\u00e1tico em Est\u00e1gios&nbsp;<\/h3>\n\n\n\n<p>Al\u00e9m disso, no Col\u00e9gio S\u00e3o Camilo o curso inicia com disciplinas essenciais da \u00e1rea da sa\u00fade e est\u00e1gios supervisionados em hospitais conveniados desde o m\u00f3dulo I. Sendo assim, o aluno tem a oportunidade de vivenciar a din\u00e2mica do dia a dia nos hospitais em diversas \u00e1reas.<\/p>\n\n\n\n<h3 class=\"wp-block-heading\">S\u00edmbolo da Enfermagem<\/h3>\n\n\n\n<p>O s\u00edmbolo da enfermagem \u00e9 uma l\u00e2mpada a \u00f3leo, uma homenagem \u00e0 Florence Nightingale. Durante a Guerra da Crimeia, ela ficou conhecida como a \u201cDama da L\u00e2mpada\u201d, pois utilizava uma l\u00e2mpada a \u00f3leo para caminhar e cuidar dos pacientes durante \u00e0 noite.<\/p>\n\n\n\n<iframe loading=\"lazy\" src=\"https:\/\/saocamilo.apprbs.com.br\/tenho-interesse-blog\" height=\"530px\" width=\"100%\" frameborder=\"0\"><\/iframe>\n<\/div><\/div>\n","protected":false},"excerpt":{"rendered":"<p>O Dia do T\u00e9cnico e Auxiliar em Enfermagem \u00e9 celebrado anualmente em 20 de maio e homenageia esses profisisonais dedicados \u00e0 sa\u00fade.<\/p>\n","protected":false},"author":11,"featured_media":1235,"comment_status":"open","ping_status":"open","sticky":false,"template":"","format":"standard","meta":{"cybocfi_hide_featured_image":"yes","footnotes":""},"categories":[1],"tags":[9,16],"class_list":["post-1066","post","type-post","status-publish","format-standard","has-post-thumbnail","hentry","category-cursos","tag-enfermagem","tag-vida-universitaria"],"yoast_head":"<!-- This site is optimized with the Yoast SEO plugin v27.4 - https:\/\/yoast.com\/product\/yoast-seo-wordpress\/ -->\n<title>Valorizando o Auxiliares e T\u00e9cnicos em Enfermagem<\/title>\n<meta name=\"description\" content=\"Saiba sobre a dedica\u00e7\u00e3o e comprometimento dos auxiliares e t\u00e9cnicos em enfermagem na \u00e1rea da sa\u00fade, cuidando do bem-estar dos pacientes.\" \/>\n<meta name=\"robots\" content=\"index, follow, max-snippet:-1, max-image-preview:large, max-video-preview:-1\" \/>\n<link rel=\"canonical\" href=\"https:\/\/blog.saocamilo-sp.br\/index.php\/2023\/05\/19\/valorizando-os-auxiliares-e-tecnicos-em-enfermagem\/\" \/>\n<meta property=\"og:locale\" content=\"pt_BR\" \/>\n<meta property=\"og:type\" content=\"article\" \/>\n<meta property=\"og:title\" content=\"Valorizando o Auxiliares e T\u00e9cnicos em Enfermagem\" \/>\n<meta property=\"og:description\" content=\"Saiba sobre a dedica\u00e7\u00e3o e comprometimento dos auxiliares e t\u00e9cnicos em enfermagem na \u00e1rea da sa\u00fade, cuidando do bem-estar dos pacientes.\" \/>\n<meta property=\"og:url\" content=\"https:\/\/blog.saocamilo-sp.br\/index.php\/2023\/05\/19\/valorizando-os-auxiliares-e-tecnicos-em-enfermagem\/\" \/>\n<meta property=\"og:site_name\" content=\"Blog S\u00e3o Camilo\" \/>\n<meta property=\"article:publisher\" content=\"https:\/\/www.facebook.com\/saocamilosp\" \/>\n<meta property=\"article:published_time\" content=\"2023-05-19T15:10:31+00:00\" \/>\n<meta property=\"article:modified_time\" content=\"2023-06-07T14:51:07+00:00\" \/>\n<meta property=\"og:image\" content=\"https:\/\/blog.saocamilo-sp.br\/wp-content\/uploads\/2023\/05\/Dia_do_tecnico_enfermagem.png\" \/>\n\t<meta property=\"og:image:width\" content=\"600\" \/>\n\t<meta property=\"og:image:height\" content=\"400\" \/>\n\t<meta property=\"og:image:type\" content=\"image\/png\" \/>\n<meta name=\"author\" content=\"Christopher Oliveira dos Reis\" \/>\n<meta name=\"twitter:card\" content=\"summary_large_image\" \/>\n<meta name=\"twitter:creator\" content=\"@saocamilosp\" \/>\n<meta name=\"twitter:site\" content=\"@saocamilosp\" \/>\n<meta name=\"twitter:label1\" content=\"Escrito por\" \/>\n\t<meta name=\"twitter:data1\" content=\"Christopher Oliveira dos Reis\" \/>\n\t<meta name=\"twitter:label2\" content=\"Est. tempo de leitura\" \/>\n\t<meta name=\"twitter:data2\" content=\"2 minutos\" \/>\n<script type=\"application\/ld+json\" class=\"yoast-schema-graph\">{\"@context\":\"https:\\\/\\\/schema.org\",\"@graph\":[{\"@type\":\"Article\",\"@id\":\"https:\\\/\\\/blog.saocamilo-sp.br\\\/index.php\\\/2023\\\/05\\\/19\\\/valorizando-os-auxiliares-e-tecnicos-em-enfermagem\\\/#article\",\"isPartOf\":{\"@id\":\"https:\\\/\\\/blog.saocamilo-sp.br\\\/index.php\\\/2023\\\/05\\\/19\\\/valorizando-os-auxiliares-e-tecnicos-em-enfermagem\\\/\"},\"author\":{\"name\":\"Christopher Oliveira dos Reis\",\"@id\":\"https:\\\/\\\/blog.saocamilo-sp.br\\\/#\\\/schema\\\/person\\\/7dce5f342af0848eb2f06778b2737904\"},\"headline\":\"Sa\u00fade: valorizando os Auxiliares e T\u00e9cnicos em Enfermagem\",\"datePublished\":\"2023-05-19T15:10:31+00:00\",\"dateModified\":\"2023-06-07T14:51:07+00:00\",\"mainEntityOfPage\":{\"@id\":\"https:\\\/\\\/blog.saocamilo-sp.br\\\/index.php\\\/2023\\\/05\\\/19\\\/valorizando-os-auxiliares-e-tecnicos-em-enfermagem\\\/\"},\"wordCount\":356,\"commentCount\":0,\"publisher\":{\"@id\":\"https:\\\/\\\/blog.saocamilo-sp.br\\\/#organization\"},\"image\":{\"@id\":\"https:\\\/\\\/blog.saocamilo-sp.br\\\/index.php\\\/2023\\\/05\\\/19\\\/valorizando-os-auxiliares-e-tecnicos-em-enfermagem\\\/#primaryimage\"},\"thumbnailUrl\":\"https:\\\/\\\/blog.saocamilo-sp.br\\\/wp-content\\\/uploads\\\/2023\\\/05\\\/Dia_do_tecnico_enfermagem.png\",\"keywords\":[\"Enfermagem\",\"Vida Universit\u00e1ria\"],\"articleSection\":[\"Cursos\"],\"inLanguage\":\"pt-BR\",\"potentialAction\":[{\"@type\":\"CommentAction\",\"name\":\"Comment\",\"target\":[\"https:\\\/\\\/blog.saocamilo-sp.br\\\/index.php\\\/2023\\\/05\\\/19\\\/valorizando-os-auxiliares-e-tecnicos-em-enfermagem\\\/#respond\"]}]},{\"@type\":\"WebPage\",\"@id\":\"https:\\\/\\\/blog.saocamilo-sp.br\\\/index.php\\\/2023\\\/05\\\/19\\\/valorizando-os-auxiliares-e-tecnicos-em-enfermagem\\\/\",\"url\":\"https:\\\/\\\/blog.saocamilo-sp.br\\\/index.php\\\/2023\\\/05\\\/19\\\/valorizando-os-auxiliares-e-tecnicos-em-enfermagem\\\/\",\"name\":\"Valorizando o Auxiliares e T\u00e9cnicos em Enfermagem\",\"isPartOf\":{\"@id\":\"https:\\\/\\\/blog.saocamilo-sp.br\\\/#website\"},\"primaryImageOfPage\":{\"@id\":\"https:\\\/\\\/blog.saocamilo-sp.br\\\/index.php\\\/2023\\\/05\\\/19\\\/valorizando-os-auxiliares-e-tecnicos-em-enfermagem\\\/#primaryimage\"},\"image\":{\"@id\":\"https:\\\/\\\/blog.saocamilo-sp.br\\\/index.php\\\/2023\\\/05\\\/19\\\/valorizando-os-auxiliares-e-tecnicos-em-enfermagem\\\/#primaryimage\"},\"thumbnailUrl\":\"https:\\\/\\\/blog.saocamilo-sp.br\\\/wp-content\\\/uploads\\\/2023\\\/05\\\/Dia_do_tecnico_enfermagem.png\",\"datePublished\":\"2023-05-19T15:10:31+00:00\",\"dateModified\":\"2023-06-07T14:51:07+00:00\",\"description\":\"Saiba sobre a dedica\u00e7\u00e3o e comprometimento dos auxiliares e t\u00e9cnicos em enfermagem na \u00e1rea da sa\u00fade, cuidando do bem-estar dos pacientes.\",\"breadcrumb\":{\"@id\":\"https:\\\/\\\/blog.saocamilo-sp.br\\\/index.php\\\/2023\\\/05\\\/19\\\/valorizando-os-auxiliares-e-tecnicos-em-enfermagem\\\/#breadcrumb\"},\"inLanguage\":\"pt-BR\",\"potentialAction\":[{\"@type\":\"ReadAction\",\"target\":[\"https:\\\/\\\/blog.saocamilo-sp.br\\\/index.php\\\/2023\\\/05\\\/19\\\/valorizando-os-auxiliares-e-tecnicos-em-enfermagem\\\/\"]}]},{\"@type\":\"BreadcrumbList\",\"@id\":\"https:\\\/\\\/blog.saocamilo-sp.br\\\/index.php\\\/2023\\\/05\\\/19\\\/valorizando-os-auxiliares-e-tecnicos-em-enfermagem\\\/#breadcrumb\",\"itemListElement\":[{\"@type\":\"ListItem\",\"position\":1,\"name\":\"In\u00edcio\",\"item\":\"https:\\\/\\\/blog.saocamilo-sp.br\\\/\"},{\"@type\":\"ListItem\",\"position\":2,\"name\":\"Sa\u00fade: valorizando os Auxiliares e T\u00e9cnicos em Enfermagem\"}]},{\"@type\":\"WebSite\",\"@id\":\"https:\\\/\\\/blog.saocamilo-sp.br\\\/#website\",\"url\":\"https:\\\/\\\/blog.saocamilo-sp.br\\\/\",\"name\":\"Blog S\u00e3o Camilo\",\"description\":\"Blog do Centro Universit\u00e1rio S\u00e3o Camilo\",\"publisher\":{\"@id\":\"https:\\\/\\\/blog.saocamilo-sp.br\\\/#organization\"},\"potentialAction\":[{\"@type\":\"SearchAction\",\"target\":{\"@type\":\"EntryPoint\",\"urlTemplate\":\"https:\\\/\\\/blog.saocamilo-sp.br\\\/?s={search_term_string}\"},\"query-input\":{\"@type\":\"PropertyValueSpecification\",\"valueRequired\":true,\"valueName\":\"search_term_string\"}}],\"inLanguage\":\"pt-BR\"},{\"@type\":\"Organization\",\"@id\":\"https:\\\/\\\/blog.saocamilo-sp.br\\\/#organization\",\"name\":\"Blog S\u00e3o Camilo\",\"url\":\"https:\\\/\\\/blog.saocamilo-sp.br\\\/\",\"logo\":{\"@type\":\"ImageObject\",\"inLanguage\":\"pt-BR\",\"@id\":\"https:\\\/\\\/blog.saocamilo-sp.br\\\/#\\\/schema\\\/logo\\\/image\\\/\",\"url\":\"https:\\\/\\\/blog.saocamilo-sp.br\\\/wp-content\\\/uploads\\\/2021\\\/12\\\/cropped-vazio-logo-topo.png\",\"contentUrl\":\"https:\\\/\\\/blog.saocamilo-sp.br\\\/wp-content\\\/uploads\\\/2021\\\/12\\\/cropped-vazio-logo-topo.png\",\"width\":320,\"height\":240,\"caption\":\"Blog S\u00e3o Camilo\"},\"image\":{\"@id\":\"https:\\\/\\\/blog.saocamilo-sp.br\\\/#\\\/schema\\\/logo\\\/image\\\/\"},\"sameAs\":[\"https:\\\/\\\/www.facebook.com\\\/saocamilosp\",\"https:\\\/\\\/x.com\\\/saocamilosp\",\"https:\\\/\\\/www.linkedin.com\\\/school\\\/centro-universit-rio-s-o-camilo\\\/\"]},{\"@type\":\"Person\",\"@id\":\"https:\\\/\\\/blog.saocamilo-sp.br\\\/#\\\/schema\\\/person\\\/7dce5f342af0848eb2f06778b2737904\",\"name\":\"Christopher Oliveira dos Reis\",\"image\":{\"@type\":\"ImageObject\",\"inLanguage\":\"pt-BR\",\"@id\":\"https:\\\/\\\/secure.gravatar.com\\\/avatar\\\/b09a1361215d06f22999124838358b6855376e2b7287de883b723960b0c03f82?s=96&d=mm&r=g\",\"url\":\"https:\\\/\\\/secure.gravatar.com\\\/avatar\\\/b09a1361215d06f22999124838358b6855376e2b7287de883b723960b0c03f82?s=96&d=mm&r=g\",\"contentUrl\":\"https:\\\/\\\/secure.gravatar.com\\\/avatar\\\/b09a1361215d06f22999124838358b6855376e2b7287de883b723960b0c03f82?s=96&d=mm&r=g\",\"caption\":\"Christopher Oliveira dos Reis\"},\"url\":\"https:\\\/\\\/blog.saocamilo-sp.br\\\/index.php\\\/author\\\/christopher-reis\\\/\"}]}<\/script>\n<!-- \/ Yoast SEO plugin. -->","yoast_head_json":{"title":"Valorizando o Auxiliares e T\u00e9cnicos em Enfermagem","description":"Saiba sobre a dedica\u00e7\u00e3o e comprometimento dos auxiliares e t\u00e9cnicos em enfermagem na \u00e1rea da sa\u00fade, cuidando do bem-estar dos pacientes.","robots":{"index":"index","follow":"follow","max-snippet":"max-snippet:-1","max-image-preview":"max-image-preview:large","max-video-preview":"max-video-preview:-1"},"canonical":"https:\/\/blog.saocamilo-sp.br\/index.php\/2023\/05\/19\/valorizando-os-auxiliares-e-tecnicos-em-enfermagem\/","og_locale":"pt_BR","og_type":"article","og_title":"Valorizando o Auxiliares e T\u00e9cnicos em Enfermagem","og_description":"Saiba sobre a dedica\u00e7\u00e3o e comprometimento dos auxiliares e t\u00e9cnicos em enfermagem na \u00e1rea da sa\u00fade, cuidando do bem-estar dos pacientes.","og_url":"https:\/\/blog.saocamilo-sp.br\/index.php\/2023\/05\/19\/valorizando-os-auxiliares-e-tecnicos-em-enfermagem\/","og_site_name":"Blog S\u00e3o Camilo","article_publisher":"https:\/\/www.facebook.com\/saocamilosp","article_published_time":"2023-05-19T15:10:31+00:00","article_modified_time":"2023-06-07T14:51:07+00:00","og_image":[{"width":600,"height":400,"url":"https:\/\/blog.saocamilo-sp.br\/wp-content\/uploads\/2023\/05\/Dia_do_tecnico_enfermagem.png","type":"image\/png"}],"author":"Christopher Oliveira dos Reis","twitter_card":"summary_large_image","twitter_creator":"@saocamilosp","twitter_site":"@saocamilosp","twitter_misc":{"Escrito por":"Christopher Oliveira dos Reis","Est. tempo de leitura":"2 minutos"},"schema":{"@context":"https:\/\/schema.org","@graph":[{"@type":"Article","@id":"https:\/\/blog.saocamilo-sp.br\/index.php\/2023\/05\/19\/valorizando-os-auxiliares-e-tecnicos-em-enfermagem\/#article","isPartOf":{"@id":"https:\/\/blog.saocamilo-sp.br\/index.php\/2023\/05\/19\/valorizando-os-auxiliares-e-tecnicos-em-enfermagem\/"},"author":{"name":"Christopher Oliveira dos Reis","@id":"https:\/\/blog.saocamilo-sp.br\/#\/schema\/person\/7dce5f342af0848eb2f06778b2737904"},"headline":"Sa\u00fade: valorizando os Auxiliares e T\u00e9cnicos em Enfermagem","datePublished":"2023-05-19T15:10:31+00:00","dateModified":"2023-06-07T14:51:07+00:00","mainEntityOfPage":{"@id":"https:\/\/blog.saocamilo-sp.br\/index.php\/2023\/05\/19\/valorizando-os-auxiliares-e-tecnicos-em-enfermagem\/"},"wordCount":356,"commentCount":0,"publisher":{"@id":"https:\/\/blog.saocamilo-sp.br\/#organization"},"image":{"@id":"https:\/\/blog.saocamilo-sp.br\/index.php\/2023\/05\/19\/valorizando-os-auxiliares-e-tecnicos-em-enfermagem\/#primaryimage"},"thumbnailUrl":"https:\/\/blog.saocamilo-sp.br\/wp-content\/uploads\/2023\/05\/Dia_do_tecnico_enfermagem.png","keywords":["Enfermagem","Vida Universit\u00e1ria"],"articleSection":["Cursos"],"inLanguage":"pt-BR","potentialAction":[{"@type":"CommentAction","name":"Comment","target":["https:\/\/blog.saocamilo-sp.br\/index.php\/2023\/05\/19\/valorizando-os-auxiliares-e-tecnicos-em-enfermagem\/#respond"]}]},{"@type":"WebPage","@id":"https:\/\/blog.saocamilo-sp.br\/index.php\/2023\/05\/19\/valorizando-os-auxiliares-e-tecnicos-em-enfermagem\/","url":"https:\/\/blog.saocamilo-sp.br\/index.php\/2023\/05\/19\/valorizando-os-auxiliares-e-tecnicos-em-enfermagem\/","name":"Valorizando o Auxiliares e T\u00e9cnicos em Enfermagem","isPartOf":{"@id":"https:\/\/blog.saocamilo-sp.br\/#website"},"primaryImageOfPage":{"@id":"https:\/\/blog.saocamilo-sp.br\/index.php\/2023\/05\/19\/valorizando-os-auxiliares-e-tecnicos-em-enfermagem\/#primaryimage"},"image":{"@id":"https:\/\/blog.saocamilo-sp.br\/index.php\/2023\/05\/19\/valorizando-os-auxiliares-e-tecnicos-em-enfermagem\/#primaryimage"},"thumbnailUrl":"https:\/\/blog.saocamilo-sp.br\/wp-content\/uploads\/2023\/05\/Dia_do_tecnico_enfermagem.png","datePublished":"2023-05-19T15:10:31+00:00","dateModified":"2023-06-07T14:51:07+00:00","description":"Saiba sobre a dedica\u00e7\u00e3o e comprometimento dos auxiliares e t\u00e9cnicos em enfermagem na \u00e1rea da sa\u00fade, cuidando do bem-estar dos pacientes.","breadcrumb":{"@id":"https:\/\/blog.saocamilo-sp.br\/index.php\/2023\/05\/19\/valorizando-os-auxiliares-e-tecnicos-em-enfermagem\/#breadcrumb"},"inLanguage":"pt-BR","potentialAction":[{"@type":"ReadAction","target":["https:\/\/blog.saocamilo-sp.br\/index.php\/2023\/05\/19\/valorizando-os-auxiliares-e-tecnicos-em-enfermagem\/"]}]},{"@type":"BreadcrumbList","@id":"https:\/\/blog.saocamilo-sp.br\/index.php\/2023\/05\/19\/valorizando-os-auxiliares-e-tecnicos-em-enfermagem\/#breadcrumb","itemListElement":[{"@type":"ListItem","position":1,"name":"In\u00edcio","item":"https:\/\/blog.saocamilo-sp.br\/"},{"@type":"ListItem","position":2,"name":"Sa\u00fade: valorizando os Auxiliares e T\u00e9cnicos em Enfermagem"}]},{"@type":"WebSite","@id":"https:\/\/blog.saocamilo-sp.br\/#website","url":"https:\/\/blog.saocamilo-sp.br\/","name":"Blog S\u00e3o Camilo","description":"Blog do Centro Universit\u00e1rio S\u00e3o Camilo","publisher":{"@id":"https:\/\/blog.saocamilo-sp.br\/#organization"},"potentialAction":[{"@type":"SearchAction","target":{"@type":"EntryPoint","urlTemplate":"https:\/\/blog.saocamilo-sp.br\/?s={search_term_string}"},"query-input":{"@type":"PropertyValueSpecification","valueRequired":true,"valueName":"search_term_string"}}],"inLanguage":"pt-BR"},{"@type":"Organization","@id":"https:\/\/blog.saocamilo-sp.br\/#organization","name":"Blog S\u00e3o Camilo","url":"https:\/\/blog.saocamilo-sp.br\/","logo":{"@type":"ImageObject","inLanguage":"pt-BR","@id":"https:\/\/blog.saocamilo-sp.br\/#\/schema\/logo\/image\/","url":"https:\/\/blog.saocamilo-sp.br\/wp-content\/uploads\/2021\/12\/cropped-vazio-logo-topo.png","contentUrl":"https:\/\/blog.saocamilo-sp.br\/wp-content\/uploads\/2021\/12\/cropped-vazio-logo-topo.png","width":320,"height":240,"caption":"Blog S\u00e3o Camilo"},"image":{"@id":"https:\/\/blog.saocamilo-sp.br\/#\/schema\/logo\/image\/"},"sameAs":["https:\/\/www.facebook.com\/saocamilosp","https:\/\/x.com\/saocamilosp","https:\/\/www.linkedin.com\/school\/centro-universit-rio-s-o-camilo\/"]},{"@type":"Person","@id":"https:\/\/blog.saocamilo-sp.br\/#\/schema\/person\/7dce5f342af0848eb2f06778b2737904","name":"Christopher Oliveira dos Reis","image":{"@type":"ImageObject","inLanguage":"pt-BR","@id":"https:\/\/secure.gravatar.com\/avatar\/b09a1361215d06f22999124838358b6855376e2b7287de883b723960b0c03f82?s=96&d=mm&r=g","url":"https:\/\/secure.gravatar.com\/avatar\/b09a1361215d06f22999124838358b6855376e2b7287de883b723960b0c03f82?s=96&d=mm&r=g","contentUrl":"https:\/\/secure.gravatar.com\/avatar\/b09a1361215d06f22999124838358b6855376e2b7287de883b723960b0c03f82?s=96&d=mm&r=g","caption":"Christopher Oliveira dos Reis"},"url":"https:\/\/blog.saocamilo-sp.br\/index.php\/author\/christopher-reis\/"}]}},"_links":{"self":[{"href":"https:\/\/blog.saocamilo-sp.br\/index.php\/wp-json\/wp\/v2\/posts\/1066","targetHints":{"allow":["GET"]}}],"collection":[{"href":"https:\/\/blog.saocamilo-sp.br\/index.php\/wp-json\/wp\/v2\/posts"}],"about":[{"href":"https:\/\/blog.saocamilo-sp.br\/index.php\/wp-json\/wp\/v2\/types\/post"}],"author":[{"embeddable":true,"href":"https:\/\/blog.saocamilo-sp.br\/index.php\/wp-json\/wp\/v2\/users\/11"}],"replies":[{"embeddable":true,"href":"https:\/\/blog.saocamilo-sp.br\/index.php\/wp-json\/wp\/v2\/comments?post=1066"}],"version-history":[{"count":14,"href":"https:\/\/blog.saocamilo-sp.br\/index.php\/wp-json\/wp\/v2\/posts\/1066\/revisions"}],"predecessor-version":[{"id":1241,"href":"https:\/\/blog.saocamilo-sp.br\/index.php\/wp-json\/wp\/v2\/posts\/1066\/revisions\/1241"}],"wp:featuredmedia":[{"embeddable":true,"href":"https:\/\/blog.saocamilo-sp.br\/index.php\/wp-json\/wp\/v2\/media\/1235"}],"wp:attachment":[{"href":"https:\/\/blog.saocamilo-sp.br\/index.php\/wp-json\/wp\/v2\/media?parent=1066"}],"wp:term":[{"taxonomy":"category","embeddable":true,"href":"https:\/\/blog.saocamilo-sp.br\/index.php\/wp-json\/wp\/v2\/categories?post=1066"},{"taxonomy":"post_tag","embeddable":true,"href":"https:\/\/blog.saocamilo-sp.br\/index.php\/wp-json\/wp\/v2\/tags?post=1066"}],"curies":[{"name":"wp","href":"https:\/\/api.w.org\/{rel}","templated":true}]}}