{"id":1067,"date":"2023-05-24T08:00:00","date_gmt":"2023-05-24T11:00:00","guid":{"rendered":"https:\/\/blog.saocamilo-sp.br\/?p=1067"},"modified":"2023-06-07T10:37:32","modified_gmt":"2023-06-07T13:37:32","slug":"dia-do-vestibulando-uma-celebracao-historica","status":"publish","type":"post","link":"https:\/\/blog.saocamilo-sp.br\/index.php\/2023\/05\/24\/dia-do-vestibulando-uma-celebracao-historica\/","title":{"rendered":"Dia do Vestibulando &#8211; Uma celebra\u00e7\u00e3o hist\u00f3rica para a Educa\u00e7\u00e3o"},"content":{"rendered":"\n<p>Voc\u00ea sabia que o dia do vestibulando (24\/05) \u00e9 uma celebra\u00e7\u00e3o em homenagem \u00e0 primeira prova de vestibular aplicada no Brasil?<\/p>\n\n\n\n<p>O vestibular \u00e9 mais do que um simples exame, \u00e9 a porta de entrada para um mundo de possibilidades e realiza\u00e7\u00f5es. \u00c9 a chance de conquistar os seus sonhos e trilhar o caminho do sucesso acad\u00eamico.<\/p>\n\n\n\n<p>No vestibular, cada pergunta \u00e9 um desafio que testa o seu conhecimento, a sua dedica\u00e7\u00e3o e o seu potencial.<\/p>\n\n\n\n<p>Pensando nisso, aqui v\u00e3o algumas curiosidades sobre o tema:<\/p>\n\n\n\n<p>1) <strong>Motivo:<\/strong> A data escolhida para o dia do vestibulando homenageia a primeira prova de vestibular aplicada no Brasil, em 1911, pela Universidade do Rio de Janeiro. <\/p>\n\n\n\n<p><strong>2)<\/strong> <strong>Origem: <\/strong>o  termo &#8220;vestibular&#8221; deriva do latim &#8220;vestibulum&#8221;, que significa &#8220;entrada&#8221;. Ainda que no passado, as pessoas o denominavam como &#8220;exame vestibular&#8221;, representando o ingresso em uma nova etapa de conhecimento.<\/p>\n\n\n\n<p><strong>3)<\/strong> <strong>Estrat\u00e9gia: <\/strong>A prepara\u00e7\u00e3o para o vestibular envolve diversas t\u00e9cnicas e m\u00e9todos de estudo. Desde a resolu\u00e7\u00e3o de exerc\u00edcios at\u00e9 a revis\u00e3o de conte\u00fado, a realiza\u00e7\u00e3o de simulados e a aplica\u00e7\u00e3o de t\u00e9cnicas de memoriza\u00e7\u00e3o.<\/p>\n\n\n\n<p><strong>4) Nomes ao redor mundo: <\/strong>Em Portugal, os estudantes em prepara\u00e7\u00e3o para o vestibular s\u00e3o conhecidos como &#8220;candidatos a aluno&#8221;, enquanto nos Estados Unidos s\u00e3o chamados de &#8220;college applicants&#8221;. <\/p>\n\n\n\n<p>Na Alemanha, n\u00e3o h\u00e1 vestibular. Sendo assim, para se candidatar a uma vaga na universidade, o que contam s\u00e3o as notas de conclus\u00e3o do ensino m\u00e9dio. Contudo, com o certificado, o aluno escolhe a institui\u00e7\u00e3o que quiser, e esta decide se o aceita ou n\u00e3o. <\/p>\n\n\n\n<p><\/p>\n\n\n\n<p><a href=\"https:\/\/saocamilo-sp.br\/vestibular\" target=\"_blank\" rel=\"noreferrer noopener\">Inscreva-se agora<\/a> no vestibular do <a href=\"https:\/\/blog.saocamilo-sp.br\/\" target=\"_blank\" rel=\"noreferrer noopener\">Centro Universit\u00e1rio S\u00e3o Camilo<\/a>, somos seu parceiro nessa jornada, oferecendo um ensino de qualidade e uma estrutura completa para o seu crescimento. <\/p>\n\n\n\n<p>Confie em uma institui\u00e7\u00e3o de ensino reconhecida por sua excel\u00eancia e tradi\u00e7\u00e3o.<\/p>\n\n\n\n<iframe loading=\"lazy\" src=\"https:\/\/saocamilo.apprbs.com.br\/tenho-interesse-blog\" height=\"530px\" width=\"100%\" frameborder=\"0\"><\/iframe>\n\n\n\n<p><\/p>\n","protected":false},"excerpt":{"rendered":"<p>Voc\u00ea sabia que o dia do vestibulando \u00e9 uma celebra\u00e7\u00e3o em homenagem \u00e0 primeira prova de vestibular aplicada no Brasil? Confira mais curiosidades no post.<\/p>\n","protected":false},"author":5,"featured_media":1221,"comment_status":"open","ping_status":"open","sticky":false,"template":"","format":"standard","meta":{"cybocfi_hide_featured_image":"yes","footnotes":""},"categories":[1,85],"tags":[18,16],"class_list":["post-1067","post","type-post","status-publish","format-standard","has-post-thumbnail","hentry","category-cursos","category-vestibular","tag-vestibular","tag-vida-universitaria"],"yoast_head":"<!-- This site is optimized with the Yoast SEO plugin v27.5 - https:\/\/yoast.com\/product\/yoast-seo-wordpress\/ -->\n<title>Dia do Vestibulando - Uma Celebra\u00e7\u00e3o Hist\u00f3rica<\/title>\n<meta name=\"description\" content=\"Voc\u00ea sabia que o dia do vestibulando \u00e9 uma celebra\u00e7\u00e3o em homenagem \u00e0 primeira prova de vestibular aplicada no Brasil?\" \/>\n<meta name=\"robots\" content=\"index, follow, max-snippet:-1, max-image-preview:large, max-video-preview:-1\" \/>\n<link rel=\"canonical\" href=\"https:\/\/blog.saocamilo-sp.br\/index.php\/2023\/05\/24\/dia-do-vestibulando-uma-celebracao-historica\/\" \/>\n<meta property=\"og:locale\" content=\"pt_BR\" \/>\n<meta property=\"og:type\" content=\"article\" \/>\n<meta property=\"og:title\" content=\"Dia do Vestibulando - Uma Celebra\u00e7\u00e3o Hist\u00f3rica\" \/>\n<meta property=\"og:description\" content=\"Voc\u00ea sabia que o dia do vestibulando \u00e9 uma celebra\u00e7\u00e3o em homenagem \u00e0 primeira prova de vestibular aplicada no Brasil?\" \/>\n<meta property=\"og:url\" content=\"https:\/\/blog.saocamilo-sp.br\/index.php\/2023\/05\/24\/dia-do-vestibulando-uma-celebracao-historica\/\" \/>\n<meta property=\"og:site_name\" content=\"Blog S\u00e3o Camilo\" \/>\n<meta property=\"article:publisher\" content=\"https:\/\/www.facebook.com\/saocamilosp\" \/>\n<meta property=\"article:published_time\" content=\"2023-05-24T11:00:00+00:00\" \/>\n<meta property=\"article:modified_time\" content=\"2023-06-07T13:37:32+00:00\" \/>\n<meta property=\"og:image\" content=\"https:\/\/blog.saocamilo-sp.br\/wp-content\/uploads\/2023\/05\/Dia_do_vestibulando.png\" \/>\n\t<meta property=\"og:image:width\" content=\"600\" \/>\n\t<meta property=\"og:image:height\" content=\"400\" \/>\n\t<meta property=\"og:image:type\" content=\"image\/png\" \/>\n<meta name=\"author\" content=\"Giancarlo Bonato\" \/>\n<meta name=\"twitter:card\" content=\"summary_large_image\" \/>\n<meta name=\"twitter:creator\" content=\"@saocamilosp\" \/>\n<meta name=\"twitter:site\" content=\"@saocamilosp\" \/>\n<meta name=\"twitter:label1\" content=\"Escrito por\" \/>\n\t<meta name=\"twitter:data1\" content=\"Giancarlo Bonato\" \/>\n\t<meta name=\"twitter:label2\" content=\"Est. tempo de leitura\" \/>\n\t<meta name=\"twitter:data2\" content=\"2 minutos\" \/>\n<script type=\"application\/ld+json\" class=\"yoast-schema-graph\">{\"@context\":\"https:\\\/\\\/schema.org\",\"@graph\":[{\"@type\":\"Article\",\"@id\":\"https:\\\/\\\/blog.saocamilo-sp.br\\\/index.php\\\/2023\\\/05\\\/24\\\/dia-do-vestibulando-uma-celebracao-historica\\\/#article\",\"isPartOf\":{\"@id\":\"https:\\\/\\\/blog.saocamilo-sp.br\\\/index.php\\\/2023\\\/05\\\/24\\\/dia-do-vestibulando-uma-celebracao-historica\\\/\"},\"author\":{\"name\":\"Giancarlo Bonato\",\"@id\":\"https:\\\/\\\/blog.saocamilo-sp.br\\\/#\\\/schema\\\/person\\\/2f1abef72dd95b45ae5f8e75003b32a9\"},\"headline\":\"Dia do Vestibulando &#8211; Uma celebra\u00e7\u00e3o hist\u00f3rica para a Educa\u00e7\u00e3o\",\"datePublished\":\"2023-05-24T11:00:00+00:00\",\"dateModified\":\"2023-06-07T13:37:32+00:00\",\"mainEntityOfPage\":{\"@id\":\"https:\\\/\\\/blog.saocamilo-sp.br\\\/index.php\\\/2023\\\/05\\\/24\\\/dia-do-vestibulando-uma-celebracao-historica\\\/\"},\"wordCount\":324,\"commentCount\":0,\"publisher\":{\"@id\":\"https:\\\/\\\/blog.saocamilo-sp.br\\\/#organization\"},\"image\":{\"@id\":\"https:\\\/\\\/blog.saocamilo-sp.br\\\/index.php\\\/2023\\\/05\\\/24\\\/dia-do-vestibulando-uma-celebracao-historica\\\/#primaryimage\"},\"thumbnailUrl\":\"https:\\\/\\\/blog.saocamilo-sp.br\\\/wp-content\\\/uploads\\\/2023\\\/05\\\/Dia_do_vestibulando.png\",\"keywords\":[\"Vestibular\",\"Vida Universit\u00e1ria\"],\"articleSection\":[\"Cursos\",\"Vestibular\"],\"inLanguage\":\"pt-BR\",\"potentialAction\":[{\"@type\":\"CommentAction\",\"name\":\"Comment\",\"target\":[\"https:\\\/\\\/blog.saocamilo-sp.br\\\/index.php\\\/2023\\\/05\\\/24\\\/dia-do-vestibulando-uma-celebracao-historica\\\/#respond\"]}]},{\"@type\":\"WebPage\",\"@id\":\"https:\\\/\\\/blog.saocamilo-sp.br\\\/index.php\\\/2023\\\/05\\\/24\\\/dia-do-vestibulando-uma-celebracao-historica\\\/\",\"url\":\"https:\\\/\\\/blog.saocamilo-sp.br\\\/index.php\\\/2023\\\/05\\\/24\\\/dia-do-vestibulando-uma-celebracao-historica\\\/\",\"name\":\"Dia do Vestibulando - Uma Celebra\u00e7\u00e3o Hist\u00f3rica\",\"isPartOf\":{\"@id\":\"https:\\\/\\\/blog.saocamilo-sp.br\\\/#website\"},\"primaryImageOfPage\":{\"@id\":\"https:\\\/\\\/blog.saocamilo-sp.br\\\/index.php\\\/2023\\\/05\\\/24\\\/dia-do-vestibulando-uma-celebracao-historica\\\/#primaryimage\"},\"image\":{\"@id\":\"https:\\\/\\\/blog.saocamilo-sp.br\\\/index.php\\\/2023\\\/05\\\/24\\\/dia-do-vestibulando-uma-celebracao-historica\\\/#primaryimage\"},\"thumbnailUrl\":\"https:\\\/\\\/blog.saocamilo-sp.br\\\/wp-content\\\/uploads\\\/2023\\\/05\\\/Dia_do_vestibulando.png\",\"datePublished\":\"2023-05-24T11:00:00+00:00\",\"dateModified\":\"2023-06-07T13:37:32+00:00\",\"description\":\"Voc\u00ea sabia que o dia do vestibulando \u00e9 uma celebra\u00e7\u00e3o em homenagem \u00e0 primeira prova de vestibular aplicada no Brasil?\",\"breadcrumb\":{\"@id\":\"https:\\\/\\\/blog.saocamilo-sp.br\\\/index.php\\\/2023\\\/05\\\/24\\\/dia-do-vestibulando-uma-celebracao-historica\\\/#breadcrumb\"},\"inLanguage\":\"pt-BR\",\"potentialAction\":[{\"@type\":\"ReadAction\",\"target\":[\"https:\\\/\\\/blog.saocamilo-sp.br\\\/index.php\\\/2023\\\/05\\\/24\\\/dia-do-vestibulando-uma-celebracao-historica\\\/\"]}]},{\"@type\":\"BreadcrumbList\",\"@id\":\"https:\\\/\\\/blog.saocamilo-sp.br\\\/index.php\\\/2023\\\/05\\\/24\\\/dia-do-vestibulando-uma-celebracao-historica\\\/#breadcrumb\",\"itemListElement\":[{\"@type\":\"ListItem\",\"position\":1,\"name\":\"In\u00edcio\",\"item\":\"https:\\\/\\\/blog.saocamilo-sp.br\\\/\"},{\"@type\":\"ListItem\",\"position\":2,\"name\":\"Dia do Vestibulando &#8211; Uma celebra\u00e7\u00e3o hist\u00f3rica para a Educa\u00e7\u00e3o\"}]},{\"@type\":\"WebSite\",\"@id\":\"https:\\\/\\\/blog.saocamilo-sp.br\\\/#website\",\"url\":\"https:\\\/\\\/blog.saocamilo-sp.br\\\/\",\"name\":\"Blog S\u00e3o Camilo\",\"description\":\"Blog do Centro Universit\u00e1rio S\u00e3o Camilo\",\"publisher\":{\"@id\":\"https:\\\/\\\/blog.saocamilo-sp.br\\\/#organization\"},\"potentialAction\":[{\"@type\":\"SearchAction\",\"target\":{\"@type\":\"EntryPoint\",\"urlTemplate\":\"https:\\\/\\\/blog.saocamilo-sp.br\\\/?s={search_term_string}\"},\"query-input\":{\"@type\":\"PropertyValueSpecification\",\"valueRequired\":true,\"valueName\":\"search_term_string\"}}],\"inLanguage\":\"pt-BR\"},{\"@type\":\"Organization\",\"@id\":\"https:\\\/\\\/blog.saocamilo-sp.br\\\/#organization\",\"name\":\"Blog S\u00e3o Camilo\",\"url\":\"https:\\\/\\\/blog.saocamilo-sp.br\\\/\",\"logo\":{\"@type\":\"ImageObject\",\"inLanguage\":\"pt-BR\",\"@id\":\"https:\\\/\\\/blog.saocamilo-sp.br\\\/#\\\/schema\\\/logo\\\/image\\\/\",\"url\":\"https:\\\/\\\/blog.saocamilo-sp.br\\\/wp-content\\\/uploads\\\/2021\\\/12\\\/cropped-vazio-logo-topo.png\",\"contentUrl\":\"https:\\\/\\\/blog.saocamilo-sp.br\\\/wp-content\\\/uploads\\\/2021\\\/12\\\/cropped-vazio-logo-topo.png\",\"width\":320,\"height\":240,\"caption\":\"Blog S\u00e3o Camilo\"},\"image\":{\"@id\":\"https:\\\/\\\/blog.saocamilo-sp.br\\\/#\\\/schema\\\/logo\\\/image\\\/\"},\"sameAs\":[\"https:\\\/\\\/www.facebook.com\\\/saocamilosp\",\"https:\\\/\\\/x.com\\\/saocamilosp\",\"https:\\\/\\\/www.linkedin.com\\\/school\\\/centro-universit-rio-s-o-camilo\\\/\"]},{\"@type\":\"Person\",\"@id\":\"https:\\\/\\\/blog.saocamilo-sp.br\\\/#\\\/schema\\\/person\\\/2f1abef72dd95b45ae5f8e75003b32a9\",\"name\":\"Giancarlo Bonato\",\"image\":{\"@type\":\"ImageObject\",\"inLanguage\":\"pt-BR\",\"@id\":\"https:\\\/\\\/secure.gravatar.com\\\/avatar\\\/cbed0d57a74836e8481bb4b2ac15163f24841505b47ce8f4d0b58343bcbe6d77?s=96&d=mm&r=g\",\"url\":\"https:\\\/\\\/secure.gravatar.com\\\/avatar\\\/cbed0d57a74836e8481bb4b2ac15163f24841505b47ce8f4d0b58343bcbe6d77?s=96&d=mm&r=g\",\"contentUrl\":\"https:\\\/\\\/secure.gravatar.com\\\/avatar\\\/cbed0d57a74836e8481bb4b2ac15163f24841505b47ce8f4d0b58343bcbe6d77?s=96&d=mm&r=g\",\"caption\":\"Giancarlo Bonato\"},\"url\":\"https:\\\/\\\/blog.saocamilo-sp.br\\\/index.php\\\/author\\\/gbonato\\\/\"}]}<\/script>\n<!-- \/ Yoast SEO plugin. -->","yoast_head_json":{"title":"Dia do Vestibulando - Uma Celebra\u00e7\u00e3o Hist\u00f3rica","description":"Voc\u00ea sabia que o dia do vestibulando \u00e9 uma celebra\u00e7\u00e3o em homenagem \u00e0 primeira prova de vestibular aplicada no Brasil?","robots":{"index":"index","follow":"follow","max-snippet":"max-snippet:-1","max-image-preview":"max-image-preview:large","max-video-preview":"max-video-preview:-1"},"canonical":"https:\/\/blog.saocamilo-sp.br\/index.php\/2023\/05\/24\/dia-do-vestibulando-uma-celebracao-historica\/","og_locale":"pt_BR","og_type":"article","og_title":"Dia do Vestibulando - Uma Celebra\u00e7\u00e3o Hist\u00f3rica","og_description":"Voc\u00ea sabia que o dia do vestibulando \u00e9 uma celebra\u00e7\u00e3o em homenagem \u00e0 primeira prova de vestibular aplicada no Brasil?","og_url":"https:\/\/blog.saocamilo-sp.br\/index.php\/2023\/05\/24\/dia-do-vestibulando-uma-celebracao-historica\/","og_site_name":"Blog S\u00e3o Camilo","article_publisher":"https:\/\/www.facebook.com\/saocamilosp","article_published_time":"2023-05-24T11:00:00+00:00","article_modified_time":"2023-06-07T13:37:32+00:00","og_image":[{"width":600,"height":400,"url":"https:\/\/blog.saocamilo-sp.br\/wp-content\/uploads\/2023\/05\/Dia_do_vestibulando.png","type":"image\/png"}],"author":"Giancarlo Bonato","twitter_card":"summary_large_image","twitter_creator":"@saocamilosp","twitter_site":"@saocamilosp","twitter_misc":{"Escrito por":"Giancarlo Bonato","Est. tempo de leitura":"2 minutos"},"schema":{"@context":"https:\/\/schema.org","@graph":[{"@type":"Article","@id":"https:\/\/blog.saocamilo-sp.br\/index.php\/2023\/05\/24\/dia-do-vestibulando-uma-celebracao-historica\/#article","isPartOf":{"@id":"https:\/\/blog.saocamilo-sp.br\/index.php\/2023\/05\/24\/dia-do-vestibulando-uma-celebracao-historica\/"},"author":{"name":"Giancarlo Bonato","@id":"https:\/\/blog.saocamilo-sp.br\/#\/schema\/person\/2f1abef72dd95b45ae5f8e75003b32a9"},"headline":"Dia do Vestibulando &#8211; Uma celebra\u00e7\u00e3o hist\u00f3rica para a Educa\u00e7\u00e3o","datePublished":"2023-05-24T11:00:00+00:00","dateModified":"2023-06-07T13:37:32+00:00","mainEntityOfPage":{"@id":"https:\/\/blog.saocamilo-sp.br\/index.php\/2023\/05\/24\/dia-do-vestibulando-uma-celebracao-historica\/"},"wordCount":324,"commentCount":0,"publisher":{"@id":"https:\/\/blog.saocamilo-sp.br\/#organization"},"image":{"@id":"https:\/\/blog.saocamilo-sp.br\/index.php\/2023\/05\/24\/dia-do-vestibulando-uma-celebracao-historica\/#primaryimage"},"thumbnailUrl":"https:\/\/blog.saocamilo-sp.br\/wp-content\/uploads\/2023\/05\/Dia_do_vestibulando.png","keywords":["Vestibular","Vida Universit\u00e1ria"],"articleSection":["Cursos","Vestibular"],"inLanguage":"pt-BR","potentialAction":[{"@type":"CommentAction","name":"Comment","target":["https:\/\/blog.saocamilo-sp.br\/index.php\/2023\/05\/24\/dia-do-vestibulando-uma-celebracao-historica\/#respond"]}]},{"@type":"WebPage","@id":"https:\/\/blog.saocamilo-sp.br\/index.php\/2023\/05\/24\/dia-do-vestibulando-uma-celebracao-historica\/","url":"https:\/\/blog.saocamilo-sp.br\/index.php\/2023\/05\/24\/dia-do-vestibulando-uma-celebracao-historica\/","name":"Dia do Vestibulando - Uma Celebra\u00e7\u00e3o Hist\u00f3rica","isPartOf":{"@id":"https:\/\/blog.saocamilo-sp.br\/#website"},"primaryImageOfPage":{"@id":"https:\/\/blog.saocamilo-sp.br\/index.php\/2023\/05\/24\/dia-do-vestibulando-uma-celebracao-historica\/#primaryimage"},"image":{"@id":"https:\/\/blog.saocamilo-sp.br\/index.php\/2023\/05\/24\/dia-do-vestibulando-uma-celebracao-historica\/#primaryimage"},"thumbnailUrl":"https:\/\/blog.saocamilo-sp.br\/wp-content\/uploads\/2023\/05\/Dia_do_vestibulando.png","datePublished":"2023-05-24T11:00:00+00:00","dateModified":"2023-06-07T13:37:32+00:00","description":"Voc\u00ea sabia que o dia do vestibulando \u00e9 uma celebra\u00e7\u00e3o em homenagem \u00e0 primeira prova de vestibular aplicada no Brasil?","breadcrumb":{"@id":"https:\/\/blog.saocamilo-sp.br\/index.php\/2023\/05\/24\/dia-do-vestibulando-uma-celebracao-historica\/#breadcrumb"},"inLanguage":"pt-BR","potentialAction":[{"@type":"ReadAction","target":["https:\/\/blog.saocamilo-sp.br\/index.php\/2023\/05\/24\/dia-do-vestibulando-uma-celebracao-historica\/"]}]},{"@type":"BreadcrumbList","@id":"https:\/\/blog.saocamilo-sp.br\/index.php\/2023\/05\/24\/dia-do-vestibulando-uma-celebracao-historica\/#breadcrumb","itemListElement":[{"@type":"ListItem","position":1,"name":"In\u00edcio","item":"https:\/\/blog.saocamilo-sp.br\/"},{"@type":"ListItem","position":2,"name":"Dia do Vestibulando &#8211; Uma celebra\u00e7\u00e3o hist\u00f3rica para a Educa\u00e7\u00e3o"}]},{"@type":"WebSite","@id":"https:\/\/blog.saocamilo-sp.br\/#website","url":"https:\/\/blog.saocamilo-sp.br\/","name":"Blog S\u00e3o Camilo","description":"Blog do Centro Universit\u00e1rio S\u00e3o Camilo","publisher":{"@id":"https:\/\/blog.saocamilo-sp.br\/#organization"},"potentialAction":[{"@type":"SearchAction","target":{"@type":"EntryPoint","urlTemplate":"https:\/\/blog.saocamilo-sp.br\/?s={search_term_string}"},"query-input":{"@type":"PropertyValueSpecification","valueRequired":true,"valueName":"search_term_string"}}],"inLanguage":"pt-BR"},{"@type":"Organization","@id":"https:\/\/blog.saocamilo-sp.br\/#organization","name":"Blog S\u00e3o Camilo","url":"https:\/\/blog.saocamilo-sp.br\/","logo":{"@type":"ImageObject","inLanguage":"pt-BR","@id":"https:\/\/blog.saocamilo-sp.br\/#\/schema\/logo\/image\/","url":"https:\/\/blog.saocamilo-sp.br\/wp-content\/uploads\/2021\/12\/cropped-vazio-logo-topo.png","contentUrl":"https:\/\/blog.saocamilo-sp.br\/wp-content\/uploads\/2021\/12\/cropped-vazio-logo-topo.png","width":320,"height":240,"caption":"Blog S\u00e3o Camilo"},"image":{"@id":"https:\/\/blog.saocamilo-sp.br\/#\/schema\/logo\/image\/"},"sameAs":["https:\/\/www.facebook.com\/saocamilosp","https:\/\/x.com\/saocamilosp","https:\/\/www.linkedin.com\/school\/centro-universit-rio-s-o-camilo\/"]},{"@type":"Person","@id":"https:\/\/blog.saocamilo-sp.br\/#\/schema\/person\/2f1abef72dd95b45ae5f8e75003b32a9","name":"Giancarlo Bonato","image":{"@type":"ImageObject","inLanguage":"pt-BR","@id":"https:\/\/secure.gravatar.com\/avatar\/cbed0d57a74836e8481bb4b2ac15163f24841505b47ce8f4d0b58343bcbe6d77?s=96&d=mm&r=g","url":"https:\/\/secure.gravatar.com\/avatar\/cbed0d57a74836e8481bb4b2ac15163f24841505b47ce8f4d0b58343bcbe6d77?s=96&d=mm&r=g","contentUrl":"https:\/\/secure.gravatar.com\/avatar\/cbed0d57a74836e8481bb4b2ac15163f24841505b47ce8f4d0b58343bcbe6d77?s=96&d=mm&r=g","caption":"Giancarlo Bonato"},"url":"https:\/\/blog.saocamilo-sp.br\/index.php\/author\/gbonato\/"}]}},"_links":{"self":[{"href":"https:\/\/blog.saocamilo-sp.br\/index.php\/wp-json\/wp\/v2\/posts\/1067","targetHints":{"allow":["GET"]}}],"collection":[{"href":"https:\/\/blog.saocamilo-sp.br\/index.php\/wp-json\/wp\/v2\/posts"}],"about":[{"href":"https:\/\/blog.saocamilo-sp.br\/index.php\/wp-json\/wp\/v2\/types\/post"}],"author":[{"embeddable":true,"href":"https:\/\/blog.saocamilo-sp.br\/index.php\/wp-json\/wp\/v2\/users\/5"}],"replies":[{"embeddable":true,"href":"https:\/\/blog.saocamilo-sp.br\/index.php\/wp-json\/wp\/v2\/comments?post=1067"}],"version-history":[{"count":20,"href":"https:\/\/blog.saocamilo-sp.br\/index.php\/wp-json\/wp\/v2\/posts\/1067\/revisions"}],"predecessor-version":[{"id":1227,"href":"https:\/\/blog.saocamilo-sp.br\/index.php\/wp-json\/wp\/v2\/posts\/1067\/revisions\/1227"}],"wp:featuredmedia":[{"embeddable":true,"href":"https:\/\/blog.saocamilo-sp.br\/index.php\/wp-json\/wp\/v2\/media\/1221"}],"wp:attachment":[{"href":"https:\/\/blog.saocamilo-sp.br\/index.php\/wp-json\/wp\/v2\/media?parent=1067"}],"wp:term":[{"taxonomy":"category","embeddable":true,"href":"https:\/\/blog.saocamilo-sp.br\/index.php\/wp-json\/wp\/v2\/categories?post=1067"},{"taxonomy":"post_tag","embeddable":true,"href":"https:\/\/blog.saocamilo-sp.br\/index.php\/wp-json\/wp\/v2\/tags?post=1067"}],"curies":[{"name":"wp","href":"https:\/\/api.w.org\/{rel}","templated":true}]}}