{"id":1111,"date":"2023-05-22T16:42:43","date_gmt":"2023-05-22T19:42:43","guid":{"rendered":"https:\/\/blog.saocamilo-sp.br\/?p=1111"},"modified":"2023-06-07T11:24:47","modified_gmt":"2023-06-07T14:24:47","slug":"oducal-associa-se-com-a-sao-camilo","status":"publish","type":"post","link":"https:\/\/blog.saocamilo-sp.br\/index.php\/2023\/05\/22\/oducal-associa-se-com-a-sao-camilo\/","title":{"rendered":"Organiza\u00e7\u00e3o das Universidades Cat\u00f3licas da AL e o Caribe \u00e9 parceira da S\u00e3o Camilo"},"content":{"rendered":"\n<p>No m\u00eas passado, o&nbsp;<strong><a href=\"https:\/\/blog.saocamilo-sp.br\/\" target=\"_blank\" rel=\"noreferrer noopener\">Centro Universit\u00e1rio S\u00e3o Camilo<\/a><\/strong>&nbsp;associou-se com a ODUCAL (Organiza\u00e7\u00e3o das Universidades Cat\u00f3licas da Am\u00e9rica Latina e o Caribe).<\/p>\n\n\n\n<p>A Associa\u00e7\u00e3o visa estabelecer canais de comunica\u00e7\u00e3o com os diferentes organismos internacionais, nacionais, p\u00fablicos, privados e sociais, que procurem o melhoramento, a inova\u00e7\u00e3o e a excel\u00eancia na educa\u00e7\u00e3o superior cat\u00f3lica na Am\u00e9rica Latina e no Caribe. <\/p>\n\n\n\n<p>Al\u00e9m disso, a parceria ir\u00e1 introduzir a Institui\u00e7\u00e3o \u00e0 uma Rede de colabora\u00e7\u00e3o universit\u00e1ria em pesquisa, mobilidade, interc\u00e2mbio acad\u00eamico em toda da&nbsp;Am\u00e9rica&nbsp;Latina.<\/p>\n\n\n\n<p>A internacionaliza\u00e7\u00e3o do ensino \u00e9 um caminho importante para a forma\u00e7\u00e3o de profissionais cada vez mais preparados para atuar em um mundo globalizado e diverso. <\/p>\n\n\n\n<p>A recente associa\u00e7\u00e3o estabelecida com a ODUCAL, fortalece a proje\u00e7\u00e3o global da S\u00e3o Camilo, reafirmando sua estrat\u00e9gia de estabelecer la\u00e7os com organiza\u00e7\u00f5es de renome em \u00e2mbito internacional.<\/p>\n\n\n\n<p>Por fim, a Coordenadora de Rela\u00e7\u00f5es Internacionais da S\u00e3o Camilo, Rayssa Rios, reitera a import\u00e2ncia da internacionaliza\u00e7\u00e3o acad\u00eamica. A associa\u00e7\u00e3o tamb\u00e9m reafirma o posicionamento internacional da Institui\u00e7\u00e3o, refor\u00e7ando a sua estrat\u00e9gia que visa construir rela\u00e7\u00f5es com institui\u00e7\u00f5es de excel\u00eancia internacional.<\/p>\n\n\n\n<p>Gostou? Ficou interessado no assunto? <\/p>\n\n\n\n<p>Para saber mais sobre os programas de mobilidade acad\u00eamica, interc\u00e2mbio e parcerias do Centro Universit\u00e1rio S\u00e3o Camilo, acesse o site:&nbsp;<a href=\"https:\/\/saocamilo-sp.br\/institucional\/i\/relacoes_internacionais\" target=\"_blank\" rel=\"noreferrer noopener\">https:\/\/saocamilo-sp.br\/institucional\/i\/relacoes_internacionais<\/a><\/p>\n","protected":false},"excerpt":{"rendered":"<p>A associa\u00e7\u00e3o na ODUCAL estabelece canais de comunica\u00e7\u00e3o que procurem o melhoramento na educa\u00e7\u00e3o cat\u00f3lica na Am\u00e9rica Latina e no Caribe.<\/p>\n","protected":false},"author":5,"featured_media":1237,"comment_status":"open","ping_status":"open","sticky":false,"template":"","format":"standard","meta":{"cybocfi_hide_featured_image":"","footnotes":""},"categories":[1,70],"tags":[72,16],"class_list":["post-1111","post","type-post","status-publish","format-standard","has-post-thumbnail","hentry","category-cursos","category-internacional","tag-internacional","tag-vida-universitaria"],"yoast_head":"<!-- This site is optimized with the Yoast SEO plugin v27.5 - https:\/\/yoast.com\/product\/yoast-seo-wordpress\/ -->\n<title>S\u00e3o Camilo associa-se com a ODUCAL<\/title>\n<meta name=\"description\" content=\"A associa\u00e7\u00e3o na ODUCAL estabelece canais de comunica\u00e7\u00e3o que procurem o melhoramento na educa\u00e7\u00e3o cat\u00f3lica na Am\u00e9rica Latina e no Caribe.\" \/>\n<meta name=\"robots\" content=\"index, follow, max-snippet:-1, max-image-preview:large, max-video-preview:-1\" \/>\n<link rel=\"canonical\" href=\"https:\/\/blog.saocamilo-sp.br\/index.php\/2023\/05\/22\/oducal-associa-se-com-a-sao-camilo\/\" \/>\n<meta property=\"og:locale\" content=\"pt_BR\" \/>\n<meta property=\"og:type\" content=\"article\" \/>\n<meta property=\"og:title\" content=\"S\u00e3o Camilo associa-se com a ODUCAL\" \/>\n<meta property=\"og:description\" content=\"A associa\u00e7\u00e3o na ODUCAL estabelece canais de comunica\u00e7\u00e3o que procurem o melhoramento na educa\u00e7\u00e3o cat\u00f3lica na Am\u00e9rica Latina e no Caribe.\" \/>\n<meta property=\"og:url\" content=\"https:\/\/blog.saocamilo-sp.br\/index.php\/2023\/05\/22\/oducal-associa-se-com-a-sao-camilo\/\" \/>\n<meta property=\"og:site_name\" content=\"Blog S\u00e3o Camilo\" \/>\n<meta property=\"article:publisher\" content=\"https:\/\/www.facebook.com\/saocamilosp\" \/>\n<meta property=\"article:published_time\" content=\"2023-05-22T19:42:43+00:00\" \/>\n<meta property=\"article:modified_time\" content=\"2023-06-07T14:24:47+00:00\" \/>\n<meta property=\"og:image\" content=\"https:\/\/blog.saocamilo-sp.br\/wp-content\/uploads\/2023\/05\/ODUCAL_1.png\" \/>\n\t<meta property=\"og:image:width\" content=\"600\" \/>\n\t<meta property=\"og:image:height\" content=\"400\" \/>\n\t<meta property=\"og:image:type\" content=\"image\/png\" \/>\n<meta name=\"author\" content=\"Giancarlo Bonato\" \/>\n<meta name=\"twitter:card\" content=\"summary_large_image\" \/>\n<meta name=\"twitter:creator\" content=\"@saocamilosp\" \/>\n<meta name=\"twitter:site\" content=\"@saocamilosp\" \/>\n<meta name=\"twitter:label1\" content=\"Escrito por\" \/>\n\t<meta name=\"twitter:data1\" content=\"Giancarlo Bonato\" \/>\n\t<meta name=\"twitter:label2\" content=\"Est. tempo de leitura\" \/>\n\t<meta name=\"twitter:data2\" content=\"2 minutos\" \/>\n<script type=\"application\/ld+json\" class=\"yoast-schema-graph\">{\"@context\":\"https:\\\/\\\/schema.org\",\"@graph\":[{\"@type\":\"Article\",\"@id\":\"https:\\\/\\\/blog.saocamilo-sp.br\\\/index.php\\\/2023\\\/05\\\/22\\\/oducal-associa-se-com-a-sao-camilo\\\/#article\",\"isPartOf\":{\"@id\":\"https:\\\/\\\/blog.saocamilo-sp.br\\\/index.php\\\/2023\\\/05\\\/22\\\/oducal-associa-se-com-a-sao-camilo\\\/\"},\"author\":{\"name\":\"Giancarlo Bonato\",\"@id\":\"https:\\\/\\\/blog.saocamilo-sp.br\\\/#\\\/schema\\\/person\\\/2f1abef72dd95b45ae5f8e75003b32a9\"},\"headline\":\"Organiza\u00e7\u00e3o das Universidades Cat\u00f3licas da AL e o Caribe \u00e9 parceira da S\u00e3o Camilo\",\"datePublished\":\"2023-05-22T19:42:43+00:00\",\"dateModified\":\"2023-06-07T14:24:47+00:00\",\"mainEntityOfPage\":{\"@id\":\"https:\\\/\\\/blog.saocamilo-sp.br\\\/index.php\\\/2023\\\/05\\\/22\\\/oducal-associa-se-com-a-sao-camilo\\\/\"},\"wordCount\":271,\"commentCount\":0,\"publisher\":{\"@id\":\"https:\\\/\\\/blog.saocamilo-sp.br\\\/#organization\"},\"image\":{\"@id\":\"https:\\\/\\\/blog.saocamilo-sp.br\\\/index.php\\\/2023\\\/05\\\/22\\\/oducal-associa-se-com-a-sao-camilo\\\/#primaryimage\"},\"thumbnailUrl\":\"https:\\\/\\\/blog.saocamilo-sp.br\\\/wp-content\\\/uploads\\\/2023\\\/05\\\/ODUCAL_1.png\",\"keywords\":[\"internacional\",\"Vida Universit\u00e1ria\"],\"articleSection\":[\"Cursos\",\"Internacional\"],\"inLanguage\":\"pt-BR\",\"potentialAction\":[{\"@type\":\"CommentAction\",\"name\":\"Comment\",\"target\":[\"https:\\\/\\\/blog.saocamilo-sp.br\\\/index.php\\\/2023\\\/05\\\/22\\\/oducal-associa-se-com-a-sao-camilo\\\/#respond\"]}]},{\"@type\":\"WebPage\",\"@id\":\"https:\\\/\\\/blog.saocamilo-sp.br\\\/index.php\\\/2023\\\/05\\\/22\\\/oducal-associa-se-com-a-sao-camilo\\\/\",\"url\":\"https:\\\/\\\/blog.saocamilo-sp.br\\\/index.php\\\/2023\\\/05\\\/22\\\/oducal-associa-se-com-a-sao-camilo\\\/\",\"name\":\"S\u00e3o Camilo associa-se com a ODUCAL\",\"isPartOf\":{\"@id\":\"https:\\\/\\\/blog.saocamilo-sp.br\\\/#website\"},\"primaryImageOfPage\":{\"@id\":\"https:\\\/\\\/blog.saocamilo-sp.br\\\/index.php\\\/2023\\\/05\\\/22\\\/oducal-associa-se-com-a-sao-camilo\\\/#primaryimage\"},\"image\":{\"@id\":\"https:\\\/\\\/blog.saocamilo-sp.br\\\/index.php\\\/2023\\\/05\\\/22\\\/oducal-associa-se-com-a-sao-camilo\\\/#primaryimage\"},\"thumbnailUrl\":\"https:\\\/\\\/blog.saocamilo-sp.br\\\/wp-content\\\/uploads\\\/2023\\\/05\\\/ODUCAL_1.png\",\"datePublished\":\"2023-05-22T19:42:43+00:00\",\"dateModified\":\"2023-06-07T14:24:47+00:00\",\"description\":\"A associa\u00e7\u00e3o na ODUCAL estabelece canais de comunica\u00e7\u00e3o que procurem o melhoramento na educa\u00e7\u00e3o cat\u00f3lica na Am\u00e9rica Latina e no Caribe.\",\"breadcrumb\":{\"@id\":\"https:\\\/\\\/blog.saocamilo-sp.br\\\/index.php\\\/2023\\\/05\\\/22\\\/oducal-associa-se-com-a-sao-camilo\\\/#breadcrumb\"},\"inLanguage\":\"pt-BR\",\"potentialAction\":[{\"@type\":\"ReadAction\",\"target\":[\"https:\\\/\\\/blog.saocamilo-sp.br\\\/index.php\\\/2023\\\/05\\\/22\\\/oducal-associa-se-com-a-sao-camilo\\\/\"]}]},{\"@type\":\"ImageObject\",\"inLanguage\":\"pt-BR\",\"@id\":\"https:\\\/\\\/blog.saocamilo-sp.br\\\/index.php\\\/2023\\\/05\\\/22\\\/oducal-associa-se-com-a-sao-camilo\\\/#primaryimage\",\"url\":\"https:\\\/\\\/blog.saocamilo-sp.br\\\/wp-content\\\/uploads\\\/2023\\\/05\\\/ODUCAL_1.png\",\"contentUrl\":\"https:\\\/\\\/blog.saocamilo-sp.br\\\/wp-content\\\/uploads\\\/2023\\\/05\\\/ODUCAL_1.png\",\"width\":600,\"height\":400},{\"@type\":\"BreadcrumbList\",\"@id\":\"https:\\\/\\\/blog.saocamilo-sp.br\\\/index.php\\\/2023\\\/05\\\/22\\\/oducal-associa-se-com-a-sao-camilo\\\/#breadcrumb\",\"itemListElement\":[{\"@type\":\"ListItem\",\"position\":1,\"name\":\"In\u00edcio\",\"item\":\"https:\\\/\\\/blog.saocamilo-sp.br\\\/\"},{\"@type\":\"ListItem\",\"position\":2,\"name\":\"Organiza\u00e7\u00e3o das Universidades Cat\u00f3licas da AL e o Caribe \u00e9 parceira da S\u00e3o Camilo\"}]},{\"@type\":\"WebSite\",\"@id\":\"https:\\\/\\\/blog.saocamilo-sp.br\\\/#website\",\"url\":\"https:\\\/\\\/blog.saocamilo-sp.br\\\/\",\"name\":\"Blog S\u00e3o Camilo\",\"description\":\"Blog do Centro Universit\u00e1rio S\u00e3o Camilo\",\"publisher\":{\"@id\":\"https:\\\/\\\/blog.saocamilo-sp.br\\\/#organization\"},\"potentialAction\":[{\"@type\":\"SearchAction\",\"target\":{\"@type\":\"EntryPoint\",\"urlTemplate\":\"https:\\\/\\\/blog.saocamilo-sp.br\\\/?s={search_term_string}\"},\"query-input\":{\"@type\":\"PropertyValueSpecification\",\"valueRequired\":true,\"valueName\":\"search_term_string\"}}],\"inLanguage\":\"pt-BR\"},{\"@type\":\"Organization\",\"@id\":\"https:\\\/\\\/blog.saocamilo-sp.br\\\/#organization\",\"name\":\"Blog S\u00e3o Camilo\",\"url\":\"https:\\\/\\\/blog.saocamilo-sp.br\\\/\",\"logo\":{\"@type\":\"ImageObject\",\"inLanguage\":\"pt-BR\",\"@id\":\"https:\\\/\\\/blog.saocamilo-sp.br\\\/#\\\/schema\\\/logo\\\/image\\\/\",\"url\":\"https:\\\/\\\/blog.saocamilo-sp.br\\\/wp-content\\\/uploads\\\/2021\\\/12\\\/cropped-vazio-logo-topo.png\",\"contentUrl\":\"https:\\\/\\\/blog.saocamilo-sp.br\\\/wp-content\\\/uploads\\\/2021\\\/12\\\/cropped-vazio-logo-topo.png\",\"width\":320,\"height\":240,\"caption\":\"Blog S\u00e3o Camilo\"},\"image\":{\"@id\":\"https:\\\/\\\/blog.saocamilo-sp.br\\\/#\\\/schema\\\/logo\\\/image\\\/\"},\"sameAs\":[\"https:\\\/\\\/www.facebook.com\\\/saocamilosp\",\"https:\\\/\\\/x.com\\\/saocamilosp\",\"https:\\\/\\\/www.linkedin.com\\\/school\\\/centro-universit-rio-s-o-camilo\\\/\"]},{\"@type\":\"Person\",\"@id\":\"https:\\\/\\\/blog.saocamilo-sp.br\\\/#\\\/schema\\\/person\\\/2f1abef72dd95b45ae5f8e75003b32a9\",\"name\":\"Giancarlo Bonato\",\"image\":{\"@type\":\"ImageObject\",\"inLanguage\":\"pt-BR\",\"@id\":\"https:\\\/\\\/secure.gravatar.com\\\/avatar\\\/cbed0d57a74836e8481bb4b2ac15163f24841505b47ce8f4d0b58343bcbe6d77?s=96&d=mm&r=g\",\"url\":\"https:\\\/\\\/secure.gravatar.com\\\/avatar\\\/cbed0d57a74836e8481bb4b2ac15163f24841505b47ce8f4d0b58343bcbe6d77?s=96&d=mm&r=g\",\"contentUrl\":\"https:\\\/\\\/secure.gravatar.com\\\/avatar\\\/cbed0d57a74836e8481bb4b2ac15163f24841505b47ce8f4d0b58343bcbe6d77?s=96&d=mm&r=g\",\"caption\":\"Giancarlo Bonato\"},\"url\":\"https:\\\/\\\/blog.saocamilo-sp.br\\\/index.php\\\/author\\\/gbonato\\\/\"}]}<\/script>\n<!-- \/ Yoast SEO plugin. -->","yoast_head_json":{"title":"S\u00e3o Camilo associa-se com a ODUCAL","description":"A associa\u00e7\u00e3o na ODUCAL estabelece canais de comunica\u00e7\u00e3o que procurem o melhoramento na educa\u00e7\u00e3o cat\u00f3lica na Am\u00e9rica Latina e no Caribe.","robots":{"index":"index","follow":"follow","max-snippet":"max-snippet:-1","max-image-preview":"max-image-preview:large","max-video-preview":"max-video-preview:-1"},"canonical":"https:\/\/blog.saocamilo-sp.br\/index.php\/2023\/05\/22\/oducal-associa-se-com-a-sao-camilo\/","og_locale":"pt_BR","og_type":"article","og_title":"S\u00e3o Camilo associa-se com a ODUCAL","og_description":"A associa\u00e7\u00e3o na ODUCAL estabelece canais de comunica\u00e7\u00e3o que procurem o melhoramento na educa\u00e7\u00e3o cat\u00f3lica na Am\u00e9rica Latina e no Caribe.","og_url":"https:\/\/blog.saocamilo-sp.br\/index.php\/2023\/05\/22\/oducal-associa-se-com-a-sao-camilo\/","og_site_name":"Blog S\u00e3o Camilo","article_publisher":"https:\/\/www.facebook.com\/saocamilosp","article_published_time":"2023-05-22T19:42:43+00:00","article_modified_time":"2023-06-07T14:24:47+00:00","og_image":[{"width":600,"height":400,"url":"https:\/\/blog.saocamilo-sp.br\/wp-content\/uploads\/2023\/05\/ODUCAL_1.png","type":"image\/png"}],"author":"Giancarlo Bonato","twitter_card":"summary_large_image","twitter_creator":"@saocamilosp","twitter_site":"@saocamilosp","twitter_misc":{"Escrito por":"Giancarlo Bonato","Est. tempo de leitura":"2 minutos"},"schema":{"@context":"https:\/\/schema.org","@graph":[{"@type":"Article","@id":"https:\/\/blog.saocamilo-sp.br\/index.php\/2023\/05\/22\/oducal-associa-se-com-a-sao-camilo\/#article","isPartOf":{"@id":"https:\/\/blog.saocamilo-sp.br\/index.php\/2023\/05\/22\/oducal-associa-se-com-a-sao-camilo\/"},"author":{"name":"Giancarlo Bonato","@id":"https:\/\/blog.saocamilo-sp.br\/#\/schema\/person\/2f1abef72dd95b45ae5f8e75003b32a9"},"headline":"Organiza\u00e7\u00e3o das Universidades Cat\u00f3licas da AL e o Caribe \u00e9 parceira da S\u00e3o Camilo","datePublished":"2023-05-22T19:42:43+00:00","dateModified":"2023-06-07T14:24:47+00:00","mainEntityOfPage":{"@id":"https:\/\/blog.saocamilo-sp.br\/index.php\/2023\/05\/22\/oducal-associa-se-com-a-sao-camilo\/"},"wordCount":271,"commentCount":0,"publisher":{"@id":"https:\/\/blog.saocamilo-sp.br\/#organization"},"image":{"@id":"https:\/\/blog.saocamilo-sp.br\/index.php\/2023\/05\/22\/oducal-associa-se-com-a-sao-camilo\/#primaryimage"},"thumbnailUrl":"https:\/\/blog.saocamilo-sp.br\/wp-content\/uploads\/2023\/05\/ODUCAL_1.png","keywords":["internacional","Vida Universit\u00e1ria"],"articleSection":["Cursos","Internacional"],"inLanguage":"pt-BR","potentialAction":[{"@type":"CommentAction","name":"Comment","target":["https:\/\/blog.saocamilo-sp.br\/index.php\/2023\/05\/22\/oducal-associa-se-com-a-sao-camilo\/#respond"]}]},{"@type":"WebPage","@id":"https:\/\/blog.saocamilo-sp.br\/index.php\/2023\/05\/22\/oducal-associa-se-com-a-sao-camilo\/","url":"https:\/\/blog.saocamilo-sp.br\/index.php\/2023\/05\/22\/oducal-associa-se-com-a-sao-camilo\/","name":"S\u00e3o Camilo associa-se com a ODUCAL","isPartOf":{"@id":"https:\/\/blog.saocamilo-sp.br\/#website"},"primaryImageOfPage":{"@id":"https:\/\/blog.saocamilo-sp.br\/index.php\/2023\/05\/22\/oducal-associa-se-com-a-sao-camilo\/#primaryimage"},"image":{"@id":"https:\/\/blog.saocamilo-sp.br\/index.php\/2023\/05\/22\/oducal-associa-se-com-a-sao-camilo\/#primaryimage"},"thumbnailUrl":"https:\/\/blog.saocamilo-sp.br\/wp-content\/uploads\/2023\/05\/ODUCAL_1.png","datePublished":"2023-05-22T19:42:43+00:00","dateModified":"2023-06-07T14:24:47+00:00","description":"A associa\u00e7\u00e3o na ODUCAL estabelece canais de comunica\u00e7\u00e3o que procurem o melhoramento na educa\u00e7\u00e3o cat\u00f3lica na Am\u00e9rica Latina e no Caribe.","breadcrumb":{"@id":"https:\/\/blog.saocamilo-sp.br\/index.php\/2023\/05\/22\/oducal-associa-se-com-a-sao-camilo\/#breadcrumb"},"inLanguage":"pt-BR","potentialAction":[{"@type":"ReadAction","target":["https:\/\/blog.saocamilo-sp.br\/index.php\/2023\/05\/22\/oducal-associa-se-com-a-sao-camilo\/"]}]},{"@type":"ImageObject","inLanguage":"pt-BR","@id":"https:\/\/blog.saocamilo-sp.br\/index.php\/2023\/05\/22\/oducal-associa-se-com-a-sao-camilo\/#primaryimage","url":"https:\/\/blog.saocamilo-sp.br\/wp-content\/uploads\/2023\/05\/ODUCAL_1.png","contentUrl":"https:\/\/blog.saocamilo-sp.br\/wp-content\/uploads\/2023\/05\/ODUCAL_1.png","width":600,"height":400},{"@type":"BreadcrumbList","@id":"https:\/\/blog.saocamilo-sp.br\/index.php\/2023\/05\/22\/oducal-associa-se-com-a-sao-camilo\/#breadcrumb","itemListElement":[{"@type":"ListItem","position":1,"name":"In\u00edcio","item":"https:\/\/blog.saocamilo-sp.br\/"},{"@type":"ListItem","position":2,"name":"Organiza\u00e7\u00e3o das Universidades Cat\u00f3licas da AL e o Caribe \u00e9 parceira da S\u00e3o Camilo"}]},{"@type":"WebSite","@id":"https:\/\/blog.saocamilo-sp.br\/#website","url":"https:\/\/blog.saocamilo-sp.br\/","name":"Blog S\u00e3o Camilo","description":"Blog do Centro Universit\u00e1rio S\u00e3o Camilo","publisher":{"@id":"https:\/\/blog.saocamilo-sp.br\/#organization"},"potentialAction":[{"@type":"SearchAction","target":{"@type":"EntryPoint","urlTemplate":"https:\/\/blog.saocamilo-sp.br\/?s={search_term_string}"},"query-input":{"@type":"PropertyValueSpecification","valueRequired":true,"valueName":"search_term_string"}}],"inLanguage":"pt-BR"},{"@type":"Organization","@id":"https:\/\/blog.saocamilo-sp.br\/#organization","name":"Blog S\u00e3o Camilo","url":"https:\/\/blog.saocamilo-sp.br\/","logo":{"@type":"ImageObject","inLanguage":"pt-BR","@id":"https:\/\/blog.saocamilo-sp.br\/#\/schema\/logo\/image\/","url":"https:\/\/blog.saocamilo-sp.br\/wp-content\/uploads\/2021\/12\/cropped-vazio-logo-topo.png","contentUrl":"https:\/\/blog.saocamilo-sp.br\/wp-content\/uploads\/2021\/12\/cropped-vazio-logo-topo.png","width":320,"height":240,"caption":"Blog S\u00e3o Camilo"},"image":{"@id":"https:\/\/blog.saocamilo-sp.br\/#\/schema\/logo\/image\/"},"sameAs":["https:\/\/www.facebook.com\/saocamilosp","https:\/\/x.com\/saocamilosp","https:\/\/www.linkedin.com\/school\/centro-universit-rio-s-o-camilo\/"]},{"@type":"Person","@id":"https:\/\/blog.saocamilo-sp.br\/#\/schema\/person\/2f1abef72dd95b45ae5f8e75003b32a9","name":"Giancarlo Bonato","image":{"@type":"ImageObject","inLanguage":"pt-BR","@id":"https:\/\/secure.gravatar.com\/avatar\/cbed0d57a74836e8481bb4b2ac15163f24841505b47ce8f4d0b58343bcbe6d77?s=96&d=mm&r=g","url":"https:\/\/secure.gravatar.com\/avatar\/cbed0d57a74836e8481bb4b2ac15163f24841505b47ce8f4d0b58343bcbe6d77?s=96&d=mm&r=g","contentUrl":"https:\/\/secure.gravatar.com\/avatar\/cbed0d57a74836e8481bb4b2ac15163f24841505b47ce8f4d0b58343bcbe6d77?s=96&d=mm&r=g","caption":"Giancarlo Bonato"},"url":"https:\/\/blog.saocamilo-sp.br\/index.php\/author\/gbonato\/"}]}},"_links":{"self":[{"href":"https:\/\/blog.saocamilo-sp.br\/index.php\/wp-json\/wp\/v2\/posts\/1111","targetHints":{"allow":["GET"]}}],"collection":[{"href":"https:\/\/blog.saocamilo-sp.br\/index.php\/wp-json\/wp\/v2\/posts"}],"about":[{"href":"https:\/\/blog.saocamilo-sp.br\/index.php\/wp-json\/wp\/v2\/types\/post"}],"author":[{"embeddable":true,"href":"https:\/\/blog.saocamilo-sp.br\/index.php\/wp-json\/wp\/v2\/users\/5"}],"replies":[{"embeddable":true,"href":"https:\/\/blog.saocamilo-sp.br\/index.php\/wp-json\/wp\/v2\/comments?post=1111"}],"version-history":[{"count":13,"href":"https:\/\/blog.saocamilo-sp.br\/index.php\/wp-json\/wp\/v2\/posts\/1111\/revisions"}],"predecessor-version":[{"id":1238,"href":"https:\/\/blog.saocamilo-sp.br\/index.php\/wp-json\/wp\/v2\/posts\/1111\/revisions\/1238"}],"wp:featuredmedia":[{"embeddable":true,"href":"https:\/\/blog.saocamilo-sp.br\/index.php\/wp-json\/wp\/v2\/media\/1237"}],"wp:attachment":[{"href":"https:\/\/blog.saocamilo-sp.br\/index.php\/wp-json\/wp\/v2\/media?parent=1111"}],"wp:term":[{"taxonomy":"category","embeddable":true,"href":"https:\/\/blog.saocamilo-sp.br\/index.php\/wp-json\/wp\/v2\/categories?post=1111"},{"taxonomy":"post_tag","embeddable":true,"href":"https:\/\/blog.saocamilo-sp.br\/index.php\/wp-json\/wp\/v2\/tags?post=1111"}],"curies":[{"name":"wp","href":"https:\/\/api.w.org\/{rel}","templated":true}]}}