{"id":1120,"date":"2023-05-25T08:00:00","date_gmt":"2023-05-25T11:00:00","guid":{"rendered":"https:\/\/blog.saocamilo-sp.br\/?p=1120"},"modified":"2023-08-16T15:17:02","modified_gmt":"2023-08-16T18:17:02","slug":"plastinado-von-hagens-sao-camilo-revoluciona-no-ensino","status":"publish","type":"post","link":"https:\/\/blog.saocamilo-sp.br\/index.php\/2023\/05\/25\/plastinado-von-hagens-sao-camilo-revoluciona-no-ensino\/","title":{"rendered":"Plastinado von Hagens: S\u00e3o Camilo revoluciona no ensino da Sa\u00fade"},"content":{"rendered":"\n<p>O <a href=\"https:\/\/blog.saocamilo-sp.br\/\" target=\"_blank\" rel=\"noreferrer noopener\">Centro Universit\u00e1rio S\u00e3o Camilo<\/a> \u00e9 refer\u00eancia no ensino da Medicina no pa\u00eds. <\/p>\n\n\n\n<p>Juntamente com um corpo docente diferenciado, a Institui\u00e7\u00e3o oferece uma completa e moderna infraestrutura de seus laborat\u00f3rios, equipados com recursos tecnol\u00f3gicos de ponta. <\/p>\n\n\n\n<p>Dentro disso, a S\u00e3o Camilo adquiriu um dos esp\u00e9cimes mais fascinantes do exclusivo m\u00e9todo de<a href=\"https:\/\/simulacaomedica.civiam.com.br\/von-hagens\/\">&nbsp;<\/a>plastina\u00e7\u00e3o von Hagens&nbsp;\u2013 uma cabe\u00e7a, que auxiliar\u00e1 na compreens\u00e3o dos alunos sobre suas delicadas estruturas internas.<\/p>\n\n\n\n<h2 class=\"wp-block-heading\">A origem <\/h2>\n\n\n\n<p>Desenvolvida pelo Dr. Gunther von Hagens, na Alemanha, o plastinado von Hagens oferece esp\u00e9cimes de anatomia real. \u201cReconhecemos a pe\u00e7a como uma obra de arte pelo trabalho feito e por ser um exemplar exclusivo, onde n\u00e3o haver\u00e1 nenhuma igual no mundo.&#8221; <\/p>\n\n\n\n<p><em>&#8220;O que nos traz uma grande satisfa\u00e7\u00e3o de um recurso que foi elaborado sob medida para os nossos alunos, para que consigam ter, al\u00e9m da exclusividade da pe\u00e7a, uma maior qualidade no estudo<\/em>\u201d. Relata Andr\u00e9 Barros, Coordenador dos Laborat\u00f3rios Did\u00e1ticos e do Centro de Simula\u00e7\u00e3o Real\u00edstica do <a href=\"https:\/\/saocamilo-sp.br\/\" target=\"_blank\" rel=\"noreferrer noopener\">Centro Universit\u00e1rio S\u00e3o Camilo<\/a>.<\/p>\n\n\n\n<h2 class=\"wp-block-heading\">Tr\u00eas segmentos para o estudo de anatomia<\/h2>\n\n\n\n<p>O time da S\u00e3o Camilo prepara corpos naturais; recursos artificiais, pe\u00e7as sint\u00e9ticas fornecidas por diversas empresas; e lousas interativas de softwares de anatomia.&nbsp;<\/p>\n\n\n\n<p><em>\u201cConsideramos que os tr\u00eas segmentos s\u00e3o complementares, porque h\u00e1 estruturas que s\u00f3 podem ser visualizadas e contextualizadas no corpo natural<\/em>. O<em>utras mais simples s\u00e3o melhor estudadas por meio de pe\u00e7as artificiais mais robustas, que podem ser ampliadas para melhor compreens\u00e3o.<\/em>&#8220;<\/p>\n\n\n\n<p>Al\u00e9m disso, o segmento dos softwares reproduzem o funcionamento normal do organismo. Por meio deles, o estudante observa o comportamento do tecido, m\u00fasculo e \u00f3rg\u00e3o quando estimulados em uma pessoa viva. <\/p>\n\n\n\n<p>&#8220;<em>Os corpos que utilizamos&nbsp;s\u00e3o glicerinados pela t\u00e9cnica Giacomini, processo que, com o passar do tempo, apresenta desgaste natural, como colora\u00e7\u00e3o e textura das pe\u00e7as&#8221;. <\/em>Andr\u00e9 explica que o esp\u00e9cime permite ao estudante visualizar de forma real as estruturas mais profundas que a t\u00e9cnica de Giacomini n\u00e3o consegue alcan\u00e7ar. Al\u00e9m disso, o m\u00e9todo de plastina\u00e7\u00e3o preserva a cor e textura das estruturas.<\/p>\n\n\n\n<p>Destaca-se que a Institui\u00e7\u00e3o tem uma \u00e1rea jur\u00eddica respons\u00e1vel pelos tr\u00e2mites legais para o recebimento de doa\u00e7\u00e3o de corpos, sendo refer\u00eancia \u00e0s demais universidades.<\/p>\n\n\n\n<h2 class=\"wp-block-heading\"><strong>Plastinado von Hagens em aula<\/strong><\/h2>\n\n\n\n<p><a href=\"http:\/\/buscatextual.cnpq.br\/buscatextual\/visualizacv.do;jsessionid=1F22E8E76CE3E5C35E4D3789E2C2599F.buscatextual_0\" target=\"_blank\" rel=\"noreferrer noopener\">Cibele Maciel<\/a>, professora de Anatomia Geral e Neuroanatomia da S\u00e3o Camilo, e tamb\u00e9m mentora da Liga de Anatomia Cl\u00ednica, foi uma das primeiras docentes a utilizar o esp\u00e9cime em suas aulas.<\/p>\n\n\n\n<p><em>\u201cConheci os plastinados em 2007, quando a von Hagens veio pela primeira vez ao Brasil em exposi\u00e7\u00e3o. Na \u00e9poca, cheguei a levar alguns alunos para verem a metodologia e todos ficaram impressionados. Agora, com a oportunidade de estudarem anatomia com um plastinado exclusivo, a aula torna-se ainda mais fascinante\u201d<\/em>, encanta-se a docente. <\/p>\n\n\n\n<p>&#8220;<em>Vale ressaltar outro ponto de excel\u00eancia do recurso, que \u00e9 a habilidade \u00edmpar da dissec\u00e7\u00e3o da pe\u00e7a, conferindo um resultado espetacular ao esp\u00e9cime\u201d<\/em>, destaca Cibele. <\/p>\n\n\n\n<p>Por fim, complementa:&nbsp;<em>\u201cTrata-se de um material muito bonito e extremamente rico em detalhes \u2013 fatores importantes para o aluno entender melhor a localiza\u00e7\u00e3o das estruturas. De fato, n\u00e3o h\u00e1 palavras para descrever a riqueza de pontos positivos no estudo de anatomia\u201d<\/em>.<\/p>\n\n\n\n<h2 class=\"wp-block-heading\"><strong>Processo de aquisi\u00e7\u00e3o do plastinado von Hagens<\/strong><\/h2>\n\n\n\n<p><em>\u201cDesde que descobrimos que os esp\u00e9cimes seriam vendidos,<\/em> <em>entendemos que seria uma importante aquisi\u00e7\u00e3o para a nossa institui\u00e7\u00e3o pelos ganhos pedag\u00f3gicos que o estudo com um plastinado confere aos alunos\u201d<\/em>.<\/p>\n\n\n\n<p>Quem explica \u00e9 o Dr. <a href=\"http:\/\/buscatextual.cnpq.br\/buscatextual\/visualizacv.do\" target=\"_blank\" rel=\"noreferrer noopener\">Raphael Einsfeld Sim\u00f5es Ferreira<\/a>, Doutor em neurologia\/neurocirurgia pela Universidade Federal de S\u00e3o Paulo, atual Coordenador do Curso de Gradua\u00e7\u00e3o em Medicina e dos Programas de Resid\u00eancia M\u00e9dica do Centro Universit\u00e1rio S\u00e3o Camilo.<\/p>\n\n\n\n<p>A aprova\u00e7\u00e3o junto \u00e0 Reitoria, a partir da decis\u00e3o do corpo docente, foi r\u00e1pido. <\/p>\n\n\n\n<p><em>\u201cQuando identificamos no ano passado que poderia melhorar a aprendizagem dos nossos alunos de forma diferenciada, nos programamos para em 2023 fazermos a aquisi\u00e7\u00e3o de pelo menos uma pe\u00e7a<\/em>. Isso <em>nos permite compreender como os alunos e docentes ir\u00e3o se relacionar com o esp\u00e9cime.<\/em><\/p>\n\n\n\n<p>O Coordenador enfatiza que, apesar disso, a institui\u00e7\u00e3o planeja adquirir os plastinados von Hagens anualmente, com o objetivo de construir um legado estruturado para as futuras gera\u00e7\u00f5es que se formar\u00e3o no Centro Universit\u00e1rio S\u00e3o Camilo. <\/p>\n\n\n\n<p><em>\u201c<\/em>C<em>onseguir trazer um esp\u00e9cime desses para a institui\u00e7\u00e3o s\u00f3 foi poss\u00edvel gra\u00e7as a pessoas que acreditam na import\u00e2ncia de conferir aos nossos alunos os melhores recursos para potencializar ainda mais a aprendizagem e a nossa metodologia de ensino. Por isso, um agradecimento em especial ao Reitor do Centro Universit\u00e1rio S\u00e3o Camilo\/SP, Padre Jo\u00e3o Batista Gomes de Lima; ao Reitor do Centro Universit\u00e1rio S\u00e3o Camilo\/ES, Padre An\u00edsio Baldessin; e ao Pr\u00f3-Reitor Acad\u00eamico do Centro Universit\u00e1rio S\u00e3o Camilo\/SP, Professor Dr. Carlos Ferrara J\u00fanior\u201d,<\/em>&nbsp;destaca o Dr. Raphael.<\/p>\n\n\n\n<p><\/p>\n\n\n\n<p><strong>Por: <\/strong>CIVIAM<\/p>\n\n\n\n<p><strong>Site: <\/strong>https:\/\/civiam.com.br\/centro-universitario-sao-camilo-revoluciona-o-ensino-de-anatomia-com-plastinado-von-hagens\/<\/p>\n\n\n\n<p><\/p>\n\n\n\n<p>Quer saber mais? Confira informa\u00e7\u00f5es sobre o&nbsp;<a href=\"https:\/\/saocamilo-sp.br\/graduacao\/presencial\/medicina\">curso de Medicina aqui<\/a>. <\/p>\n\n\n\n<iframe loading=\"lazy\" src=\"https:\/\/saocamilo.apprbs.com.br\/tenho-interesse-blog\" height=\"530px\" width=\"100%\" frameborder=\"0\"><\/iframe>\n","protected":false},"excerpt":{"rendered":"<p> Institui\u00e7\u00e3o adquiriu um dos esp\u00e9cimes mais fascinantes\u00a0\u2013 uma cabe\u00e7a, que auxiliar\u00e1 na compreens\u00e3o dos alunos sobre suas delicadas estruturas internas.<\/p>\n","protected":false},"author":5,"featured_media":1509,"comment_status":"open","ping_status":"open","sticky":false,"template":"","format":"standard","meta":{"cybocfi_hide_featured_image":"","footnotes":""},"categories":[1,30],"tags":[12,16],"class_list":["post-1120","post","type-post","status-publish","format-standard","has-post-thumbnail","hentry","category-cursos","category-medicina","tag-medicina","tag-vida-universitaria"],"yoast_head":"<!-- This site is optimized with the Yoast SEO plugin v27.5 - https:\/\/yoast.com\/product\/yoast-seo-wordpress\/ -->\n<title>Plastinado von Hagens: S\u00e3o Camilo revoluciona no ensino<\/title>\n<meta name=\"description\" content=\"Institui\u00e7\u00e3o adquire um dos esp\u00e9cimes mais fascinantes, Plastinado von Hagens, que auxiliar\u00e1 no estudo da anatomia\" \/>\n<meta name=\"robots\" content=\"index, follow, max-snippet:-1, max-image-preview:large, max-video-preview:-1\" \/>\n<link rel=\"canonical\" href=\"https:\/\/blog.saocamilo-sp.br\/index.php\/2023\/05\/25\/plastinado-von-hagens-sao-camilo-revoluciona-no-ensino\/\" \/>\n<meta property=\"og:locale\" content=\"pt_BR\" \/>\n<meta property=\"og:type\" content=\"article\" \/>\n<meta property=\"og:title\" content=\"Plastinado von Hagens: S\u00e3o Camilo revoluciona no ensino\" \/>\n<meta property=\"og:description\" content=\"Institui\u00e7\u00e3o adquire um dos esp\u00e9cimes mais fascinantes, Plastinado von Hagens, que auxiliar\u00e1 no estudo da anatomia\" \/>\n<meta property=\"og:url\" content=\"https:\/\/blog.saocamilo-sp.br\/index.php\/2023\/05\/25\/plastinado-von-hagens-sao-camilo-revoluciona-no-ensino\/\" \/>\n<meta property=\"og:site_name\" content=\"Blog S\u00e3o Camilo\" \/>\n<meta property=\"article:publisher\" content=\"https:\/\/www.facebook.com\/saocamilosp\" \/>\n<meta property=\"article:published_time\" content=\"2023-05-25T11:00:00+00:00\" \/>\n<meta property=\"article:modified_time\" content=\"2023-08-16T18:17:02+00:00\" \/>\n<meta property=\"og:image\" content=\"https:\/\/blog.saocamilo-sp.br\/wp-content\/uploads\/2023\/05\/Plastinado_vh.png\" \/>\n\t<meta property=\"og:image:width\" content=\"799\" \/>\n\t<meta property=\"og:image:height\" content=\"538\" \/>\n\t<meta property=\"og:image:type\" content=\"image\/png\" \/>\n<meta name=\"author\" content=\"Giancarlo Bonato\" \/>\n<meta name=\"twitter:card\" content=\"summary_large_image\" \/>\n<meta name=\"twitter:creator\" content=\"@saocamilosp\" \/>\n<meta name=\"twitter:site\" content=\"@saocamilosp\" \/>\n<meta name=\"twitter:label1\" content=\"Escrito por\" \/>\n\t<meta name=\"twitter:data1\" content=\"Giancarlo Bonato\" \/>\n\t<meta name=\"twitter:label2\" content=\"Est. tempo de leitura\" \/>\n\t<meta name=\"twitter:data2\" content=\"5 minutos\" \/>\n<script type=\"application\/ld+json\" class=\"yoast-schema-graph\">{\"@context\":\"https:\\\/\\\/schema.org\",\"@graph\":[{\"@type\":\"Article\",\"@id\":\"https:\\\/\\\/blog.saocamilo-sp.br\\\/index.php\\\/2023\\\/05\\\/25\\\/plastinado-von-hagens-sao-camilo-revoluciona-no-ensino\\\/#article\",\"isPartOf\":{\"@id\":\"https:\\\/\\\/blog.saocamilo-sp.br\\\/index.php\\\/2023\\\/05\\\/25\\\/plastinado-von-hagens-sao-camilo-revoluciona-no-ensino\\\/\"},\"author\":{\"name\":\"Giancarlo Bonato\",\"@id\":\"https:\\\/\\\/blog.saocamilo-sp.br\\\/#\\\/schema\\\/person\\\/2f1abef72dd95b45ae5f8e75003b32a9\"},\"headline\":\"Plastinado von Hagens: S\u00e3o Camilo revoluciona no ensino da Sa\u00fade\",\"datePublished\":\"2023-05-25T11:00:00+00:00\",\"dateModified\":\"2023-08-16T18:17:02+00:00\",\"mainEntityOfPage\":{\"@id\":\"https:\\\/\\\/blog.saocamilo-sp.br\\\/index.php\\\/2023\\\/05\\\/25\\\/plastinado-von-hagens-sao-camilo-revoluciona-no-ensino\\\/\"},\"wordCount\":896,\"commentCount\":0,\"publisher\":{\"@id\":\"https:\\\/\\\/blog.saocamilo-sp.br\\\/#organization\"},\"image\":{\"@id\":\"https:\\\/\\\/blog.saocamilo-sp.br\\\/index.php\\\/2023\\\/05\\\/25\\\/plastinado-von-hagens-sao-camilo-revoluciona-no-ensino\\\/#primaryimage\"},\"thumbnailUrl\":\"https:\\\/\\\/blog.saocamilo-sp.br\\\/wp-content\\\/uploads\\\/2023\\\/05\\\/Plastinado_vh.png\",\"keywords\":[\"Medicina\",\"Vida Universit\u00e1ria\"],\"articleSection\":[\"Cursos\",\"Medicina\"],\"inLanguage\":\"pt-BR\",\"potentialAction\":[{\"@type\":\"CommentAction\",\"name\":\"Comment\",\"target\":[\"https:\\\/\\\/blog.saocamilo-sp.br\\\/index.php\\\/2023\\\/05\\\/25\\\/plastinado-von-hagens-sao-camilo-revoluciona-no-ensino\\\/#respond\"]}]},{\"@type\":\"WebPage\",\"@id\":\"https:\\\/\\\/blog.saocamilo-sp.br\\\/index.php\\\/2023\\\/05\\\/25\\\/plastinado-von-hagens-sao-camilo-revoluciona-no-ensino\\\/\",\"url\":\"https:\\\/\\\/blog.saocamilo-sp.br\\\/index.php\\\/2023\\\/05\\\/25\\\/plastinado-von-hagens-sao-camilo-revoluciona-no-ensino\\\/\",\"name\":\"Plastinado von Hagens: S\u00e3o Camilo revoluciona no ensino\",\"isPartOf\":{\"@id\":\"https:\\\/\\\/blog.saocamilo-sp.br\\\/#website\"},\"primaryImageOfPage\":{\"@id\":\"https:\\\/\\\/blog.saocamilo-sp.br\\\/index.php\\\/2023\\\/05\\\/25\\\/plastinado-von-hagens-sao-camilo-revoluciona-no-ensino\\\/#primaryimage\"},\"image\":{\"@id\":\"https:\\\/\\\/blog.saocamilo-sp.br\\\/index.php\\\/2023\\\/05\\\/25\\\/plastinado-von-hagens-sao-camilo-revoluciona-no-ensino\\\/#primaryimage\"},\"thumbnailUrl\":\"https:\\\/\\\/blog.saocamilo-sp.br\\\/wp-content\\\/uploads\\\/2023\\\/05\\\/Plastinado_vh.png\",\"datePublished\":\"2023-05-25T11:00:00+00:00\",\"dateModified\":\"2023-08-16T18:17:02+00:00\",\"description\":\"Institui\u00e7\u00e3o adquire um dos esp\u00e9cimes mais fascinantes, Plastinado von Hagens, que auxiliar\u00e1 no estudo da anatomia\",\"breadcrumb\":{\"@id\":\"https:\\\/\\\/blog.saocamilo-sp.br\\\/index.php\\\/2023\\\/05\\\/25\\\/plastinado-von-hagens-sao-camilo-revoluciona-no-ensino\\\/#breadcrumb\"},\"inLanguage\":\"pt-BR\",\"potentialAction\":[{\"@type\":\"ReadAction\",\"target\":[\"https:\\\/\\\/blog.saocamilo-sp.br\\\/index.php\\\/2023\\\/05\\\/25\\\/plastinado-von-hagens-sao-camilo-revoluciona-no-ensino\\\/\"]}]},{\"@type\":\"ImageObject\",\"inLanguage\":\"pt-BR\",\"@id\":\"https:\\\/\\\/blog.saocamilo-sp.br\\\/index.php\\\/2023\\\/05\\\/25\\\/plastinado-von-hagens-sao-camilo-revoluciona-no-ensino\\\/#primaryimage\",\"url\":\"https:\\\/\\\/blog.saocamilo-sp.br\\\/wp-content\\\/uploads\\\/2023\\\/05\\\/Plastinado_vh.png\",\"contentUrl\":\"https:\\\/\\\/blog.saocamilo-sp.br\\\/wp-content\\\/uploads\\\/2023\\\/05\\\/Plastinado_vh.png\",\"width\":799,\"height\":538,\"caption\":\"Utiliza\u00e7\u00e3o do esp\u00e9cime em uma aula \u2013 foto: Centro Universit\u00e1rio S\u00e3o Camilo\"},{\"@type\":\"BreadcrumbList\",\"@id\":\"https:\\\/\\\/blog.saocamilo-sp.br\\\/index.php\\\/2023\\\/05\\\/25\\\/plastinado-von-hagens-sao-camilo-revoluciona-no-ensino\\\/#breadcrumb\",\"itemListElement\":[{\"@type\":\"ListItem\",\"position\":1,\"name\":\"In\u00edcio\",\"item\":\"https:\\\/\\\/blog.saocamilo-sp.br\\\/\"},{\"@type\":\"ListItem\",\"position\":2,\"name\":\"Plastinado von Hagens: S\u00e3o Camilo revoluciona no ensino da Sa\u00fade\"}]},{\"@type\":\"WebSite\",\"@id\":\"https:\\\/\\\/blog.saocamilo-sp.br\\\/#website\",\"url\":\"https:\\\/\\\/blog.saocamilo-sp.br\\\/\",\"name\":\"Blog S\u00e3o Camilo\",\"description\":\"Blog do Centro Universit\u00e1rio S\u00e3o Camilo\",\"publisher\":{\"@id\":\"https:\\\/\\\/blog.saocamilo-sp.br\\\/#organization\"},\"potentialAction\":[{\"@type\":\"SearchAction\",\"target\":{\"@type\":\"EntryPoint\",\"urlTemplate\":\"https:\\\/\\\/blog.saocamilo-sp.br\\\/?s={search_term_string}\"},\"query-input\":{\"@type\":\"PropertyValueSpecification\",\"valueRequired\":true,\"valueName\":\"search_term_string\"}}],\"inLanguage\":\"pt-BR\"},{\"@type\":\"Organization\",\"@id\":\"https:\\\/\\\/blog.saocamilo-sp.br\\\/#organization\",\"name\":\"Blog S\u00e3o Camilo\",\"url\":\"https:\\\/\\\/blog.saocamilo-sp.br\\\/\",\"logo\":{\"@type\":\"ImageObject\",\"inLanguage\":\"pt-BR\",\"@id\":\"https:\\\/\\\/blog.saocamilo-sp.br\\\/#\\\/schema\\\/logo\\\/image\\\/\",\"url\":\"https:\\\/\\\/blog.saocamilo-sp.br\\\/wp-content\\\/uploads\\\/2021\\\/12\\\/cropped-vazio-logo-topo.png\",\"contentUrl\":\"https:\\\/\\\/blog.saocamilo-sp.br\\\/wp-content\\\/uploads\\\/2021\\\/12\\\/cropped-vazio-logo-topo.png\",\"width\":320,\"height\":240,\"caption\":\"Blog S\u00e3o Camilo\"},\"image\":{\"@id\":\"https:\\\/\\\/blog.saocamilo-sp.br\\\/#\\\/schema\\\/logo\\\/image\\\/\"},\"sameAs\":[\"https:\\\/\\\/www.facebook.com\\\/saocamilosp\",\"https:\\\/\\\/x.com\\\/saocamilosp\",\"https:\\\/\\\/www.linkedin.com\\\/school\\\/centro-universit-rio-s-o-camilo\\\/\"]},{\"@type\":\"Person\",\"@id\":\"https:\\\/\\\/blog.saocamilo-sp.br\\\/#\\\/schema\\\/person\\\/2f1abef72dd95b45ae5f8e75003b32a9\",\"name\":\"Giancarlo Bonato\",\"image\":{\"@type\":\"ImageObject\",\"inLanguage\":\"pt-BR\",\"@id\":\"https:\\\/\\\/secure.gravatar.com\\\/avatar\\\/cbed0d57a74836e8481bb4b2ac15163f24841505b47ce8f4d0b58343bcbe6d77?s=96&d=mm&r=g\",\"url\":\"https:\\\/\\\/secure.gravatar.com\\\/avatar\\\/cbed0d57a74836e8481bb4b2ac15163f24841505b47ce8f4d0b58343bcbe6d77?s=96&d=mm&r=g\",\"contentUrl\":\"https:\\\/\\\/secure.gravatar.com\\\/avatar\\\/cbed0d57a74836e8481bb4b2ac15163f24841505b47ce8f4d0b58343bcbe6d77?s=96&d=mm&r=g\",\"caption\":\"Giancarlo Bonato\"},\"url\":\"https:\\\/\\\/blog.saocamilo-sp.br\\\/index.php\\\/author\\\/gbonato\\\/\"}]}<\/script>\n<!-- \/ Yoast SEO plugin. -->","yoast_head_json":{"title":"Plastinado von Hagens: S\u00e3o Camilo revoluciona no ensino","description":"Institui\u00e7\u00e3o adquire um dos esp\u00e9cimes mais fascinantes, Plastinado von Hagens, que auxiliar\u00e1 no estudo da anatomia","robots":{"index":"index","follow":"follow","max-snippet":"max-snippet:-1","max-image-preview":"max-image-preview:large","max-video-preview":"max-video-preview:-1"},"canonical":"https:\/\/blog.saocamilo-sp.br\/index.php\/2023\/05\/25\/plastinado-von-hagens-sao-camilo-revoluciona-no-ensino\/","og_locale":"pt_BR","og_type":"article","og_title":"Plastinado von Hagens: S\u00e3o Camilo revoluciona no ensino","og_description":"Institui\u00e7\u00e3o adquire um dos esp\u00e9cimes mais fascinantes, Plastinado von Hagens, que auxiliar\u00e1 no estudo da anatomia","og_url":"https:\/\/blog.saocamilo-sp.br\/index.php\/2023\/05\/25\/plastinado-von-hagens-sao-camilo-revoluciona-no-ensino\/","og_site_name":"Blog S\u00e3o Camilo","article_publisher":"https:\/\/www.facebook.com\/saocamilosp","article_published_time":"2023-05-25T11:00:00+00:00","article_modified_time":"2023-08-16T18:17:02+00:00","og_image":[{"width":799,"height":538,"url":"https:\/\/blog.saocamilo-sp.br\/wp-content\/uploads\/2023\/05\/Plastinado_vh.png","type":"image\/png"}],"author":"Giancarlo Bonato","twitter_card":"summary_large_image","twitter_creator":"@saocamilosp","twitter_site":"@saocamilosp","twitter_misc":{"Escrito por":"Giancarlo Bonato","Est. tempo de leitura":"5 minutos"},"schema":{"@context":"https:\/\/schema.org","@graph":[{"@type":"Article","@id":"https:\/\/blog.saocamilo-sp.br\/index.php\/2023\/05\/25\/plastinado-von-hagens-sao-camilo-revoluciona-no-ensino\/#article","isPartOf":{"@id":"https:\/\/blog.saocamilo-sp.br\/index.php\/2023\/05\/25\/plastinado-von-hagens-sao-camilo-revoluciona-no-ensino\/"},"author":{"name":"Giancarlo Bonato","@id":"https:\/\/blog.saocamilo-sp.br\/#\/schema\/person\/2f1abef72dd95b45ae5f8e75003b32a9"},"headline":"Plastinado von Hagens: S\u00e3o Camilo revoluciona no ensino da Sa\u00fade","datePublished":"2023-05-25T11:00:00+00:00","dateModified":"2023-08-16T18:17:02+00:00","mainEntityOfPage":{"@id":"https:\/\/blog.saocamilo-sp.br\/index.php\/2023\/05\/25\/plastinado-von-hagens-sao-camilo-revoluciona-no-ensino\/"},"wordCount":896,"commentCount":0,"publisher":{"@id":"https:\/\/blog.saocamilo-sp.br\/#organization"},"image":{"@id":"https:\/\/blog.saocamilo-sp.br\/index.php\/2023\/05\/25\/plastinado-von-hagens-sao-camilo-revoluciona-no-ensino\/#primaryimage"},"thumbnailUrl":"https:\/\/blog.saocamilo-sp.br\/wp-content\/uploads\/2023\/05\/Plastinado_vh.png","keywords":["Medicina","Vida Universit\u00e1ria"],"articleSection":["Cursos","Medicina"],"inLanguage":"pt-BR","potentialAction":[{"@type":"CommentAction","name":"Comment","target":["https:\/\/blog.saocamilo-sp.br\/index.php\/2023\/05\/25\/plastinado-von-hagens-sao-camilo-revoluciona-no-ensino\/#respond"]}]},{"@type":"WebPage","@id":"https:\/\/blog.saocamilo-sp.br\/index.php\/2023\/05\/25\/plastinado-von-hagens-sao-camilo-revoluciona-no-ensino\/","url":"https:\/\/blog.saocamilo-sp.br\/index.php\/2023\/05\/25\/plastinado-von-hagens-sao-camilo-revoluciona-no-ensino\/","name":"Plastinado von Hagens: S\u00e3o Camilo revoluciona no ensino","isPartOf":{"@id":"https:\/\/blog.saocamilo-sp.br\/#website"},"primaryImageOfPage":{"@id":"https:\/\/blog.saocamilo-sp.br\/index.php\/2023\/05\/25\/plastinado-von-hagens-sao-camilo-revoluciona-no-ensino\/#primaryimage"},"image":{"@id":"https:\/\/blog.saocamilo-sp.br\/index.php\/2023\/05\/25\/plastinado-von-hagens-sao-camilo-revoluciona-no-ensino\/#primaryimage"},"thumbnailUrl":"https:\/\/blog.saocamilo-sp.br\/wp-content\/uploads\/2023\/05\/Plastinado_vh.png","datePublished":"2023-05-25T11:00:00+00:00","dateModified":"2023-08-16T18:17:02+00:00","description":"Institui\u00e7\u00e3o adquire um dos esp\u00e9cimes mais fascinantes, Plastinado von Hagens, que auxiliar\u00e1 no estudo da anatomia","breadcrumb":{"@id":"https:\/\/blog.saocamilo-sp.br\/index.php\/2023\/05\/25\/plastinado-von-hagens-sao-camilo-revoluciona-no-ensino\/#breadcrumb"},"inLanguage":"pt-BR","potentialAction":[{"@type":"ReadAction","target":["https:\/\/blog.saocamilo-sp.br\/index.php\/2023\/05\/25\/plastinado-von-hagens-sao-camilo-revoluciona-no-ensino\/"]}]},{"@type":"ImageObject","inLanguage":"pt-BR","@id":"https:\/\/blog.saocamilo-sp.br\/index.php\/2023\/05\/25\/plastinado-von-hagens-sao-camilo-revoluciona-no-ensino\/#primaryimage","url":"https:\/\/blog.saocamilo-sp.br\/wp-content\/uploads\/2023\/05\/Plastinado_vh.png","contentUrl":"https:\/\/blog.saocamilo-sp.br\/wp-content\/uploads\/2023\/05\/Plastinado_vh.png","width":799,"height":538,"caption":"Utiliza\u00e7\u00e3o do esp\u00e9cime em uma aula \u2013 foto: Centro Universit\u00e1rio S\u00e3o Camilo"},{"@type":"BreadcrumbList","@id":"https:\/\/blog.saocamilo-sp.br\/index.php\/2023\/05\/25\/plastinado-von-hagens-sao-camilo-revoluciona-no-ensino\/#breadcrumb","itemListElement":[{"@type":"ListItem","position":1,"name":"In\u00edcio","item":"https:\/\/blog.saocamilo-sp.br\/"},{"@type":"ListItem","position":2,"name":"Plastinado von Hagens: S\u00e3o Camilo revoluciona no ensino da Sa\u00fade"}]},{"@type":"WebSite","@id":"https:\/\/blog.saocamilo-sp.br\/#website","url":"https:\/\/blog.saocamilo-sp.br\/","name":"Blog S\u00e3o Camilo","description":"Blog do Centro Universit\u00e1rio S\u00e3o Camilo","publisher":{"@id":"https:\/\/blog.saocamilo-sp.br\/#organization"},"potentialAction":[{"@type":"SearchAction","target":{"@type":"EntryPoint","urlTemplate":"https:\/\/blog.saocamilo-sp.br\/?s={search_term_string}"},"query-input":{"@type":"PropertyValueSpecification","valueRequired":true,"valueName":"search_term_string"}}],"inLanguage":"pt-BR"},{"@type":"Organization","@id":"https:\/\/blog.saocamilo-sp.br\/#organization","name":"Blog S\u00e3o Camilo","url":"https:\/\/blog.saocamilo-sp.br\/","logo":{"@type":"ImageObject","inLanguage":"pt-BR","@id":"https:\/\/blog.saocamilo-sp.br\/#\/schema\/logo\/image\/","url":"https:\/\/blog.saocamilo-sp.br\/wp-content\/uploads\/2021\/12\/cropped-vazio-logo-topo.png","contentUrl":"https:\/\/blog.saocamilo-sp.br\/wp-content\/uploads\/2021\/12\/cropped-vazio-logo-topo.png","width":320,"height":240,"caption":"Blog S\u00e3o Camilo"},"image":{"@id":"https:\/\/blog.saocamilo-sp.br\/#\/schema\/logo\/image\/"},"sameAs":["https:\/\/www.facebook.com\/saocamilosp","https:\/\/x.com\/saocamilosp","https:\/\/www.linkedin.com\/school\/centro-universit-rio-s-o-camilo\/"]},{"@type":"Person","@id":"https:\/\/blog.saocamilo-sp.br\/#\/schema\/person\/2f1abef72dd95b45ae5f8e75003b32a9","name":"Giancarlo Bonato","image":{"@type":"ImageObject","inLanguage":"pt-BR","@id":"https:\/\/secure.gravatar.com\/avatar\/cbed0d57a74836e8481bb4b2ac15163f24841505b47ce8f4d0b58343bcbe6d77?s=96&d=mm&r=g","url":"https:\/\/secure.gravatar.com\/avatar\/cbed0d57a74836e8481bb4b2ac15163f24841505b47ce8f4d0b58343bcbe6d77?s=96&d=mm&r=g","contentUrl":"https:\/\/secure.gravatar.com\/avatar\/cbed0d57a74836e8481bb4b2ac15163f24841505b47ce8f4d0b58343bcbe6d77?s=96&d=mm&r=g","caption":"Giancarlo Bonato"},"url":"https:\/\/blog.saocamilo-sp.br\/index.php\/author\/gbonato\/"}]}},"_links":{"self":[{"href":"https:\/\/blog.saocamilo-sp.br\/index.php\/wp-json\/wp\/v2\/posts\/1120","targetHints":{"allow":["GET"]}}],"collection":[{"href":"https:\/\/blog.saocamilo-sp.br\/index.php\/wp-json\/wp\/v2\/posts"}],"about":[{"href":"https:\/\/blog.saocamilo-sp.br\/index.php\/wp-json\/wp\/v2\/types\/post"}],"author":[{"embeddable":true,"href":"https:\/\/blog.saocamilo-sp.br\/index.php\/wp-json\/wp\/v2\/users\/5"}],"replies":[{"embeddable":true,"href":"https:\/\/blog.saocamilo-sp.br\/index.php\/wp-json\/wp\/v2\/comments?post=1120"}],"version-history":[{"count":28,"href":"https:\/\/blog.saocamilo-sp.br\/index.php\/wp-json\/wp\/v2\/posts\/1120\/revisions"}],"predecessor-version":[{"id":1219,"href":"https:\/\/blog.saocamilo-sp.br\/index.php\/wp-json\/wp\/v2\/posts\/1120\/revisions\/1219"}],"wp:featuredmedia":[{"embeddable":true,"href":"https:\/\/blog.saocamilo-sp.br\/index.php\/wp-json\/wp\/v2\/media\/1509"}],"wp:attachment":[{"href":"https:\/\/blog.saocamilo-sp.br\/index.php\/wp-json\/wp\/v2\/media?parent=1120"}],"wp:term":[{"taxonomy":"category","embeddable":true,"href":"https:\/\/blog.saocamilo-sp.br\/index.php\/wp-json\/wp\/v2\/categories?post=1120"},{"taxonomy":"post_tag","embeddable":true,"href":"https:\/\/blog.saocamilo-sp.br\/index.php\/wp-json\/wp\/v2\/tags?post=1120"}],"curies":[{"name":"wp","href":"https:\/\/api.w.org\/{rel}","templated":true}]}}