{"id":1196,"date":"2023-06-07T10:19:44","date_gmt":"2023-06-07T13:19:44","guid":{"rendered":"https:\/\/blog.saocamilo-sp.br\/?p=1196"},"modified":"2023-06-07T18:52:01","modified_gmt":"2023-06-07T21:52:01","slug":"docente-e-premiada-pela-rainha-da-suecia-por-trabalho-realizado-no-sus","status":"publish","type":"post","link":"https:\/\/blog.saocamilo-sp.br\/index.php\/2023\/06\/07\/docente-e-premiada-pela-rainha-da-suecia-por-trabalho-realizado-no-sus\/","title":{"rendered":"Terapia Comunit\u00e1ria Integrativa: Docente recebe pr\u00eamio da Rainha da Su\u00e9cia"},"content":{"rendered":"\n<p>Antes de tudo, al\u00e9m da sua relev\u00e2ncia nacional como garantia de acesso p\u00fablico \u00e0 Sa\u00fade, no Brasil, o Sistema \u00danico de Sa\u00fade (SUS) obteve reconhecido internacionalmente mais uma vez. <\/p>\n\n\n\n<p>Em maio, o Pr\u00eamio de Enfermagem Rainha Silvia da Su\u00e9cia foi entregue \u00e0 brasileira <a href=\"http:\/\/lattes.cnpq.br\/5802545576182231\" target=\"_blank\" rel=\"noreferrer noopener\">Jussara Otaviano<\/a>, enfermeira e professora do <a href=\"https:\/\/blog.saocamilo-sp.br\/\" target=\"_blank\" rel=\"noreferrer noopener\">Centro Universit\u00e1rio S\u00e3o Camilo \u2013 SP<\/a>. No m\u00eas passado, em Estocolmo, o evento reuniu os vencedores, j\u00e1 a premia\u00e7\u00e3o ocorreu no fim do ano de 2022.<\/p>\n\n\n\n<h2 class=\"wp-block-heading\">Terapia Comunit\u00e1ria Integrativa (TCI)<\/h2>\n\n\n\n<p>A enfermeira foi contemplada por seu trabalho com a Terapia Comunit\u00e1ria Integrativa (TCI), t\u00e9cnica inserida no SUS para al\u00edvio do sofrimento emocional e mental de pacientes idosos. O Instituto Afinando Vidas &#8211; do qual Jussara Otaviano faz parte, realiza em S\u00e3o Paulo a proposta. <\/p>\n\n\n\n<p>Nesse sentido, A TCI consiste, essencialmente, na realiza\u00e7\u00e3o de rodas de conversa entre os pacientes e terapeutas comunit\u00e1rios, fazendo uma abordagem diferente das terapias comuns. A partir deste conceito, as pessoas se juntam para falar sobre problemas comuns e, assim, conseguem encontrar caminhos para solucionar suas pr\u00f3prias dores. O Instituto Afinando Vidas vem formando terapeutas comunit\u00e1rios para atuar nessa proposta desde 2009.<\/p>\n\n\n\n<p>\u201cEstou me sentindo muito honrada de receber esse pr\u00eamio e estar entre essas mulheres da Enfermagem de todo o mundo. Afinal, saio de Estocolmo com meu certificado de premia\u00e7\u00e3o e muita gratid\u00e3o\u201d, declarou a professora em suas redes sociais ap\u00f3s o evento.\u00a0<\/p>\n\n\n\n<p>Em seu discurso aos profissionais de Enfermagem que participaram da premia\u00e7\u00e3o, a Rainha Silvia da Su\u00e9cia destacou que, principalmente devido \u00e0 pandemia da Covid-19, todos t\u00eam motivos de sobra para serem gratos a enfermeiras e enfermeiros e para apoi\u00e1-los em suas carreiras. \u201cDurante essa pandemia voc\u00eas doaram bravamente sua energia, seu conhecimento e suas habilidades. Este pr\u00eamio \u00e9 um sinal para voc\u00eas, enfermeiros, e para as comunidades em que voc\u00eas atuam, de que suas ideias e suas vozes importam\u201d, declarou.<\/p>\n\n\n\n<p><\/p>\n\n\n\n<p><\/p>\n\n\n\n<p><\/p>\n\n\n\n<p>Saiba mais sobre os nossos cursos:<\/p>\n\n\n\n<iframe loading=\"lazy\" src=\"https:\/\/saocamilo.apprbs.com.br\/tenho-interesse-blog\" height=\"530px\" width=\"100%\" frameborder=\"0\"><\/iframe>\n\n\n<div class=\"wp-block-post-author\"><div class=\"wp-block-post-author__avatar\"><img alt='' src='https:\/\/secure.gravatar.com\/avatar\/cbed0d57a74836e8481bb4b2ac15163f24841505b47ce8f4d0b58343bcbe6d77?s=48&#038;d=mm&#038;r=g' srcset='https:\/\/secure.gravatar.com\/avatar\/cbed0d57a74836e8481bb4b2ac15163f24841505b47ce8f4d0b58343bcbe6d77?s=96&#038;d=mm&#038;r=g 2x' class='avatar avatar-48 photo' height='48' width='48' \/><\/div><div class=\"wp-block-post-author__content\"><p class=\"wp-block-post-author__byline\">Texto escrito e produzido por <a href=\"https:\/\/activacomunicacao.com.br\/\" target=\"_blank\" rel=\"noreferrer noopener\">Activa Comunica\u00e7\u00e3o<\/a>. Adapta\u00e7\u00e3o para blog por:<\/p><p class=\"wp-block-post-author__name\">Giancarlo Bonato<\/p><\/div><\/div>","protected":false},"excerpt":{"rendered":"<p>Em maio, o Pr\u00eamio de Enfermagem Rainha Silvia da Su\u00e9cia foi entregue \u00e0 brasileira Jussara Otaviano, enfermeira e professora do Centro Universit\u00e1rio S\u00e3o Camilo \u2013 SP<\/p>\n","protected":false},"author":5,"featured_media":1201,"comment_status":"open","ping_status":"open","sticky":false,"template":"","format":"standard","meta":{"cybocfi_hide_featured_image":"yes","footnotes":""},"categories":[30],"tags":[9,12,16],"class_list":["post-1196","post","type-post","status-publish","format-standard","has-post-thumbnail","hentry","category-medicina","tag-enfermagem","tag-medicina","tag-vida-universitaria"],"yoast_head":"<!-- This site is optimized with the Yoast SEO plugin v27.4 - https:\/\/yoast.com\/product\/yoast-seo-wordpress\/ -->\n<title>Docente \u00e9 premiada pela Rainha da Su\u00e9cia por trabalho no SUS<\/title>\n<meta name=\"description\" content=\"O Pr\u00eamio de Enfermagem Rainha Silvia da Su\u00e9cia foi entregue \u00e0 Jussara Otaviano, professora da S\u00e3o Camilo, por sua atua\u00e7\u00e3o no SUS\" \/>\n<meta name=\"robots\" content=\"index, follow, max-snippet:-1, max-image-preview:large, max-video-preview:-1\" \/>\n<link rel=\"canonical\" href=\"https:\/\/blog.saocamilo-sp.br\/index.php\/2023\/06\/07\/docente-e-premiada-pela-rainha-da-suecia-por-trabalho-realizado-no-sus\/\" \/>\n<meta property=\"og:locale\" content=\"pt_BR\" \/>\n<meta property=\"og:type\" content=\"article\" \/>\n<meta property=\"og:title\" content=\"Docente \u00e9 premiada pela Rainha da Su\u00e9cia por trabalho no SUS\" \/>\n<meta property=\"og:description\" content=\"O Pr\u00eamio de Enfermagem Rainha Silvia da Su\u00e9cia foi entregue \u00e0 Jussara Otaviano, professora da S\u00e3o Camilo, por sua atua\u00e7\u00e3o no SUS\" \/>\n<meta property=\"og:url\" content=\"https:\/\/blog.saocamilo-sp.br\/index.php\/2023\/06\/07\/docente-e-premiada-pela-rainha-da-suecia-por-trabalho-realizado-no-sus\/\" \/>\n<meta property=\"og:site_name\" content=\"Blog S\u00e3o Camilo\" \/>\n<meta property=\"article:publisher\" content=\"https:\/\/www.facebook.com\/saocamilosp\" \/>\n<meta property=\"article:published_time\" content=\"2023-06-07T13:19:44+00:00\" \/>\n<meta property=\"article:modified_time\" content=\"2023-06-07T21:52:01+00:00\" \/>\n<meta property=\"og:image\" content=\"https:\/\/blog.saocamilo-sp.br\/wp-content\/uploads\/2023\/06\/Premio_Rainha.png\" \/>\n\t<meta property=\"og:image:width\" content=\"768\" \/>\n\t<meta property=\"og:image:height\" content=\"517\" \/>\n\t<meta property=\"og:image:type\" content=\"image\/png\" \/>\n<meta name=\"author\" content=\"Giancarlo Bonato\" \/>\n<meta name=\"twitter:card\" content=\"summary_large_image\" \/>\n<meta name=\"twitter:creator\" content=\"@saocamilosp\" \/>\n<meta name=\"twitter:site\" content=\"@saocamilosp\" \/>\n<meta name=\"twitter:label1\" content=\"Escrito por\" \/>\n\t<meta name=\"twitter:data1\" content=\"Giancarlo Bonato\" \/>\n\t<meta name=\"twitter:label2\" content=\"Est. tempo de leitura\" \/>\n\t<meta name=\"twitter:data2\" content=\"2 minutos\" \/>\n<script type=\"application\/ld+json\" class=\"yoast-schema-graph\">{\"@context\":\"https:\\\/\\\/schema.org\",\"@graph\":[{\"@type\":\"Article\",\"@id\":\"https:\\\/\\\/blog.saocamilo-sp.br\\\/index.php\\\/2023\\\/06\\\/07\\\/docente-e-premiada-pela-rainha-da-suecia-por-trabalho-realizado-no-sus\\\/#article\",\"isPartOf\":{\"@id\":\"https:\\\/\\\/blog.saocamilo-sp.br\\\/index.php\\\/2023\\\/06\\\/07\\\/docente-e-premiada-pela-rainha-da-suecia-por-trabalho-realizado-no-sus\\\/\"},\"author\":{\"name\":\"Giancarlo Bonato\",\"@id\":\"https:\\\/\\\/blog.saocamilo-sp.br\\\/#\\\/schema\\\/person\\\/2f1abef72dd95b45ae5f8e75003b32a9\"},\"headline\":\"Terapia Comunit\u00e1ria Integrativa: Docente recebe pr\u00eamio da Rainha da Su\u00e9cia\",\"datePublished\":\"2023-06-07T13:19:44+00:00\",\"dateModified\":\"2023-06-07T21:52:01+00:00\",\"mainEntityOfPage\":{\"@id\":\"https:\\\/\\\/blog.saocamilo-sp.br\\\/index.php\\\/2023\\\/06\\\/07\\\/docente-e-premiada-pela-rainha-da-suecia-por-trabalho-realizado-no-sus\\\/\"},\"wordCount\":351,\"commentCount\":0,\"publisher\":{\"@id\":\"https:\\\/\\\/blog.saocamilo-sp.br\\\/#organization\"},\"image\":{\"@id\":\"https:\\\/\\\/blog.saocamilo-sp.br\\\/index.php\\\/2023\\\/06\\\/07\\\/docente-e-premiada-pela-rainha-da-suecia-por-trabalho-realizado-no-sus\\\/#primaryimage\"},\"thumbnailUrl\":\"https:\\\/\\\/blog.saocamilo-sp.br\\\/wp-content\\\/uploads\\\/2023\\\/06\\\/Premio_Rainha.png\",\"keywords\":[\"Enfermagem\",\"Medicina\",\"Vida Universit\u00e1ria\"],\"articleSection\":[\"Medicina\"],\"inLanguage\":\"pt-BR\",\"potentialAction\":[{\"@type\":\"CommentAction\",\"name\":\"Comment\",\"target\":[\"https:\\\/\\\/blog.saocamilo-sp.br\\\/index.php\\\/2023\\\/06\\\/07\\\/docente-e-premiada-pela-rainha-da-suecia-por-trabalho-realizado-no-sus\\\/#respond\"]}]},{\"@type\":\"WebPage\",\"@id\":\"https:\\\/\\\/blog.saocamilo-sp.br\\\/index.php\\\/2023\\\/06\\\/07\\\/docente-e-premiada-pela-rainha-da-suecia-por-trabalho-realizado-no-sus\\\/\",\"url\":\"https:\\\/\\\/blog.saocamilo-sp.br\\\/index.php\\\/2023\\\/06\\\/07\\\/docente-e-premiada-pela-rainha-da-suecia-por-trabalho-realizado-no-sus\\\/\",\"name\":\"Docente \u00e9 premiada pela Rainha da Su\u00e9cia por trabalho no SUS\",\"isPartOf\":{\"@id\":\"https:\\\/\\\/blog.saocamilo-sp.br\\\/#website\"},\"primaryImageOfPage\":{\"@id\":\"https:\\\/\\\/blog.saocamilo-sp.br\\\/index.php\\\/2023\\\/06\\\/07\\\/docente-e-premiada-pela-rainha-da-suecia-por-trabalho-realizado-no-sus\\\/#primaryimage\"},\"image\":{\"@id\":\"https:\\\/\\\/blog.saocamilo-sp.br\\\/index.php\\\/2023\\\/06\\\/07\\\/docente-e-premiada-pela-rainha-da-suecia-por-trabalho-realizado-no-sus\\\/#primaryimage\"},\"thumbnailUrl\":\"https:\\\/\\\/blog.saocamilo-sp.br\\\/wp-content\\\/uploads\\\/2023\\\/06\\\/Premio_Rainha.png\",\"datePublished\":\"2023-06-07T13:19:44+00:00\",\"dateModified\":\"2023-06-07T21:52:01+00:00\",\"description\":\"O Pr\u00eamio de Enfermagem Rainha Silvia da Su\u00e9cia foi entregue \u00e0 Jussara Otaviano, professora da S\u00e3o Camilo, por sua atua\u00e7\u00e3o no SUS\",\"breadcrumb\":{\"@id\":\"https:\\\/\\\/blog.saocamilo-sp.br\\\/index.php\\\/2023\\\/06\\\/07\\\/docente-e-premiada-pela-rainha-da-suecia-por-trabalho-realizado-no-sus\\\/#breadcrumb\"},\"inLanguage\":\"pt-BR\",\"potentialAction\":[{\"@type\":\"ReadAction\",\"target\":[\"https:\\\/\\\/blog.saocamilo-sp.br\\\/index.php\\\/2023\\\/06\\\/07\\\/docente-e-premiada-pela-rainha-da-suecia-por-trabalho-realizado-no-sus\\\/\"]}]},{\"@type\":\"BreadcrumbList\",\"@id\":\"https:\\\/\\\/blog.saocamilo-sp.br\\\/index.php\\\/2023\\\/06\\\/07\\\/docente-e-premiada-pela-rainha-da-suecia-por-trabalho-realizado-no-sus\\\/#breadcrumb\",\"itemListElement\":[{\"@type\":\"ListItem\",\"position\":1,\"name\":\"In\u00edcio\",\"item\":\"https:\\\/\\\/blog.saocamilo-sp.br\\\/\"},{\"@type\":\"ListItem\",\"position\":2,\"name\":\"Terapia Comunit\u00e1ria Integrativa: Docente recebe pr\u00eamio da Rainha da Su\u00e9cia\"}]},{\"@type\":\"WebSite\",\"@id\":\"https:\\\/\\\/blog.saocamilo-sp.br\\\/#website\",\"url\":\"https:\\\/\\\/blog.saocamilo-sp.br\\\/\",\"name\":\"Blog S\u00e3o Camilo\",\"description\":\"Blog do Centro Universit\u00e1rio S\u00e3o Camilo\",\"publisher\":{\"@id\":\"https:\\\/\\\/blog.saocamilo-sp.br\\\/#organization\"},\"potentialAction\":[{\"@type\":\"SearchAction\",\"target\":{\"@type\":\"EntryPoint\",\"urlTemplate\":\"https:\\\/\\\/blog.saocamilo-sp.br\\\/?s={search_term_string}\"},\"query-input\":{\"@type\":\"PropertyValueSpecification\",\"valueRequired\":true,\"valueName\":\"search_term_string\"}}],\"inLanguage\":\"pt-BR\"},{\"@type\":\"Organization\",\"@id\":\"https:\\\/\\\/blog.saocamilo-sp.br\\\/#organization\",\"name\":\"Blog S\u00e3o Camilo\",\"url\":\"https:\\\/\\\/blog.saocamilo-sp.br\\\/\",\"logo\":{\"@type\":\"ImageObject\",\"inLanguage\":\"pt-BR\",\"@id\":\"https:\\\/\\\/blog.saocamilo-sp.br\\\/#\\\/schema\\\/logo\\\/image\\\/\",\"url\":\"https:\\\/\\\/blog.saocamilo-sp.br\\\/wp-content\\\/uploads\\\/2021\\\/12\\\/cropped-vazio-logo-topo.png\",\"contentUrl\":\"https:\\\/\\\/blog.saocamilo-sp.br\\\/wp-content\\\/uploads\\\/2021\\\/12\\\/cropped-vazio-logo-topo.png\",\"width\":320,\"height\":240,\"caption\":\"Blog S\u00e3o Camilo\"},\"image\":{\"@id\":\"https:\\\/\\\/blog.saocamilo-sp.br\\\/#\\\/schema\\\/logo\\\/image\\\/\"},\"sameAs\":[\"https:\\\/\\\/www.facebook.com\\\/saocamilosp\",\"https:\\\/\\\/x.com\\\/saocamilosp\",\"https:\\\/\\\/www.linkedin.com\\\/school\\\/centro-universit-rio-s-o-camilo\\\/\"]},{\"@type\":\"Person\",\"@id\":\"https:\\\/\\\/blog.saocamilo-sp.br\\\/#\\\/schema\\\/person\\\/2f1abef72dd95b45ae5f8e75003b32a9\",\"name\":\"Giancarlo Bonato\",\"image\":{\"@type\":\"ImageObject\",\"inLanguage\":\"pt-BR\",\"@id\":\"https:\\\/\\\/secure.gravatar.com\\\/avatar\\\/cbed0d57a74836e8481bb4b2ac15163f24841505b47ce8f4d0b58343bcbe6d77?s=96&d=mm&r=g\",\"url\":\"https:\\\/\\\/secure.gravatar.com\\\/avatar\\\/cbed0d57a74836e8481bb4b2ac15163f24841505b47ce8f4d0b58343bcbe6d77?s=96&d=mm&r=g\",\"contentUrl\":\"https:\\\/\\\/secure.gravatar.com\\\/avatar\\\/cbed0d57a74836e8481bb4b2ac15163f24841505b47ce8f4d0b58343bcbe6d77?s=96&d=mm&r=g\",\"caption\":\"Giancarlo Bonato\"},\"url\":\"https:\\\/\\\/blog.saocamilo-sp.br\\\/index.php\\\/author\\\/gbonato\\\/\"}]}<\/script>\n<!-- \/ Yoast SEO plugin. -->","yoast_head_json":{"title":"Docente \u00e9 premiada pela Rainha da Su\u00e9cia por trabalho no SUS","description":"O Pr\u00eamio de Enfermagem Rainha Silvia da Su\u00e9cia foi entregue \u00e0 Jussara Otaviano, professora da S\u00e3o Camilo, por sua atua\u00e7\u00e3o no SUS","robots":{"index":"index","follow":"follow","max-snippet":"max-snippet:-1","max-image-preview":"max-image-preview:large","max-video-preview":"max-video-preview:-1"},"canonical":"https:\/\/blog.saocamilo-sp.br\/index.php\/2023\/06\/07\/docente-e-premiada-pela-rainha-da-suecia-por-trabalho-realizado-no-sus\/","og_locale":"pt_BR","og_type":"article","og_title":"Docente \u00e9 premiada pela Rainha da Su\u00e9cia por trabalho no SUS","og_description":"O Pr\u00eamio de Enfermagem Rainha Silvia da Su\u00e9cia foi entregue \u00e0 Jussara Otaviano, professora da S\u00e3o Camilo, por sua atua\u00e7\u00e3o no SUS","og_url":"https:\/\/blog.saocamilo-sp.br\/index.php\/2023\/06\/07\/docente-e-premiada-pela-rainha-da-suecia-por-trabalho-realizado-no-sus\/","og_site_name":"Blog S\u00e3o Camilo","article_publisher":"https:\/\/www.facebook.com\/saocamilosp","article_published_time":"2023-06-07T13:19:44+00:00","article_modified_time":"2023-06-07T21:52:01+00:00","og_image":[{"width":768,"height":517,"url":"https:\/\/blog.saocamilo-sp.br\/wp-content\/uploads\/2023\/06\/Premio_Rainha.png","type":"image\/png"}],"author":"Giancarlo Bonato","twitter_card":"summary_large_image","twitter_creator":"@saocamilosp","twitter_site":"@saocamilosp","twitter_misc":{"Escrito por":"Giancarlo Bonato","Est. tempo de leitura":"2 minutos"},"schema":{"@context":"https:\/\/schema.org","@graph":[{"@type":"Article","@id":"https:\/\/blog.saocamilo-sp.br\/index.php\/2023\/06\/07\/docente-e-premiada-pela-rainha-da-suecia-por-trabalho-realizado-no-sus\/#article","isPartOf":{"@id":"https:\/\/blog.saocamilo-sp.br\/index.php\/2023\/06\/07\/docente-e-premiada-pela-rainha-da-suecia-por-trabalho-realizado-no-sus\/"},"author":{"name":"Giancarlo Bonato","@id":"https:\/\/blog.saocamilo-sp.br\/#\/schema\/person\/2f1abef72dd95b45ae5f8e75003b32a9"},"headline":"Terapia Comunit\u00e1ria Integrativa: Docente recebe pr\u00eamio da Rainha da Su\u00e9cia","datePublished":"2023-06-07T13:19:44+00:00","dateModified":"2023-06-07T21:52:01+00:00","mainEntityOfPage":{"@id":"https:\/\/blog.saocamilo-sp.br\/index.php\/2023\/06\/07\/docente-e-premiada-pela-rainha-da-suecia-por-trabalho-realizado-no-sus\/"},"wordCount":351,"commentCount":0,"publisher":{"@id":"https:\/\/blog.saocamilo-sp.br\/#organization"},"image":{"@id":"https:\/\/blog.saocamilo-sp.br\/index.php\/2023\/06\/07\/docente-e-premiada-pela-rainha-da-suecia-por-trabalho-realizado-no-sus\/#primaryimage"},"thumbnailUrl":"https:\/\/blog.saocamilo-sp.br\/wp-content\/uploads\/2023\/06\/Premio_Rainha.png","keywords":["Enfermagem","Medicina","Vida Universit\u00e1ria"],"articleSection":["Medicina"],"inLanguage":"pt-BR","potentialAction":[{"@type":"CommentAction","name":"Comment","target":["https:\/\/blog.saocamilo-sp.br\/index.php\/2023\/06\/07\/docente-e-premiada-pela-rainha-da-suecia-por-trabalho-realizado-no-sus\/#respond"]}]},{"@type":"WebPage","@id":"https:\/\/blog.saocamilo-sp.br\/index.php\/2023\/06\/07\/docente-e-premiada-pela-rainha-da-suecia-por-trabalho-realizado-no-sus\/","url":"https:\/\/blog.saocamilo-sp.br\/index.php\/2023\/06\/07\/docente-e-premiada-pela-rainha-da-suecia-por-trabalho-realizado-no-sus\/","name":"Docente \u00e9 premiada pela Rainha da Su\u00e9cia por trabalho no SUS","isPartOf":{"@id":"https:\/\/blog.saocamilo-sp.br\/#website"},"primaryImageOfPage":{"@id":"https:\/\/blog.saocamilo-sp.br\/index.php\/2023\/06\/07\/docente-e-premiada-pela-rainha-da-suecia-por-trabalho-realizado-no-sus\/#primaryimage"},"image":{"@id":"https:\/\/blog.saocamilo-sp.br\/index.php\/2023\/06\/07\/docente-e-premiada-pela-rainha-da-suecia-por-trabalho-realizado-no-sus\/#primaryimage"},"thumbnailUrl":"https:\/\/blog.saocamilo-sp.br\/wp-content\/uploads\/2023\/06\/Premio_Rainha.png","datePublished":"2023-06-07T13:19:44+00:00","dateModified":"2023-06-07T21:52:01+00:00","description":"O Pr\u00eamio de Enfermagem Rainha Silvia da Su\u00e9cia foi entregue \u00e0 Jussara Otaviano, professora da S\u00e3o Camilo, por sua atua\u00e7\u00e3o no SUS","breadcrumb":{"@id":"https:\/\/blog.saocamilo-sp.br\/index.php\/2023\/06\/07\/docente-e-premiada-pela-rainha-da-suecia-por-trabalho-realizado-no-sus\/#breadcrumb"},"inLanguage":"pt-BR","potentialAction":[{"@type":"ReadAction","target":["https:\/\/blog.saocamilo-sp.br\/index.php\/2023\/06\/07\/docente-e-premiada-pela-rainha-da-suecia-por-trabalho-realizado-no-sus\/"]}]},{"@type":"BreadcrumbList","@id":"https:\/\/blog.saocamilo-sp.br\/index.php\/2023\/06\/07\/docente-e-premiada-pela-rainha-da-suecia-por-trabalho-realizado-no-sus\/#breadcrumb","itemListElement":[{"@type":"ListItem","position":1,"name":"In\u00edcio","item":"https:\/\/blog.saocamilo-sp.br\/"},{"@type":"ListItem","position":2,"name":"Terapia Comunit\u00e1ria Integrativa: Docente recebe pr\u00eamio da Rainha da Su\u00e9cia"}]},{"@type":"WebSite","@id":"https:\/\/blog.saocamilo-sp.br\/#website","url":"https:\/\/blog.saocamilo-sp.br\/","name":"Blog S\u00e3o Camilo","description":"Blog do Centro Universit\u00e1rio S\u00e3o Camilo","publisher":{"@id":"https:\/\/blog.saocamilo-sp.br\/#organization"},"potentialAction":[{"@type":"SearchAction","target":{"@type":"EntryPoint","urlTemplate":"https:\/\/blog.saocamilo-sp.br\/?s={search_term_string}"},"query-input":{"@type":"PropertyValueSpecification","valueRequired":true,"valueName":"search_term_string"}}],"inLanguage":"pt-BR"},{"@type":"Organization","@id":"https:\/\/blog.saocamilo-sp.br\/#organization","name":"Blog S\u00e3o Camilo","url":"https:\/\/blog.saocamilo-sp.br\/","logo":{"@type":"ImageObject","inLanguage":"pt-BR","@id":"https:\/\/blog.saocamilo-sp.br\/#\/schema\/logo\/image\/","url":"https:\/\/blog.saocamilo-sp.br\/wp-content\/uploads\/2021\/12\/cropped-vazio-logo-topo.png","contentUrl":"https:\/\/blog.saocamilo-sp.br\/wp-content\/uploads\/2021\/12\/cropped-vazio-logo-topo.png","width":320,"height":240,"caption":"Blog S\u00e3o Camilo"},"image":{"@id":"https:\/\/blog.saocamilo-sp.br\/#\/schema\/logo\/image\/"},"sameAs":["https:\/\/www.facebook.com\/saocamilosp","https:\/\/x.com\/saocamilosp","https:\/\/www.linkedin.com\/school\/centro-universit-rio-s-o-camilo\/"]},{"@type":"Person","@id":"https:\/\/blog.saocamilo-sp.br\/#\/schema\/person\/2f1abef72dd95b45ae5f8e75003b32a9","name":"Giancarlo Bonato","image":{"@type":"ImageObject","inLanguage":"pt-BR","@id":"https:\/\/secure.gravatar.com\/avatar\/cbed0d57a74836e8481bb4b2ac15163f24841505b47ce8f4d0b58343bcbe6d77?s=96&d=mm&r=g","url":"https:\/\/secure.gravatar.com\/avatar\/cbed0d57a74836e8481bb4b2ac15163f24841505b47ce8f4d0b58343bcbe6d77?s=96&d=mm&r=g","contentUrl":"https:\/\/secure.gravatar.com\/avatar\/cbed0d57a74836e8481bb4b2ac15163f24841505b47ce8f4d0b58343bcbe6d77?s=96&d=mm&r=g","caption":"Giancarlo Bonato"},"url":"https:\/\/blog.saocamilo-sp.br\/index.php\/author\/gbonato\/"}]}},"_links":{"self":[{"href":"https:\/\/blog.saocamilo-sp.br\/index.php\/wp-json\/wp\/v2\/posts\/1196","targetHints":{"allow":["GET"]}}],"collection":[{"href":"https:\/\/blog.saocamilo-sp.br\/index.php\/wp-json\/wp\/v2\/posts"}],"about":[{"href":"https:\/\/blog.saocamilo-sp.br\/index.php\/wp-json\/wp\/v2\/types\/post"}],"author":[{"embeddable":true,"href":"https:\/\/blog.saocamilo-sp.br\/index.php\/wp-json\/wp\/v2\/users\/5"}],"replies":[{"embeddable":true,"href":"https:\/\/blog.saocamilo-sp.br\/index.php\/wp-json\/wp\/v2\/comments?post=1196"}],"version-history":[{"count":19,"href":"https:\/\/blog.saocamilo-sp.br\/index.php\/wp-json\/wp\/v2\/posts\/1196\/revisions"}],"predecessor-version":[{"id":1274,"href":"https:\/\/blog.saocamilo-sp.br\/index.php\/wp-json\/wp\/v2\/posts\/1196\/revisions\/1274"}],"wp:featuredmedia":[{"embeddable":true,"href":"https:\/\/blog.saocamilo-sp.br\/index.php\/wp-json\/wp\/v2\/media\/1201"}],"wp:attachment":[{"href":"https:\/\/blog.saocamilo-sp.br\/index.php\/wp-json\/wp\/v2\/media?parent=1196"}],"wp:term":[{"taxonomy":"category","embeddable":true,"href":"https:\/\/blog.saocamilo-sp.br\/index.php\/wp-json\/wp\/v2\/categories?post=1196"},{"taxonomy":"post_tag","embeddable":true,"href":"https:\/\/blog.saocamilo-sp.br\/index.php\/wp-json\/wp\/v2\/tags?post=1196"}],"curies":[{"name":"wp","href":"https:\/\/api.w.org\/{rel}","templated":true}]}}