{"id":1279,"date":"2023-06-20T17:18:27","date_gmt":"2023-06-20T20:18:27","guid":{"rendered":"https:\/\/blog.saocamilo-sp.br\/?p=1279"},"modified":"2025-11-25T11:02:24","modified_gmt":"2025-11-25T14:02:24","slug":"inverno-como-se-prevenir-das-principais-doencas-respiratorias-no-brasil","status":"publish","type":"post","link":"https:\/\/blog.saocamilo-sp.br\/index.php\/2023\/06\/20\/inverno-como-se-prevenir-das-principais-doencas-respiratorias-no-brasil\/","title":{"rendered":"Inverno: como se prevenir das principais doen\u00e7as respirat\u00f3rias no Brasil"},"content":{"rendered":"\n<p> inverno no Brasil traz consigo um aumento significativo de doen\u00e7as respirat\u00f3rias, afetando pessoas de todas as idades. Como m\u00e9dico, \u00e9 fundamental informar a popula\u00e7\u00e3o sobre essas condi\u00e7\u00f5es e fornecer orienta\u00e7\u00f5es para preven\u00e7\u00e3o e tratamento adequado. Neste artigo, discutiremos as principais doen\u00e7as respirat\u00f3rias que ocorrem durante o inverno no Brasil, destacando medidas importantes para proteger a sa\u00fade respirat\u00f3ria.<\/p>\n\n\n\n<h2 class=\"wp-block-heading\"><strong>Influenza: proteja-se da gripe sazonal<\/strong><\/h2>\n\n\n\n<p><strong>Sintomas, preven\u00e7\u00e3o e tratamento da gripe<\/strong><\/p>\n\n\n\n<p>A gripe, causada pelo v\u00edrus influenza, \u00e9 uma das doen\u00e7as respirat\u00f3rias mais comuns durante o inverno no Brasil. Apresenta sintomas como febre, dores no corpo, congest\u00e3o nasal, coriza e fadiga. A vacina\u00e7\u00e3o anual \u00e9 a melhor forma de prevenir contra os casos graves da gripe. Al\u00e9m disso, medidas como lavagem frequente das m\u00e3os, uso de \u00e1lcool em gel e evitar aglomera\u00e7\u00f5es podem ajudar a reduzir o risco de cont\u00e1gio. Caso apresente sintomas gripais, consulte um m\u00e9dico para receber o tratamento adequado, que normalmente consiste em ingerir bastante l\u00edquido para ajudar a fluidificar as secre\u00e7\u00f5es, repouso e rem\u00e9dios sintom\u00e1ticos para dor e febre.<\/p>\n\n\n\n<h2 class=\"wp-block-heading\"><strong>Resfriado comum: cuidados essenciais no inverno<\/strong><\/h2>\n\n\n\n<p><strong>Sintomas, preven\u00e7\u00e3o e tratamento do resfriado<\/strong><\/p>\n\n\n\n<p>O resfriado comum \u00e9 outra doen\u00e7a respirat\u00f3ria frequente durante o inverno no Brasil. Os sintomas s\u00e3o semelhantes aos da gripe, por\u00e9m, costumam ser mais leves e de menor dura\u00e7\u00e3o. Congest\u00e3o nasal, coriza, dor de garganta e espirros s\u00e3o sinais comuns do resfriado. Para prevenir a dissemina\u00e7\u00e3o do v\u00edrus, \u00e9 importante adotar medidas simples, como lavar as m\u00e3os regularmente e evitar tocar o rosto. Manter o sistema imunol\u00f3gico fortalecido com uma alimenta\u00e7\u00e3o saud\u00e1vel e a pr\u00e1tica regular de exerc\u00edcios f\u00edsicos tamb\u00e9m \u00e9 fundamental. Em caso de persist\u00eancia dos sintomas, \u00e9 recomendado buscar orienta\u00e7\u00e3o m\u00e9dica para um diagn\u00f3stico preciso e tratamento adequado.<\/p>\n\n\n\n<h2 class=\"wp-block-heading\"><strong>Asma: protegendo-se das crises no inverno<\/strong><\/h2>\n\n\n\n<p><strong>Sintomas, controle e preven\u00e7\u00e3o da asma<\/strong><\/p>\n\n\n\n<p>A asma \u00e9 uma doen\u00e7a respirat\u00f3ria cr\u00f4nica que pode ser agravada durante o inverno. Caracterizada por inflama\u00e7\u00e3o e estreitamento das vias a\u00e9reas, a asma pode causar sintomas como tosse persistente, falta de ar, chiado no peito e aperto no peito. Durante essa esta\u00e7\u00e3o, o ar frio e seco pode desencadear crises asm\u00e1ticas em pessoas predispostas, assim como a exposi\u00e7\u00e3o a al\u00e9rgenos comuns nessa \u00e9poca, como \u00e1caros, mofo e pelos de animais. Para prevenir crises de asma no inverno, \u00e9 fundamental adotar medidas de controle e preven\u00e7\u00e3o adequadas. Isso inclui seguir um plano de tratamento estabelecido pelo m\u00e9dico, que pode envolver o uso de medicamentos de controle, como corticosteroides inalat\u00f3rios, broncodilatadores e antileucotrienos, para reduzir a inflama\u00e7\u00e3o das vias a\u00e9reas e melhorar a fun\u00e7\u00e3o pulmonar. Al\u00e9m disso, medidas como evitar exposi\u00e7\u00e3o a al\u00e9rgenos, manter-se aquecido, evitar mudan\u00e7as bruscas de temperatura, manter-se hidratado e receber a vacina\u00e7\u00e3o contra a gripe s\u00e3o essenciais para proteger a sa\u00fade respirat\u00f3ria e reduzir o risco de crises asm\u00e1ticas no inverno. Consultar regularmente o m\u00e9dico especialista e seguir suas orienta\u00e7\u00f5es \u00e9 fundamental para um bom controle da asma durante essa esta\u00e7\u00e3o desafiadora.<\/p>\n\n\n\n<p><\/p>\n\n\n\n<p>Artigo realizado com auxilio da coordenada\u00e7\u00e3o do curso de <a href=\"https:\/\/saocamilo-sp.br\/graduacao\/presencial\/medicina\" target=\"_blank\" rel=\"noreferrer noopener\">Medicina<\/a> do <a href=\"https:\/\/saocamilo-sp.br\/\" target=\"_blank\" rel=\"noreferrer noopener\">Centro Universit\u00e1rio S\u00e3o Camilo<\/a>.<br><\/p>\n\n\n\n<iframe loading=\"lazy\" src=\"https:\/\/saocamilo.apprbs.com.br\/tenho-interesse-blog\" height=\"530px\" width=\"100%\" frameborder=\"0\"><\/iframe>\n\n\n\n<p><br><\/p>\n","protected":false},"excerpt":{"rendered":"<p>O inverno no Brasil traz consigo um aumento significativo de doen\u00e7as respirat\u00f3rias, afetando pessoas de todas as idades.<\/p>\n","protected":false},"author":13,"featured_media":1280,"comment_status":"open","ping_status":"open","sticky":false,"template":"","format":"standard","meta":{"cybocfi_hide_featured_image":"yes","footnotes":""},"categories":[30],"tags":[17],"class_list":["post-1279","post","type-post","status-publish","format-standard","has-post-thumbnail","hentry","category-medicina","tag-saude"],"yoast_head":"<!-- This site is optimized with the Yoast SEO plugin v27.5 - https:\/\/yoast.com\/product\/yoast-seo-wordpress\/ -->\n<title>Inverno: como se prevenir das principais doen\u00e7as respirat\u00f3rias no Brasil - Blog S\u00e3o Camilo<\/title>\n<meta name=\"robots\" content=\"index, follow, max-snippet:-1, max-image-preview:large, max-video-preview:-1\" \/>\n<link rel=\"canonical\" href=\"https:\/\/blog.saocamilo-sp.br\/index.php\/2023\/06\/20\/inverno-como-se-prevenir-das-principais-doencas-respiratorias-no-brasil\/\" \/>\n<meta property=\"og:locale\" content=\"pt_BR\" \/>\n<meta property=\"og:type\" content=\"article\" \/>\n<meta property=\"og:title\" content=\"Inverno: como se prevenir das principais doen\u00e7as respirat\u00f3rias no Brasil - Blog S\u00e3o Camilo\" \/>\n<meta property=\"og:description\" content=\"O inverno no Brasil traz consigo um aumento significativo de doen\u00e7as respirat\u00f3rias, afetando pessoas de todas as idades.\" \/>\n<meta property=\"og:url\" content=\"https:\/\/blog.saocamilo-sp.br\/index.php\/2023\/06\/20\/inverno-como-se-prevenir-das-principais-doencas-respiratorias-no-brasil\/\" \/>\n<meta property=\"og:site_name\" content=\"Blog S\u00e3o Camilo\" \/>\n<meta property=\"article:publisher\" content=\"https:\/\/www.facebook.com\/saocamilosp\" \/>\n<meta property=\"article:published_time\" content=\"2023-06-20T20:18:27+00:00\" \/>\n<meta property=\"article:modified_time\" content=\"2025-11-25T14:02:24+00:00\" \/>\n<meta property=\"og:image\" content=\"https:\/\/blog.saocamilo-sp.br\/wp-content\/uploads\/2023\/06\/Topo_inverno_1.png\" \/>\n\t<meta property=\"og:image:width\" content=\"600\" \/>\n\t<meta property=\"og:image:height\" content=\"400\" \/>\n\t<meta property=\"og:image:type\" content=\"image\/png\" \/>\n<meta name=\"author\" content=\"Leandro Lafr\u00e1gola\" \/>\n<meta name=\"twitter:card\" content=\"summary_large_image\" \/>\n<meta name=\"twitter:creator\" content=\"@saocamilosp\" \/>\n<meta name=\"twitter:site\" content=\"@saocamilosp\" \/>\n<meta name=\"twitter:label1\" content=\"Escrito por\" \/>\n\t<meta name=\"twitter:data1\" content=\"Leandro Lafr\u00e1gola\" \/>\n\t<meta name=\"twitter:label2\" content=\"Est. tempo de leitura\" \/>\n\t<meta name=\"twitter:data2\" content=\"3 minutos\" \/>\n<script type=\"application\/ld+json\" class=\"yoast-schema-graph\">{\"@context\":\"https:\\\/\\\/schema.org\",\"@graph\":[{\"@type\":\"Article\",\"@id\":\"https:\\\/\\\/blog.saocamilo-sp.br\\\/index.php\\\/2023\\\/06\\\/20\\\/inverno-como-se-prevenir-das-principais-doencas-respiratorias-no-brasil\\\/#article\",\"isPartOf\":{\"@id\":\"https:\\\/\\\/blog.saocamilo-sp.br\\\/index.php\\\/2023\\\/06\\\/20\\\/inverno-como-se-prevenir-das-principais-doencas-respiratorias-no-brasil\\\/\"},\"author\":{\"name\":\"Leandro Lafr\u00e1gola\",\"@id\":\"https:\\\/\\\/blog.saocamilo-sp.br\\\/#\\\/schema\\\/person\\\/1a99645faaab0bb55105f817e866e19b\"},\"headline\":\"Inverno: como se prevenir das principais doen\u00e7as respirat\u00f3rias no Brasil\",\"datePublished\":\"2023-06-20T20:18:27+00:00\",\"dateModified\":\"2025-11-25T14:02:24+00:00\",\"mainEntityOfPage\":{\"@id\":\"https:\\\/\\\/blog.saocamilo-sp.br\\\/index.php\\\/2023\\\/06\\\/20\\\/inverno-como-se-prevenir-das-principais-doencas-respiratorias-no-brasil\\\/\"},\"wordCount\":575,\"commentCount\":0,\"publisher\":{\"@id\":\"https:\\\/\\\/blog.saocamilo-sp.br\\\/#organization\"},\"image\":{\"@id\":\"https:\\\/\\\/blog.saocamilo-sp.br\\\/index.php\\\/2023\\\/06\\\/20\\\/inverno-como-se-prevenir-das-principais-doencas-respiratorias-no-brasil\\\/#primaryimage\"},\"thumbnailUrl\":\"https:\\\/\\\/blog.saocamilo-sp.br\\\/wp-content\\\/uploads\\\/2023\\\/06\\\/Topo_inverno_1.png\",\"keywords\":[\"Sa\u00fade\"],\"articleSection\":[\"Medicina\"],\"inLanguage\":\"pt-BR\",\"potentialAction\":[{\"@type\":\"CommentAction\",\"name\":\"Comment\",\"target\":[\"https:\\\/\\\/blog.saocamilo-sp.br\\\/index.php\\\/2023\\\/06\\\/20\\\/inverno-como-se-prevenir-das-principais-doencas-respiratorias-no-brasil\\\/#respond\"]}]},{\"@type\":\"WebPage\",\"@id\":\"https:\\\/\\\/blog.saocamilo-sp.br\\\/index.php\\\/2023\\\/06\\\/20\\\/inverno-como-se-prevenir-das-principais-doencas-respiratorias-no-brasil\\\/\",\"url\":\"https:\\\/\\\/blog.saocamilo-sp.br\\\/index.php\\\/2023\\\/06\\\/20\\\/inverno-como-se-prevenir-das-principais-doencas-respiratorias-no-brasil\\\/\",\"name\":\"Inverno: como se prevenir das principais doen\u00e7as respirat\u00f3rias no Brasil - Blog S\u00e3o Camilo\",\"isPartOf\":{\"@id\":\"https:\\\/\\\/blog.saocamilo-sp.br\\\/#website\"},\"primaryImageOfPage\":{\"@id\":\"https:\\\/\\\/blog.saocamilo-sp.br\\\/index.php\\\/2023\\\/06\\\/20\\\/inverno-como-se-prevenir-das-principais-doencas-respiratorias-no-brasil\\\/#primaryimage\"},\"image\":{\"@id\":\"https:\\\/\\\/blog.saocamilo-sp.br\\\/index.php\\\/2023\\\/06\\\/20\\\/inverno-como-se-prevenir-das-principais-doencas-respiratorias-no-brasil\\\/#primaryimage\"},\"thumbnailUrl\":\"https:\\\/\\\/blog.saocamilo-sp.br\\\/wp-content\\\/uploads\\\/2023\\\/06\\\/Topo_inverno_1.png\",\"datePublished\":\"2023-06-20T20:18:27+00:00\",\"dateModified\":\"2025-11-25T14:02:24+00:00\",\"breadcrumb\":{\"@id\":\"https:\\\/\\\/blog.saocamilo-sp.br\\\/index.php\\\/2023\\\/06\\\/20\\\/inverno-como-se-prevenir-das-principais-doencas-respiratorias-no-brasil\\\/#breadcrumb\"},\"inLanguage\":\"pt-BR\",\"potentialAction\":[{\"@type\":\"ReadAction\",\"target\":[\"https:\\\/\\\/blog.saocamilo-sp.br\\\/index.php\\\/2023\\\/06\\\/20\\\/inverno-como-se-prevenir-das-principais-doencas-respiratorias-no-brasil\\\/\"]}]},{\"@type\":\"BreadcrumbList\",\"@id\":\"https:\\\/\\\/blog.saocamilo-sp.br\\\/index.php\\\/2023\\\/06\\\/20\\\/inverno-como-se-prevenir-das-principais-doencas-respiratorias-no-brasil\\\/#breadcrumb\",\"itemListElement\":[{\"@type\":\"ListItem\",\"position\":1,\"name\":\"In\u00edcio\",\"item\":\"https:\\\/\\\/blog.saocamilo-sp.br\\\/\"},{\"@type\":\"ListItem\",\"position\":2,\"name\":\"Inverno: como se prevenir das principais doen\u00e7as respirat\u00f3rias no Brasil\"}]},{\"@type\":\"WebSite\",\"@id\":\"https:\\\/\\\/blog.saocamilo-sp.br\\\/#website\",\"url\":\"https:\\\/\\\/blog.saocamilo-sp.br\\\/\",\"name\":\"Blog S\u00e3o Camilo\",\"description\":\"Blog do Centro Universit\u00e1rio S\u00e3o Camilo\",\"publisher\":{\"@id\":\"https:\\\/\\\/blog.saocamilo-sp.br\\\/#organization\"},\"potentialAction\":[{\"@type\":\"SearchAction\",\"target\":{\"@type\":\"EntryPoint\",\"urlTemplate\":\"https:\\\/\\\/blog.saocamilo-sp.br\\\/?s={search_term_string}\"},\"query-input\":{\"@type\":\"PropertyValueSpecification\",\"valueRequired\":true,\"valueName\":\"search_term_string\"}}],\"inLanguage\":\"pt-BR\"},{\"@type\":\"Organization\",\"@id\":\"https:\\\/\\\/blog.saocamilo-sp.br\\\/#organization\",\"name\":\"Blog S\u00e3o Camilo\",\"url\":\"https:\\\/\\\/blog.saocamilo-sp.br\\\/\",\"logo\":{\"@type\":\"ImageObject\",\"inLanguage\":\"pt-BR\",\"@id\":\"https:\\\/\\\/blog.saocamilo-sp.br\\\/#\\\/schema\\\/logo\\\/image\\\/\",\"url\":\"https:\\\/\\\/blog.saocamilo-sp.br\\\/wp-content\\\/uploads\\\/2021\\\/12\\\/cropped-vazio-logo-topo.png\",\"contentUrl\":\"https:\\\/\\\/blog.saocamilo-sp.br\\\/wp-content\\\/uploads\\\/2021\\\/12\\\/cropped-vazio-logo-topo.png\",\"width\":320,\"height\":240,\"caption\":\"Blog S\u00e3o Camilo\"},\"image\":{\"@id\":\"https:\\\/\\\/blog.saocamilo-sp.br\\\/#\\\/schema\\\/logo\\\/image\\\/\"},\"sameAs\":[\"https:\\\/\\\/www.facebook.com\\\/saocamilosp\",\"https:\\\/\\\/x.com\\\/saocamilosp\",\"https:\\\/\\\/www.linkedin.com\\\/school\\\/centro-universit-rio-s-o-camilo\\\/\"]},{\"@type\":\"Person\",\"@id\":\"https:\\\/\\\/blog.saocamilo-sp.br\\\/#\\\/schema\\\/person\\\/1a99645faaab0bb55105f817e866e19b\",\"name\":\"Leandro Lafr\u00e1gola\",\"image\":{\"@type\":\"ImageObject\",\"inLanguage\":\"pt-BR\",\"@id\":\"https:\\\/\\\/secure.gravatar.com\\\/avatar\\\/ec4232fb8d50d80f1c672353dc4c2876490e6a0a2a33d6572c0ba1fb78f115cf?s=96&d=mm&r=g\",\"url\":\"https:\\\/\\\/secure.gravatar.com\\\/avatar\\\/ec4232fb8d50d80f1c672353dc4c2876490e6a0a2a33d6572c0ba1fb78f115cf?s=96&d=mm&r=g\",\"contentUrl\":\"https:\\\/\\\/secure.gravatar.com\\\/avatar\\\/ec4232fb8d50d80f1c672353dc4c2876490e6a0a2a33d6572c0ba1fb78f115cf?s=96&d=mm&r=g\",\"caption\":\"Leandro Lafr\u00e1gola\"},\"url\":\"https:\\\/\\\/blog.saocamilo-sp.br\\\/index.php\\\/author\\\/llafragola\\\/\"}]}<\/script>\n<!-- \/ Yoast SEO plugin. -->","yoast_head_json":{"title":"Inverno: como se prevenir das principais doen\u00e7as respirat\u00f3rias no Brasil - Blog S\u00e3o Camilo","robots":{"index":"index","follow":"follow","max-snippet":"max-snippet:-1","max-image-preview":"max-image-preview:large","max-video-preview":"max-video-preview:-1"},"canonical":"https:\/\/blog.saocamilo-sp.br\/index.php\/2023\/06\/20\/inverno-como-se-prevenir-das-principais-doencas-respiratorias-no-brasil\/","og_locale":"pt_BR","og_type":"article","og_title":"Inverno: como se prevenir das principais doen\u00e7as respirat\u00f3rias no Brasil - Blog S\u00e3o Camilo","og_description":"O inverno no Brasil traz consigo um aumento significativo de doen\u00e7as respirat\u00f3rias, afetando pessoas de todas as idades.","og_url":"https:\/\/blog.saocamilo-sp.br\/index.php\/2023\/06\/20\/inverno-como-se-prevenir-das-principais-doencas-respiratorias-no-brasil\/","og_site_name":"Blog S\u00e3o Camilo","article_publisher":"https:\/\/www.facebook.com\/saocamilosp","article_published_time":"2023-06-20T20:18:27+00:00","article_modified_time":"2025-11-25T14:02:24+00:00","og_image":[{"width":600,"height":400,"url":"https:\/\/blog.saocamilo-sp.br\/wp-content\/uploads\/2023\/06\/Topo_inverno_1.png","type":"image\/png"}],"author":"Leandro Lafr\u00e1gola","twitter_card":"summary_large_image","twitter_creator":"@saocamilosp","twitter_site":"@saocamilosp","twitter_misc":{"Escrito por":"Leandro Lafr\u00e1gola","Est. tempo de leitura":"3 minutos"},"schema":{"@context":"https:\/\/schema.org","@graph":[{"@type":"Article","@id":"https:\/\/blog.saocamilo-sp.br\/index.php\/2023\/06\/20\/inverno-como-se-prevenir-das-principais-doencas-respiratorias-no-brasil\/#article","isPartOf":{"@id":"https:\/\/blog.saocamilo-sp.br\/index.php\/2023\/06\/20\/inverno-como-se-prevenir-das-principais-doencas-respiratorias-no-brasil\/"},"author":{"name":"Leandro Lafr\u00e1gola","@id":"https:\/\/blog.saocamilo-sp.br\/#\/schema\/person\/1a99645faaab0bb55105f817e866e19b"},"headline":"Inverno: como se prevenir das principais doen\u00e7as respirat\u00f3rias no Brasil","datePublished":"2023-06-20T20:18:27+00:00","dateModified":"2025-11-25T14:02:24+00:00","mainEntityOfPage":{"@id":"https:\/\/blog.saocamilo-sp.br\/index.php\/2023\/06\/20\/inverno-como-se-prevenir-das-principais-doencas-respiratorias-no-brasil\/"},"wordCount":575,"commentCount":0,"publisher":{"@id":"https:\/\/blog.saocamilo-sp.br\/#organization"},"image":{"@id":"https:\/\/blog.saocamilo-sp.br\/index.php\/2023\/06\/20\/inverno-como-se-prevenir-das-principais-doencas-respiratorias-no-brasil\/#primaryimage"},"thumbnailUrl":"https:\/\/blog.saocamilo-sp.br\/wp-content\/uploads\/2023\/06\/Topo_inverno_1.png","keywords":["Sa\u00fade"],"articleSection":["Medicina"],"inLanguage":"pt-BR","potentialAction":[{"@type":"CommentAction","name":"Comment","target":["https:\/\/blog.saocamilo-sp.br\/index.php\/2023\/06\/20\/inverno-como-se-prevenir-das-principais-doencas-respiratorias-no-brasil\/#respond"]}]},{"@type":"WebPage","@id":"https:\/\/blog.saocamilo-sp.br\/index.php\/2023\/06\/20\/inverno-como-se-prevenir-das-principais-doencas-respiratorias-no-brasil\/","url":"https:\/\/blog.saocamilo-sp.br\/index.php\/2023\/06\/20\/inverno-como-se-prevenir-das-principais-doencas-respiratorias-no-brasil\/","name":"Inverno: como se prevenir das principais doen\u00e7as respirat\u00f3rias no Brasil - Blog S\u00e3o Camilo","isPartOf":{"@id":"https:\/\/blog.saocamilo-sp.br\/#website"},"primaryImageOfPage":{"@id":"https:\/\/blog.saocamilo-sp.br\/index.php\/2023\/06\/20\/inverno-como-se-prevenir-das-principais-doencas-respiratorias-no-brasil\/#primaryimage"},"image":{"@id":"https:\/\/blog.saocamilo-sp.br\/index.php\/2023\/06\/20\/inverno-como-se-prevenir-das-principais-doencas-respiratorias-no-brasil\/#primaryimage"},"thumbnailUrl":"https:\/\/blog.saocamilo-sp.br\/wp-content\/uploads\/2023\/06\/Topo_inverno_1.png","datePublished":"2023-06-20T20:18:27+00:00","dateModified":"2025-11-25T14:02:24+00:00","breadcrumb":{"@id":"https:\/\/blog.saocamilo-sp.br\/index.php\/2023\/06\/20\/inverno-como-se-prevenir-das-principais-doencas-respiratorias-no-brasil\/#breadcrumb"},"inLanguage":"pt-BR","potentialAction":[{"@type":"ReadAction","target":["https:\/\/blog.saocamilo-sp.br\/index.php\/2023\/06\/20\/inverno-como-se-prevenir-das-principais-doencas-respiratorias-no-brasil\/"]}]},{"@type":"BreadcrumbList","@id":"https:\/\/blog.saocamilo-sp.br\/index.php\/2023\/06\/20\/inverno-como-se-prevenir-das-principais-doencas-respiratorias-no-brasil\/#breadcrumb","itemListElement":[{"@type":"ListItem","position":1,"name":"In\u00edcio","item":"https:\/\/blog.saocamilo-sp.br\/"},{"@type":"ListItem","position":2,"name":"Inverno: como se prevenir das principais doen\u00e7as respirat\u00f3rias no Brasil"}]},{"@type":"WebSite","@id":"https:\/\/blog.saocamilo-sp.br\/#website","url":"https:\/\/blog.saocamilo-sp.br\/","name":"Blog S\u00e3o Camilo","description":"Blog do Centro Universit\u00e1rio S\u00e3o Camilo","publisher":{"@id":"https:\/\/blog.saocamilo-sp.br\/#organization"},"potentialAction":[{"@type":"SearchAction","target":{"@type":"EntryPoint","urlTemplate":"https:\/\/blog.saocamilo-sp.br\/?s={search_term_string}"},"query-input":{"@type":"PropertyValueSpecification","valueRequired":true,"valueName":"search_term_string"}}],"inLanguage":"pt-BR"},{"@type":"Organization","@id":"https:\/\/blog.saocamilo-sp.br\/#organization","name":"Blog S\u00e3o Camilo","url":"https:\/\/blog.saocamilo-sp.br\/","logo":{"@type":"ImageObject","inLanguage":"pt-BR","@id":"https:\/\/blog.saocamilo-sp.br\/#\/schema\/logo\/image\/","url":"https:\/\/blog.saocamilo-sp.br\/wp-content\/uploads\/2021\/12\/cropped-vazio-logo-topo.png","contentUrl":"https:\/\/blog.saocamilo-sp.br\/wp-content\/uploads\/2021\/12\/cropped-vazio-logo-topo.png","width":320,"height":240,"caption":"Blog S\u00e3o Camilo"},"image":{"@id":"https:\/\/blog.saocamilo-sp.br\/#\/schema\/logo\/image\/"},"sameAs":["https:\/\/www.facebook.com\/saocamilosp","https:\/\/x.com\/saocamilosp","https:\/\/www.linkedin.com\/school\/centro-universit-rio-s-o-camilo\/"]},{"@type":"Person","@id":"https:\/\/blog.saocamilo-sp.br\/#\/schema\/person\/1a99645faaab0bb55105f817e866e19b","name":"Leandro Lafr\u00e1gola","image":{"@type":"ImageObject","inLanguage":"pt-BR","@id":"https:\/\/secure.gravatar.com\/avatar\/ec4232fb8d50d80f1c672353dc4c2876490e6a0a2a33d6572c0ba1fb78f115cf?s=96&d=mm&r=g","url":"https:\/\/secure.gravatar.com\/avatar\/ec4232fb8d50d80f1c672353dc4c2876490e6a0a2a33d6572c0ba1fb78f115cf?s=96&d=mm&r=g","contentUrl":"https:\/\/secure.gravatar.com\/avatar\/ec4232fb8d50d80f1c672353dc4c2876490e6a0a2a33d6572c0ba1fb78f115cf?s=96&d=mm&r=g","caption":"Leandro Lafr\u00e1gola"},"url":"https:\/\/blog.saocamilo-sp.br\/index.php\/author\/llafragola\/"}]}},"_links":{"self":[{"href":"https:\/\/blog.saocamilo-sp.br\/index.php\/wp-json\/wp\/v2\/posts\/1279","targetHints":{"allow":["GET"]}}],"collection":[{"href":"https:\/\/blog.saocamilo-sp.br\/index.php\/wp-json\/wp\/v2\/posts"}],"about":[{"href":"https:\/\/blog.saocamilo-sp.br\/index.php\/wp-json\/wp\/v2\/types\/post"}],"author":[{"embeddable":true,"href":"https:\/\/blog.saocamilo-sp.br\/index.php\/wp-json\/wp\/v2\/users\/13"}],"replies":[{"embeddable":true,"href":"https:\/\/blog.saocamilo-sp.br\/index.php\/wp-json\/wp\/v2\/comments?post=1279"}],"version-history":[{"count":3,"href":"https:\/\/blog.saocamilo-sp.br\/index.php\/wp-json\/wp\/v2\/posts\/1279\/revisions"}],"predecessor-version":[{"id":4155,"href":"https:\/\/blog.saocamilo-sp.br\/index.php\/wp-json\/wp\/v2\/posts\/1279\/revisions\/4155"}],"wp:featuredmedia":[{"embeddable":true,"href":"https:\/\/blog.saocamilo-sp.br\/index.php\/wp-json\/wp\/v2\/media\/1280"}],"wp:attachment":[{"href":"https:\/\/blog.saocamilo-sp.br\/index.php\/wp-json\/wp\/v2\/media?parent=1279"}],"wp:term":[{"taxonomy":"category","embeddable":true,"href":"https:\/\/blog.saocamilo-sp.br\/index.php\/wp-json\/wp\/v2\/categories?post=1279"},{"taxonomy":"post_tag","embeddable":true,"href":"https:\/\/blog.saocamilo-sp.br\/index.php\/wp-json\/wp\/v2\/tags?post=1279"}],"curies":[{"name":"wp","href":"https:\/\/api.w.org\/{rel}","templated":true}]}}