{"id":1286,"date":"2023-06-22T17:07:07","date_gmt":"2023-06-22T20:07:07","guid":{"rendered":"https:\/\/blog.saocamilo-sp.br\/?p=1286"},"modified":"2023-06-22T18:06:02","modified_gmt":"2023-06-22T21:06:02","slug":"centro-universitario-sao-camilo-apoia-o-junho-verde","status":"publish","type":"post","link":"https:\/\/blog.saocamilo-sp.br\/index.php\/2023\/06\/22\/centro-universitario-sao-camilo-apoia-o-junho-verde\/","title":{"rendered":"Centro Universit\u00e1rio S\u00e3o Camilo &#8211; SP apoia a Campanha Junho Verde"},"content":{"rendered":"\n<p>Voltada para a educa\u00e7\u00e3o ambiental, a Campanha \u201cJunho Verde\u201d faz parte da agenda nacional de celebra\u00e7\u00e3o de datas da ANEC &#8211; Associa\u00e7\u00e3o Nacional de Educa\u00e7\u00e3o Cat\u00f3lica.&nbsp;<\/p>\n\n\n\n<p>O m\u00eas tem\u00e1tico oi estabelecido em 2022 e discorre sobre a Pol\u00edtica Nacional de Educa\u00e7\u00e3o Ambiental e tamb\u00e9m foi adotado como um dos per\u00edodos de mobiliza\u00e7\u00e3o da Campanha Laudato Si\u2019, iniciativa da CNBB (Confer\u00eancia Nacional dos Bispos do Brasil).<\/p>\n\n\n\n<p>Desse modo, o objetivo da campanha \u00e9 promover a conscientiza\u00e7\u00e3o da popula\u00e7\u00e3o sobre a import\u00e2ncia vital da conserva\u00e7\u00e3o dos ecossistemas naturais, da prote\u00e7\u00e3o de todas as formas de vida al\u00e9m do controle efetivo da polui\u00e7\u00e3o e da degrada\u00e7\u00e3o dos recursos naturais. A \u201cJunho Verde\u201d tamb\u00e9m busca construir um legado duradouro para as atuais e futuras gera\u00e7\u00f5es.<\/p>\n\n\n\n<p>Ainda mais, em sintonia com a campanha do \u201cJunho Verde\u201d, o Centro Universit\u00e1rio S\u00e3o Camilo -SP destaca-se como uma institui\u00e7\u00e3o comprometida com a sustentabilidade e a preserva\u00e7\u00e3o do meio ambiente.&nbsp;<\/p>\n\n\n\n<p>Do mesmo modo, por meio do 5Rs, um programa de Extens\u00e3o Universit\u00e1ria, a institui\u00e7\u00e3o promove a conscientiza\u00e7\u00e3o ambiental. Al\u00e9m da ado\u00e7\u00e3o de pr\u00e1ticas sustent\u00e1veis, estimulando o consumo consciente e contribuindo para os Objetivos do Desenvolvimento Sustent\u00e1vel (ODS) propostos pela ONU.<\/p>\n\n\n\n<p>O Programa 5Rs envolve a comunidade interna e externa, engajando estudantes, docentes e colaboradores em projetos e a\u00e7\u00f5es para aprimorar a gest\u00e3o de res\u00edduos, fomentar cuidados ambientais e promover a reciclagem. <\/p>\n\n\n\n<p>Sua lideran\u00e7a \u00e9 fundamental para inspirar e capacitar a pr\u00f3xima gera\u00e7\u00e3o de cidad\u00e3os conscientes e comprometidos com o meio ambiente. Neste Junho Verde, o Centro Universit\u00e1rio S\u00e3o Camilo destaca-se como um protagonista na constru\u00e7\u00e3o de um futuro mais sustent\u00e1vel, estimulando a consci\u00eancia ambiental e a ado\u00e7\u00e3o de pr\u00e1ticas respons\u00e1veis.<\/p>\n","protected":false},"excerpt":{"rendered":"<p>O objetivo \u00e9 promover a conscientiza\u00e7\u00e3o da popula\u00e7\u00e3o sobre a import\u00e2ncia da conserva\u00e7\u00e3o dos ecossistemas naturais<\/p>\n","protected":false},"author":5,"featured_media":1300,"comment_status":"open","ping_status":"open","sticky":false,"template":"","format":"standard","meta":{"cybocfi_hide_featured_image":"","footnotes":""},"categories":[1],"tags":[16],"class_list":["post-1286","post","type-post","status-publish","format-standard","has-post-thumbnail","hentry","category-cursos","tag-vida-universitaria"],"yoast_head":"<!-- This site is optimized with the Yoast SEO plugin v27.5 - https:\/\/yoast.com\/product\/yoast-seo-wordpress\/ -->\n<title>Centro Universit\u00e1rio S\u00e3o Camilo apoia a Campanha Junho Verde<\/title>\n<meta name=\"description\" content=\"O objetivo da campanha Junho Verde \u00e9 promover a conscientiza\u00e7\u00e3o da popula\u00e7\u00e3o sobre a import\u00e2ncia da conserva\u00e7\u00e3o dos ecossistemas naturais\" \/>\n<meta name=\"robots\" content=\"index, follow, max-snippet:-1, max-image-preview:large, max-video-preview:-1\" \/>\n<link rel=\"canonical\" href=\"https:\/\/blog.saocamilo-sp.br\/index.php\/2023\/06\/22\/centro-universitario-sao-camilo-apoia-o-junho-verde\/\" \/>\n<meta property=\"og:locale\" content=\"pt_BR\" \/>\n<meta property=\"og:type\" content=\"article\" \/>\n<meta property=\"og:title\" content=\"Centro Universit\u00e1rio S\u00e3o Camilo apoia a Campanha Junho Verde\" \/>\n<meta property=\"og:description\" content=\"O objetivo da campanha Junho Verde \u00e9 promover a conscientiza\u00e7\u00e3o da popula\u00e7\u00e3o sobre a import\u00e2ncia da conserva\u00e7\u00e3o dos ecossistemas naturais\" \/>\n<meta property=\"og:url\" content=\"https:\/\/blog.saocamilo-sp.br\/index.php\/2023\/06\/22\/centro-universitario-sao-camilo-apoia-o-junho-verde\/\" \/>\n<meta property=\"og:site_name\" content=\"Blog S\u00e3o Camilo\" \/>\n<meta property=\"article:publisher\" content=\"https:\/\/www.facebook.com\/saocamilosp\" \/>\n<meta property=\"article:published_time\" content=\"2023-06-22T20:07:07+00:00\" \/>\n<meta property=\"article:modified_time\" content=\"2023-06-22T21:06:02+00:00\" \/>\n<meta property=\"og:image\" content=\"https:\/\/blog.saocamilo-sp.br\/wp-content\/uploads\/2023\/06\/Materia_Junho_Verde_1.png\" \/>\n\t<meta property=\"og:image:width\" content=\"800\" \/>\n\t<meta property=\"og:image:height\" content=\"534\" \/>\n\t<meta property=\"og:image:type\" content=\"image\/png\" \/>\n<meta name=\"author\" content=\"Giancarlo Bonato\" \/>\n<meta name=\"twitter:card\" content=\"summary_large_image\" \/>\n<meta name=\"twitter:creator\" content=\"@saocamilosp\" \/>\n<meta name=\"twitter:site\" content=\"@saocamilosp\" \/>\n<meta name=\"twitter:label1\" content=\"Escrito por\" \/>\n\t<meta name=\"twitter:data1\" content=\"Giancarlo Bonato\" \/>\n\t<meta name=\"twitter:label2\" content=\"Est. tempo de leitura\" \/>\n\t<meta name=\"twitter:data2\" content=\"2 minutos\" \/>\n<script type=\"application\/ld+json\" class=\"yoast-schema-graph\">{\"@context\":\"https:\\\/\\\/schema.org\",\"@graph\":[{\"@type\":\"Article\",\"@id\":\"https:\\\/\\\/blog.saocamilo-sp.br\\\/index.php\\\/2023\\\/06\\\/22\\\/centro-universitario-sao-camilo-apoia-o-junho-verde\\\/#article\",\"isPartOf\":{\"@id\":\"https:\\\/\\\/blog.saocamilo-sp.br\\\/index.php\\\/2023\\\/06\\\/22\\\/centro-universitario-sao-camilo-apoia-o-junho-verde\\\/\"},\"author\":{\"name\":\"Giancarlo Bonato\",\"@id\":\"https:\\\/\\\/blog.saocamilo-sp.br\\\/#\\\/schema\\\/person\\\/2f1abef72dd95b45ae5f8e75003b32a9\"},\"headline\":\"Centro Universit\u00e1rio S\u00e3o Camilo &#8211; SP apoia a Campanha Junho Verde\",\"datePublished\":\"2023-06-22T20:07:07+00:00\",\"dateModified\":\"2023-06-22T21:06:02+00:00\",\"mainEntityOfPage\":{\"@id\":\"https:\\\/\\\/blog.saocamilo-sp.br\\\/index.php\\\/2023\\\/06\\\/22\\\/centro-universitario-sao-camilo-apoia-o-junho-verde\\\/\"},\"wordCount\":334,\"commentCount\":0,\"publisher\":{\"@id\":\"https:\\\/\\\/blog.saocamilo-sp.br\\\/#organization\"},\"image\":{\"@id\":\"https:\\\/\\\/blog.saocamilo-sp.br\\\/index.php\\\/2023\\\/06\\\/22\\\/centro-universitario-sao-camilo-apoia-o-junho-verde\\\/#primaryimage\"},\"thumbnailUrl\":\"https:\\\/\\\/blog.saocamilo-sp.br\\\/wp-content\\\/uploads\\\/2023\\\/06\\\/Materia_Junho_Verde_1.png\",\"keywords\":[\"Vida Universit\u00e1ria\"],\"articleSection\":[\"Cursos\"],\"inLanguage\":\"pt-BR\",\"potentialAction\":[{\"@type\":\"CommentAction\",\"name\":\"Comment\",\"target\":[\"https:\\\/\\\/blog.saocamilo-sp.br\\\/index.php\\\/2023\\\/06\\\/22\\\/centro-universitario-sao-camilo-apoia-o-junho-verde\\\/#respond\"]}]},{\"@type\":\"WebPage\",\"@id\":\"https:\\\/\\\/blog.saocamilo-sp.br\\\/index.php\\\/2023\\\/06\\\/22\\\/centro-universitario-sao-camilo-apoia-o-junho-verde\\\/\",\"url\":\"https:\\\/\\\/blog.saocamilo-sp.br\\\/index.php\\\/2023\\\/06\\\/22\\\/centro-universitario-sao-camilo-apoia-o-junho-verde\\\/\",\"name\":\"Centro Universit\u00e1rio S\u00e3o Camilo apoia a Campanha Junho Verde\",\"isPartOf\":{\"@id\":\"https:\\\/\\\/blog.saocamilo-sp.br\\\/#website\"},\"primaryImageOfPage\":{\"@id\":\"https:\\\/\\\/blog.saocamilo-sp.br\\\/index.php\\\/2023\\\/06\\\/22\\\/centro-universitario-sao-camilo-apoia-o-junho-verde\\\/#primaryimage\"},\"image\":{\"@id\":\"https:\\\/\\\/blog.saocamilo-sp.br\\\/index.php\\\/2023\\\/06\\\/22\\\/centro-universitario-sao-camilo-apoia-o-junho-verde\\\/#primaryimage\"},\"thumbnailUrl\":\"https:\\\/\\\/blog.saocamilo-sp.br\\\/wp-content\\\/uploads\\\/2023\\\/06\\\/Materia_Junho_Verde_1.png\",\"datePublished\":\"2023-06-22T20:07:07+00:00\",\"dateModified\":\"2023-06-22T21:06:02+00:00\",\"description\":\"O objetivo da campanha Junho Verde \u00e9 promover a conscientiza\u00e7\u00e3o da popula\u00e7\u00e3o sobre a import\u00e2ncia da conserva\u00e7\u00e3o dos ecossistemas naturais\",\"breadcrumb\":{\"@id\":\"https:\\\/\\\/blog.saocamilo-sp.br\\\/index.php\\\/2023\\\/06\\\/22\\\/centro-universitario-sao-camilo-apoia-o-junho-verde\\\/#breadcrumb\"},\"inLanguage\":\"pt-BR\",\"potentialAction\":[{\"@type\":\"ReadAction\",\"target\":[\"https:\\\/\\\/blog.saocamilo-sp.br\\\/index.php\\\/2023\\\/06\\\/22\\\/centro-universitario-sao-camilo-apoia-o-junho-verde\\\/\"]}]},{\"@type\":\"ImageObject\",\"inLanguage\":\"pt-BR\",\"@id\":\"https:\\\/\\\/blog.saocamilo-sp.br\\\/index.php\\\/2023\\\/06\\\/22\\\/centro-universitario-sao-camilo-apoia-o-junho-verde\\\/#primaryimage\",\"url\":\"https:\\\/\\\/blog.saocamilo-sp.br\\\/wp-content\\\/uploads\\\/2023\\\/06\\\/Materia_Junho_Verde_1.png\",\"contentUrl\":\"https:\\\/\\\/blog.saocamilo-sp.br\\\/wp-content\\\/uploads\\\/2023\\\/06\\\/Materia_Junho_Verde_1.png\",\"width\":800,\"height\":534,\"caption\":\"Centro Universit\u00e1rio Refer\u00eancia ao Centro Universit\u00e1rio como apoiador da campanha do junho verde que promove a conscientiza\u00e7\u00e3o de pr\u00e1ticas mais sustent\u00e1veis ao ambiente\"},{\"@type\":\"BreadcrumbList\",\"@id\":\"https:\\\/\\\/blog.saocamilo-sp.br\\\/index.php\\\/2023\\\/06\\\/22\\\/centro-universitario-sao-camilo-apoia-o-junho-verde\\\/#breadcrumb\",\"itemListElement\":[{\"@type\":\"ListItem\",\"position\":1,\"name\":\"In\u00edcio\",\"item\":\"https:\\\/\\\/blog.saocamilo-sp.br\\\/\"},{\"@type\":\"ListItem\",\"position\":2,\"name\":\"Centro Universit\u00e1rio S\u00e3o Camilo &#8211; SP apoia a Campanha Junho Verde\"}]},{\"@type\":\"WebSite\",\"@id\":\"https:\\\/\\\/blog.saocamilo-sp.br\\\/#website\",\"url\":\"https:\\\/\\\/blog.saocamilo-sp.br\\\/\",\"name\":\"Blog S\u00e3o Camilo\",\"description\":\"Blog do Centro Universit\u00e1rio S\u00e3o Camilo\",\"publisher\":{\"@id\":\"https:\\\/\\\/blog.saocamilo-sp.br\\\/#organization\"},\"potentialAction\":[{\"@type\":\"SearchAction\",\"target\":{\"@type\":\"EntryPoint\",\"urlTemplate\":\"https:\\\/\\\/blog.saocamilo-sp.br\\\/?s={search_term_string}\"},\"query-input\":{\"@type\":\"PropertyValueSpecification\",\"valueRequired\":true,\"valueName\":\"search_term_string\"}}],\"inLanguage\":\"pt-BR\"},{\"@type\":\"Organization\",\"@id\":\"https:\\\/\\\/blog.saocamilo-sp.br\\\/#organization\",\"name\":\"Blog S\u00e3o Camilo\",\"url\":\"https:\\\/\\\/blog.saocamilo-sp.br\\\/\",\"logo\":{\"@type\":\"ImageObject\",\"inLanguage\":\"pt-BR\",\"@id\":\"https:\\\/\\\/blog.saocamilo-sp.br\\\/#\\\/schema\\\/logo\\\/image\\\/\",\"url\":\"https:\\\/\\\/blog.saocamilo-sp.br\\\/wp-content\\\/uploads\\\/2021\\\/12\\\/cropped-vazio-logo-topo.png\",\"contentUrl\":\"https:\\\/\\\/blog.saocamilo-sp.br\\\/wp-content\\\/uploads\\\/2021\\\/12\\\/cropped-vazio-logo-topo.png\",\"width\":320,\"height\":240,\"caption\":\"Blog S\u00e3o Camilo\"},\"image\":{\"@id\":\"https:\\\/\\\/blog.saocamilo-sp.br\\\/#\\\/schema\\\/logo\\\/image\\\/\"},\"sameAs\":[\"https:\\\/\\\/www.facebook.com\\\/saocamilosp\",\"https:\\\/\\\/x.com\\\/saocamilosp\",\"https:\\\/\\\/www.linkedin.com\\\/school\\\/centro-universit-rio-s-o-camilo\\\/\"]},{\"@type\":\"Person\",\"@id\":\"https:\\\/\\\/blog.saocamilo-sp.br\\\/#\\\/schema\\\/person\\\/2f1abef72dd95b45ae5f8e75003b32a9\",\"name\":\"Giancarlo Bonato\",\"image\":{\"@type\":\"ImageObject\",\"inLanguage\":\"pt-BR\",\"@id\":\"https:\\\/\\\/secure.gravatar.com\\\/avatar\\\/cbed0d57a74836e8481bb4b2ac15163f24841505b47ce8f4d0b58343bcbe6d77?s=96&d=mm&r=g\",\"url\":\"https:\\\/\\\/secure.gravatar.com\\\/avatar\\\/cbed0d57a74836e8481bb4b2ac15163f24841505b47ce8f4d0b58343bcbe6d77?s=96&d=mm&r=g\",\"contentUrl\":\"https:\\\/\\\/secure.gravatar.com\\\/avatar\\\/cbed0d57a74836e8481bb4b2ac15163f24841505b47ce8f4d0b58343bcbe6d77?s=96&d=mm&r=g\",\"caption\":\"Giancarlo Bonato\"},\"url\":\"https:\\\/\\\/blog.saocamilo-sp.br\\\/index.php\\\/author\\\/gbonato\\\/\"}]}<\/script>\n<!-- \/ Yoast SEO plugin. -->","yoast_head_json":{"title":"Centro Universit\u00e1rio S\u00e3o Camilo apoia a Campanha Junho Verde","description":"O objetivo da campanha Junho Verde \u00e9 promover a conscientiza\u00e7\u00e3o da popula\u00e7\u00e3o sobre a import\u00e2ncia da conserva\u00e7\u00e3o dos ecossistemas naturais","robots":{"index":"index","follow":"follow","max-snippet":"max-snippet:-1","max-image-preview":"max-image-preview:large","max-video-preview":"max-video-preview:-1"},"canonical":"https:\/\/blog.saocamilo-sp.br\/index.php\/2023\/06\/22\/centro-universitario-sao-camilo-apoia-o-junho-verde\/","og_locale":"pt_BR","og_type":"article","og_title":"Centro Universit\u00e1rio S\u00e3o Camilo apoia a Campanha Junho Verde","og_description":"O objetivo da campanha Junho Verde \u00e9 promover a conscientiza\u00e7\u00e3o da popula\u00e7\u00e3o sobre a import\u00e2ncia da conserva\u00e7\u00e3o dos ecossistemas naturais","og_url":"https:\/\/blog.saocamilo-sp.br\/index.php\/2023\/06\/22\/centro-universitario-sao-camilo-apoia-o-junho-verde\/","og_site_name":"Blog S\u00e3o Camilo","article_publisher":"https:\/\/www.facebook.com\/saocamilosp","article_published_time":"2023-06-22T20:07:07+00:00","article_modified_time":"2023-06-22T21:06:02+00:00","og_image":[{"width":800,"height":534,"url":"https:\/\/blog.saocamilo-sp.br\/wp-content\/uploads\/2023\/06\/Materia_Junho_Verde_1.png","type":"image\/png"}],"author":"Giancarlo Bonato","twitter_card":"summary_large_image","twitter_creator":"@saocamilosp","twitter_site":"@saocamilosp","twitter_misc":{"Escrito por":"Giancarlo Bonato","Est. tempo de leitura":"2 minutos"},"schema":{"@context":"https:\/\/schema.org","@graph":[{"@type":"Article","@id":"https:\/\/blog.saocamilo-sp.br\/index.php\/2023\/06\/22\/centro-universitario-sao-camilo-apoia-o-junho-verde\/#article","isPartOf":{"@id":"https:\/\/blog.saocamilo-sp.br\/index.php\/2023\/06\/22\/centro-universitario-sao-camilo-apoia-o-junho-verde\/"},"author":{"name":"Giancarlo Bonato","@id":"https:\/\/blog.saocamilo-sp.br\/#\/schema\/person\/2f1abef72dd95b45ae5f8e75003b32a9"},"headline":"Centro Universit\u00e1rio S\u00e3o Camilo &#8211; SP apoia a Campanha Junho Verde","datePublished":"2023-06-22T20:07:07+00:00","dateModified":"2023-06-22T21:06:02+00:00","mainEntityOfPage":{"@id":"https:\/\/blog.saocamilo-sp.br\/index.php\/2023\/06\/22\/centro-universitario-sao-camilo-apoia-o-junho-verde\/"},"wordCount":334,"commentCount":0,"publisher":{"@id":"https:\/\/blog.saocamilo-sp.br\/#organization"},"image":{"@id":"https:\/\/blog.saocamilo-sp.br\/index.php\/2023\/06\/22\/centro-universitario-sao-camilo-apoia-o-junho-verde\/#primaryimage"},"thumbnailUrl":"https:\/\/blog.saocamilo-sp.br\/wp-content\/uploads\/2023\/06\/Materia_Junho_Verde_1.png","keywords":["Vida Universit\u00e1ria"],"articleSection":["Cursos"],"inLanguage":"pt-BR","potentialAction":[{"@type":"CommentAction","name":"Comment","target":["https:\/\/blog.saocamilo-sp.br\/index.php\/2023\/06\/22\/centro-universitario-sao-camilo-apoia-o-junho-verde\/#respond"]}]},{"@type":"WebPage","@id":"https:\/\/blog.saocamilo-sp.br\/index.php\/2023\/06\/22\/centro-universitario-sao-camilo-apoia-o-junho-verde\/","url":"https:\/\/blog.saocamilo-sp.br\/index.php\/2023\/06\/22\/centro-universitario-sao-camilo-apoia-o-junho-verde\/","name":"Centro Universit\u00e1rio S\u00e3o Camilo apoia a Campanha Junho Verde","isPartOf":{"@id":"https:\/\/blog.saocamilo-sp.br\/#website"},"primaryImageOfPage":{"@id":"https:\/\/blog.saocamilo-sp.br\/index.php\/2023\/06\/22\/centro-universitario-sao-camilo-apoia-o-junho-verde\/#primaryimage"},"image":{"@id":"https:\/\/blog.saocamilo-sp.br\/index.php\/2023\/06\/22\/centro-universitario-sao-camilo-apoia-o-junho-verde\/#primaryimage"},"thumbnailUrl":"https:\/\/blog.saocamilo-sp.br\/wp-content\/uploads\/2023\/06\/Materia_Junho_Verde_1.png","datePublished":"2023-06-22T20:07:07+00:00","dateModified":"2023-06-22T21:06:02+00:00","description":"O objetivo da campanha Junho Verde \u00e9 promover a conscientiza\u00e7\u00e3o da popula\u00e7\u00e3o sobre a import\u00e2ncia da conserva\u00e7\u00e3o dos ecossistemas naturais","breadcrumb":{"@id":"https:\/\/blog.saocamilo-sp.br\/index.php\/2023\/06\/22\/centro-universitario-sao-camilo-apoia-o-junho-verde\/#breadcrumb"},"inLanguage":"pt-BR","potentialAction":[{"@type":"ReadAction","target":["https:\/\/blog.saocamilo-sp.br\/index.php\/2023\/06\/22\/centro-universitario-sao-camilo-apoia-o-junho-verde\/"]}]},{"@type":"ImageObject","inLanguage":"pt-BR","@id":"https:\/\/blog.saocamilo-sp.br\/index.php\/2023\/06\/22\/centro-universitario-sao-camilo-apoia-o-junho-verde\/#primaryimage","url":"https:\/\/blog.saocamilo-sp.br\/wp-content\/uploads\/2023\/06\/Materia_Junho_Verde_1.png","contentUrl":"https:\/\/blog.saocamilo-sp.br\/wp-content\/uploads\/2023\/06\/Materia_Junho_Verde_1.png","width":800,"height":534,"caption":"Centro Universit\u00e1rio Refer\u00eancia ao Centro Universit\u00e1rio como apoiador da campanha do junho verde que promove a conscientiza\u00e7\u00e3o de pr\u00e1ticas mais sustent\u00e1veis ao ambiente"},{"@type":"BreadcrumbList","@id":"https:\/\/blog.saocamilo-sp.br\/index.php\/2023\/06\/22\/centro-universitario-sao-camilo-apoia-o-junho-verde\/#breadcrumb","itemListElement":[{"@type":"ListItem","position":1,"name":"In\u00edcio","item":"https:\/\/blog.saocamilo-sp.br\/"},{"@type":"ListItem","position":2,"name":"Centro Universit\u00e1rio S\u00e3o Camilo &#8211; SP apoia a Campanha Junho Verde"}]},{"@type":"WebSite","@id":"https:\/\/blog.saocamilo-sp.br\/#website","url":"https:\/\/blog.saocamilo-sp.br\/","name":"Blog S\u00e3o Camilo","description":"Blog do Centro Universit\u00e1rio S\u00e3o Camilo","publisher":{"@id":"https:\/\/blog.saocamilo-sp.br\/#organization"},"potentialAction":[{"@type":"SearchAction","target":{"@type":"EntryPoint","urlTemplate":"https:\/\/blog.saocamilo-sp.br\/?s={search_term_string}"},"query-input":{"@type":"PropertyValueSpecification","valueRequired":true,"valueName":"search_term_string"}}],"inLanguage":"pt-BR"},{"@type":"Organization","@id":"https:\/\/blog.saocamilo-sp.br\/#organization","name":"Blog S\u00e3o Camilo","url":"https:\/\/blog.saocamilo-sp.br\/","logo":{"@type":"ImageObject","inLanguage":"pt-BR","@id":"https:\/\/blog.saocamilo-sp.br\/#\/schema\/logo\/image\/","url":"https:\/\/blog.saocamilo-sp.br\/wp-content\/uploads\/2021\/12\/cropped-vazio-logo-topo.png","contentUrl":"https:\/\/blog.saocamilo-sp.br\/wp-content\/uploads\/2021\/12\/cropped-vazio-logo-topo.png","width":320,"height":240,"caption":"Blog S\u00e3o Camilo"},"image":{"@id":"https:\/\/blog.saocamilo-sp.br\/#\/schema\/logo\/image\/"},"sameAs":["https:\/\/www.facebook.com\/saocamilosp","https:\/\/x.com\/saocamilosp","https:\/\/www.linkedin.com\/school\/centro-universit-rio-s-o-camilo\/"]},{"@type":"Person","@id":"https:\/\/blog.saocamilo-sp.br\/#\/schema\/person\/2f1abef72dd95b45ae5f8e75003b32a9","name":"Giancarlo Bonato","image":{"@type":"ImageObject","inLanguage":"pt-BR","@id":"https:\/\/secure.gravatar.com\/avatar\/cbed0d57a74836e8481bb4b2ac15163f24841505b47ce8f4d0b58343bcbe6d77?s=96&d=mm&r=g","url":"https:\/\/secure.gravatar.com\/avatar\/cbed0d57a74836e8481bb4b2ac15163f24841505b47ce8f4d0b58343bcbe6d77?s=96&d=mm&r=g","contentUrl":"https:\/\/secure.gravatar.com\/avatar\/cbed0d57a74836e8481bb4b2ac15163f24841505b47ce8f4d0b58343bcbe6d77?s=96&d=mm&r=g","caption":"Giancarlo Bonato"},"url":"https:\/\/blog.saocamilo-sp.br\/index.php\/author\/gbonato\/"}]}},"_links":{"self":[{"href":"https:\/\/blog.saocamilo-sp.br\/index.php\/wp-json\/wp\/v2\/posts\/1286","targetHints":{"allow":["GET"]}}],"collection":[{"href":"https:\/\/blog.saocamilo-sp.br\/index.php\/wp-json\/wp\/v2\/posts"}],"about":[{"href":"https:\/\/blog.saocamilo-sp.br\/index.php\/wp-json\/wp\/v2\/types\/post"}],"author":[{"embeddable":true,"href":"https:\/\/blog.saocamilo-sp.br\/index.php\/wp-json\/wp\/v2\/users\/5"}],"replies":[{"embeddable":true,"href":"https:\/\/blog.saocamilo-sp.br\/index.php\/wp-json\/wp\/v2\/comments?post=1286"}],"version-history":[{"count":17,"href":"https:\/\/blog.saocamilo-sp.br\/index.php\/wp-json\/wp\/v2\/posts\/1286\/revisions"}],"predecessor-version":[{"id":1329,"href":"https:\/\/blog.saocamilo-sp.br\/index.php\/wp-json\/wp\/v2\/posts\/1286\/revisions\/1329"}],"wp:featuredmedia":[{"embeddable":true,"href":"https:\/\/blog.saocamilo-sp.br\/index.php\/wp-json\/wp\/v2\/media\/1300"}],"wp:attachment":[{"href":"https:\/\/blog.saocamilo-sp.br\/index.php\/wp-json\/wp\/v2\/media?parent=1286"}],"wp:term":[{"taxonomy":"category","embeddable":true,"href":"https:\/\/blog.saocamilo-sp.br\/index.php\/wp-json\/wp\/v2\/categories?post=1286"},{"taxonomy":"post_tag","embeddable":true,"href":"https:\/\/blog.saocamilo-sp.br\/index.php\/wp-json\/wp\/v2\/tags?post=1286"}],"curies":[{"name":"wp","href":"https:\/\/api.w.org\/{rel}","templated":true}]}}