{"id":1310,"date":"2023-06-29T15:54:10","date_gmt":"2023-06-29T18:54:10","guid":{"rendered":"https:\/\/blog.saocamilo-sp.br\/?p=1310"},"modified":"2025-11-25T10:41:33","modified_gmt":"2025-11-25T13:41:33","slug":"motivos-para-turbinar-a-sua-carreira-com-a-capacitacao-esg","status":"publish","type":"post","link":"https:\/\/blog.saocamilo-sp.br\/index.php\/2023\/06\/29\/motivos-para-turbinar-a-sua-carreira-com-a-capacitacao-esg\/","title":{"rendered":"Conhe\u00e7a quatro motivos para turbinar a sua carreira com a capacita\u00e7\u00e3o ESG"},"content":{"rendered":"\n<p>As pr\u00e1ticas ESG est\u00e3o cada vez mais presentes nas organiza\u00e7\u00f5es. Isso porque as empresas<br>est\u00e3o percebendo a import\u00e2ncia de atuar de forma sustent\u00e1vel e respons\u00e1vel, tanto para o<br>meio ambiente quanto para a sociedade. Com isso, ter uma capacita\u00e7\u00e3o em ESG pode ser um<br>diferencial importante para a carreira de um profissional. A seguir, est\u00e3o 4 motivos que<br>valorizam o profissional a ter uma capacita\u00e7\u00e3o em ESG na carreira:<\/p>\n\n\n\n<p><br><strong>Diferencial competitivo<\/strong>: Empresas que adotam pr\u00e1ticas ESG s\u00e3o valorizadas no mercado,<br>tanto por investidores quanto por consumidores. Por isso, um profissional que tenha<br>conhecimento sobre essas pr\u00e1ticas pode ser um diferencial competitivo na hora de buscar uma<br>vaga de emprego ou uma promo\u00e7\u00e3o na carreira.<\/p>\n\n\n\n<p><br><strong>Gest\u00e3o do Conhecimento<\/strong>: metodologia com inclus\u00e3o, equidade, seja presencial ou virtual<br>prop\u00f5e um di\u00e1logo interdisciplinar nas \u00e1reas do conhecimento sobre sustentabilidade e<br>gerando assim um consumo consciente sob os recursos naturais.<\/p>\n\n\n\n<p><br><strong>Responsabilidade social<\/strong>: As pr\u00e1ticas ESG tamb\u00e9m est\u00e3o relacionadas \u00e0 responsabilidade social<br>das empresas. Ao ter uma capacita\u00e7\u00e3o, o profissional estar\u00e1 mais preparado para atuar de<br>forma \u00e9tica e respons\u00e1vel, levando em conta as necessidades e expectativas da sociedade em<br>sua atua\u00e7\u00e3o profissional.<\/p>\n\n\n\n<p><br><strong>Transpar\u00eancia e valoriza\u00e7\u00e3o<\/strong>: Empresas que adotam pr\u00e1ticas ESG est\u00e3o sempre buscando<br>inova\u00e7\u00f5es para se tornarem mais sustent\u00e1veis e respons\u00e1veis. Com a capacita\u00e7\u00e3o em ESG, o<br>profissional pode contribuir para essa busca por solu\u00e7\u00f5es inovadoras, agregando valor \u00e0<br>empresa e se destacando em sua carreira.<\/p>\n\n\n\n<p>Saiba mais sobre os nossos cursos:<\/p>\n\n\n\n<iframe loading=\"lazy\" src=\"https:\/\/saocamilo.apprbs.com.br\/tenho-interesse-blog\" height=\"530px\" width=\"100%\" frameborder=\"0\"><\/iframe>\n","protected":false},"excerpt":{"rendered":"<p>Ter uma capacita\u00e7\u00e3o em ESG pode ser um diferencial importante para a carreira.  Confira 4 motivos que valorizam o profissional.<\/p>\n","protected":false},"author":13,"featured_media":1313,"comment_status":"open","ping_status":"open","sticky":false,"template":"","format":"standard","meta":{"cybocfi_hide_featured_image":"yes","footnotes":""},"categories":[90],"tags":[88,89],"class_list":["post-1310","post","type-post","status-publish","format-standard","has-post-thumbnail","hentry","category-mercado-profissional","tag-carreiras","tag-mercado-de-trabalho"],"yoast_head":"<!-- This site is optimized with the Yoast SEO plugin v27.4 - https:\/\/yoast.com\/product\/yoast-seo-wordpress\/ -->\n<title>Conhe\u00e7a quatro motivos para turbinar a sua carreira com a capacita\u00e7\u00e3o ESG - Blog S\u00e3o Camilo<\/title>\n<meta name=\"robots\" content=\"index, follow, max-snippet:-1, max-image-preview:large, max-video-preview:-1\" \/>\n<link rel=\"canonical\" href=\"https:\/\/blog.saocamilo-sp.br\/index.php\/2023\/06\/29\/motivos-para-turbinar-a-sua-carreira-com-a-capacitacao-esg\/\" \/>\n<meta property=\"og:locale\" content=\"pt_BR\" \/>\n<meta property=\"og:type\" content=\"article\" \/>\n<meta property=\"og:title\" content=\"Conhe\u00e7a quatro motivos para turbinar a sua carreira com a capacita\u00e7\u00e3o ESG - Blog S\u00e3o Camilo\" \/>\n<meta property=\"og:description\" content=\"Ter uma capacita\u00e7\u00e3o em ESG pode ser um diferencial importante para a carreira. Confira 4 motivos que valorizam o profissional.\" \/>\n<meta property=\"og:url\" content=\"https:\/\/blog.saocamilo-sp.br\/index.php\/2023\/06\/29\/motivos-para-turbinar-a-sua-carreira-com-a-capacitacao-esg\/\" \/>\n<meta property=\"og:site_name\" content=\"Blog S\u00e3o Camilo\" \/>\n<meta property=\"article:publisher\" content=\"https:\/\/www.facebook.com\/saocamilosp\" \/>\n<meta property=\"article:published_time\" content=\"2023-06-29T18:54:10+00:00\" \/>\n<meta property=\"article:modified_time\" content=\"2025-11-25T13:41:33+00:00\" \/>\n<meta property=\"og:image\" content=\"https:\/\/blog.saocamilo-sp.br\/wp-content\/uploads\/2023\/06\/ESG-1.jpg\" \/>\n\t<meta property=\"og:image:width\" content=\"1200\" \/>\n\t<meta property=\"og:image:height\" content=\"800\" \/>\n\t<meta property=\"og:image:type\" content=\"image\/jpeg\" \/>\n<meta name=\"author\" content=\"Leandro Lafr\u00e1gola\" \/>\n<meta name=\"twitter:card\" content=\"summary_large_image\" \/>\n<meta name=\"twitter:creator\" content=\"@saocamilosp\" \/>\n<meta name=\"twitter:site\" content=\"@saocamilosp\" \/>\n<meta name=\"twitter:label1\" content=\"Escrito por\" \/>\n\t<meta name=\"twitter:data1\" content=\"Leandro Lafr\u00e1gola\" \/>\n\t<meta name=\"twitter:label2\" content=\"Est. tempo de leitura\" \/>\n\t<meta name=\"twitter:data2\" content=\"2 minutos\" \/>\n<script type=\"application\/ld+json\" class=\"yoast-schema-graph\">{\"@context\":\"https:\\\/\\\/schema.org\",\"@graph\":[{\"@type\":\"Article\",\"@id\":\"https:\\\/\\\/blog.saocamilo-sp.br\\\/index.php\\\/2023\\\/06\\\/29\\\/motivos-para-turbinar-a-sua-carreira-com-a-capacitacao-esg\\\/#article\",\"isPartOf\":{\"@id\":\"https:\\\/\\\/blog.saocamilo-sp.br\\\/index.php\\\/2023\\\/06\\\/29\\\/motivos-para-turbinar-a-sua-carreira-com-a-capacitacao-esg\\\/\"},\"author\":{\"name\":\"Leandro Lafr\u00e1gola\",\"@id\":\"https:\\\/\\\/blog.saocamilo-sp.br\\\/#\\\/schema\\\/person\\\/1a99645faaab0bb55105f817e866e19b\"},\"headline\":\"Conhe\u00e7a quatro motivos para turbinar a sua carreira com a capacita\u00e7\u00e3o ESG\",\"datePublished\":\"2023-06-29T18:54:10+00:00\",\"dateModified\":\"2025-11-25T13:41:33+00:00\",\"mainEntityOfPage\":{\"@id\":\"https:\\\/\\\/blog.saocamilo-sp.br\\\/index.php\\\/2023\\\/06\\\/29\\\/motivos-para-turbinar-a-sua-carreira-com-a-capacitacao-esg\\\/\"},\"wordCount\":268,\"commentCount\":0,\"publisher\":{\"@id\":\"https:\\\/\\\/blog.saocamilo-sp.br\\\/#organization\"},\"image\":{\"@id\":\"https:\\\/\\\/blog.saocamilo-sp.br\\\/index.php\\\/2023\\\/06\\\/29\\\/motivos-para-turbinar-a-sua-carreira-com-a-capacitacao-esg\\\/#primaryimage\"},\"thumbnailUrl\":\"https:\\\/\\\/blog.saocamilo-sp.br\\\/wp-content\\\/uploads\\\/2023\\\/06\\\/ESG-1.jpg\",\"keywords\":[\"carreiras\",\"mercado de trabalho\"],\"articleSection\":[\"Mercado Profissional\"],\"inLanguage\":\"pt-BR\",\"potentialAction\":[{\"@type\":\"CommentAction\",\"name\":\"Comment\",\"target\":[\"https:\\\/\\\/blog.saocamilo-sp.br\\\/index.php\\\/2023\\\/06\\\/29\\\/motivos-para-turbinar-a-sua-carreira-com-a-capacitacao-esg\\\/#respond\"]}]},{\"@type\":\"WebPage\",\"@id\":\"https:\\\/\\\/blog.saocamilo-sp.br\\\/index.php\\\/2023\\\/06\\\/29\\\/motivos-para-turbinar-a-sua-carreira-com-a-capacitacao-esg\\\/\",\"url\":\"https:\\\/\\\/blog.saocamilo-sp.br\\\/index.php\\\/2023\\\/06\\\/29\\\/motivos-para-turbinar-a-sua-carreira-com-a-capacitacao-esg\\\/\",\"name\":\"Conhe\u00e7a quatro motivos para turbinar a sua carreira com a capacita\u00e7\u00e3o ESG - Blog S\u00e3o Camilo\",\"isPartOf\":{\"@id\":\"https:\\\/\\\/blog.saocamilo-sp.br\\\/#website\"},\"primaryImageOfPage\":{\"@id\":\"https:\\\/\\\/blog.saocamilo-sp.br\\\/index.php\\\/2023\\\/06\\\/29\\\/motivos-para-turbinar-a-sua-carreira-com-a-capacitacao-esg\\\/#primaryimage\"},\"image\":{\"@id\":\"https:\\\/\\\/blog.saocamilo-sp.br\\\/index.php\\\/2023\\\/06\\\/29\\\/motivos-para-turbinar-a-sua-carreira-com-a-capacitacao-esg\\\/#primaryimage\"},\"thumbnailUrl\":\"https:\\\/\\\/blog.saocamilo-sp.br\\\/wp-content\\\/uploads\\\/2023\\\/06\\\/ESG-1.jpg\",\"datePublished\":\"2023-06-29T18:54:10+00:00\",\"dateModified\":\"2025-11-25T13:41:33+00:00\",\"breadcrumb\":{\"@id\":\"https:\\\/\\\/blog.saocamilo-sp.br\\\/index.php\\\/2023\\\/06\\\/29\\\/motivos-para-turbinar-a-sua-carreira-com-a-capacitacao-esg\\\/#breadcrumb\"},\"inLanguage\":\"pt-BR\",\"potentialAction\":[{\"@type\":\"ReadAction\",\"target\":[\"https:\\\/\\\/blog.saocamilo-sp.br\\\/index.php\\\/2023\\\/06\\\/29\\\/motivos-para-turbinar-a-sua-carreira-com-a-capacitacao-esg\\\/\"]}]},{\"@type\":\"BreadcrumbList\",\"@id\":\"https:\\\/\\\/blog.saocamilo-sp.br\\\/index.php\\\/2023\\\/06\\\/29\\\/motivos-para-turbinar-a-sua-carreira-com-a-capacitacao-esg\\\/#breadcrumb\",\"itemListElement\":[{\"@type\":\"ListItem\",\"position\":1,\"name\":\"In\u00edcio\",\"item\":\"https:\\\/\\\/blog.saocamilo-sp.br\\\/\"},{\"@type\":\"ListItem\",\"position\":2,\"name\":\"Conhe\u00e7a quatro motivos para turbinar a sua carreira com a capacita\u00e7\u00e3o ESG\"}]},{\"@type\":\"WebSite\",\"@id\":\"https:\\\/\\\/blog.saocamilo-sp.br\\\/#website\",\"url\":\"https:\\\/\\\/blog.saocamilo-sp.br\\\/\",\"name\":\"Blog S\u00e3o Camilo\",\"description\":\"Blog do Centro Universit\u00e1rio S\u00e3o Camilo\",\"publisher\":{\"@id\":\"https:\\\/\\\/blog.saocamilo-sp.br\\\/#organization\"},\"potentialAction\":[{\"@type\":\"SearchAction\",\"target\":{\"@type\":\"EntryPoint\",\"urlTemplate\":\"https:\\\/\\\/blog.saocamilo-sp.br\\\/?s={search_term_string}\"},\"query-input\":{\"@type\":\"PropertyValueSpecification\",\"valueRequired\":true,\"valueName\":\"search_term_string\"}}],\"inLanguage\":\"pt-BR\"},{\"@type\":\"Organization\",\"@id\":\"https:\\\/\\\/blog.saocamilo-sp.br\\\/#organization\",\"name\":\"Blog S\u00e3o Camilo\",\"url\":\"https:\\\/\\\/blog.saocamilo-sp.br\\\/\",\"logo\":{\"@type\":\"ImageObject\",\"inLanguage\":\"pt-BR\",\"@id\":\"https:\\\/\\\/blog.saocamilo-sp.br\\\/#\\\/schema\\\/logo\\\/image\\\/\",\"url\":\"https:\\\/\\\/blog.saocamilo-sp.br\\\/wp-content\\\/uploads\\\/2021\\\/12\\\/cropped-vazio-logo-topo.png\",\"contentUrl\":\"https:\\\/\\\/blog.saocamilo-sp.br\\\/wp-content\\\/uploads\\\/2021\\\/12\\\/cropped-vazio-logo-topo.png\",\"width\":320,\"height\":240,\"caption\":\"Blog S\u00e3o Camilo\"},\"image\":{\"@id\":\"https:\\\/\\\/blog.saocamilo-sp.br\\\/#\\\/schema\\\/logo\\\/image\\\/\"},\"sameAs\":[\"https:\\\/\\\/www.facebook.com\\\/saocamilosp\",\"https:\\\/\\\/x.com\\\/saocamilosp\",\"https:\\\/\\\/www.linkedin.com\\\/school\\\/centro-universit-rio-s-o-camilo\\\/\"]},{\"@type\":\"Person\",\"@id\":\"https:\\\/\\\/blog.saocamilo-sp.br\\\/#\\\/schema\\\/person\\\/1a99645faaab0bb55105f817e866e19b\",\"name\":\"Leandro Lafr\u00e1gola\",\"image\":{\"@type\":\"ImageObject\",\"inLanguage\":\"pt-BR\",\"@id\":\"https:\\\/\\\/secure.gravatar.com\\\/avatar\\\/ec4232fb8d50d80f1c672353dc4c2876490e6a0a2a33d6572c0ba1fb78f115cf?s=96&d=mm&r=g\",\"url\":\"https:\\\/\\\/secure.gravatar.com\\\/avatar\\\/ec4232fb8d50d80f1c672353dc4c2876490e6a0a2a33d6572c0ba1fb78f115cf?s=96&d=mm&r=g\",\"contentUrl\":\"https:\\\/\\\/secure.gravatar.com\\\/avatar\\\/ec4232fb8d50d80f1c672353dc4c2876490e6a0a2a33d6572c0ba1fb78f115cf?s=96&d=mm&r=g\",\"caption\":\"Leandro Lafr\u00e1gola\"},\"url\":\"https:\\\/\\\/blog.saocamilo-sp.br\\\/index.php\\\/author\\\/llafragola\\\/\"}]}<\/script>\n<!-- \/ Yoast SEO plugin. -->","yoast_head_json":{"title":"Conhe\u00e7a quatro motivos para turbinar a sua carreira com a capacita\u00e7\u00e3o ESG - Blog S\u00e3o Camilo","robots":{"index":"index","follow":"follow","max-snippet":"max-snippet:-1","max-image-preview":"max-image-preview:large","max-video-preview":"max-video-preview:-1"},"canonical":"https:\/\/blog.saocamilo-sp.br\/index.php\/2023\/06\/29\/motivos-para-turbinar-a-sua-carreira-com-a-capacitacao-esg\/","og_locale":"pt_BR","og_type":"article","og_title":"Conhe\u00e7a quatro motivos para turbinar a sua carreira com a capacita\u00e7\u00e3o ESG - Blog S\u00e3o Camilo","og_description":"Ter uma capacita\u00e7\u00e3o em ESG pode ser um diferencial importante para a carreira. Confira 4 motivos que valorizam o profissional.","og_url":"https:\/\/blog.saocamilo-sp.br\/index.php\/2023\/06\/29\/motivos-para-turbinar-a-sua-carreira-com-a-capacitacao-esg\/","og_site_name":"Blog S\u00e3o Camilo","article_publisher":"https:\/\/www.facebook.com\/saocamilosp","article_published_time":"2023-06-29T18:54:10+00:00","article_modified_time":"2025-11-25T13:41:33+00:00","og_image":[{"width":1200,"height":800,"url":"https:\/\/blog.saocamilo-sp.br\/wp-content\/uploads\/2023\/06\/ESG-1.jpg","type":"image\/jpeg"}],"author":"Leandro Lafr\u00e1gola","twitter_card":"summary_large_image","twitter_creator":"@saocamilosp","twitter_site":"@saocamilosp","twitter_misc":{"Escrito por":"Leandro Lafr\u00e1gola","Est. tempo de leitura":"2 minutos"},"schema":{"@context":"https:\/\/schema.org","@graph":[{"@type":"Article","@id":"https:\/\/blog.saocamilo-sp.br\/index.php\/2023\/06\/29\/motivos-para-turbinar-a-sua-carreira-com-a-capacitacao-esg\/#article","isPartOf":{"@id":"https:\/\/blog.saocamilo-sp.br\/index.php\/2023\/06\/29\/motivos-para-turbinar-a-sua-carreira-com-a-capacitacao-esg\/"},"author":{"name":"Leandro Lafr\u00e1gola","@id":"https:\/\/blog.saocamilo-sp.br\/#\/schema\/person\/1a99645faaab0bb55105f817e866e19b"},"headline":"Conhe\u00e7a quatro motivos para turbinar a sua carreira com a capacita\u00e7\u00e3o ESG","datePublished":"2023-06-29T18:54:10+00:00","dateModified":"2025-11-25T13:41:33+00:00","mainEntityOfPage":{"@id":"https:\/\/blog.saocamilo-sp.br\/index.php\/2023\/06\/29\/motivos-para-turbinar-a-sua-carreira-com-a-capacitacao-esg\/"},"wordCount":268,"commentCount":0,"publisher":{"@id":"https:\/\/blog.saocamilo-sp.br\/#organization"},"image":{"@id":"https:\/\/blog.saocamilo-sp.br\/index.php\/2023\/06\/29\/motivos-para-turbinar-a-sua-carreira-com-a-capacitacao-esg\/#primaryimage"},"thumbnailUrl":"https:\/\/blog.saocamilo-sp.br\/wp-content\/uploads\/2023\/06\/ESG-1.jpg","keywords":["carreiras","mercado de trabalho"],"articleSection":["Mercado Profissional"],"inLanguage":"pt-BR","potentialAction":[{"@type":"CommentAction","name":"Comment","target":["https:\/\/blog.saocamilo-sp.br\/index.php\/2023\/06\/29\/motivos-para-turbinar-a-sua-carreira-com-a-capacitacao-esg\/#respond"]}]},{"@type":"WebPage","@id":"https:\/\/blog.saocamilo-sp.br\/index.php\/2023\/06\/29\/motivos-para-turbinar-a-sua-carreira-com-a-capacitacao-esg\/","url":"https:\/\/blog.saocamilo-sp.br\/index.php\/2023\/06\/29\/motivos-para-turbinar-a-sua-carreira-com-a-capacitacao-esg\/","name":"Conhe\u00e7a quatro motivos para turbinar a sua carreira com a capacita\u00e7\u00e3o ESG - Blog S\u00e3o Camilo","isPartOf":{"@id":"https:\/\/blog.saocamilo-sp.br\/#website"},"primaryImageOfPage":{"@id":"https:\/\/blog.saocamilo-sp.br\/index.php\/2023\/06\/29\/motivos-para-turbinar-a-sua-carreira-com-a-capacitacao-esg\/#primaryimage"},"image":{"@id":"https:\/\/blog.saocamilo-sp.br\/index.php\/2023\/06\/29\/motivos-para-turbinar-a-sua-carreira-com-a-capacitacao-esg\/#primaryimage"},"thumbnailUrl":"https:\/\/blog.saocamilo-sp.br\/wp-content\/uploads\/2023\/06\/ESG-1.jpg","datePublished":"2023-06-29T18:54:10+00:00","dateModified":"2025-11-25T13:41:33+00:00","breadcrumb":{"@id":"https:\/\/blog.saocamilo-sp.br\/index.php\/2023\/06\/29\/motivos-para-turbinar-a-sua-carreira-com-a-capacitacao-esg\/#breadcrumb"},"inLanguage":"pt-BR","potentialAction":[{"@type":"ReadAction","target":["https:\/\/blog.saocamilo-sp.br\/index.php\/2023\/06\/29\/motivos-para-turbinar-a-sua-carreira-com-a-capacitacao-esg\/"]}]},{"@type":"BreadcrumbList","@id":"https:\/\/blog.saocamilo-sp.br\/index.php\/2023\/06\/29\/motivos-para-turbinar-a-sua-carreira-com-a-capacitacao-esg\/#breadcrumb","itemListElement":[{"@type":"ListItem","position":1,"name":"In\u00edcio","item":"https:\/\/blog.saocamilo-sp.br\/"},{"@type":"ListItem","position":2,"name":"Conhe\u00e7a quatro motivos para turbinar a sua carreira com a capacita\u00e7\u00e3o ESG"}]},{"@type":"WebSite","@id":"https:\/\/blog.saocamilo-sp.br\/#website","url":"https:\/\/blog.saocamilo-sp.br\/","name":"Blog S\u00e3o Camilo","description":"Blog do Centro Universit\u00e1rio S\u00e3o Camilo","publisher":{"@id":"https:\/\/blog.saocamilo-sp.br\/#organization"},"potentialAction":[{"@type":"SearchAction","target":{"@type":"EntryPoint","urlTemplate":"https:\/\/blog.saocamilo-sp.br\/?s={search_term_string}"},"query-input":{"@type":"PropertyValueSpecification","valueRequired":true,"valueName":"search_term_string"}}],"inLanguage":"pt-BR"},{"@type":"Organization","@id":"https:\/\/blog.saocamilo-sp.br\/#organization","name":"Blog S\u00e3o Camilo","url":"https:\/\/blog.saocamilo-sp.br\/","logo":{"@type":"ImageObject","inLanguage":"pt-BR","@id":"https:\/\/blog.saocamilo-sp.br\/#\/schema\/logo\/image\/","url":"https:\/\/blog.saocamilo-sp.br\/wp-content\/uploads\/2021\/12\/cropped-vazio-logo-topo.png","contentUrl":"https:\/\/blog.saocamilo-sp.br\/wp-content\/uploads\/2021\/12\/cropped-vazio-logo-topo.png","width":320,"height":240,"caption":"Blog S\u00e3o Camilo"},"image":{"@id":"https:\/\/blog.saocamilo-sp.br\/#\/schema\/logo\/image\/"},"sameAs":["https:\/\/www.facebook.com\/saocamilosp","https:\/\/x.com\/saocamilosp","https:\/\/www.linkedin.com\/school\/centro-universit-rio-s-o-camilo\/"]},{"@type":"Person","@id":"https:\/\/blog.saocamilo-sp.br\/#\/schema\/person\/1a99645faaab0bb55105f817e866e19b","name":"Leandro Lafr\u00e1gola","image":{"@type":"ImageObject","inLanguage":"pt-BR","@id":"https:\/\/secure.gravatar.com\/avatar\/ec4232fb8d50d80f1c672353dc4c2876490e6a0a2a33d6572c0ba1fb78f115cf?s=96&d=mm&r=g","url":"https:\/\/secure.gravatar.com\/avatar\/ec4232fb8d50d80f1c672353dc4c2876490e6a0a2a33d6572c0ba1fb78f115cf?s=96&d=mm&r=g","contentUrl":"https:\/\/secure.gravatar.com\/avatar\/ec4232fb8d50d80f1c672353dc4c2876490e6a0a2a33d6572c0ba1fb78f115cf?s=96&d=mm&r=g","caption":"Leandro Lafr\u00e1gola"},"url":"https:\/\/blog.saocamilo-sp.br\/index.php\/author\/llafragola\/"}]}},"_links":{"self":[{"href":"https:\/\/blog.saocamilo-sp.br\/index.php\/wp-json\/wp\/v2\/posts\/1310","targetHints":{"allow":["GET"]}}],"collection":[{"href":"https:\/\/blog.saocamilo-sp.br\/index.php\/wp-json\/wp\/v2\/posts"}],"about":[{"href":"https:\/\/blog.saocamilo-sp.br\/index.php\/wp-json\/wp\/v2\/types\/post"}],"author":[{"embeddable":true,"href":"https:\/\/blog.saocamilo-sp.br\/index.php\/wp-json\/wp\/v2\/users\/13"}],"replies":[{"embeddable":true,"href":"https:\/\/blog.saocamilo-sp.br\/index.php\/wp-json\/wp\/v2\/comments?post=1310"}],"version-history":[{"count":8,"href":"https:\/\/blog.saocamilo-sp.br\/index.php\/wp-json\/wp\/v2\/posts\/1310\/revisions"}],"predecessor-version":[{"id":1409,"href":"https:\/\/blog.saocamilo-sp.br\/index.php\/wp-json\/wp\/v2\/posts\/1310\/revisions\/1409"}],"wp:featuredmedia":[{"embeddable":true,"href":"https:\/\/blog.saocamilo-sp.br\/index.php\/wp-json\/wp\/v2\/media\/1313"}],"wp:attachment":[{"href":"https:\/\/blog.saocamilo-sp.br\/index.php\/wp-json\/wp\/v2\/media?parent=1310"}],"wp:term":[{"taxonomy":"category","embeddable":true,"href":"https:\/\/blog.saocamilo-sp.br\/index.php\/wp-json\/wp\/v2\/categories?post=1310"},{"taxonomy":"post_tag","embeddable":true,"href":"https:\/\/blog.saocamilo-sp.br\/index.php\/wp-json\/wp\/v2\/tags?post=1310"}],"curies":[{"name":"wp","href":"https:\/\/api.w.org\/{rel}","templated":true}]}}