{"id":1315,"date":"2023-07-02T09:57:36","date_gmt":"2023-07-02T12:57:36","guid":{"rendered":"https:\/\/blog.saocamilo-sp.br\/?p=1315"},"modified":"2025-11-25T12:08:09","modified_gmt":"2025-11-25T15:08:09","slug":"docente-de-pediatria-alerta-sobre-reducao-na-na-procura-pela-vacina-bcg","status":"publish","type":"post","link":"https:\/\/blog.saocamilo-sp.br\/index.php\/2023\/07\/02\/docente-de-pediatria-alerta-sobre-reducao-na-na-procura-pela-vacina-bcg\/","title":{"rendered":"Pediatra e docente de Medicina alerta sobre redu\u00e7\u00e3o na procura pela vacina BCG"},"content":{"rendered":"\n<p>Professor de pediatria alerta sobre redu\u00e7\u00e3o na procura pela vacina BCG e pelo aumento de casos de tuberculose entre menores de 15 anos.<\/p>\n\n\n\n<p>Doen\u00e7a infecciosa \u00e9 a segunda causa de mortes entre crian\u00e7as abaixo de cinco anos<\/p>\n\n\n\n<p>No mundo foi registrado, em 2022, cerca de um milh\u00e3o de casos e 130 mil mortes causados por tuberculose entre a popula\u00e7\u00e3o infantil. No Brasil, no mesmo per\u00edodo foram registrados mais de 70 mil novos casos da doen\u00e7a, com quase cinco mil mortes. A enfermidade \u00e9 a d\u00e9cima causa de mortalidade entre crian\u00e7as abaixo de cinco anos, sendo a segunda doen\u00e7a infecciosa que mais mata, ficando atr\u00e1s apenas da Covid-19.<\/p>\n\n\n\n<p>Apesar desses n\u00fameros, ano ap\u00f3s ano tem havido diminui\u00e7\u00e3o na procura pela vacina Bacilo Calmette-Gu\u00e9rin, a chamada BGC, principal arma contra tipos graves da doen\u00e7a. Segundo o professor de Pediatria do Centro Universit\u00e1rio S\u00e3o Camilo, Marcelo Iampolski, em 10 anos houve oscila\u00e7\u00e3o da vacina\u00e7\u00e3o para menos. \u201cEm 2011 houve cobertura vacinal que chegou a 100% do p\u00fablico-alvo, por\u00e9m, 10 anos depois, em 2021, o \u00edndice chegou a 79% e, no ano passado, alcan\u00e7ou 82%. Apesar de ter aumentado um pouco em 2022, em rela\u00e7\u00e3o ao ano anterior, houve redu\u00e7\u00e3o de quase 18% em uma d\u00e9cada. Para se ter ideia, a cobertura ideal \u00e9 acima de 90%, ent\u00e3o temos \u00edndices a recuperar\u201d, afirmou o pediatria.<\/p>\n\n\n\n<p>A vacina\u00e7\u00e3o com a BCG \u00e9 obrigat\u00f3ria no Pais e est\u00e1 inserida no Programa Nacional de Imuniza\u00e7\u00f5es (PNI). Iampolski lembrou que a atualiza\u00e7\u00e3o da carteira de sa\u00fade \u00e9 essencial para a crian\u00e7a frequentar a escola: \u201cNo estado de S\u00e3o Paulo, por exemplo, para matricular as crian\u00e7as \u00e9 obrigat\u00f3rio que os pais ou respons\u00e1veis apresentem o cart\u00e3o vacinal em dia. O imunizante \u00e9 administrado gratuitamente na maternidade, em rec\u00e9m-nascidos, ou nos postos de Sa\u00fade em crian\u00e7as com at\u00e9 cinco anos de idade\u201d, alertou o professor. A sua compulsoriedade est\u00e1 relacionada \u00e0 alta incid\u00eancia da tuberculose no Pa\u00eds, uma vez que o Brasil ainda apresenta n\u00famero significativo de casos da doen\u00e7a e com a vacina a prote\u00e7\u00e3o \u00e9 de praticamente 100% contra incid\u00eancia de formas graves de tuberculose em crian\u00e7as, como a tuberculose meningea e a tuberculose miliar, que podem levar a complica\u00e7\u00f5es graves e at\u00e9 mesmo ao \u00f3bito.<br>A tuberculose \u00e9 uma doen\u00e7a provocada por bact\u00e9ria, que atinge principalmente os pulm\u00f5es e que, se n\u00e3o tratada, pode provocar s\u00e9rios problemas respirat\u00f3rios, emagrecimento, fraqueza e at\u00e9 levar \u00e0 morte. \u00c9 transmitida de pessoa a pessoa pelo ar, por meio de tosse, espirro ou fala. Os principais sintomas s\u00e3o febre ao final do dia, tosse, fraqueza, cansa\u00e7o e perda de peso.<\/p>\n\n\n\n<p>Saiba mais sobre os nossos cursos:<\/p>\n\n\n\n<iframe loading=\"lazy\" src=\"https:\/\/saocamilo.apprbs.com.br\/tenho-interesse-blog\" height=\"530px\" width=\"100%\" frameborder=\"0\"><\/iframe>\n","protected":false},"excerpt":{"rendered":"<p>Prof. Marcelo Iampolski alerta sobre redu\u00e7\u00e3o na procura pela vacina BCG e pelo aumento de casos de tuberculose entre menores de 15 anos.<\/p>\n","protected":false},"author":13,"featured_media":1316,"comment_status":"open","ping_status":"open","sticky":false,"template":"","format":"standard","meta":{"cybocfi_hide_featured_image":"","footnotes":""},"categories":[30,79],"tags":[17],"class_list":["post-1315","post","type-post","status-publish","format-standard","has-post-thumbnail","hentry","category-medicina","category-saude","tag-saude"],"yoast_head":"<!-- This site is optimized with the Yoast SEO plugin v27.5 - https:\/\/yoast.com\/product\/yoast-seo-wordpress\/ -->\n<title>Pediatra e docente de Medicina alerta sobre redu\u00e7\u00e3o na procura pela vacina BCG - Blog S\u00e3o Camilo<\/title>\n<meta name=\"robots\" content=\"index, follow, max-snippet:-1, max-image-preview:large, max-video-preview:-1\" \/>\n<link rel=\"canonical\" href=\"https:\/\/blog.saocamilo-sp.br\/index.php\/2023\/07\/02\/docente-de-pediatria-alerta-sobre-reducao-na-na-procura-pela-vacina-bcg\/\" \/>\n<meta property=\"og:locale\" content=\"pt_BR\" \/>\n<meta property=\"og:type\" content=\"article\" \/>\n<meta property=\"og:title\" content=\"Pediatra e docente de Medicina alerta sobre redu\u00e7\u00e3o na procura pela vacina BCG - Blog S\u00e3o Camilo\" \/>\n<meta property=\"og:description\" content=\"Prof. Marcelo Iampolski alerta sobre redu\u00e7\u00e3o na procura pela vacina BCG e pelo aumento de casos de tuberculose entre menores de 15 anos.\" \/>\n<meta property=\"og:url\" content=\"https:\/\/blog.saocamilo-sp.br\/index.php\/2023\/07\/02\/docente-de-pediatria-alerta-sobre-reducao-na-na-procura-pela-vacina-bcg\/\" \/>\n<meta property=\"og:site_name\" content=\"Blog S\u00e3o Camilo\" \/>\n<meta property=\"article:publisher\" content=\"https:\/\/www.facebook.com\/saocamilosp\" \/>\n<meta property=\"article:published_time\" content=\"2023-07-02T12:57:36+00:00\" \/>\n<meta property=\"article:modified_time\" content=\"2025-11-25T15:08:09+00:00\" \/>\n<meta property=\"og:image\" content=\"https:\/\/blog.saocamilo-sp.br\/wp-content\/uploads\/2023\/06\/Topo_vacina_BCG.png\" \/>\n\t<meta property=\"og:image:width\" content=\"1200\" \/>\n\t<meta property=\"og:image:height\" content=\"800\" \/>\n\t<meta property=\"og:image:type\" content=\"image\/png\" \/>\n<meta name=\"author\" content=\"Leandro Lafr\u00e1gola\" \/>\n<meta name=\"twitter:card\" content=\"summary_large_image\" \/>\n<meta name=\"twitter:creator\" content=\"@saocamilosp\" \/>\n<meta name=\"twitter:site\" content=\"@saocamilosp\" \/>\n<meta name=\"twitter:label1\" content=\"Escrito por\" \/>\n\t<meta name=\"twitter:data1\" content=\"Leandro Lafr\u00e1gola\" \/>\n\t<meta name=\"twitter:label2\" content=\"Est. tempo de leitura\" \/>\n\t<meta name=\"twitter:data2\" content=\"3 minutos\" \/>\n<script type=\"application\/ld+json\" class=\"yoast-schema-graph\">{\"@context\":\"https:\\\/\\\/schema.org\",\"@graph\":[{\"@type\":\"Article\",\"@id\":\"https:\\\/\\\/blog.saocamilo-sp.br\\\/index.php\\\/2023\\\/07\\\/02\\\/docente-de-pediatria-alerta-sobre-reducao-na-na-procura-pela-vacina-bcg\\\/#article\",\"isPartOf\":{\"@id\":\"https:\\\/\\\/blog.saocamilo-sp.br\\\/index.php\\\/2023\\\/07\\\/02\\\/docente-de-pediatria-alerta-sobre-reducao-na-na-procura-pela-vacina-bcg\\\/\"},\"author\":{\"name\":\"Leandro Lafr\u00e1gola\",\"@id\":\"https:\\\/\\\/blog.saocamilo-sp.br\\\/#\\\/schema\\\/person\\\/1a99645faaab0bb55105f817e866e19b\"},\"headline\":\"Pediatra e docente de Medicina alerta sobre redu\u00e7\u00e3o na procura pela vacina BCG\",\"datePublished\":\"2023-07-02T12:57:36+00:00\",\"dateModified\":\"2025-11-25T15:08:09+00:00\",\"mainEntityOfPage\":{\"@id\":\"https:\\\/\\\/blog.saocamilo-sp.br\\\/index.php\\\/2023\\\/07\\\/02\\\/docente-de-pediatria-alerta-sobre-reducao-na-na-procura-pela-vacina-bcg\\\/\"},\"wordCount\":479,\"commentCount\":0,\"publisher\":{\"@id\":\"https:\\\/\\\/blog.saocamilo-sp.br\\\/#organization\"},\"image\":{\"@id\":\"https:\\\/\\\/blog.saocamilo-sp.br\\\/index.php\\\/2023\\\/07\\\/02\\\/docente-de-pediatria-alerta-sobre-reducao-na-na-procura-pela-vacina-bcg\\\/#primaryimage\"},\"thumbnailUrl\":\"https:\\\/\\\/blog.saocamilo-sp.br\\\/wp-content\\\/uploads\\\/2023\\\/06\\\/Topo_vacina_BCG.png\",\"keywords\":[\"Sa\u00fade\"],\"articleSection\":[\"Medicina\",\"Sa\u00fade\"],\"inLanguage\":\"pt-BR\",\"potentialAction\":[{\"@type\":\"CommentAction\",\"name\":\"Comment\",\"target\":[\"https:\\\/\\\/blog.saocamilo-sp.br\\\/index.php\\\/2023\\\/07\\\/02\\\/docente-de-pediatria-alerta-sobre-reducao-na-na-procura-pela-vacina-bcg\\\/#respond\"]}]},{\"@type\":\"WebPage\",\"@id\":\"https:\\\/\\\/blog.saocamilo-sp.br\\\/index.php\\\/2023\\\/07\\\/02\\\/docente-de-pediatria-alerta-sobre-reducao-na-na-procura-pela-vacina-bcg\\\/\",\"url\":\"https:\\\/\\\/blog.saocamilo-sp.br\\\/index.php\\\/2023\\\/07\\\/02\\\/docente-de-pediatria-alerta-sobre-reducao-na-na-procura-pela-vacina-bcg\\\/\",\"name\":\"Pediatra e docente de Medicina alerta sobre redu\u00e7\u00e3o na procura pela vacina BCG - Blog S\u00e3o Camilo\",\"isPartOf\":{\"@id\":\"https:\\\/\\\/blog.saocamilo-sp.br\\\/#website\"},\"primaryImageOfPage\":{\"@id\":\"https:\\\/\\\/blog.saocamilo-sp.br\\\/index.php\\\/2023\\\/07\\\/02\\\/docente-de-pediatria-alerta-sobre-reducao-na-na-procura-pela-vacina-bcg\\\/#primaryimage\"},\"image\":{\"@id\":\"https:\\\/\\\/blog.saocamilo-sp.br\\\/index.php\\\/2023\\\/07\\\/02\\\/docente-de-pediatria-alerta-sobre-reducao-na-na-procura-pela-vacina-bcg\\\/#primaryimage\"},\"thumbnailUrl\":\"https:\\\/\\\/blog.saocamilo-sp.br\\\/wp-content\\\/uploads\\\/2023\\\/06\\\/Topo_vacina_BCG.png\",\"datePublished\":\"2023-07-02T12:57:36+00:00\",\"dateModified\":\"2025-11-25T15:08:09+00:00\",\"breadcrumb\":{\"@id\":\"https:\\\/\\\/blog.saocamilo-sp.br\\\/index.php\\\/2023\\\/07\\\/02\\\/docente-de-pediatria-alerta-sobre-reducao-na-na-procura-pela-vacina-bcg\\\/#breadcrumb\"},\"inLanguage\":\"pt-BR\",\"potentialAction\":[{\"@type\":\"ReadAction\",\"target\":[\"https:\\\/\\\/blog.saocamilo-sp.br\\\/index.php\\\/2023\\\/07\\\/02\\\/docente-de-pediatria-alerta-sobre-reducao-na-na-procura-pela-vacina-bcg\\\/\"]}]},{\"@type\":\"ImageObject\",\"inLanguage\":\"pt-BR\",\"@id\":\"https:\\\/\\\/blog.saocamilo-sp.br\\\/index.php\\\/2023\\\/07\\\/02\\\/docente-de-pediatria-alerta-sobre-reducao-na-na-procura-pela-vacina-bcg\\\/#primaryimage\",\"url\":\"https:\\\/\\\/blog.saocamilo-sp.br\\\/wp-content\\\/uploads\\\/2023\\\/06\\\/Topo_vacina_BCG.png\",\"contentUrl\":\"https:\\\/\\\/blog.saocamilo-sp.br\\\/wp-content\\\/uploads\\\/2023\\\/06\\\/Topo_vacina_BCG.png\",\"width\":1200,\"height\":800},{\"@type\":\"BreadcrumbList\",\"@id\":\"https:\\\/\\\/blog.saocamilo-sp.br\\\/index.php\\\/2023\\\/07\\\/02\\\/docente-de-pediatria-alerta-sobre-reducao-na-na-procura-pela-vacina-bcg\\\/#breadcrumb\",\"itemListElement\":[{\"@type\":\"ListItem\",\"position\":1,\"name\":\"In\u00edcio\",\"item\":\"https:\\\/\\\/blog.saocamilo-sp.br\\\/\"},{\"@type\":\"ListItem\",\"position\":2,\"name\":\"Pediatra e docente de Medicina alerta sobre redu\u00e7\u00e3o na procura pela vacina BCG\"}]},{\"@type\":\"WebSite\",\"@id\":\"https:\\\/\\\/blog.saocamilo-sp.br\\\/#website\",\"url\":\"https:\\\/\\\/blog.saocamilo-sp.br\\\/\",\"name\":\"Blog S\u00e3o Camilo\",\"description\":\"Blog do Centro Universit\u00e1rio S\u00e3o Camilo\",\"publisher\":{\"@id\":\"https:\\\/\\\/blog.saocamilo-sp.br\\\/#organization\"},\"potentialAction\":[{\"@type\":\"SearchAction\",\"target\":{\"@type\":\"EntryPoint\",\"urlTemplate\":\"https:\\\/\\\/blog.saocamilo-sp.br\\\/?s={search_term_string}\"},\"query-input\":{\"@type\":\"PropertyValueSpecification\",\"valueRequired\":true,\"valueName\":\"search_term_string\"}}],\"inLanguage\":\"pt-BR\"},{\"@type\":\"Organization\",\"@id\":\"https:\\\/\\\/blog.saocamilo-sp.br\\\/#organization\",\"name\":\"Blog S\u00e3o Camilo\",\"url\":\"https:\\\/\\\/blog.saocamilo-sp.br\\\/\",\"logo\":{\"@type\":\"ImageObject\",\"inLanguage\":\"pt-BR\",\"@id\":\"https:\\\/\\\/blog.saocamilo-sp.br\\\/#\\\/schema\\\/logo\\\/image\\\/\",\"url\":\"https:\\\/\\\/blog.saocamilo-sp.br\\\/wp-content\\\/uploads\\\/2021\\\/12\\\/cropped-vazio-logo-topo.png\",\"contentUrl\":\"https:\\\/\\\/blog.saocamilo-sp.br\\\/wp-content\\\/uploads\\\/2021\\\/12\\\/cropped-vazio-logo-topo.png\",\"width\":320,\"height\":240,\"caption\":\"Blog S\u00e3o Camilo\"},\"image\":{\"@id\":\"https:\\\/\\\/blog.saocamilo-sp.br\\\/#\\\/schema\\\/logo\\\/image\\\/\"},\"sameAs\":[\"https:\\\/\\\/www.facebook.com\\\/saocamilosp\",\"https:\\\/\\\/x.com\\\/saocamilosp\",\"https:\\\/\\\/www.linkedin.com\\\/school\\\/centro-universit-rio-s-o-camilo\\\/\"]},{\"@type\":\"Person\",\"@id\":\"https:\\\/\\\/blog.saocamilo-sp.br\\\/#\\\/schema\\\/person\\\/1a99645faaab0bb55105f817e866e19b\",\"name\":\"Leandro Lafr\u00e1gola\",\"image\":{\"@type\":\"ImageObject\",\"inLanguage\":\"pt-BR\",\"@id\":\"https:\\\/\\\/secure.gravatar.com\\\/avatar\\\/ec4232fb8d50d80f1c672353dc4c2876490e6a0a2a33d6572c0ba1fb78f115cf?s=96&d=mm&r=g\",\"url\":\"https:\\\/\\\/secure.gravatar.com\\\/avatar\\\/ec4232fb8d50d80f1c672353dc4c2876490e6a0a2a33d6572c0ba1fb78f115cf?s=96&d=mm&r=g\",\"contentUrl\":\"https:\\\/\\\/secure.gravatar.com\\\/avatar\\\/ec4232fb8d50d80f1c672353dc4c2876490e6a0a2a33d6572c0ba1fb78f115cf?s=96&d=mm&r=g\",\"caption\":\"Leandro Lafr\u00e1gola\"},\"url\":\"https:\\\/\\\/blog.saocamilo-sp.br\\\/index.php\\\/author\\\/llafragola\\\/\"}]}<\/script>\n<!-- \/ Yoast SEO plugin. -->","yoast_head_json":{"title":"Pediatra e docente de Medicina alerta sobre redu\u00e7\u00e3o na procura pela vacina BCG - Blog S\u00e3o Camilo","robots":{"index":"index","follow":"follow","max-snippet":"max-snippet:-1","max-image-preview":"max-image-preview:large","max-video-preview":"max-video-preview:-1"},"canonical":"https:\/\/blog.saocamilo-sp.br\/index.php\/2023\/07\/02\/docente-de-pediatria-alerta-sobre-reducao-na-na-procura-pela-vacina-bcg\/","og_locale":"pt_BR","og_type":"article","og_title":"Pediatra e docente de Medicina alerta sobre redu\u00e7\u00e3o na procura pela vacina BCG - Blog S\u00e3o Camilo","og_description":"Prof. Marcelo Iampolski alerta sobre redu\u00e7\u00e3o na procura pela vacina BCG e pelo aumento de casos de tuberculose entre menores de 15 anos.","og_url":"https:\/\/blog.saocamilo-sp.br\/index.php\/2023\/07\/02\/docente-de-pediatria-alerta-sobre-reducao-na-na-procura-pela-vacina-bcg\/","og_site_name":"Blog S\u00e3o Camilo","article_publisher":"https:\/\/www.facebook.com\/saocamilosp","article_published_time":"2023-07-02T12:57:36+00:00","article_modified_time":"2025-11-25T15:08:09+00:00","og_image":[{"width":1200,"height":800,"url":"https:\/\/blog.saocamilo-sp.br\/wp-content\/uploads\/2023\/06\/Topo_vacina_BCG.png","type":"image\/png"}],"author":"Leandro Lafr\u00e1gola","twitter_card":"summary_large_image","twitter_creator":"@saocamilosp","twitter_site":"@saocamilosp","twitter_misc":{"Escrito por":"Leandro Lafr\u00e1gola","Est. tempo de leitura":"3 minutos"},"schema":{"@context":"https:\/\/schema.org","@graph":[{"@type":"Article","@id":"https:\/\/blog.saocamilo-sp.br\/index.php\/2023\/07\/02\/docente-de-pediatria-alerta-sobre-reducao-na-na-procura-pela-vacina-bcg\/#article","isPartOf":{"@id":"https:\/\/blog.saocamilo-sp.br\/index.php\/2023\/07\/02\/docente-de-pediatria-alerta-sobre-reducao-na-na-procura-pela-vacina-bcg\/"},"author":{"name":"Leandro Lafr\u00e1gola","@id":"https:\/\/blog.saocamilo-sp.br\/#\/schema\/person\/1a99645faaab0bb55105f817e866e19b"},"headline":"Pediatra e docente de Medicina alerta sobre redu\u00e7\u00e3o na procura pela vacina BCG","datePublished":"2023-07-02T12:57:36+00:00","dateModified":"2025-11-25T15:08:09+00:00","mainEntityOfPage":{"@id":"https:\/\/blog.saocamilo-sp.br\/index.php\/2023\/07\/02\/docente-de-pediatria-alerta-sobre-reducao-na-na-procura-pela-vacina-bcg\/"},"wordCount":479,"commentCount":0,"publisher":{"@id":"https:\/\/blog.saocamilo-sp.br\/#organization"},"image":{"@id":"https:\/\/blog.saocamilo-sp.br\/index.php\/2023\/07\/02\/docente-de-pediatria-alerta-sobre-reducao-na-na-procura-pela-vacina-bcg\/#primaryimage"},"thumbnailUrl":"https:\/\/blog.saocamilo-sp.br\/wp-content\/uploads\/2023\/06\/Topo_vacina_BCG.png","keywords":["Sa\u00fade"],"articleSection":["Medicina","Sa\u00fade"],"inLanguage":"pt-BR","potentialAction":[{"@type":"CommentAction","name":"Comment","target":["https:\/\/blog.saocamilo-sp.br\/index.php\/2023\/07\/02\/docente-de-pediatria-alerta-sobre-reducao-na-na-procura-pela-vacina-bcg\/#respond"]}]},{"@type":"WebPage","@id":"https:\/\/blog.saocamilo-sp.br\/index.php\/2023\/07\/02\/docente-de-pediatria-alerta-sobre-reducao-na-na-procura-pela-vacina-bcg\/","url":"https:\/\/blog.saocamilo-sp.br\/index.php\/2023\/07\/02\/docente-de-pediatria-alerta-sobre-reducao-na-na-procura-pela-vacina-bcg\/","name":"Pediatra e docente de Medicina alerta sobre redu\u00e7\u00e3o na procura pela vacina BCG - Blog S\u00e3o Camilo","isPartOf":{"@id":"https:\/\/blog.saocamilo-sp.br\/#website"},"primaryImageOfPage":{"@id":"https:\/\/blog.saocamilo-sp.br\/index.php\/2023\/07\/02\/docente-de-pediatria-alerta-sobre-reducao-na-na-procura-pela-vacina-bcg\/#primaryimage"},"image":{"@id":"https:\/\/blog.saocamilo-sp.br\/index.php\/2023\/07\/02\/docente-de-pediatria-alerta-sobre-reducao-na-na-procura-pela-vacina-bcg\/#primaryimage"},"thumbnailUrl":"https:\/\/blog.saocamilo-sp.br\/wp-content\/uploads\/2023\/06\/Topo_vacina_BCG.png","datePublished":"2023-07-02T12:57:36+00:00","dateModified":"2025-11-25T15:08:09+00:00","breadcrumb":{"@id":"https:\/\/blog.saocamilo-sp.br\/index.php\/2023\/07\/02\/docente-de-pediatria-alerta-sobre-reducao-na-na-procura-pela-vacina-bcg\/#breadcrumb"},"inLanguage":"pt-BR","potentialAction":[{"@type":"ReadAction","target":["https:\/\/blog.saocamilo-sp.br\/index.php\/2023\/07\/02\/docente-de-pediatria-alerta-sobre-reducao-na-na-procura-pela-vacina-bcg\/"]}]},{"@type":"ImageObject","inLanguage":"pt-BR","@id":"https:\/\/blog.saocamilo-sp.br\/index.php\/2023\/07\/02\/docente-de-pediatria-alerta-sobre-reducao-na-na-procura-pela-vacina-bcg\/#primaryimage","url":"https:\/\/blog.saocamilo-sp.br\/wp-content\/uploads\/2023\/06\/Topo_vacina_BCG.png","contentUrl":"https:\/\/blog.saocamilo-sp.br\/wp-content\/uploads\/2023\/06\/Topo_vacina_BCG.png","width":1200,"height":800},{"@type":"BreadcrumbList","@id":"https:\/\/blog.saocamilo-sp.br\/index.php\/2023\/07\/02\/docente-de-pediatria-alerta-sobre-reducao-na-na-procura-pela-vacina-bcg\/#breadcrumb","itemListElement":[{"@type":"ListItem","position":1,"name":"In\u00edcio","item":"https:\/\/blog.saocamilo-sp.br\/"},{"@type":"ListItem","position":2,"name":"Pediatra e docente de Medicina alerta sobre redu\u00e7\u00e3o na procura pela vacina BCG"}]},{"@type":"WebSite","@id":"https:\/\/blog.saocamilo-sp.br\/#website","url":"https:\/\/blog.saocamilo-sp.br\/","name":"Blog S\u00e3o Camilo","description":"Blog do Centro Universit\u00e1rio S\u00e3o Camilo","publisher":{"@id":"https:\/\/blog.saocamilo-sp.br\/#organization"},"potentialAction":[{"@type":"SearchAction","target":{"@type":"EntryPoint","urlTemplate":"https:\/\/blog.saocamilo-sp.br\/?s={search_term_string}"},"query-input":{"@type":"PropertyValueSpecification","valueRequired":true,"valueName":"search_term_string"}}],"inLanguage":"pt-BR"},{"@type":"Organization","@id":"https:\/\/blog.saocamilo-sp.br\/#organization","name":"Blog S\u00e3o Camilo","url":"https:\/\/blog.saocamilo-sp.br\/","logo":{"@type":"ImageObject","inLanguage":"pt-BR","@id":"https:\/\/blog.saocamilo-sp.br\/#\/schema\/logo\/image\/","url":"https:\/\/blog.saocamilo-sp.br\/wp-content\/uploads\/2021\/12\/cropped-vazio-logo-topo.png","contentUrl":"https:\/\/blog.saocamilo-sp.br\/wp-content\/uploads\/2021\/12\/cropped-vazio-logo-topo.png","width":320,"height":240,"caption":"Blog S\u00e3o Camilo"},"image":{"@id":"https:\/\/blog.saocamilo-sp.br\/#\/schema\/logo\/image\/"},"sameAs":["https:\/\/www.facebook.com\/saocamilosp","https:\/\/x.com\/saocamilosp","https:\/\/www.linkedin.com\/school\/centro-universit-rio-s-o-camilo\/"]},{"@type":"Person","@id":"https:\/\/blog.saocamilo-sp.br\/#\/schema\/person\/1a99645faaab0bb55105f817e866e19b","name":"Leandro Lafr\u00e1gola","image":{"@type":"ImageObject","inLanguage":"pt-BR","@id":"https:\/\/secure.gravatar.com\/avatar\/ec4232fb8d50d80f1c672353dc4c2876490e6a0a2a33d6572c0ba1fb78f115cf?s=96&d=mm&r=g","url":"https:\/\/secure.gravatar.com\/avatar\/ec4232fb8d50d80f1c672353dc4c2876490e6a0a2a33d6572c0ba1fb78f115cf?s=96&d=mm&r=g","contentUrl":"https:\/\/secure.gravatar.com\/avatar\/ec4232fb8d50d80f1c672353dc4c2876490e6a0a2a33d6572c0ba1fb78f115cf?s=96&d=mm&r=g","caption":"Leandro Lafr\u00e1gola"},"url":"https:\/\/blog.saocamilo-sp.br\/index.php\/author\/llafragola\/"}]}},"_links":{"self":[{"href":"https:\/\/blog.saocamilo-sp.br\/index.php\/wp-json\/wp\/v2\/posts\/1315","targetHints":{"allow":["GET"]}}],"collection":[{"href":"https:\/\/blog.saocamilo-sp.br\/index.php\/wp-json\/wp\/v2\/posts"}],"about":[{"href":"https:\/\/blog.saocamilo-sp.br\/index.php\/wp-json\/wp\/v2\/types\/post"}],"author":[{"embeddable":true,"href":"https:\/\/blog.saocamilo-sp.br\/index.php\/wp-json\/wp\/v2\/users\/13"}],"replies":[{"embeddable":true,"href":"https:\/\/blog.saocamilo-sp.br\/index.php\/wp-json\/wp\/v2\/comments?post=1315"}],"version-history":[{"count":9,"href":"https:\/\/blog.saocamilo-sp.br\/index.php\/wp-json\/wp\/v2\/posts\/1315\/revisions"}],"predecessor-version":[{"id":1406,"href":"https:\/\/blog.saocamilo-sp.br\/index.php\/wp-json\/wp\/v2\/posts\/1315\/revisions\/1406"}],"wp:featuredmedia":[{"embeddable":true,"href":"https:\/\/blog.saocamilo-sp.br\/index.php\/wp-json\/wp\/v2\/media\/1316"}],"wp:attachment":[{"href":"https:\/\/blog.saocamilo-sp.br\/index.php\/wp-json\/wp\/v2\/media?parent=1315"}],"wp:term":[{"taxonomy":"category","embeddable":true,"href":"https:\/\/blog.saocamilo-sp.br\/index.php\/wp-json\/wp\/v2\/categories?post=1315"},{"taxonomy":"post_tag","embeddable":true,"href":"https:\/\/blog.saocamilo-sp.br\/index.php\/wp-json\/wp\/v2\/tags?post=1315"}],"curies":[{"name":"wp","href":"https:\/\/api.w.org\/{rel}","templated":true}]}}