{"id":1346,"date":"2023-07-04T16:09:12","date_gmt":"2023-07-04T19:09:12","guid":{"rendered":"https:\/\/blog.saocamilo-sp.br\/?p=1346"},"modified":"2023-07-10T10:21:19","modified_gmt":"2023-07-10T13:21:19","slug":"proteja-se-contra-a-febre-maculosa-conheca-os-sintomas-contra-a-doenca-transmitida-por-carrapatos","status":"publish","type":"post","link":"https:\/\/blog.saocamilo-sp.br\/index.php\/2023\/07\/04\/proteja-se-contra-a-febre-maculosa-conheca-os-sintomas-contra-a-doenca-transmitida-por-carrapatos\/","title":{"rendered":"Febre Maculosa: saiba mais sobre a doen\u00e7a transmitida por carrapatos"},"content":{"rendered":"\n<p>A Febre maculosa \u00e9 uma doen\u00e7a infecciosa transmitida por carrapatos que pode ter graves consequ\u00eancias para a sa\u00fade humana. Com base nos dados do minist\u00e9rio da Sa\u00fade de 2023, confira algumas informa\u00e7\u00f5es importantes sobre essa doen\u00e7a, seus sintomas, preven\u00e7\u00e3o e tratamento.<\/p>\n\n\n\n<p>A doen\u00e7a \u00e9 causada pela bact\u00e9ria Rickettsia rickettsi, que \u00e9 transmitida aos seres humanos pela picada do carrapato-estrela (Amblyomma ssp.). Esses carrapatos s\u00e3o encontrados em \u00e1reas rurais e silvestres, principalmente em regi\u00f5es de vegeta\u00e7\u00e3o densa e \u00famida. A infec\u00e7\u00e3o ocorre quando o carrapato infectado se fixa na pele e libera a bact\u00e9ria.<\/p>\n\n\n\n<h2 class=\"wp-block-heading\">Sintomas<\/h2>\n\n\n\n<p>Os principais sintomas da febre Maculosa incluem febre alta, dor de cabe\u00e7a intensa, dores musculares e articulares, mal-estar, diarreia, al\u00e9m de manchas vermelhas na pele, especialmente nas palmas das m\u00e3os e solas dos p\u00e9s. Se n\u00e3o for tratada precocemente, a doen\u00e7a pode evoluir para condi\u00e7\u00f5es graves, como hemorragias, v\u00f4mitos, insufici\u00eancia renal, problemas respirat\u00f3rios, altera\u00e7\u00f5es neurol\u00f3gicas e at\u00e9 \u00f3bito.<\/p>\n\n\n\n<p><\/p>\n\n\n\n<h2 class=\"wp-block-heading\">Preven\u00e7\u00e3o<\/h2>\n\n\n\n<p>A preven\u00e7\u00e3o da Febre Maculosa envolve medidas para evitar a picada de carrapatos. Recomenda-se usar roupas adequadas ao visitar \u00e1reas de mata, como cal\u00e7as compridas, camisas de manga longa e sapatos fechados. Al\u00e9m disso, \u00e9 importante aplicar repelentes espec\u00edficos para carrapatos na pele e nas roupas, bem como fazer inspe\u00e7\u00e3o minuciosa no corpo ap\u00f3s estar em \u00e1reas suspeitas.<\/p>\n\n\n\n<p><\/p>\n\n\n\n<h2 class=\"wp-block-heading\">O que fazer se for picado pelo carrapato?<\/h2>\n\n\n\n<p>Caso seja picado pelo carrapato \u00e9 importante:<\/p>\n\n\n\n<ul class=\"wp-block-list\">\n<li>Realizar a retirada do carrapato com uma pin\u00e7a realizando uma leve tor\u00e7\u00e3o;<\/li>\n<\/ul>\n\n\n\n<ul class=\"wp-block-list\">\n<li>Nunca apertar a pin\u00e7a no meio do corpo do carrapato, porque com o esmagamento, pode haver a libera\u00e7\u00e3o das bact\u00e9rias que est\u00e3o na saliva do carrapato, estas t\u00eam capacidade de penetrar atrav\u00e9s de micro les\u00f5es;<\/li>\n<\/ul>\n\n\n\n<ul class=\"wp-block-list\">\n<li>Tomar banho com bucha vegetal, fazendo movimentos circulares e utilizar o sabonete acaricida;<\/li>\n<\/ul>\n\n\n\n<ul class=\"wp-block-list\">\n<li>Nunca queimar o carrapato, nem use, \u00e1lcool, vinagre, ou qualquer substancia abrasiva, o que aumenta a chance de transmiss\u00e3o<\/li>\n<\/ul>\n\n\n\n<p><\/p>\n\n\n\n<h2 class=\"wp-block-heading\">Tratamento<\/h2>\n\n\n\n<p>O tratamento da febre maculosa requer aten\u00e7\u00e3o m\u00e9dica imediata. O diagn\u00f3stico precoce \u00e9 fundamental para o sucesso do tratamento, que geralmente envolve antibi\u00f3ticos espec\u00edficos para combater a infec\u00e7\u00e3o bacteriana. Quanto mais cedo o tratamento for iniciado, melhores ser\u00e3o as chances de recupera\u00e7\u00e3o e menor ser\u00e1 o risco de complica\u00e7\u00f5es.<\/p>\n\n\n\n<p><\/p>\n\n\n\n<p>Texto enviado pela CIPA do <a href=\"https:\/\/saocamilo-sp.br\/\" target=\"_blank\" rel=\"noreferrer noopener\">Centro Universit\u00e1ro S\u00e3o Camilo<\/a> e adaptado pela Profa. Dra. <a href=\"http:\/\/lattes.cnpq.br\/6970050726201542\" target=\"_blank\" rel=\"noreferrer noopener\">Maria Paola Mattion Badin<\/a><\/p>\n\n\n\n<p><strong>Refer\u00eancias:<\/strong><\/p>\n\n\n\n<ul class=\"wp-block-list\">\n<li>Centro de Vigil\u00e2ncia Epidemiol\u00f3gica do Estado de S\u00e3o Paulo\/CVE\/CCD<\/li>\n\n\n\n<li><a href=\"https:\/\/saocamilo-sp.br\/assets\/uploads\/Manual_para_prevencao_em_locais_com_presenca_de_carrapatos.pdf\" target=\"_blank\" rel=\"noreferrer noopener\">Manual para Preven\u00e7\u00e3o em Locais com Presen\u00e7a de Carrapatos<\/a><\/li>\n<\/ul>\n\n\n\n<p><\/p>\n","protected":false},"excerpt":{"rendered":"<p>A Febre maculosa \u00e9 uma doen\u00e7a infecciosa transmitida por carrapatos que pode ter graves consequ\u00eancias para a sa\u00fade. Saiba mais.<\/p>\n","protected":false},"author":13,"featured_media":1364,"comment_status":"open","ping_status":"open","sticky":false,"template":"","format":"standard","meta":{"cybocfi_hide_featured_image":"","footnotes":""},"categories":[79],"tags":[17],"class_list":["post-1346","post","type-post","status-publish","format-standard","has-post-thumbnail","hentry","category-saude","tag-saude"],"yoast_head":"<!-- This site is optimized with the Yoast SEO plugin v27.5 - https:\/\/yoast.com\/product\/yoast-seo-wordpress\/ -->\n<title>Febre Maculosa: saiba mais sobre a doen\u00e7a transmitida por carrapatos - Blog S\u00e3o Camilo<\/title>\n<meta name=\"description\" content=\"A Febre maculosa \u00e9 uma doen\u00e7a infecciosa transmitida por carrapatos que pode ter graves consequ\u00eancias para a sa\u00fade humana.\" \/>\n<meta name=\"robots\" content=\"index, follow, max-snippet:-1, max-image-preview:large, max-video-preview:-1\" \/>\n<link rel=\"canonical\" href=\"https:\/\/blog.saocamilo-sp.br\/index.php\/2023\/07\/04\/proteja-se-contra-a-febre-maculosa-conheca-os-sintomas-contra-a-doenca-transmitida-por-carrapatos\/\" \/>\n<meta property=\"og:locale\" content=\"pt_BR\" \/>\n<meta property=\"og:type\" content=\"article\" \/>\n<meta property=\"og:title\" content=\"Febre Maculosa: saiba mais sobre a doen\u00e7a transmitida por carrapatos - Blog S\u00e3o Camilo\" \/>\n<meta property=\"og:description\" content=\"A Febre maculosa \u00e9 uma doen\u00e7a infecciosa transmitida por carrapatos que pode ter graves consequ\u00eancias para a sa\u00fade humana.\" \/>\n<meta property=\"og:url\" content=\"https:\/\/blog.saocamilo-sp.br\/index.php\/2023\/07\/04\/proteja-se-contra-a-febre-maculosa-conheca-os-sintomas-contra-a-doenca-transmitida-por-carrapatos\/\" \/>\n<meta property=\"og:site_name\" content=\"Blog S\u00e3o Camilo\" \/>\n<meta property=\"article:publisher\" content=\"https:\/\/www.facebook.com\/saocamilosp\" \/>\n<meta property=\"article:published_time\" content=\"2023-07-04T19:09:12+00:00\" \/>\n<meta property=\"article:modified_time\" content=\"2023-07-10T13:21:19+00:00\" \/>\n<meta property=\"og:image\" content=\"https:\/\/blog.saocamilo-sp.br\/wp-content\/uploads\/2023\/07\/MicrosoftTeams-image-50-scaled.jpg\" \/>\n\t<meta property=\"og:image:width\" content=\"2560\" \/>\n\t<meta property=\"og:image:height\" content=\"1707\" \/>\n\t<meta property=\"og:image:type\" content=\"image\/jpeg\" \/>\n<meta name=\"author\" content=\"Leandro Lafr\u00e1gola\" \/>\n<meta name=\"twitter:card\" content=\"summary_large_image\" \/>\n<meta name=\"twitter:creator\" content=\"@saocamilosp\" \/>\n<meta name=\"twitter:site\" content=\"@saocamilosp\" \/>\n<meta name=\"twitter:label1\" content=\"Escrito por\" \/>\n\t<meta name=\"twitter:data1\" content=\"Leandro Lafr\u00e1gola\" \/>\n\t<meta name=\"twitter:label2\" content=\"Est. tempo de leitura\" \/>\n\t<meta name=\"twitter:data2\" content=\"3 minutos\" \/>\n<script type=\"application\/ld+json\" class=\"yoast-schema-graph\">{\"@context\":\"https:\\\/\\\/schema.org\",\"@graph\":[{\"@type\":\"Article\",\"@id\":\"https:\\\/\\\/blog.saocamilo-sp.br\\\/index.php\\\/2023\\\/07\\\/04\\\/proteja-se-contra-a-febre-maculosa-conheca-os-sintomas-contra-a-doenca-transmitida-por-carrapatos\\\/#article\",\"isPartOf\":{\"@id\":\"https:\\\/\\\/blog.saocamilo-sp.br\\\/index.php\\\/2023\\\/07\\\/04\\\/proteja-se-contra-a-febre-maculosa-conheca-os-sintomas-contra-a-doenca-transmitida-por-carrapatos\\\/\"},\"author\":{\"name\":\"Leandro Lafr\u00e1gola\",\"@id\":\"https:\\\/\\\/blog.saocamilo-sp.br\\\/#\\\/schema\\\/person\\\/1a99645faaab0bb55105f817e866e19b\"},\"headline\":\"Febre Maculosa: saiba mais sobre a doen\u00e7a transmitida por carrapatos\",\"datePublished\":\"2023-07-04T19:09:12+00:00\",\"dateModified\":\"2023-07-10T13:21:19+00:00\",\"mainEntityOfPage\":{\"@id\":\"https:\\\/\\\/blog.saocamilo-sp.br\\\/index.php\\\/2023\\\/07\\\/04\\\/proteja-se-contra-a-febre-maculosa-conheca-os-sintomas-contra-a-doenca-transmitida-por-carrapatos\\\/\"},\"wordCount\":459,\"commentCount\":0,\"publisher\":{\"@id\":\"https:\\\/\\\/blog.saocamilo-sp.br\\\/#organization\"},\"image\":{\"@id\":\"https:\\\/\\\/blog.saocamilo-sp.br\\\/index.php\\\/2023\\\/07\\\/04\\\/proteja-se-contra-a-febre-maculosa-conheca-os-sintomas-contra-a-doenca-transmitida-por-carrapatos\\\/#primaryimage\"},\"thumbnailUrl\":\"https:\\\/\\\/blog.saocamilo-sp.br\\\/wp-content\\\/uploads\\\/2023\\\/07\\\/MicrosoftTeams-image-50-scaled.jpg\",\"keywords\":[\"Sa\u00fade\"],\"articleSection\":[\"Sa\u00fade\"],\"inLanguage\":\"pt-BR\",\"potentialAction\":[{\"@type\":\"CommentAction\",\"name\":\"Comment\",\"target\":[\"https:\\\/\\\/blog.saocamilo-sp.br\\\/index.php\\\/2023\\\/07\\\/04\\\/proteja-se-contra-a-febre-maculosa-conheca-os-sintomas-contra-a-doenca-transmitida-por-carrapatos\\\/#respond\"]}]},{\"@type\":\"WebPage\",\"@id\":\"https:\\\/\\\/blog.saocamilo-sp.br\\\/index.php\\\/2023\\\/07\\\/04\\\/proteja-se-contra-a-febre-maculosa-conheca-os-sintomas-contra-a-doenca-transmitida-por-carrapatos\\\/\",\"url\":\"https:\\\/\\\/blog.saocamilo-sp.br\\\/index.php\\\/2023\\\/07\\\/04\\\/proteja-se-contra-a-febre-maculosa-conheca-os-sintomas-contra-a-doenca-transmitida-por-carrapatos\\\/\",\"name\":\"Febre Maculosa: saiba mais sobre a doen\u00e7a transmitida por carrapatos - Blog S\u00e3o Camilo\",\"isPartOf\":{\"@id\":\"https:\\\/\\\/blog.saocamilo-sp.br\\\/#website\"},\"primaryImageOfPage\":{\"@id\":\"https:\\\/\\\/blog.saocamilo-sp.br\\\/index.php\\\/2023\\\/07\\\/04\\\/proteja-se-contra-a-febre-maculosa-conheca-os-sintomas-contra-a-doenca-transmitida-por-carrapatos\\\/#primaryimage\"},\"image\":{\"@id\":\"https:\\\/\\\/blog.saocamilo-sp.br\\\/index.php\\\/2023\\\/07\\\/04\\\/proteja-se-contra-a-febre-maculosa-conheca-os-sintomas-contra-a-doenca-transmitida-por-carrapatos\\\/#primaryimage\"},\"thumbnailUrl\":\"https:\\\/\\\/blog.saocamilo-sp.br\\\/wp-content\\\/uploads\\\/2023\\\/07\\\/MicrosoftTeams-image-50-scaled.jpg\",\"datePublished\":\"2023-07-04T19:09:12+00:00\",\"dateModified\":\"2023-07-10T13:21:19+00:00\",\"description\":\"A Febre maculosa \u00e9 uma doen\u00e7a infecciosa transmitida por carrapatos que pode ter graves consequ\u00eancias para a sa\u00fade humana.\",\"breadcrumb\":{\"@id\":\"https:\\\/\\\/blog.saocamilo-sp.br\\\/index.php\\\/2023\\\/07\\\/04\\\/proteja-se-contra-a-febre-maculosa-conheca-os-sintomas-contra-a-doenca-transmitida-por-carrapatos\\\/#breadcrumb\"},\"inLanguage\":\"pt-BR\",\"potentialAction\":[{\"@type\":\"ReadAction\",\"target\":[\"https:\\\/\\\/blog.saocamilo-sp.br\\\/index.php\\\/2023\\\/07\\\/04\\\/proteja-se-contra-a-febre-maculosa-conheca-os-sintomas-contra-a-doenca-transmitida-por-carrapatos\\\/\"]}]},{\"@type\":\"ImageObject\",\"inLanguage\":\"pt-BR\",\"@id\":\"https:\\\/\\\/blog.saocamilo-sp.br\\\/index.php\\\/2023\\\/07\\\/04\\\/proteja-se-contra-a-febre-maculosa-conheca-os-sintomas-contra-a-doenca-transmitida-por-carrapatos\\\/#primaryimage\",\"url\":\"https:\\\/\\\/blog.saocamilo-sp.br\\\/wp-content\\\/uploads\\\/2023\\\/07\\\/MicrosoftTeams-image-50-scaled.jpg\",\"contentUrl\":\"https:\\\/\\\/blog.saocamilo-sp.br\\\/wp-content\\\/uploads\\\/2023\\\/07\\\/MicrosoftTeams-image-50-scaled.jpg\",\"width\":2560,\"height\":1707},{\"@type\":\"BreadcrumbList\",\"@id\":\"https:\\\/\\\/blog.saocamilo-sp.br\\\/index.php\\\/2023\\\/07\\\/04\\\/proteja-se-contra-a-febre-maculosa-conheca-os-sintomas-contra-a-doenca-transmitida-por-carrapatos\\\/#breadcrumb\",\"itemListElement\":[{\"@type\":\"ListItem\",\"position\":1,\"name\":\"In\u00edcio\",\"item\":\"https:\\\/\\\/blog.saocamilo-sp.br\\\/\"},{\"@type\":\"ListItem\",\"position\":2,\"name\":\"Febre Maculosa: saiba mais sobre a doen\u00e7a transmitida por carrapatos\"}]},{\"@type\":\"WebSite\",\"@id\":\"https:\\\/\\\/blog.saocamilo-sp.br\\\/#website\",\"url\":\"https:\\\/\\\/blog.saocamilo-sp.br\\\/\",\"name\":\"Blog S\u00e3o Camilo\",\"description\":\"Blog do Centro Universit\u00e1rio S\u00e3o Camilo\",\"publisher\":{\"@id\":\"https:\\\/\\\/blog.saocamilo-sp.br\\\/#organization\"},\"potentialAction\":[{\"@type\":\"SearchAction\",\"target\":{\"@type\":\"EntryPoint\",\"urlTemplate\":\"https:\\\/\\\/blog.saocamilo-sp.br\\\/?s={search_term_string}\"},\"query-input\":{\"@type\":\"PropertyValueSpecification\",\"valueRequired\":true,\"valueName\":\"search_term_string\"}}],\"inLanguage\":\"pt-BR\"},{\"@type\":\"Organization\",\"@id\":\"https:\\\/\\\/blog.saocamilo-sp.br\\\/#organization\",\"name\":\"Blog S\u00e3o Camilo\",\"url\":\"https:\\\/\\\/blog.saocamilo-sp.br\\\/\",\"logo\":{\"@type\":\"ImageObject\",\"inLanguage\":\"pt-BR\",\"@id\":\"https:\\\/\\\/blog.saocamilo-sp.br\\\/#\\\/schema\\\/logo\\\/image\\\/\",\"url\":\"https:\\\/\\\/blog.saocamilo-sp.br\\\/wp-content\\\/uploads\\\/2021\\\/12\\\/cropped-vazio-logo-topo.png\",\"contentUrl\":\"https:\\\/\\\/blog.saocamilo-sp.br\\\/wp-content\\\/uploads\\\/2021\\\/12\\\/cropped-vazio-logo-topo.png\",\"width\":320,\"height\":240,\"caption\":\"Blog S\u00e3o Camilo\"},\"image\":{\"@id\":\"https:\\\/\\\/blog.saocamilo-sp.br\\\/#\\\/schema\\\/logo\\\/image\\\/\"},\"sameAs\":[\"https:\\\/\\\/www.facebook.com\\\/saocamilosp\",\"https:\\\/\\\/x.com\\\/saocamilosp\",\"https:\\\/\\\/www.linkedin.com\\\/school\\\/centro-universit-rio-s-o-camilo\\\/\"]},{\"@type\":\"Person\",\"@id\":\"https:\\\/\\\/blog.saocamilo-sp.br\\\/#\\\/schema\\\/person\\\/1a99645faaab0bb55105f817e866e19b\",\"name\":\"Leandro Lafr\u00e1gola\",\"image\":{\"@type\":\"ImageObject\",\"inLanguage\":\"pt-BR\",\"@id\":\"https:\\\/\\\/secure.gravatar.com\\\/avatar\\\/ec4232fb8d50d80f1c672353dc4c2876490e6a0a2a33d6572c0ba1fb78f115cf?s=96&d=mm&r=g\",\"url\":\"https:\\\/\\\/secure.gravatar.com\\\/avatar\\\/ec4232fb8d50d80f1c672353dc4c2876490e6a0a2a33d6572c0ba1fb78f115cf?s=96&d=mm&r=g\",\"contentUrl\":\"https:\\\/\\\/secure.gravatar.com\\\/avatar\\\/ec4232fb8d50d80f1c672353dc4c2876490e6a0a2a33d6572c0ba1fb78f115cf?s=96&d=mm&r=g\",\"caption\":\"Leandro Lafr\u00e1gola\"},\"url\":\"https:\\\/\\\/blog.saocamilo-sp.br\\\/index.php\\\/author\\\/llafragola\\\/\"}]}<\/script>\n<!-- \/ Yoast SEO plugin. -->","yoast_head_json":{"title":"Febre Maculosa: saiba mais sobre a doen\u00e7a transmitida por carrapatos - Blog S\u00e3o Camilo","description":"A Febre maculosa \u00e9 uma doen\u00e7a infecciosa transmitida por carrapatos que pode ter graves consequ\u00eancias para a sa\u00fade humana.","robots":{"index":"index","follow":"follow","max-snippet":"max-snippet:-1","max-image-preview":"max-image-preview:large","max-video-preview":"max-video-preview:-1"},"canonical":"https:\/\/blog.saocamilo-sp.br\/index.php\/2023\/07\/04\/proteja-se-contra-a-febre-maculosa-conheca-os-sintomas-contra-a-doenca-transmitida-por-carrapatos\/","og_locale":"pt_BR","og_type":"article","og_title":"Febre Maculosa: saiba mais sobre a doen\u00e7a transmitida por carrapatos - Blog S\u00e3o Camilo","og_description":"A Febre maculosa \u00e9 uma doen\u00e7a infecciosa transmitida por carrapatos que pode ter graves consequ\u00eancias para a sa\u00fade humana.","og_url":"https:\/\/blog.saocamilo-sp.br\/index.php\/2023\/07\/04\/proteja-se-contra-a-febre-maculosa-conheca-os-sintomas-contra-a-doenca-transmitida-por-carrapatos\/","og_site_name":"Blog S\u00e3o Camilo","article_publisher":"https:\/\/www.facebook.com\/saocamilosp","article_published_time":"2023-07-04T19:09:12+00:00","article_modified_time":"2023-07-10T13:21:19+00:00","og_image":[{"width":2560,"height":1707,"url":"https:\/\/blog.saocamilo-sp.br\/wp-content\/uploads\/2023\/07\/MicrosoftTeams-image-50-scaled.jpg","type":"image\/jpeg"}],"author":"Leandro Lafr\u00e1gola","twitter_card":"summary_large_image","twitter_creator":"@saocamilosp","twitter_site":"@saocamilosp","twitter_misc":{"Escrito por":"Leandro Lafr\u00e1gola","Est. tempo de leitura":"3 minutos"},"schema":{"@context":"https:\/\/schema.org","@graph":[{"@type":"Article","@id":"https:\/\/blog.saocamilo-sp.br\/index.php\/2023\/07\/04\/proteja-se-contra-a-febre-maculosa-conheca-os-sintomas-contra-a-doenca-transmitida-por-carrapatos\/#article","isPartOf":{"@id":"https:\/\/blog.saocamilo-sp.br\/index.php\/2023\/07\/04\/proteja-se-contra-a-febre-maculosa-conheca-os-sintomas-contra-a-doenca-transmitida-por-carrapatos\/"},"author":{"name":"Leandro Lafr\u00e1gola","@id":"https:\/\/blog.saocamilo-sp.br\/#\/schema\/person\/1a99645faaab0bb55105f817e866e19b"},"headline":"Febre Maculosa: saiba mais sobre a doen\u00e7a transmitida por carrapatos","datePublished":"2023-07-04T19:09:12+00:00","dateModified":"2023-07-10T13:21:19+00:00","mainEntityOfPage":{"@id":"https:\/\/blog.saocamilo-sp.br\/index.php\/2023\/07\/04\/proteja-se-contra-a-febre-maculosa-conheca-os-sintomas-contra-a-doenca-transmitida-por-carrapatos\/"},"wordCount":459,"commentCount":0,"publisher":{"@id":"https:\/\/blog.saocamilo-sp.br\/#organization"},"image":{"@id":"https:\/\/blog.saocamilo-sp.br\/index.php\/2023\/07\/04\/proteja-se-contra-a-febre-maculosa-conheca-os-sintomas-contra-a-doenca-transmitida-por-carrapatos\/#primaryimage"},"thumbnailUrl":"https:\/\/blog.saocamilo-sp.br\/wp-content\/uploads\/2023\/07\/MicrosoftTeams-image-50-scaled.jpg","keywords":["Sa\u00fade"],"articleSection":["Sa\u00fade"],"inLanguage":"pt-BR","potentialAction":[{"@type":"CommentAction","name":"Comment","target":["https:\/\/blog.saocamilo-sp.br\/index.php\/2023\/07\/04\/proteja-se-contra-a-febre-maculosa-conheca-os-sintomas-contra-a-doenca-transmitida-por-carrapatos\/#respond"]}]},{"@type":"WebPage","@id":"https:\/\/blog.saocamilo-sp.br\/index.php\/2023\/07\/04\/proteja-se-contra-a-febre-maculosa-conheca-os-sintomas-contra-a-doenca-transmitida-por-carrapatos\/","url":"https:\/\/blog.saocamilo-sp.br\/index.php\/2023\/07\/04\/proteja-se-contra-a-febre-maculosa-conheca-os-sintomas-contra-a-doenca-transmitida-por-carrapatos\/","name":"Febre Maculosa: saiba mais sobre a doen\u00e7a transmitida por carrapatos - Blog S\u00e3o Camilo","isPartOf":{"@id":"https:\/\/blog.saocamilo-sp.br\/#website"},"primaryImageOfPage":{"@id":"https:\/\/blog.saocamilo-sp.br\/index.php\/2023\/07\/04\/proteja-se-contra-a-febre-maculosa-conheca-os-sintomas-contra-a-doenca-transmitida-por-carrapatos\/#primaryimage"},"image":{"@id":"https:\/\/blog.saocamilo-sp.br\/index.php\/2023\/07\/04\/proteja-se-contra-a-febre-maculosa-conheca-os-sintomas-contra-a-doenca-transmitida-por-carrapatos\/#primaryimage"},"thumbnailUrl":"https:\/\/blog.saocamilo-sp.br\/wp-content\/uploads\/2023\/07\/MicrosoftTeams-image-50-scaled.jpg","datePublished":"2023-07-04T19:09:12+00:00","dateModified":"2023-07-10T13:21:19+00:00","description":"A Febre maculosa \u00e9 uma doen\u00e7a infecciosa transmitida por carrapatos que pode ter graves consequ\u00eancias para a sa\u00fade humana.","breadcrumb":{"@id":"https:\/\/blog.saocamilo-sp.br\/index.php\/2023\/07\/04\/proteja-se-contra-a-febre-maculosa-conheca-os-sintomas-contra-a-doenca-transmitida-por-carrapatos\/#breadcrumb"},"inLanguage":"pt-BR","potentialAction":[{"@type":"ReadAction","target":["https:\/\/blog.saocamilo-sp.br\/index.php\/2023\/07\/04\/proteja-se-contra-a-febre-maculosa-conheca-os-sintomas-contra-a-doenca-transmitida-por-carrapatos\/"]}]},{"@type":"ImageObject","inLanguage":"pt-BR","@id":"https:\/\/blog.saocamilo-sp.br\/index.php\/2023\/07\/04\/proteja-se-contra-a-febre-maculosa-conheca-os-sintomas-contra-a-doenca-transmitida-por-carrapatos\/#primaryimage","url":"https:\/\/blog.saocamilo-sp.br\/wp-content\/uploads\/2023\/07\/MicrosoftTeams-image-50-scaled.jpg","contentUrl":"https:\/\/blog.saocamilo-sp.br\/wp-content\/uploads\/2023\/07\/MicrosoftTeams-image-50-scaled.jpg","width":2560,"height":1707},{"@type":"BreadcrumbList","@id":"https:\/\/blog.saocamilo-sp.br\/index.php\/2023\/07\/04\/proteja-se-contra-a-febre-maculosa-conheca-os-sintomas-contra-a-doenca-transmitida-por-carrapatos\/#breadcrumb","itemListElement":[{"@type":"ListItem","position":1,"name":"In\u00edcio","item":"https:\/\/blog.saocamilo-sp.br\/"},{"@type":"ListItem","position":2,"name":"Febre Maculosa: saiba mais sobre a doen\u00e7a transmitida por carrapatos"}]},{"@type":"WebSite","@id":"https:\/\/blog.saocamilo-sp.br\/#website","url":"https:\/\/blog.saocamilo-sp.br\/","name":"Blog S\u00e3o Camilo","description":"Blog do Centro Universit\u00e1rio S\u00e3o Camilo","publisher":{"@id":"https:\/\/blog.saocamilo-sp.br\/#organization"},"potentialAction":[{"@type":"SearchAction","target":{"@type":"EntryPoint","urlTemplate":"https:\/\/blog.saocamilo-sp.br\/?s={search_term_string}"},"query-input":{"@type":"PropertyValueSpecification","valueRequired":true,"valueName":"search_term_string"}}],"inLanguage":"pt-BR"},{"@type":"Organization","@id":"https:\/\/blog.saocamilo-sp.br\/#organization","name":"Blog S\u00e3o Camilo","url":"https:\/\/blog.saocamilo-sp.br\/","logo":{"@type":"ImageObject","inLanguage":"pt-BR","@id":"https:\/\/blog.saocamilo-sp.br\/#\/schema\/logo\/image\/","url":"https:\/\/blog.saocamilo-sp.br\/wp-content\/uploads\/2021\/12\/cropped-vazio-logo-topo.png","contentUrl":"https:\/\/blog.saocamilo-sp.br\/wp-content\/uploads\/2021\/12\/cropped-vazio-logo-topo.png","width":320,"height":240,"caption":"Blog S\u00e3o Camilo"},"image":{"@id":"https:\/\/blog.saocamilo-sp.br\/#\/schema\/logo\/image\/"},"sameAs":["https:\/\/www.facebook.com\/saocamilosp","https:\/\/x.com\/saocamilosp","https:\/\/www.linkedin.com\/school\/centro-universit-rio-s-o-camilo\/"]},{"@type":"Person","@id":"https:\/\/blog.saocamilo-sp.br\/#\/schema\/person\/1a99645faaab0bb55105f817e866e19b","name":"Leandro Lafr\u00e1gola","image":{"@type":"ImageObject","inLanguage":"pt-BR","@id":"https:\/\/secure.gravatar.com\/avatar\/ec4232fb8d50d80f1c672353dc4c2876490e6a0a2a33d6572c0ba1fb78f115cf?s=96&d=mm&r=g","url":"https:\/\/secure.gravatar.com\/avatar\/ec4232fb8d50d80f1c672353dc4c2876490e6a0a2a33d6572c0ba1fb78f115cf?s=96&d=mm&r=g","contentUrl":"https:\/\/secure.gravatar.com\/avatar\/ec4232fb8d50d80f1c672353dc4c2876490e6a0a2a33d6572c0ba1fb78f115cf?s=96&d=mm&r=g","caption":"Leandro Lafr\u00e1gola"},"url":"https:\/\/blog.saocamilo-sp.br\/index.php\/author\/llafragola\/"}]}},"_links":{"self":[{"href":"https:\/\/blog.saocamilo-sp.br\/index.php\/wp-json\/wp\/v2\/posts\/1346","targetHints":{"allow":["GET"]}}],"collection":[{"href":"https:\/\/blog.saocamilo-sp.br\/index.php\/wp-json\/wp\/v2\/posts"}],"about":[{"href":"https:\/\/blog.saocamilo-sp.br\/index.php\/wp-json\/wp\/v2\/types\/post"}],"author":[{"embeddable":true,"href":"https:\/\/blog.saocamilo-sp.br\/index.php\/wp-json\/wp\/v2\/users\/13"}],"replies":[{"embeddable":true,"href":"https:\/\/blog.saocamilo-sp.br\/index.php\/wp-json\/wp\/v2\/comments?post=1346"}],"version-history":[{"count":11,"href":"https:\/\/blog.saocamilo-sp.br\/index.php\/wp-json\/wp\/v2\/posts\/1346\/revisions"}],"predecessor-version":[{"id":1373,"href":"https:\/\/blog.saocamilo-sp.br\/index.php\/wp-json\/wp\/v2\/posts\/1346\/revisions\/1373"}],"wp:featuredmedia":[{"embeddable":true,"href":"https:\/\/blog.saocamilo-sp.br\/index.php\/wp-json\/wp\/v2\/media\/1364"}],"wp:attachment":[{"href":"https:\/\/blog.saocamilo-sp.br\/index.php\/wp-json\/wp\/v2\/media?parent=1346"}],"wp:term":[{"taxonomy":"category","embeddable":true,"href":"https:\/\/blog.saocamilo-sp.br\/index.php\/wp-json\/wp\/v2\/categories?post=1346"},{"taxonomy":"post_tag","embeddable":true,"href":"https:\/\/blog.saocamilo-sp.br\/index.php\/wp-json\/wp\/v2\/tags?post=1346"}],"curies":[{"name":"wp","href":"https:\/\/api.w.org\/{rel}","templated":true}]}}