{"id":1394,"date":"2023-07-11T15:48:07","date_gmt":"2023-07-11T18:48:07","guid":{"rendered":"https:\/\/blog.saocamilo-sp.br\/?p=1394"},"modified":"2023-07-12T16:06:18","modified_gmt":"2023-07-12T19:06:18","slug":"ferias-escolares-atividades-pedagogicas-criancas-adultos","status":"publish","type":"post","link":"https:\/\/blog.saocamilo-sp.br\/index.php\/2023\/07\/11\/ferias-escolares-atividades-pedagogicas-criancas-adultos\/","title":{"rendered":"<strong>F\u00e9rias escolares: confira seis atividades pedag\u00f3gicas que encantam crian\u00e7as e adultos<\/strong>\u00a0"},"content":{"rendered":"\n<p>As f\u00e9rias escolares de meio de ano podem ser uma \u00f3tima oportunidade para proporcionar momentos divertidos e enriquecedores para as crian\u00e7as. Nessa \u00e9poca, pais e respons\u00e1veis est\u00e3o em busca de dicas que estimulem a criatividade, o aprendizado e o desenvolvimento dos pequenos, mesmo durante o per\u00edodo de descanso. Contudo, nem sempre isso \u00e9 uma tarefa f\u00e1cil. Pensando nisso, nosso curso de Pedagogia reuniu seis atividades pedag\u00f3gicas para as f\u00e9rias escolares com crian\u00e7as.<\/p>\n\n\n\n<h2 class=\"wp-block-heading\">1. Descobrindo a natureza<\/h2>\n\n\n\n<ul class=\"wp-block-list\">\n<li>Organize passeios a parques, jardins bot\u00e2nicos ou \u00e1reas naturais pr\u00f3ximas;&nbsp;<\/li>\n\n\n\n<li>Incentive as crian\u00e7as a observar a flora e a fauna, anotando suas descobertas em um di\u00e1rio de campo;&nbsp;<\/li>\n\n\n\n<li>Promova atividades de coleta de folhas, flores e pedras para criar um herbarium ou uma cole\u00e7\u00e3o de objetos naturais.&nbsp;<\/li>\n<\/ul>\n\n\n\n<p><\/p>\n\n\n\n<h2 class=\"wp-block-heading\">2.  Atividades art\u00edsticas:&nbsp;<\/h2>\n\n\n\n<ul class=\"wp-block-list\">\n<li>Realize oficinas de pintura, desenho, colagem ou modelagem;<\/li>\n\n\n\n<li>Utilize materiais como tintas, l\u00e1pis de cor, pap\u00e9is coloridos e argila;&nbsp;<\/li>\n\n\n\n<li>Estimule as crian\u00e7as a criarem um mural coletivo ou a produzirem suas pr\u00f3prias obras de arte, explorando diferentes t\u00e9cnicas e estilos.&nbsp;<\/li>\n<\/ul>\n\n\n\n<p><\/p>\n\n\n\n<h2 class=\"wp-block-heading\">3.  Leitura e conta\u00e7\u00e3o de hist\u00f3rias:&nbsp;<\/h2>\n\n\n\n<ul class=\"wp-block-list\">\n<li>Crie um ambiente aconchegante para leitura, com um cantinho de livros, almofadas e cobertores;<\/li>\n\n\n\n<li>Promova sess\u00f5es de conta\u00e7\u00e3o de hist\u00f3rias, convidando, por exemplo, os pais, colegas mais velhos ou at\u00e9 mesmo convidados especiais, como escritores locais;&nbsp;<\/li>\n\n\n\n<li>Sugira listas de leitura com livros adequados para cada faixa et\u00e1ria, incentivando a leitura durante as f\u00e9rias.&nbsp;<\/li>\n<\/ul>\n\n\n\n<h2 class=\"wp-block-heading\">4.  Jogos educativos:&nbsp;<\/h2>\n\n\n\n<ul class=\"wp-block-list\">\n<li>Introduza jogos de tabuleiro que envolvam estrat\u00e9gia, matem\u00e1tica, l\u00f3gica ou conhecimento geral;<\/li>\n\n\n\n<li>Explore jogos digitais educativos, aplicativos ou plataformas on-line que ofere\u00e7am atividades interativas e de aprendizado;<\/li>\n\n\n\n<li>Estimule o aprendizado com jogos educativos, como por exemplo: \u201clendas do folclore\u201d, \u201chora de colorir o alfabeto\u201d e ca\u00e7a-palavras.<\/li>\n<\/ul>\n\n\n\n<h2 class=\"wp-block-heading\">5.  Atividades cient\u00edficas:&nbsp;<\/h2>\n\n\n\n<ul class=\"wp-block-list\">\n<li>Realize experimentos simples em casa, como por exemplo criar uma horta em pequenos vasos, observar o crescimento de uma planta ou fazer experi\u00eancias com \u00e1gua e diferentes materiais;<\/li>\n\n\n\n<li>Fa\u00e7a um microsc\u00f3pio caseiro usando uma lente e um celular;&nbsp;<\/li>\n\n\n\n<li>Incentive a curiosidade cient\u00edfica, encorajando as crian\u00e7as a formularem perguntas e buscarem respostas atrav\u00e9s de pesquisas e explora\u00e7\u00e3o.&nbsp;<\/li>\n<\/ul>\n\n\n\n<h2 class=\"wp-block-heading\">6.  Projeto de escrita:&nbsp;<\/h2>\n\n\n\n<ul class=\"wp-block-list\">\n<li>Estimule as crian\u00e7as a escreverem um di\u00e1rio de f\u00e9rias. Assim elas poder\u00e3o registrar suas experi\u00eancias, pensamentos e emo\u00e7\u00f5es;&nbsp;<\/li>\n\n\n\n<li>Proponha a cria\u00e7\u00e3o de hist\u00f3rias, poesias ou at\u00e9 mesmo um pequeno livro, permitindo que as crian\u00e7as expressem sua criatividade por meio da escrita.&nbsp;&nbsp;<\/li>\n<\/ul>\n\n\n\n<p><\/p>\n\n\n\n<p>Destacamos que \u00e9 importante considerar a faixa et\u00e1ria das crian\u00e7as ao planejar as atividades. Assim como \u00e9 interessante incentivar a participa\u00e7\u00e3o dos pais ou respons\u00e1veis nas atividades propostas.&nbsp;&nbsp;<\/p>\n\n\n\n<p>Esperamos que essas atividades pedag\u00f3gicas para as f\u00e9rias escolares com crian\u00e7as inspirem voc\u00ea a proporcionar momentos inesquec\u00edveis de aprendizado juntos aos pequenos. Afinal, as f\u00e9rias escolares s\u00e3o momentos importantes para o descanso e a divers\u00e3o, mas tamb\u00e9m podem ser oportunidades valiosas para estimular a aprendizagem e a criatividade.&nbsp;Ent\u00e3o, ma\u00f5s \u00e0 obra. <\/p>\n\n\n\n<p>Gostou desse tema? Ent\u00e3o saiba o <a href=\"https:\/\/saocamilo-sp.br\/\" target=\"_blank\" rel=\"noreferrer noopener\">Centro Universit\u00e1rio S\u00e3o Camilo<\/a> oferece um curso de <a href=\"https:\/\/saocamilo-sp.br\/graduacao\/a_distancia\/pedagogia\" target=\"_blank\" rel=\"noreferrer noopener\">Pedagogia<\/a> completo, na modalidade EaD, para voc\u00ea aprofundar seu conhecimento e se tornar um especialista na cria\u00e7\u00e3o e implementa\u00e7\u00e3o de atividades educativas.<\/p>\n\n\n\n<p>Por fim, desejamos a todos umas f\u00e9rias repletas de divers\u00e3o e descobertas enriquecedoras!&nbsp;<\/p>\n\n\n\n<p><strong>Leia tamb\u00e9m:<\/strong> <strong> <a href=\"https:\/\/blog.saocamilo-sp.br\/index.php\/2023\/05\/19\/profissao-de-pedagogo-curiosidades-profissao\/\" target=\"_blank\" rel=\"noreferrer noopener\">Cinco curiosidade sobre a Pedagogia.<\/a><\/strong><\/p>\n\n\n\n<p><\/p>\n\n\n\n<p>Saiba mais sobre nossos cursos:<\/p>\n\n\n\n<iframe loading=\"lazy\" src=\"https:\/\/saocamilo.apprbs.com.br\/tenho-interesse-blog\" height=\"530px\" width=\"100%\" frameborder=\"0\"><\/iframe>\n\n\n\n<p>Compartilhe em:<\/p>\n","protected":false},"excerpt":{"rendered":"<p>Confira algumas dicas incr\u00edveis que nosso curso de Pedagogia separou para tornar as f\u00e9rias escolares com as crian\u00e7as memor\u00e1veis.<\/p>\n","protected":false},"author":13,"featured_media":1397,"comment_status":"open","ping_status":"open","sticky":false,"template":"","format":"standard","meta":{"cybocfi_hide_featured_image":"","footnotes":""},"categories":[1,82],"tags":[],"class_list":["post-1394","post","type-post","status-publish","format-standard","has-post-thumbnail","hentry","category-cursos","category-pedagogia"],"yoast_head":"<!-- This site is optimized with the Yoast SEO plugin v27.5 - https:\/\/yoast.com\/product\/yoast-seo-wordpress\/ -->\n<title>Atividades pedag\u00f3gicas para as f\u00e9rias escolares com crian\u00e7as<\/title>\n<meta name=\"description\" content=\"Nesta \u00e9poca, pais e respons\u00e1veis procuram por orienta\u00e7\u00f5es. Separamos seis atividades pedag\u00f3gicas para as f\u00e9rias escolares com as crian\u00e7as.\" \/>\n<meta name=\"robots\" content=\"index, follow, max-snippet:-1, max-image-preview:large, max-video-preview:-1\" \/>\n<link rel=\"canonical\" href=\"https:\/\/blog.saocamilo-sp.br\/index.php\/2023\/07\/11\/ferias-escolares-atividades-pedagogicas-criancas-adultos\/\" \/>\n<meta property=\"og:locale\" content=\"pt_BR\" \/>\n<meta property=\"og:type\" content=\"article\" \/>\n<meta property=\"og:title\" content=\"F\u00e9rias escolares: confira seis atividades pedag\u00f3gicas que encantam crian\u00e7as e adultos\u00a0\" \/>\n<meta property=\"og:description\" content=\"Estimulem a criatividade, o aprendizado e o desenvolvimento dos pequenos com as dicas de atividades que o curso de Pedagogia da S\u00e3o Camilo separou para este momento de f\u00e9rias escolares.\" \/>\n<meta property=\"og:url\" content=\"https:\/\/blog.saocamilo-sp.br\/index.php\/2023\/07\/11\/ferias-escolares-atividades-pedagogicas-criancas-adultos\/\" \/>\n<meta property=\"og:site_name\" content=\"Blog S\u00e3o Camilo\" \/>\n<meta property=\"article:publisher\" content=\"https:\/\/www.facebook.com\/saocamilosp\" \/>\n<meta property=\"article:published_time\" content=\"2023-07-11T18:48:07+00:00\" \/>\n<meta property=\"article:modified_time\" content=\"2023-07-12T19:06:18+00:00\" \/>\n<meta property=\"og:image\" content=\"https:\/\/blog.saocamilo-sp.br\/wp-content\/uploads\/2023\/07\/MicrosoftTeams-image-59.jpg\" \/>\n\t<meta property=\"og:image:width\" content=\"1000\" \/>\n\t<meta property=\"og:image:height\" content=\"667\" \/>\n\t<meta property=\"og:image:type\" content=\"image\/jpeg\" \/>\n<meta name=\"author\" content=\"Leandro Lafr\u00e1gola\" \/>\n<meta name=\"twitter:card\" content=\"summary_large_image\" \/>\n<meta name=\"twitter:creator\" content=\"@saocamilosp\" \/>\n<meta name=\"twitter:site\" content=\"@saocamilosp\" \/>\n<meta name=\"twitter:label1\" content=\"Escrito por\" \/>\n\t<meta name=\"twitter:data1\" content=\"Leandro Lafr\u00e1gola\" \/>\n\t<meta name=\"twitter:label2\" content=\"Est. tempo de leitura\" \/>\n\t<meta name=\"twitter:data2\" content=\"3 minutos\" \/>\n<script type=\"application\/ld+json\" class=\"yoast-schema-graph\">{\"@context\":\"https:\\\/\\\/schema.org\",\"@graph\":[{\"@type\":\"Article\",\"@id\":\"https:\\\/\\\/blog.saocamilo-sp.br\\\/index.php\\\/2023\\\/07\\\/11\\\/ferias-escolares-atividades-pedagogicas-criancas-adultos\\\/#article\",\"isPartOf\":{\"@id\":\"https:\\\/\\\/blog.saocamilo-sp.br\\\/index.php\\\/2023\\\/07\\\/11\\\/ferias-escolares-atividades-pedagogicas-criancas-adultos\\\/\"},\"author\":{\"name\":\"Leandro Lafr\u00e1gola\",\"@id\":\"https:\\\/\\\/blog.saocamilo-sp.br\\\/#\\\/schema\\\/person\\\/1a99645faaab0bb55105f817e866e19b\"},\"headline\":\"F\u00e9rias escolares: confira seis atividades pedag\u00f3gicas que encantam crian\u00e7as e adultos\u00a0\",\"datePublished\":\"2023-07-11T18:48:07+00:00\",\"dateModified\":\"2023-07-12T19:06:18+00:00\",\"mainEntityOfPage\":{\"@id\":\"https:\\\/\\\/blog.saocamilo-sp.br\\\/index.php\\\/2023\\\/07\\\/11\\\/ferias-escolares-atividades-pedagogicas-criancas-adultos\\\/\"},\"wordCount\":617,\"commentCount\":0,\"publisher\":{\"@id\":\"https:\\\/\\\/blog.saocamilo-sp.br\\\/#organization\"},\"image\":{\"@id\":\"https:\\\/\\\/blog.saocamilo-sp.br\\\/index.php\\\/2023\\\/07\\\/11\\\/ferias-escolares-atividades-pedagogicas-criancas-adultos\\\/#primaryimage\"},\"thumbnailUrl\":\"https:\\\/\\\/blog.saocamilo-sp.br\\\/wp-content\\\/uploads\\\/2023\\\/07\\\/MicrosoftTeams-image-59.jpg\",\"articleSection\":[\"Cursos\",\"Pedagogia\"],\"inLanguage\":\"pt-BR\",\"potentialAction\":[{\"@type\":\"CommentAction\",\"name\":\"Comment\",\"target\":[\"https:\\\/\\\/blog.saocamilo-sp.br\\\/index.php\\\/2023\\\/07\\\/11\\\/ferias-escolares-atividades-pedagogicas-criancas-adultos\\\/#respond\"]}]},{\"@type\":\"WebPage\",\"@id\":\"https:\\\/\\\/blog.saocamilo-sp.br\\\/index.php\\\/2023\\\/07\\\/11\\\/ferias-escolares-atividades-pedagogicas-criancas-adultos\\\/\",\"url\":\"https:\\\/\\\/blog.saocamilo-sp.br\\\/index.php\\\/2023\\\/07\\\/11\\\/ferias-escolares-atividades-pedagogicas-criancas-adultos\\\/\",\"name\":\"Atividades pedag\u00f3gicas para as f\u00e9rias escolares com crian\u00e7as\",\"isPartOf\":{\"@id\":\"https:\\\/\\\/blog.saocamilo-sp.br\\\/#website\"},\"primaryImageOfPage\":{\"@id\":\"https:\\\/\\\/blog.saocamilo-sp.br\\\/index.php\\\/2023\\\/07\\\/11\\\/ferias-escolares-atividades-pedagogicas-criancas-adultos\\\/#primaryimage\"},\"image\":{\"@id\":\"https:\\\/\\\/blog.saocamilo-sp.br\\\/index.php\\\/2023\\\/07\\\/11\\\/ferias-escolares-atividades-pedagogicas-criancas-adultos\\\/#primaryimage\"},\"thumbnailUrl\":\"https:\\\/\\\/blog.saocamilo-sp.br\\\/wp-content\\\/uploads\\\/2023\\\/07\\\/MicrosoftTeams-image-59.jpg\",\"datePublished\":\"2023-07-11T18:48:07+00:00\",\"dateModified\":\"2023-07-12T19:06:18+00:00\",\"description\":\"Nesta \u00e9poca, pais e respons\u00e1veis procuram por orienta\u00e7\u00f5es. Separamos seis atividades pedag\u00f3gicas para as f\u00e9rias escolares com as crian\u00e7as.\",\"breadcrumb\":{\"@id\":\"https:\\\/\\\/blog.saocamilo-sp.br\\\/index.php\\\/2023\\\/07\\\/11\\\/ferias-escolares-atividades-pedagogicas-criancas-adultos\\\/#breadcrumb\"},\"inLanguage\":\"pt-BR\",\"potentialAction\":[{\"@type\":\"ReadAction\",\"target\":[\"https:\\\/\\\/blog.saocamilo-sp.br\\\/index.php\\\/2023\\\/07\\\/11\\\/ferias-escolares-atividades-pedagogicas-criancas-adultos\\\/\"]}]},{\"@type\":\"ImageObject\",\"inLanguage\":\"pt-BR\",\"@id\":\"https:\\\/\\\/blog.saocamilo-sp.br\\\/index.php\\\/2023\\\/07\\\/11\\\/ferias-escolares-atividades-pedagogicas-criancas-adultos\\\/#primaryimage\",\"url\":\"https:\\\/\\\/blog.saocamilo-sp.br\\\/wp-content\\\/uploads\\\/2023\\\/07\\\/MicrosoftTeams-image-59.jpg\",\"contentUrl\":\"https:\\\/\\\/blog.saocamilo-sp.br\\\/wp-content\\\/uploads\\\/2023\\\/07\\\/MicrosoftTeams-image-59.jpg\",\"width\":1000,\"height\":667,\"caption\":\"Crian\u00e7as em f\u00e9rias\"},{\"@type\":\"BreadcrumbList\",\"@id\":\"https:\\\/\\\/blog.saocamilo-sp.br\\\/index.php\\\/2023\\\/07\\\/11\\\/ferias-escolares-atividades-pedagogicas-criancas-adultos\\\/#breadcrumb\",\"itemListElement\":[{\"@type\":\"ListItem\",\"position\":1,\"name\":\"In\u00edcio\",\"item\":\"https:\\\/\\\/blog.saocamilo-sp.br\\\/\"},{\"@type\":\"ListItem\",\"position\":2,\"name\":\"F\u00e9rias escolares: confira seis atividades pedag\u00f3gicas que encantam crian\u00e7as e adultos\u00a0\"}]},{\"@type\":\"WebSite\",\"@id\":\"https:\\\/\\\/blog.saocamilo-sp.br\\\/#website\",\"url\":\"https:\\\/\\\/blog.saocamilo-sp.br\\\/\",\"name\":\"Blog S\u00e3o Camilo\",\"description\":\"Blog do Centro Universit\u00e1rio S\u00e3o Camilo\",\"publisher\":{\"@id\":\"https:\\\/\\\/blog.saocamilo-sp.br\\\/#organization\"},\"potentialAction\":[{\"@type\":\"SearchAction\",\"target\":{\"@type\":\"EntryPoint\",\"urlTemplate\":\"https:\\\/\\\/blog.saocamilo-sp.br\\\/?s={search_term_string}\"},\"query-input\":{\"@type\":\"PropertyValueSpecification\",\"valueRequired\":true,\"valueName\":\"search_term_string\"}}],\"inLanguage\":\"pt-BR\"},{\"@type\":\"Organization\",\"@id\":\"https:\\\/\\\/blog.saocamilo-sp.br\\\/#organization\",\"name\":\"Blog S\u00e3o Camilo\",\"url\":\"https:\\\/\\\/blog.saocamilo-sp.br\\\/\",\"logo\":{\"@type\":\"ImageObject\",\"inLanguage\":\"pt-BR\",\"@id\":\"https:\\\/\\\/blog.saocamilo-sp.br\\\/#\\\/schema\\\/logo\\\/image\\\/\",\"url\":\"https:\\\/\\\/blog.saocamilo-sp.br\\\/wp-content\\\/uploads\\\/2021\\\/12\\\/cropped-vazio-logo-topo.png\",\"contentUrl\":\"https:\\\/\\\/blog.saocamilo-sp.br\\\/wp-content\\\/uploads\\\/2021\\\/12\\\/cropped-vazio-logo-topo.png\",\"width\":320,\"height\":240,\"caption\":\"Blog S\u00e3o Camilo\"},\"image\":{\"@id\":\"https:\\\/\\\/blog.saocamilo-sp.br\\\/#\\\/schema\\\/logo\\\/image\\\/\"},\"sameAs\":[\"https:\\\/\\\/www.facebook.com\\\/saocamilosp\",\"https:\\\/\\\/x.com\\\/saocamilosp\",\"https:\\\/\\\/www.linkedin.com\\\/school\\\/centro-universit-rio-s-o-camilo\\\/\"]},{\"@type\":\"Person\",\"@id\":\"https:\\\/\\\/blog.saocamilo-sp.br\\\/#\\\/schema\\\/person\\\/1a99645faaab0bb55105f817e866e19b\",\"name\":\"Leandro Lafr\u00e1gola\",\"image\":{\"@type\":\"ImageObject\",\"inLanguage\":\"pt-BR\",\"@id\":\"https:\\\/\\\/secure.gravatar.com\\\/avatar\\\/ec4232fb8d50d80f1c672353dc4c2876490e6a0a2a33d6572c0ba1fb78f115cf?s=96&d=mm&r=g\",\"url\":\"https:\\\/\\\/secure.gravatar.com\\\/avatar\\\/ec4232fb8d50d80f1c672353dc4c2876490e6a0a2a33d6572c0ba1fb78f115cf?s=96&d=mm&r=g\",\"contentUrl\":\"https:\\\/\\\/secure.gravatar.com\\\/avatar\\\/ec4232fb8d50d80f1c672353dc4c2876490e6a0a2a33d6572c0ba1fb78f115cf?s=96&d=mm&r=g\",\"caption\":\"Leandro Lafr\u00e1gola\"},\"url\":\"https:\\\/\\\/blog.saocamilo-sp.br\\\/index.php\\\/author\\\/llafragola\\\/\"}]}<\/script>\n<!-- \/ Yoast SEO plugin. -->","yoast_head_json":{"title":"Atividades pedag\u00f3gicas para as f\u00e9rias escolares com crian\u00e7as","description":"Nesta \u00e9poca, pais e respons\u00e1veis procuram por orienta\u00e7\u00f5es. Separamos seis atividades pedag\u00f3gicas para as f\u00e9rias escolares com as crian\u00e7as.","robots":{"index":"index","follow":"follow","max-snippet":"max-snippet:-1","max-image-preview":"max-image-preview:large","max-video-preview":"max-video-preview:-1"},"canonical":"https:\/\/blog.saocamilo-sp.br\/index.php\/2023\/07\/11\/ferias-escolares-atividades-pedagogicas-criancas-adultos\/","og_locale":"pt_BR","og_type":"article","og_title":"F\u00e9rias escolares: confira seis atividades pedag\u00f3gicas que encantam crian\u00e7as e adultos\u00a0","og_description":"Estimulem a criatividade, o aprendizado e o desenvolvimento dos pequenos com as dicas de atividades que o curso de Pedagogia da S\u00e3o Camilo separou para este momento de f\u00e9rias escolares.","og_url":"https:\/\/blog.saocamilo-sp.br\/index.php\/2023\/07\/11\/ferias-escolares-atividades-pedagogicas-criancas-adultos\/","og_site_name":"Blog S\u00e3o Camilo","article_publisher":"https:\/\/www.facebook.com\/saocamilosp","article_published_time":"2023-07-11T18:48:07+00:00","article_modified_time":"2023-07-12T19:06:18+00:00","og_image":[{"width":1000,"height":667,"url":"https:\/\/blog.saocamilo-sp.br\/wp-content\/uploads\/2023\/07\/MicrosoftTeams-image-59.jpg","type":"image\/jpeg"}],"author":"Leandro Lafr\u00e1gola","twitter_card":"summary_large_image","twitter_creator":"@saocamilosp","twitter_site":"@saocamilosp","twitter_misc":{"Escrito por":"Leandro Lafr\u00e1gola","Est. tempo de leitura":"3 minutos"},"schema":{"@context":"https:\/\/schema.org","@graph":[{"@type":"Article","@id":"https:\/\/blog.saocamilo-sp.br\/index.php\/2023\/07\/11\/ferias-escolares-atividades-pedagogicas-criancas-adultos\/#article","isPartOf":{"@id":"https:\/\/blog.saocamilo-sp.br\/index.php\/2023\/07\/11\/ferias-escolares-atividades-pedagogicas-criancas-adultos\/"},"author":{"name":"Leandro Lafr\u00e1gola","@id":"https:\/\/blog.saocamilo-sp.br\/#\/schema\/person\/1a99645faaab0bb55105f817e866e19b"},"headline":"F\u00e9rias escolares: confira seis atividades pedag\u00f3gicas que encantam crian\u00e7as e adultos\u00a0","datePublished":"2023-07-11T18:48:07+00:00","dateModified":"2023-07-12T19:06:18+00:00","mainEntityOfPage":{"@id":"https:\/\/blog.saocamilo-sp.br\/index.php\/2023\/07\/11\/ferias-escolares-atividades-pedagogicas-criancas-adultos\/"},"wordCount":617,"commentCount":0,"publisher":{"@id":"https:\/\/blog.saocamilo-sp.br\/#organization"},"image":{"@id":"https:\/\/blog.saocamilo-sp.br\/index.php\/2023\/07\/11\/ferias-escolares-atividades-pedagogicas-criancas-adultos\/#primaryimage"},"thumbnailUrl":"https:\/\/blog.saocamilo-sp.br\/wp-content\/uploads\/2023\/07\/MicrosoftTeams-image-59.jpg","articleSection":["Cursos","Pedagogia"],"inLanguage":"pt-BR","potentialAction":[{"@type":"CommentAction","name":"Comment","target":["https:\/\/blog.saocamilo-sp.br\/index.php\/2023\/07\/11\/ferias-escolares-atividades-pedagogicas-criancas-adultos\/#respond"]}]},{"@type":"WebPage","@id":"https:\/\/blog.saocamilo-sp.br\/index.php\/2023\/07\/11\/ferias-escolares-atividades-pedagogicas-criancas-adultos\/","url":"https:\/\/blog.saocamilo-sp.br\/index.php\/2023\/07\/11\/ferias-escolares-atividades-pedagogicas-criancas-adultos\/","name":"Atividades pedag\u00f3gicas para as f\u00e9rias escolares com crian\u00e7as","isPartOf":{"@id":"https:\/\/blog.saocamilo-sp.br\/#website"},"primaryImageOfPage":{"@id":"https:\/\/blog.saocamilo-sp.br\/index.php\/2023\/07\/11\/ferias-escolares-atividades-pedagogicas-criancas-adultos\/#primaryimage"},"image":{"@id":"https:\/\/blog.saocamilo-sp.br\/index.php\/2023\/07\/11\/ferias-escolares-atividades-pedagogicas-criancas-adultos\/#primaryimage"},"thumbnailUrl":"https:\/\/blog.saocamilo-sp.br\/wp-content\/uploads\/2023\/07\/MicrosoftTeams-image-59.jpg","datePublished":"2023-07-11T18:48:07+00:00","dateModified":"2023-07-12T19:06:18+00:00","description":"Nesta \u00e9poca, pais e respons\u00e1veis procuram por orienta\u00e7\u00f5es. Separamos seis atividades pedag\u00f3gicas para as f\u00e9rias escolares com as crian\u00e7as.","breadcrumb":{"@id":"https:\/\/blog.saocamilo-sp.br\/index.php\/2023\/07\/11\/ferias-escolares-atividades-pedagogicas-criancas-adultos\/#breadcrumb"},"inLanguage":"pt-BR","potentialAction":[{"@type":"ReadAction","target":["https:\/\/blog.saocamilo-sp.br\/index.php\/2023\/07\/11\/ferias-escolares-atividades-pedagogicas-criancas-adultos\/"]}]},{"@type":"ImageObject","inLanguage":"pt-BR","@id":"https:\/\/blog.saocamilo-sp.br\/index.php\/2023\/07\/11\/ferias-escolares-atividades-pedagogicas-criancas-adultos\/#primaryimage","url":"https:\/\/blog.saocamilo-sp.br\/wp-content\/uploads\/2023\/07\/MicrosoftTeams-image-59.jpg","contentUrl":"https:\/\/blog.saocamilo-sp.br\/wp-content\/uploads\/2023\/07\/MicrosoftTeams-image-59.jpg","width":1000,"height":667,"caption":"Crian\u00e7as em f\u00e9rias"},{"@type":"BreadcrumbList","@id":"https:\/\/blog.saocamilo-sp.br\/index.php\/2023\/07\/11\/ferias-escolares-atividades-pedagogicas-criancas-adultos\/#breadcrumb","itemListElement":[{"@type":"ListItem","position":1,"name":"In\u00edcio","item":"https:\/\/blog.saocamilo-sp.br\/"},{"@type":"ListItem","position":2,"name":"F\u00e9rias escolares: confira seis atividades pedag\u00f3gicas que encantam crian\u00e7as e adultos\u00a0"}]},{"@type":"WebSite","@id":"https:\/\/blog.saocamilo-sp.br\/#website","url":"https:\/\/blog.saocamilo-sp.br\/","name":"Blog S\u00e3o Camilo","description":"Blog do Centro Universit\u00e1rio S\u00e3o Camilo","publisher":{"@id":"https:\/\/blog.saocamilo-sp.br\/#organization"},"potentialAction":[{"@type":"SearchAction","target":{"@type":"EntryPoint","urlTemplate":"https:\/\/blog.saocamilo-sp.br\/?s={search_term_string}"},"query-input":{"@type":"PropertyValueSpecification","valueRequired":true,"valueName":"search_term_string"}}],"inLanguage":"pt-BR"},{"@type":"Organization","@id":"https:\/\/blog.saocamilo-sp.br\/#organization","name":"Blog S\u00e3o Camilo","url":"https:\/\/blog.saocamilo-sp.br\/","logo":{"@type":"ImageObject","inLanguage":"pt-BR","@id":"https:\/\/blog.saocamilo-sp.br\/#\/schema\/logo\/image\/","url":"https:\/\/blog.saocamilo-sp.br\/wp-content\/uploads\/2021\/12\/cropped-vazio-logo-topo.png","contentUrl":"https:\/\/blog.saocamilo-sp.br\/wp-content\/uploads\/2021\/12\/cropped-vazio-logo-topo.png","width":320,"height":240,"caption":"Blog S\u00e3o Camilo"},"image":{"@id":"https:\/\/blog.saocamilo-sp.br\/#\/schema\/logo\/image\/"},"sameAs":["https:\/\/www.facebook.com\/saocamilosp","https:\/\/x.com\/saocamilosp","https:\/\/www.linkedin.com\/school\/centro-universit-rio-s-o-camilo\/"]},{"@type":"Person","@id":"https:\/\/blog.saocamilo-sp.br\/#\/schema\/person\/1a99645faaab0bb55105f817e866e19b","name":"Leandro Lafr\u00e1gola","image":{"@type":"ImageObject","inLanguage":"pt-BR","@id":"https:\/\/secure.gravatar.com\/avatar\/ec4232fb8d50d80f1c672353dc4c2876490e6a0a2a33d6572c0ba1fb78f115cf?s=96&d=mm&r=g","url":"https:\/\/secure.gravatar.com\/avatar\/ec4232fb8d50d80f1c672353dc4c2876490e6a0a2a33d6572c0ba1fb78f115cf?s=96&d=mm&r=g","contentUrl":"https:\/\/secure.gravatar.com\/avatar\/ec4232fb8d50d80f1c672353dc4c2876490e6a0a2a33d6572c0ba1fb78f115cf?s=96&d=mm&r=g","caption":"Leandro Lafr\u00e1gola"},"url":"https:\/\/blog.saocamilo-sp.br\/index.php\/author\/llafragola\/"}]}},"_links":{"self":[{"href":"https:\/\/blog.saocamilo-sp.br\/index.php\/wp-json\/wp\/v2\/posts\/1394","targetHints":{"allow":["GET"]}}],"collection":[{"href":"https:\/\/blog.saocamilo-sp.br\/index.php\/wp-json\/wp\/v2\/posts"}],"about":[{"href":"https:\/\/blog.saocamilo-sp.br\/index.php\/wp-json\/wp\/v2\/types\/post"}],"author":[{"embeddable":true,"href":"https:\/\/blog.saocamilo-sp.br\/index.php\/wp-json\/wp\/v2\/users\/13"}],"replies":[{"embeddable":true,"href":"https:\/\/blog.saocamilo-sp.br\/index.php\/wp-json\/wp\/v2\/comments?post=1394"}],"version-history":[{"count":13,"href":"https:\/\/blog.saocamilo-sp.br\/index.php\/wp-json\/wp\/v2\/posts\/1394\/revisions"}],"predecessor-version":[{"id":1457,"href":"https:\/\/blog.saocamilo-sp.br\/index.php\/wp-json\/wp\/v2\/posts\/1394\/revisions\/1457"}],"wp:featuredmedia":[{"embeddable":true,"href":"https:\/\/blog.saocamilo-sp.br\/index.php\/wp-json\/wp\/v2\/media\/1397"}],"wp:attachment":[{"href":"https:\/\/blog.saocamilo-sp.br\/index.php\/wp-json\/wp\/v2\/media?parent=1394"}],"wp:term":[{"taxonomy":"category","embeddable":true,"href":"https:\/\/blog.saocamilo-sp.br\/index.php\/wp-json\/wp\/v2\/categories?post=1394"},{"taxonomy":"post_tag","embeddable":true,"href":"https:\/\/blog.saocamilo-sp.br\/index.php\/wp-json\/wp\/v2\/tags?post=1394"}],"curies":[{"name":"wp","href":"https:\/\/api.w.org\/{rel}","templated":true}]}}