{"id":1462,"date":"2023-07-18T15:21:20","date_gmt":"2023-07-18T18:21:20","guid":{"rendered":"https:\/\/blog.saocamilo-sp.br\/?p=1462"},"modified":"2023-07-18T15:39:54","modified_gmt":"2023-07-18T18:39:54","slug":"aprenda-preparar-marmitas-saudaveis-rotina-mais-pratica","status":"publish","type":"post","link":"https:\/\/blog.saocamilo-sp.br\/index.php\/2023\/07\/18\/aprenda-preparar-marmitas-saudaveis-rotina-mais-pratica\/","title":{"rendered":"Aprenda a preparar marmitas sa\u00fadaveis e torne sua rotina mais pr\u00e1tica e nutritiva"},"content":{"rendered":"\n<p>Voc\u00ea j\u00e1 se pegou desejando ter refei\u00e7\u00f5es nutritivas, mas n\u00e3o tem tempo ou habilidade para prepar\u00e1-las diariamente? Aprender a preparar marmitas sa\u00fadaveis \u00e9 a solu\u00e7\u00e3o perfeita para melhorar sua rotina com uma alimenta\u00e7\u00e3o equilibrada e pr\u00e1tica, garantindo que voc\u00ea consuma nutrientes essenciais sem abrir m\u00e3o do sabor.<br><br>Neste artigo, vamos explorar o mundo das marmitas saud\u00e1veis e mostrar como elas podem transformar sua rotina alimentar. Al\u00e9m disso, voc\u00ea ter\u00e1 a oportunidade de baixar gratuitamente uma cartilha elaborada pelos nutricionistas da <a href=\"https:\/\/saocamilo-sp.br\/institucional\/servicos_comunidade\/clnica_escola_promove\" target=\"_blank\" rel=\"noreferrer noopener\"><strong>Cl\u00ednica-escola Promove do Centro Universit\u00e1rio S\u00e3o Camilo<\/strong><\/a>, repleta de dicas e receitas deliciosas para come\u00e7ar a preparar suas pr\u00f3prias marmitas saud\u00e1veis. N\u00e3o perca essa chance de cuidar da sua sa\u00fade!<\/p>\n\n\n\n<h2 class=\"wp-block-heading\">Controle total sobre os ingredientes<\/h2>\n\n\n\n<p>Ao preparar suas pr\u00f3prias marmitas, voc\u00ea torna a sua rotina mais pr\u00e1tica e saud\u00e1vel, al\u00e9m disso, tem o poder de escolher ingredientes frescos e de qualidade. Isso significa que voc\u00ea pode evitar conservantes, corantes e excesso de s\u00f3dio, que geralmente est\u00e3o presentes em alimentos processados.<\/p>\n\n\n\n<h2 class=\"wp-block-heading\">Economia de tempo e dinheiro<\/h2>\n\n\n\n<p>Com as marmitas prontas, voc\u00ea n\u00e3o precisa se preocupar em cozinhar todos os dias. Basta planejar suas refei\u00e7\u00f5es, preparar as por\u00e7\u00f5es e guardar na geladeira. Assim, voc\u00ea economiza tempo na cozinha e dinheiro com refei\u00e7\u00f5es fora de casa.<\/p>\n\n\n\n<h2 class=\"wp-block-heading\">Alimenta\u00e7\u00e3o equilibrada<\/h2>\n\n\n\n<p>As marmitas saud\u00e1veis permitem que voc\u00ea tenha controle total sobre a quantidade de macronutrientes (prote\u00ednas, carboidratos e gorduras) em suas refei\u00e7\u00f5es. Dessa forma, voc\u00ea pode adaptar as por\u00e7\u00f5es de acordo com suas necessidades e objetivos individuais.<\/p>\n\n\n\n<h2 class=\"wp-block-heading\">Variedade e sabor<\/h2>\n\n\n\n<p>Muitas pessoas pensam que marmitas saud\u00e1veis s\u00e3o mon\u00f3tonas e sem gra\u00e7a, mas isso n\u00e3o poderia estar mais longe da verdade. Com a cartilha desenvolvida pelos nutricionistas da Cl\u00ednica-Escola do Centro Universit\u00e1rio S\u00e3o Camilo, voc\u00ea ter\u00e1 acesso a uma infinidade de receitas criativas e saborosas.<\/p>\n\n\n\n<p><\/p>\n\n\n\n<h2 class=\"wp-block-heading\">Baixe agora nossa cartilha de mamitas saud\u00e1veis<\/h2>\n\n\n\n<p>Quer descobrir como come\u00e7ar a preparar suas pr\u00f3prias marmitas saud\u00e1veis? N\u00e3o perca a oportunidade de baixar gratuitamente a cartilha elaborada pelos nutricionistas da Cl\u00ednica-Escola Promove do Centro Universit\u00e1rio S\u00e3o Camilo. Nela, voc\u00ea encontrar\u00e1 dicas valiosas, orienta\u00e7\u00f5es nutricionais e receitas exclusivas para deixar suas refei\u00e7\u00f5es ainda mais deliciosas e nutritivas. confira os t\u00f3picos:<\/p>\n\n\n\n<p>1- Boas pr\u00e1ticas de higiene<br>2- Quais os melhores utens\u00edlios?<br>3- Qual o melhor pote para guardar a marmita?<br>4- Como organizar a geladeira?<br>5- Como congelar a marmita?<br>6- Descongelamento<br>7- O que levar na marmita?<br>8- Receitas saborosas<\/p>\n\n\n\n<p> <a href=\"https:\/\/saocamilo-sp.br\/assets\/uploads\/marmitas-saudaveis-promove-sao-camilo.pdf\" target=\"_blank\" rel=\"noreferrer noopener\"><strong>Clique aqui<\/strong><\/a> para fazer o download da cartilha agora mesmo!<\/p>\n\n\n\n<p>Veja tamb\u00e9m: <a href=\"https:\/\/blog.saocamilo-sp.br\/index.php\/2021\/11\/09\/vida-de-estagiario-sao-camilo-nutricao\/\"><strong>V\u00eddeo \u2013 Vida de Estagi\u00e1rio S\u00e3o Camilo \u2022 Nutri\u00e7\u00e3o<\/strong><\/a><\/p>\n\n\n\n<p>Saiba mais sobre nossos cursos:<\/p>\n\n\n\n<iframe loading=\"lazy\" src=\"https:\/\/saocamilo.apprbs.com.br\/tenho-interesse-blog\" height=\"530px\" width=\"100%\" frameborder=\"0\"><\/iframe>\n\n\n\n<p>Compartilhe em:<\/p>\n\n\n\n<p><\/p>\n\n\n\n<p><\/p>\n","protected":false},"excerpt":{"rendered":"<p>Voc\u00ea j\u00e1 se pegou desejando ter refei\u00e7\u00f5es nutritivas, mas n\u00e3o tem tempo ou habilidade para prepar\u00e1-las diariamente? Aprenda a preparar marmitas sa\u00fadaveis.<\/p>\n","protected":false},"author":13,"featured_media":1463,"comment_status":"open","ping_status":"open","sticky":false,"template":"","format":"standard","meta":{"cybocfi_hide_featured_image":"","footnotes":""},"categories":[24],"tags":[93,7],"class_list":["post-1462","post","type-post","status-publish","format-standard","has-post-thumbnail","hentry","category-nutricao","tag-clinica-escola","tag-nutricao"],"yoast_head":"<!-- This site is optimized with the Yoast SEO plugin v27.5 - https:\/\/yoast.com\/product\/yoast-seo-wordpress\/ -->\n<title>Aprenda a preparar marmitas sa\u00fadaveis e melhore sua rotina<\/title>\n<meta name=\"description\" content=\"Voc\u00ea j\u00e1 se pegou desejando ter refei\u00e7\u00f5es saud\u00e1veis, mas n\u00e3o tem tempo ou habilidade para prepar\u00e1-las diariamente?\" \/>\n<meta name=\"robots\" content=\"index, follow, max-snippet:-1, max-image-preview:large, max-video-preview:-1\" \/>\n<link rel=\"canonical\" href=\"https:\/\/blog.saocamilo-sp.br\/index.php\/2023\/07\/18\/aprenda-preparar-marmitas-saudaveis-rotina-mais-pratica\/\" \/>\n<meta property=\"og:locale\" content=\"pt_BR\" \/>\n<meta property=\"og:type\" content=\"article\" \/>\n<meta property=\"og:title\" content=\"Aprenda a preparar marmitas sa\u00fadaveis e melhore sua rotina\" \/>\n<meta property=\"og:description\" content=\"Voc\u00ea j\u00e1 se pegou desejando ter refei\u00e7\u00f5es saud\u00e1veis, mas n\u00e3o tem tempo ou habilidade para prepar\u00e1-las diariamente?\" \/>\n<meta property=\"og:url\" content=\"https:\/\/blog.saocamilo-sp.br\/index.php\/2023\/07\/18\/aprenda-preparar-marmitas-saudaveis-rotina-mais-pratica\/\" \/>\n<meta property=\"og:site_name\" content=\"Blog S\u00e3o Camilo\" \/>\n<meta property=\"article:publisher\" content=\"https:\/\/www.facebook.com\/saocamilosp\" \/>\n<meta property=\"article:published_time\" content=\"2023-07-18T18:21:20+00:00\" \/>\n<meta property=\"article:modified_time\" content=\"2023-07-18T18:39:54+00:00\" \/>\n<meta property=\"og:image\" content=\"https:\/\/blog.saocamilo-sp.br\/wp-content\/uploads\/2023\/07\/Marmitas_saudaveis.png\" \/>\n\t<meta property=\"og:image:width\" content=\"768\" \/>\n\t<meta property=\"og:image:height\" content=\"512\" \/>\n\t<meta property=\"og:image:type\" content=\"image\/png\" \/>\n<meta name=\"author\" content=\"Leandro Lafr\u00e1gola\" \/>\n<meta name=\"twitter:card\" content=\"summary_large_image\" \/>\n<meta name=\"twitter:creator\" content=\"@saocamilosp\" \/>\n<meta name=\"twitter:site\" content=\"@saocamilosp\" \/>\n<meta name=\"twitter:label1\" content=\"Escrito por\" \/>\n\t<meta name=\"twitter:data1\" content=\"Leandro Lafr\u00e1gola\" \/>\n\t<meta name=\"twitter:label2\" content=\"Est. tempo de leitura\" \/>\n\t<meta name=\"twitter:data2\" content=\"3 minutos\" \/>\n<script type=\"application\/ld+json\" class=\"yoast-schema-graph\">{\"@context\":\"https:\\\/\\\/schema.org\",\"@graph\":[{\"@type\":\"Article\",\"@id\":\"https:\\\/\\\/blog.saocamilo-sp.br\\\/index.php\\\/2023\\\/07\\\/18\\\/aprenda-preparar-marmitas-saudaveis-rotina-mais-pratica\\\/#article\",\"isPartOf\":{\"@id\":\"https:\\\/\\\/blog.saocamilo-sp.br\\\/index.php\\\/2023\\\/07\\\/18\\\/aprenda-preparar-marmitas-saudaveis-rotina-mais-pratica\\\/\"},\"author\":{\"name\":\"Leandro Lafr\u00e1gola\",\"@id\":\"https:\\\/\\\/blog.saocamilo-sp.br\\\/#\\\/schema\\\/person\\\/1a99645faaab0bb55105f817e866e19b\"},\"headline\":\"Aprenda a preparar marmitas sa\u00fadaveis e torne sua rotina mais pr\u00e1tica e nutritiva\",\"datePublished\":\"2023-07-18T18:21:20+00:00\",\"dateModified\":\"2023-07-18T18:39:54+00:00\",\"mainEntityOfPage\":{\"@id\":\"https:\\\/\\\/blog.saocamilo-sp.br\\\/index.php\\\/2023\\\/07\\\/18\\\/aprenda-preparar-marmitas-saudaveis-rotina-mais-pratica\\\/\"},\"wordCount\":486,\"commentCount\":0,\"publisher\":{\"@id\":\"https:\\\/\\\/blog.saocamilo-sp.br\\\/#organization\"},\"image\":{\"@id\":\"https:\\\/\\\/blog.saocamilo-sp.br\\\/index.php\\\/2023\\\/07\\\/18\\\/aprenda-preparar-marmitas-saudaveis-rotina-mais-pratica\\\/#primaryimage\"},\"thumbnailUrl\":\"https:\\\/\\\/blog.saocamilo-sp.br\\\/wp-content\\\/uploads\\\/2023\\\/07\\\/Marmitas_saudaveis.png\",\"keywords\":[\"cl\u00ednica-escola\",\"Nutri\u00e7\u00e3o\"],\"articleSection\":[\"Nutri\u00e7\u00e3o\"],\"inLanguage\":\"pt-BR\",\"potentialAction\":[{\"@type\":\"CommentAction\",\"name\":\"Comment\",\"target\":[\"https:\\\/\\\/blog.saocamilo-sp.br\\\/index.php\\\/2023\\\/07\\\/18\\\/aprenda-preparar-marmitas-saudaveis-rotina-mais-pratica\\\/#respond\"]}]},{\"@type\":\"WebPage\",\"@id\":\"https:\\\/\\\/blog.saocamilo-sp.br\\\/index.php\\\/2023\\\/07\\\/18\\\/aprenda-preparar-marmitas-saudaveis-rotina-mais-pratica\\\/\",\"url\":\"https:\\\/\\\/blog.saocamilo-sp.br\\\/index.php\\\/2023\\\/07\\\/18\\\/aprenda-preparar-marmitas-saudaveis-rotina-mais-pratica\\\/\",\"name\":\"Aprenda a preparar marmitas sa\u00fadaveis e melhore sua rotina\",\"isPartOf\":{\"@id\":\"https:\\\/\\\/blog.saocamilo-sp.br\\\/#website\"},\"primaryImageOfPage\":{\"@id\":\"https:\\\/\\\/blog.saocamilo-sp.br\\\/index.php\\\/2023\\\/07\\\/18\\\/aprenda-preparar-marmitas-saudaveis-rotina-mais-pratica\\\/#primaryimage\"},\"image\":{\"@id\":\"https:\\\/\\\/blog.saocamilo-sp.br\\\/index.php\\\/2023\\\/07\\\/18\\\/aprenda-preparar-marmitas-saudaveis-rotina-mais-pratica\\\/#primaryimage\"},\"thumbnailUrl\":\"https:\\\/\\\/blog.saocamilo-sp.br\\\/wp-content\\\/uploads\\\/2023\\\/07\\\/Marmitas_saudaveis.png\",\"datePublished\":\"2023-07-18T18:21:20+00:00\",\"dateModified\":\"2023-07-18T18:39:54+00:00\",\"description\":\"Voc\u00ea j\u00e1 se pegou desejando ter refei\u00e7\u00f5es saud\u00e1veis, mas n\u00e3o tem tempo ou habilidade para prepar\u00e1-las diariamente?\",\"breadcrumb\":{\"@id\":\"https:\\\/\\\/blog.saocamilo-sp.br\\\/index.php\\\/2023\\\/07\\\/18\\\/aprenda-preparar-marmitas-saudaveis-rotina-mais-pratica\\\/#breadcrumb\"},\"inLanguage\":\"pt-BR\",\"potentialAction\":[{\"@type\":\"ReadAction\",\"target\":[\"https:\\\/\\\/blog.saocamilo-sp.br\\\/index.php\\\/2023\\\/07\\\/18\\\/aprenda-preparar-marmitas-saudaveis-rotina-mais-pratica\\\/\"]}]},{\"@type\":\"ImageObject\",\"inLanguage\":\"pt-BR\",\"@id\":\"https:\\\/\\\/blog.saocamilo-sp.br\\\/index.php\\\/2023\\\/07\\\/18\\\/aprenda-preparar-marmitas-saudaveis-rotina-mais-pratica\\\/#primaryimage\",\"url\":\"https:\\\/\\\/blog.saocamilo-sp.br\\\/wp-content\\\/uploads\\\/2023\\\/07\\\/Marmitas_saudaveis.png\",\"contentUrl\":\"https:\\\/\\\/blog.saocamilo-sp.br\\\/wp-content\\\/uploads\\\/2023\\\/07\\\/Marmitas_saudaveis.png\",\"width\":768,\"height\":512,\"caption\":\"Preparo d emarmita saud\u00e1vel\"},{\"@type\":\"BreadcrumbList\",\"@id\":\"https:\\\/\\\/blog.saocamilo-sp.br\\\/index.php\\\/2023\\\/07\\\/18\\\/aprenda-preparar-marmitas-saudaveis-rotina-mais-pratica\\\/#breadcrumb\",\"itemListElement\":[{\"@type\":\"ListItem\",\"position\":1,\"name\":\"In\u00edcio\",\"item\":\"https:\\\/\\\/blog.saocamilo-sp.br\\\/\"},{\"@type\":\"ListItem\",\"position\":2,\"name\":\"Aprenda a preparar marmitas sa\u00fadaveis e torne sua rotina mais pr\u00e1tica e nutritiva\"}]},{\"@type\":\"WebSite\",\"@id\":\"https:\\\/\\\/blog.saocamilo-sp.br\\\/#website\",\"url\":\"https:\\\/\\\/blog.saocamilo-sp.br\\\/\",\"name\":\"Blog S\u00e3o Camilo\",\"description\":\"Blog do Centro Universit\u00e1rio S\u00e3o Camilo\",\"publisher\":{\"@id\":\"https:\\\/\\\/blog.saocamilo-sp.br\\\/#organization\"},\"potentialAction\":[{\"@type\":\"SearchAction\",\"target\":{\"@type\":\"EntryPoint\",\"urlTemplate\":\"https:\\\/\\\/blog.saocamilo-sp.br\\\/?s={search_term_string}\"},\"query-input\":{\"@type\":\"PropertyValueSpecification\",\"valueRequired\":true,\"valueName\":\"search_term_string\"}}],\"inLanguage\":\"pt-BR\"},{\"@type\":\"Organization\",\"@id\":\"https:\\\/\\\/blog.saocamilo-sp.br\\\/#organization\",\"name\":\"Blog S\u00e3o Camilo\",\"url\":\"https:\\\/\\\/blog.saocamilo-sp.br\\\/\",\"logo\":{\"@type\":\"ImageObject\",\"inLanguage\":\"pt-BR\",\"@id\":\"https:\\\/\\\/blog.saocamilo-sp.br\\\/#\\\/schema\\\/logo\\\/image\\\/\",\"url\":\"https:\\\/\\\/blog.saocamilo-sp.br\\\/wp-content\\\/uploads\\\/2021\\\/12\\\/cropped-vazio-logo-topo.png\",\"contentUrl\":\"https:\\\/\\\/blog.saocamilo-sp.br\\\/wp-content\\\/uploads\\\/2021\\\/12\\\/cropped-vazio-logo-topo.png\",\"width\":320,\"height\":240,\"caption\":\"Blog S\u00e3o Camilo\"},\"image\":{\"@id\":\"https:\\\/\\\/blog.saocamilo-sp.br\\\/#\\\/schema\\\/logo\\\/image\\\/\"},\"sameAs\":[\"https:\\\/\\\/www.facebook.com\\\/saocamilosp\",\"https:\\\/\\\/x.com\\\/saocamilosp\",\"https:\\\/\\\/www.linkedin.com\\\/school\\\/centro-universit-rio-s-o-camilo\\\/\"]},{\"@type\":\"Person\",\"@id\":\"https:\\\/\\\/blog.saocamilo-sp.br\\\/#\\\/schema\\\/person\\\/1a99645faaab0bb55105f817e866e19b\",\"name\":\"Leandro Lafr\u00e1gola\",\"image\":{\"@type\":\"ImageObject\",\"inLanguage\":\"pt-BR\",\"@id\":\"https:\\\/\\\/secure.gravatar.com\\\/avatar\\\/ec4232fb8d50d80f1c672353dc4c2876490e6a0a2a33d6572c0ba1fb78f115cf?s=96&d=mm&r=g\",\"url\":\"https:\\\/\\\/secure.gravatar.com\\\/avatar\\\/ec4232fb8d50d80f1c672353dc4c2876490e6a0a2a33d6572c0ba1fb78f115cf?s=96&d=mm&r=g\",\"contentUrl\":\"https:\\\/\\\/secure.gravatar.com\\\/avatar\\\/ec4232fb8d50d80f1c672353dc4c2876490e6a0a2a33d6572c0ba1fb78f115cf?s=96&d=mm&r=g\",\"caption\":\"Leandro Lafr\u00e1gola\"},\"url\":\"https:\\\/\\\/blog.saocamilo-sp.br\\\/index.php\\\/author\\\/llafragola\\\/\"}]}<\/script>\n<!-- \/ Yoast SEO plugin. -->","yoast_head_json":{"title":"Aprenda a preparar marmitas sa\u00fadaveis e melhore sua rotina","description":"Voc\u00ea j\u00e1 se pegou desejando ter refei\u00e7\u00f5es saud\u00e1veis, mas n\u00e3o tem tempo ou habilidade para prepar\u00e1-las diariamente?","robots":{"index":"index","follow":"follow","max-snippet":"max-snippet:-1","max-image-preview":"max-image-preview:large","max-video-preview":"max-video-preview:-1"},"canonical":"https:\/\/blog.saocamilo-sp.br\/index.php\/2023\/07\/18\/aprenda-preparar-marmitas-saudaveis-rotina-mais-pratica\/","og_locale":"pt_BR","og_type":"article","og_title":"Aprenda a preparar marmitas sa\u00fadaveis e melhore sua rotina","og_description":"Voc\u00ea j\u00e1 se pegou desejando ter refei\u00e7\u00f5es saud\u00e1veis, mas n\u00e3o tem tempo ou habilidade para prepar\u00e1-las diariamente?","og_url":"https:\/\/blog.saocamilo-sp.br\/index.php\/2023\/07\/18\/aprenda-preparar-marmitas-saudaveis-rotina-mais-pratica\/","og_site_name":"Blog S\u00e3o Camilo","article_publisher":"https:\/\/www.facebook.com\/saocamilosp","article_published_time":"2023-07-18T18:21:20+00:00","article_modified_time":"2023-07-18T18:39:54+00:00","og_image":[{"width":768,"height":512,"url":"https:\/\/blog.saocamilo-sp.br\/wp-content\/uploads\/2023\/07\/Marmitas_saudaveis.png","type":"image\/png"}],"author":"Leandro Lafr\u00e1gola","twitter_card":"summary_large_image","twitter_creator":"@saocamilosp","twitter_site":"@saocamilosp","twitter_misc":{"Escrito por":"Leandro Lafr\u00e1gola","Est. tempo de leitura":"3 minutos"},"schema":{"@context":"https:\/\/schema.org","@graph":[{"@type":"Article","@id":"https:\/\/blog.saocamilo-sp.br\/index.php\/2023\/07\/18\/aprenda-preparar-marmitas-saudaveis-rotina-mais-pratica\/#article","isPartOf":{"@id":"https:\/\/blog.saocamilo-sp.br\/index.php\/2023\/07\/18\/aprenda-preparar-marmitas-saudaveis-rotina-mais-pratica\/"},"author":{"name":"Leandro Lafr\u00e1gola","@id":"https:\/\/blog.saocamilo-sp.br\/#\/schema\/person\/1a99645faaab0bb55105f817e866e19b"},"headline":"Aprenda a preparar marmitas sa\u00fadaveis e torne sua rotina mais pr\u00e1tica e nutritiva","datePublished":"2023-07-18T18:21:20+00:00","dateModified":"2023-07-18T18:39:54+00:00","mainEntityOfPage":{"@id":"https:\/\/blog.saocamilo-sp.br\/index.php\/2023\/07\/18\/aprenda-preparar-marmitas-saudaveis-rotina-mais-pratica\/"},"wordCount":486,"commentCount":0,"publisher":{"@id":"https:\/\/blog.saocamilo-sp.br\/#organization"},"image":{"@id":"https:\/\/blog.saocamilo-sp.br\/index.php\/2023\/07\/18\/aprenda-preparar-marmitas-saudaveis-rotina-mais-pratica\/#primaryimage"},"thumbnailUrl":"https:\/\/blog.saocamilo-sp.br\/wp-content\/uploads\/2023\/07\/Marmitas_saudaveis.png","keywords":["cl\u00ednica-escola","Nutri\u00e7\u00e3o"],"articleSection":["Nutri\u00e7\u00e3o"],"inLanguage":"pt-BR","potentialAction":[{"@type":"CommentAction","name":"Comment","target":["https:\/\/blog.saocamilo-sp.br\/index.php\/2023\/07\/18\/aprenda-preparar-marmitas-saudaveis-rotina-mais-pratica\/#respond"]}]},{"@type":"WebPage","@id":"https:\/\/blog.saocamilo-sp.br\/index.php\/2023\/07\/18\/aprenda-preparar-marmitas-saudaveis-rotina-mais-pratica\/","url":"https:\/\/blog.saocamilo-sp.br\/index.php\/2023\/07\/18\/aprenda-preparar-marmitas-saudaveis-rotina-mais-pratica\/","name":"Aprenda a preparar marmitas sa\u00fadaveis e melhore sua rotina","isPartOf":{"@id":"https:\/\/blog.saocamilo-sp.br\/#website"},"primaryImageOfPage":{"@id":"https:\/\/blog.saocamilo-sp.br\/index.php\/2023\/07\/18\/aprenda-preparar-marmitas-saudaveis-rotina-mais-pratica\/#primaryimage"},"image":{"@id":"https:\/\/blog.saocamilo-sp.br\/index.php\/2023\/07\/18\/aprenda-preparar-marmitas-saudaveis-rotina-mais-pratica\/#primaryimage"},"thumbnailUrl":"https:\/\/blog.saocamilo-sp.br\/wp-content\/uploads\/2023\/07\/Marmitas_saudaveis.png","datePublished":"2023-07-18T18:21:20+00:00","dateModified":"2023-07-18T18:39:54+00:00","description":"Voc\u00ea j\u00e1 se pegou desejando ter refei\u00e7\u00f5es saud\u00e1veis, mas n\u00e3o tem tempo ou habilidade para prepar\u00e1-las diariamente?","breadcrumb":{"@id":"https:\/\/blog.saocamilo-sp.br\/index.php\/2023\/07\/18\/aprenda-preparar-marmitas-saudaveis-rotina-mais-pratica\/#breadcrumb"},"inLanguage":"pt-BR","potentialAction":[{"@type":"ReadAction","target":["https:\/\/blog.saocamilo-sp.br\/index.php\/2023\/07\/18\/aprenda-preparar-marmitas-saudaveis-rotina-mais-pratica\/"]}]},{"@type":"ImageObject","inLanguage":"pt-BR","@id":"https:\/\/blog.saocamilo-sp.br\/index.php\/2023\/07\/18\/aprenda-preparar-marmitas-saudaveis-rotina-mais-pratica\/#primaryimage","url":"https:\/\/blog.saocamilo-sp.br\/wp-content\/uploads\/2023\/07\/Marmitas_saudaveis.png","contentUrl":"https:\/\/blog.saocamilo-sp.br\/wp-content\/uploads\/2023\/07\/Marmitas_saudaveis.png","width":768,"height":512,"caption":"Preparo d emarmita saud\u00e1vel"},{"@type":"BreadcrumbList","@id":"https:\/\/blog.saocamilo-sp.br\/index.php\/2023\/07\/18\/aprenda-preparar-marmitas-saudaveis-rotina-mais-pratica\/#breadcrumb","itemListElement":[{"@type":"ListItem","position":1,"name":"In\u00edcio","item":"https:\/\/blog.saocamilo-sp.br\/"},{"@type":"ListItem","position":2,"name":"Aprenda a preparar marmitas sa\u00fadaveis e torne sua rotina mais pr\u00e1tica e nutritiva"}]},{"@type":"WebSite","@id":"https:\/\/blog.saocamilo-sp.br\/#website","url":"https:\/\/blog.saocamilo-sp.br\/","name":"Blog S\u00e3o Camilo","description":"Blog do Centro Universit\u00e1rio S\u00e3o Camilo","publisher":{"@id":"https:\/\/blog.saocamilo-sp.br\/#organization"},"potentialAction":[{"@type":"SearchAction","target":{"@type":"EntryPoint","urlTemplate":"https:\/\/blog.saocamilo-sp.br\/?s={search_term_string}"},"query-input":{"@type":"PropertyValueSpecification","valueRequired":true,"valueName":"search_term_string"}}],"inLanguage":"pt-BR"},{"@type":"Organization","@id":"https:\/\/blog.saocamilo-sp.br\/#organization","name":"Blog S\u00e3o Camilo","url":"https:\/\/blog.saocamilo-sp.br\/","logo":{"@type":"ImageObject","inLanguage":"pt-BR","@id":"https:\/\/blog.saocamilo-sp.br\/#\/schema\/logo\/image\/","url":"https:\/\/blog.saocamilo-sp.br\/wp-content\/uploads\/2021\/12\/cropped-vazio-logo-topo.png","contentUrl":"https:\/\/blog.saocamilo-sp.br\/wp-content\/uploads\/2021\/12\/cropped-vazio-logo-topo.png","width":320,"height":240,"caption":"Blog S\u00e3o Camilo"},"image":{"@id":"https:\/\/blog.saocamilo-sp.br\/#\/schema\/logo\/image\/"},"sameAs":["https:\/\/www.facebook.com\/saocamilosp","https:\/\/x.com\/saocamilosp","https:\/\/www.linkedin.com\/school\/centro-universit-rio-s-o-camilo\/"]},{"@type":"Person","@id":"https:\/\/blog.saocamilo-sp.br\/#\/schema\/person\/1a99645faaab0bb55105f817e866e19b","name":"Leandro Lafr\u00e1gola","image":{"@type":"ImageObject","inLanguage":"pt-BR","@id":"https:\/\/secure.gravatar.com\/avatar\/ec4232fb8d50d80f1c672353dc4c2876490e6a0a2a33d6572c0ba1fb78f115cf?s=96&d=mm&r=g","url":"https:\/\/secure.gravatar.com\/avatar\/ec4232fb8d50d80f1c672353dc4c2876490e6a0a2a33d6572c0ba1fb78f115cf?s=96&d=mm&r=g","contentUrl":"https:\/\/secure.gravatar.com\/avatar\/ec4232fb8d50d80f1c672353dc4c2876490e6a0a2a33d6572c0ba1fb78f115cf?s=96&d=mm&r=g","caption":"Leandro Lafr\u00e1gola"},"url":"https:\/\/blog.saocamilo-sp.br\/index.php\/author\/llafragola\/"}]}},"_links":{"self":[{"href":"https:\/\/blog.saocamilo-sp.br\/index.php\/wp-json\/wp\/v2\/posts\/1462","targetHints":{"allow":["GET"]}}],"collection":[{"href":"https:\/\/blog.saocamilo-sp.br\/index.php\/wp-json\/wp\/v2\/posts"}],"about":[{"href":"https:\/\/blog.saocamilo-sp.br\/index.php\/wp-json\/wp\/v2\/types\/post"}],"author":[{"embeddable":true,"href":"https:\/\/blog.saocamilo-sp.br\/index.php\/wp-json\/wp\/v2\/users\/13"}],"replies":[{"embeddable":true,"href":"https:\/\/blog.saocamilo-sp.br\/index.php\/wp-json\/wp\/v2\/comments?post=1462"}],"version-history":[{"count":7,"href":"https:\/\/blog.saocamilo-sp.br\/index.php\/wp-json\/wp\/v2\/posts\/1462\/revisions"}],"predecessor-version":[{"id":1471,"href":"https:\/\/blog.saocamilo-sp.br\/index.php\/wp-json\/wp\/v2\/posts\/1462\/revisions\/1471"}],"wp:featuredmedia":[{"embeddable":true,"href":"https:\/\/blog.saocamilo-sp.br\/index.php\/wp-json\/wp\/v2\/media\/1463"}],"wp:attachment":[{"href":"https:\/\/blog.saocamilo-sp.br\/index.php\/wp-json\/wp\/v2\/media?parent=1462"}],"wp:term":[{"taxonomy":"category","embeddable":true,"href":"https:\/\/blog.saocamilo-sp.br\/index.php\/wp-json\/wp\/v2\/categories?post=1462"},{"taxonomy":"post_tag","embeddable":true,"href":"https:\/\/blog.saocamilo-sp.br\/index.php\/wp-json\/wp\/v2\/tags?post=1462"}],"curies":[{"name":"wp","href":"https:\/\/api.w.org\/{rel}","templated":true}]}}