{"id":1503,"date":"2023-08-16T15:35:06","date_gmt":"2023-08-16T18:35:06","guid":{"rendered":"https:\/\/blog.saocamilo-sp.br\/?p=1503"},"modified":"2023-08-16T18:37:09","modified_gmt":"2023-08-16T21:37:09","slug":"programa-santander-top-espana","status":"publish","type":"post","link":"https:\/\/blog.saocamilo-sp.br\/index.php\/2023\/08\/16\/programa-santander-top-espana\/","title":{"rendered":"Estudante e docente camilianas no Programa Santander Top Espan\u00e3"},"content":{"rendered":"\n<p>O programa <a href=\"https:\/\/app.becas-santander.com\/pt-BR\/program\/bolsas-santander-idiomas-top-espana-online\" target=\"_blank\" rel=\"noreferrer noopener\">Santander Top Espa\u00f1a<\/a> promove a internacionaliza\u00e7\u00e3o do ensino superior.  Ele possibilita que estudantes selecionados de diversas institui\u00e7\u00f5es de ensino vivenciem uma experi\u00eancia \u00fanica na Espanha. Custeado pelo Banco Santander, o curso tem dura\u00e7\u00e3o de 20 dias. O programa oferece aos estudantes selecionados a possibilidade de estudar o idioma e a cultura espanhola na Universidad de Salamanca.<\/p>\n\n\n\n<p><\/p>\n\n\n\n<h2 class=\"wp-block-heading\">Camilianas selecionadas para o Programa Santander Top Espa\u00f1a<\/h2>\n\n\n\n<p>Nesta edi\u00e7\u00e3o de 2023, duas de nossas talentosas camilianas foram selecioandas.  A <strong>Profa. Dra. Ana Yara Serrano Gomes<\/strong>, docente do curso de Medicina e Biomedicina, e <strong>Larissa Suave Freitas<\/strong>, estudante do curso de Engenharia Civil, do Centro Universit\u00e1rio S\u00e3o Camilo &#8211; ES, tiveram uma experi\u00eancia inesquec\u00edvel!<\/p>\n\n\n\n<p><\/p>\n\n\n\n<h2 class=\"wp-block-heading\">A viv\u00eancia no Programa Top Espa\u00f1a<\/h2>\n\n\n\n<p>A import\u00e2ncia desse programa vai al\u00e9m das fronteiras acad\u00eamicas, j\u00e1 que a&nbsp;viagem foi marcada por encontros significativos com l\u00edderes not\u00e1veis. Como por exemplo com o Prefeito de Salamanca, Carlos Manuel Garcia Carbayo, junto com Jos\u00e9 Miguel S\u00e1nchez Llorente, respons\u00e1vel pelos cursos internacionais da Universidad de Salamanca al\u00e9m do o Reitor, Dr. Ricardo Rivero. Eles demonstraram o valor que d\u00e3o \u00e0 colabora\u00e7\u00e3o educacional e internacionaliza\u00e7\u00e3o. Al\u00e9m disso, a presen\u00e7a de Carol Estevam, L\u00edder dos Programas de Empreendedorismo do Santander, destaca como o Top Espanha est\u00e1 alinhado com iniciativas de inova\u00e7\u00e3o e empreendedorismo.<\/p>\n\n\n\n<p><\/p>\n\n\n\n<figure class=\"wp-block-gallery has-nested-images columns-default is-cropped wp-block-gallery-1 is-layout-flex wp-block-gallery-is-layout-flex\">\n<figure class=\"wp-block-image size-large\"><img loading=\"lazy\" decoding=\"async\" width=\"1024\" height=\"1024\" data-id=\"1505\" src=\"https:\/\/blog.saocamilo-sp.br\/wp-content\/uploads\/2023\/08\/B1.jpg\" alt=\"\" class=\"wp-image-1505\" srcset=\"https:\/\/blog.saocamilo-sp.br\/wp-content\/uploads\/2023\/08\/B1.jpg 1024w, https:\/\/blog.saocamilo-sp.br\/wp-content\/uploads\/2023\/08\/B1-300x300.jpg 300w, https:\/\/blog.saocamilo-sp.br\/wp-content\/uploads\/2023\/08\/B1-150x150.jpg 150w, https:\/\/blog.saocamilo-sp.br\/wp-content\/uploads\/2023\/08\/B1-768x768.jpg 768w, https:\/\/blog.saocamilo-sp.br\/wp-content\/uploads\/2023\/08\/B1-600x600.jpg 600w, https:\/\/blog.saocamilo-sp.br\/wp-content\/uploads\/2023\/08\/B1-945x945.jpg 945w\" sizes=\"auto, (max-width: 1024px) 100vw, 1024px\" \/><\/figure>\n\n\n\n<figure class=\"wp-block-image size-large\"><img loading=\"lazy\" decoding=\"async\" width=\"640\" height=\"640\" data-id=\"1508\" src=\"https:\/\/blog.saocamilo-sp.br\/wp-content\/uploads\/2023\/08\/B2.jpg\" alt=\"\" class=\"wp-image-1508\" srcset=\"https:\/\/blog.saocamilo-sp.br\/wp-content\/uploads\/2023\/08\/B2.jpg 640w, https:\/\/blog.saocamilo-sp.br\/wp-content\/uploads\/2023\/08\/B2-300x300.jpg 300w, https:\/\/blog.saocamilo-sp.br\/wp-content\/uploads\/2023\/08\/B2-150x150.jpg 150w, https:\/\/blog.saocamilo-sp.br\/wp-content\/uploads\/2023\/08\/B2-600x600.jpg 600w\" sizes=\"auto, (max-width: 640px) 100vw, 640px\" \/><\/figure>\n\n\n\n<figure class=\"wp-block-image size-large\"><img loading=\"lazy\" decoding=\"async\" width=\"640\" height=\"640\" data-id=\"1506\" src=\"https:\/\/blog.saocamilo-sp.br\/wp-content\/uploads\/2023\/08\/B3.jpg\" alt=\"\" class=\"wp-image-1506\" srcset=\"https:\/\/blog.saocamilo-sp.br\/wp-content\/uploads\/2023\/08\/B3.jpg 640w, https:\/\/blog.saocamilo-sp.br\/wp-content\/uploads\/2023\/08\/B3-300x300.jpg 300w, https:\/\/blog.saocamilo-sp.br\/wp-content\/uploads\/2023\/08\/B3-150x150.jpg 150w, https:\/\/blog.saocamilo-sp.br\/wp-content\/uploads\/2023\/08\/B3-600x600.jpg 600w\" sizes=\"auto, (max-width: 640px) 100vw, 640px\" \/><\/figure>\n\n\n\n<figure class=\"wp-block-image size-large\"><img loading=\"lazy\" decoding=\"async\" width=\"640\" height=\"640\" data-id=\"1507\" src=\"https:\/\/blog.saocamilo-sp.br\/wp-content\/uploads\/2023\/08\/B4.jpg\" alt=\"\" class=\"wp-image-1507\" srcset=\"https:\/\/blog.saocamilo-sp.br\/wp-content\/uploads\/2023\/08\/B4.jpg 640w, https:\/\/blog.saocamilo-sp.br\/wp-content\/uploads\/2023\/08\/B4-300x300.jpg 300w, https:\/\/blog.saocamilo-sp.br\/wp-content\/uploads\/2023\/08\/B4-150x150.jpg 150w, https:\/\/blog.saocamilo-sp.br\/wp-content\/uploads\/2023\/08\/B4-600x600.jpg 600w\" sizes=\"auto, (max-width: 640px) 100vw, 640px\" \/><\/figure>\n<\/figure>\n\n\n\n<figure class=\"wp-block-pullquote\"><blockquote><p>&#8220;Foi enriquecedor a minha ida a Salamanca, fiz muitas amizades, conheci lugares incr\u00edveis, tive aulas na universidade mais antiga da Espanha e isso foi valioso demais pra meu crescimento pessoal e profissional! Tenho uma enorme gratid\u00e3o!&#8221;<\/p><cite>Larissa Suave Freitas, estudante do curso de Engenharia Civil<\/cite><\/blockquote><\/figure>\n\n\n\n<p>Dessa forma, acompanhar a jornada dessas estudantes \u00e9 motivo de grande satisfa\u00e7\u00e3o para todos n\u00f3s. O Centro Universit\u00e1rio S\u00e3o Camilo reconhece a relev\u00e2ncia de oferecer experi\u00eancias como essa. Elas enriquecem n\u00e3o apenas o conhecimento acad\u00eamico, mas tamb\u00e9m a bagagem cultural e as habilidades de networking dos estudantes. Por meio do Top Espanha, estamos capacitando nossos alunos a se destacarem em um mundo cada vez mais globalizado.<\/p>\n\n\n\n<p>A Profa. Dra. Ana Yara Serrano Gomes d\u00e1 uma dica valiosa a todos que que desejam aproveitar as oportunidades internacionais oferecidas pela S\u00e3o Camilo:<\/p>\n\n\n\n<figure class=\"wp-block-pullquote\"><blockquote><p>&#8220;Assuma uma verdadeira imers\u00e3o cultural. Ponha em primeiro lugar o aprendizado do idioma e da cultura do lugar. respeite as diferen\u00e7as. Cuidado com as compras desnecess\u00e1rias e com as sa\u00eddas que podem prejudicar o seu rendimento ao longo do programa. \u00c9 uma oportunidade \u00edmpar, e fomos muito respeitados. Tenham foco e desfrutem ao m\u00e1ximo e com grande sabedoria esta oportunidade.&#8221;<\/p><cite> Profa. dra. Ana Yara Serrano Gomes<\/cite><\/blockquote><\/figure>\n\n\n\n<p>Por fim, parabenizamos Ana Yara Serrano Gomes e Larissa Suave Freitas por representarem t\u00e3o bem nossa institui\u00e7\u00e3o. Desejamos que aproveitem intensamente essa oportunidade \u00fanica, que reafirma nosso  compromisso em fornecer diferenciais educacionais de qualidade que impulsionam o sucesso de nossos alunos, preparando-os para os desafios do cen\u00e1rio global.<\/p>\n\n\n\n<p><\/p>\n\n\n\n<h2 class=\"wp-block-heading\">Sobre os programas de internacionaliza\u00e7\u00e3o do Centro Universit\u00e1rio S\u00e3o Camilo<\/h2>\n\n\n\n<p>A busca constante por inova\u00e7\u00e3o e perspectivas globais \u00e9 fundamental para aprimorar a qualidade do ensino e contribuir com a forma\u00e7\u00e3o de profissionais capazes de atuar, sobretudo, em um mundo cada vez mais complexo e interconectado.<br>Para conhecer os programas de internacionaliza\u00e7\u00e3o do Centro Universit\u00e1rio S\u00e3o Camilo acesse o site do <a href=\"https:\/\/saocamilo-sp.br\/internacional\/quem_somos\" target=\"_blank\" rel=\"noreferrer noopener\">Escrit\u00f3rio de Rela\u00e7\u00f5es Internacionais S\u00e3o Camilo<\/a>.<\/p>\n\n\n\n<p><\/p>\n\n\n\n<hr class=\"wp-block-separator has-alpha-channel-opacity\"\/>\n\n\n\n<p><strong>Veja tamb\u00e9m:<\/strong><\/p>\n\n\n\n<p><a href=\"https:\/\/blog.saocamilo-sp.br\/index.php\/2023\/05\/22\/oducal-associa-se-com-a-sao-camilo\/\">Organiza\u00e7\u00e3o das Universidades Cat\u00f3licas da AL e o Caribe \u00e9 parceira da S\u00e3o Camilo<\/a><br><a href=\"https:\/\/blog.saocamilo-sp.br\/index.php\/2023\/04\/20\/escritorio-de-relacoes-internacionais-da-sao-camilo-na-faubai-2023\/\">Escrit\u00f3rio de Rela\u00e7\u00f5es Internacionais da S\u00e3o Camilo na FAUBAI 2023<\/a><br><a href=\"https:\/\/blog.saocamilo-sp.br\/index.php\/2023\/03\/30\/sao-camilo-assina-convenio-com-a-universidad-catolica-de-salta-argentina\/\">S\u00e3o Camilo assina conv\u00eanio com a Universidad Cat\u00f3lica de Salta (Argentina)<\/a><br><a href=\"https:\/\/blog.saocamilo-sp.br\/index.php\/2023\/03\/28\/sao-camilo-firma-convenio-academico-com-o-instituto-politecnico-de-braganca-em-portugal\/\">S\u00e3o Camilo firma conv\u00eanio acad\u00eamico com o IPB em Portugal<\/a><\/p>\n\n\n\n<p><\/p>\n\n\n\n<p>Saiba mais sobre nossos cursos:<\/p>\n\n\n\n<iframe loading=\"lazy\" src=\"https:\/\/saocamilo.apprbs.com.br\/tenho-interesse-blog\" height=\"530px\" width=\"100%\" frameborder=\"0\"><\/iframe>\n\n\n\n<p>Compartilhe em:<\/p>\n","protected":false},"excerpt":{"rendered":"<p> Profa. Dra. Ana Yara Serrano Gomes e a estudante Larissa Suave Freitas foram selecionadas para participar e tiveram uma experi\u00eancia inesquec\u00edvel!<\/p>\n","protected":false},"author":13,"featured_media":1504,"comment_status":"open","ping_status":"open","sticky":false,"template":"","format":"standard","meta":{"cybocfi_hide_featured_image":"yes","footnotes":""},"categories":[70],"tags":[72,16],"class_list":["post-1503","post","type-post","status-publish","format-standard","has-post-thumbnail","hentry","category-internacional","tag-internacional","tag-vida-universitaria"],"yoast_head":"<!-- This site is optimized with the Yoast SEO plugin v27.5 - https:\/\/yoast.com\/product\/yoast-seo-wordpress\/ -->\n<title>Estudante e docente camilianas no Programa Santander Top Espan\u00e3 - Blog S\u00e3o Camilo<\/title>\n<meta name=\"description\" content=\"Profa. Ana Yara Gomes e a estudante Larissa Freitas foram selecionadas para participar do Programa Santander Top Espa\u00f1a.\" \/>\n<meta name=\"robots\" content=\"index, follow, max-snippet:-1, max-image-preview:large, max-video-preview:-1\" \/>\n<link rel=\"canonical\" href=\"https:\/\/blog.saocamilo-sp.br\/index.php\/2023\/08\/16\/programa-santander-top-espana\/\" \/>\n<meta property=\"og:locale\" content=\"pt_BR\" \/>\n<meta property=\"og:type\" content=\"article\" \/>\n<meta property=\"og:title\" content=\"Estudante e docente camilianas no Programa Santander Top Espan\u00e3 - Blog S\u00e3o Camilo\" \/>\n<meta property=\"og:description\" content=\"Profa. Ana Yara Gomes e a estudante Larissa Freitas foram selecionadas para participar do Programa Santander Top Espa\u00f1a.\" \/>\n<meta property=\"og:url\" content=\"https:\/\/blog.saocamilo-sp.br\/index.php\/2023\/08\/16\/programa-santander-top-espana\/\" \/>\n<meta property=\"og:site_name\" content=\"Blog S\u00e3o Camilo\" \/>\n<meta property=\"article:publisher\" content=\"https:\/\/www.facebook.com\/saocamilosp\" \/>\n<meta property=\"article:published_time\" content=\"2023-08-16T18:35:06+00:00\" \/>\n<meta property=\"article:modified_time\" content=\"2023-08-16T21:37:09+00:00\" \/>\n<meta property=\"og:image\" content=\"https:\/\/blog.saocamilo-sp.br\/wp-content\/uploads\/2023\/08\/Top_Espanha_2023.png\" \/>\n\t<meta property=\"og:image:width\" content=\"799\" \/>\n\t<meta property=\"og:image:height\" content=\"538\" \/>\n\t<meta property=\"og:image:type\" content=\"image\/png\" \/>\n<meta name=\"author\" content=\"Leandro Lafr\u00e1gola\" \/>\n<meta name=\"twitter:card\" content=\"summary_large_image\" \/>\n<meta name=\"twitter:creator\" content=\"@saocamilosp\" \/>\n<meta name=\"twitter:site\" content=\"@saocamilosp\" \/>\n<meta name=\"twitter:label1\" content=\"Escrito por\" \/>\n\t<meta name=\"twitter:data1\" content=\"Leandro Lafr\u00e1gola\" \/>\n\t<meta name=\"twitter:label2\" content=\"Est. tempo de leitura\" \/>\n\t<meta name=\"twitter:data2\" content=\"4 minutos\" \/>\n<script type=\"application\/ld+json\" class=\"yoast-schema-graph\">{\"@context\":\"https:\\\/\\\/schema.org\",\"@graph\":[{\"@type\":\"Article\",\"@id\":\"https:\\\/\\\/blog.saocamilo-sp.br\\\/index.php\\\/2023\\\/08\\\/16\\\/programa-santander-top-espana\\\/#article\",\"isPartOf\":{\"@id\":\"https:\\\/\\\/blog.saocamilo-sp.br\\\/index.php\\\/2023\\\/08\\\/16\\\/programa-santander-top-espana\\\/\"},\"author\":{\"name\":\"Leandro Lafr\u00e1gola\",\"@id\":\"https:\\\/\\\/blog.saocamilo-sp.br\\\/#\\\/schema\\\/person\\\/1a99645faaab0bb55105f817e866e19b\"},\"headline\":\"Estudante e docente camilianas no Programa Santander Top Espan\u00e3\",\"datePublished\":\"2023-08-16T18:35:06+00:00\",\"dateModified\":\"2023-08-16T21:37:09+00:00\",\"mainEntityOfPage\":{\"@id\":\"https:\\\/\\\/blog.saocamilo-sp.br\\\/index.php\\\/2023\\\/08\\\/16\\\/programa-santander-top-espana\\\/\"},\"wordCount\":654,\"commentCount\":0,\"publisher\":{\"@id\":\"https:\\\/\\\/blog.saocamilo-sp.br\\\/#organization\"},\"image\":{\"@id\":\"https:\\\/\\\/blog.saocamilo-sp.br\\\/index.php\\\/2023\\\/08\\\/16\\\/programa-santander-top-espana\\\/#primaryimage\"},\"thumbnailUrl\":\"https:\\\/\\\/blog.saocamilo-sp.br\\\/wp-content\\\/uploads\\\/2023\\\/08\\\/Top_Espanha_2023.png\",\"keywords\":[\"internacional\",\"Vida Universit\u00e1ria\"],\"articleSection\":[\"Internacional\"],\"inLanguage\":\"pt-BR\",\"potentialAction\":[{\"@type\":\"CommentAction\",\"name\":\"Comment\",\"target\":[\"https:\\\/\\\/blog.saocamilo-sp.br\\\/index.php\\\/2023\\\/08\\\/16\\\/programa-santander-top-espana\\\/#respond\"]}]},{\"@type\":\"WebPage\",\"@id\":\"https:\\\/\\\/blog.saocamilo-sp.br\\\/index.php\\\/2023\\\/08\\\/16\\\/programa-santander-top-espana\\\/\",\"url\":\"https:\\\/\\\/blog.saocamilo-sp.br\\\/index.php\\\/2023\\\/08\\\/16\\\/programa-santander-top-espana\\\/\",\"name\":\"Estudante e docente camilianas no Programa Santander Top Espan\u00e3 - Blog S\u00e3o Camilo\",\"isPartOf\":{\"@id\":\"https:\\\/\\\/blog.saocamilo-sp.br\\\/#website\"},\"primaryImageOfPage\":{\"@id\":\"https:\\\/\\\/blog.saocamilo-sp.br\\\/index.php\\\/2023\\\/08\\\/16\\\/programa-santander-top-espana\\\/#primaryimage\"},\"image\":{\"@id\":\"https:\\\/\\\/blog.saocamilo-sp.br\\\/index.php\\\/2023\\\/08\\\/16\\\/programa-santander-top-espana\\\/#primaryimage\"},\"thumbnailUrl\":\"https:\\\/\\\/blog.saocamilo-sp.br\\\/wp-content\\\/uploads\\\/2023\\\/08\\\/Top_Espanha_2023.png\",\"datePublished\":\"2023-08-16T18:35:06+00:00\",\"dateModified\":\"2023-08-16T21:37:09+00:00\",\"description\":\"Profa. Ana Yara Gomes e a estudante Larissa Freitas foram selecionadas para participar do Programa Santander Top Espa\u00f1a.\",\"breadcrumb\":{\"@id\":\"https:\\\/\\\/blog.saocamilo-sp.br\\\/index.php\\\/2023\\\/08\\\/16\\\/programa-santander-top-espana\\\/#breadcrumb\"},\"inLanguage\":\"pt-BR\",\"potentialAction\":[{\"@type\":\"ReadAction\",\"target\":[\"https:\\\/\\\/blog.saocamilo-sp.br\\\/index.php\\\/2023\\\/08\\\/16\\\/programa-santander-top-espana\\\/\"]}]},{\"@type\":\"BreadcrumbList\",\"@id\":\"https:\\\/\\\/blog.saocamilo-sp.br\\\/index.php\\\/2023\\\/08\\\/16\\\/programa-santander-top-espana\\\/#breadcrumb\",\"itemListElement\":[{\"@type\":\"ListItem\",\"position\":1,\"name\":\"In\u00edcio\",\"item\":\"https:\\\/\\\/blog.saocamilo-sp.br\\\/\"},{\"@type\":\"ListItem\",\"position\":2,\"name\":\"Estudante e docente camilianas no Programa Santander Top Espan\u00e3\"}]},{\"@type\":\"WebSite\",\"@id\":\"https:\\\/\\\/blog.saocamilo-sp.br\\\/#website\",\"url\":\"https:\\\/\\\/blog.saocamilo-sp.br\\\/\",\"name\":\"Blog S\u00e3o Camilo\",\"description\":\"Blog do Centro Universit\u00e1rio S\u00e3o Camilo\",\"publisher\":{\"@id\":\"https:\\\/\\\/blog.saocamilo-sp.br\\\/#organization\"},\"potentialAction\":[{\"@type\":\"SearchAction\",\"target\":{\"@type\":\"EntryPoint\",\"urlTemplate\":\"https:\\\/\\\/blog.saocamilo-sp.br\\\/?s={search_term_string}\"},\"query-input\":{\"@type\":\"PropertyValueSpecification\",\"valueRequired\":true,\"valueName\":\"search_term_string\"}}],\"inLanguage\":\"pt-BR\"},{\"@type\":\"Organization\",\"@id\":\"https:\\\/\\\/blog.saocamilo-sp.br\\\/#organization\",\"name\":\"Blog S\u00e3o Camilo\",\"url\":\"https:\\\/\\\/blog.saocamilo-sp.br\\\/\",\"logo\":{\"@type\":\"ImageObject\",\"inLanguage\":\"pt-BR\",\"@id\":\"https:\\\/\\\/blog.saocamilo-sp.br\\\/#\\\/schema\\\/logo\\\/image\\\/\",\"url\":\"https:\\\/\\\/blog.saocamilo-sp.br\\\/wp-content\\\/uploads\\\/2021\\\/12\\\/cropped-vazio-logo-topo.png\",\"contentUrl\":\"https:\\\/\\\/blog.saocamilo-sp.br\\\/wp-content\\\/uploads\\\/2021\\\/12\\\/cropped-vazio-logo-topo.png\",\"width\":320,\"height\":240,\"caption\":\"Blog S\u00e3o Camilo\"},\"image\":{\"@id\":\"https:\\\/\\\/blog.saocamilo-sp.br\\\/#\\\/schema\\\/logo\\\/image\\\/\"},\"sameAs\":[\"https:\\\/\\\/www.facebook.com\\\/saocamilosp\",\"https:\\\/\\\/x.com\\\/saocamilosp\",\"https:\\\/\\\/www.linkedin.com\\\/school\\\/centro-universit-rio-s-o-camilo\\\/\"]},{\"@type\":\"Person\",\"@id\":\"https:\\\/\\\/blog.saocamilo-sp.br\\\/#\\\/schema\\\/person\\\/1a99645faaab0bb55105f817e866e19b\",\"name\":\"Leandro Lafr\u00e1gola\",\"image\":{\"@type\":\"ImageObject\",\"inLanguage\":\"pt-BR\",\"@id\":\"https:\\\/\\\/secure.gravatar.com\\\/avatar\\\/ec4232fb8d50d80f1c672353dc4c2876490e6a0a2a33d6572c0ba1fb78f115cf?s=96&d=mm&r=g\",\"url\":\"https:\\\/\\\/secure.gravatar.com\\\/avatar\\\/ec4232fb8d50d80f1c672353dc4c2876490e6a0a2a33d6572c0ba1fb78f115cf?s=96&d=mm&r=g\",\"contentUrl\":\"https:\\\/\\\/secure.gravatar.com\\\/avatar\\\/ec4232fb8d50d80f1c672353dc4c2876490e6a0a2a33d6572c0ba1fb78f115cf?s=96&d=mm&r=g\",\"caption\":\"Leandro Lafr\u00e1gola\"},\"url\":\"https:\\\/\\\/blog.saocamilo-sp.br\\\/index.php\\\/author\\\/llafragola\\\/\"}]}<\/script>\n<!-- \/ Yoast SEO plugin. -->","yoast_head_json":{"title":"Estudante e docente camilianas no Programa Santander Top Espan\u00e3 - Blog S\u00e3o Camilo","description":"Profa. Ana Yara Gomes e a estudante Larissa Freitas foram selecionadas para participar do Programa Santander Top Espa\u00f1a.","robots":{"index":"index","follow":"follow","max-snippet":"max-snippet:-1","max-image-preview":"max-image-preview:large","max-video-preview":"max-video-preview:-1"},"canonical":"https:\/\/blog.saocamilo-sp.br\/index.php\/2023\/08\/16\/programa-santander-top-espana\/","og_locale":"pt_BR","og_type":"article","og_title":"Estudante e docente camilianas no Programa Santander Top Espan\u00e3 - Blog S\u00e3o Camilo","og_description":"Profa. Ana Yara Gomes e a estudante Larissa Freitas foram selecionadas para participar do Programa Santander Top Espa\u00f1a.","og_url":"https:\/\/blog.saocamilo-sp.br\/index.php\/2023\/08\/16\/programa-santander-top-espana\/","og_site_name":"Blog S\u00e3o Camilo","article_publisher":"https:\/\/www.facebook.com\/saocamilosp","article_published_time":"2023-08-16T18:35:06+00:00","article_modified_time":"2023-08-16T21:37:09+00:00","og_image":[{"width":799,"height":538,"url":"https:\/\/blog.saocamilo-sp.br\/wp-content\/uploads\/2023\/08\/Top_Espanha_2023.png","type":"image\/png"}],"author":"Leandro Lafr\u00e1gola","twitter_card":"summary_large_image","twitter_creator":"@saocamilosp","twitter_site":"@saocamilosp","twitter_misc":{"Escrito por":"Leandro Lafr\u00e1gola","Est. tempo de leitura":"4 minutos"},"schema":{"@context":"https:\/\/schema.org","@graph":[{"@type":"Article","@id":"https:\/\/blog.saocamilo-sp.br\/index.php\/2023\/08\/16\/programa-santander-top-espana\/#article","isPartOf":{"@id":"https:\/\/blog.saocamilo-sp.br\/index.php\/2023\/08\/16\/programa-santander-top-espana\/"},"author":{"name":"Leandro Lafr\u00e1gola","@id":"https:\/\/blog.saocamilo-sp.br\/#\/schema\/person\/1a99645faaab0bb55105f817e866e19b"},"headline":"Estudante e docente camilianas no Programa Santander Top Espan\u00e3","datePublished":"2023-08-16T18:35:06+00:00","dateModified":"2023-08-16T21:37:09+00:00","mainEntityOfPage":{"@id":"https:\/\/blog.saocamilo-sp.br\/index.php\/2023\/08\/16\/programa-santander-top-espana\/"},"wordCount":654,"commentCount":0,"publisher":{"@id":"https:\/\/blog.saocamilo-sp.br\/#organization"},"image":{"@id":"https:\/\/blog.saocamilo-sp.br\/index.php\/2023\/08\/16\/programa-santander-top-espana\/#primaryimage"},"thumbnailUrl":"https:\/\/blog.saocamilo-sp.br\/wp-content\/uploads\/2023\/08\/Top_Espanha_2023.png","keywords":["internacional","Vida Universit\u00e1ria"],"articleSection":["Internacional"],"inLanguage":"pt-BR","potentialAction":[{"@type":"CommentAction","name":"Comment","target":["https:\/\/blog.saocamilo-sp.br\/index.php\/2023\/08\/16\/programa-santander-top-espana\/#respond"]}]},{"@type":"WebPage","@id":"https:\/\/blog.saocamilo-sp.br\/index.php\/2023\/08\/16\/programa-santander-top-espana\/","url":"https:\/\/blog.saocamilo-sp.br\/index.php\/2023\/08\/16\/programa-santander-top-espana\/","name":"Estudante e docente camilianas no Programa Santander Top Espan\u00e3 - Blog S\u00e3o Camilo","isPartOf":{"@id":"https:\/\/blog.saocamilo-sp.br\/#website"},"primaryImageOfPage":{"@id":"https:\/\/blog.saocamilo-sp.br\/index.php\/2023\/08\/16\/programa-santander-top-espana\/#primaryimage"},"image":{"@id":"https:\/\/blog.saocamilo-sp.br\/index.php\/2023\/08\/16\/programa-santander-top-espana\/#primaryimage"},"thumbnailUrl":"https:\/\/blog.saocamilo-sp.br\/wp-content\/uploads\/2023\/08\/Top_Espanha_2023.png","datePublished":"2023-08-16T18:35:06+00:00","dateModified":"2023-08-16T21:37:09+00:00","description":"Profa. Ana Yara Gomes e a estudante Larissa Freitas foram selecionadas para participar do Programa Santander Top Espa\u00f1a.","breadcrumb":{"@id":"https:\/\/blog.saocamilo-sp.br\/index.php\/2023\/08\/16\/programa-santander-top-espana\/#breadcrumb"},"inLanguage":"pt-BR","potentialAction":[{"@type":"ReadAction","target":["https:\/\/blog.saocamilo-sp.br\/index.php\/2023\/08\/16\/programa-santander-top-espana\/"]}]},{"@type":"BreadcrumbList","@id":"https:\/\/blog.saocamilo-sp.br\/index.php\/2023\/08\/16\/programa-santander-top-espana\/#breadcrumb","itemListElement":[{"@type":"ListItem","position":1,"name":"In\u00edcio","item":"https:\/\/blog.saocamilo-sp.br\/"},{"@type":"ListItem","position":2,"name":"Estudante e docente camilianas no Programa Santander Top Espan\u00e3"}]},{"@type":"WebSite","@id":"https:\/\/blog.saocamilo-sp.br\/#website","url":"https:\/\/blog.saocamilo-sp.br\/","name":"Blog S\u00e3o Camilo","description":"Blog do Centro Universit\u00e1rio S\u00e3o Camilo","publisher":{"@id":"https:\/\/blog.saocamilo-sp.br\/#organization"},"potentialAction":[{"@type":"SearchAction","target":{"@type":"EntryPoint","urlTemplate":"https:\/\/blog.saocamilo-sp.br\/?s={search_term_string}"},"query-input":{"@type":"PropertyValueSpecification","valueRequired":true,"valueName":"search_term_string"}}],"inLanguage":"pt-BR"},{"@type":"Organization","@id":"https:\/\/blog.saocamilo-sp.br\/#organization","name":"Blog S\u00e3o Camilo","url":"https:\/\/blog.saocamilo-sp.br\/","logo":{"@type":"ImageObject","inLanguage":"pt-BR","@id":"https:\/\/blog.saocamilo-sp.br\/#\/schema\/logo\/image\/","url":"https:\/\/blog.saocamilo-sp.br\/wp-content\/uploads\/2021\/12\/cropped-vazio-logo-topo.png","contentUrl":"https:\/\/blog.saocamilo-sp.br\/wp-content\/uploads\/2021\/12\/cropped-vazio-logo-topo.png","width":320,"height":240,"caption":"Blog S\u00e3o Camilo"},"image":{"@id":"https:\/\/blog.saocamilo-sp.br\/#\/schema\/logo\/image\/"},"sameAs":["https:\/\/www.facebook.com\/saocamilosp","https:\/\/x.com\/saocamilosp","https:\/\/www.linkedin.com\/school\/centro-universit-rio-s-o-camilo\/"]},{"@type":"Person","@id":"https:\/\/blog.saocamilo-sp.br\/#\/schema\/person\/1a99645faaab0bb55105f817e866e19b","name":"Leandro Lafr\u00e1gola","image":{"@type":"ImageObject","inLanguage":"pt-BR","@id":"https:\/\/secure.gravatar.com\/avatar\/ec4232fb8d50d80f1c672353dc4c2876490e6a0a2a33d6572c0ba1fb78f115cf?s=96&d=mm&r=g","url":"https:\/\/secure.gravatar.com\/avatar\/ec4232fb8d50d80f1c672353dc4c2876490e6a0a2a33d6572c0ba1fb78f115cf?s=96&d=mm&r=g","contentUrl":"https:\/\/secure.gravatar.com\/avatar\/ec4232fb8d50d80f1c672353dc4c2876490e6a0a2a33d6572c0ba1fb78f115cf?s=96&d=mm&r=g","caption":"Leandro Lafr\u00e1gola"},"url":"https:\/\/blog.saocamilo-sp.br\/index.php\/author\/llafragola\/"}]}},"_links":{"self":[{"href":"https:\/\/blog.saocamilo-sp.br\/index.php\/wp-json\/wp\/v2\/posts\/1503","targetHints":{"allow":["GET"]}}],"collection":[{"href":"https:\/\/blog.saocamilo-sp.br\/index.php\/wp-json\/wp\/v2\/posts"}],"about":[{"href":"https:\/\/blog.saocamilo-sp.br\/index.php\/wp-json\/wp\/v2\/types\/post"}],"author":[{"embeddable":true,"href":"https:\/\/blog.saocamilo-sp.br\/index.php\/wp-json\/wp\/v2\/users\/13"}],"replies":[{"embeddable":true,"href":"https:\/\/blog.saocamilo-sp.br\/index.php\/wp-json\/wp\/v2\/comments?post=1503"}],"version-history":[{"count":6,"href":"https:\/\/blog.saocamilo-sp.br\/index.php\/wp-json\/wp\/v2\/posts\/1503\/revisions"}],"predecessor-version":[{"id":1605,"href":"https:\/\/blog.saocamilo-sp.br\/index.php\/wp-json\/wp\/v2\/posts\/1503\/revisions\/1605"}],"wp:featuredmedia":[{"embeddable":true,"href":"https:\/\/blog.saocamilo-sp.br\/index.php\/wp-json\/wp\/v2\/media\/1504"}],"wp:attachment":[{"href":"https:\/\/blog.saocamilo-sp.br\/index.php\/wp-json\/wp\/v2\/media?parent=1503"}],"wp:term":[{"taxonomy":"category","embeddable":true,"href":"https:\/\/blog.saocamilo-sp.br\/index.php\/wp-json\/wp\/v2\/categories?post=1503"},{"taxonomy":"post_tag","embeddable":true,"href":"https:\/\/blog.saocamilo-sp.br\/index.php\/wp-json\/wp\/v2\/tags?post=1503"}],"curies":[{"name":"wp","href":"https:\/\/api.w.org\/{rel}","templated":true}]}}