{"id":1516,"date":"2023-08-16T17:57:02","date_gmt":"2023-08-16T20:57:02","guid":{"rendered":"https:\/\/blog.saocamilo-sp.br\/?p=1516"},"modified":"2023-08-16T17:58:33","modified_gmt":"2023-08-16T20:58:33","slug":"docente-fala-sobre-relacao-entre-cancer-e-uso-de-plasticos-no-micro-ondas","status":"publish","type":"post","link":"https:\/\/blog.saocamilo-sp.br\/index.php\/2023\/08\/16\/docente-fala-sobre-relacao-entre-cancer-e-uso-de-plasticos-no-micro-ondas\/","title":{"rendered":"Docente fala sobre rela\u00e7\u00e3o entre c\u00e2ncer e uso de pl\u00e1sticos no micro-ondas"},"content":{"rendered":"\n<p>Dra. Luana Fi\u00faza, oncologia cl\u00ednica e docente do curso de <a href=\"https:\/\/saocamilo-sp.br\/graduacao\/presencial\/medicina\" target=\"_blank\" rel=\"noreferrer noopener\">Medicina<\/a> do Centro Universi\u00e1rio S\u00e3o Camilo, participa de mat\u00e9ria da Rede Record sobre estudo que sugere uma liga\u00e7\u00e3o entre o aquecimento de alimentos em recipientes pl\u00e1sticos no micro-ondas e o risco de c\u00e2ncer. (Imagens: Rede Record)<\/p>\n\n\n\n<p><\/p>\n\n\n\n<p>Confira a mat\u00e9ria completa:<\/p>\n\n\n\n<figure class=\"wp-block-embed is-type-video is-provider-youtube wp-block-embed-youtube wp-embed-aspect-16-9 wp-has-aspect-ratio\"><div class=\"wp-block-embed__wrapper\">\n<iframe loading=\"lazy\" title=\"Docente de Medicina fala sobre o risco de aquecer alimentos em recipientes pl\u00e1sticos no micro-ondas.\" width=\"676\" height=\"380\" src=\"https:\/\/www.youtube.com\/embed\/tUGI5SHPW6k?feature=oembed\" frameborder=\"0\" allow=\"accelerometer; autoplay; clipboard-write; encrypted-media; gyroscope; picture-in-picture; web-share\" referrerpolicy=\"strict-origin-when-cross-origin\" allowfullscreen><\/iframe>\n<\/div><\/figure>\n\n\n\n<p><\/p>\n\n\n\n<p>Veja tamb\u00e9m:<br><a href=\"https:\/\/blog.saocamilo-sp.br\/index.php\/2023\/07\/26\/coordenadora-de-nutricao-fala-sobre-lancheiras-saudaveis-para-a-tv-globo\/\">Coordenadora de Nutri\u00e7\u00e3o fala sobre lancheiras saud\u00e1veis para a TV Globo<\/a><br><a href=\"https:\/\/blog.saocamilo-sp.br\/index.php\/2023\/07\/18\/aprenda-preparar-marmitas-saudaveis-rotina-mais-pratica\/\">Aprenda a preparar marmitas sa\u00fadaveis e torne sua rotina mais pr\u00e1tica e nutritiva<\/a><br><a href=\"https:\/\/blog.saocamilo-sp.br\/index.php\/2023\/05\/25\/plastinado-von-hagens-sao-camilo-revoluciona-no-ensino\/\">Plastinado von Hagens: S\u00e3o Camilo revoluciona no ensino da Sa\u00fade<\/a><\/p>\n\n\n\n<p><\/p>\n\n\n\n<p>Saiba mais sobre nossos cursos:<\/p>\n\n\n\n<iframe loading=\"lazy\" src=\"https:\/\/saocamilo.apprbs.com.br\/tenho-interesse-blog\" height=\"530px\" width=\"100%\" frameborder=\"0\"><\/iframe>\n\n\n\n<p>Compartilhe em:<\/p>\n","protected":false},"excerpt":{"rendered":"<p>Dra. Luana Fi\u00faza, oncologia cl\u00ednica e docente do curso de Medicina do Centro Universi\u00e1rio S\u00e3o Camilo, participa de mat\u00e9ria da Rede Record<\/p>\n","protected":false},"author":13,"featured_media":1517,"comment_status":"open","ping_status":"open","sticky":false,"template":"","format":"standard","meta":{"cybocfi_hide_featured_image":"yes","footnotes":""},"categories":[30],"tags":[12,17],"class_list":["post-1516","post","type-post","status-publish","format-standard","has-post-thumbnail","hentry","category-medicina","tag-medicina","tag-saude"],"yoast_head":"<!-- This site is optimized with the Yoast SEO plugin v27.5 - https:\/\/yoast.com\/product\/yoast-seo-wordpress\/ -->\n<title>Docente fala sobre rela\u00e7\u00e3o entre c\u00e2ncer e uso de pl\u00e1sticos no micro-ondas - Blog S\u00e3o Camilo<\/title>\n<meta name=\"description\" content=\"Dra. Luana Fi\u00faza, oncologia cl\u00ednica e docente do curso de Medicina do Centro Universi\u00e1rio S\u00e3o Camilo, participa de mat\u00e9ria da Rede Record.\" \/>\n<meta name=\"robots\" content=\"index, follow, max-snippet:-1, max-image-preview:large, max-video-preview:-1\" \/>\n<link rel=\"canonical\" href=\"https:\/\/blog.saocamilo-sp.br\/index.php\/2023\/08\/16\/docente-fala-sobre-relacao-entre-cancer-e-uso-de-plasticos-no-micro-ondas\/\" \/>\n<meta property=\"og:locale\" content=\"pt_BR\" \/>\n<meta property=\"og:type\" content=\"article\" \/>\n<meta property=\"og:title\" content=\"Docente fala sobre rela\u00e7\u00e3o entre c\u00e2ncer e uso de pl\u00e1sticos no micro-ondas - Blog S\u00e3o Camilo\" \/>\n<meta property=\"og:description\" content=\"Dra. Luana Fi\u00faza, oncologia cl\u00ednica e docente do curso de Medicina do Centro Universi\u00e1rio S\u00e3o Camilo, participa de mat\u00e9ria da Rede Record.\" \/>\n<meta property=\"og:url\" content=\"https:\/\/blog.saocamilo-sp.br\/index.php\/2023\/08\/16\/docente-fala-sobre-relacao-entre-cancer-e-uso-de-plasticos-no-micro-ondas\/\" \/>\n<meta property=\"og:site_name\" content=\"Blog S\u00e3o Camilo\" \/>\n<meta property=\"article:publisher\" content=\"https:\/\/www.facebook.com\/saocamilosp\" \/>\n<meta property=\"article:published_time\" content=\"2023-08-16T20:57:02+00:00\" \/>\n<meta property=\"article:modified_time\" content=\"2023-08-16T20:58:33+00:00\" \/>\n<meta property=\"og:image\" content=\"https:\/\/blog.saocamilo-sp.br\/wp-content\/uploads\/2023\/08\/Docente_medicina_oncologia.png\" \/>\n\t<meta property=\"og:image:width\" content=\"799\" \/>\n\t<meta property=\"og:image:height\" content=\"539\" \/>\n\t<meta property=\"og:image:type\" content=\"image\/png\" \/>\n<meta name=\"author\" content=\"Leandro Lafr\u00e1gola\" \/>\n<meta name=\"twitter:card\" content=\"summary_large_image\" \/>\n<meta name=\"twitter:creator\" content=\"@saocamilosp\" \/>\n<meta name=\"twitter:site\" content=\"@saocamilosp\" \/>\n<meta name=\"twitter:label1\" content=\"Escrito por\" \/>\n\t<meta name=\"twitter:data1\" content=\"Leandro Lafr\u00e1gola\" \/>\n\t<meta name=\"twitter:label2\" content=\"Est. tempo de leitura\" \/>\n\t<meta name=\"twitter:data2\" content=\"1 minuto\" \/>\n<script type=\"application\/ld+json\" class=\"yoast-schema-graph\">{\"@context\":\"https:\\\/\\\/schema.org\",\"@graph\":[{\"@type\":\"Article\",\"@id\":\"https:\\\/\\\/blog.saocamilo-sp.br\\\/index.php\\\/2023\\\/08\\\/16\\\/docente-fala-sobre-relacao-entre-cancer-e-uso-de-plasticos-no-micro-ondas\\\/#article\",\"isPartOf\":{\"@id\":\"https:\\\/\\\/blog.saocamilo-sp.br\\\/index.php\\\/2023\\\/08\\\/16\\\/docente-fala-sobre-relacao-entre-cancer-e-uso-de-plasticos-no-micro-ondas\\\/\"},\"author\":{\"name\":\"Leandro Lafr\u00e1gola\",\"@id\":\"https:\\\/\\\/blog.saocamilo-sp.br\\\/#\\\/schema\\\/person\\\/1a99645faaab0bb55105f817e866e19b\"},\"headline\":\"Docente fala sobre rela\u00e7\u00e3o entre c\u00e2ncer e uso de pl\u00e1sticos no micro-ondas\",\"datePublished\":\"2023-08-16T20:57:02+00:00\",\"dateModified\":\"2023-08-16T20:58:33+00:00\",\"mainEntityOfPage\":{\"@id\":\"https:\\\/\\\/blog.saocamilo-sp.br\\\/index.php\\\/2023\\\/08\\\/16\\\/docente-fala-sobre-relacao-entre-cancer-e-uso-de-plasticos-no-micro-ondas\\\/\"},\"wordCount\":133,\"commentCount\":0,\"publisher\":{\"@id\":\"https:\\\/\\\/blog.saocamilo-sp.br\\\/#organization\"},\"image\":{\"@id\":\"https:\\\/\\\/blog.saocamilo-sp.br\\\/index.php\\\/2023\\\/08\\\/16\\\/docente-fala-sobre-relacao-entre-cancer-e-uso-de-plasticos-no-micro-ondas\\\/#primaryimage\"},\"thumbnailUrl\":\"https:\\\/\\\/blog.saocamilo-sp.br\\\/wp-content\\\/uploads\\\/2023\\\/08\\\/Docente_medicina_oncologia.png\",\"keywords\":[\"Medicina\",\"Sa\u00fade\"],\"articleSection\":[\"Medicina\"],\"inLanguage\":\"pt-BR\",\"potentialAction\":[{\"@type\":\"CommentAction\",\"name\":\"Comment\",\"target\":[\"https:\\\/\\\/blog.saocamilo-sp.br\\\/index.php\\\/2023\\\/08\\\/16\\\/docente-fala-sobre-relacao-entre-cancer-e-uso-de-plasticos-no-micro-ondas\\\/#respond\"]}]},{\"@type\":\"WebPage\",\"@id\":\"https:\\\/\\\/blog.saocamilo-sp.br\\\/index.php\\\/2023\\\/08\\\/16\\\/docente-fala-sobre-relacao-entre-cancer-e-uso-de-plasticos-no-micro-ondas\\\/\",\"url\":\"https:\\\/\\\/blog.saocamilo-sp.br\\\/index.php\\\/2023\\\/08\\\/16\\\/docente-fala-sobre-relacao-entre-cancer-e-uso-de-plasticos-no-micro-ondas\\\/\",\"name\":\"Docente fala sobre rela\u00e7\u00e3o entre c\u00e2ncer e uso de pl\u00e1sticos no micro-ondas - Blog S\u00e3o Camilo\",\"isPartOf\":{\"@id\":\"https:\\\/\\\/blog.saocamilo-sp.br\\\/#website\"},\"primaryImageOfPage\":{\"@id\":\"https:\\\/\\\/blog.saocamilo-sp.br\\\/index.php\\\/2023\\\/08\\\/16\\\/docente-fala-sobre-relacao-entre-cancer-e-uso-de-plasticos-no-micro-ondas\\\/#primaryimage\"},\"image\":{\"@id\":\"https:\\\/\\\/blog.saocamilo-sp.br\\\/index.php\\\/2023\\\/08\\\/16\\\/docente-fala-sobre-relacao-entre-cancer-e-uso-de-plasticos-no-micro-ondas\\\/#primaryimage\"},\"thumbnailUrl\":\"https:\\\/\\\/blog.saocamilo-sp.br\\\/wp-content\\\/uploads\\\/2023\\\/08\\\/Docente_medicina_oncologia.png\",\"datePublished\":\"2023-08-16T20:57:02+00:00\",\"dateModified\":\"2023-08-16T20:58:33+00:00\",\"description\":\"Dra. Luana Fi\u00faza, oncologia cl\u00ednica e docente do curso de Medicina do Centro Universi\u00e1rio S\u00e3o Camilo, participa de mat\u00e9ria da Rede Record.\",\"breadcrumb\":{\"@id\":\"https:\\\/\\\/blog.saocamilo-sp.br\\\/index.php\\\/2023\\\/08\\\/16\\\/docente-fala-sobre-relacao-entre-cancer-e-uso-de-plasticos-no-micro-ondas\\\/#breadcrumb\"},\"inLanguage\":\"pt-BR\",\"potentialAction\":[{\"@type\":\"ReadAction\",\"target\":[\"https:\\\/\\\/blog.saocamilo-sp.br\\\/index.php\\\/2023\\\/08\\\/16\\\/docente-fala-sobre-relacao-entre-cancer-e-uso-de-plasticos-no-micro-ondas\\\/\"]}]},{\"@type\":\"BreadcrumbList\",\"@id\":\"https:\\\/\\\/blog.saocamilo-sp.br\\\/index.php\\\/2023\\\/08\\\/16\\\/docente-fala-sobre-relacao-entre-cancer-e-uso-de-plasticos-no-micro-ondas\\\/#breadcrumb\",\"itemListElement\":[{\"@type\":\"ListItem\",\"position\":1,\"name\":\"In\u00edcio\",\"item\":\"https:\\\/\\\/blog.saocamilo-sp.br\\\/\"},{\"@type\":\"ListItem\",\"position\":2,\"name\":\"Docente fala sobre rela\u00e7\u00e3o entre c\u00e2ncer e uso de pl\u00e1sticos no micro-ondas\"}]},{\"@type\":\"WebSite\",\"@id\":\"https:\\\/\\\/blog.saocamilo-sp.br\\\/#website\",\"url\":\"https:\\\/\\\/blog.saocamilo-sp.br\\\/\",\"name\":\"Blog S\u00e3o Camilo\",\"description\":\"Blog do Centro Universit\u00e1rio S\u00e3o Camilo\",\"publisher\":{\"@id\":\"https:\\\/\\\/blog.saocamilo-sp.br\\\/#organization\"},\"potentialAction\":[{\"@type\":\"SearchAction\",\"target\":{\"@type\":\"EntryPoint\",\"urlTemplate\":\"https:\\\/\\\/blog.saocamilo-sp.br\\\/?s={search_term_string}\"},\"query-input\":{\"@type\":\"PropertyValueSpecification\",\"valueRequired\":true,\"valueName\":\"search_term_string\"}}],\"inLanguage\":\"pt-BR\"},{\"@type\":\"Organization\",\"@id\":\"https:\\\/\\\/blog.saocamilo-sp.br\\\/#organization\",\"name\":\"Blog S\u00e3o Camilo\",\"url\":\"https:\\\/\\\/blog.saocamilo-sp.br\\\/\",\"logo\":{\"@type\":\"ImageObject\",\"inLanguage\":\"pt-BR\",\"@id\":\"https:\\\/\\\/blog.saocamilo-sp.br\\\/#\\\/schema\\\/logo\\\/image\\\/\",\"url\":\"https:\\\/\\\/blog.saocamilo-sp.br\\\/wp-content\\\/uploads\\\/2021\\\/12\\\/cropped-vazio-logo-topo.png\",\"contentUrl\":\"https:\\\/\\\/blog.saocamilo-sp.br\\\/wp-content\\\/uploads\\\/2021\\\/12\\\/cropped-vazio-logo-topo.png\",\"width\":320,\"height\":240,\"caption\":\"Blog S\u00e3o Camilo\"},\"image\":{\"@id\":\"https:\\\/\\\/blog.saocamilo-sp.br\\\/#\\\/schema\\\/logo\\\/image\\\/\"},\"sameAs\":[\"https:\\\/\\\/www.facebook.com\\\/saocamilosp\",\"https:\\\/\\\/x.com\\\/saocamilosp\",\"https:\\\/\\\/www.linkedin.com\\\/school\\\/centro-universit-rio-s-o-camilo\\\/\"]},{\"@type\":\"Person\",\"@id\":\"https:\\\/\\\/blog.saocamilo-sp.br\\\/#\\\/schema\\\/person\\\/1a99645faaab0bb55105f817e866e19b\",\"name\":\"Leandro Lafr\u00e1gola\",\"image\":{\"@type\":\"ImageObject\",\"inLanguage\":\"pt-BR\",\"@id\":\"https:\\\/\\\/secure.gravatar.com\\\/avatar\\\/ec4232fb8d50d80f1c672353dc4c2876490e6a0a2a33d6572c0ba1fb78f115cf?s=96&d=mm&r=g\",\"url\":\"https:\\\/\\\/secure.gravatar.com\\\/avatar\\\/ec4232fb8d50d80f1c672353dc4c2876490e6a0a2a33d6572c0ba1fb78f115cf?s=96&d=mm&r=g\",\"contentUrl\":\"https:\\\/\\\/secure.gravatar.com\\\/avatar\\\/ec4232fb8d50d80f1c672353dc4c2876490e6a0a2a33d6572c0ba1fb78f115cf?s=96&d=mm&r=g\",\"caption\":\"Leandro Lafr\u00e1gola\"},\"url\":\"https:\\\/\\\/blog.saocamilo-sp.br\\\/index.php\\\/author\\\/llafragola\\\/\"}]}<\/script>\n<!-- \/ Yoast SEO plugin. -->","yoast_head_json":{"title":"Docente fala sobre rela\u00e7\u00e3o entre c\u00e2ncer e uso de pl\u00e1sticos no micro-ondas - Blog S\u00e3o Camilo","description":"Dra. Luana Fi\u00faza, oncologia cl\u00ednica e docente do curso de Medicina do Centro Universi\u00e1rio S\u00e3o Camilo, participa de mat\u00e9ria da Rede Record.","robots":{"index":"index","follow":"follow","max-snippet":"max-snippet:-1","max-image-preview":"max-image-preview:large","max-video-preview":"max-video-preview:-1"},"canonical":"https:\/\/blog.saocamilo-sp.br\/index.php\/2023\/08\/16\/docente-fala-sobre-relacao-entre-cancer-e-uso-de-plasticos-no-micro-ondas\/","og_locale":"pt_BR","og_type":"article","og_title":"Docente fala sobre rela\u00e7\u00e3o entre c\u00e2ncer e uso de pl\u00e1sticos no micro-ondas - Blog S\u00e3o Camilo","og_description":"Dra. Luana Fi\u00faza, oncologia cl\u00ednica e docente do curso de Medicina do Centro Universi\u00e1rio S\u00e3o Camilo, participa de mat\u00e9ria da Rede Record.","og_url":"https:\/\/blog.saocamilo-sp.br\/index.php\/2023\/08\/16\/docente-fala-sobre-relacao-entre-cancer-e-uso-de-plasticos-no-micro-ondas\/","og_site_name":"Blog S\u00e3o Camilo","article_publisher":"https:\/\/www.facebook.com\/saocamilosp","article_published_time":"2023-08-16T20:57:02+00:00","article_modified_time":"2023-08-16T20:58:33+00:00","og_image":[{"width":799,"height":539,"url":"https:\/\/blog.saocamilo-sp.br\/wp-content\/uploads\/2023\/08\/Docente_medicina_oncologia.png","type":"image\/png"}],"author":"Leandro Lafr\u00e1gola","twitter_card":"summary_large_image","twitter_creator":"@saocamilosp","twitter_site":"@saocamilosp","twitter_misc":{"Escrito por":"Leandro Lafr\u00e1gola","Est. tempo de leitura":"1 minuto"},"schema":{"@context":"https:\/\/schema.org","@graph":[{"@type":"Article","@id":"https:\/\/blog.saocamilo-sp.br\/index.php\/2023\/08\/16\/docente-fala-sobre-relacao-entre-cancer-e-uso-de-plasticos-no-micro-ondas\/#article","isPartOf":{"@id":"https:\/\/blog.saocamilo-sp.br\/index.php\/2023\/08\/16\/docente-fala-sobre-relacao-entre-cancer-e-uso-de-plasticos-no-micro-ondas\/"},"author":{"name":"Leandro Lafr\u00e1gola","@id":"https:\/\/blog.saocamilo-sp.br\/#\/schema\/person\/1a99645faaab0bb55105f817e866e19b"},"headline":"Docente fala sobre rela\u00e7\u00e3o entre c\u00e2ncer e uso de pl\u00e1sticos no micro-ondas","datePublished":"2023-08-16T20:57:02+00:00","dateModified":"2023-08-16T20:58:33+00:00","mainEntityOfPage":{"@id":"https:\/\/blog.saocamilo-sp.br\/index.php\/2023\/08\/16\/docente-fala-sobre-relacao-entre-cancer-e-uso-de-plasticos-no-micro-ondas\/"},"wordCount":133,"commentCount":0,"publisher":{"@id":"https:\/\/blog.saocamilo-sp.br\/#organization"},"image":{"@id":"https:\/\/blog.saocamilo-sp.br\/index.php\/2023\/08\/16\/docente-fala-sobre-relacao-entre-cancer-e-uso-de-plasticos-no-micro-ondas\/#primaryimage"},"thumbnailUrl":"https:\/\/blog.saocamilo-sp.br\/wp-content\/uploads\/2023\/08\/Docente_medicina_oncologia.png","keywords":["Medicina","Sa\u00fade"],"articleSection":["Medicina"],"inLanguage":"pt-BR","potentialAction":[{"@type":"CommentAction","name":"Comment","target":["https:\/\/blog.saocamilo-sp.br\/index.php\/2023\/08\/16\/docente-fala-sobre-relacao-entre-cancer-e-uso-de-plasticos-no-micro-ondas\/#respond"]}]},{"@type":"WebPage","@id":"https:\/\/blog.saocamilo-sp.br\/index.php\/2023\/08\/16\/docente-fala-sobre-relacao-entre-cancer-e-uso-de-plasticos-no-micro-ondas\/","url":"https:\/\/blog.saocamilo-sp.br\/index.php\/2023\/08\/16\/docente-fala-sobre-relacao-entre-cancer-e-uso-de-plasticos-no-micro-ondas\/","name":"Docente fala sobre rela\u00e7\u00e3o entre c\u00e2ncer e uso de pl\u00e1sticos no micro-ondas - Blog S\u00e3o Camilo","isPartOf":{"@id":"https:\/\/blog.saocamilo-sp.br\/#website"},"primaryImageOfPage":{"@id":"https:\/\/blog.saocamilo-sp.br\/index.php\/2023\/08\/16\/docente-fala-sobre-relacao-entre-cancer-e-uso-de-plasticos-no-micro-ondas\/#primaryimage"},"image":{"@id":"https:\/\/blog.saocamilo-sp.br\/index.php\/2023\/08\/16\/docente-fala-sobre-relacao-entre-cancer-e-uso-de-plasticos-no-micro-ondas\/#primaryimage"},"thumbnailUrl":"https:\/\/blog.saocamilo-sp.br\/wp-content\/uploads\/2023\/08\/Docente_medicina_oncologia.png","datePublished":"2023-08-16T20:57:02+00:00","dateModified":"2023-08-16T20:58:33+00:00","description":"Dra. Luana Fi\u00faza, oncologia cl\u00ednica e docente do curso de Medicina do Centro Universi\u00e1rio S\u00e3o Camilo, participa de mat\u00e9ria da Rede Record.","breadcrumb":{"@id":"https:\/\/blog.saocamilo-sp.br\/index.php\/2023\/08\/16\/docente-fala-sobre-relacao-entre-cancer-e-uso-de-plasticos-no-micro-ondas\/#breadcrumb"},"inLanguage":"pt-BR","potentialAction":[{"@type":"ReadAction","target":["https:\/\/blog.saocamilo-sp.br\/index.php\/2023\/08\/16\/docente-fala-sobre-relacao-entre-cancer-e-uso-de-plasticos-no-micro-ondas\/"]}]},{"@type":"BreadcrumbList","@id":"https:\/\/blog.saocamilo-sp.br\/index.php\/2023\/08\/16\/docente-fala-sobre-relacao-entre-cancer-e-uso-de-plasticos-no-micro-ondas\/#breadcrumb","itemListElement":[{"@type":"ListItem","position":1,"name":"In\u00edcio","item":"https:\/\/blog.saocamilo-sp.br\/"},{"@type":"ListItem","position":2,"name":"Docente fala sobre rela\u00e7\u00e3o entre c\u00e2ncer e uso de pl\u00e1sticos no micro-ondas"}]},{"@type":"WebSite","@id":"https:\/\/blog.saocamilo-sp.br\/#website","url":"https:\/\/blog.saocamilo-sp.br\/","name":"Blog S\u00e3o Camilo","description":"Blog do Centro Universit\u00e1rio S\u00e3o Camilo","publisher":{"@id":"https:\/\/blog.saocamilo-sp.br\/#organization"},"potentialAction":[{"@type":"SearchAction","target":{"@type":"EntryPoint","urlTemplate":"https:\/\/blog.saocamilo-sp.br\/?s={search_term_string}"},"query-input":{"@type":"PropertyValueSpecification","valueRequired":true,"valueName":"search_term_string"}}],"inLanguage":"pt-BR"},{"@type":"Organization","@id":"https:\/\/blog.saocamilo-sp.br\/#organization","name":"Blog S\u00e3o Camilo","url":"https:\/\/blog.saocamilo-sp.br\/","logo":{"@type":"ImageObject","inLanguage":"pt-BR","@id":"https:\/\/blog.saocamilo-sp.br\/#\/schema\/logo\/image\/","url":"https:\/\/blog.saocamilo-sp.br\/wp-content\/uploads\/2021\/12\/cropped-vazio-logo-topo.png","contentUrl":"https:\/\/blog.saocamilo-sp.br\/wp-content\/uploads\/2021\/12\/cropped-vazio-logo-topo.png","width":320,"height":240,"caption":"Blog S\u00e3o Camilo"},"image":{"@id":"https:\/\/blog.saocamilo-sp.br\/#\/schema\/logo\/image\/"},"sameAs":["https:\/\/www.facebook.com\/saocamilosp","https:\/\/x.com\/saocamilosp","https:\/\/www.linkedin.com\/school\/centro-universit-rio-s-o-camilo\/"]},{"@type":"Person","@id":"https:\/\/blog.saocamilo-sp.br\/#\/schema\/person\/1a99645faaab0bb55105f817e866e19b","name":"Leandro Lafr\u00e1gola","image":{"@type":"ImageObject","inLanguage":"pt-BR","@id":"https:\/\/secure.gravatar.com\/avatar\/ec4232fb8d50d80f1c672353dc4c2876490e6a0a2a33d6572c0ba1fb78f115cf?s=96&d=mm&r=g","url":"https:\/\/secure.gravatar.com\/avatar\/ec4232fb8d50d80f1c672353dc4c2876490e6a0a2a33d6572c0ba1fb78f115cf?s=96&d=mm&r=g","contentUrl":"https:\/\/secure.gravatar.com\/avatar\/ec4232fb8d50d80f1c672353dc4c2876490e6a0a2a33d6572c0ba1fb78f115cf?s=96&d=mm&r=g","caption":"Leandro Lafr\u00e1gola"},"url":"https:\/\/blog.saocamilo-sp.br\/index.php\/author\/llafragola\/"}]}},"_links":{"self":[{"href":"https:\/\/blog.saocamilo-sp.br\/index.php\/wp-json\/wp\/v2\/posts\/1516","targetHints":{"allow":["GET"]}}],"collection":[{"href":"https:\/\/blog.saocamilo-sp.br\/index.php\/wp-json\/wp\/v2\/posts"}],"about":[{"href":"https:\/\/blog.saocamilo-sp.br\/index.php\/wp-json\/wp\/v2\/types\/post"}],"author":[{"embeddable":true,"href":"https:\/\/blog.saocamilo-sp.br\/index.php\/wp-json\/wp\/v2\/users\/13"}],"replies":[{"embeddable":true,"href":"https:\/\/blog.saocamilo-sp.br\/index.php\/wp-json\/wp\/v2\/comments?post=1516"}],"version-history":[{"count":3,"href":"https:\/\/blog.saocamilo-sp.br\/index.php\/wp-json\/wp\/v2\/posts\/1516\/revisions"}],"predecessor-version":[{"id":4152,"href":"https:\/\/blog.saocamilo-sp.br\/index.php\/wp-json\/wp\/v2\/posts\/1516\/revisions\/4152"}],"wp:featuredmedia":[{"embeddable":true,"href":"https:\/\/blog.saocamilo-sp.br\/index.php\/wp-json\/wp\/v2\/media\/1517"}],"wp:attachment":[{"href":"https:\/\/blog.saocamilo-sp.br\/index.php\/wp-json\/wp\/v2\/media?parent=1516"}],"wp:term":[{"taxonomy":"category","embeddable":true,"href":"https:\/\/blog.saocamilo-sp.br\/index.php\/wp-json\/wp\/v2\/categories?post=1516"},{"taxonomy":"post_tag","embeddable":true,"href":"https:\/\/blog.saocamilo-sp.br\/index.php\/wp-json\/wp\/v2\/tags?post=1516"}],"curies":[{"name":"wp","href":"https:\/\/api.w.org\/{rel}","templated":true}]}}