{"id":1532,"date":"2023-08-27T09:00:00","date_gmt":"2023-08-27T12:00:00","guid":{"rendered":"https:\/\/blog.saocamilo-sp.br\/?p=1532"},"modified":"2023-08-28T10:53:57","modified_gmt":"2023-08-28T13:53:57","slug":"cinco-curiosidades-sobre-a-psicologia","status":"publish","type":"post","link":"https:\/\/blog.saocamilo-sp.br\/index.php\/2023\/08\/27\/cinco-curiosidades-sobre-a-psicologia\/","title":{"rendered":"Dia do Psic\u00f3logo: confira cinco curiosidades incr\u00edveis sobre a Psicologia"},"content":{"rendered":"\n<p>No m\u00eas de agosto \u00e9 celebrado o  Dia do Psic\u00f3logo, profissional que desempenha um papel essencial em nossa jornada em dire\u00e7\u00e3o ao bem-estar mental e emocional. Para celebrar essa ocasi\u00e3o, preparamos um conte\u00fado especial com cinco curiosidades incr\u00edveis sobre a Psicologia:<\/p>\n\n\n\n<figure class=\"wp-block-image size-full\"><img loading=\"lazy\" decoding=\"async\" width=\"768\" height=\"518\" src=\"https:\/\/blog.saocamilo-sp.br\/wp-content\/uploads\/2023\/08\/MicrosoftTeams-image-37-1.jpg\" alt=\"\" class=\"wp-image-1535\" srcset=\"https:\/\/blog.saocamilo-sp.br\/wp-content\/uploads\/2023\/08\/MicrosoftTeams-image-37-1.jpg 768w, https:\/\/blog.saocamilo-sp.br\/wp-content\/uploads\/2023\/08\/MicrosoftTeams-image-37-1-300x202.jpg 300w, https:\/\/blog.saocamilo-sp.br\/wp-content\/uploads\/2023\/08\/MicrosoftTeams-image-37-1-600x405.jpg 600w\" sizes=\"auto, (max-width: 768px) 100vw, 768px\" \/><\/figure>\n\n\n\n<h3 class=\"wp-block-heading\">1) Origem da palavra:<\/h3>\n\n\n\n<p>A palavra &#8220;psicologia&#8221; tem origem grega e \u00e9 derivada de &#8220;psyche&#8221; (alma) e &#8220;logos&#8221; (estudo), ou seja, o estudo da alma. Logo a psicologia \u00e9 a ci\u00eancia que estuda os processos mentais (sentimentos, pensamentos, raz\u00e3o) e o comportamento humano.<\/p>\n\n\n\n<h3 class=\"wp-block-heading\">2) Freud e a Psican\u00e1lise:<\/h3>\n\n\n\n<p>Sigmund Freud \u00e9 conhecido, principalmente, por suas contribui\u00e7\u00f5es \u00e0 Psicologia por meio da cria\u00e7\u00e3o da teoria da Psican\u00e1lise, a qual revolucionou o entendimento sobre o inconsciente e os processos mentais.<br><br>De fato, suas teorias ofereceram um olhar inovador sobre a natureza do inconsciente e os processos mentais subjacentes. Al\u00e9m disso, ele introduziu conceitos como o complexo de \u00c9dipo e a interpreta\u00e7\u00e3o dos sonhos como vias para explorar as camadas mais profundas da psique humana. Ademais, sua abordagem desempenhou um papel fundamental na evolu\u00e7\u00e3o das terapias psicol\u00f3gicas, fornecendo uma base s\u00f3lida para a compreens\u00e3o das origens dos conflitos internos e dos traumas.<\/p>\n\n\n\n<h3 class=\"wp-block-heading\">3) Diversidade de Especialidades:<\/h3>\n\n\n\n<p>A Psicologia \u00e9 uma disciplina ampla; dessa forma, os profissionais t\u00eam a possibilidade de se especializar em diversas \u00e1reas. A t\u00edtulo de exemplo, destacam-se a Psicologia Cl\u00ednica, Psicologia Organizacional, Psicologia Escolar, Neuropsicologia, Psicologia Esportiva, entre v\u00e1rias outras.<\/p>\n\n\n\n<h3 class=\"wp-block-heading\">4) Abordagens Te\u00f3ricas:<\/h3>\n\n\n\n<p>A Psicologia \u00e9 caracterizada por uma diversidade de abordagens te\u00f3ricas que oferecem diferentes perspectivas para entender o comportamento humano. Desde a psicologia comportamentalista, que foca em est\u00edmulos e respostas, at\u00e9 a psicologia humanista, que enfatiza o crescimento pessoal e a autenticidade. Em suma, essas abordagens enriquecem o campo ao oferecer vis\u00f5es variadas sobre a complexidade da mente humana.<\/p>\n\n\n\n<h3 class=\"wp-block-heading\">5) Efeito Placebo:<\/h3>\n\n\n\n<p>A mente humana tem uma capacidade not\u00e1vel de influenciar o corpo. Desse modo, o fen\u00f4meno do efeito placebo, por exemplo, demonstra como a cren\u00e7a em um tratamento eficaz pode realmente levar a melhorias reais na sa\u00fade, mesmo que o tratamento seja inativo. Assim, ressalta o poder da mente e sua intera\u00e7\u00e3o com o corpo, adicionando uma camada fascinante \u00e0 compreens\u00e3o da psicologia e da medicina.<\/p>\n\n\n\n<p><\/p>\n\n\n\n<p>Por fim, se essas cinco curiosidades incr\u00edveis sobre a Psicologia despertaram sua curiosidade e desejo por aprendizado, ent\u00e3o conhecer o curso oferecido pelo <a href=\"https:\/\/saocamilo-sp.br\/\" target=\"_blank\" rel=\"noreferrer noopener\">Centro Universit\u00e1rio S\u00e3o Camilo<\/a> pode ser um passo significativo em sua jornada educacional. <\/p>\n\n\n\n<p>Ao escolher o curso, voc\u00ea ter\u00e1 a oportunidade de mergulhar nas complexidades da mente humana, com orienta\u00e7\u00e3o e instru\u00e7\u00e3o de profissionais altamente qualificados. Logo, a <a href=\"https:\/\/saocamilo-sp.br\/graduacao\/presencial\/psicologia\" target=\"_blank\" rel=\"noreferrer noopener\">gradua\u00e7\u00e3o em psicologia<\/a> pode n\u00e3o apenas aprimorar sua compreens\u00e3o do comportamento e das emo\u00e7\u00f5es humanas, mas tamb\u00e9m oferecer a base necess\u00e1ria para se aventurar em uma carreira gratificante nessa  \u00e1rea.<\/p>\n\n\n\n<p>Veja tamb\u00e9m:<\/p>\n\n\n\n<p><a href=\"https:\/\/blog.saocamilo-sp.br\/index.php\/2021\/12\/21\/o-que-se-estuda-no-curso-de-psicologia\/\" target=\"_blank\" rel=\"noreferrer noopener\">O que estuda no curso de psicologia?<\/a><\/p>\n\n\n\n<p><a href=\"https:\/\/blog.saocamilo-sp.br\/index.php\/2023\/07\/08\/estudo-anatomia-pecas-naturais\/\">Descobrindo a Import\u00e2ncia do Estudo de Anatomia com Pe\u00e7as Naturais&nbsp;<\/a><\/p>\n\n\n\n<p><a href=\"https:\/\/blog.saocamilo-sp.br\/index.php\/2023\/06\/29\/motivos-para-turbinar-a-sua-carreira-com-a-capacitacao-esg\/\">Conhe\u00e7a quatro motivos para turbinar a sua carreira com a capacita\u00e7\u00e3o ESG&nbsp;<\/a><\/p>\n\n\n\n<p>Saiba mais sobre nossos cursos:<\/p>\n\n\n\n<iframe loading=\"lazy\" src=\"https:\/\/saocamilo.apprbs.com.br\/tenho-interesse-blog\" height=\"530px\" width=\"100%\" frameborder=\"0\"><\/iframe>\n\n\n\n<p>Compartilhe em:<\/p>\n","protected":false},"excerpt":{"rendered":"<p>No m\u00eas de agosto \u00e9 celebrado o  Dia do Psic\u00f3logo. Para celebrar essa ocasi\u00e3o, preparamos uma sele\u00e7\u00e3o de curiosidades sobre a Psciologia. Confira:<\/p>\n","protected":false},"author":4,"featured_media":1537,"comment_status":"open","ping_status":"open","sticky":false,"template":"","format":"standard","meta":{"cybocfi_hide_featured_image":"yes","footnotes":""},"categories":[31],"tags":[13],"class_list":["post-1532","post","type-post","status-publish","format-standard","has-post-thumbnail","hentry","category-psicologia","tag-psicologia"],"yoast_head":"<!-- This site is optimized with the Yoast SEO plugin v27.4 - https:\/\/yoast.com\/product\/yoast-seo-wordpress\/ -->\n<title>Dia do Psic\u00f3logo: confira cinco curiosidades incr\u00edveis sobre a Psicologia<\/title>\n<meta name=\"description\" content=\"Para celebrar o Dia do Psic\u00f3logo, comemorado em 27 de agosto, preparamos uma sele\u00e7\u00e3o de curiosidades incr\u00edveis sobre a Psicologia. Confira!\" \/>\n<meta name=\"robots\" content=\"index, follow, max-snippet:-1, max-image-preview:large, max-video-preview:-1\" \/>\n<link rel=\"canonical\" href=\"https:\/\/blog.saocamilo-sp.br\/index.php\/2023\/08\/27\/cinco-curiosidades-sobre-a-psicologia\/\" \/>\n<meta property=\"og:locale\" content=\"pt_BR\" \/>\n<meta property=\"og:type\" content=\"article\" \/>\n<meta property=\"og:title\" content=\"Dia do Psic\u00f3logo: confira cinco curiosidades incr\u00edveis sobre a Psicologia\" \/>\n<meta property=\"og:description\" content=\"Para celebrar o Dia do Psic\u00f3logo, comemorado em 27 de agosto, preparamos uma sele\u00e7\u00e3o de curiosidades incr\u00edveis sobre a Psicologia. Confira!\" \/>\n<meta property=\"og:url\" content=\"https:\/\/blog.saocamilo-sp.br\/index.php\/2023\/08\/27\/cinco-curiosidades-sobre-a-psicologia\/\" \/>\n<meta property=\"og:site_name\" content=\"Blog S\u00e3o Camilo\" \/>\n<meta property=\"article:publisher\" content=\"https:\/\/www.facebook.com\/saocamilosp\" \/>\n<meta property=\"article:published_time\" content=\"2023-08-27T12:00:00+00:00\" \/>\n<meta property=\"article:modified_time\" content=\"2023-08-28T13:53:57+00:00\" \/>\n<meta property=\"og:image\" content=\"https:\/\/blog.saocamilo-sp.br\/wp-content\/uploads\/2023\/08\/MicrosoftTeams-image-37-2.jpg\" \/>\n\t<meta property=\"og:image:width\" content=\"768\" \/>\n\t<meta property=\"og:image:height\" content=\"518\" \/>\n\t<meta property=\"og:image:type\" content=\"image\/jpeg\" \/>\n<meta name=\"author\" content=\"Lucas Soares Gon\u00e7alves\" \/>\n<meta name=\"twitter:card\" content=\"summary_large_image\" \/>\n<meta name=\"twitter:creator\" content=\"@saocamilosp\" \/>\n<meta name=\"twitter:site\" content=\"@saocamilosp\" \/>\n<meta name=\"twitter:label1\" content=\"Escrito por\" \/>\n\t<meta name=\"twitter:data1\" content=\"Lucas Soares Gon\u00e7alves\" \/>\n\t<meta name=\"twitter:label2\" content=\"Est. tempo de leitura\" \/>\n\t<meta name=\"twitter:data2\" content=\"3 minutos\" \/>\n<script type=\"application\/ld+json\" class=\"yoast-schema-graph\">{\"@context\":\"https:\\\/\\\/schema.org\",\"@graph\":[{\"@type\":\"Article\",\"@id\":\"https:\\\/\\\/blog.saocamilo-sp.br\\\/index.php\\\/2023\\\/08\\\/27\\\/cinco-curiosidades-sobre-a-psicologia\\\/#article\",\"isPartOf\":{\"@id\":\"https:\\\/\\\/blog.saocamilo-sp.br\\\/index.php\\\/2023\\\/08\\\/27\\\/cinco-curiosidades-sobre-a-psicologia\\\/\"},\"author\":{\"name\":\"Lucas Soares Gon\u00e7alves\",\"@id\":\"https:\\\/\\\/blog.saocamilo-sp.br\\\/#\\\/schema\\\/person\\\/781135418152912d4b58f2db13a2eaf0\"},\"headline\":\"Dia do Psic\u00f3logo: confira cinco curiosidades incr\u00edveis sobre a Psicologia\",\"datePublished\":\"2023-08-27T12:00:00+00:00\",\"dateModified\":\"2023-08-28T13:53:57+00:00\",\"mainEntityOfPage\":{\"@id\":\"https:\\\/\\\/blog.saocamilo-sp.br\\\/index.php\\\/2023\\\/08\\\/27\\\/cinco-curiosidades-sobre-a-psicologia\\\/\"},\"wordCount\":539,\"commentCount\":0,\"publisher\":{\"@id\":\"https:\\\/\\\/blog.saocamilo-sp.br\\\/#organization\"},\"image\":{\"@id\":\"https:\\\/\\\/blog.saocamilo-sp.br\\\/index.php\\\/2023\\\/08\\\/27\\\/cinco-curiosidades-sobre-a-psicologia\\\/#primaryimage\"},\"thumbnailUrl\":\"https:\\\/\\\/blog.saocamilo-sp.br\\\/wp-content\\\/uploads\\\/2023\\\/08\\\/MicrosoftTeams-image-37-2.jpg\",\"keywords\":[\"Psicologia\"],\"articleSection\":[\"Psicologia\"],\"inLanguage\":\"pt-BR\",\"potentialAction\":[{\"@type\":\"CommentAction\",\"name\":\"Comment\",\"target\":[\"https:\\\/\\\/blog.saocamilo-sp.br\\\/index.php\\\/2023\\\/08\\\/27\\\/cinco-curiosidades-sobre-a-psicologia\\\/#respond\"]}]},{\"@type\":\"WebPage\",\"@id\":\"https:\\\/\\\/blog.saocamilo-sp.br\\\/index.php\\\/2023\\\/08\\\/27\\\/cinco-curiosidades-sobre-a-psicologia\\\/\",\"url\":\"https:\\\/\\\/blog.saocamilo-sp.br\\\/index.php\\\/2023\\\/08\\\/27\\\/cinco-curiosidades-sobre-a-psicologia\\\/\",\"name\":\"Dia do Psic\u00f3logo: confira cinco curiosidades incr\u00edveis sobre a Psicologia\",\"isPartOf\":{\"@id\":\"https:\\\/\\\/blog.saocamilo-sp.br\\\/#website\"},\"primaryImageOfPage\":{\"@id\":\"https:\\\/\\\/blog.saocamilo-sp.br\\\/index.php\\\/2023\\\/08\\\/27\\\/cinco-curiosidades-sobre-a-psicologia\\\/#primaryimage\"},\"image\":{\"@id\":\"https:\\\/\\\/blog.saocamilo-sp.br\\\/index.php\\\/2023\\\/08\\\/27\\\/cinco-curiosidades-sobre-a-psicologia\\\/#primaryimage\"},\"thumbnailUrl\":\"https:\\\/\\\/blog.saocamilo-sp.br\\\/wp-content\\\/uploads\\\/2023\\\/08\\\/MicrosoftTeams-image-37-2.jpg\",\"datePublished\":\"2023-08-27T12:00:00+00:00\",\"dateModified\":\"2023-08-28T13:53:57+00:00\",\"description\":\"Para celebrar o Dia do Psic\u00f3logo, comemorado em 27 de agosto, preparamos uma sele\u00e7\u00e3o de curiosidades incr\u00edveis sobre a Psicologia. Confira!\",\"breadcrumb\":{\"@id\":\"https:\\\/\\\/blog.saocamilo-sp.br\\\/index.php\\\/2023\\\/08\\\/27\\\/cinco-curiosidades-sobre-a-psicologia\\\/#breadcrumb\"},\"inLanguage\":\"pt-BR\",\"potentialAction\":[{\"@type\":\"ReadAction\",\"target\":[\"https:\\\/\\\/blog.saocamilo-sp.br\\\/index.php\\\/2023\\\/08\\\/27\\\/cinco-curiosidades-sobre-a-psicologia\\\/\"]}]},{\"@type\":\"BreadcrumbList\",\"@id\":\"https:\\\/\\\/blog.saocamilo-sp.br\\\/index.php\\\/2023\\\/08\\\/27\\\/cinco-curiosidades-sobre-a-psicologia\\\/#breadcrumb\",\"itemListElement\":[{\"@type\":\"ListItem\",\"position\":1,\"name\":\"In\u00edcio\",\"item\":\"https:\\\/\\\/blog.saocamilo-sp.br\\\/\"},{\"@type\":\"ListItem\",\"position\":2,\"name\":\"Dia do Psic\u00f3logo: confira cinco curiosidades incr\u00edveis sobre a Psicologia\"}]},{\"@type\":\"WebSite\",\"@id\":\"https:\\\/\\\/blog.saocamilo-sp.br\\\/#website\",\"url\":\"https:\\\/\\\/blog.saocamilo-sp.br\\\/\",\"name\":\"Blog S\u00e3o Camilo\",\"description\":\"Blog do Centro Universit\u00e1rio S\u00e3o Camilo\",\"publisher\":{\"@id\":\"https:\\\/\\\/blog.saocamilo-sp.br\\\/#organization\"},\"potentialAction\":[{\"@type\":\"SearchAction\",\"target\":{\"@type\":\"EntryPoint\",\"urlTemplate\":\"https:\\\/\\\/blog.saocamilo-sp.br\\\/?s={search_term_string}\"},\"query-input\":{\"@type\":\"PropertyValueSpecification\",\"valueRequired\":true,\"valueName\":\"search_term_string\"}}],\"inLanguage\":\"pt-BR\"},{\"@type\":\"Organization\",\"@id\":\"https:\\\/\\\/blog.saocamilo-sp.br\\\/#organization\",\"name\":\"Blog S\u00e3o Camilo\",\"url\":\"https:\\\/\\\/blog.saocamilo-sp.br\\\/\",\"logo\":{\"@type\":\"ImageObject\",\"inLanguage\":\"pt-BR\",\"@id\":\"https:\\\/\\\/blog.saocamilo-sp.br\\\/#\\\/schema\\\/logo\\\/image\\\/\",\"url\":\"https:\\\/\\\/blog.saocamilo-sp.br\\\/wp-content\\\/uploads\\\/2021\\\/12\\\/cropped-vazio-logo-topo.png\",\"contentUrl\":\"https:\\\/\\\/blog.saocamilo-sp.br\\\/wp-content\\\/uploads\\\/2021\\\/12\\\/cropped-vazio-logo-topo.png\",\"width\":320,\"height\":240,\"caption\":\"Blog S\u00e3o Camilo\"},\"image\":{\"@id\":\"https:\\\/\\\/blog.saocamilo-sp.br\\\/#\\\/schema\\\/logo\\\/image\\\/\"},\"sameAs\":[\"https:\\\/\\\/www.facebook.com\\\/saocamilosp\",\"https:\\\/\\\/x.com\\\/saocamilosp\",\"https:\\\/\\\/www.linkedin.com\\\/school\\\/centro-universit-rio-s-o-camilo\\\/\"]},{\"@type\":\"Person\",\"@id\":\"https:\\\/\\\/blog.saocamilo-sp.br\\\/#\\\/schema\\\/person\\\/781135418152912d4b58f2db13a2eaf0\",\"name\":\"Lucas Soares Gon\u00e7alves\",\"image\":{\"@type\":\"ImageObject\",\"inLanguage\":\"pt-BR\",\"@id\":\"https:\\\/\\\/secure.gravatar.com\\\/avatar\\\/bcd2d703cbb48116eaac2cac8643792535238ff30b2d7ce9e16f9254ec9cae83?s=96&d=mm&r=g\",\"url\":\"https:\\\/\\\/secure.gravatar.com\\\/avatar\\\/bcd2d703cbb48116eaac2cac8643792535238ff30b2d7ce9e16f9254ec9cae83?s=96&d=mm&r=g\",\"contentUrl\":\"https:\\\/\\\/secure.gravatar.com\\\/avatar\\\/bcd2d703cbb48116eaac2cac8643792535238ff30b2d7ce9e16f9254ec9cae83?s=96&d=mm&r=g\",\"caption\":\"Lucas Soares Gon\u00e7alves\"},\"url\":\"https:\\\/\\\/blog.saocamilo-sp.br\\\/index.php\\\/author\\\/lucas-soares-goncalves\\\/\"}]}<\/script>\n<!-- \/ Yoast SEO plugin. -->","yoast_head_json":{"title":"Dia do Psic\u00f3logo: confira cinco curiosidades incr\u00edveis sobre a Psicologia","description":"Para celebrar o Dia do Psic\u00f3logo, comemorado em 27 de agosto, preparamos uma sele\u00e7\u00e3o de curiosidades incr\u00edveis sobre a Psicologia. Confira!","robots":{"index":"index","follow":"follow","max-snippet":"max-snippet:-1","max-image-preview":"max-image-preview:large","max-video-preview":"max-video-preview:-1"},"canonical":"https:\/\/blog.saocamilo-sp.br\/index.php\/2023\/08\/27\/cinco-curiosidades-sobre-a-psicologia\/","og_locale":"pt_BR","og_type":"article","og_title":"Dia do Psic\u00f3logo: confira cinco curiosidades incr\u00edveis sobre a Psicologia","og_description":"Para celebrar o Dia do Psic\u00f3logo, comemorado em 27 de agosto, preparamos uma sele\u00e7\u00e3o de curiosidades incr\u00edveis sobre a Psicologia. Confira!","og_url":"https:\/\/blog.saocamilo-sp.br\/index.php\/2023\/08\/27\/cinco-curiosidades-sobre-a-psicologia\/","og_site_name":"Blog S\u00e3o Camilo","article_publisher":"https:\/\/www.facebook.com\/saocamilosp","article_published_time":"2023-08-27T12:00:00+00:00","article_modified_time":"2023-08-28T13:53:57+00:00","og_image":[{"width":768,"height":518,"url":"https:\/\/blog.saocamilo-sp.br\/wp-content\/uploads\/2023\/08\/MicrosoftTeams-image-37-2.jpg","type":"image\/jpeg"}],"author":"Lucas Soares Gon\u00e7alves","twitter_card":"summary_large_image","twitter_creator":"@saocamilosp","twitter_site":"@saocamilosp","twitter_misc":{"Escrito por":"Lucas Soares Gon\u00e7alves","Est. tempo de leitura":"3 minutos"},"schema":{"@context":"https:\/\/schema.org","@graph":[{"@type":"Article","@id":"https:\/\/blog.saocamilo-sp.br\/index.php\/2023\/08\/27\/cinco-curiosidades-sobre-a-psicologia\/#article","isPartOf":{"@id":"https:\/\/blog.saocamilo-sp.br\/index.php\/2023\/08\/27\/cinco-curiosidades-sobre-a-psicologia\/"},"author":{"name":"Lucas Soares Gon\u00e7alves","@id":"https:\/\/blog.saocamilo-sp.br\/#\/schema\/person\/781135418152912d4b58f2db13a2eaf0"},"headline":"Dia do Psic\u00f3logo: confira cinco curiosidades incr\u00edveis sobre a Psicologia","datePublished":"2023-08-27T12:00:00+00:00","dateModified":"2023-08-28T13:53:57+00:00","mainEntityOfPage":{"@id":"https:\/\/blog.saocamilo-sp.br\/index.php\/2023\/08\/27\/cinco-curiosidades-sobre-a-psicologia\/"},"wordCount":539,"commentCount":0,"publisher":{"@id":"https:\/\/blog.saocamilo-sp.br\/#organization"},"image":{"@id":"https:\/\/blog.saocamilo-sp.br\/index.php\/2023\/08\/27\/cinco-curiosidades-sobre-a-psicologia\/#primaryimage"},"thumbnailUrl":"https:\/\/blog.saocamilo-sp.br\/wp-content\/uploads\/2023\/08\/MicrosoftTeams-image-37-2.jpg","keywords":["Psicologia"],"articleSection":["Psicologia"],"inLanguage":"pt-BR","potentialAction":[{"@type":"CommentAction","name":"Comment","target":["https:\/\/blog.saocamilo-sp.br\/index.php\/2023\/08\/27\/cinco-curiosidades-sobre-a-psicologia\/#respond"]}]},{"@type":"WebPage","@id":"https:\/\/blog.saocamilo-sp.br\/index.php\/2023\/08\/27\/cinco-curiosidades-sobre-a-psicologia\/","url":"https:\/\/blog.saocamilo-sp.br\/index.php\/2023\/08\/27\/cinco-curiosidades-sobre-a-psicologia\/","name":"Dia do Psic\u00f3logo: confira cinco curiosidades incr\u00edveis sobre a Psicologia","isPartOf":{"@id":"https:\/\/blog.saocamilo-sp.br\/#website"},"primaryImageOfPage":{"@id":"https:\/\/blog.saocamilo-sp.br\/index.php\/2023\/08\/27\/cinco-curiosidades-sobre-a-psicologia\/#primaryimage"},"image":{"@id":"https:\/\/blog.saocamilo-sp.br\/index.php\/2023\/08\/27\/cinco-curiosidades-sobre-a-psicologia\/#primaryimage"},"thumbnailUrl":"https:\/\/blog.saocamilo-sp.br\/wp-content\/uploads\/2023\/08\/MicrosoftTeams-image-37-2.jpg","datePublished":"2023-08-27T12:00:00+00:00","dateModified":"2023-08-28T13:53:57+00:00","description":"Para celebrar o Dia do Psic\u00f3logo, comemorado em 27 de agosto, preparamos uma sele\u00e7\u00e3o de curiosidades incr\u00edveis sobre a Psicologia. Confira!","breadcrumb":{"@id":"https:\/\/blog.saocamilo-sp.br\/index.php\/2023\/08\/27\/cinco-curiosidades-sobre-a-psicologia\/#breadcrumb"},"inLanguage":"pt-BR","potentialAction":[{"@type":"ReadAction","target":["https:\/\/blog.saocamilo-sp.br\/index.php\/2023\/08\/27\/cinco-curiosidades-sobre-a-psicologia\/"]}]},{"@type":"BreadcrumbList","@id":"https:\/\/blog.saocamilo-sp.br\/index.php\/2023\/08\/27\/cinco-curiosidades-sobre-a-psicologia\/#breadcrumb","itemListElement":[{"@type":"ListItem","position":1,"name":"In\u00edcio","item":"https:\/\/blog.saocamilo-sp.br\/"},{"@type":"ListItem","position":2,"name":"Dia do Psic\u00f3logo: confira cinco curiosidades incr\u00edveis sobre a Psicologia"}]},{"@type":"WebSite","@id":"https:\/\/blog.saocamilo-sp.br\/#website","url":"https:\/\/blog.saocamilo-sp.br\/","name":"Blog S\u00e3o Camilo","description":"Blog do Centro Universit\u00e1rio S\u00e3o Camilo","publisher":{"@id":"https:\/\/blog.saocamilo-sp.br\/#organization"},"potentialAction":[{"@type":"SearchAction","target":{"@type":"EntryPoint","urlTemplate":"https:\/\/blog.saocamilo-sp.br\/?s={search_term_string}"},"query-input":{"@type":"PropertyValueSpecification","valueRequired":true,"valueName":"search_term_string"}}],"inLanguage":"pt-BR"},{"@type":"Organization","@id":"https:\/\/blog.saocamilo-sp.br\/#organization","name":"Blog S\u00e3o Camilo","url":"https:\/\/blog.saocamilo-sp.br\/","logo":{"@type":"ImageObject","inLanguage":"pt-BR","@id":"https:\/\/blog.saocamilo-sp.br\/#\/schema\/logo\/image\/","url":"https:\/\/blog.saocamilo-sp.br\/wp-content\/uploads\/2021\/12\/cropped-vazio-logo-topo.png","contentUrl":"https:\/\/blog.saocamilo-sp.br\/wp-content\/uploads\/2021\/12\/cropped-vazio-logo-topo.png","width":320,"height":240,"caption":"Blog S\u00e3o Camilo"},"image":{"@id":"https:\/\/blog.saocamilo-sp.br\/#\/schema\/logo\/image\/"},"sameAs":["https:\/\/www.facebook.com\/saocamilosp","https:\/\/x.com\/saocamilosp","https:\/\/www.linkedin.com\/school\/centro-universit-rio-s-o-camilo\/"]},{"@type":"Person","@id":"https:\/\/blog.saocamilo-sp.br\/#\/schema\/person\/781135418152912d4b58f2db13a2eaf0","name":"Lucas Soares Gon\u00e7alves","image":{"@type":"ImageObject","inLanguage":"pt-BR","@id":"https:\/\/secure.gravatar.com\/avatar\/bcd2d703cbb48116eaac2cac8643792535238ff30b2d7ce9e16f9254ec9cae83?s=96&d=mm&r=g","url":"https:\/\/secure.gravatar.com\/avatar\/bcd2d703cbb48116eaac2cac8643792535238ff30b2d7ce9e16f9254ec9cae83?s=96&d=mm&r=g","contentUrl":"https:\/\/secure.gravatar.com\/avatar\/bcd2d703cbb48116eaac2cac8643792535238ff30b2d7ce9e16f9254ec9cae83?s=96&d=mm&r=g","caption":"Lucas Soares Gon\u00e7alves"},"url":"https:\/\/blog.saocamilo-sp.br\/index.php\/author\/lucas-soares-goncalves\/"}]}},"_links":{"self":[{"href":"https:\/\/blog.saocamilo-sp.br\/index.php\/wp-json\/wp\/v2\/posts\/1532","targetHints":{"allow":["GET"]}}],"collection":[{"href":"https:\/\/blog.saocamilo-sp.br\/index.php\/wp-json\/wp\/v2\/posts"}],"about":[{"href":"https:\/\/blog.saocamilo-sp.br\/index.php\/wp-json\/wp\/v2\/types\/post"}],"author":[{"embeddable":true,"href":"https:\/\/blog.saocamilo-sp.br\/index.php\/wp-json\/wp\/v2\/users\/4"}],"replies":[{"embeddable":true,"href":"https:\/\/blog.saocamilo-sp.br\/index.php\/wp-json\/wp\/v2\/comments?post=1532"}],"version-history":[{"count":9,"href":"https:\/\/blog.saocamilo-sp.br\/index.php\/wp-json\/wp\/v2\/posts\/1532\/revisions"}],"predecessor-version":[{"id":1554,"href":"https:\/\/blog.saocamilo-sp.br\/index.php\/wp-json\/wp\/v2\/posts\/1532\/revisions\/1554"}],"wp:featuredmedia":[{"embeddable":true,"href":"https:\/\/blog.saocamilo-sp.br\/index.php\/wp-json\/wp\/v2\/media\/1537"}],"wp:attachment":[{"href":"https:\/\/blog.saocamilo-sp.br\/index.php\/wp-json\/wp\/v2\/media?parent=1532"}],"wp:term":[{"taxonomy":"category","embeddable":true,"href":"https:\/\/blog.saocamilo-sp.br\/index.php\/wp-json\/wp\/v2\/categories?post=1532"},{"taxonomy":"post_tag","embeddable":true,"href":"https:\/\/blog.saocamilo-sp.br\/index.php\/wp-json\/wp\/v2\/tags?post=1532"}],"curies":[{"name":"wp","href":"https:\/\/api.w.org\/{rel}","templated":true}]}}