{"id":1543,"date":"2023-08-31T09:00:00","date_gmt":"2023-08-31T12:00:00","guid":{"rendered":"https:\/\/blog.saocamilo-sp.br\/?p=1543"},"modified":"2023-08-31T18:47:14","modified_gmt":"2023-08-31T21:47:14","slug":"dia-do-nutricionista","status":"publish","type":"post","link":"https:\/\/blog.saocamilo-sp.br\/index.php\/2023\/08\/31\/dia-do-nutricionista\/","title":{"rendered":"Dia do Nutricionista: confira algumas curiosidades sobre a carreira"},"content":{"rendered":"\n<p>Para celebrar o Dia do Nutricionista, preparamos uma sele\u00e7\u00e3o de curiosidades que lan\u00e7am luz sobre a import\u00e2ncia da nutri\u00e7\u00e3o em nossas vidas. Desde os primeiros passos dessa profiss\u00e3o at\u00e9 as modernas abordagens alimentares, convidamos voc\u00ea a mergulhar conosco nesse universo fascinante e descobrir os segredos por tr\u00e1s dos alimentos que consumimos diariamente.<\/p>\n\n\n\n<figure class=\"wp-block-image size-full\"><img loading=\"lazy\" decoding=\"async\" width=\"768\" height=\"518\" src=\"https:\/\/blog.saocamilo-sp.br\/wp-content\/uploads\/2023\/08\/MicrosoftTeams-image-40.jpg\" alt=\"\" class=\"wp-image-1544\" srcset=\"https:\/\/blog.saocamilo-sp.br\/wp-content\/uploads\/2023\/08\/MicrosoftTeams-image-40.jpg 768w, https:\/\/blog.saocamilo-sp.br\/wp-content\/uploads\/2023\/08\/MicrosoftTeams-image-40-300x202.jpg 300w, https:\/\/blog.saocamilo-sp.br\/wp-content\/uploads\/2023\/08\/MicrosoftTeams-image-40-600x405.jpg 600w\" sizes=\"auto, (max-width: 768px) 100vw, 768px\" \/><\/figure>\n\n\n\n<p><strong>Hip\u00f3crates e o lema &#8220;Que seu alimento seja seu rem\u00e9dio&#8221;:<\/strong><\/p>\n\n\n\n<p>Hip\u00f3crates, o pai da medicina moderna, j\u00e1 reconhecia a import\u00e2ncia da alimenta\u00e7\u00e3o para a sa\u00fade e acreditava no poder dos alimentos como rem\u00e9dios para tratar doen\u00e7as.<\/p>\n\n\n\n<p><strong>Primeira nutricionista:<\/strong><\/p>\n\n\n\n<p>A primeira nutricionista registrada na hist\u00f3ria foi Lydia J. Roberts, que obteve o t\u00edtulo em 1906, na Universidade de Columbia, nos Estados Unidos.<\/p>\n\n\n\n<p><strong>Calorias:<\/strong><\/p>\n\n\n\n<p>A unidade de medida de energia nos alimentos \u00e9 a caloria. Ela representa a quantidade de energia necess\u00e1ria para elevar em 1 grau Celsius a temperatura de 1 grama de \u00e1gua.<\/p>\n\n\n\n<p><strong>A\u00e7\u00facar escondido:<\/strong><\/p>\n\n\n\n<p>Muitos alimentos processados cont\u00eam a\u00e7\u00facar em quantidades elevadas, mesmo aqueles que n\u00e3o s\u00e3o percebidos como doces. Isso inclui produtos como molhos para salada, p\u00e3es e alimentos industrializados em geral.<\/p>\n\n\n\n<p><strong>Fome emocional:<\/strong><\/p>\n\n\n\n<p>A Nutri\u00e7\u00e3o tamb\u00e9m est\u00e1 relacionada \u00e0 compreens\u00e3o das raz\u00f5es pelas quais comemos, incluindo a fome emocional, que \u00e9 quando comemos em resposta a emo\u00e7\u00f5es, estresse ou t\u00e9dio, e n\u00e3o por necessidade f\u00edsica.<\/p>\n\n\n\n<p><strong>Nutri\u00e7\u00e3o Esportiva:<\/strong><\/p>\n\n\n\n<p>Al\u00e9m de auxiliar na sa\u00fade geral, a Nutri\u00e7\u00e3o \u00e9 essencial para o desempenho esportivo. Atletas e praticantes de atividades f\u00edsicas precisam de uma dieta adequada para otimizar sua performance e recupera\u00e7\u00e3o.<\/p>\n\n\n\n<p><strong>Alimenta\u00e7\u00e3o e sustentabilidade:<\/strong><\/p>\n\n\n\n<p>A Nutri\u00e7\u00e3o tamb\u00e9m est\u00e1 relacionada \u00e0 sustentabilidade e ao impacto ambiental. Escolhas alimentares sustent\u00e1veis podem ajudar a preservar recursos naturais e reduzir a pegada ecol\u00f3gica.<\/p>\n\n\n\n<p><\/p>\n\n\n\n<p>Os nutricionistas desempenham um papel essencial em orientar nossas escolhas alimentares e promover estilos de vida saud\u00e1veis. \u00c9 preciso reconhecer e valorizar esses profissionais que desempenham um papel crucial em nossa jornada em dire\u00e7\u00e3o \u00e0 sa\u00fade e ao bem-estar.<\/p>\n\n\n\n<p><\/p>\n\n\n\n<p>Se o campo da nutri\u00e7\u00e3o desperta o seu interesse e voc\u00ea deseja trilhar um caminho que beneficie n\u00e3o apenas a sua vida, mas tamb\u00e9m a daqueles ao seu redor, convidamos voc\u00ea a conhecer o curso de <a href=\"https:\/\/saocamilo-sp.br\/graduacao\/presencial\/nutricao\" target=\"_blank\" rel=\"noreferrer noopener\">gradua\u00e7\u00e3o em Nutri\u00e7\u00e3o<\/a> e as especializa\u00e7\u00f5es oferecidas pelo <a href=\"https:\/\/saocamilo-sp.br\/\" target=\"_blank\" rel=\"noreferrer noopener\">Centro Universit\u00e1rio S\u00e3o Camilo<\/a>. Nossos programas fornecem uma base s\u00f3lida para que voc\u00ea possa seguir uma carreira na \u00e1rea da nutri\u00e7\u00e3o, estando bem preparado e comprometido com a sa\u00fade da comunidade.<\/p>\n\n\n\n<p>Veja tamb\u00e9m:<\/p>\n\n\n\n<p><a href=\"https:\/\/blog.saocamilo-sp.br\/wp-admin\/post.php?post=1473&amp;action=edit\">Editar post \u201cCoordenadora de Nutri\u00e7\u00e3o fala sobre lancheiras saud\u00e1veis para a TV Globo\u201d <\/a><\/p>\n\n\n\n<p><a href=\"https:\/\/blog.saocamilo-sp.br\/index.php\/2023\/08\/27\/cinco-curiosidades-sobre-a-psicologia\/\">Dia do Psicogo: confira cinco curiosidades incr\u00edveis sobre a Psicologia <\/a><\/p>\n\n\n\n<p><a href=\"https:\/\/blog.saocamilo-sp.br\/wp-admin\/post.php?post=1516&amp;action=edit\"> \u201cDocente fala sobre rela\u00e7\u00e3o entre c\u00e2ncer e uso de pl\u00e1sticos no micro-ondas\u201d <\/a><\/p>\n\n\n\n<p><\/p>\n\n\n\n<p>Saiba mais sobre nossos cursos:<\/p>\n\n\n\n<iframe loading=\"lazy\" src=\"https:\/\/saocamilo.apprbs.com.br\/tenho-interesse-blog\" height=\"530px\" width=\"100%\" frameborder=\"0\"><\/iframe>\n\n\n\n<p>Compartilhe em:<\/p>\n","protected":false},"excerpt":{"rendered":"<p>Para celebrar o Dia do Nutricionista, preparamos uma sele\u00e7\u00e3o de curiosidades que lan\u00e7am luz sobre a import\u00e2ncia da nutri\u00e7\u00e3o em nossas vidas. <\/p>\n","protected":false},"author":4,"featured_media":1544,"comment_status":"open","ping_status":"open","sticky":false,"template":"","format":"standard","meta":{"cybocfi_hide_featured_image":"","footnotes":""},"categories":[1,24],"tags":[7,17,16],"class_list":["post-1543","post","type-post","status-publish","format-standard","has-post-thumbnail","hentry","category-cursos","category-nutricao","tag-nutricao","tag-saude","tag-vida-universitaria"],"yoast_head":"<!-- This site is optimized with the Yoast SEO plugin v27.5 - https:\/\/yoast.com\/product\/yoast-seo-wordpress\/ -->\n<title>Dia do Nutricionista: confira algumas curiosidades sobre a carreira - Blog S\u00e3o Camilo<\/title>\n<meta name=\"description\" content=\"Para celebrar o Dia do Nutricionista, preparamos uma sele\u00e7\u00e3o de curiosidades que lan\u00e7am luz sobre a import\u00e2ncia da nutri\u00e7\u00e3o em nossas vidas\" \/>\n<meta name=\"robots\" content=\"index, follow, max-snippet:-1, max-image-preview:large, max-video-preview:-1\" \/>\n<link rel=\"canonical\" href=\"https:\/\/blog.saocamilo-sp.br\/index.php\/2023\/08\/31\/dia-do-nutricionista\/\" \/>\n<meta property=\"og:locale\" content=\"pt_BR\" \/>\n<meta property=\"og:type\" content=\"article\" \/>\n<meta property=\"og:title\" content=\"Dia do Nutricionista: confira algumas curiosidades sobre a carreira - Blog S\u00e3o Camilo\" \/>\n<meta property=\"og:description\" content=\"Para celebrar o Dia do Nutricionista, preparamos uma sele\u00e7\u00e3o de curiosidades que lan\u00e7am luz sobre a import\u00e2ncia da nutri\u00e7\u00e3o em nossas vidas\" \/>\n<meta property=\"og:url\" content=\"https:\/\/blog.saocamilo-sp.br\/index.php\/2023\/08\/31\/dia-do-nutricionista\/\" \/>\n<meta property=\"og:site_name\" content=\"Blog S\u00e3o Camilo\" \/>\n<meta property=\"article:publisher\" content=\"https:\/\/www.facebook.com\/saocamilosp\" \/>\n<meta property=\"article:published_time\" content=\"2023-08-31T12:00:00+00:00\" \/>\n<meta property=\"article:modified_time\" content=\"2023-08-31T21:47:14+00:00\" \/>\n<meta property=\"og:image\" content=\"https:\/\/blog.saocamilo-sp.br\/wp-content\/uploads\/2023\/08\/MicrosoftTeams-image-40.jpg\" \/>\n\t<meta property=\"og:image:width\" content=\"768\" \/>\n\t<meta property=\"og:image:height\" content=\"518\" \/>\n\t<meta property=\"og:image:type\" content=\"image\/jpeg\" \/>\n<meta name=\"author\" content=\"Lucas Soares Gon\u00e7alves\" \/>\n<meta name=\"twitter:card\" content=\"summary_large_image\" \/>\n<meta name=\"twitter:creator\" content=\"@saocamilosp\" \/>\n<meta name=\"twitter:site\" content=\"@saocamilosp\" \/>\n<meta name=\"twitter:label1\" content=\"Escrito por\" \/>\n\t<meta name=\"twitter:data1\" content=\"Lucas Soares Gon\u00e7alves\" \/>\n\t<meta name=\"twitter:label2\" content=\"Est. tempo de leitura\" \/>\n\t<meta name=\"twitter:data2\" content=\"3 minutos\" \/>\n<script type=\"application\/ld+json\" class=\"yoast-schema-graph\">{\"@context\":\"https:\\\/\\\/schema.org\",\"@graph\":[{\"@type\":\"Article\",\"@id\":\"https:\\\/\\\/blog.saocamilo-sp.br\\\/index.php\\\/2023\\\/08\\\/31\\\/dia-do-nutricionista\\\/#article\",\"isPartOf\":{\"@id\":\"https:\\\/\\\/blog.saocamilo-sp.br\\\/index.php\\\/2023\\\/08\\\/31\\\/dia-do-nutricionista\\\/\"},\"author\":{\"name\":\"Lucas Soares Gon\u00e7alves\",\"@id\":\"https:\\\/\\\/blog.saocamilo-sp.br\\\/#\\\/schema\\\/person\\\/781135418152912d4b58f2db13a2eaf0\"},\"headline\":\"Dia do Nutricionista: confira algumas curiosidades sobre a carreira\",\"datePublished\":\"2023-08-31T12:00:00+00:00\",\"dateModified\":\"2023-08-31T21:47:14+00:00\",\"mainEntityOfPage\":{\"@id\":\"https:\\\/\\\/blog.saocamilo-sp.br\\\/index.php\\\/2023\\\/08\\\/31\\\/dia-do-nutricionista\\\/\"},\"wordCount\":491,\"commentCount\":0,\"publisher\":{\"@id\":\"https:\\\/\\\/blog.saocamilo-sp.br\\\/#organization\"},\"image\":{\"@id\":\"https:\\\/\\\/blog.saocamilo-sp.br\\\/index.php\\\/2023\\\/08\\\/31\\\/dia-do-nutricionista\\\/#primaryimage\"},\"thumbnailUrl\":\"https:\\\/\\\/blog.saocamilo-sp.br\\\/wp-content\\\/uploads\\\/2023\\\/08\\\/MicrosoftTeams-image-40.jpg\",\"keywords\":[\"Nutri\u00e7\u00e3o\",\"Sa\u00fade\",\"Vida Universit\u00e1ria\"],\"articleSection\":[\"Cursos\",\"Nutri\u00e7\u00e3o\"],\"inLanguage\":\"pt-BR\",\"potentialAction\":[{\"@type\":\"CommentAction\",\"name\":\"Comment\",\"target\":[\"https:\\\/\\\/blog.saocamilo-sp.br\\\/index.php\\\/2023\\\/08\\\/31\\\/dia-do-nutricionista\\\/#respond\"]}]},{\"@type\":\"WebPage\",\"@id\":\"https:\\\/\\\/blog.saocamilo-sp.br\\\/index.php\\\/2023\\\/08\\\/31\\\/dia-do-nutricionista\\\/\",\"url\":\"https:\\\/\\\/blog.saocamilo-sp.br\\\/index.php\\\/2023\\\/08\\\/31\\\/dia-do-nutricionista\\\/\",\"name\":\"Dia do Nutricionista: confira algumas curiosidades sobre a carreira - Blog S\u00e3o Camilo\",\"isPartOf\":{\"@id\":\"https:\\\/\\\/blog.saocamilo-sp.br\\\/#website\"},\"primaryImageOfPage\":{\"@id\":\"https:\\\/\\\/blog.saocamilo-sp.br\\\/index.php\\\/2023\\\/08\\\/31\\\/dia-do-nutricionista\\\/#primaryimage\"},\"image\":{\"@id\":\"https:\\\/\\\/blog.saocamilo-sp.br\\\/index.php\\\/2023\\\/08\\\/31\\\/dia-do-nutricionista\\\/#primaryimage\"},\"thumbnailUrl\":\"https:\\\/\\\/blog.saocamilo-sp.br\\\/wp-content\\\/uploads\\\/2023\\\/08\\\/MicrosoftTeams-image-40.jpg\",\"datePublished\":\"2023-08-31T12:00:00+00:00\",\"dateModified\":\"2023-08-31T21:47:14+00:00\",\"description\":\"Para celebrar o Dia do Nutricionista, preparamos uma sele\u00e7\u00e3o de curiosidades que lan\u00e7am luz sobre a import\u00e2ncia da nutri\u00e7\u00e3o em nossas vidas\",\"breadcrumb\":{\"@id\":\"https:\\\/\\\/blog.saocamilo-sp.br\\\/index.php\\\/2023\\\/08\\\/31\\\/dia-do-nutricionista\\\/#breadcrumb\"},\"inLanguage\":\"pt-BR\",\"potentialAction\":[{\"@type\":\"ReadAction\",\"target\":[\"https:\\\/\\\/blog.saocamilo-sp.br\\\/index.php\\\/2023\\\/08\\\/31\\\/dia-do-nutricionista\\\/\"]}]},{\"@type\":\"ImageObject\",\"inLanguage\":\"pt-BR\",\"@id\":\"https:\\\/\\\/blog.saocamilo-sp.br\\\/index.php\\\/2023\\\/08\\\/31\\\/dia-do-nutricionista\\\/#primaryimage\",\"url\":\"https:\\\/\\\/blog.saocamilo-sp.br\\\/wp-content\\\/uploads\\\/2023\\\/08\\\/MicrosoftTeams-image-40.jpg\",\"contentUrl\":\"https:\\\/\\\/blog.saocamilo-sp.br\\\/wp-content\\\/uploads\\\/2023\\\/08\\\/MicrosoftTeams-image-40.jpg\",\"width\":768,\"height\":518,\"caption\":\"Venha conferir dicas imperd\u00edveis sobre nutri\u00e7\u00e3o no dia do Nutricionista!\"},{\"@type\":\"BreadcrumbList\",\"@id\":\"https:\\\/\\\/blog.saocamilo-sp.br\\\/index.php\\\/2023\\\/08\\\/31\\\/dia-do-nutricionista\\\/#breadcrumb\",\"itemListElement\":[{\"@type\":\"ListItem\",\"position\":1,\"name\":\"In\u00edcio\",\"item\":\"https:\\\/\\\/blog.saocamilo-sp.br\\\/\"},{\"@type\":\"ListItem\",\"position\":2,\"name\":\"Dia do Nutricionista: confira algumas curiosidades sobre a carreira\"}]},{\"@type\":\"WebSite\",\"@id\":\"https:\\\/\\\/blog.saocamilo-sp.br\\\/#website\",\"url\":\"https:\\\/\\\/blog.saocamilo-sp.br\\\/\",\"name\":\"Blog S\u00e3o Camilo\",\"description\":\"Blog do Centro Universit\u00e1rio S\u00e3o Camilo\",\"publisher\":{\"@id\":\"https:\\\/\\\/blog.saocamilo-sp.br\\\/#organization\"},\"potentialAction\":[{\"@type\":\"SearchAction\",\"target\":{\"@type\":\"EntryPoint\",\"urlTemplate\":\"https:\\\/\\\/blog.saocamilo-sp.br\\\/?s={search_term_string}\"},\"query-input\":{\"@type\":\"PropertyValueSpecification\",\"valueRequired\":true,\"valueName\":\"search_term_string\"}}],\"inLanguage\":\"pt-BR\"},{\"@type\":\"Organization\",\"@id\":\"https:\\\/\\\/blog.saocamilo-sp.br\\\/#organization\",\"name\":\"Blog S\u00e3o Camilo\",\"url\":\"https:\\\/\\\/blog.saocamilo-sp.br\\\/\",\"logo\":{\"@type\":\"ImageObject\",\"inLanguage\":\"pt-BR\",\"@id\":\"https:\\\/\\\/blog.saocamilo-sp.br\\\/#\\\/schema\\\/logo\\\/image\\\/\",\"url\":\"https:\\\/\\\/blog.saocamilo-sp.br\\\/wp-content\\\/uploads\\\/2021\\\/12\\\/cropped-vazio-logo-topo.png\",\"contentUrl\":\"https:\\\/\\\/blog.saocamilo-sp.br\\\/wp-content\\\/uploads\\\/2021\\\/12\\\/cropped-vazio-logo-topo.png\",\"width\":320,\"height\":240,\"caption\":\"Blog S\u00e3o Camilo\"},\"image\":{\"@id\":\"https:\\\/\\\/blog.saocamilo-sp.br\\\/#\\\/schema\\\/logo\\\/image\\\/\"},\"sameAs\":[\"https:\\\/\\\/www.facebook.com\\\/saocamilosp\",\"https:\\\/\\\/x.com\\\/saocamilosp\",\"https:\\\/\\\/www.linkedin.com\\\/school\\\/centro-universit-rio-s-o-camilo\\\/\"]},{\"@type\":\"Person\",\"@id\":\"https:\\\/\\\/blog.saocamilo-sp.br\\\/#\\\/schema\\\/person\\\/781135418152912d4b58f2db13a2eaf0\",\"name\":\"Lucas Soares Gon\u00e7alves\",\"image\":{\"@type\":\"ImageObject\",\"inLanguage\":\"pt-BR\",\"@id\":\"https:\\\/\\\/secure.gravatar.com\\\/avatar\\\/bcd2d703cbb48116eaac2cac8643792535238ff30b2d7ce9e16f9254ec9cae83?s=96&d=mm&r=g\",\"url\":\"https:\\\/\\\/secure.gravatar.com\\\/avatar\\\/bcd2d703cbb48116eaac2cac8643792535238ff30b2d7ce9e16f9254ec9cae83?s=96&d=mm&r=g\",\"contentUrl\":\"https:\\\/\\\/secure.gravatar.com\\\/avatar\\\/bcd2d703cbb48116eaac2cac8643792535238ff30b2d7ce9e16f9254ec9cae83?s=96&d=mm&r=g\",\"caption\":\"Lucas Soares Gon\u00e7alves\"},\"url\":\"https:\\\/\\\/blog.saocamilo-sp.br\\\/index.php\\\/author\\\/lucas-soares-goncalves\\\/\"}]}<\/script>\n<!-- \/ Yoast SEO plugin. -->","yoast_head_json":{"title":"Dia do Nutricionista: confira algumas curiosidades sobre a carreira - Blog S\u00e3o Camilo","description":"Para celebrar o Dia do Nutricionista, preparamos uma sele\u00e7\u00e3o de curiosidades que lan\u00e7am luz sobre a import\u00e2ncia da nutri\u00e7\u00e3o em nossas vidas","robots":{"index":"index","follow":"follow","max-snippet":"max-snippet:-1","max-image-preview":"max-image-preview:large","max-video-preview":"max-video-preview:-1"},"canonical":"https:\/\/blog.saocamilo-sp.br\/index.php\/2023\/08\/31\/dia-do-nutricionista\/","og_locale":"pt_BR","og_type":"article","og_title":"Dia do Nutricionista: confira algumas curiosidades sobre a carreira - Blog S\u00e3o Camilo","og_description":"Para celebrar o Dia do Nutricionista, preparamos uma sele\u00e7\u00e3o de curiosidades que lan\u00e7am luz sobre a import\u00e2ncia da nutri\u00e7\u00e3o em nossas vidas","og_url":"https:\/\/blog.saocamilo-sp.br\/index.php\/2023\/08\/31\/dia-do-nutricionista\/","og_site_name":"Blog S\u00e3o Camilo","article_publisher":"https:\/\/www.facebook.com\/saocamilosp","article_published_time":"2023-08-31T12:00:00+00:00","article_modified_time":"2023-08-31T21:47:14+00:00","og_image":[{"width":768,"height":518,"url":"https:\/\/blog.saocamilo-sp.br\/wp-content\/uploads\/2023\/08\/MicrosoftTeams-image-40.jpg","type":"image\/jpeg"}],"author":"Lucas Soares Gon\u00e7alves","twitter_card":"summary_large_image","twitter_creator":"@saocamilosp","twitter_site":"@saocamilosp","twitter_misc":{"Escrito por":"Lucas Soares Gon\u00e7alves","Est. tempo de leitura":"3 minutos"},"schema":{"@context":"https:\/\/schema.org","@graph":[{"@type":"Article","@id":"https:\/\/blog.saocamilo-sp.br\/index.php\/2023\/08\/31\/dia-do-nutricionista\/#article","isPartOf":{"@id":"https:\/\/blog.saocamilo-sp.br\/index.php\/2023\/08\/31\/dia-do-nutricionista\/"},"author":{"name":"Lucas Soares Gon\u00e7alves","@id":"https:\/\/blog.saocamilo-sp.br\/#\/schema\/person\/781135418152912d4b58f2db13a2eaf0"},"headline":"Dia do Nutricionista: confira algumas curiosidades sobre a carreira","datePublished":"2023-08-31T12:00:00+00:00","dateModified":"2023-08-31T21:47:14+00:00","mainEntityOfPage":{"@id":"https:\/\/blog.saocamilo-sp.br\/index.php\/2023\/08\/31\/dia-do-nutricionista\/"},"wordCount":491,"commentCount":0,"publisher":{"@id":"https:\/\/blog.saocamilo-sp.br\/#organization"},"image":{"@id":"https:\/\/blog.saocamilo-sp.br\/index.php\/2023\/08\/31\/dia-do-nutricionista\/#primaryimage"},"thumbnailUrl":"https:\/\/blog.saocamilo-sp.br\/wp-content\/uploads\/2023\/08\/MicrosoftTeams-image-40.jpg","keywords":["Nutri\u00e7\u00e3o","Sa\u00fade","Vida Universit\u00e1ria"],"articleSection":["Cursos","Nutri\u00e7\u00e3o"],"inLanguage":"pt-BR","potentialAction":[{"@type":"CommentAction","name":"Comment","target":["https:\/\/blog.saocamilo-sp.br\/index.php\/2023\/08\/31\/dia-do-nutricionista\/#respond"]}]},{"@type":"WebPage","@id":"https:\/\/blog.saocamilo-sp.br\/index.php\/2023\/08\/31\/dia-do-nutricionista\/","url":"https:\/\/blog.saocamilo-sp.br\/index.php\/2023\/08\/31\/dia-do-nutricionista\/","name":"Dia do Nutricionista: confira algumas curiosidades sobre a carreira - Blog S\u00e3o Camilo","isPartOf":{"@id":"https:\/\/blog.saocamilo-sp.br\/#website"},"primaryImageOfPage":{"@id":"https:\/\/blog.saocamilo-sp.br\/index.php\/2023\/08\/31\/dia-do-nutricionista\/#primaryimage"},"image":{"@id":"https:\/\/blog.saocamilo-sp.br\/index.php\/2023\/08\/31\/dia-do-nutricionista\/#primaryimage"},"thumbnailUrl":"https:\/\/blog.saocamilo-sp.br\/wp-content\/uploads\/2023\/08\/MicrosoftTeams-image-40.jpg","datePublished":"2023-08-31T12:00:00+00:00","dateModified":"2023-08-31T21:47:14+00:00","description":"Para celebrar o Dia do Nutricionista, preparamos uma sele\u00e7\u00e3o de curiosidades que lan\u00e7am luz sobre a import\u00e2ncia da nutri\u00e7\u00e3o em nossas vidas","breadcrumb":{"@id":"https:\/\/blog.saocamilo-sp.br\/index.php\/2023\/08\/31\/dia-do-nutricionista\/#breadcrumb"},"inLanguage":"pt-BR","potentialAction":[{"@type":"ReadAction","target":["https:\/\/blog.saocamilo-sp.br\/index.php\/2023\/08\/31\/dia-do-nutricionista\/"]}]},{"@type":"ImageObject","inLanguage":"pt-BR","@id":"https:\/\/blog.saocamilo-sp.br\/index.php\/2023\/08\/31\/dia-do-nutricionista\/#primaryimage","url":"https:\/\/blog.saocamilo-sp.br\/wp-content\/uploads\/2023\/08\/MicrosoftTeams-image-40.jpg","contentUrl":"https:\/\/blog.saocamilo-sp.br\/wp-content\/uploads\/2023\/08\/MicrosoftTeams-image-40.jpg","width":768,"height":518,"caption":"Venha conferir dicas imperd\u00edveis sobre nutri\u00e7\u00e3o no dia do Nutricionista!"},{"@type":"BreadcrumbList","@id":"https:\/\/blog.saocamilo-sp.br\/index.php\/2023\/08\/31\/dia-do-nutricionista\/#breadcrumb","itemListElement":[{"@type":"ListItem","position":1,"name":"In\u00edcio","item":"https:\/\/blog.saocamilo-sp.br\/"},{"@type":"ListItem","position":2,"name":"Dia do Nutricionista: confira algumas curiosidades sobre a carreira"}]},{"@type":"WebSite","@id":"https:\/\/blog.saocamilo-sp.br\/#website","url":"https:\/\/blog.saocamilo-sp.br\/","name":"Blog S\u00e3o Camilo","description":"Blog do Centro Universit\u00e1rio S\u00e3o Camilo","publisher":{"@id":"https:\/\/blog.saocamilo-sp.br\/#organization"},"potentialAction":[{"@type":"SearchAction","target":{"@type":"EntryPoint","urlTemplate":"https:\/\/blog.saocamilo-sp.br\/?s={search_term_string}"},"query-input":{"@type":"PropertyValueSpecification","valueRequired":true,"valueName":"search_term_string"}}],"inLanguage":"pt-BR"},{"@type":"Organization","@id":"https:\/\/blog.saocamilo-sp.br\/#organization","name":"Blog S\u00e3o Camilo","url":"https:\/\/blog.saocamilo-sp.br\/","logo":{"@type":"ImageObject","inLanguage":"pt-BR","@id":"https:\/\/blog.saocamilo-sp.br\/#\/schema\/logo\/image\/","url":"https:\/\/blog.saocamilo-sp.br\/wp-content\/uploads\/2021\/12\/cropped-vazio-logo-topo.png","contentUrl":"https:\/\/blog.saocamilo-sp.br\/wp-content\/uploads\/2021\/12\/cropped-vazio-logo-topo.png","width":320,"height":240,"caption":"Blog S\u00e3o Camilo"},"image":{"@id":"https:\/\/blog.saocamilo-sp.br\/#\/schema\/logo\/image\/"},"sameAs":["https:\/\/www.facebook.com\/saocamilosp","https:\/\/x.com\/saocamilosp","https:\/\/www.linkedin.com\/school\/centro-universit-rio-s-o-camilo\/"]},{"@type":"Person","@id":"https:\/\/blog.saocamilo-sp.br\/#\/schema\/person\/781135418152912d4b58f2db13a2eaf0","name":"Lucas Soares Gon\u00e7alves","image":{"@type":"ImageObject","inLanguage":"pt-BR","@id":"https:\/\/secure.gravatar.com\/avatar\/bcd2d703cbb48116eaac2cac8643792535238ff30b2d7ce9e16f9254ec9cae83?s=96&d=mm&r=g","url":"https:\/\/secure.gravatar.com\/avatar\/bcd2d703cbb48116eaac2cac8643792535238ff30b2d7ce9e16f9254ec9cae83?s=96&d=mm&r=g","contentUrl":"https:\/\/secure.gravatar.com\/avatar\/bcd2d703cbb48116eaac2cac8643792535238ff30b2d7ce9e16f9254ec9cae83?s=96&d=mm&r=g","caption":"Lucas Soares Gon\u00e7alves"},"url":"https:\/\/blog.saocamilo-sp.br\/index.php\/author\/lucas-soares-goncalves\/"}]}},"_links":{"self":[{"href":"https:\/\/blog.saocamilo-sp.br\/index.php\/wp-json\/wp\/v2\/posts\/1543","targetHints":{"allow":["GET"]}}],"collection":[{"href":"https:\/\/blog.saocamilo-sp.br\/index.php\/wp-json\/wp\/v2\/posts"}],"about":[{"href":"https:\/\/blog.saocamilo-sp.br\/index.php\/wp-json\/wp\/v2\/types\/post"}],"author":[{"embeddable":true,"href":"https:\/\/blog.saocamilo-sp.br\/index.php\/wp-json\/wp\/v2\/users\/4"}],"replies":[{"embeddable":true,"href":"https:\/\/blog.saocamilo-sp.br\/index.php\/wp-json\/wp\/v2\/comments?post=1543"}],"version-history":[{"count":6,"href":"https:\/\/blog.saocamilo-sp.br\/index.php\/wp-json\/wp\/v2\/posts\/1543\/revisions"}],"predecessor-version":[{"id":1596,"href":"https:\/\/blog.saocamilo-sp.br\/index.php\/wp-json\/wp\/v2\/posts\/1543\/revisions\/1596"}],"wp:featuredmedia":[{"embeddable":true,"href":"https:\/\/blog.saocamilo-sp.br\/index.php\/wp-json\/wp\/v2\/media\/1544"}],"wp:attachment":[{"href":"https:\/\/blog.saocamilo-sp.br\/index.php\/wp-json\/wp\/v2\/media?parent=1543"}],"wp:term":[{"taxonomy":"category","embeddable":true,"href":"https:\/\/blog.saocamilo-sp.br\/index.php\/wp-json\/wp\/v2\/categories?post=1543"},{"taxonomy":"post_tag","embeddable":true,"href":"https:\/\/blog.saocamilo-sp.br\/index.php\/wp-json\/wp\/v2\/tags?post=1543"}],"curies":[{"name":"wp","href":"https:\/\/api.w.org\/{rel}","templated":true}]}}