{"id":1560,"date":"2023-08-29T10:00:00","date_gmt":"2023-08-29T13:00:00","guid":{"rendered":"https:\/\/blog.saocamilo-sp.br\/?p=1560"},"modified":"2023-08-29T10:51:07","modified_gmt":"2023-08-29T13:51:07","slug":"dia-tabagismo","status":"publish","type":"post","link":"https:\/\/blog.saocamilo-sp.br\/index.php\/2023\/08\/29\/dia-tabagismo\/","title":{"rendered":"Dia Nacional de Combate ao Fumo: conhe\u00e7a 5 Malef\u00edcios do Tabagismo"},"content":{"rendered":"\n<p>No dia 29 de agosto, o Brasil celebra o Dia Nacional de Combate ao Fumo, uma data importante para conscientizar a popula\u00e7\u00e3o sobre os perigos do tabagismo. Neste artigo, abordamos cinco malef\u00edcios do fumo no organismo. Essa \u00e9 uma oportunidade valiosa para entendermos por que abandonar o h\u00e1bito de fumar \u00e9 uma decis\u00e3o crucial para preservar a sa\u00fade a longo prazo.<\/p>\n\n\n\n<figure class=\"wp-block-image size-full\"><img loading=\"lazy\" decoding=\"async\" width=\"768\" height=\"518\" src=\"https:\/\/blog.saocamilo-sp.br\/wp-content\/uploads\/2023\/08\/MicrosoftTeams-image-45.jpg\" alt=\"\" class=\"wp-image-1561\" srcset=\"https:\/\/blog.saocamilo-sp.br\/wp-content\/uploads\/2023\/08\/MicrosoftTeams-image-45.jpg 768w, https:\/\/blog.saocamilo-sp.br\/wp-content\/uploads\/2023\/08\/MicrosoftTeams-image-45-300x202.jpg 300w, https:\/\/blog.saocamilo-sp.br\/wp-content\/uploads\/2023\/08\/MicrosoftTeams-image-45-600x405.jpg 600w\" sizes=\"auto, (max-width: 768px) 100vw, 768px\" \/><\/figure>\n\n\n\n<p><strong>1. Doen\u00e7as Respirat\u00f3rias:<\/strong><\/p>\n\n\n\n<p>O tabagismo \u00e9 um dos principais fatores de risco para doen\u00e7as respirat\u00f3rias como a bronquite cr\u00f4nica e a enfisema pulmonar. O fumo danifica os pequenos sacos de ar nos pulm\u00f5es, levando \u00e0 obstru\u00e7\u00e3o das vias respirat\u00f3rias e \u00e0 dificuldade na respira\u00e7\u00e3o. Isso resulta em sintomas como tosse persistente, falta de ar e aumento da produ\u00e7\u00e3o de catarro.<\/p>\n\n\n\n<p><strong>2. C\u00e2ncer de Pulm\u00e3o:<\/strong><\/p>\n\n\n\n<p>O cigarro cont\u00e9m mais de 7.000 subst\u00e2ncias qu\u00edmicas, muitas delas cancer\u00edgenas. O c\u00e2ncer de pulm\u00e3o \u00e9 um dos tipos mais letais de c\u00e2ncer, frequentemente associado ao tabagismo. As toxinas presentes no cigarro danificam o DNA das c\u00e9lulas pulmonares, levando ao crescimento descontrolado de c\u00e9lulas malignas. Parar de fumar \u00e9 uma medida crucial para reduzir significativamente o risco de desenvolver esse tipo devastador de c\u00e2ncer.<\/p>\n\n\n\n<p><strong>3. Doen\u00e7as Cardiovasculares:<\/strong><\/p>\n\n\n\n<p>O tabagismo est\u00e1 diretamente ligado a uma s\u00e9rie de doen\u00e7as cardiovasculares, incluindo aterosclerose, hipertens\u00e3o e doen\u00e7as card\u00edacas coron\u00e1rias. As subst\u00e2ncias qu\u00edmicas do cigarro contribuem para o estreitamento das art\u00e9rias, dificultando o fluxo sangu\u00edneo e aumentando a press\u00e3o arterial. Isso aumenta o risco de ataques card\u00edacos, derrames e outros problemas graves do cora\u00e7\u00e3o.<\/p>\n\n\n\n<p><strong>4. Envelhecimento Precoce da Pele:<\/strong><\/p>\n\n\n\n<p>O tabagismo tamb\u00e9m afeta a apar\u00eancia e a sa\u00fade da pele. As subst\u00e2ncias qu\u00edmicas presentes no cigarro danificam as fibras de col\u00e1geno e elastina, que s\u00e3o essenciais para manter a pele firme e flex\u00edvel. Como resultado, os fumantes tendem a desenvolver rugas, linhas finas e um aspecto envelhecido da pele muito mais cedo do que os n\u00e3o fumantes.<\/p>\n\n\n\n<p><strong>5. Problemas na Fertilidade:<\/strong><\/p>\n\n\n\n<p>O tabagismo tamb\u00e9m tem impactos negativos na sa\u00fade reprodutiva. Tanto homens quanto mulheres que fumam t\u00eam maior dificuldade em conceber. Nas mulheres, o tabagismo pode afetar a qualidade dos \u00f3vulos e aumentar o risco de complica\u00e7\u00f5es durante a gravidez. Nos homens, pode reduzir a contagem de espermatozoides e prejudicar a qualidade do esperma.<\/p>\n\n\n\n<p><strong>A import\u00e2ncia da data:<\/strong><br>O Dia Nacional de Combate ao Fumo \u00e9 um lembrete da import\u00e2ncia de conscientizar a popula\u00e7\u00e3o sobre os malef\u00edcios do tabagismo para a sa\u00fade. Refor\u00e7amos a necessidade de abandonar esse h\u00e1bito prejudicial para garantir uma vida mais saud\u00e1vel e plena. Se voc\u00ea \u00e9 um fumante, considere buscar apoio e recursos para ajud\u00e1-lo a parar de fumar e iniciar uma jornada em dire\u00e7\u00e3o a uma vida livre dos terr\u00edveis efeitos do tabaco. Seu bem-estar merece essa decis\u00e3o.<\/p>\n\n\n\n<p>Veja tamb\u00e9m:<\/p>\n\n\n\n<p><a href=\"https:\/\/blog.saocamilo-sp.br\/index.php\/2023\/07\/01\/estudo-anatomia-pecas-sinteticas\/\">Os Benef\u00edcios do Estudo de Anatomia Humana com Pe\u00e7as Sint\u00e9ticas&nbsp;<\/a><\/p>\n\n\n\n<p><a href=\"https:\/\/blog.saocamilo-sp.br\/index.php\/2023\/05\/25\/plastinado-von-hagens-sao-camilo-revoluciona-no-ensino\/\">Plastinado von Hagens: S\u00e3o Camilo revoluciona no ensino da Sa\u00fade<\/a><\/p>\n\n\n\n<p><a href=\"https:\/\/blog.saocamilo-sp.br\/index.php\/2023\/05\/19\/valorizando-os-auxiliares-e-tecnicos-em-enfermagem\/\">Sa\u00fade: valorizando os Auxiliares e T\u00e9cnicos em Enfermagem<\/a><\/p>\n\n\n\n<p>Saiba mais sobre nossos cursos:<\/p>\n\n\n\n<iframe loading=\"lazy\" src=\"https:\/\/saocamilo.apprbs.com.br\/tenho-interesse-blog\" height=\"530px\" width=\"100%\" frameborder=\"0\"><\/iframe>\n\n\n\n<p>Compartilhe em:<\/p>\n","protected":false},"excerpt":{"rendered":"<p>Em 29 de agosto, o Brasil celebra o Dia Nacional de Combate ao Fumo. Saiba mias sobe a data e confira cinco malef\u00edcios do fumo no organismo.<\/p>\n","protected":false},"author":4,"featured_media":1561,"comment_status":"open","ping_status":"open","sticky":false,"template":"","format":"standard","meta":{"cybocfi_hide_featured_image":"","footnotes":""},"categories":[27,26,28,30,24,79],"tags":[97,12,17,95],"class_list":["post-1560","post","type-post","status-publish","format-standard","has-post-thumbnail","hentry","category-biomedicina","category-enfermagem","category-farmacia","category-medicina","category-nutricao","category-saude","tag-fumo","tag-medicina","tag-saude","tag-tabagismo"],"yoast_head":"<!-- This site is optimized with the Yoast SEO plugin v27.5 - https:\/\/yoast.com\/product\/yoast-seo-wordpress\/ -->\n<title>Dia Nacional de Combate ao Fumo: conhe\u00e7a 5 Malef\u00edcios do Tabagismo - Blog S\u00e3o Camilo<\/title>\n<meta name=\"description\" content=\"No dia 29 de Agosto, o Brasil celebra o dia Nacional do combate ao tabagismo, venha conhecer 5 malef\u00edcios dele.\" \/>\n<meta name=\"robots\" content=\"index, follow, max-snippet:-1, max-image-preview:large, max-video-preview:-1\" \/>\n<link rel=\"canonical\" href=\"https:\/\/blog.saocamilo-sp.br\/index.php\/2023\/08\/29\/dia-tabagismo\/\" \/>\n<meta property=\"og:locale\" content=\"pt_BR\" \/>\n<meta property=\"og:type\" content=\"article\" \/>\n<meta property=\"og:title\" content=\"Dia Nacional de Combate ao Fumo: conhe\u00e7a 5 Malef\u00edcios do Tabagismo - Blog S\u00e3o Camilo\" \/>\n<meta property=\"og:description\" content=\"No dia 29 de Agosto, o Brasil celebra o dia Nacional do combate ao tabagismo, venha conhecer 5 malef\u00edcios dele.\" \/>\n<meta property=\"og:url\" content=\"https:\/\/blog.saocamilo-sp.br\/index.php\/2023\/08\/29\/dia-tabagismo\/\" \/>\n<meta property=\"og:site_name\" content=\"Blog S\u00e3o Camilo\" \/>\n<meta property=\"article:publisher\" content=\"https:\/\/www.facebook.com\/saocamilosp\" \/>\n<meta property=\"article:published_time\" content=\"2023-08-29T13:00:00+00:00\" \/>\n<meta property=\"article:modified_time\" content=\"2023-08-29T13:51:07+00:00\" \/>\n<meta property=\"og:image\" content=\"https:\/\/blog.saocamilo-sp.br\/wp-content\/uploads\/2023\/08\/MicrosoftTeams-image-45.jpg\" \/>\n\t<meta property=\"og:image:width\" content=\"768\" \/>\n\t<meta property=\"og:image:height\" content=\"518\" \/>\n\t<meta property=\"og:image:type\" content=\"image\/jpeg\" \/>\n<meta name=\"author\" content=\"Lucas Soares Gon\u00e7alves\" \/>\n<meta name=\"twitter:card\" content=\"summary_large_image\" \/>\n<meta name=\"twitter:creator\" content=\"@saocamilosp\" \/>\n<meta name=\"twitter:site\" content=\"@saocamilosp\" \/>\n<meta name=\"twitter:label1\" content=\"Escrito por\" \/>\n\t<meta name=\"twitter:data1\" content=\"Lucas Soares Gon\u00e7alves\" \/>\n\t<meta name=\"twitter:label2\" content=\"Est. tempo de leitura\" \/>\n\t<meta name=\"twitter:data2\" content=\"3 minutos\" \/>\n<script type=\"application\/ld+json\" class=\"yoast-schema-graph\">{\"@context\":\"https:\\\/\\\/schema.org\",\"@graph\":[{\"@type\":\"Article\",\"@id\":\"https:\\\/\\\/blog.saocamilo-sp.br\\\/index.php\\\/2023\\\/08\\\/29\\\/dia-tabagismo\\\/#article\",\"isPartOf\":{\"@id\":\"https:\\\/\\\/blog.saocamilo-sp.br\\\/index.php\\\/2023\\\/08\\\/29\\\/dia-tabagismo\\\/\"},\"author\":{\"name\":\"Lucas Soares Gon\u00e7alves\",\"@id\":\"https:\\\/\\\/blog.saocamilo-sp.br\\\/#\\\/schema\\\/person\\\/781135418152912d4b58f2db13a2eaf0\"},\"headline\":\"Dia Nacional de Combate ao Fumo: conhe\u00e7a 5 Malef\u00edcios do Tabagismo\",\"datePublished\":\"2023-08-29T13:00:00+00:00\",\"dateModified\":\"2023-08-29T13:51:07+00:00\",\"mainEntityOfPage\":{\"@id\":\"https:\\\/\\\/blog.saocamilo-sp.br\\\/index.php\\\/2023\\\/08\\\/29\\\/dia-tabagismo\\\/\"},\"wordCount\":552,\"commentCount\":0,\"publisher\":{\"@id\":\"https:\\\/\\\/blog.saocamilo-sp.br\\\/#organization\"},\"image\":{\"@id\":\"https:\\\/\\\/blog.saocamilo-sp.br\\\/index.php\\\/2023\\\/08\\\/29\\\/dia-tabagismo\\\/#primaryimage\"},\"thumbnailUrl\":\"https:\\\/\\\/blog.saocamilo-sp.br\\\/wp-content\\\/uploads\\\/2023\\\/08\\\/MicrosoftTeams-image-45.jpg\",\"keywords\":[\"fumo\",\"Medicina\",\"Sa\u00fade\",\"Tabagismo\"],\"articleSection\":[\"Biomedicina\",\"Enfermagem\",\"Farm\u00e1cia\",\"Medicina\",\"Nutri\u00e7\u00e3o\",\"Sa\u00fade\"],\"inLanguage\":\"pt-BR\",\"potentialAction\":[{\"@type\":\"CommentAction\",\"name\":\"Comment\",\"target\":[\"https:\\\/\\\/blog.saocamilo-sp.br\\\/index.php\\\/2023\\\/08\\\/29\\\/dia-tabagismo\\\/#respond\"]}]},{\"@type\":\"WebPage\",\"@id\":\"https:\\\/\\\/blog.saocamilo-sp.br\\\/index.php\\\/2023\\\/08\\\/29\\\/dia-tabagismo\\\/\",\"url\":\"https:\\\/\\\/blog.saocamilo-sp.br\\\/index.php\\\/2023\\\/08\\\/29\\\/dia-tabagismo\\\/\",\"name\":\"Dia Nacional de Combate ao Fumo: conhe\u00e7a 5 Malef\u00edcios do Tabagismo - Blog S\u00e3o Camilo\",\"isPartOf\":{\"@id\":\"https:\\\/\\\/blog.saocamilo-sp.br\\\/#website\"},\"primaryImageOfPage\":{\"@id\":\"https:\\\/\\\/blog.saocamilo-sp.br\\\/index.php\\\/2023\\\/08\\\/29\\\/dia-tabagismo\\\/#primaryimage\"},\"image\":{\"@id\":\"https:\\\/\\\/blog.saocamilo-sp.br\\\/index.php\\\/2023\\\/08\\\/29\\\/dia-tabagismo\\\/#primaryimage\"},\"thumbnailUrl\":\"https:\\\/\\\/blog.saocamilo-sp.br\\\/wp-content\\\/uploads\\\/2023\\\/08\\\/MicrosoftTeams-image-45.jpg\",\"datePublished\":\"2023-08-29T13:00:00+00:00\",\"dateModified\":\"2023-08-29T13:51:07+00:00\",\"description\":\"No dia 29 de Agosto, o Brasil celebra o dia Nacional do combate ao tabagismo, venha conhecer 5 malef\u00edcios dele.\",\"breadcrumb\":{\"@id\":\"https:\\\/\\\/blog.saocamilo-sp.br\\\/index.php\\\/2023\\\/08\\\/29\\\/dia-tabagismo\\\/#breadcrumb\"},\"inLanguage\":\"pt-BR\",\"potentialAction\":[{\"@type\":\"ReadAction\",\"target\":[\"https:\\\/\\\/blog.saocamilo-sp.br\\\/index.php\\\/2023\\\/08\\\/29\\\/dia-tabagismo\\\/\"]}]},{\"@type\":\"ImageObject\",\"inLanguage\":\"pt-BR\",\"@id\":\"https:\\\/\\\/blog.saocamilo-sp.br\\\/index.php\\\/2023\\\/08\\\/29\\\/dia-tabagismo\\\/#primaryimage\",\"url\":\"https:\\\/\\\/blog.saocamilo-sp.br\\\/wp-content\\\/uploads\\\/2023\\\/08\\\/MicrosoftTeams-image-45.jpg\",\"contentUrl\":\"https:\\\/\\\/blog.saocamilo-sp.br\\\/wp-content\\\/uploads\\\/2023\\\/08\\\/MicrosoftTeams-image-45.jpg\",\"width\":768,\"height\":518},{\"@type\":\"BreadcrumbList\",\"@id\":\"https:\\\/\\\/blog.saocamilo-sp.br\\\/index.php\\\/2023\\\/08\\\/29\\\/dia-tabagismo\\\/#breadcrumb\",\"itemListElement\":[{\"@type\":\"ListItem\",\"position\":1,\"name\":\"In\u00edcio\",\"item\":\"https:\\\/\\\/blog.saocamilo-sp.br\\\/\"},{\"@type\":\"ListItem\",\"position\":2,\"name\":\"Dia Nacional de Combate ao Fumo: conhe\u00e7a 5 Malef\u00edcios do Tabagismo\"}]},{\"@type\":\"WebSite\",\"@id\":\"https:\\\/\\\/blog.saocamilo-sp.br\\\/#website\",\"url\":\"https:\\\/\\\/blog.saocamilo-sp.br\\\/\",\"name\":\"Blog S\u00e3o Camilo\",\"description\":\"Blog do Centro Universit\u00e1rio S\u00e3o Camilo\",\"publisher\":{\"@id\":\"https:\\\/\\\/blog.saocamilo-sp.br\\\/#organization\"},\"potentialAction\":[{\"@type\":\"SearchAction\",\"target\":{\"@type\":\"EntryPoint\",\"urlTemplate\":\"https:\\\/\\\/blog.saocamilo-sp.br\\\/?s={search_term_string}\"},\"query-input\":{\"@type\":\"PropertyValueSpecification\",\"valueRequired\":true,\"valueName\":\"search_term_string\"}}],\"inLanguage\":\"pt-BR\"},{\"@type\":\"Organization\",\"@id\":\"https:\\\/\\\/blog.saocamilo-sp.br\\\/#organization\",\"name\":\"Blog S\u00e3o Camilo\",\"url\":\"https:\\\/\\\/blog.saocamilo-sp.br\\\/\",\"logo\":{\"@type\":\"ImageObject\",\"inLanguage\":\"pt-BR\",\"@id\":\"https:\\\/\\\/blog.saocamilo-sp.br\\\/#\\\/schema\\\/logo\\\/image\\\/\",\"url\":\"https:\\\/\\\/blog.saocamilo-sp.br\\\/wp-content\\\/uploads\\\/2021\\\/12\\\/cropped-vazio-logo-topo.png\",\"contentUrl\":\"https:\\\/\\\/blog.saocamilo-sp.br\\\/wp-content\\\/uploads\\\/2021\\\/12\\\/cropped-vazio-logo-topo.png\",\"width\":320,\"height\":240,\"caption\":\"Blog S\u00e3o Camilo\"},\"image\":{\"@id\":\"https:\\\/\\\/blog.saocamilo-sp.br\\\/#\\\/schema\\\/logo\\\/image\\\/\"},\"sameAs\":[\"https:\\\/\\\/www.facebook.com\\\/saocamilosp\",\"https:\\\/\\\/x.com\\\/saocamilosp\",\"https:\\\/\\\/www.linkedin.com\\\/school\\\/centro-universit-rio-s-o-camilo\\\/\"]},{\"@type\":\"Person\",\"@id\":\"https:\\\/\\\/blog.saocamilo-sp.br\\\/#\\\/schema\\\/person\\\/781135418152912d4b58f2db13a2eaf0\",\"name\":\"Lucas Soares Gon\u00e7alves\",\"image\":{\"@type\":\"ImageObject\",\"inLanguage\":\"pt-BR\",\"@id\":\"https:\\\/\\\/secure.gravatar.com\\\/avatar\\\/bcd2d703cbb48116eaac2cac8643792535238ff30b2d7ce9e16f9254ec9cae83?s=96&d=mm&r=g\",\"url\":\"https:\\\/\\\/secure.gravatar.com\\\/avatar\\\/bcd2d703cbb48116eaac2cac8643792535238ff30b2d7ce9e16f9254ec9cae83?s=96&d=mm&r=g\",\"contentUrl\":\"https:\\\/\\\/secure.gravatar.com\\\/avatar\\\/bcd2d703cbb48116eaac2cac8643792535238ff30b2d7ce9e16f9254ec9cae83?s=96&d=mm&r=g\",\"caption\":\"Lucas Soares Gon\u00e7alves\"},\"url\":\"https:\\\/\\\/blog.saocamilo-sp.br\\\/index.php\\\/author\\\/lucas-soares-goncalves\\\/\"}]}<\/script>\n<!-- \/ Yoast SEO plugin. -->","yoast_head_json":{"title":"Dia Nacional de Combate ao Fumo: conhe\u00e7a 5 Malef\u00edcios do Tabagismo - Blog S\u00e3o Camilo","description":"No dia 29 de Agosto, o Brasil celebra o dia Nacional do combate ao tabagismo, venha conhecer 5 malef\u00edcios dele.","robots":{"index":"index","follow":"follow","max-snippet":"max-snippet:-1","max-image-preview":"max-image-preview:large","max-video-preview":"max-video-preview:-1"},"canonical":"https:\/\/blog.saocamilo-sp.br\/index.php\/2023\/08\/29\/dia-tabagismo\/","og_locale":"pt_BR","og_type":"article","og_title":"Dia Nacional de Combate ao Fumo: conhe\u00e7a 5 Malef\u00edcios do Tabagismo - Blog S\u00e3o Camilo","og_description":"No dia 29 de Agosto, o Brasil celebra o dia Nacional do combate ao tabagismo, venha conhecer 5 malef\u00edcios dele.","og_url":"https:\/\/blog.saocamilo-sp.br\/index.php\/2023\/08\/29\/dia-tabagismo\/","og_site_name":"Blog S\u00e3o Camilo","article_publisher":"https:\/\/www.facebook.com\/saocamilosp","article_published_time":"2023-08-29T13:00:00+00:00","article_modified_time":"2023-08-29T13:51:07+00:00","og_image":[{"width":768,"height":518,"url":"https:\/\/blog.saocamilo-sp.br\/wp-content\/uploads\/2023\/08\/MicrosoftTeams-image-45.jpg","type":"image\/jpeg"}],"author":"Lucas Soares Gon\u00e7alves","twitter_card":"summary_large_image","twitter_creator":"@saocamilosp","twitter_site":"@saocamilosp","twitter_misc":{"Escrito por":"Lucas Soares Gon\u00e7alves","Est. tempo de leitura":"3 minutos"},"schema":{"@context":"https:\/\/schema.org","@graph":[{"@type":"Article","@id":"https:\/\/blog.saocamilo-sp.br\/index.php\/2023\/08\/29\/dia-tabagismo\/#article","isPartOf":{"@id":"https:\/\/blog.saocamilo-sp.br\/index.php\/2023\/08\/29\/dia-tabagismo\/"},"author":{"name":"Lucas Soares Gon\u00e7alves","@id":"https:\/\/blog.saocamilo-sp.br\/#\/schema\/person\/781135418152912d4b58f2db13a2eaf0"},"headline":"Dia Nacional de Combate ao Fumo: conhe\u00e7a 5 Malef\u00edcios do Tabagismo","datePublished":"2023-08-29T13:00:00+00:00","dateModified":"2023-08-29T13:51:07+00:00","mainEntityOfPage":{"@id":"https:\/\/blog.saocamilo-sp.br\/index.php\/2023\/08\/29\/dia-tabagismo\/"},"wordCount":552,"commentCount":0,"publisher":{"@id":"https:\/\/blog.saocamilo-sp.br\/#organization"},"image":{"@id":"https:\/\/blog.saocamilo-sp.br\/index.php\/2023\/08\/29\/dia-tabagismo\/#primaryimage"},"thumbnailUrl":"https:\/\/blog.saocamilo-sp.br\/wp-content\/uploads\/2023\/08\/MicrosoftTeams-image-45.jpg","keywords":["fumo","Medicina","Sa\u00fade","Tabagismo"],"articleSection":["Biomedicina","Enfermagem","Farm\u00e1cia","Medicina","Nutri\u00e7\u00e3o","Sa\u00fade"],"inLanguage":"pt-BR","potentialAction":[{"@type":"CommentAction","name":"Comment","target":["https:\/\/blog.saocamilo-sp.br\/index.php\/2023\/08\/29\/dia-tabagismo\/#respond"]}]},{"@type":"WebPage","@id":"https:\/\/blog.saocamilo-sp.br\/index.php\/2023\/08\/29\/dia-tabagismo\/","url":"https:\/\/blog.saocamilo-sp.br\/index.php\/2023\/08\/29\/dia-tabagismo\/","name":"Dia Nacional de Combate ao Fumo: conhe\u00e7a 5 Malef\u00edcios do Tabagismo - Blog S\u00e3o Camilo","isPartOf":{"@id":"https:\/\/blog.saocamilo-sp.br\/#website"},"primaryImageOfPage":{"@id":"https:\/\/blog.saocamilo-sp.br\/index.php\/2023\/08\/29\/dia-tabagismo\/#primaryimage"},"image":{"@id":"https:\/\/blog.saocamilo-sp.br\/index.php\/2023\/08\/29\/dia-tabagismo\/#primaryimage"},"thumbnailUrl":"https:\/\/blog.saocamilo-sp.br\/wp-content\/uploads\/2023\/08\/MicrosoftTeams-image-45.jpg","datePublished":"2023-08-29T13:00:00+00:00","dateModified":"2023-08-29T13:51:07+00:00","description":"No dia 29 de Agosto, o Brasil celebra o dia Nacional do combate ao tabagismo, venha conhecer 5 malef\u00edcios dele.","breadcrumb":{"@id":"https:\/\/blog.saocamilo-sp.br\/index.php\/2023\/08\/29\/dia-tabagismo\/#breadcrumb"},"inLanguage":"pt-BR","potentialAction":[{"@type":"ReadAction","target":["https:\/\/blog.saocamilo-sp.br\/index.php\/2023\/08\/29\/dia-tabagismo\/"]}]},{"@type":"ImageObject","inLanguage":"pt-BR","@id":"https:\/\/blog.saocamilo-sp.br\/index.php\/2023\/08\/29\/dia-tabagismo\/#primaryimage","url":"https:\/\/blog.saocamilo-sp.br\/wp-content\/uploads\/2023\/08\/MicrosoftTeams-image-45.jpg","contentUrl":"https:\/\/blog.saocamilo-sp.br\/wp-content\/uploads\/2023\/08\/MicrosoftTeams-image-45.jpg","width":768,"height":518},{"@type":"BreadcrumbList","@id":"https:\/\/blog.saocamilo-sp.br\/index.php\/2023\/08\/29\/dia-tabagismo\/#breadcrumb","itemListElement":[{"@type":"ListItem","position":1,"name":"In\u00edcio","item":"https:\/\/blog.saocamilo-sp.br\/"},{"@type":"ListItem","position":2,"name":"Dia Nacional de Combate ao Fumo: conhe\u00e7a 5 Malef\u00edcios do Tabagismo"}]},{"@type":"WebSite","@id":"https:\/\/blog.saocamilo-sp.br\/#website","url":"https:\/\/blog.saocamilo-sp.br\/","name":"Blog S\u00e3o Camilo","description":"Blog do Centro Universit\u00e1rio S\u00e3o Camilo","publisher":{"@id":"https:\/\/blog.saocamilo-sp.br\/#organization"},"potentialAction":[{"@type":"SearchAction","target":{"@type":"EntryPoint","urlTemplate":"https:\/\/blog.saocamilo-sp.br\/?s={search_term_string}"},"query-input":{"@type":"PropertyValueSpecification","valueRequired":true,"valueName":"search_term_string"}}],"inLanguage":"pt-BR"},{"@type":"Organization","@id":"https:\/\/blog.saocamilo-sp.br\/#organization","name":"Blog S\u00e3o Camilo","url":"https:\/\/blog.saocamilo-sp.br\/","logo":{"@type":"ImageObject","inLanguage":"pt-BR","@id":"https:\/\/blog.saocamilo-sp.br\/#\/schema\/logo\/image\/","url":"https:\/\/blog.saocamilo-sp.br\/wp-content\/uploads\/2021\/12\/cropped-vazio-logo-topo.png","contentUrl":"https:\/\/blog.saocamilo-sp.br\/wp-content\/uploads\/2021\/12\/cropped-vazio-logo-topo.png","width":320,"height":240,"caption":"Blog S\u00e3o Camilo"},"image":{"@id":"https:\/\/blog.saocamilo-sp.br\/#\/schema\/logo\/image\/"},"sameAs":["https:\/\/www.facebook.com\/saocamilosp","https:\/\/x.com\/saocamilosp","https:\/\/www.linkedin.com\/school\/centro-universit-rio-s-o-camilo\/"]},{"@type":"Person","@id":"https:\/\/blog.saocamilo-sp.br\/#\/schema\/person\/781135418152912d4b58f2db13a2eaf0","name":"Lucas Soares Gon\u00e7alves","image":{"@type":"ImageObject","inLanguage":"pt-BR","@id":"https:\/\/secure.gravatar.com\/avatar\/bcd2d703cbb48116eaac2cac8643792535238ff30b2d7ce9e16f9254ec9cae83?s=96&d=mm&r=g","url":"https:\/\/secure.gravatar.com\/avatar\/bcd2d703cbb48116eaac2cac8643792535238ff30b2d7ce9e16f9254ec9cae83?s=96&d=mm&r=g","contentUrl":"https:\/\/secure.gravatar.com\/avatar\/bcd2d703cbb48116eaac2cac8643792535238ff30b2d7ce9e16f9254ec9cae83?s=96&d=mm&r=g","caption":"Lucas Soares Gon\u00e7alves"},"url":"https:\/\/blog.saocamilo-sp.br\/index.php\/author\/lucas-soares-goncalves\/"}]}},"_links":{"self":[{"href":"https:\/\/blog.saocamilo-sp.br\/index.php\/wp-json\/wp\/v2\/posts\/1560","targetHints":{"allow":["GET"]}}],"collection":[{"href":"https:\/\/blog.saocamilo-sp.br\/index.php\/wp-json\/wp\/v2\/posts"}],"about":[{"href":"https:\/\/blog.saocamilo-sp.br\/index.php\/wp-json\/wp\/v2\/types\/post"}],"author":[{"embeddable":true,"href":"https:\/\/blog.saocamilo-sp.br\/index.php\/wp-json\/wp\/v2\/users\/4"}],"replies":[{"embeddable":true,"href":"https:\/\/blog.saocamilo-sp.br\/index.php\/wp-json\/wp\/v2\/comments?post=1560"}],"version-history":[{"count":6,"href":"https:\/\/blog.saocamilo-sp.br\/index.php\/wp-json\/wp\/v2\/posts\/1560\/revisions"}],"predecessor-version":[{"id":1575,"href":"https:\/\/blog.saocamilo-sp.br\/index.php\/wp-json\/wp\/v2\/posts\/1560\/revisions\/1575"}],"wp:featuredmedia":[{"embeddable":true,"href":"https:\/\/blog.saocamilo-sp.br\/index.php\/wp-json\/wp\/v2\/media\/1561"}],"wp:attachment":[{"href":"https:\/\/blog.saocamilo-sp.br\/index.php\/wp-json\/wp\/v2\/media?parent=1560"}],"wp:term":[{"taxonomy":"category","embeddable":true,"href":"https:\/\/blog.saocamilo-sp.br\/index.php\/wp-json\/wp\/v2\/categories?post=1560"},{"taxonomy":"post_tag","embeddable":true,"href":"https:\/\/blog.saocamilo-sp.br\/index.php\/wp-json\/wp\/v2\/tags?post=1560"}],"curies":[{"name":"wp","href":"https:\/\/api.w.org\/{rel}","templated":true}]}}