{"id":1564,"date":"2023-08-30T09:00:00","date_gmt":"2023-08-30T12:00:00","guid":{"rendered":"https:\/\/blog.saocamilo-sp.br\/?p=1564"},"modified":"2025-11-25T10:19:10","modified_gmt":"2025-11-25T13:19:10","slug":"fortalecendo-a-internacionalizacao-classe-espelho-conecta-alunos-da-sao-camilo-com-a-universidade-catolica-de-el-salvador","status":"publish","type":"post","link":"https:\/\/blog.saocamilo-sp.br\/index.php\/2023\/08\/30\/fortalecendo-a-internacionalizacao-classe-espelho-conecta-alunos-da-sao-camilo-com-a-universidade-catolica-de-el-salvador\/","title":{"rendered":"Estudantes camilianos se conectam com a Universidade Cat\u00f3lica de El Salvador"},"content":{"rendered":"\n<figure class=\"wp-block-image size-full\"><img loading=\"lazy\" decoding=\"async\" width=\"768\" height=\"518\" src=\"https:\/\/blog.saocamilo-sp.br\/wp-content\/uploads\/2023\/08\/image.png\" alt=\"\" class=\"wp-image-1566\" srcset=\"https:\/\/blog.saocamilo-sp.br\/wp-content\/uploads\/2023\/08\/image.png 768w, https:\/\/blog.saocamilo-sp.br\/wp-content\/uploads\/2023\/08\/image-300x202.png 300w, https:\/\/blog.saocamilo-sp.br\/wp-content\/uploads\/2023\/08\/image-600x405.png 600w\" sizes=\"auto, (max-width: 768px) 100vw, 768px\" \/><figcaption class=\"wp-element-caption\">Universidade Cat\u00f3lica de El Salvador (Divulga\u00e7\u00e3o)<\/figcaption><\/figure>\n\n\n\n<p>No dia 19\/08, um importante marco na internacionaliza\u00e7\u00e3o educacional foi alcan\u00e7ado pelo Centro Universit\u00e1rio S\u00e3o Camilo em parceria com a Universidade Cat\u00f3lica de El Salvador, ambos integrantes da rede de coopera\u00e7\u00e3o ODUCAL. Essa iniciativa, denominada Classe Espelho, representa um passo significativo no compartilhamento de conhecimento e na colabora\u00e7\u00e3o entre institui\u00e7\u00f5es de ensino superior.<\/p>\n\n\n\n<p><strong>A Internacionaliza\u00e7\u00e3o e o Compromisso da S\u00e3o Camilo:<\/strong><\/p>\n\n\n\n<p>A internacionaliza\u00e7\u00e3o \u00e9 um pilar fundamental para o aprimoramento educacional e cultural dos estudantes. Nesse contexto, o Centro Universit\u00e1rio S\u00e3o Camilo reafirma seu compromisso em proporcionar experi\u00eancias enriquecedoras para seus alunos. Uma prova tang\u00edvel desse compromisso \u00e9 a recente colabora\u00e7\u00e3o com a Universidade Cat\u00f3lica de El Salvador por meio da Classe Espelho.<\/p>\n\n\n\n<p><strong>A Classe Espelho: Conectando Saberes:<\/strong><\/p>\n\n\n\n<p>A Classe Espelho \u00e9 uma estrat\u00e9gia inovadora que estabelece uma ponte virtual entre alunos e professores de institui\u00e7\u00f5es parceiras. Essa colabora\u00e7\u00e3o permite a troca de conhecimentos e perspectivas sobre temas espec\u00edficos, ampliando horizontes e enriquecendo o aprendizado. No caso em quest\u00e3o, a Classe Espelho proporcionou uma aula conjunta sobre o tema &#8220;Sistemas de Sa\u00fade&#8221;, reunindo a expertise da Dra. Nelly Alvarado, da Universidade Cat\u00f3lica de El Salvador, e da Dra. Maria Elisa Gonz\u00e1lez, do Centro Universit\u00e1rio S\u00e3o Camilo.<\/p>\n\n\n\n<p><strong>Explorando os Aspectos de Sa\u00fade P\u00fablica:<\/strong><\/p>\n\n\n\n<p>A tem\u00e1tica escolhida para a Classe Espelho, &#8220;Sistemas de Sa\u00fade&#8221;, permitiu uma an\u00e1lise comparativa entre os sistemas de sa\u00fade do Brasil e de El Salvador. A aula foi um espa\u00e7o de di\u00e1logo e aprendizado m\u00fatuo, onde foram discutidos os Aspectos de Sa\u00fade P\u00fablica de ambos os pa\u00edses. Essa intera\u00e7\u00e3o proporcionou insights valiosos para os alunos e docentes envolvidos<\/p>\n\n\n\n<figure class=\"wp-block-image size-large\"><img loading=\"lazy\" decoding=\"async\" width=\"1024\" height=\"302\" src=\"https:\/\/blog.saocamilo-sp.br\/wp-content\/uploads\/2023\/08\/classe-1024x302.png\" alt=\"\" class=\"wp-image-1565\" srcset=\"https:\/\/blog.saocamilo-sp.br\/wp-content\/uploads\/2023\/08\/classe-1024x302.png 1024w, https:\/\/blog.saocamilo-sp.br\/wp-content\/uploads\/2023\/08\/classe-300x88.png 300w, https:\/\/blog.saocamilo-sp.br\/wp-content\/uploads\/2023\/08\/classe-768x227.png 768w, https:\/\/blog.saocamilo-sp.br\/wp-content\/uploads\/2023\/08\/classe-600x177.png 600w, https:\/\/blog.saocamilo-sp.br\/wp-content\/uploads\/2023\/08\/classe-945x279.png 945w, https:\/\/blog.saocamilo-sp.br\/wp-content\/uploads\/2023\/08\/classe.png 1085w\" sizes=\"auto, (max-width: 1024px) 100vw, 1024px\" \/><\/figure>\n\n\n\n<p>O Papel dos Escrit\u00f3rios de Rela\u00e7\u00f5es Internacionais:<\/p>\n\n\n\n<p>Essa colabora\u00e7\u00e3o frut\u00edfera foi poss\u00edvel gra\u00e7as \u00e0s conversas entre os Escrit\u00f3rios de Rela\u00e7\u00f5es Internacionais da S\u00e3o Camilo e da Cat\u00f3lica de El Salvador. A busca por especialistas na tem\u00e1tica evidencia a dedica\u00e7\u00e3o desses escrit\u00f3rios em promover oportunidades de internacionaliza\u00e7\u00e3o e interc\u00e2mbio acad\u00eamico.<\/p>\n\n\n\n<p>Abertura para Novas Oportunidades:<\/p>\n\n\n\n<p>A Classe Espelho representa apenas um exemplo das diversas oportunidades que o <a href=\"https:\/\/saocamilo-sp.br\/\" target=\"_blank\" rel=\"noreferrer noopener\">Centro Universit\u00e1rio S\u00e3o Camilo<\/a> oferece por meio de seu Escrit\u00f3rio de Rela\u00e7\u00f5es Internacionais. Essas oportunidades incluem programas de mobilidade acad\u00eamica, interc\u00e2mbios e projetos colaborativos que visam a expans\u00e3o do conhecimento e o enriquecimento cultural dos alunos.<\/p>\n\n\n\n<p>Acesso \u00e0s Oportunidades de Mobilidade:<\/p>\n\n\n\n<p>Os interessados em explorar mais sobre os programas de mobilidade acad\u00eamica da S\u00e3o Camilo podem encontrar informa\u00e7\u00f5es detalhadas em nosso site oficial: <a href=\"https:\/\/saocamilo-sp.br\/internacional\/quem_somos\/universidades-conveniadas\/1708.\" target=\"_blank\" rel=\"noreferrer noopener\">https:\/\/saocamilo-sp.br\/internacional\/quem_somos\/universidades-conveniadas\/1708.<\/a><\/p>\n\n\n\n<p>Nesse espa\u00e7o, voc\u00ea ter\u00e1 acesso a detalhes sobre as universidades parceiras e as possibilidades de internacionaliza\u00e7\u00e3o que aguardam os alunos.<\/p>\n\n\n\n<p>Veja tamb\u00e9m:<\/p>\n\n\n\n<p><a href=\"https:\/\/blog.saocamilo-sp.br\/index.php\/2023\/08\/16\/programa-santander-top-espana\/\">Estudante e docente camilianas no Programa Santander Top Espan\u00e3<\/a><\/p>\n\n\n\n<p><a href=\"https:\/\/blog.saocamilo-sp.br\/index.php\/2023\/06\/07\/docente-e-premiada-pela-rainha-da-suecia-por-trabalho-realizado-no-sus\/\">Terapia Comunit\u00e1ria Integrativa: Docente recebe pr\u00eamio da Rainha da Su\u00e9cia<\/a><\/p>\n\n\n\n<p><a href=\"https:\/\/blog.saocamilo-sp.br\/index.php\/2023\/05\/22\/oducal-associa-se-com-a-sao-camilo\/\">Organiza\u00e7\u00e3o das Universidades Cat\u00f3licas da AL e o Caribe \u00e9 parceira da S\u00e3o Camilo<\/a><\/p>\n\n\n\n<p>Saiba mais sobre nossos cursos:<\/p>\n\n\n\n<iframe loading=\"lazy\" src=\"https:\/\/saocamilo.apprbs.com.br\/tenho-interesse-blog\" height=\"530px\" width=\"100%\" frameborder=\"0\"><\/iframe>\n\n\n\n<p>Compartilhe em:<\/p>\n","protected":false},"excerpt":{"rendered":"<p>O Centro Universit\u00e1rio S\u00e3o Camilo em parceria com a Univ. Cat\u00f3lica de El Salvador, ambos integrantes da rede de coopera\u00e7\u00e3o ODUCAL realizam Classe Espelho.<\/p>\n","protected":false},"author":4,"featured_media":1566,"comment_status":"open","ping_status":"open","sticky":false,"template":"","format":"standard","meta":{"cybocfi_hide_featured_image":"","footnotes":""},"categories":[91,70],"tags":[101,99,100],"class_list":["post-1564","post","type-post","status-publish","format-standard","has-post-thumbnail","hentry","category-institucional","category-internacional","tag-classe-espelho","tag-internacionalizacao","tag-relacoes-internacionais"],"yoast_head":"<!-- This site is optimized with the Yoast SEO plugin v27.5 - https:\/\/yoast.com\/product\/yoast-seo-wordpress\/ -->\n<title>Estudantes camilianos se conectam com a Universidade Cat\u00f3lica de El Salvador - Blog S\u00e3o Camilo<\/title>\n<meta name=\"description\" content=\"O Centro Universit\u00e1rio S\u00e3o Camilo com a Uni. El Salvador, ambos integrantes da rede de coopera\u00e7\u00e3o ODUCAL entram com a a\u00e7\u00e3o Classe Espelho.\" \/>\n<meta name=\"robots\" content=\"index, follow, max-snippet:-1, max-image-preview:large, max-video-preview:-1\" \/>\n<link rel=\"canonical\" href=\"https:\/\/blog.saocamilo-sp.br\/index.php\/2023\/08\/30\/fortalecendo-a-internacionalizacao-classe-espelho-conecta-alunos-da-sao-camilo-com-a-universidade-catolica-de-el-salvador\/\" \/>\n<meta property=\"og:locale\" content=\"pt_BR\" \/>\n<meta property=\"og:type\" content=\"article\" \/>\n<meta property=\"og:title\" content=\"Estudantes camilianos se conectam com a Universidade Cat\u00f3lica de El Salvador - Blog S\u00e3o Camilo\" \/>\n<meta property=\"og:description\" content=\"O Centro Universit\u00e1rio S\u00e3o Camilo com a Uni. El Salvador, ambos integrantes da rede de coopera\u00e7\u00e3o ODUCAL entram com a a\u00e7\u00e3o Classe Espelho.\" \/>\n<meta property=\"og:url\" content=\"https:\/\/blog.saocamilo-sp.br\/index.php\/2023\/08\/30\/fortalecendo-a-internacionalizacao-classe-espelho-conecta-alunos-da-sao-camilo-com-a-universidade-catolica-de-el-salvador\/\" \/>\n<meta property=\"og:site_name\" content=\"Blog S\u00e3o Camilo\" \/>\n<meta property=\"article:publisher\" content=\"https:\/\/www.facebook.com\/saocamilosp\" \/>\n<meta property=\"article:published_time\" content=\"2023-08-30T12:00:00+00:00\" \/>\n<meta property=\"article:modified_time\" content=\"2025-11-25T13:19:10+00:00\" \/>\n<meta property=\"og:image\" content=\"https:\/\/blog.saocamilo-sp.br\/wp-content\/uploads\/2023\/08\/image.png\" \/>\n\t<meta property=\"og:image:width\" content=\"768\" \/>\n\t<meta property=\"og:image:height\" content=\"518\" \/>\n\t<meta property=\"og:image:type\" content=\"image\/png\" \/>\n<meta name=\"author\" content=\"Lucas Soares Gon\u00e7alves\" \/>\n<meta name=\"twitter:card\" content=\"summary_large_image\" \/>\n<meta name=\"twitter:creator\" content=\"@saocamilosp\" \/>\n<meta name=\"twitter:site\" content=\"@saocamilosp\" \/>\n<meta name=\"twitter:label1\" content=\"Escrito por\" \/>\n\t<meta name=\"twitter:data1\" content=\"Lucas Soares Gon\u00e7alves\" \/>\n\t<meta name=\"twitter:label2\" content=\"Est. tempo de leitura\" \/>\n\t<meta name=\"twitter:data2\" content=\"4 minutos\" \/>\n<script type=\"application\/ld+json\" class=\"yoast-schema-graph\">{\"@context\":\"https:\\\/\\\/schema.org\",\"@graph\":[{\"@type\":\"Article\",\"@id\":\"https:\\\/\\\/blog.saocamilo-sp.br\\\/index.php\\\/2023\\\/08\\\/30\\\/fortalecendo-a-internacionalizacao-classe-espelho-conecta-alunos-da-sao-camilo-com-a-universidade-catolica-de-el-salvador\\\/#article\",\"isPartOf\":{\"@id\":\"https:\\\/\\\/blog.saocamilo-sp.br\\\/index.php\\\/2023\\\/08\\\/30\\\/fortalecendo-a-internacionalizacao-classe-espelho-conecta-alunos-da-sao-camilo-com-a-universidade-catolica-de-el-salvador\\\/\"},\"author\":{\"name\":\"Lucas Soares Gon\u00e7alves\",\"@id\":\"https:\\\/\\\/blog.saocamilo-sp.br\\\/#\\\/schema\\\/person\\\/781135418152912d4b58f2db13a2eaf0\"},\"headline\":\"Estudantes camilianos se conectam com a Universidade Cat\u00f3lica de El Salvador\",\"datePublished\":\"2023-08-30T12:00:00+00:00\",\"dateModified\":\"2025-11-25T13:19:10+00:00\",\"mainEntityOfPage\":{\"@id\":\"https:\\\/\\\/blog.saocamilo-sp.br\\\/index.php\\\/2023\\\/08\\\/30\\\/fortalecendo-a-internacionalizacao-classe-espelho-conecta-alunos-da-sao-camilo-com-a-universidade-catolica-de-el-salvador\\\/\"},\"wordCount\":547,\"commentCount\":0,\"publisher\":{\"@id\":\"https:\\\/\\\/blog.saocamilo-sp.br\\\/#organization\"},\"image\":{\"@id\":\"https:\\\/\\\/blog.saocamilo-sp.br\\\/index.php\\\/2023\\\/08\\\/30\\\/fortalecendo-a-internacionalizacao-classe-espelho-conecta-alunos-da-sao-camilo-com-a-universidade-catolica-de-el-salvador\\\/#primaryimage\"},\"thumbnailUrl\":\"https:\\\/\\\/blog.saocamilo-sp.br\\\/wp-content\\\/uploads\\\/2023\\\/08\\\/image.png\",\"keywords\":[\"classe espelho\",\"Internacionaliza\u00e7\u00e3o\",\"rela\u00e7\u00f5es internacionais\"],\"articleSection\":[\"Institucional\",\"Internacional\"],\"inLanguage\":\"pt-BR\",\"potentialAction\":[{\"@type\":\"CommentAction\",\"name\":\"Comment\",\"target\":[\"https:\\\/\\\/blog.saocamilo-sp.br\\\/index.php\\\/2023\\\/08\\\/30\\\/fortalecendo-a-internacionalizacao-classe-espelho-conecta-alunos-da-sao-camilo-com-a-universidade-catolica-de-el-salvador\\\/#respond\"]}]},{\"@type\":\"WebPage\",\"@id\":\"https:\\\/\\\/blog.saocamilo-sp.br\\\/index.php\\\/2023\\\/08\\\/30\\\/fortalecendo-a-internacionalizacao-classe-espelho-conecta-alunos-da-sao-camilo-com-a-universidade-catolica-de-el-salvador\\\/\",\"url\":\"https:\\\/\\\/blog.saocamilo-sp.br\\\/index.php\\\/2023\\\/08\\\/30\\\/fortalecendo-a-internacionalizacao-classe-espelho-conecta-alunos-da-sao-camilo-com-a-universidade-catolica-de-el-salvador\\\/\",\"name\":\"Estudantes camilianos se conectam com a Universidade Cat\u00f3lica de El Salvador - Blog S\u00e3o Camilo\",\"isPartOf\":{\"@id\":\"https:\\\/\\\/blog.saocamilo-sp.br\\\/#website\"},\"primaryImageOfPage\":{\"@id\":\"https:\\\/\\\/blog.saocamilo-sp.br\\\/index.php\\\/2023\\\/08\\\/30\\\/fortalecendo-a-internacionalizacao-classe-espelho-conecta-alunos-da-sao-camilo-com-a-universidade-catolica-de-el-salvador\\\/#primaryimage\"},\"image\":{\"@id\":\"https:\\\/\\\/blog.saocamilo-sp.br\\\/index.php\\\/2023\\\/08\\\/30\\\/fortalecendo-a-internacionalizacao-classe-espelho-conecta-alunos-da-sao-camilo-com-a-universidade-catolica-de-el-salvador\\\/#primaryimage\"},\"thumbnailUrl\":\"https:\\\/\\\/blog.saocamilo-sp.br\\\/wp-content\\\/uploads\\\/2023\\\/08\\\/image.png\",\"datePublished\":\"2023-08-30T12:00:00+00:00\",\"dateModified\":\"2025-11-25T13:19:10+00:00\",\"description\":\"O Centro Universit\u00e1rio S\u00e3o Camilo com a Uni. El Salvador, ambos integrantes da rede de coopera\u00e7\u00e3o ODUCAL entram com a a\u00e7\u00e3o Classe Espelho.\",\"breadcrumb\":{\"@id\":\"https:\\\/\\\/blog.saocamilo-sp.br\\\/index.php\\\/2023\\\/08\\\/30\\\/fortalecendo-a-internacionalizacao-classe-espelho-conecta-alunos-da-sao-camilo-com-a-universidade-catolica-de-el-salvador\\\/#breadcrumb\"},\"inLanguage\":\"pt-BR\",\"potentialAction\":[{\"@type\":\"ReadAction\",\"target\":[\"https:\\\/\\\/blog.saocamilo-sp.br\\\/index.php\\\/2023\\\/08\\\/30\\\/fortalecendo-a-internacionalizacao-classe-espelho-conecta-alunos-da-sao-camilo-com-a-universidade-catolica-de-el-salvador\\\/\"]}]},{\"@type\":\"ImageObject\",\"inLanguage\":\"pt-BR\",\"@id\":\"https:\\\/\\\/blog.saocamilo-sp.br\\\/index.php\\\/2023\\\/08\\\/30\\\/fortalecendo-a-internacionalizacao-classe-espelho-conecta-alunos-da-sao-camilo-com-a-universidade-catolica-de-el-salvador\\\/#primaryimage\",\"url\":\"https:\\\/\\\/blog.saocamilo-sp.br\\\/wp-content\\\/uploads\\\/2023\\\/08\\\/image.png\",\"contentUrl\":\"https:\\\/\\\/blog.saocamilo-sp.br\\\/wp-content\\\/uploads\\\/2023\\\/08\\\/image.png\",\"width\":768,\"height\":518,\"caption\":\"O Centro Universit\u00e1rio S\u00e3o Camilo em parceria com a Universidade Cat\u00f3lica de El Salvador, ambos integrantes da rede de coopera\u00e7\u00e3o ODUCAL entram com a a\u00e7\u00e3o denominada Classe Espelho.\"},{\"@type\":\"BreadcrumbList\",\"@id\":\"https:\\\/\\\/blog.saocamilo-sp.br\\\/index.php\\\/2023\\\/08\\\/30\\\/fortalecendo-a-internacionalizacao-classe-espelho-conecta-alunos-da-sao-camilo-com-a-universidade-catolica-de-el-salvador\\\/#breadcrumb\",\"itemListElement\":[{\"@type\":\"ListItem\",\"position\":1,\"name\":\"In\u00edcio\",\"item\":\"https:\\\/\\\/blog.saocamilo-sp.br\\\/\"},{\"@type\":\"ListItem\",\"position\":2,\"name\":\"Estudantes camilianos se conectam com a Universidade Cat\u00f3lica de El Salvador\"}]},{\"@type\":\"WebSite\",\"@id\":\"https:\\\/\\\/blog.saocamilo-sp.br\\\/#website\",\"url\":\"https:\\\/\\\/blog.saocamilo-sp.br\\\/\",\"name\":\"Blog S\u00e3o Camilo\",\"description\":\"Blog do Centro Universit\u00e1rio S\u00e3o Camilo\",\"publisher\":{\"@id\":\"https:\\\/\\\/blog.saocamilo-sp.br\\\/#organization\"},\"potentialAction\":[{\"@type\":\"SearchAction\",\"target\":{\"@type\":\"EntryPoint\",\"urlTemplate\":\"https:\\\/\\\/blog.saocamilo-sp.br\\\/?s={search_term_string}\"},\"query-input\":{\"@type\":\"PropertyValueSpecification\",\"valueRequired\":true,\"valueName\":\"search_term_string\"}}],\"inLanguage\":\"pt-BR\"},{\"@type\":\"Organization\",\"@id\":\"https:\\\/\\\/blog.saocamilo-sp.br\\\/#organization\",\"name\":\"Blog S\u00e3o Camilo\",\"url\":\"https:\\\/\\\/blog.saocamilo-sp.br\\\/\",\"logo\":{\"@type\":\"ImageObject\",\"inLanguage\":\"pt-BR\",\"@id\":\"https:\\\/\\\/blog.saocamilo-sp.br\\\/#\\\/schema\\\/logo\\\/image\\\/\",\"url\":\"https:\\\/\\\/blog.saocamilo-sp.br\\\/wp-content\\\/uploads\\\/2021\\\/12\\\/cropped-vazio-logo-topo.png\",\"contentUrl\":\"https:\\\/\\\/blog.saocamilo-sp.br\\\/wp-content\\\/uploads\\\/2021\\\/12\\\/cropped-vazio-logo-topo.png\",\"width\":320,\"height\":240,\"caption\":\"Blog S\u00e3o Camilo\"},\"image\":{\"@id\":\"https:\\\/\\\/blog.saocamilo-sp.br\\\/#\\\/schema\\\/logo\\\/image\\\/\"},\"sameAs\":[\"https:\\\/\\\/www.facebook.com\\\/saocamilosp\",\"https:\\\/\\\/x.com\\\/saocamilosp\",\"https:\\\/\\\/www.linkedin.com\\\/school\\\/centro-universit-rio-s-o-camilo\\\/\"]},{\"@type\":\"Person\",\"@id\":\"https:\\\/\\\/blog.saocamilo-sp.br\\\/#\\\/schema\\\/person\\\/781135418152912d4b58f2db13a2eaf0\",\"name\":\"Lucas Soares Gon\u00e7alves\",\"image\":{\"@type\":\"ImageObject\",\"inLanguage\":\"pt-BR\",\"@id\":\"https:\\\/\\\/secure.gravatar.com\\\/avatar\\\/bcd2d703cbb48116eaac2cac8643792535238ff30b2d7ce9e16f9254ec9cae83?s=96&d=mm&r=g\",\"url\":\"https:\\\/\\\/secure.gravatar.com\\\/avatar\\\/bcd2d703cbb48116eaac2cac8643792535238ff30b2d7ce9e16f9254ec9cae83?s=96&d=mm&r=g\",\"contentUrl\":\"https:\\\/\\\/secure.gravatar.com\\\/avatar\\\/bcd2d703cbb48116eaac2cac8643792535238ff30b2d7ce9e16f9254ec9cae83?s=96&d=mm&r=g\",\"caption\":\"Lucas Soares Gon\u00e7alves\"},\"url\":\"https:\\\/\\\/blog.saocamilo-sp.br\\\/index.php\\\/author\\\/lucas-soares-goncalves\\\/\"}]}<\/script>\n<!-- \/ Yoast SEO plugin. -->","yoast_head_json":{"title":"Estudantes camilianos se conectam com a Universidade Cat\u00f3lica de El Salvador - Blog S\u00e3o Camilo","description":"O Centro Universit\u00e1rio S\u00e3o Camilo com a Uni. El Salvador, ambos integrantes da rede de coopera\u00e7\u00e3o ODUCAL entram com a a\u00e7\u00e3o Classe Espelho.","robots":{"index":"index","follow":"follow","max-snippet":"max-snippet:-1","max-image-preview":"max-image-preview:large","max-video-preview":"max-video-preview:-1"},"canonical":"https:\/\/blog.saocamilo-sp.br\/index.php\/2023\/08\/30\/fortalecendo-a-internacionalizacao-classe-espelho-conecta-alunos-da-sao-camilo-com-a-universidade-catolica-de-el-salvador\/","og_locale":"pt_BR","og_type":"article","og_title":"Estudantes camilianos se conectam com a Universidade Cat\u00f3lica de El Salvador - Blog S\u00e3o Camilo","og_description":"O Centro Universit\u00e1rio S\u00e3o Camilo com a Uni. El Salvador, ambos integrantes da rede de coopera\u00e7\u00e3o ODUCAL entram com a a\u00e7\u00e3o Classe Espelho.","og_url":"https:\/\/blog.saocamilo-sp.br\/index.php\/2023\/08\/30\/fortalecendo-a-internacionalizacao-classe-espelho-conecta-alunos-da-sao-camilo-com-a-universidade-catolica-de-el-salvador\/","og_site_name":"Blog S\u00e3o Camilo","article_publisher":"https:\/\/www.facebook.com\/saocamilosp","article_published_time":"2023-08-30T12:00:00+00:00","article_modified_time":"2025-11-25T13:19:10+00:00","og_image":[{"width":768,"height":518,"url":"https:\/\/blog.saocamilo-sp.br\/wp-content\/uploads\/2023\/08\/image.png","type":"image\/png"}],"author":"Lucas Soares Gon\u00e7alves","twitter_card":"summary_large_image","twitter_creator":"@saocamilosp","twitter_site":"@saocamilosp","twitter_misc":{"Escrito por":"Lucas Soares Gon\u00e7alves","Est. tempo de leitura":"4 minutos"},"schema":{"@context":"https:\/\/schema.org","@graph":[{"@type":"Article","@id":"https:\/\/blog.saocamilo-sp.br\/index.php\/2023\/08\/30\/fortalecendo-a-internacionalizacao-classe-espelho-conecta-alunos-da-sao-camilo-com-a-universidade-catolica-de-el-salvador\/#article","isPartOf":{"@id":"https:\/\/blog.saocamilo-sp.br\/index.php\/2023\/08\/30\/fortalecendo-a-internacionalizacao-classe-espelho-conecta-alunos-da-sao-camilo-com-a-universidade-catolica-de-el-salvador\/"},"author":{"name":"Lucas Soares Gon\u00e7alves","@id":"https:\/\/blog.saocamilo-sp.br\/#\/schema\/person\/781135418152912d4b58f2db13a2eaf0"},"headline":"Estudantes camilianos se conectam com a Universidade Cat\u00f3lica de El Salvador","datePublished":"2023-08-30T12:00:00+00:00","dateModified":"2025-11-25T13:19:10+00:00","mainEntityOfPage":{"@id":"https:\/\/blog.saocamilo-sp.br\/index.php\/2023\/08\/30\/fortalecendo-a-internacionalizacao-classe-espelho-conecta-alunos-da-sao-camilo-com-a-universidade-catolica-de-el-salvador\/"},"wordCount":547,"commentCount":0,"publisher":{"@id":"https:\/\/blog.saocamilo-sp.br\/#organization"},"image":{"@id":"https:\/\/blog.saocamilo-sp.br\/index.php\/2023\/08\/30\/fortalecendo-a-internacionalizacao-classe-espelho-conecta-alunos-da-sao-camilo-com-a-universidade-catolica-de-el-salvador\/#primaryimage"},"thumbnailUrl":"https:\/\/blog.saocamilo-sp.br\/wp-content\/uploads\/2023\/08\/image.png","keywords":["classe espelho","Internacionaliza\u00e7\u00e3o","rela\u00e7\u00f5es internacionais"],"articleSection":["Institucional","Internacional"],"inLanguage":"pt-BR","potentialAction":[{"@type":"CommentAction","name":"Comment","target":["https:\/\/blog.saocamilo-sp.br\/index.php\/2023\/08\/30\/fortalecendo-a-internacionalizacao-classe-espelho-conecta-alunos-da-sao-camilo-com-a-universidade-catolica-de-el-salvador\/#respond"]}]},{"@type":"WebPage","@id":"https:\/\/blog.saocamilo-sp.br\/index.php\/2023\/08\/30\/fortalecendo-a-internacionalizacao-classe-espelho-conecta-alunos-da-sao-camilo-com-a-universidade-catolica-de-el-salvador\/","url":"https:\/\/blog.saocamilo-sp.br\/index.php\/2023\/08\/30\/fortalecendo-a-internacionalizacao-classe-espelho-conecta-alunos-da-sao-camilo-com-a-universidade-catolica-de-el-salvador\/","name":"Estudantes camilianos se conectam com a Universidade Cat\u00f3lica de El Salvador - Blog S\u00e3o Camilo","isPartOf":{"@id":"https:\/\/blog.saocamilo-sp.br\/#website"},"primaryImageOfPage":{"@id":"https:\/\/blog.saocamilo-sp.br\/index.php\/2023\/08\/30\/fortalecendo-a-internacionalizacao-classe-espelho-conecta-alunos-da-sao-camilo-com-a-universidade-catolica-de-el-salvador\/#primaryimage"},"image":{"@id":"https:\/\/blog.saocamilo-sp.br\/index.php\/2023\/08\/30\/fortalecendo-a-internacionalizacao-classe-espelho-conecta-alunos-da-sao-camilo-com-a-universidade-catolica-de-el-salvador\/#primaryimage"},"thumbnailUrl":"https:\/\/blog.saocamilo-sp.br\/wp-content\/uploads\/2023\/08\/image.png","datePublished":"2023-08-30T12:00:00+00:00","dateModified":"2025-11-25T13:19:10+00:00","description":"O Centro Universit\u00e1rio S\u00e3o Camilo com a Uni. El Salvador, ambos integrantes da rede de coopera\u00e7\u00e3o ODUCAL entram com a a\u00e7\u00e3o Classe Espelho.","breadcrumb":{"@id":"https:\/\/blog.saocamilo-sp.br\/index.php\/2023\/08\/30\/fortalecendo-a-internacionalizacao-classe-espelho-conecta-alunos-da-sao-camilo-com-a-universidade-catolica-de-el-salvador\/#breadcrumb"},"inLanguage":"pt-BR","potentialAction":[{"@type":"ReadAction","target":["https:\/\/blog.saocamilo-sp.br\/index.php\/2023\/08\/30\/fortalecendo-a-internacionalizacao-classe-espelho-conecta-alunos-da-sao-camilo-com-a-universidade-catolica-de-el-salvador\/"]}]},{"@type":"ImageObject","inLanguage":"pt-BR","@id":"https:\/\/blog.saocamilo-sp.br\/index.php\/2023\/08\/30\/fortalecendo-a-internacionalizacao-classe-espelho-conecta-alunos-da-sao-camilo-com-a-universidade-catolica-de-el-salvador\/#primaryimage","url":"https:\/\/blog.saocamilo-sp.br\/wp-content\/uploads\/2023\/08\/image.png","contentUrl":"https:\/\/blog.saocamilo-sp.br\/wp-content\/uploads\/2023\/08\/image.png","width":768,"height":518,"caption":"O Centro Universit\u00e1rio S\u00e3o Camilo em parceria com a Universidade Cat\u00f3lica de El Salvador, ambos integrantes da rede de coopera\u00e7\u00e3o ODUCAL entram com a a\u00e7\u00e3o denominada Classe Espelho."},{"@type":"BreadcrumbList","@id":"https:\/\/blog.saocamilo-sp.br\/index.php\/2023\/08\/30\/fortalecendo-a-internacionalizacao-classe-espelho-conecta-alunos-da-sao-camilo-com-a-universidade-catolica-de-el-salvador\/#breadcrumb","itemListElement":[{"@type":"ListItem","position":1,"name":"In\u00edcio","item":"https:\/\/blog.saocamilo-sp.br\/"},{"@type":"ListItem","position":2,"name":"Estudantes camilianos se conectam com a Universidade Cat\u00f3lica de El Salvador"}]},{"@type":"WebSite","@id":"https:\/\/blog.saocamilo-sp.br\/#website","url":"https:\/\/blog.saocamilo-sp.br\/","name":"Blog S\u00e3o Camilo","description":"Blog do Centro Universit\u00e1rio S\u00e3o Camilo","publisher":{"@id":"https:\/\/blog.saocamilo-sp.br\/#organization"},"potentialAction":[{"@type":"SearchAction","target":{"@type":"EntryPoint","urlTemplate":"https:\/\/blog.saocamilo-sp.br\/?s={search_term_string}"},"query-input":{"@type":"PropertyValueSpecification","valueRequired":true,"valueName":"search_term_string"}}],"inLanguage":"pt-BR"},{"@type":"Organization","@id":"https:\/\/blog.saocamilo-sp.br\/#organization","name":"Blog S\u00e3o Camilo","url":"https:\/\/blog.saocamilo-sp.br\/","logo":{"@type":"ImageObject","inLanguage":"pt-BR","@id":"https:\/\/blog.saocamilo-sp.br\/#\/schema\/logo\/image\/","url":"https:\/\/blog.saocamilo-sp.br\/wp-content\/uploads\/2021\/12\/cropped-vazio-logo-topo.png","contentUrl":"https:\/\/blog.saocamilo-sp.br\/wp-content\/uploads\/2021\/12\/cropped-vazio-logo-topo.png","width":320,"height":240,"caption":"Blog S\u00e3o Camilo"},"image":{"@id":"https:\/\/blog.saocamilo-sp.br\/#\/schema\/logo\/image\/"},"sameAs":["https:\/\/www.facebook.com\/saocamilosp","https:\/\/x.com\/saocamilosp","https:\/\/www.linkedin.com\/school\/centro-universit-rio-s-o-camilo\/"]},{"@type":"Person","@id":"https:\/\/blog.saocamilo-sp.br\/#\/schema\/person\/781135418152912d4b58f2db13a2eaf0","name":"Lucas Soares Gon\u00e7alves","image":{"@type":"ImageObject","inLanguage":"pt-BR","@id":"https:\/\/secure.gravatar.com\/avatar\/bcd2d703cbb48116eaac2cac8643792535238ff30b2d7ce9e16f9254ec9cae83?s=96&d=mm&r=g","url":"https:\/\/secure.gravatar.com\/avatar\/bcd2d703cbb48116eaac2cac8643792535238ff30b2d7ce9e16f9254ec9cae83?s=96&d=mm&r=g","contentUrl":"https:\/\/secure.gravatar.com\/avatar\/bcd2d703cbb48116eaac2cac8643792535238ff30b2d7ce9e16f9254ec9cae83?s=96&d=mm&r=g","caption":"Lucas Soares Gon\u00e7alves"},"url":"https:\/\/blog.saocamilo-sp.br\/index.php\/author\/lucas-soares-goncalves\/"}]}},"_links":{"self":[{"href":"https:\/\/blog.saocamilo-sp.br\/index.php\/wp-json\/wp\/v2\/posts\/1564","targetHints":{"allow":["GET"]}}],"collection":[{"href":"https:\/\/blog.saocamilo-sp.br\/index.php\/wp-json\/wp\/v2\/posts"}],"about":[{"href":"https:\/\/blog.saocamilo-sp.br\/index.php\/wp-json\/wp\/v2\/types\/post"}],"author":[{"embeddable":true,"href":"https:\/\/blog.saocamilo-sp.br\/index.php\/wp-json\/wp\/v2\/users\/4"}],"replies":[{"embeddable":true,"href":"https:\/\/blog.saocamilo-sp.br\/index.php\/wp-json\/wp\/v2\/comments?post=1564"}],"version-history":[{"count":8,"href":"https:\/\/blog.saocamilo-sp.br\/index.php\/wp-json\/wp\/v2\/posts\/1564\/revisions"}],"predecessor-version":[{"id":1595,"href":"https:\/\/blog.saocamilo-sp.br\/index.php\/wp-json\/wp\/v2\/posts\/1564\/revisions\/1595"}],"wp:featuredmedia":[{"embeddable":true,"href":"https:\/\/blog.saocamilo-sp.br\/index.php\/wp-json\/wp\/v2\/media\/1566"}],"wp:attachment":[{"href":"https:\/\/blog.saocamilo-sp.br\/index.php\/wp-json\/wp\/v2\/media?parent=1564"}],"wp:term":[{"taxonomy":"category","embeddable":true,"href":"https:\/\/blog.saocamilo-sp.br\/index.php\/wp-json\/wp\/v2\/categories?post=1564"},{"taxonomy":"post_tag","embeddable":true,"href":"https:\/\/blog.saocamilo-sp.br\/index.php\/wp-json\/wp\/v2\/tags?post=1564"}],"curies":[{"name":"wp","href":"https:\/\/api.w.org\/{rel}","templated":true}]}}