{"id":1576,"date":"2023-08-10T12:05:36","date_gmt":"2023-08-10T15:05:36","guid":{"rendered":"https:\/\/blog.saocamilo-sp.br\/?p=1576"},"modified":"2025-11-25T10:28:58","modified_gmt":"2025-11-25T13:28:58","slug":"aprimore-a-qualidade-da-gestao-em-servicos-de-saude-baixe-agora-nosso-novo-e-book","status":"publish","type":"post","link":"https:\/\/blog.saocamilo-sp.br\/index.php\/2023\/08\/10\/aprimore-a-qualidade-da-gestao-em-servicos-de-saude-baixe-agora-nosso-novo-e-book\/","title":{"rendered":"Aprimore a Qualidade da Gest\u00e3o em Servi\u00e7os de Sa\u00fade baixe agora nosso novo E-book"},"content":{"rendered":"\n<p>Explore o mundo da gest\u00e3o de sa\u00fade de forma inovadora com o nosso mais recente lan\u00e7amento: o <strong>e-book: &#8220;Qualidade em Gest\u00e3o de Sa\u00fade&#8221;<\/strong>. Se voc\u00ea \u00e9 um(a) profissional comprometido(a) em proporcionar experi\u00eancias de qualidade nos servi\u00e7os de sa\u00fade, este e-book \u00e9 a ferramenta essencial que voc\u00ea estava esperando.<\/p>\n\n\n\n<h2 class=\"wp-block-heading\">Gest\u00e3o na pr\u00e1tica<\/h2>\n\n\n\n<p>A publica\u00e7\u00e3o cont\u00e9m exemplos pr\u00e1ticos que ilustram como a gest\u00e3o eficiente pode transformar o cen\u00e1rio da sa\u00fade. Este \u00e9 o primeiro volume da cole\u00e7\u00e3o &#8220;Reflex\u00f5es sobre Qualidade em Gest\u00e3o de Sa\u00fade&#8221;, trazendo abordagens abrangentes para auxiliar gestores(as) a exercerem um controle salutar sobre seus ambientes de trabalho.<\/p>\n\n\n\n<p><\/p>\n\n\n\n<h2 class=\"wp-block-heading\">Equipe de renomados especialistas<\/h2>\n\n\n\n<p>Uma equipe de especialistas renomados se uniu para trazer a voc\u00ea uma leitura enriquecedora. Os autores, Claudia Raffa, Cristiano de Souza Corr\u00eaa, Ana Claudia Alc\u00e2ntara Garzin, Gilberto Back, Larissa Resende, Mario Silvia Novaes Barreto, Thiago Sim\u00f5es, Luciane Correia da Silva Vieira e Dalton de Oliveira Viesti, trazem anos de experi\u00eancia e conhecimento para oferecer insights valiosos sobre a gest\u00e3o de sa\u00fade.<\/p>\n\n\n\n<p>A organiza\u00e7\u00e3o do e-book \u00e9 assinada por Claudia Raffa e Silvia Barreto, nomes reconhecidos no campo da gest\u00e3o de sa\u00fade, que garantem que cada cap\u00edtulo se alinhe de forma coesa e clara, proporcionando uma leitura fluida e cativante.<\/p>\n\n\n\n<p><\/p>\n\n\n\n<h2 class=\"wp-block-heading\">Baixe agora o seu e-book<\/h2>\n\n\n\n<p>N\u00e3o perca a oportunidade de aprimorar suas habilidades de gest\u00e3o e elevar a qualidade dos servi\u00e7os de sa\u00fade que voc\u00ea oferece. Baixe agora mesmo o e-book &#8220;Qualidade em Gest\u00e3o de Sa\u00fade&#8221; e prepare-se para uma jornada de aprendizado que pode revolucionar a forma como voc\u00ea enxerga a gest\u00e3o no setor da sa\u00fade.<\/p>\n\n\n\n<p>Invista em conhecimento. Eleve a qualidade. Transforme a gest\u00e3o de sa\u00fade.<br><\/p>\n\n\n\n<p class=\"has-text-align-center\"><strong><a href=\"https:\/\/saocamilo-sp.br\/_app\/views\/publicacoes\/outraspublicacoes\/E-book%20Qualidade%20em%20Gest%C3%A3o%20de%20Sa%C3%BAde.pdf\" target=\"_blank\" rel=\"noreferrer noopener\">Clique aqui para fazer o download do e-book!<\/a><\/strong><\/p>\n\n\n\n<figure class=\"wp-block-image size-full\"><img loading=\"lazy\" decoding=\"async\" width=\"853\" height=\"275\" src=\"https:\/\/blog.saocamilo-sp.br\/wp-content\/uploads\/2023\/08\/Topo-Ebook-Gestao.jpg\" alt=\"\" class=\"wp-image-1577\" srcset=\"https:\/\/blog.saocamilo-sp.br\/wp-content\/uploads\/2023\/08\/Topo-Ebook-Gestao.jpg 853w, https:\/\/blog.saocamilo-sp.br\/wp-content\/uploads\/2023\/08\/Topo-Ebook-Gestao-300x97.jpg 300w, https:\/\/blog.saocamilo-sp.br\/wp-content\/uploads\/2023\/08\/Topo-Ebook-Gestao-768x248.jpg 768w, https:\/\/blog.saocamilo-sp.br\/wp-content\/uploads\/2023\/08\/Topo-Ebook-Gestao-600x193.jpg 600w\" sizes=\"auto, (max-width: 853px) 100vw, 853px\" \/><\/figure>\n\n\n\n<p>Veja tamb\u00e9m:<br><a href=\"https:\/\/blog.saocamilo-sp.br\/index.php\/2023\/05\/05\/dia-mundial-de-higiene-das-maos-confira-dicas-de-assepsia\/\">Dia Mundial de Higiene das M\u00e3os: confira algumas dicas de assepsia<\/a><br><a href=\"https:\/\/blog.saocamilo-sp.br\/index.php\/2023\/01\/09\/capacitacao-esg-na-pos-graduacao-sao-camilo\/\">Capacita\u00e7\u00e3o ESG na P\u00f3s-gradua\u00e7\u00e3o S\u00e3o Camilo<\/a><br><\/p>\n\n\n\n<p>Saiba mais sobre nossos cursos:<\/p>\n\n\n\n<iframe loading=\"lazy\" src=\"https:\/\/saocamilo.apprbs.com.br\/tenho-interesse-blog\" height=\"530px\" width=\"100%\" frameborder=\"0\"><\/iframe>\n\n\n\n<p>Compartilhe em:<\/p>\n","protected":false},"excerpt":{"rendered":"<p>Este e-book \u00e9 a ferramenta essencial que voc\u00ea estava esperando para proporcionar experi\u00eancias de qualidade nos servi\u00e7os de sa\u00fade<\/p>\n","protected":false},"author":13,"featured_media":1578,"comment_status":"open","ping_status":"open","sticky":false,"template":"","format":"standard","meta":{"cybocfi_hide_featured_image":"","footnotes":""},"categories":[102,79],"tags":[104,103,17],"class_list":["post-1576","post","type-post","status-publish","format-standard","has-post-thumbnail","hentry","category-gestao","category-saude","tag-e-book","tag-gestao","tag-saude"],"yoast_head":"<!-- This site is optimized with the Yoast SEO plugin v27.4 - https:\/\/yoast.com\/product\/yoast-seo-wordpress\/ -->\n<title>Aprimore a Qualidade da Gest\u00e3o em Servi\u00e7os de Sa\u00fade baixe agora nosso novo E-book - Blog S\u00e3o Camilo<\/title>\n<meta name=\"robots\" content=\"index, follow, max-snippet:-1, max-image-preview:large, max-video-preview:-1\" \/>\n<link rel=\"canonical\" href=\"https:\/\/blog.saocamilo-sp.br\/index.php\/2023\/08\/10\/aprimore-a-qualidade-da-gestao-em-servicos-de-saude-baixe-agora-nosso-novo-e-book\/\" \/>\n<meta property=\"og:locale\" content=\"pt_BR\" \/>\n<meta property=\"og:type\" content=\"article\" \/>\n<meta property=\"og:title\" content=\"Aprimore a Qualidade da Gest\u00e3o em Servi\u00e7os de Sa\u00fade baixe agora nosso novo E-book - Blog S\u00e3o Camilo\" \/>\n<meta property=\"og:description\" content=\"Este e-book \u00e9 a ferramenta essencial que voc\u00ea estava esperando para proporcionar experi\u00eancias de qualidade nos servi\u00e7os de sa\u00fade\" \/>\n<meta property=\"og:url\" content=\"https:\/\/blog.saocamilo-sp.br\/index.php\/2023\/08\/10\/aprimore-a-qualidade-da-gestao-em-servicos-de-saude-baixe-agora-nosso-novo-e-book\/\" \/>\n<meta property=\"og:site_name\" content=\"Blog S\u00e3o Camilo\" \/>\n<meta property=\"article:publisher\" content=\"https:\/\/www.facebook.com\/saocamilosp\" \/>\n<meta property=\"article:published_time\" content=\"2023-08-10T15:05:36+00:00\" \/>\n<meta property=\"article:modified_time\" content=\"2025-11-25T13:28:58+00:00\" \/>\n<meta property=\"og:image\" content=\"https:\/\/blog.saocamilo-sp.br\/wp-content\/uploads\/2023\/08\/Capa_e_book_blog.png\" \/>\n\t<meta property=\"og:image:width\" content=\"768\" \/>\n\t<meta property=\"og:image:height\" content=\"518\" \/>\n\t<meta property=\"og:image:type\" content=\"image\/png\" \/>\n<meta name=\"author\" content=\"Leandro Lafr\u00e1gola\" \/>\n<meta name=\"twitter:card\" content=\"summary_large_image\" \/>\n<meta name=\"twitter:creator\" content=\"@saocamilosp\" \/>\n<meta name=\"twitter:site\" content=\"@saocamilosp\" \/>\n<meta name=\"twitter:label1\" content=\"Escrito por\" \/>\n\t<meta name=\"twitter:data1\" content=\"Leandro Lafr\u00e1gola\" \/>\n\t<meta name=\"twitter:label2\" content=\"Est. tempo de leitura\" \/>\n\t<meta name=\"twitter:data2\" content=\"3 minutos\" \/>\n<script type=\"application\/ld+json\" class=\"yoast-schema-graph\">{\"@context\":\"https:\\\/\\\/schema.org\",\"@graph\":[{\"@type\":\"Article\",\"@id\":\"https:\\\/\\\/blog.saocamilo-sp.br\\\/index.php\\\/2023\\\/08\\\/10\\\/aprimore-a-qualidade-da-gestao-em-servicos-de-saude-baixe-agora-nosso-novo-e-book\\\/#article\",\"isPartOf\":{\"@id\":\"https:\\\/\\\/blog.saocamilo-sp.br\\\/index.php\\\/2023\\\/08\\\/10\\\/aprimore-a-qualidade-da-gestao-em-servicos-de-saude-baixe-agora-nosso-novo-e-book\\\/\"},\"author\":{\"name\":\"Leandro Lafr\u00e1gola\",\"@id\":\"https:\\\/\\\/blog.saocamilo-sp.br\\\/#\\\/schema\\\/person\\\/1a99645faaab0bb55105f817e866e19b\"},\"headline\":\"Aprimore a Qualidade da Gest\u00e3o em Servi\u00e7os de Sa\u00fade baixe agora nosso novo E-book\",\"datePublished\":\"2023-08-10T15:05:36+00:00\",\"dateModified\":\"2025-11-25T13:28:58+00:00\",\"mainEntityOfPage\":{\"@id\":\"https:\\\/\\\/blog.saocamilo-sp.br\\\/index.php\\\/2023\\\/08\\\/10\\\/aprimore-a-qualidade-da-gestao-em-servicos-de-saude-baixe-agora-nosso-novo-e-book\\\/\"},\"wordCount\":365,\"commentCount\":0,\"publisher\":{\"@id\":\"https:\\\/\\\/blog.saocamilo-sp.br\\\/#organization\"},\"image\":{\"@id\":\"https:\\\/\\\/blog.saocamilo-sp.br\\\/index.php\\\/2023\\\/08\\\/10\\\/aprimore-a-qualidade-da-gestao-em-servicos-de-saude-baixe-agora-nosso-novo-e-book\\\/#primaryimage\"},\"thumbnailUrl\":\"https:\\\/\\\/blog.saocamilo-sp.br\\\/wp-content\\\/uploads\\\/2023\\\/08\\\/Capa_e_book_blog.png\",\"keywords\":[\"E-book\",\"Gest\u00e3o\",\"Sa\u00fade\"],\"articleSection\":[\"Gest\u00e3o\",\"Sa\u00fade\"],\"inLanguage\":\"pt-BR\",\"potentialAction\":[{\"@type\":\"CommentAction\",\"name\":\"Comment\",\"target\":[\"https:\\\/\\\/blog.saocamilo-sp.br\\\/index.php\\\/2023\\\/08\\\/10\\\/aprimore-a-qualidade-da-gestao-em-servicos-de-saude-baixe-agora-nosso-novo-e-book\\\/#respond\"]}]},{\"@type\":\"WebPage\",\"@id\":\"https:\\\/\\\/blog.saocamilo-sp.br\\\/index.php\\\/2023\\\/08\\\/10\\\/aprimore-a-qualidade-da-gestao-em-servicos-de-saude-baixe-agora-nosso-novo-e-book\\\/\",\"url\":\"https:\\\/\\\/blog.saocamilo-sp.br\\\/index.php\\\/2023\\\/08\\\/10\\\/aprimore-a-qualidade-da-gestao-em-servicos-de-saude-baixe-agora-nosso-novo-e-book\\\/\",\"name\":\"Aprimore a Qualidade da Gest\u00e3o em Servi\u00e7os de Sa\u00fade baixe agora nosso novo E-book - Blog S\u00e3o Camilo\",\"isPartOf\":{\"@id\":\"https:\\\/\\\/blog.saocamilo-sp.br\\\/#website\"},\"primaryImageOfPage\":{\"@id\":\"https:\\\/\\\/blog.saocamilo-sp.br\\\/index.php\\\/2023\\\/08\\\/10\\\/aprimore-a-qualidade-da-gestao-em-servicos-de-saude-baixe-agora-nosso-novo-e-book\\\/#primaryimage\"},\"image\":{\"@id\":\"https:\\\/\\\/blog.saocamilo-sp.br\\\/index.php\\\/2023\\\/08\\\/10\\\/aprimore-a-qualidade-da-gestao-em-servicos-de-saude-baixe-agora-nosso-novo-e-book\\\/#primaryimage\"},\"thumbnailUrl\":\"https:\\\/\\\/blog.saocamilo-sp.br\\\/wp-content\\\/uploads\\\/2023\\\/08\\\/Capa_e_book_blog.png\",\"datePublished\":\"2023-08-10T15:05:36+00:00\",\"dateModified\":\"2025-11-25T13:28:58+00:00\",\"breadcrumb\":{\"@id\":\"https:\\\/\\\/blog.saocamilo-sp.br\\\/index.php\\\/2023\\\/08\\\/10\\\/aprimore-a-qualidade-da-gestao-em-servicos-de-saude-baixe-agora-nosso-novo-e-book\\\/#breadcrumb\"},\"inLanguage\":\"pt-BR\",\"potentialAction\":[{\"@type\":\"ReadAction\",\"target\":[\"https:\\\/\\\/blog.saocamilo-sp.br\\\/index.php\\\/2023\\\/08\\\/10\\\/aprimore-a-qualidade-da-gestao-em-servicos-de-saude-baixe-agora-nosso-novo-e-book\\\/\"]}]},{\"@type\":\"ImageObject\",\"inLanguage\":\"pt-BR\",\"@id\":\"https:\\\/\\\/blog.saocamilo-sp.br\\\/index.php\\\/2023\\\/08\\\/10\\\/aprimore-a-qualidade-da-gestao-em-servicos-de-saude-baixe-agora-nosso-novo-e-book\\\/#primaryimage\",\"url\":\"https:\\\/\\\/blog.saocamilo-sp.br\\\/wp-content\\\/uploads\\\/2023\\\/08\\\/Capa_e_book_blog.png\",\"contentUrl\":\"https:\\\/\\\/blog.saocamilo-sp.br\\\/wp-content\\\/uploads\\\/2023\\\/08\\\/Capa_e_book_blog.png\",\"width\":768,\"height\":518,\"caption\":\"Baixe agora o e-book Qualidade em Gest\u00e3o de Sa\u00fade\"},{\"@type\":\"BreadcrumbList\",\"@id\":\"https:\\\/\\\/blog.saocamilo-sp.br\\\/index.php\\\/2023\\\/08\\\/10\\\/aprimore-a-qualidade-da-gestao-em-servicos-de-saude-baixe-agora-nosso-novo-e-book\\\/#breadcrumb\",\"itemListElement\":[{\"@type\":\"ListItem\",\"position\":1,\"name\":\"In\u00edcio\",\"item\":\"https:\\\/\\\/blog.saocamilo-sp.br\\\/\"},{\"@type\":\"ListItem\",\"position\":2,\"name\":\"Aprimore a Qualidade da Gest\u00e3o em Servi\u00e7os de Sa\u00fade baixe agora nosso novo E-book\"}]},{\"@type\":\"WebSite\",\"@id\":\"https:\\\/\\\/blog.saocamilo-sp.br\\\/#website\",\"url\":\"https:\\\/\\\/blog.saocamilo-sp.br\\\/\",\"name\":\"Blog S\u00e3o Camilo\",\"description\":\"Blog do Centro Universit\u00e1rio S\u00e3o Camilo\",\"publisher\":{\"@id\":\"https:\\\/\\\/blog.saocamilo-sp.br\\\/#organization\"},\"potentialAction\":[{\"@type\":\"SearchAction\",\"target\":{\"@type\":\"EntryPoint\",\"urlTemplate\":\"https:\\\/\\\/blog.saocamilo-sp.br\\\/?s={search_term_string}\"},\"query-input\":{\"@type\":\"PropertyValueSpecification\",\"valueRequired\":true,\"valueName\":\"search_term_string\"}}],\"inLanguage\":\"pt-BR\"},{\"@type\":\"Organization\",\"@id\":\"https:\\\/\\\/blog.saocamilo-sp.br\\\/#organization\",\"name\":\"Blog S\u00e3o Camilo\",\"url\":\"https:\\\/\\\/blog.saocamilo-sp.br\\\/\",\"logo\":{\"@type\":\"ImageObject\",\"inLanguage\":\"pt-BR\",\"@id\":\"https:\\\/\\\/blog.saocamilo-sp.br\\\/#\\\/schema\\\/logo\\\/image\\\/\",\"url\":\"https:\\\/\\\/blog.saocamilo-sp.br\\\/wp-content\\\/uploads\\\/2021\\\/12\\\/cropped-vazio-logo-topo.png\",\"contentUrl\":\"https:\\\/\\\/blog.saocamilo-sp.br\\\/wp-content\\\/uploads\\\/2021\\\/12\\\/cropped-vazio-logo-topo.png\",\"width\":320,\"height\":240,\"caption\":\"Blog S\u00e3o Camilo\"},\"image\":{\"@id\":\"https:\\\/\\\/blog.saocamilo-sp.br\\\/#\\\/schema\\\/logo\\\/image\\\/\"},\"sameAs\":[\"https:\\\/\\\/www.facebook.com\\\/saocamilosp\",\"https:\\\/\\\/x.com\\\/saocamilosp\",\"https:\\\/\\\/www.linkedin.com\\\/school\\\/centro-universit-rio-s-o-camilo\\\/\"]},{\"@type\":\"Person\",\"@id\":\"https:\\\/\\\/blog.saocamilo-sp.br\\\/#\\\/schema\\\/person\\\/1a99645faaab0bb55105f817e866e19b\",\"name\":\"Leandro Lafr\u00e1gola\",\"image\":{\"@type\":\"ImageObject\",\"inLanguage\":\"pt-BR\",\"@id\":\"https:\\\/\\\/secure.gravatar.com\\\/avatar\\\/ec4232fb8d50d80f1c672353dc4c2876490e6a0a2a33d6572c0ba1fb78f115cf?s=96&d=mm&r=g\",\"url\":\"https:\\\/\\\/secure.gravatar.com\\\/avatar\\\/ec4232fb8d50d80f1c672353dc4c2876490e6a0a2a33d6572c0ba1fb78f115cf?s=96&d=mm&r=g\",\"contentUrl\":\"https:\\\/\\\/secure.gravatar.com\\\/avatar\\\/ec4232fb8d50d80f1c672353dc4c2876490e6a0a2a33d6572c0ba1fb78f115cf?s=96&d=mm&r=g\",\"caption\":\"Leandro Lafr\u00e1gola\"},\"url\":\"https:\\\/\\\/blog.saocamilo-sp.br\\\/index.php\\\/author\\\/llafragola\\\/\"}]}<\/script>\n<!-- \/ Yoast SEO plugin. -->","yoast_head_json":{"title":"Aprimore a Qualidade da Gest\u00e3o em Servi\u00e7os de Sa\u00fade baixe agora nosso novo E-book - Blog S\u00e3o Camilo","robots":{"index":"index","follow":"follow","max-snippet":"max-snippet:-1","max-image-preview":"max-image-preview:large","max-video-preview":"max-video-preview:-1"},"canonical":"https:\/\/blog.saocamilo-sp.br\/index.php\/2023\/08\/10\/aprimore-a-qualidade-da-gestao-em-servicos-de-saude-baixe-agora-nosso-novo-e-book\/","og_locale":"pt_BR","og_type":"article","og_title":"Aprimore a Qualidade da Gest\u00e3o em Servi\u00e7os de Sa\u00fade baixe agora nosso novo E-book - Blog S\u00e3o Camilo","og_description":"Este e-book \u00e9 a ferramenta essencial que voc\u00ea estava esperando para proporcionar experi\u00eancias de qualidade nos servi\u00e7os de sa\u00fade","og_url":"https:\/\/blog.saocamilo-sp.br\/index.php\/2023\/08\/10\/aprimore-a-qualidade-da-gestao-em-servicos-de-saude-baixe-agora-nosso-novo-e-book\/","og_site_name":"Blog S\u00e3o Camilo","article_publisher":"https:\/\/www.facebook.com\/saocamilosp","article_published_time":"2023-08-10T15:05:36+00:00","article_modified_time":"2025-11-25T13:28:58+00:00","og_image":[{"width":768,"height":518,"url":"https:\/\/blog.saocamilo-sp.br\/wp-content\/uploads\/2023\/08\/Capa_e_book_blog.png","type":"image\/png"}],"author":"Leandro Lafr\u00e1gola","twitter_card":"summary_large_image","twitter_creator":"@saocamilosp","twitter_site":"@saocamilosp","twitter_misc":{"Escrito por":"Leandro Lafr\u00e1gola","Est. tempo de leitura":"3 minutos"},"schema":{"@context":"https:\/\/schema.org","@graph":[{"@type":"Article","@id":"https:\/\/blog.saocamilo-sp.br\/index.php\/2023\/08\/10\/aprimore-a-qualidade-da-gestao-em-servicos-de-saude-baixe-agora-nosso-novo-e-book\/#article","isPartOf":{"@id":"https:\/\/blog.saocamilo-sp.br\/index.php\/2023\/08\/10\/aprimore-a-qualidade-da-gestao-em-servicos-de-saude-baixe-agora-nosso-novo-e-book\/"},"author":{"name":"Leandro Lafr\u00e1gola","@id":"https:\/\/blog.saocamilo-sp.br\/#\/schema\/person\/1a99645faaab0bb55105f817e866e19b"},"headline":"Aprimore a Qualidade da Gest\u00e3o em Servi\u00e7os de Sa\u00fade baixe agora nosso novo E-book","datePublished":"2023-08-10T15:05:36+00:00","dateModified":"2025-11-25T13:28:58+00:00","mainEntityOfPage":{"@id":"https:\/\/blog.saocamilo-sp.br\/index.php\/2023\/08\/10\/aprimore-a-qualidade-da-gestao-em-servicos-de-saude-baixe-agora-nosso-novo-e-book\/"},"wordCount":365,"commentCount":0,"publisher":{"@id":"https:\/\/blog.saocamilo-sp.br\/#organization"},"image":{"@id":"https:\/\/blog.saocamilo-sp.br\/index.php\/2023\/08\/10\/aprimore-a-qualidade-da-gestao-em-servicos-de-saude-baixe-agora-nosso-novo-e-book\/#primaryimage"},"thumbnailUrl":"https:\/\/blog.saocamilo-sp.br\/wp-content\/uploads\/2023\/08\/Capa_e_book_blog.png","keywords":["E-book","Gest\u00e3o","Sa\u00fade"],"articleSection":["Gest\u00e3o","Sa\u00fade"],"inLanguage":"pt-BR","potentialAction":[{"@type":"CommentAction","name":"Comment","target":["https:\/\/blog.saocamilo-sp.br\/index.php\/2023\/08\/10\/aprimore-a-qualidade-da-gestao-em-servicos-de-saude-baixe-agora-nosso-novo-e-book\/#respond"]}]},{"@type":"WebPage","@id":"https:\/\/blog.saocamilo-sp.br\/index.php\/2023\/08\/10\/aprimore-a-qualidade-da-gestao-em-servicos-de-saude-baixe-agora-nosso-novo-e-book\/","url":"https:\/\/blog.saocamilo-sp.br\/index.php\/2023\/08\/10\/aprimore-a-qualidade-da-gestao-em-servicos-de-saude-baixe-agora-nosso-novo-e-book\/","name":"Aprimore a Qualidade da Gest\u00e3o em Servi\u00e7os de Sa\u00fade baixe agora nosso novo E-book - Blog S\u00e3o Camilo","isPartOf":{"@id":"https:\/\/blog.saocamilo-sp.br\/#website"},"primaryImageOfPage":{"@id":"https:\/\/blog.saocamilo-sp.br\/index.php\/2023\/08\/10\/aprimore-a-qualidade-da-gestao-em-servicos-de-saude-baixe-agora-nosso-novo-e-book\/#primaryimage"},"image":{"@id":"https:\/\/blog.saocamilo-sp.br\/index.php\/2023\/08\/10\/aprimore-a-qualidade-da-gestao-em-servicos-de-saude-baixe-agora-nosso-novo-e-book\/#primaryimage"},"thumbnailUrl":"https:\/\/blog.saocamilo-sp.br\/wp-content\/uploads\/2023\/08\/Capa_e_book_blog.png","datePublished":"2023-08-10T15:05:36+00:00","dateModified":"2025-11-25T13:28:58+00:00","breadcrumb":{"@id":"https:\/\/blog.saocamilo-sp.br\/index.php\/2023\/08\/10\/aprimore-a-qualidade-da-gestao-em-servicos-de-saude-baixe-agora-nosso-novo-e-book\/#breadcrumb"},"inLanguage":"pt-BR","potentialAction":[{"@type":"ReadAction","target":["https:\/\/blog.saocamilo-sp.br\/index.php\/2023\/08\/10\/aprimore-a-qualidade-da-gestao-em-servicos-de-saude-baixe-agora-nosso-novo-e-book\/"]}]},{"@type":"ImageObject","inLanguage":"pt-BR","@id":"https:\/\/blog.saocamilo-sp.br\/index.php\/2023\/08\/10\/aprimore-a-qualidade-da-gestao-em-servicos-de-saude-baixe-agora-nosso-novo-e-book\/#primaryimage","url":"https:\/\/blog.saocamilo-sp.br\/wp-content\/uploads\/2023\/08\/Capa_e_book_blog.png","contentUrl":"https:\/\/blog.saocamilo-sp.br\/wp-content\/uploads\/2023\/08\/Capa_e_book_blog.png","width":768,"height":518,"caption":"Baixe agora o e-book Qualidade em Gest\u00e3o de Sa\u00fade"},{"@type":"BreadcrumbList","@id":"https:\/\/blog.saocamilo-sp.br\/index.php\/2023\/08\/10\/aprimore-a-qualidade-da-gestao-em-servicos-de-saude-baixe-agora-nosso-novo-e-book\/#breadcrumb","itemListElement":[{"@type":"ListItem","position":1,"name":"In\u00edcio","item":"https:\/\/blog.saocamilo-sp.br\/"},{"@type":"ListItem","position":2,"name":"Aprimore a Qualidade da Gest\u00e3o em Servi\u00e7os de Sa\u00fade baixe agora nosso novo E-book"}]},{"@type":"WebSite","@id":"https:\/\/blog.saocamilo-sp.br\/#website","url":"https:\/\/blog.saocamilo-sp.br\/","name":"Blog S\u00e3o Camilo","description":"Blog do Centro Universit\u00e1rio S\u00e3o Camilo","publisher":{"@id":"https:\/\/blog.saocamilo-sp.br\/#organization"},"potentialAction":[{"@type":"SearchAction","target":{"@type":"EntryPoint","urlTemplate":"https:\/\/blog.saocamilo-sp.br\/?s={search_term_string}"},"query-input":{"@type":"PropertyValueSpecification","valueRequired":true,"valueName":"search_term_string"}}],"inLanguage":"pt-BR"},{"@type":"Organization","@id":"https:\/\/blog.saocamilo-sp.br\/#organization","name":"Blog S\u00e3o Camilo","url":"https:\/\/blog.saocamilo-sp.br\/","logo":{"@type":"ImageObject","inLanguage":"pt-BR","@id":"https:\/\/blog.saocamilo-sp.br\/#\/schema\/logo\/image\/","url":"https:\/\/blog.saocamilo-sp.br\/wp-content\/uploads\/2021\/12\/cropped-vazio-logo-topo.png","contentUrl":"https:\/\/blog.saocamilo-sp.br\/wp-content\/uploads\/2021\/12\/cropped-vazio-logo-topo.png","width":320,"height":240,"caption":"Blog S\u00e3o Camilo"},"image":{"@id":"https:\/\/blog.saocamilo-sp.br\/#\/schema\/logo\/image\/"},"sameAs":["https:\/\/www.facebook.com\/saocamilosp","https:\/\/x.com\/saocamilosp","https:\/\/www.linkedin.com\/school\/centro-universit-rio-s-o-camilo\/"]},{"@type":"Person","@id":"https:\/\/blog.saocamilo-sp.br\/#\/schema\/person\/1a99645faaab0bb55105f817e866e19b","name":"Leandro Lafr\u00e1gola","image":{"@type":"ImageObject","inLanguage":"pt-BR","@id":"https:\/\/secure.gravatar.com\/avatar\/ec4232fb8d50d80f1c672353dc4c2876490e6a0a2a33d6572c0ba1fb78f115cf?s=96&d=mm&r=g","url":"https:\/\/secure.gravatar.com\/avatar\/ec4232fb8d50d80f1c672353dc4c2876490e6a0a2a33d6572c0ba1fb78f115cf?s=96&d=mm&r=g","contentUrl":"https:\/\/secure.gravatar.com\/avatar\/ec4232fb8d50d80f1c672353dc4c2876490e6a0a2a33d6572c0ba1fb78f115cf?s=96&d=mm&r=g","caption":"Leandro Lafr\u00e1gola"},"url":"https:\/\/blog.saocamilo-sp.br\/index.php\/author\/llafragola\/"}]}},"_links":{"self":[{"href":"https:\/\/blog.saocamilo-sp.br\/index.php\/wp-json\/wp\/v2\/posts\/1576","targetHints":{"allow":["GET"]}}],"collection":[{"href":"https:\/\/blog.saocamilo-sp.br\/index.php\/wp-json\/wp\/v2\/posts"}],"about":[{"href":"https:\/\/blog.saocamilo-sp.br\/index.php\/wp-json\/wp\/v2\/types\/post"}],"author":[{"embeddable":true,"href":"https:\/\/blog.saocamilo-sp.br\/index.php\/wp-json\/wp\/v2\/users\/13"}],"replies":[{"embeddable":true,"href":"https:\/\/blog.saocamilo-sp.br\/index.php\/wp-json\/wp\/v2\/comments?post=1576"}],"version-history":[{"count":2,"href":"https:\/\/blog.saocamilo-sp.br\/index.php\/wp-json\/wp\/v2\/posts\/1576\/revisions"}],"predecessor-version":[{"id":1582,"href":"https:\/\/blog.saocamilo-sp.br\/index.php\/wp-json\/wp\/v2\/posts\/1576\/revisions\/1582"}],"wp:featuredmedia":[{"embeddable":true,"href":"https:\/\/blog.saocamilo-sp.br\/index.php\/wp-json\/wp\/v2\/media\/1578"}],"wp:attachment":[{"href":"https:\/\/blog.saocamilo-sp.br\/index.php\/wp-json\/wp\/v2\/media?parent=1576"}],"wp:term":[{"taxonomy":"category","embeddable":true,"href":"https:\/\/blog.saocamilo-sp.br\/index.php\/wp-json\/wp\/v2\/categories?post=1576"},{"taxonomy":"post_tag","embeddable":true,"href":"https:\/\/blog.saocamilo-sp.br\/index.php\/wp-json\/wp\/v2\/tags?post=1576"}],"curies":[{"name":"wp","href":"https:\/\/api.w.org\/{rel}","templated":true}]}}