{"id":1603,"date":"2023-09-06T15:43:11","date_gmt":"2023-09-06T18:43:11","guid":{"rendered":"https:\/\/blog.saocamilo-sp.br\/?p=1603"},"modified":"2023-09-06T17:00:25","modified_gmt":"2023-09-06T20:00:25","slug":"clinica-escola-promove-sao-camilo-comemora-21-anos-de-excelencia-em-saude-pesquisa-extensao-e-educacao","status":"publish","type":"post","link":"https:\/\/blog.saocamilo-sp.br\/index.php\/2023\/09\/06\/clinica-escola-promove-sao-camilo-comemora-21-anos-de-excelencia-em-saude-pesquisa-extensao-e-educacao\/","title":{"rendered":"Cl\u00ednica-escola PROMOVE: 21 anos de excel\u00eancia em sa\u00fade, pesquisa, extens\u00e3o e educa\u00e7\u00e3o"},"content":{"rendered":"\n<p><br>O PROMOVE, a Cl\u00ednica-escola da S\u00e3o Camilo, celebra  neste 11 de setembro, 21 anos de dedica\u00e7\u00e3o ao ensino, assist\u00eancia em  sa\u00fade, pesquisa, integra\u00e7\u00e3o social e tamb\u00e9m \u00e0 forma\u00e7\u00e3o acad\u00eamica dos estudantes.<br><br>Localizada no bairro do Ipiranga, a cl\u00ednica-escola se estabelece diariamente como um pilar fundamental para a forma\u00e7\u00e3o dos estudantes. Na cl\u00ednica-escola eles realizam est\u00e1gios essenciais para suas futuras carreiras em: Enfermagem, Farm\u00e1cia, Fisioterapia, Medicina, Nutri\u00e7\u00e3o e Psicologia. <\/p>\n\n\n\n<p><\/p>\n\n\n\n<h2 class=\"wp-block-heading\">Cl\u00ednica-escola PROMOVE: 21 anos de excel\u00eancia<\/h2>\n\n\n\n<p>Seu impressionante edif\u00edcio de 5470 m\u00b2 abriga equipes de docentes e colaboradores administrativos altamente capacitadas nas diversas \u00e1reas da sa\u00fade. Afinal, est\u00e3o dedicadas a melhorar a qualidade de vida e promover a autonomia de seus pacientes.<\/p>\n\n\n\n<p><\/p>\n\n\n\n<figure class=\"wp-block-gallery has-nested-images columns-default is-cropped wp-block-gallery-1 is-layout-flex wp-block-gallery-is-layout-flex\">\n<figure class=\"wp-block-image size-large\"><img loading=\"lazy\" decoding=\"async\" width=\"1000\" height=\"750\" data-id=\"1639\" src=\"https:\/\/blog.saocamilo-sp.br\/wp-content\/uploads\/2023\/09\/5-1.jpg\" alt=\"\" class=\"wp-image-1639\" srcset=\"https:\/\/blog.saocamilo-sp.br\/wp-content\/uploads\/2023\/09\/5-1.jpg 1000w, https:\/\/blog.saocamilo-sp.br\/wp-content\/uploads\/2023\/09\/5-1-300x225.jpg 300w, https:\/\/blog.saocamilo-sp.br\/wp-content\/uploads\/2023\/09\/5-1-768x576.jpg 768w, https:\/\/blog.saocamilo-sp.br\/wp-content\/uploads\/2023\/09\/5-1-600x450.jpg 600w, https:\/\/blog.saocamilo-sp.br\/wp-content\/uploads\/2023\/09\/5-1-945x709.jpg 945w\" sizes=\"auto, (max-width: 1000px) 100vw, 1000px\" \/><\/figure>\n\n\n\n<figure class=\"wp-block-image size-large\"><img loading=\"lazy\" decoding=\"async\" width=\"1000\" height=\"750\" data-id=\"1635\" src=\"https:\/\/blog.saocamilo-sp.br\/wp-content\/uploads\/2023\/09\/6-1.jpg\" alt=\"\" class=\"wp-image-1635\" srcset=\"https:\/\/blog.saocamilo-sp.br\/wp-content\/uploads\/2023\/09\/6-1.jpg 1000w, https:\/\/blog.saocamilo-sp.br\/wp-content\/uploads\/2023\/09\/6-1-300x225.jpg 300w, https:\/\/blog.saocamilo-sp.br\/wp-content\/uploads\/2023\/09\/6-1-768x576.jpg 768w, https:\/\/blog.saocamilo-sp.br\/wp-content\/uploads\/2023\/09\/6-1-600x450.jpg 600w, https:\/\/blog.saocamilo-sp.br\/wp-content\/uploads\/2023\/09\/6-1-945x709.jpg 945w\" sizes=\"auto, (max-width: 1000px) 100vw, 1000px\" \/><\/figure>\n\n\n\n<figure class=\"wp-block-image size-large\"><img loading=\"lazy\" decoding=\"async\" width=\"1000\" height=\"750\" data-id=\"1634\" src=\"https:\/\/blog.saocamilo-sp.br\/wp-content\/uploads\/2023\/09\/7-1.jpg\" alt=\"\" class=\"wp-image-1634\" srcset=\"https:\/\/blog.saocamilo-sp.br\/wp-content\/uploads\/2023\/09\/7-1.jpg 1000w, https:\/\/blog.saocamilo-sp.br\/wp-content\/uploads\/2023\/09\/7-1-300x225.jpg 300w, https:\/\/blog.saocamilo-sp.br\/wp-content\/uploads\/2023\/09\/7-1-768x576.jpg 768w, https:\/\/blog.saocamilo-sp.br\/wp-content\/uploads\/2023\/09\/7-1-600x450.jpg 600w, https:\/\/blog.saocamilo-sp.br\/wp-content\/uploads\/2023\/09\/7-1-945x709.jpg 945w\" sizes=\"auto, (max-width: 1000px) 100vw, 1000px\" \/><\/figure>\n\n\n\n<figure class=\"wp-block-image size-large\"><img loading=\"lazy\" decoding=\"async\" width=\"1000\" height=\"750\" data-id=\"1638\" src=\"https:\/\/blog.saocamilo-sp.br\/wp-content\/uploads\/2023\/09\/8-1.jpg\" alt=\"\" class=\"wp-image-1638\" srcset=\"https:\/\/blog.saocamilo-sp.br\/wp-content\/uploads\/2023\/09\/8-1.jpg 1000w, https:\/\/blog.saocamilo-sp.br\/wp-content\/uploads\/2023\/09\/8-1-300x225.jpg 300w, https:\/\/blog.saocamilo-sp.br\/wp-content\/uploads\/2023\/09\/8-1-768x576.jpg 768w, https:\/\/blog.saocamilo-sp.br\/wp-content\/uploads\/2023\/09\/8-1-600x450.jpg 600w, https:\/\/blog.saocamilo-sp.br\/wp-content\/uploads\/2023\/09\/8-1-945x709.jpg 945w\" sizes=\"auto, (max-width: 1000px) 100vw, 1000px\" \/><\/figure>\n\n\n\n<figure class=\"wp-block-image size-large\"><img loading=\"lazy\" decoding=\"async\" width=\"1000\" height=\"750\" data-id=\"1636\" src=\"https:\/\/blog.saocamilo-sp.br\/wp-content\/uploads\/2023\/09\/9-1.jpg\" alt=\"\" class=\"wp-image-1636\" srcset=\"https:\/\/blog.saocamilo-sp.br\/wp-content\/uploads\/2023\/09\/9-1.jpg 1000w, https:\/\/blog.saocamilo-sp.br\/wp-content\/uploads\/2023\/09\/9-1-300x225.jpg 300w, https:\/\/blog.saocamilo-sp.br\/wp-content\/uploads\/2023\/09\/9-1-768x576.jpg 768w, https:\/\/blog.saocamilo-sp.br\/wp-content\/uploads\/2023\/09\/9-1-600x450.jpg 600w, https:\/\/blog.saocamilo-sp.br\/wp-content\/uploads\/2023\/09\/9-1-945x709.jpg 945w\" sizes=\"auto, (max-width: 1000px) 100vw, 1000px\" \/><\/figure>\n\n\n\n<figure class=\"wp-block-image size-large\"><img loading=\"lazy\" decoding=\"async\" width=\"1000\" height=\"750\" data-id=\"1637\" src=\"https:\/\/blog.saocamilo-sp.br\/wp-content\/uploads\/2023\/09\/10-1.jpg\" alt=\"\" class=\"wp-image-1637\" srcset=\"https:\/\/blog.saocamilo-sp.br\/wp-content\/uploads\/2023\/09\/10-1.jpg 1000w, https:\/\/blog.saocamilo-sp.br\/wp-content\/uploads\/2023\/09\/10-1-300x225.jpg 300w, https:\/\/blog.saocamilo-sp.br\/wp-content\/uploads\/2023\/09\/10-1-768x576.jpg 768w, https:\/\/blog.saocamilo-sp.br\/wp-content\/uploads\/2023\/09\/10-1-600x450.jpg 600w, https:\/\/blog.saocamilo-sp.br\/wp-content\/uploads\/2023\/09\/10-1-945x709.jpg 945w\" sizes=\"auto, (max-width: 1000px) 100vw, 1000px\" \/><\/figure>\n\n\n\n<figure class=\"wp-block-image size-large\"><img loading=\"lazy\" decoding=\"async\" width=\"1000\" height=\"750\" data-id=\"1640\" src=\"https:\/\/blog.saocamilo-sp.br\/wp-content\/uploads\/2023\/09\/11-1.jpg\" alt=\"\" class=\"wp-image-1640\" srcset=\"https:\/\/blog.saocamilo-sp.br\/wp-content\/uploads\/2023\/09\/11-1.jpg 1000w, https:\/\/blog.saocamilo-sp.br\/wp-content\/uploads\/2023\/09\/11-1-300x225.jpg 300w, https:\/\/blog.saocamilo-sp.br\/wp-content\/uploads\/2023\/09\/11-1-768x576.jpg 768w, https:\/\/blog.saocamilo-sp.br\/wp-content\/uploads\/2023\/09\/11-1-600x450.jpg 600w, https:\/\/blog.saocamilo-sp.br\/wp-content\/uploads\/2023\/09\/11-1-945x709.jpg 945w\" sizes=\"auto, (max-width: 1000px) 100vw, 1000px\" \/><\/figure>\n\n\n\n<figure class=\"wp-block-image size-large\"><img loading=\"lazy\" decoding=\"async\" width=\"1000\" height=\"750\" data-id=\"1641\" src=\"https:\/\/blog.saocamilo-sp.br\/wp-content\/uploads\/2023\/09\/12-1.jpg\" alt=\"\" class=\"wp-image-1641\" srcset=\"https:\/\/blog.saocamilo-sp.br\/wp-content\/uploads\/2023\/09\/12-1.jpg 1000w, https:\/\/blog.saocamilo-sp.br\/wp-content\/uploads\/2023\/09\/12-1-300x225.jpg 300w, https:\/\/blog.saocamilo-sp.br\/wp-content\/uploads\/2023\/09\/12-1-768x576.jpg 768w, https:\/\/blog.saocamilo-sp.br\/wp-content\/uploads\/2023\/09\/12-1-600x450.jpg 600w, https:\/\/blog.saocamilo-sp.br\/wp-content\/uploads\/2023\/09\/12-1-945x709.jpg 945w\" sizes=\"auto, (max-width: 1000px) 100vw, 1000px\" \/><\/figure>\n\n\n\n<figure class=\"wp-block-image size-large\"><img loading=\"lazy\" decoding=\"async\" width=\"1000\" height=\"750\" data-id=\"1642\" src=\"https:\/\/blog.saocamilo-sp.br\/wp-content\/uploads\/2023\/09\/13-1.jpg\" alt=\"\" class=\"wp-image-1642\" srcset=\"https:\/\/blog.saocamilo-sp.br\/wp-content\/uploads\/2023\/09\/13-1.jpg 1000w, https:\/\/blog.saocamilo-sp.br\/wp-content\/uploads\/2023\/09\/13-1-300x225.jpg 300w, https:\/\/blog.saocamilo-sp.br\/wp-content\/uploads\/2023\/09\/13-1-768x576.jpg 768w, https:\/\/blog.saocamilo-sp.br\/wp-content\/uploads\/2023\/09\/13-1-600x450.jpg 600w, https:\/\/blog.saocamilo-sp.br\/wp-content\/uploads\/2023\/09\/13-1-945x709.jpg 945w\" sizes=\"auto, (max-width: 1000px) 100vw, 1000px\" \/><\/figure>\n\n\n\n<figure class=\"wp-block-image size-large\"><img loading=\"lazy\" decoding=\"async\" width=\"1000\" height=\"750\" data-id=\"1643\" src=\"https:\/\/blog.saocamilo-sp.br\/wp-content\/uploads\/2023\/09\/14-1.jpg\" alt=\"\" class=\"wp-image-1643\" srcset=\"https:\/\/blog.saocamilo-sp.br\/wp-content\/uploads\/2023\/09\/14-1.jpg 1000w, https:\/\/blog.saocamilo-sp.br\/wp-content\/uploads\/2023\/09\/14-1-300x225.jpg 300w, https:\/\/blog.saocamilo-sp.br\/wp-content\/uploads\/2023\/09\/14-1-768x576.jpg 768w, https:\/\/blog.saocamilo-sp.br\/wp-content\/uploads\/2023\/09\/14-1-600x450.jpg 600w, https:\/\/blog.saocamilo-sp.br\/wp-content\/uploads\/2023\/09\/14-1-945x709.jpg 945w\" sizes=\"auto, (max-width: 1000px) 100vw, 1000px\" \/><\/figure>\n\n\n\n<figure class=\"wp-block-image size-large\"><img loading=\"lazy\" decoding=\"async\" width=\"1000\" height=\"750\" data-id=\"1644\" src=\"https:\/\/blog.saocamilo-sp.br\/wp-content\/uploads\/2023\/09\/15.jpg\" alt=\"\" class=\"wp-image-1644\" srcset=\"https:\/\/blog.saocamilo-sp.br\/wp-content\/uploads\/2023\/09\/15.jpg 1000w, https:\/\/blog.saocamilo-sp.br\/wp-content\/uploads\/2023\/09\/15-300x225.jpg 300w, https:\/\/blog.saocamilo-sp.br\/wp-content\/uploads\/2023\/09\/15-768x576.jpg 768w, https:\/\/blog.saocamilo-sp.br\/wp-content\/uploads\/2023\/09\/15-600x450.jpg 600w, https:\/\/blog.saocamilo-sp.br\/wp-content\/uploads\/2023\/09\/15-945x709.jpg 945w\" sizes=\"auto, (max-width: 1000px) 100vw, 1000px\" \/><\/figure>\n\n\n\n<figure class=\"wp-block-image size-large\"><img loading=\"lazy\" decoding=\"async\" width=\"1000\" height=\"750\" data-id=\"1645\" src=\"https:\/\/blog.saocamilo-sp.br\/wp-content\/uploads\/2023\/09\/1-1.jpg\" alt=\"\" class=\"wp-image-1645\" srcset=\"https:\/\/blog.saocamilo-sp.br\/wp-content\/uploads\/2023\/09\/1-1.jpg 1000w, https:\/\/blog.saocamilo-sp.br\/wp-content\/uploads\/2023\/09\/1-1-300x225.jpg 300w, https:\/\/blog.saocamilo-sp.br\/wp-content\/uploads\/2023\/09\/1-1-768x576.jpg 768w, https:\/\/blog.saocamilo-sp.br\/wp-content\/uploads\/2023\/09\/1-1-600x450.jpg 600w, https:\/\/blog.saocamilo-sp.br\/wp-content\/uploads\/2023\/09\/1-1-945x709.jpg 945w\" sizes=\"auto, (max-width: 1000px) 100vw, 1000px\" \/><\/figure>\n\n\n\n<figure class=\"wp-block-image size-large\"><img loading=\"lazy\" decoding=\"async\" width=\"1024\" height=\"768\" data-id=\"1647\" src=\"https:\/\/blog.saocamilo-sp.br\/wp-content\/uploads\/2023\/09\/2-1-1024x768.jpg\" alt=\"\" class=\"wp-image-1647\" srcset=\"https:\/\/blog.saocamilo-sp.br\/wp-content\/uploads\/2023\/09\/2-1-1024x768.jpg 1024w, https:\/\/blog.saocamilo-sp.br\/wp-content\/uploads\/2023\/09\/2-1-300x225.jpg 300w, https:\/\/blog.saocamilo-sp.br\/wp-content\/uploads\/2023\/09\/2-1-768x576.jpg 768w, https:\/\/blog.saocamilo-sp.br\/wp-content\/uploads\/2023\/09\/2-1-1536x1152.jpg 1536w, https:\/\/blog.saocamilo-sp.br\/wp-content\/uploads\/2023\/09\/2-1-2048x1536.jpg 2048w, https:\/\/blog.saocamilo-sp.br\/wp-content\/uploads\/2023\/09\/2-1-600x450.jpg 600w, https:\/\/blog.saocamilo-sp.br\/wp-content\/uploads\/2023\/09\/2-1-945x709.jpg 945w\" sizes=\"auto, (max-width: 1024px) 100vw, 1024px\" \/><\/figure>\n\n\n\n<figure class=\"wp-block-image size-large\"><img loading=\"lazy\" decoding=\"async\" width=\"1000\" height=\"750\" data-id=\"1646\" src=\"https:\/\/blog.saocamilo-sp.br\/wp-content\/uploads\/2023\/09\/3-1.jpg\" alt=\"\" class=\"wp-image-1646\" srcset=\"https:\/\/blog.saocamilo-sp.br\/wp-content\/uploads\/2023\/09\/3-1.jpg 1000w, https:\/\/blog.saocamilo-sp.br\/wp-content\/uploads\/2023\/09\/3-1-300x225.jpg 300w, https:\/\/blog.saocamilo-sp.br\/wp-content\/uploads\/2023\/09\/3-1-768x576.jpg 768w, https:\/\/blog.saocamilo-sp.br\/wp-content\/uploads\/2023\/09\/3-1-600x450.jpg 600w, https:\/\/blog.saocamilo-sp.br\/wp-content\/uploads\/2023\/09\/3-1-945x709.jpg 945w\" sizes=\"auto, (max-width: 1000px) 100vw, 1000px\" \/><\/figure>\n\n\n\n<figure class=\"wp-block-image size-large\"><img loading=\"lazy\" decoding=\"async\" width=\"800\" height=\"600\" data-id=\"1648\" src=\"https:\/\/blog.saocamilo-sp.br\/wp-content\/uploads\/2023\/09\/4-1.jpg\" alt=\"\" class=\"wp-image-1648\" srcset=\"https:\/\/blog.saocamilo-sp.br\/wp-content\/uploads\/2023\/09\/4-1.jpg 800w, https:\/\/blog.saocamilo-sp.br\/wp-content\/uploads\/2023\/09\/4-1-300x225.jpg 300w, https:\/\/blog.saocamilo-sp.br\/wp-content\/uploads\/2023\/09\/4-1-768x576.jpg 768w, https:\/\/blog.saocamilo-sp.br\/wp-content\/uploads\/2023\/09\/4-1-600x450.jpg 600w\" sizes=\"auto, (max-width: 800px) 100vw, 800px\" \/><\/figure>\n<\/figure>\n\n\n\n<figure class=\"wp-block-pullquote\"><blockquote><p>\u201cAl\u00e9m de ensino e assist\u00eancia de qualidade, diariamente a cl\u00ednica-escola se fortalece em responsabilidade social ao construir projetos de educa\u00e7\u00e3o em sa\u00fade e sedimentar-se como promotor de sa\u00fade para a comunidade, assim como cresce em pesquisa cl\u00ednica ao aproveitar seu campo f\u00e9rtil de ideias provenientes de alunos e professores\u201d.<\/p><cite>Prof. Dr. Leonardo Alvares, diretor do promove s\u00e3o camilo<\/cite><\/blockquote><\/figure>\n\n\n\n<p>Hoje, o <a href=\"https:\/\/saocamilo-sp.br\/institucional\/servicos_comunidade\/clnica_escola_promove\">PROMOVE S\u00c3O CAMIL<\/a><a href=\"https:\/\/saocamilo-sp.br\/institucional\/servicos_comunidade\/clnica_escola_promove\" target=\"_blank\" rel=\"noreferrer noopener\">O<\/a> \u00e9 reconhecido como um ponto de refer\u00eancia em seu campo de atua\u00e7\u00e3o, gra\u00e7as a um conjunto de iniciativas inovadoras. Enquanto busca incessantemente por pr\u00e1ticas que aprimorem ainda mais seus servi\u00e7os. <\/p>\n\n\n\n<p>Dessa forma,  esses vinte e um anos de hist\u00f3ria fortalecem o compromisso de servir a comunidade. Bem como, moldam as futuras gera\u00e7\u00f5es de profissionais da sa\u00fade. <\/p>\n\n\n\n<p>Parab\u00e9ns docentes, colaboradores, estudantes e pacientes. Voc\u00eas fazem da Cl\u00ednica-escola S\u00e3o Camilo uma refer\u00eancia no bairro do Ipiranga.<\/p>\n\n\n\n<p>Que venham mais anos de excel\u00eancia, dedica\u00e7\u00e3o e cuidado. Parab\u00e9ns \u00e0 Cl\u00ednica-escola PROMOVE: 21 anos de excel\u00eancia de realiza\u00e7\u00f5es not\u00e1veis!<\/p>\n\n\n\n<p><\/p>\n\n\n\n<p><strong>Servi\u00e7o: <\/strong><br>Como Cl\u00ednica Escola, os atendimentos s\u00e3o realizados por alunos, sob a Supervis\u00e3o de Docentes. Al\u00e9m disso, o atendimento \u00e9 gratuito com possibilidade de Avalia\u00e7\u00e3o Admissional previa &#8211; Entrevista Social, para determinados atendimentos.\u00a0O cadastro est\u00e1 sujeito a lista de espera em aguardo de disponibilidade de vaga. <\/p>\n\n\n\n<p>Para mais informa\u00e7\u00f5es quanto \u00e0s \u00e1reas de atendimento e cadastro, por gentileza entrar em contato no telefone 3206-9600.<\/p>\n\n\n\n<p>Nosso hor\u00e1rio de funcionamento \u00e9 de 2\u00aa a 6\u00aa feira das 7h10 \u00e0s 18h, podendo sofrer altera\u00e7\u00f5es conforme o calend\u00e1rio acad\u00eamico.<br><br><em><strong>Dr. Leonardo Azevedo Mobilia Alvares<\/strong><\/em><br><em><strong>Diretor T\u00e9cnico M\u00e9dico \u2013 Promove CRM-SP: 146.852 RQE: 56854\/ 70138<\/strong><\/em><\/p>\n\n\n\n<p><br>Para obter mais informa\u00e7\u00f5es sobre a cl\u00ednica-escola, acesse o site: <a href=\"https:\/\/saocamilosp.br\/institucional\/servicos_comunidade\/clnica_escola_promove\" target=\"_blank\" rel=\"noreferrer noopener\">https:\/\/saocamilosp.br\/institucional\/servicos_comunidade\/clnica_escola_promove<\/a><\/p>\n\n\n\n<p>Leia tamb\u00e9m:<br><a href=\"https:\/\/saocamilo-sp.br\/_app\/views\/publicacoes\/outraspublicacoes\/Relatos%20Promove.pdf\" target=\"_blank\" rel=\"noreferrer noopener\">E-book de relatos da Cl\u00ednica-escola PROMOVE<\/a><br><a href=\"https:\/\/blog.saocamilo-sp.br\/index.php\/2022\/03\/17\/video-vida-de-estagiario-sao-camilo-biomedicina\/\">V\u00eddeo \u2013 Vida de Estagi\u00e1rio S\u00e3o Camilo \u2022 Biomedicina<\/a><br><a href=\"https:\/\/blog.saocamilo-sp.br\/index.php\/2022\/01\/07\/video-vida-de-estagiario-sao-camilo-enfermagem\/\">V\u00eddeo \u2013 Vida de Estagi\u00e1rio S\u00e3o Camilo \u2022 Enfermagem<\/a><\/p>\n\n\n\n<p>Saiba mais sobre nossos cursos:<\/p>\n\n\n\n<iframe loading=\"lazy\" src=\"https:\/\/saocamilo.apprbs.com.br\/tenho-interesse-blog\" height=\"530px\" width=\"100%\" frameborder=\"0\"><\/iframe>\n\n\n\n<p>Compartilhe em:<\/p>\n","protected":false},"excerpt":{"rendered":"<p>PROMOVE S\u00e3o Camilo celebra 21 anos de dedica\u00e7\u00e3o ao ensino, assist\u00eancia em  sa\u00fade, pesquisa, integra\u00e7\u00e3o social e tamb\u00e9m \u00e0 forma\u00e7\u00e3o dos estudantes.<\/p>\n","protected":false},"author":4,"featured_media":1608,"comment_status":"open","ping_status":"open","sticky":false,"template":"","format":"standard","meta":{"cybocfi_hide_featured_image":"yes","footnotes":""},"categories":[106,91],"tags":[93,105,19,16],"class_list":["post-1603","post","type-post","status-publish","format-standard","has-post-thumbnail","hentry","category-clinica-escola","category-institucional","tag-clinica-escola","tag-promove","tag-vida-de-estagiario","tag-vida-universitaria"],"yoast_head":"<!-- This site is optimized with the Yoast SEO plugin v27.4 - https:\/\/yoast.com\/product\/yoast-seo-wordpress\/ -->\n<title>Cl\u00ednica-escola PROMOVE: 21 anos de excel\u00eancia em sa\u00fade, pesquisa, extens\u00e3o e educa\u00e7\u00e3o<\/title>\n<meta name=\"description\" content=\"Cl\u00ednica-escola PROMOVE: 21 anos de excel\u00eancia no ensino, assist\u00eancia em sa\u00fade, pesquisa, integra\u00e7\u00e3o social e tamb\u00e9m \u00e0 forma\u00e7\u00e3o dos estudantes.\" \/>\n<meta name=\"robots\" content=\"index, follow, max-snippet:-1, max-image-preview:large, max-video-preview:-1\" \/>\n<link rel=\"canonical\" href=\"https:\/\/blog.saocamilo-sp.br\/index.php\/2023\/09\/06\/clinica-escola-promove-sao-camilo-comemora-21-anos-de-excelencia-em-saude-pesquisa-extensao-e-educacao\/\" \/>\n<meta property=\"og:locale\" content=\"pt_BR\" \/>\n<meta property=\"og:type\" content=\"article\" \/>\n<meta property=\"og:title\" content=\"Cl\u00ednica-escola PROMOVE: 21 anos de excel\u00eancia em sa\u00fade, pesquisa, extens\u00e3o e educa\u00e7\u00e3o\" \/>\n<meta property=\"og:description\" content=\"Cl\u00ednica-escola PROMOVE: 21 anos de excel\u00eancia no ensino, assist\u00eancia em sa\u00fade, pesquisa, integra\u00e7\u00e3o social e tamb\u00e9m \u00e0 forma\u00e7\u00e3o dos estudantes.\" \/>\n<meta property=\"og:url\" content=\"https:\/\/blog.saocamilo-sp.br\/index.php\/2023\/09\/06\/clinica-escola-promove-sao-camilo-comemora-21-anos-de-excelencia-em-saude-pesquisa-extensao-e-educacao\/\" \/>\n<meta property=\"og:site_name\" content=\"Blog S\u00e3o Camilo\" \/>\n<meta property=\"article:publisher\" content=\"https:\/\/www.facebook.com\/saocamilosp\" \/>\n<meta property=\"article:published_time\" content=\"2023-09-06T18:43:11+00:00\" \/>\n<meta property=\"article:modified_time\" content=\"2023-09-06T20:00:25+00:00\" \/>\n<meta property=\"og:image\" content=\"https:\/\/blog.saocamilo-sp.br\/wp-content\/uploads\/2023\/09\/Clinica-escola-Promove.jpg\" \/>\n\t<meta property=\"og:image:width\" content=\"768\" \/>\n\t<meta property=\"og:image:height\" content=\"518\" \/>\n\t<meta property=\"og:image:type\" content=\"image\/jpeg\" \/>\n<meta name=\"author\" content=\"Lucas Soares Gon\u00e7alves\" \/>\n<meta name=\"twitter:card\" content=\"summary_large_image\" \/>\n<meta name=\"twitter:creator\" content=\"@saocamilosp\" \/>\n<meta name=\"twitter:site\" content=\"@saocamilosp\" \/>\n<meta name=\"twitter:label1\" content=\"Escrito por\" \/>\n\t<meta name=\"twitter:data1\" content=\"Lucas Soares Gon\u00e7alves\" \/>\n\t<meta name=\"twitter:label2\" content=\"Est. tempo de leitura\" \/>\n\t<meta name=\"twitter:data2\" content=\"5 minutos\" \/>\n<script type=\"application\/ld+json\" class=\"yoast-schema-graph\">{\"@context\":\"https:\\\/\\\/schema.org\",\"@graph\":[{\"@type\":\"Article\",\"@id\":\"https:\\\/\\\/blog.saocamilo-sp.br\\\/index.php\\\/2023\\\/09\\\/06\\\/clinica-escola-promove-sao-camilo-comemora-21-anos-de-excelencia-em-saude-pesquisa-extensao-e-educacao\\\/#article\",\"isPartOf\":{\"@id\":\"https:\\\/\\\/blog.saocamilo-sp.br\\\/index.php\\\/2023\\\/09\\\/06\\\/clinica-escola-promove-sao-camilo-comemora-21-anos-de-excelencia-em-saude-pesquisa-extensao-e-educacao\\\/\"},\"author\":{\"name\":\"Lucas Soares Gon\u00e7alves\",\"@id\":\"https:\\\/\\\/blog.saocamilo-sp.br\\\/#\\\/schema\\\/person\\\/781135418152912d4b58f2db13a2eaf0\"},\"headline\":\"Cl\u00ednica-escola PROMOVE: 21 anos de excel\u00eancia em sa\u00fade, pesquisa, extens\u00e3o e educa\u00e7\u00e3o\",\"datePublished\":\"2023-09-06T18:43:11+00:00\",\"dateModified\":\"2023-09-06T20:00:25+00:00\",\"mainEntityOfPage\":{\"@id\":\"https:\\\/\\\/blog.saocamilo-sp.br\\\/index.php\\\/2023\\\/09\\\/06\\\/clinica-escola-promove-sao-camilo-comemora-21-anos-de-excelencia-em-saude-pesquisa-extensao-e-educacao\\\/\"},\"wordCount\":490,\"commentCount\":0,\"publisher\":{\"@id\":\"https:\\\/\\\/blog.saocamilo-sp.br\\\/#organization\"},\"image\":{\"@id\":\"https:\\\/\\\/blog.saocamilo-sp.br\\\/index.php\\\/2023\\\/09\\\/06\\\/clinica-escola-promove-sao-camilo-comemora-21-anos-de-excelencia-em-saude-pesquisa-extensao-e-educacao\\\/#primaryimage\"},\"thumbnailUrl\":\"https:\\\/\\\/blog.saocamilo-sp.br\\\/wp-content\\\/uploads\\\/2023\\\/09\\\/Clinica-escola-Promove.jpg\",\"keywords\":[\"cl\u00ednica-escola\",\"Promove\",\"Vida de Estagi\u00e1rio\",\"Vida Universit\u00e1ria\"],\"articleSection\":[\"Cl\u00ednica-escola\",\"Institucional\"],\"inLanguage\":\"pt-BR\",\"potentialAction\":[{\"@type\":\"CommentAction\",\"name\":\"Comment\",\"target\":[\"https:\\\/\\\/blog.saocamilo-sp.br\\\/index.php\\\/2023\\\/09\\\/06\\\/clinica-escola-promove-sao-camilo-comemora-21-anos-de-excelencia-em-saude-pesquisa-extensao-e-educacao\\\/#respond\"]}]},{\"@type\":\"WebPage\",\"@id\":\"https:\\\/\\\/blog.saocamilo-sp.br\\\/index.php\\\/2023\\\/09\\\/06\\\/clinica-escola-promove-sao-camilo-comemora-21-anos-de-excelencia-em-saude-pesquisa-extensao-e-educacao\\\/\",\"url\":\"https:\\\/\\\/blog.saocamilo-sp.br\\\/index.php\\\/2023\\\/09\\\/06\\\/clinica-escola-promove-sao-camilo-comemora-21-anos-de-excelencia-em-saude-pesquisa-extensao-e-educacao\\\/\",\"name\":\"Cl\u00ednica-escola PROMOVE: 21 anos de excel\u00eancia em sa\u00fade, pesquisa, extens\u00e3o e educa\u00e7\u00e3o\",\"isPartOf\":{\"@id\":\"https:\\\/\\\/blog.saocamilo-sp.br\\\/#website\"},\"primaryImageOfPage\":{\"@id\":\"https:\\\/\\\/blog.saocamilo-sp.br\\\/index.php\\\/2023\\\/09\\\/06\\\/clinica-escola-promove-sao-camilo-comemora-21-anos-de-excelencia-em-saude-pesquisa-extensao-e-educacao\\\/#primaryimage\"},\"image\":{\"@id\":\"https:\\\/\\\/blog.saocamilo-sp.br\\\/index.php\\\/2023\\\/09\\\/06\\\/clinica-escola-promove-sao-camilo-comemora-21-anos-de-excelencia-em-saude-pesquisa-extensao-e-educacao\\\/#primaryimage\"},\"thumbnailUrl\":\"https:\\\/\\\/blog.saocamilo-sp.br\\\/wp-content\\\/uploads\\\/2023\\\/09\\\/Clinica-escola-Promove.jpg\",\"datePublished\":\"2023-09-06T18:43:11+00:00\",\"dateModified\":\"2023-09-06T20:00:25+00:00\",\"description\":\"Cl\u00ednica-escola PROMOVE: 21 anos de excel\u00eancia no ensino, assist\u00eancia em sa\u00fade, pesquisa, integra\u00e7\u00e3o social e tamb\u00e9m \u00e0 forma\u00e7\u00e3o dos estudantes.\",\"breadcrumb\":{\"@id\":\"https:\\\/\\\/blog.saocamilo-sp.br\\\/index.php\\\/2023\\\/09\\\/06\\\/clinica-escola-promove-sao-camilo-comemora-21-anos-de-excelencia-em-saude-pesquisa-extensao-e-educacao\\\/#breadcrumb\"},\"inLanguage\":\"pt-BR\",\"potentialAction\":[{\"@type\":\"ReadAction\",\"target\":[\"https:\\\/\\\/blog.saocamilo-sp.br\\\/index.php\\\/2023\\\/09\\\/06\\\/clinica-escola-promove-sao-camilo-comemora-21-anos-de-excelencia-em-saude-pesquisa-extensao-e-educacao\\\/\"]}]},{\"@type\":\"BreadcrumbList\",\"@id\":\"https:\\\/\\\/blog.saocamilo-sp.br\\\/index.php\\\/2023\\\/09\\\/06\\\/clinica-escola-promove-sao-camilo-comemora-21-anos-de-excelencia-em-saude-pesquisa-extensao-e-educacao\\\/#breadcrumb\",\"itemListElement\":[{\"@type\":\"ListItem\",\"position\":1,\"name\":\"In\u00edcio\",\"item\":\"https:\\\/\\\/blog.saocamilo-sp.br\\\/\"},{\"@type\":\"ListItem\",\"position\":2,\"name\":\"Cl\u00ednica-escola PROMOVE: 21 anos de excel\u00eancia em sa\u00fade, pesquisa, extens\u00e3o e educa\u00e7\u00e3o\"}]},{\"@type\":\"WebSite\",\"@id\":\"https:\\\/\\\/blog.saocamilo-sp.br\\\/#website\",\"url\":\"https:\\\/\\\/blog.saocamilo-sp.br\\\/\",\"name\":\"Blog S\u00e3o Camilo\",\"description\":\"Blog do Centro Universit\u00e1rio S\u00e3o Camilo\",\"publisher\":{\"@id\":\"https:\\\/\\\/blog.saocamilo-sp.br\\\/#organization\"},\"potentialAction\":[{\"@type\":\"SearchAction\",\"target\":{\"@type\":\"EntryPoint\",\"urlTemplate\":\"https:\\\/\\\/blog.saocamilo-sp.br\\\/?s={search_term_string}\"},\"query-input\":{\"@type\":\"PropertyValueSpecification\",\"valueRequired\":true,\"valueName\":\"search_term_string\"}}],\"inLanguage\":\"pt-BR\"},{\"@type\":\"Organization\",\"@id\":\"https:\\\/\\\/blog.saocamilo-sp.br\\\/#organization\",\"name\":\"Blog S\u00e3o Camilo\",\"url\":\"https:\\\/\\\/blog.saocamilo-sp.br\\\/\",\"logo\":{\"@type\":\"ImageObject\",\"inLanguage\":\"pt-BR\",\"@id\":\"https:\\\/\\\/blog.saocamilo-sp.br\\\/#\\\/schema\\\/logo\\\/image\\\/\",\"url\":\"https:\\\/\\\/blog.saocamilo-sp.br\\\/wp-content\\\/uploads\\\/2021\\\/12\\\/cropped-vazio-logo-topo.png\",\"contentUrl\":\"https:\\\/\\\/blog.saocamilo-sp.br\\\/wp-content\\\/uploads\\\/2021\\\/12\\\/cropped-vazio-logo-topo.png\",\"width\":320,\"height\":240,\"caption\":\"Blog S\u00e3o Camilo\"},\"image\":{\"@id\":\"https:\\\/\\\/blog.saocamilo-sp.br\\\/#\\\/schema\\\/logo\\\/image\\\/\"},\"sameAs\":[\"https:\\\/\\\/www.facebook.com\\\/saocamilosp\",\"https:\\\/\\\/x.com\\\/saocamilosp\",\"https:\\\/\\\/www.linkedin.com\\\/school\\\/centro-universit-rio-s-o-camilo\\\/\"]},{\"@type\":\"Person\",\"@id\":\"https:\\\/\\\/blog.saocamilo-sp.br\\\/#\\\/schema\\\/person\\\/781135418152912d4b58f2db13a2eaf0\",\"name\":\"Lucas Soares Gon\u00e7alves\",\"image\":{\"@type\":\"ImageObject\",\"inLanguage\":\"pt-BR\",\"@id\":\"https:\\\/\\\/secure.gravatar.com\\\/avatar\\\/bcd2d703cbb48116eaac2cac8643792535238ff30b2d7ce9e16f9254ec9cae83?s=96&d=mm&r=g\",\"url\":\"https:\\\/\\\/secure.gravatar.com\\\/avatar\\\/bcd2d703cbb48116eaac2cac8643792535238ff30b2d7ce9e16f9254ec9cae83?s=96&d=mm&r=g\",\"contentUrl\":\"https:\\\/\\\/secure.gravatar.com\\\/avatar\\\/bcd2d703cbb48116eaac2cac8643792535238ff30b2d7ce9e16f9254ec9cae83?s=96&d=mm&r=g\",\"caption\":\"Lucas Soares Gon\u00e7alves\"},\"url\":\"https:\\\/\\\/blog.saocamilo-sp.br\\\/index.php\\\/author\\\/lucas-soares-goncalves\\\/\"}]}<\/script>\n<!-- \/ Yoast SEO plugin. -->","yoast_head_json":{"title":"Cl\u00ednica-escola PROMOVE: 21 anos de excel\u00eancia em sa\u00fade, pesquisa, extens\u00e3o e educa\u00e7\u00e3o","description":"Cl\u00ednica-escola PROMOVE: 21 anos de excel\u00eancia no ensino, assist\u00eancia em sa\u00fade, pesquisa, integra\u00e7\u00e3o social e tamb\u00e9m \u00e0 forma\u00e7\u00e3o dos estudantes.","robots":{"index":"index","follow":"follow","max-snippet":"max-snippet:-1","max-image-preview":"max-image-preview:large","max-video-preview":"max-video-preview:-1"},"canonical":"https:\/\/blog.saocamilo-sp.br\/index.php\/2023\/09\/06\/clinica-escola-promove-sao-camilo-comemora-21-anos-de-excelencia-em-saude-pesquisa-extensao-e-educacao\/","og_locale":"pt_BR","og_type":"article","og_title":"Cl\u00ednica-escola PROMOVE: 21 anos de excel\u00eancia em sa\u00fade, pesquisa, extens\u00e3o e educa\u00e7\u00e3o","og_description":"Cl\u00ednica-escola PROMOVE: 21 anos de excel\u00eancia no ensino, assist\u00eancia em sa\u00fade, pesquisa, integra\u00e7\u00e3o social e tamb\u00e9m \u00e0 forma\u00e7\u00e3o dos estudantes.","og_url":"https:\/\/blog.saocamilo-sp.br\/index.php\/2023\/09\/06\/clinica-escola-promove-sao-camilo-comemora-21-anos-de-excelencia-em-saude-pesquisa-extensao-e-educacao\/","og_site_name":"Blog S\u00e3o Camilo","article_publisher":"https:\/\/www.facebook.com\/saocamilosp","article_published_time":"2023-09-06T18:43:11+00:00","article_modified_time":"2023-09-06T20:00:25+00:00","og_image":[{"width":768,"height":518,"url":"https:\/\/blog.saocamilo-sp.br\/wp-content\/uploads\/2023\/09\/Clinica-escola-Promove.jpg","type":"image\/jpeg"}],"author":"Lucas Soares Gon\u00e7alves","twitter_card":"summary_large_image","twitter_creator":"@saocamilosp","twitter_site":"@saocamilosp","twitter_misc":{"Escrito por":"Lucas Soares Gon\u00e7alves","Est. tempo de leitura":"5 minutos"},"schema":{"@context":"https:\/\/schema.org","@graph":[{"@type":"Article","@id":"https:\/\/blog.saocamilo-sp.br\/index.php\/2023\/09\/06\/clinica-escola-promove-sao-camilo-comemora-21-anos-de-excelencia-em-saude-pesquisa-extensao-e-educacao\/#article","isPartOf":{"@id":"https:\/\/blog.saocamilo-sp.br\/index.php\/2023\/09\/06\/clinica-escola-promove-sao-camilo-comemora-21-anos-de-excelencia-em-saude-pesquisa-extensao-e-educacao\/"},"author":{"name":"Lucas Soares Gon\u00e7alves","@id":"https:\/\/blog.saocamilo-sp.br\/#\/schema\/person\/781135418152912d4b58f2db13a2eaf0"},"headline":"Cl\u00ednica-escola PROMOVE: 21 anos de excel\u00eancia em sa\u00fade, pesquisa, extens\u00e3o e educa\u00e7\u00e3o","datePublished":"2023-09-06T18:43:11+00:00","dateModified":"2023-09-06T20:00:25+00:00","mainEntityOfPage":{"@id":"https:\/\/blog.saocamilo-sp.br\/index.php\/2023\/09\/06\/clinica-escola-promove-sao-camilo-comemora-21-anos-de-excelencia-em-saude-pesquisa-extensao-e-educacao\/"},"wordCount":490,"commentCount":0,"publisher":{"@id":"https:\/\/blog.saocamilo-sp.br\/#organization"},"image":{"@id":"https:\/\/blog.saocamilo-sp.br\/index.php\/2023\/09\/06\/clinica-escola-promove-sao-camilo-comemora-21-anos-de-excelencia-em-saude-pesquisa-extensao-e-educacao\/#primaryimage"},"thumbnailUrl":"https:\/\/blog.saocamilo-sp.br\/wp-content\/uploads\/2023\/09\/Clinica-escola-Promove.jpg","keywords":["cl\u00ednica-escola","Promove","Vida de Estagi\u00e1rio","Vida Universit\u00e1ria"],"articleSection":["Cl\u00ednica-escola","Institucional"],"inLanguage":"pt-BR","potentialAction":[{"@type":"CommentAction","name":"Comment","target":["https:\/\/blog.saocamilo-sp.br\/index.php\/2023\/09\/06\/clinica-escola-promove-sao-camilo-comemora-21-anos-de-excelencia-em-saude-pesquisa-extensao-e-educacao\/#respond"]}]},{"@type":"WebPage","@id":"https:\/\/blog.saocamilo-sp.br\/index.php\/2023\/09\/06\/clinica-escola-promove-sao-camilo-comemora-21-anos-de-excelencia-em-saude-pesquisa-extensao-e-educacao\/","url":"https:\/\/blog.saocamilo-sp.br\/index.php\/2023\/09\/06\/clinica-escola-promove-sao-camilo-comemora-21-anos-de-excelencia-em-saude-pesquisa-extensao-e-educacao\/","name":"Cl\u00ednica-escola PROMOVE: 21 anos de excel\u00eancia em sa\u00fade, pesquisa, extens\u00e3o e educa\u00e7\u00e3o","isPartOf":{"@id":"https:\/\/blog.saocamilo-sp.br\/#website"},"primaryImageOfPage":{"@id":"https:\/\/blog.saocamilo-sp.br\/index.php\/2023\/09\/06\/clinica-escola-promove-sao-camilo-comemora-21-anos-de-excelencia-em-saude-pesquisa-extensao-e-educacao\/#primaryimage"},"image":{"@id":"https:\/\/blog.saocamilo-sp.br\/index.php\/2023\/09\/06\/clinica-escola-promove-sao-camilo-comemora-21-anos-de-excelencia-em-saude-pesquisa-extensao-e-educacao\/#primaryimage"},"thumbnailUrl":"https:\/\/blog.saocamilo-sp.br\/wp-content\/uploads\/2023\/09\/Clinica-escola-Promove.jpg","datePublished":"2023-09-06T18:43:11+00:00","dateModified":"2023-09-06T20:00:25+00:00","description":"Cl\u00ednica-escola PROMOVE: 21 anos de excel\u00eancia no ensino, assist\u00eancia em sa\u00fade, pesquisa, integra\u00e7\u00e3o social e tamb\u00e9m \u00e0 forma\u00e7\u00e3o dos estudantes.","breadcrumb":{"@id":"https:\/\/blog.saocamilo-sp.br\/index.php\/2023\/09\/06\/clinica-escola-promove-sao-camilo-comemora-21-anos-de-excelencia-em-saude-pesquisa-extensao-e-educacao\/#breadcrumb"},"inLanguage":"pt-BR","potentialAction":[{"@type":"ReadAction","target":["https:\/\/blog.saocamilo-sp.br\/index.php\/2023\/09\/06\/clinica-escola-promove-sao-camilo-comemora-21-anos-de-excelencia-em-saude-pesquisa-extensao-e-educacao\/"]}]},{"@type":"BreadcrumbList","@id":"https:\/\/blog.saocamilo-sp.br\/index.php\/2023\/09\/06\/clinica-escola-promove-sao-camilo-comemora-21-anos-de-excelencia-em-saude-pesquisa-extensao-e-educacao\/#breadcrumb","itemListElement":[{"@type":"ListItem","position":1,"name":"In\u00edcio","item":"https:\/\/blog.saocamilo-sp.br\/"},{"@type":"ListItem","position":2,"name":"Cl\u00ednica-escola PROMOVE: 21 anos de excel\u00eancia em sa\u00fade, pesquisa, extens\u00e3o e educa\u00e7\u00e3o"}]},{"@type":"WebSite","@id":"https:\/\/blog.saocamilo-sp.br\/#website","url":"https:\/\/blog.saocamilo-sp.br\/","name":"Blog S\u00e3o Camilo","description":"Blog do Centro Universit\u00e1rio S\u00e3o Camilo","publisher":{"@id":"https:\/\/blog.saocamilo-sp.br\/#organization"},"potentialAction":[{"@type":"SearchAction","target":{"@type":"EntryPoint","urlTemplate":"https:\/\/blog.saocamilo-sp.br\/?s={search_term_string}"},"query-input":{"@type":"PropertyValueSpecification","valueRequired":true,"valueName":"search_term_string"}}],"inLanguage":"pt-BR"},{"@type":"Organization","@id":"https:\/\/blog.saocamilo-sp.br\/#organization","name":"Blog S\u00e3o Camilo","url":"https:\/\/blog.saocamilo-sp.br\/","logo":{"@type":"ImageObject","inLanguage":"pt-BR","@id":"https:\/\/blog.saocamilo-sp.br\/#\/schema\/logo\/image\/","url":"https:\/\/blog.saocamilo-sp.br\/wp-content\/uploads\/2021\/12\/cropped-vazio-logo-topo.png","contentUrl":"https:\/\/blog.saocamilo-sp.br\/wp-content\/uploads\/2021\/12\/cropped-vazio-logo-topo.png","width":320,"height":240,"caption":"Blog S\u00e3o Camilo"},"image":{"@id":"https:\/\/blog.saocamilo-sp.br\/#\/schema\/logo\/image\/"},"sameAs":["https:\/\/www.facebook.com\/saocamilosp","https:\/\/x.com\/saocamilosp","https:\/\/www.linkedin.com\/school\/centro-universit-rio-s-o-camilo\/"]},{"@type":"Person","@id":"https:\/\/blog.saocamilo-sp.br\/#\/schema\/person\/781135418152912d4b58f2db13a2eaf0","name":"Lucas Soares Gon\u00e7alves","image":{"@type":"ImageObject","inLanguage":"pt-BR","@id":"https:\/\/secure.gravatar.com\/avatar\/bcd2d703cbb48116eaac2cac8643792535238ff30b2d7ce9e16f9254ec9cae83?s=96&d=mm&r=g","url":"https:\/\/secure.gravatar.com\/avatar\/bcd2d703cbb48116eaac2cac8643792535238ff30b2d7ce9e16f9254ec9cae83?s=96&d=mm&r=g","contentUrl":"https:\/\/secure.gravatar.com\/avatar\/bcd2d703cbb48116eaac2cac8643792535238ff30b2d7ce9e16f9254ec9cae83?s=96&d=mm&r=g","caption":"Lucas Soares Gon\u00e7alves"},"url":"https:\/\/blog.saocamilo-sp.br\/index.php\/author\/lucas-soares-goncalves\/"}]}},"_links":{"self":[{"href":"https:\/\/blog.saocamilo-sp.br\/index.php\/wp-json\/wp\/v2\/posts\/1603","targetHints":{"allow":["GET"]}}],"collection":[{"href":"https:\/\/blog.saocamilo-sp.br\/index.php\/wp-json\/wp\/v2\/posts"}],"about":[{"href":"https:\/\/blog.saocamilo-sp.br\/index.php\/wp-json\/wp\/v2\/types\/post"}],"author":[{"embeddable":true,"href":"https:\/\/blog.saocamilo-sp.br\/index.php\/wp-json\/wp\/v2\/users\/4"}],"replies":[{"embeddable":true,"href":"https:\/\/blog.saocamilo-sp.br\/index.php\/wp-json\/wp\/v2\/comments?post=1603"}],"version-history":[{"count":12,"href":"https:\/\/blog.saocamilo-sp.br\/index.php\/wp-json\/wp\/v2\/posts\/1603\/revisions"}],"predecessor-version":[{"id":1657,"href":"https:\/\/blog.saocamilo-sp.br\/index.php\/wp-json\/wp\/v2\/posts\/1603\/revisions\/1657"}],"wp:featuredmedia":[{"embeddable":true,"href":"https:\/\/blog.saocamilo-sp.br\/index.php\/wp-json\/wp\/v2\/media\/1608"}],"wp:attachment":[{"href":"https:\/\/blog.saocamilo-sp.br\/index.php\/wp-json\/wp\/v2\/media?parent=1603"}],"wp:term":[{"taxonomy":"category","embeddable":true,"href":"https:\/\/blog.saocamilo-sp.br\/index.php\/wp-json\/wp\/v2\/categories?post=1603"},{"taxonomy":"post_tag","embeddable":true,"href":"https:\/\/blog.saocamilo-sp.br\/index.php\/wp-json\/wp\/v2\/tags?post=1603"}],"curies":[{"name":"wp","href":"https:\/\/api.w.org\/{rel}","templated":true}]}}