{"id":1673,"date":"2023-09-14T11:21:23","date_gmt":"2023-09-14T14:21:23","guid":{"rendered":"https:\/\/blog.saocamilo-sp.br\/?p=1673"},"modified":"2023-09-26T14:35:40","modified_gmt":"2023-09-26T17:35:40","slug":"parceria-entre-a-clinica-escola-promove-sao-camilo-e-o-instituto-baccarelli-transforma-vidas-com-musica-e-cuidado","status":"publish","type":"post","link":"https:\/\/blog.saocamilo-sp.br\/index.php\/2023\/09\/14\/parceria-entre-a-clinica-escola-promove-sao-camilo-e-o-instituto-baccarelli-transforma-vidas-com-musica-e-cuidado\/","title":{"rendered":"Cl\u00ednica-escola PROMOVE S\u00e3o Camilo e Instituto Baccarelli: arte e cuidado mudam vidas"},"content":{"rendered":"\n<p>Em uma colabora\u00e7\u00e3o inspiradora, a Cl\u00ednica-Escola PROMOVE S\u00e3o Camilo e o Instituto Baccarelli est\u00e3o transformando vidas por meio da m\u00fasica e do cuidado, seguindo todas as diretrizes de otimiza\u00e7\u00e3o para mecanismos de busca em seus blogs! A sinergia entre a tradi\u00e7\u00e3o camiliana em Sa\u00fade e a magia da m\u00fasica est\u00e1 gerando um impacto positivo significativo na vida de crian\u00e7as e jovens, al\u00e9m disso, contribui para o desenvolvimento da comunidade.<\/p>\n\n\n\n<figure class=\"wp-block-image size-full\"><img loading=\"lazy\" decoding=\"async\" width=\"888\" height=\"599\" src=\"https:\/\/blog.saocamilo-sp.br\/wp-content\/uploads\/2023\/09\/image.png\" alt=\"\" class=\"wp-image-1671\" srcset=\"https:\/\/blog.saocamilo-sp.br\/wp-content\/uploads\/2023\/09\/image.png 888w, https:\/\/blog.saocamilo-sp.br\/wp-content\/uploads\/2023\/09\/image-300x202.png 300w, https:\/\/blog.saocamilo-sp.br\/wp-content\/uploads\/2023\/09\/image-768x518.png 768w, https:\/\/blog.saocamilo-sp.br\/wp-content\/uploads\/2023\/09\/image-600x405.png 600w\" sizes=\"auto, (max-width: 888px) 100vw, 888px\" \/><\/figure>\n\n\n\n<p><\/p>\n\n\n\n<h3 class=\"wp-block-heading\"><strong>Sobre a Cl\u00ednica-Escola PROMOVE<\/strong><\/h3>\n\n\n\n<p>Localizada no bairro do Ipiranga, em S\u00e3o Paulo, a Cl\u00ednica-Escola PROMOVE S\u00e3o Camilo ultrapassa h\u00e1 mais de duas d\u00e9cadas o escopo da educa\u00e7\u00e3o em sa\u00fade e da assist\u00eancia humanizada. Adicionalmente, assume a responsabilidade social por meio de diversos projetos que abrangem \u00e1reas como Enfermagem, Farm\u00e1cia, Fisioterapia, Medicina, Nutri\u00e7\u00e3o e Psicologia. Este centro vai al\u00e9m da educa\u00e7\u00e3o e assist\u00eancia, e tamb\u00e9m se enra\u00edza na responsabilidade social por meio de seus projetos sempre voltados para a humaniza\u00e7\u00e3o.<\/p>\n\n\n\n<h3 class=\"wp-block-heading\"><strong>O Instituto Baccarelli<\/strong><\/h3>\n\n\n\n<p>Por outro lado, o Instituto Baccarelli, fundamentado em tr\u00eas pilares essenciais &#8211; cultura, educa\u00e7\u00e3o e inclus\u00e3o social -, tem se destacado por proporcionar educa\u00e7\u00e3o musical de alta qualidade a jovens em situa\u00e7\u00e3o de vulnerabilidade. Este instituto, que \u00e9 refer\u00eancia na democratiza\u00e7\u00e3o do acesso \u00e0 m\u00fasica cl\u00e1ssica, utiliza a arte como meio para promover inclus\u00e3o social e transforma\u00e7\u00e3o.<\/p>\n\n\n\n<h3 class=\"wp-block-heading\"><strong>M\u00fasica e Cuidado: Uma Poderosa Combina\u00e7\u00e3o<\/strong><\/h3>\n\n\n\n<p>Com efeito, com a convic\u00e7\u00e3o na pot\u00eancia da combina\u00e7\u00e3o entre m\u00fasica e cuidado, essas institui\u00e7\u00f5es se aproximaram e, em 2021, uniram for\u00e7as e compartilharam valores. A Cl\u00ednica-Escola PROMOVE e o Instituto Baccarelli se tornaram parceiros, assim, focando na miss\u00e3o de desenvolver o ser humano e capacit\u00e1-lo para a vida em sociedade.<\/p>\n\n\n\n<h3 class=\"wp-block-heading\"><strong>Impacto Concreto<\/strong><\/h3>\n\n\n\n<p>Desde o in\u00edcio desta colabora\u00e7\u00e3o, mais de 1000 crian\u00e7as e adolescentes foram atendidos em diversas especialidades, incluindo medicina, fisioterapia, aconselhamento gen\u00e9tico, enfermagem, nutri\u00e7\u00e3o, psicologia, terapia ocupacional e servi\u00e7o social.<\/p>\n\n\n\n<h3 class=\"wp-block-heading\"><strong>Um Futuro Mais Promissor para Todos:<\/strong><\/h3>\n\n\n\n<p>Juntas, essas institui\u00e7\u00f5es continuam a oferecer esperan\u00e7a e oportunidades para um futuro mais brilhante. De maneira semelhante, com a convic\u00e7\u00e3o na pot\u00eancia da combina\u00e7\u00e3o m\u00fasica e cuidado, essas institui\u00e7\u00f5es se aproximaram e, em 2021, uniram for\u00e7as e compartilharam valores. A Cl\u00ednica-Escola PROMOVE e o Instituto Baccarelli se tornaram parceiros, portanto, focando na miss\u00e3o de desenvolver o ser humano e capacit\u00e1-lo para a vida em sociedade!<\/p>\n\n\n\n<h5 class=\"wp-block-heading\"><strong>Dr. Leonardo Azevedo Mobilia Alvares<br>Diretor T\u00e9cnico M\u00e9dico \u2013 Promove CRM-SP: 146.852 RQE: 56854\/ 70138<\/strong><\/h5>\n\n\n\n<p>Para obter mais informa\u00e7\u00f5es sobre a cl\u00ednica-escola, acesse o site:<br><br>https:\/\/saocamilo-sp.br\/institucional\/servicos_comunidade\/clnica_escola_promove: <a href=\"https:\/\/saocamilo-sp.br\/institucional\/servicos_comunidade\/clnica_escola_promove\" target=\"_blank\" rel=\"noreferrer noopener\">https:\/\/saocamilo-sp.br\/institucional\/servicos_comunidade\/clnica_escola_promove<\/a><\/p>\n\n\n\n<p>Veja tamb\u00e9m:<\/p>\n\n\n\n<p><a href=\"https:\/\/blog.saocamilo-sp.br\/index.php\/2021\/12\/21\/o-que-se-estuda-no-curso-de-psicologia\/\" target=\"_blank\" rel=\"noreferrer noopener\">O que estuda no curso de psicologia?<\/a><\/p>\n\n\n\n<p><a href=\"https:\/\/blog.saocamilo-sp.br\/index.php\/2023\/07\/08\/estudo-anatomia-pecas-naturais\/\">Descobrindo a Import\u00e2ncia do Estudo de Anatomia com Pe\u00e7as Naturais&nbsp;<\/a><\/p>\n\n\n\n<p><a href=\"https:\/\/blog.saocamilo-sp.br\/index.php\/2023\/06\/29\/motivos-para-turbinar-a-sua-carreira-com-a-capacitacao-esg\/\">Conhe\u00e7a quatro motivos para turbinar a sua carreira com a capacita\u00e7\u00e3o ESG&nbsp;<\/a><\/p>\n\n\n\n<p>Saiba mais sobre nossos cursos:<\/p>\n\n\n\n<iframe loading=\"lazy\" src=\"https:\/\/saocamilo.apprbs.com.br\/tenho-interesse-blog\" height=\"530px\" width=\"100%\" frameborder=\"0\"><\/iframe>\n\n\n\n<p>Compartilhe em:<\/p>\n","protected":false},"excerpt":{"rendered":"<p>Em uma colabora\u00e7\u00e3o inspiradora, a Cl\u00ednica-Escola PROMOVE S\u00e3o Camilo e o Instituto Baccarelli est\u00e3o transformando vidas por meio da m\u00fasica e do cuidado.<\/p>\n","protected":false},"author":4,"featured_media":1668,"comment_status":"open","ping_status":"open","sticky":false,"template":"","format":"standard","meta":{"cybocfi_hide_featured_image":"yes","footnotes":""},"categories":[106,1],"tags":[93,105],"class_list":["post-1673","post","type-post","status-publish","format-standard","has-post-thumbnail","hentry","category-clinica-escola","category-cursos","tag-clinica-escola","tag-promove"],"yoast_head":"<!-- This site is optimized with the Yoast SEO plugin v27.4 - https:\/\/yoast.com\/product\/yoast-seo-wordpress\/ -->\n<title>Cl\u00ednica-escola PROMOVE S\u00e3o Camilo e Instituto Baccarelli: arte e cuidado mudam vidas - Blog S\u00e3o Camilo<\/title>\n<meta name=\"description\" content=\"Em colabora\u00e7\u00e3o inspiradora, a Cl\u00ednica-escola PROMOVE S\u00e3o Camilo e o Instituto Baccarelli transformam vidas atrav\u00e9s de m\u00fasica e cuidado!\" \/>\n<meta name=\"robots\" content=\"index, follow, max-snippet:-1, max-image-preview:large, max-video-preview:-1\" \/>\n<link rel=\"canonical\" href=\"https:\/\/blog.saocamilo-sp.br\/index.php\/2023\/09\/14\/parceria-entre-a-clinica-escola-promove-sao-camilo-e-o-instituto-baccarelli-transforma-vidas-com-musica-e-cuidado\/\" \/>\n<meta property=\"og:locale\" content=\"pt_BR\" \/>\n<meta property=\"og:type\" content=\"article\" \/>\n<meta property=\"og:title\" content=\"Cl\u00ednica-escola PROMOVE S\u00e3o Camilo e Instituto Baccarelli: arte e cuidado mudam vidas - Blog S\u00e3o Camilo\" \/>\n<meta property=\"og:description\" content=\"Em colabora\u00e7\u00e3o inspiradora, a Cl\u00ednica-escola PROMOVE S\u00e3o Camilo e o Instituto Baccarelli transformam vidas atrav\u00e9s de m\u00fasica e cuidado!\" \/>\n<meta property=\"og:url\" content=\"https:\/\/blog.saocamilo-sp.br\/index.php\/2023\/09\/14\/parceria-entre-a-clinica-escola-promove-sao-camilo-e-o-instituto-baccarelli-transforma-vidas-com-musica-e-cuidado\/\" \/>\n<meta property=\"og:site_name\" content=\"Blog S\u00e3o Camilo\" \/>\n<meta property=\"article:publisher\" content=\"https:\/\/www.facebook.com\/saocamilosp\" \/>\n<meta property=\"article:published_time\" content=\"2023-09-14T14:21:23+00:00\" \/>\n<meta property=\"article:modified_time\" content=\"2023-09-26T17:35:40+00:00\" \/>\n<meta property=\"og:image\" content=\"https:\/\/blog.saocamilo-sp.br\/wp-content\/uploads\/2023\/09\/Blog_Baccarelli.jpg\" \/>\n\t<meta property=\"og:image:width\" content=\"600\" \/>\n\t<meta property=\"og:image:height\" content=\"405\" \/>\n\t<meta property=\"og:image:type\" content=\"image\/jpeg\" \/>\n<meta name=\"author\" content=\"Lucas Soares Gon\u00e7alves\" \/>\n<meta name=\"twitter:card\" content=\"summary_large_image\" \/>\n<meta name=\"twitter:creator\" content=\"@saocamilosp\" \/>\n<meta name=\"twitter:site\" content=\"@saocamilosp\" \/>\n<meta name=\"twitter:label1\" content=\"Escrito por\" \/>\n\t<meta name=\"twitter:data1\" content=\"Lucas Soares Gon\u00e7alves\" \/>\n\t<meta name=\"twitter:label2\" content=\"Est. tempo de leitura\" \/>\n\t<meta name=\"twitter:data2\" content=\"3 minutos\" \/>\n<script type=\"application\/ld+json\" class=\"yoast-schema-graph\">{\"@context\":\"https:\\\/\\\/schema.org\",\"@graph\":[{\"@type\":\"Article\",\"@id\":\"https:\\\/\\\/blog.saocamilo-sp.br\\\/index.php\\\/2023\\\/09\\\/14\\\/parceria-entre-a-clinica-escola-promove-sao-camilo-e-o-instituto-baccarelli-transforma-vidas-com-musica-e-cuidado\\\/#article\",\"isPartOf\":{\"@id\":\"https:\\\/\\\/blog.saocamilo-sp.br\\\/index.php\\\/2023\\\/09\\\/14\\\/parceria-entre-a-clinica-escola-promove-sao-camilo-e-o-instituto-baccarelli-transforma-vidas-com-musica-e-cuidado\\\/\"},\"author\":{\"name\":\"Lucas Soares Gon\u00e7alves\",\"@id\":\"https:\\\/\\\/blog.saocamilo-sp.br\\\/#\\\/schema\\\/person\\\/781135418152912d4b58f2db13a2eaf0\"},\"headline\":\"Cl\u00ednica-escola PROMOVE S\u00e3o Camilo e Instituto Baccarelli: arte e cuidado mudam vidas\",\"datePublished\":\"2023-09-14T14:21:23+00:00\",\"dateModified\":\"2023-09-26T17:35:40+00:00\",\"mainEntityOfPage\":{\"@id\":\"https:\\\/\\\/blog.saocamilo-sp.br\\\/index.php\\\/2023\\\/09\\\/14\\\/parceria-entre-a-clinica-escola-promove-sao-camilo-e-o-instituto-baccarelli-transforma-vidas-com-musica-e-cuidado\\\/\"},\"wordCount\":529,\"commentCount\":0,\"publisher\":{\"@id\":\"https:\\\/\\\/blog.saocamilo-sp.br\\\/#organization\"},\"image\":{\"@id\":\"https:\\\/\\\/blog.saocamilo-sp.br\\\/index.php\\\/2023\\\/09\\\/14\\\/parceria-entre-a-clinica-escola-promove-sao-camilo-e-o-instituto-baccarelli-transforma-vidas-com-musica-e-cuidado\\\/#primaryimage\"},\"thumbnailUrl\":\"https:\\\/\\\/blog.saocamilo-sp.br\\\/wp-content\\\/uploads\\\/2023\\\/09\\\/Blog_Baccarelli.jpg\",\"keywords\":[\"cl\u00ednica-escola\",\"Promove\"],\"articleSection\":[\"Cl\u00ednica-escola\",\"Cursos\"],\"inLanguage\":\"pt-BR\",\"potentialAction\":[{\"@type\":\"CommentAction\",\"name\":\"Comment\",\"target\":[\"https:\\\/\\\/blog.saocamilo-sp.br\\\/index.php\\\/2023\\\/09\\\/14\\\/parceria-entre-a-clinica-escola-promove-sao-camilo-e-o-instituto-baccarelli-transforma-vidas-com-musica-e-cuidado\\\/#respond\"]}]},{\"@type\":\"WebPage\",\"@id\":\"https:\\\/\\\/blog.saocamilo-sp.br\\\/index.php\\\/2023\\\/09\\\/14\\\/parceria-entre-a-clinica-escola-promove-sao-camilo-e-o-instituto-baccarelli-transforma-vidas-com-musica-e-cuidado\\\/\",\"url\":\"https:\\\/\\\/blog.saocamilo-sp.br\\\/index.php\\\/2023\\\/09\\\/14\\\/parceria-entre-a-clinica-escola-promove-sao-camilo-e-o-instituto-baccarelli-transforma-vidas-com-musica-e-cuidado\\\/\",\"name\":\"Cl\u00ednica-escola PROMOVE S\u00e3o Camilo e Instituto Baccarelli: arte e cuidado mudam vidas - Blog S\u00e3o Camilo\",\"isPartOf\":{\"@id\":\"https:\\\/\\\/blog.saocamilo-sp.br\\\/#website\"},\"primaryImageOfPage\":{\"@id\":\"https:\\\/\\\/blog.saocamilo-sp.br\\\/index.php\\\/2023\\\/09\\\/14\\\/parceria-entre-a-clinica-escola-promove-sao-camilo-e-o-instituto-baccarelli-transforma-vidas-com-musica-e-cuidado\\\/#primaryimage\"},\"image\":{\"@id\":\"https:\\\/\\\/blog.saocamilo-sp.br\\\/index.php\\\/2023\\\/09\\\/14\\\/parceria-entre-a-clinica-escola-promove-sao-camilo-e-o-instituto-baccarelli-transforma-vidas-com-musica-e-cuidado\\\/#primaryimage\"},\"thumbnailUrl\":\"https:\\\/\\\/blog.saocamilo-sp.br\\\/wp-content\\\/uploads\\\/2023\\\/09\\\/Blog_Baccarelli.jpg\",\"datePublished\":\"2023-09-14T14:21:23+00:00\",\"dateModified\":\"2023-09-26T17:35:40+00:00\",\"description\":\"Em colabora\u00e7\u00e3o inspiradora, a Cl\u00ednica-escola PROMOVE S\u00e3o Camilo e o Instituto Baccarelli transformam vidas atrav\u00e9s de m\u00fasica e cuidado!\",\"breadcrumb\":{\"@id\":\"https:\\\/\\\/blog.saocamilo-sp.br\\\/index.php\\\/2023\\\/09\\\/14\\\/parceria-entre-a-clinica-escola-promove-sao-camilo-e-o-instituto-baccarelli-transforma-vidas-com-musica-e-cuidado\\\/#breadcrumb\"},\"inLanguage\":\"pt-BR\",\"potentialAction\":[{\"@type\":\"ReadAction\",\"target\":[\"https:\\\/\\\/blog.saocamilo-sp.br\\\/index.php\\\/2023\\\/09\\\/14\\\/parceria-entre-a-clinica-escola-promove-sao-camilo-e-o-instituto-baccarelli-transforma-vidas-com-musica-e-cuidado\\\/\"]}]},{\"@type\":\"BreadcrumbList\",\"@id\":\"https:\\\/\\\/blog.saocamilo-sp.br\\\/index.php\\\/2023\\\/09\\\/14\\\/parceria-entre-a-clinica-escola-promove-sao-camilo-e-o-instituto-baccarelli-transforma-vidas-com-musica-e-cuidado\\\/#breadcrumb\",\"itemListElement\":[{\"@type\":\"ListItem\",\"position\":1,\"name\":\"In\u00edcio\",\"item\":\"https:\\\/\\\/blog.saocamilo-sp.br\\\/\"},{\"@type\":\"ListItem\",\"position\":2,\"name\":\"Cl\u00ednica Promove Instituto Baccarelli\"}]},{\"@type\":\"WebSite\",\"@id\":\"https:\\\/\\\/blog.saocamilo-sp.br\\\/#website\",\"url\":\"https:\\\/\\\/blog.saocamilo-sp.br\\\/\",\"name\":\"Blog S\u00e3o Camilo\",\"description\":\"Blog do Centro Universit\u00e1rio S\u00e3o Camilo\",\"publisher\":{\"@id\":\"https:\\\/\\\/blog.saocamilo-sp.br\\\/#organization\"},\"potentialAction\":[{\"@type\":\"SearchAction\",\"target\":{\"@type\":\"EntryPoint\",\"urlTemplate\":\"https:\\\/\\\/blog.saocamilo-sp.br\\\/?s={search_term_string}\"},\"query-input\":{\"@type\":\"PropertyValueSpecification\",\"valueRequired\":true,\"valueName\":\"search_term_string\"}}],\"inLanguage\":\"pt-BR\"},{\"@type\":\"Organization\",\"@id\":\"https:\\\/\\\/blog.saocamilo-sp.br\\\/#organization\",\"name\":\"Blog S\u00e3o Camilo\",\"url\":\"https:\\\/\\\/blog.saocamilo-sp.br\\\/\",\"logo\":{\"@type\":\"ImageObject\",\"inLanguage\":\"pt-BR\",\"@id\":\"https:\\\/\\\/blog.saocamilo-sp.br\\\/#\\\/schema\\\/logo\\\/image\\\/\",\"url\":\"https:\\\/\\\/blog.saocamilo-sp.br\\\/wp-content\\\/uploads\\\/2021\\\/12\\\/cropped-vazio-logo-topo.png\",\"contentUrl\":\"https:\\\/\\\/blog.saocamilo-sp.br\\\/wp-content\\\/uploads\\\/2021\\\/12\\\/cropped-vazio-logo-topo.png\",\"width\":320,\"height\":240,\"caption\":\"Blog S\u00e3o Camilo\"},\"image\":{\"@id\":\"https:\\\/\\\/blog.saocamilo-sp.br\\\/#\\\/schema\\\/logo\\\/image\\\/\"},\"sameAs\":[\"https:\\\/\\\/www.facebook.com\\\/saocamilosp\",\"https:\\\/\\\/x.com\\\/saocamilosp\",\"https:\\\/\\\/www.linkedin.com\\\/school\\\/centro-universit-rio-s-o-camilo\\\/\"]},{\"@type\":\"Person\",\"@id\":\"https:\\\/\\\/blog.saocamilo-sp.br\\\/#\\\/schema\\\/person\\\/781135418152912d4b58f2db13a2eaf0\",\"name\":\"Lucas Soares Gon\u00e7alves\",\"image\":{\"@type\":\"ImageObject\",\"inLanguage\":\"pt-BR\",\"@id\":\"https:\\\/\\\/secure.gravatar.com\\\/avatar\\\/bcd2d703cbb48116eaac2cac8643792535238ff30b2d7ce9e16f9254ec9cae83?s=96&d=mm&r=g\",\"url\":\"https:\\\/\\\/secure.gravatar.com\\\/avatar\\\/bcd2d703cbb48116eaac2cac8643792535238ff30b2d7ce9e16f9254ec9cae83?s=96&d=mm&r=g\",\"contentUrl\":\"https:\\\/\\\/secure.gravatar.com\\\/avatar\\\/bcd2d703cbb48116eaac2cac8643792535238ff30b2d7ce9e16f9254ec9cae83?s=96&d=mm&r=g\",\"caption\":\"Lucas Soares Gon\u00e7alves\"},\"url\":\"https:\\\/\\\/blog.saocamilo-sp.br\\\/index.php\\\/author\\\/lucas-soares-goncalves\\\/\"}]}<\/script>\n<!-- \/ Yoast SEO plugin. -->","yoast_head_json":{"title":"Cl\u00ednica-escola PROMOVE S\u00e3o Camilo e Instituto Baccarelli: arte e cuidado mudam vidas - Blog S\u00e3o Camilo","description":"Em colabora\u00e7\u00e3o inspiradora, a Cl\u00ednica-escola PROMOVE S\u00e3o Camilo e o Instituto Baccarelli transformam vidas atrav\u00e9s de m\u00fasica e cuidado!","robots":{"index":"index","follow":"follow","max-snippet":"max-snippet:-1","max-image-preview":"max-image-preview:large","max-video-preview":"max-video-preview:-1"},"canonical":"https:\/\/blog.saocamilo-sp.br\/index.php\/2023\/09\/14\/parceria-entre-a-clinica-escola-promove-sao-camilo-e-o-instituto-baccarelli-transforma-vidas-com-musica-e-cuidado\/","og_locale":"pt_BR","og_type":"article","og_title":"Cl\u00ednica-escola PROMOVE S\u00e3o Camilo e Instituto Baccarelli: arte e cuidado mudam vidas - Blog S\u00e3o Camilo","og_description":"Em colabora\u00e7\u00e3o inspiradora, a Cl\u00ednica-escola PROMOVE S\u00e3o Camilo e o Instituto Baccarelli transformam vidas atrav\u00e9s de m\u00fasica e cuidado!","og_url":"https:\/\/blog.saocamilo-sp.br\/index.php\/2023\/09\/14\/parceria-entre-a-clinica-escola-promove-sao-camilo-e-o-instituto-baccarelli-transforma-vidas-com-musica-e-cuidado\/","og_site_name":"Blog S\u00e3o Camilo","article_publisher":"https:\/\/www.facebook.com\/saocamilosp","article_published_time":"2023-09-14T14:21:23+00:00","article_modified_time":"2023-09-26T17:35:40+00:00","og_image":[{"width":600,"height":405,"url":"https:\/\/blog.saocamilo-sp.br\/wp-content\/uploads\/2023\/09\/Blog_Baccarelli.jpg","type":"image\/jpeg"}],"author":"Lucas Soares Gon\u00e7alves","twitter_card":"summary_large_image","twitter_creator":"@saocamilosp","twitter_site":"@saocamilosp","twitter_misc":{"Escrito por":"Lucas Soares Gon\u00e7alves","Est. tempo de leitura":"3 minutos"},"schema":{"@context":"https:\/\/schema.org","@graph":[{"@type":"Article","@id":"https:\/\/blog.saocamilo-sp.br\/index.php\/2023\/09\/14\/parceria-entre-a-clinica-escola-promove-sao-camilo-e-o-instituto-baccarelli-transforma-vidas-com-musica-e-cuidado\/#article","isPartOf":{"@id":"https:\/\/blog.saocamilo-sp.br\/index.php\/2023\/09\/14\/parceria-entre-a-clinica-escola-promove-sao-camilo-e-o-instituto-baccarelli-transforma-vidas-com-musica-e-cuidado\/"},"author":{"name":"Lucas Soares Gon\u00e7alves","@id":"https:\/\/blog.saocamilo-sp.br\/#\/schema\/person\/781135418152912d4b58f2db13a2eaf0"},"headline":"Cl\u00ednica-escola PROMOVE S\u00e3o Camilo e Instituto Baccarelli: arte e cuidado mudam vidas","datePublished":"2023-09-14T14:21:23+00:00","dateModified":"2023-09-26T17:35:40+00:00","mainEntityOfPage":{"@id":"https:\/\/blog.saocamilo-sp.br\/index.php\/2023\/09\/14\/parceria-entre-a-clinica-escola-promove-sao-camilo-e-o-instituto-baccarelli-transforma-vidas-com-musica-e-cuidado\/"},"wordCount":529,"commentCount":0,"publisher":{"@id":"https:\/\/blog.saocamilo-sp.br\/#organization"},"image":{"@id":"https:\/\/blog.saocamilo-sp.br\/index.php\/2023\/09\/14\/parceria-entre-a-clinica-escola-promove-sao-camilo-e-o-instituto-baccarelli-transforma-vidas-com-musica-e-cuidado\/#primaryimage"},"thumbnailUrl":"https:\/\/blog.saocamilo-sp.br\/wp-content\/uploads\/2023\/09\/Blog_Baccarelli.jpg","keywords":["cl\u00ednica-escola","Promove"],"articleSection":["Cl\u00ednica-escola","Cursos"],"inLanguage":"pt-BR","potentialAction":[{"@type":"CommentAction","name":"Comment","target":["https:\/\/blog.saocamilo-sp.br\/index.php\/2023\/09\/14\/parceria-entre-a-clinica-escola-promove-sao-camilo-e-o-instituto-baccarelli-transforma-vidas-com-musica-e-cuidado\/#respond"]}]},{"@type":"WebPage","@id":"https:\/\/blog.saocamilo-sp.br\/index.php\/2023\/09\/14\/parceria-entre-a-clinica-escola-promove-sao-camilo-e-o-instituto-baccarelli-transforma-vidas-com-musica-e-cuidado\/","url":"https:\/\/blog.saocamilo-sp.br\/index.php\/2023\/09\/14\/parceria-entre-a-clinica-escola-promove-sao-camilo-e-o-instituto-baccarelli-transforma-vidas-com-musica-e-cuidado\/","name":"Cl\u00ednica-escola PROMOVE S\u00e3o Camilo e Instituto Baccarelli: arte e cuidado mudam vidas - Blog S\u00e3o Camilo","isPartOf":{"@id":"https:\/\/blog.saocamilo-sp.br\/#website"},"primaryImageOfPage":{"@id":"https:\/\/blog.saocamilo-sp.br\/index.php\/2023\/09\/14\/parceria-entre-a-clinica-escola-promove-sao-camilo-e-o-instituto-baccarelli-transforma-vidas-com-musica-e-cuidado\/#primaryimage"},"image":{"@id":"https:\/\/blog.saocamilo-sp.br\/index.php\/2023\/09\/14\/parceria-entre-a-clinica-escola-promove-sao-camilo-e-o-instituto-baccarelli-transforma-vidas-com-musica-e-cuidado\/#primaryimage"},"thumbnailUrl":"https:\/\/blog.saocamilo-sp.br\/wp-content\/uploads\/2023\/09\/Blog_Baccarelli.jpg","datePublished":"2023-09-14T14:21:23+00:00","dateModified":"2023-09-26T17:35:40+00:00","description":"Em colabora\u00e7\u00e3o inspiradora, a Cl\u00ednica-escola PROMOVE S\u00e3o Camilo e o Instituto Baccarelli transformam vidas atrav\u00e9s de m\u00fasica e cuidado!","breadcrumb":{"@id":"https:\/\/blog.saocamilo-sp.br\/index.php\/2023\/09\/14\/parceria-entre-a-clinica-escola-promove-sao-camilo-e-o-instituto-baccarelli-transforma-vidas-com-musica-e-cuidado\/#breadcrumb"},"inLanguage":"pt-BR","potentialAction":[{"@type":"ReadAction","target":["https:\/\/blog.saocamilo-sp.br\/index.php\/2023\/09\/14\/parceria-entre-a-clinica-escola-promove-sao-camilo-e-o-instituto-baccarelli-transforma-vidas-com-musica-e-cuidado\/"]}]},{"@type":"BreadcrumbList","@id":"https:\/\/blog.saocamilo-sp.br\/index.php\/2023\/09\/14\/parceria-entre-a-clinica-escola-promove-sao-camilo-e-o-instituto-baccarelli-transforma-vidas-com-musica-e-cuidado\/#breadcrumb","itemListElement":[{"@type":"ListItem","position":1,"name":"In\u00edcio","item":"https:\/\/blog.saocamilo-sp.br\/"},{"@type":"ListItem","position":2,"name":"Cl\u00ednica Promove Instituto Baccarelli"}]},{"@type":"WebSite","@id":"https:\/\/blog.saocamilo-sp.br\/#website","url":"https:\/\/blog.saocamilo-sp.br\/","name":"Blog S\u00e3o Camilo","description":"Blog do Centro Universit\u00e1rio S\u00e3o Camilo","publisher":{"@id":"https:\/\/blog.saocamilo-sp.br\/#organization"},"potentialAction":[{"@type":"SearchAction","target":{"@type":"EntryPoint","urlTemplate":"https:\/\/blog.saocamilo-sp.br\/?s={search_term_string}"},"query-input":{"@type":"PropertyValueSpecification","valueRequired":true,"valueName":"search_term_string"}}],"inLanguage":"pt-BR"},{"@type":"Organization","@id":"https:\/\/blog.saocamilo-sp.br\/#organization","name":"Blog S\u00e3o Camilo","url":"https:\/\/blog.saocamilo-sp.br\/","logo":{"@type":"ImageObject","inLanguage":"pt-BR","@id":"https:\/\/blog.saocamilo-sp.br\/#\/schema\/logo\/image\/","url":"https:\/\/blog.saocamilo-sp.br\/wp-content\/uploads\/2021\/12\/cropped-vazio-logo-topo.png","contentUrl":"https:\/\/blog.saocamilo-sp.br\/wp-content\/uploads\/2021\/12\/cropped-vazio-logo-topo.png","width":320,"height":240,"caption":"Blog S\u00e3o Camilo"},"image":{"@id":"https:\/\/blog.saocamilo-sp.br\/#\/schema\/logo\/image\/"},"sameAs":["https:\/\/www.facebook.com\/saocamilosp","https:\/\/x.com\/saocamilosp","https:\/\/www.linkedin.com\/school\/centro-universit-rio-s-o-camilo\/"]},{"@type":"Person","@id":"https:\/\/blog.saocamilo-sp.br\/#\/schema\/person\/781135418152912d4b58f2db13a2eaf0","name":"Lucas Soares Gon\u00e7alves","image":{"@type":"ImageObject","inLanguage":"pt-BR","@id":"https:\/\/secure.gravatar.com\/avatar\/bcd2d703cbb48116eaac2cac8643792535238ff30b2d7ce9e16f9254ec9cae83?s=96&d=mm&r=g","url":"https:\/\/secure.gravatar.com\/avatar\/bcd2d703cbb48116eaac2cac8643792535238ff30b2d7ce9e16f9254ec9cae83?s=96&d=mm&r=g","contentUrl":"https:\/\/secure.gravatar.com\/avatar\/bcd2d703cbb48116eaac2cac8643792535238ff30b2d7ce9e16f9254ec9cae83?s=96&d=mm&r=g","caption":"Lucas Soares Gon\u00e7alves"},"url":"https:\/\/blog.saocamilo-sp.br\/index.php\/author\/lucas-soares-goncalves\/"}]}},"_links":{"self":[{"href":"https:\/\/blog.saocamilo-sp.br\/index.php\/wp-json\/wp\/v2\/posts\/1673","targetHints":{"allow":["GET"]}}],"collection":[{"href":"https:\/\/blog.saocamilo-sp.br\/index.php\/wp-json\/wp\/v2\/posts"}],"about":[{"href":"https:\/\/blog.saocamilo-sp.br\/index.php\/wp-json\/wp\/v2\/types\/post"}],"author":[{"embeddable":true,"href":"https:\/\/blog.saocamilo-sp.br\/index.php\/wp-json\/wp\/v2\/users\/4"}],"replies":[{"embeddable":true,"href":"https:\/\/blog.saocamilo-sp.br\/index.php\/wp-json\/wp\/v2\/comments?post=1673"}],"version-history":[{"count":12,"href":"https:\/\/blog.saocamilo-sp.br\/index.php\/wp-json\/wp\/v2\/posts\/1673\/revisions"}],"predecessor-version":[{"id":1739,"href":"https:\/\/blog.saocamilo-sp.br\/index.php\/wp-json\/wp\/v2\/posts\/1673\/revisions\/1739"}],"wp:featuredmedia":[{"embeddable":true,"href":"https:\/\/blog.saocamilo-sp.br\/index.php\/wp-json\/wp\/v2\/media\/1668"}],"wp:attachment":[{"href":"https:\/\/blog.saocamilo-sp.br\/index.php\/wp-json\/wp\/v2\/media?parent=1673"}],"wp:term":[{"taxonomy":"category","embeddable":true,"href":"https:\/\/blog.saocamilo-sp.br\/index.php\/wp-json\/wp\/v2\/categories?post=1673"},{"taxonomy":"post_tag","embeddable":true,"href":"https:\/\/blog.saocamilo-sp.br\/index.php\/wp-json\/wp\/v2\/tags?post=1673"}],"curies":[{"name":"wp","href":"https:\/\/api.w.org\/{rel}","templated":true}]}}