{"id":1682,"date":"2023-09-21T09:00:00","date_gmt":"2023-09-21T12:00:00","guid":{"rendered":"https:\/\/blog.saocamilo-sp.br\/?p=1682"},"modified":"2023-09-25T13:46:21","modified_gmt":"2023-09-25T16:46:21","slug":"o-nucleo-de-acessibilidade-pedagogica-nape-e-a-educacao-inclusiva-no-centro-universitario-sao-camilo","status":"publish","type":"post","link":"https:\/\/blog.saocamilo-sp.br\/index.php\/2023\/09\/21\/o-nucleo-de-acessibilidade-pedagogica-nape-e-a-educacao-inclusiva-no-centro-universitario-sao-camilo\/","title":{"rendered":"O N\u00facleo de Acessibilidade Pedag\u00f3gica e a Educa\u00e7\u00e3o Inclusiva na S\u00e3o Camilo"},"content":{"rendered":"\n<p>Desde a d\u00e9cada de 1990, o mundo vem testemunhando um movimento crescente em prol da inclus\u00e3o e diversidade. A busca por igualdade de oportunidades, direitos e liberdades para todas as pessoas, independentemente de suas caracter\u00edsticas, tem sido o cerne desse esfor\u00e7o global.<\/p>\n\n\n\n<p>Em alus\u00e3o ao Dia Nacional de Luta da Pessoa com Defici\u00eancia, celebrado em 21 de setembro, o Centro Universit\u00e1rio S\u00e3o Camilo aborda esse tema vital com apoio do N\u00facleo de Acessibilidade Pedag\u00f3gica (NAPe), tendo como objetivo a educa\u00e7\u00e3o inclusiva tamb\u00e9m no Ensino Superior.<\/p>\n\n\n\n<h3 class=\"wp-block-heading\">A Declara\u00e7\u00e3o de Salamanca: Um Marco na Inclus\u00e3o<\/h3>\n\n\n\n<p>Em 1994, a Declara\u00e7\u00e3o de Salamanca estabeleceu um marco fundamental para a inclus\u00e3o educacional. Assinado por v\u00e1rios pa\u00edses, esse documento defende que todas as crian\u00e7as devem aprender juntas, incorporando a educa\u00e7\u00e3o de pessoas com defici\u00eancia em um sistema educacional unificado. A partir desse ponto, pa\u00edses se comprometeram a criar leis que garantissem igualdade de acesso \u00e0 educa\u00e7\u00e3o, impulsionando a constru\u00e7\u00e3o de uma sociedade mais inclusiva.<\/p>\n\n\n\n<h3 class=\"wp-block-heading\">A Lei Brasileira de Inclus\u00e3o: Avan\u00e7o Importante<\/h3>\n\n\n\n<p>No Brasil, a Lei Brasileira de Inclus\u00e3o, tamb\u00e9m conhecida como Estatuto da Pessoa com Defici\u00eancia (2015), representou um avan\u00e7o significativo na busca pela equidade das pessoas com defici\u00eancia. Ela delineia direitos fundamentais e estabelece san\u00e7\u00f5es para crimes e infra\u00e7\u00f5es administrativas contra essa popula\u00e7\u00e3o, fortalecendo o compromisso com a inclus\u00e3o.<\/p>\n\n\n\n<h3 class=\"wp-block-heading\">Do Ensino Infantil ao Superior: O Desafio da Educa\u00e7\u00e3o Inclusiva<\/h3>\n\n\n\n<p>Com quase tr\u00eas d\u00e9cadas desde a Declara\u00e7\u00e3o de Salamanca, a discuss\u00e3o sobre educa\u00e7\u00e3o inclusiva avan\u00e7ou at\u00e9 o Ensino Superior. Isso demanda uma reavalia\u00e7\u00e3o das abordagens de atendimento aos alunos, respeitando seus direitos \u00e0 aprendizagem e acessibilidade para que possam se formar em suas profiss\u00f5es. Os N\u00facleos de Acessibilidade desempenham um papel crucial nesse contexto.<\/p>\n\n\n\n<h3 class=\"wp-block-heading\">N\u00facleos de Acessibilidade: Promovendo a Equidade<\/h3>\n\n\n\n<p>O N\u00facleo de Acessibilidade (NAPe) do Centro Universit\u00e1rio S\u00e3o Camilo tem como miss\u00e3o implementar pol\u00edticas de acessibilidade na institui\u00e7\u00e3o. Composto por uma equipe multidisciplinar, incluindo profissionais da psicologia, pedagogia, psicopedagogia e fonoaudiologia, o NAPe oferece apoio horizontal, identificando as necessidades dos alunos e adaptando abordagens pedag\u00f3gicas para garantir a equidade no aprendizado. Os alunos que ingressam no n\u00facleo recebem acompanhamento at\u00e9 a conclus\u00e3o de seus cursos.<\/p>\n\n\n\n<h3 class=\"wp-block-heading\">Apoio aos Professores e Coordenadores<\/h3>\n\n\n\n<p>Al\u00e9m disso, o NAPe tamb\u00e9m oferece orienta\u00e7\u00f5es sobre adapta\u00e7\u00f5es pedag\u00f3gicas e estrat\u00e9gias de ensino equitativas aos coordenadores de curso e professores. Isso promove uma educa\u00e7\u00e3o inclusiva de alta qualidade.<\/p>\n\n\n\n<h3 class=\"wp-block-heading\">Rotina do N\u00facleo de Acessibilidade<\/h3>\n\n\n\n<p>As atividades do N\u00facleo de Acessibilidade incluem entrevistas iniciais e de acompanhamento com os alunos, reuni\u00f5es com diversas partes interessadas, como coordenadores, professores, fam\u00edlias e mediadores pedag\u00f3gicos, e encontros regulares entre os profissionais do NAPe. Essa abordagem integrada visa garantir que todos os alunos tenham igualdade de oportunidades de aprendizado.<\/p>\n\n\n\n<h3 class=\"wp-block-heading\">Promovendo uma Cultura de Inclus\u00e3o<\/h3>\n\n\n\n<p>O grande desafio do NAPe \u00e9 estabelecer uma cultura de inclus\u00e3o dentro do <a href=\"https:\/\/saocamilo-sp.br\/\" target=\"_blank\" rel=\"noreferrer noopener\">Centro Universit\u00e1rio S\u00e3o Camilo<\/a>, envolvendo alunos, docentes e colaboradores em um projeto de educa\u00e7\u00e3o equitativa e de qualidade para todos. Para alcan\u00e7ar esse objetivo, tamb\u00e9m disponibilizamos e-books que apoiam professores, alunos, funcion\u00e1rios e gestores na constru\u00e7\u00e3o de uma sociedade mais inclusiva.<\/p>\n\n\n\n<p>Concluindo, a jornada em dire\u00e7\u00e3o a uma educa\u00e7\u00e3o verdadeiramente inclusiva continua avan\u00e7ando. Com pol\u00edticas eficazes e o compromisso de todas as partes envolvidas, estamos construindo um futuro mais equitativo e diversificado para todos os alunos, independentemente de suas caracter\u00edsticas. A inclus\u00e3o \u00e9 uma miss\u00e3o que todos devemos abra\u00e7ar.<\/p>\n\n\n\n<p>Veja tamb\u00e9m:<\/p>\n\n\n\n<p><a href=\"https:\/\/blog.saocamilo-sp.br\/index.php\/2021\/12\/21\/o-que-se-estuda-no-curso-de-psicologia\/\" target=\"_blank\" rel=\"noreferrer noopener\">O que estuda no curso de psicologia?<\/a><\/p>\n\n\n\n<p><a href=\"https:\/\/blog.saocamilo-sp.br\/index.php\/2023\/07\/08\/estudo-anatomia-pecas-naturais\/\">Descobrindo a Import\u00e2ncia do Estudo de Anatomia com Pe\u00e7as Naturais&nbsp;<\/a><\/p>\n\n\n\n<p><a href=\"https:\/\/blog.saocamilo-sp.br\/index.php\/2023\/06\/29\/motivos-para-turbinar-a-sua-carreira-com-a-capacitacao-esg\/\">Conhe\u00e7a quatro motivos para turbinar a sua carreira com a capacita\u00e7\u00e3o ESG&nbsp;<\/a><\/p>\n\n\n\n<p>Saiba mais sobre nossos cursos:<\/p>\n\n\n\n<iframe loading=\"lazy\" src=\"https:\/\/saocamilo.apprbs.com.br\/tenho-interesse-blog\" height=\"530px\" width=\"100%\" frameborder=\"0\"><\/iframe>\n\n\n\n<p>Compartilhe em:<\/p>\n","protected":false},"excerpt":{"rendered":"<p>Desde a d\u00e9cada de 1990, o mundo vem testemunhando um movimento crescente em prol da inclus\u00e3o e diversidade. Conhe\u00e7a as a\u00e7\u00f5es do NAPe S\u00e3o Camilo.<\/p>\n","protected":false},"author":4,"featured_media":1684,"comment_status":"open","ping_status":"open","sticky":false,"template":"","format":"standard","meta":{"cybocfi_hide_featured_image":"","footnotes":""},"categories":[1,36,82],"tags":[107,108,83],"class_list":["post-1682","post","type-post","status-publish","format-standard","has-post-thumbnail","hentry","category-cursos","category-ead","category-pedagogia","tag-deficiencia","tag-inclusao","tag-pedagogia"],"yoast_head":"<!-- This site is optimized with the Yoast SEO plugin v27.4 - https:\/\/yoast.com\/product\/yoast-seo-wordpress\/ -->\n<title>O N\u00facleo de Acessibilidade Pedag\u00f3gica e a Educa\u00e7\u00e3o Inclusiva na S\u00e3o Camilo - Blog S\u00e3o Camilo<\/title>\n<meta name=\"description\" content=\"Desde a d\u00e9cada de 1990, o mundo vem testemunhando um movimento crescente em prol da inclus\u00e3o e diversidade.\" \/>\n<meta name=\"robots\" content=\"index, follow, max-snippet:-1, max-image-preview:large, max-video-preview:-1\" \/>\n<link rel=\"canonical\" href=\"https:\/\/blog.saocamilo-sp.br\/index.php\/2023\/09\/21\/o-nucleo-de-acessibilidade-pedagogica-nape-e-a-educacao-inclusiva-no-centro-universitario-sao-camilo\/\" \/>\n<meta property=\"og:locale\" content=\"pt_BR\" \/>\n<meta property=\"og:type\" content=\"article\" \/>\n<meta property=\"og:title\" content=\"O N\u00facleo de Acessibilidade Pedag\u00f3gica e a Educa\u00e7\u00e3o Inclusiva na S\u00e3o Camilo - Blog S\u00e3o Camilo\" \/>\n<meta property=\"og:description\" content=\"Desde a d\u00e9cada de 1990, o mundo vem testemunhando um movimento crescente em prol da inclus\u00e3o e diversidade.\" \/>\n<meta property=\"og:url\" content=\"https:\/\/blog.saocamilo-sp.br\/index.php\/2023\/09\/21\/o-nucleo-de-acessibilidade-pedagogica-nape-e-a-educacao-inclusiva-no-centro-universitario-sao-camilo\/\" \/>\n<meta property=\"og:site_name\" content=\"Blog S\u00e3o Camilo\" \/>\n<meta property=\"article:publisher\" content=\"https:\/\/www.facebook.com\/saocamilosp\" \/>\n<meta property=\"article:published_time\" content=\"2023-09-21T12:00:00+00:00\" \/>\n<meta property=\"article:modified_time\" content=\"2023-09-25T16:46:21+00:00\" \/>\n<meta property=\"og:image\" content=\"https:\/\/blog.saocamilo-sp.br\/wp-content\/uploads\/2023\/09\/MicrosoftTeams-image-87.jpg\" \/>\n\t<meta property=\"og:image:width\" content=\"768\" \/>\n\t<meta property=\"og:image:height\" content=\"518\" \/>\n\t<meta property=\"og:image:type\" content=\"image\/jpeg\" \/>\n<meta name=\"author\" content=\"Lucas Soares Gon\u00e7alves\" \/>\n<meta name=\"twitter:card\" content=\"summary_large_image\" \/>\n<meta name=\"twitter:creator\" content=\"@saocamilosp\" \/>\n<meta name=\"twitter:site\" content=\"@saocamilosp\" \/>\n<meta name=\"twitter:label1\" content=\"Escrito por\" \/>\n\t<meta name=\"twitter:data1\" content=\"Lucas Soares Gon\u00e7alves\" \/>\n\t<meta name=\"twitter:label2\" content=\"Est. tempo de leitura\" \/>\n\t<meta name=\"twitter:data2\" content=\"4 minutos\" \/>\n<script type=\"application\/ld+json\" class=\"yoast-schema-graph\">{\"@context\":\"https:\\\/\\\/schema.org\",\"@graph\":[{\"@type\":\"Article\",\"@id\":\"https:\\\/\\\/blog.saocamilo-sp.br\\\/index.php\\\/2023\\\/09\\\/21\\\/o-nucleo-de-acessibilidade-pedagogica-nape-e-a-educacao-inclusiva-no-centro-universitario-sao-camilo\\\/#article\",\"isPartOf\":{\"@id\":\"https:\\\/\\\/blog.saocamilo-sp.br\\\/index.php\\\/2023\\\/09\\\/21\\\/o-nucleo-de-acessibilidade-pedagogica-nape-e-a-educacao-inclusiva-no-centro-universitario-sao-camilo\\\/\"},\"author\":{\"name\":\"Lucas Soares Gon\u00e7alves\",\"@id\":\"https:\\\/\\\/blog.saocamilo-sp.br\\\/#\\\/schema\\\/person\\\/781135418152912d4b58f2db13a2eaf0\"},\"headline\":\"O N\u00facleo de Acessibilidade Pedag\u00f3gica e a Educa\u00e7\u00e3o Inclusiva na S\u00e3o Camilo\",\"datePublished\":\"2023-09-21T12:00:00+00:00\",\"dateModified\":\"2023-09-25T16:46:21+00:00\",\"mainEntityOfPage\":{\"@id\":\"https:\\\/\\\/blog.saocamilo-sp.br\\\/index.php\\\/2023\\\/09\\\/21\\\/o-nucleo-de-acessibilidade-pedagogica-nape-e-a-educacao-inclusiva-no-centro-universitario-sao-camilo\\\/\"},\"wordCount\":683,\"commentCount\":0,\"publisher\":{\"@id\":\"https:\\\/\\\/blog.saocamilo-sp.br\\\/#organization\"},\"image\":{\"@id\":\"https:\\\/\\\/blog.saocamilo-sp.br\\\/index.php\\\/2023\\\/09\\\/21\\\/o-nucleo-de-acessibilidade-pedagogica-nape-e-a-educacao-inclusiva-no-centro-universitario-sao-camilo\\\/#primaryimage\"},\"thumbnailUrl\":\"https:\\\/\\\/blog.saocamilo-sp.br\\\/wp-content\\\/uploads\\\/2023\\\/09\\\/MicrosoftTeams-image-87.jpg\",\"keywords\":[\"defici\u00eancia\",\"inclus\u00e3o\",\"pedagogia\"],\"articleSection\":[\"Cursos\",\"EAD\",\"Pedagogia\"],\"inLanguage\":\"pt-BR\",\"potentialAction\":[{\"@type\":\"CommentAction\",\"name\":\"Comment\",\"target\":[\"https:\\\/\\\/blog.saocamilo-sp.br\\\/index.php\\\/2023\\\/09\\\/21\\\/o-nucleo-de-acessibilidade-pedagogica-nape-e-a-educacao-inclusiva-no-centro-universitario-sao-camilo\\\/#respond\"]}]},{\"@type\":\"WebPage\",\"@id\":\"https:\\\/\\\/blog.saocamilo-sp.br\\\/index.php\\\/2023\\\/09\\\/21\\\/o-nucleo-de-acessibilidade-pedagogica-nape-e-a-educacao-inclusiva-no-centro-universitario-sao-camilo\\\/\",\"url\":\"https:\\\/\\\/blog.saocamilo-sp.br\\\/index.php\\\/2023\\\/09\\\/21\\\/o-nucleo-de-acessibilidade-pedagogica-nape-e-a-educacao-inclusiva-no-centro-universitario-sao-camilo\\\/\",\"name\":\"O N\u00facleo de Acessibilidade Pedag\u00f3gica e a Educa\u00e7\u00e3o Inclusiva na S\u00e3o Camilo - Blog S\u00e3o Camilo\",\"isPartOf\":{\"@id\":\"https:\\\/\\\/blog.saocamilo-sp.br\\\/#website\"},\"primaryImageOfPage\":{\"@id\":\"https:\\\/\\\/blog.saocamilo-sp.br\\\/index.php\\\/2023\\\/09\\\/21\\\/o-nucleo-de-acessibilidade-pedagogica-nape-e-a-educacao-inclusiva-no-centro-universitario-sao-camilo\\\/#primaryimage\"},\"image\":{\"@id\":\"https:\\\/\\\/blog.saocamilo-sp.br\\\/index.php\\\/2023\\\/09\\\/21\\\/o-nucleo-de-acessibilidade-pedagogica-nape-e-a-educacao-inclusiva-no-centro-universitario-sao-camilo\\\/#primaryimage\"},\"thumbnailUrl\":\"https:\\\/\\\/blog.saocamilo-sp.br\\\/wp-content\\\/uploads\\\/2023\\\/09\\\/MicrosoftTeams-image-87.jpg\",\"datePublished\":\"2023-09-21T12:00:00+00:00\",\"dateModified\":\"2023-09-25T16:46:21+00:00\",\"description\":\"Desde a d\u00e9cada de 1990, o mundo vem testemunhando um movimento crescente em prol da inclus\u00e3o e diversidade.\",\"breadcrumb\":{\"@id\":\"https:\\\/\\\/blog.saocamilo-sp.br\\\/index.php\\\/2023\\\/09\\\/21\\\/o-nucleo-de-acessibilidade-pedagogica-nape-e-a-educacao-inclusiva-no-centro-universitario-sao-camilo\\\/#breadcrumb\"},\"inLanguage\":\"pt-BR\",\"potentialAction\":[{\"@type\":\"ReadAction\",\"target\":[\"https:\\\/\\\/blog.saocamilo-sp.br\\\/index.php\\\/2023\\\/09\\\/21\\\/o-nucleo-de-acessibilidade-pedagogica-nape-e-a-educacao-inclusiva-no-centro-universitario-sao-camilo\\\/\"]}]},{\"@type\":\"ImageObject\",\"inLanguage\":\"pt-BR\",\"@id\":\"https:\\\/\\\/blog.saocamilo-sp.br\\\/index.php\\\/2023\\\/09\\\/21\\\/o-nucleo-de-acessibilidade-pedagogica-nape-e-a-educacao-inclusiva-no-centro-universitario-sao-camilo\\\/#primaryimage\",\"url\":\"https:\\\/\\\/blog.saocamilo-sp.br\\\/wp-content\\\/uploads\\\/2023\\\/09\\\/MicrosoftTeams-image-87.jpg\",\"contentUrl\":\"https:\\\/\\\/blog.saocamilo-sp.br\\\/wp-content\\\/uploads\\\/2023\\\/09\\\/MicrosoftTeams-image-87.jpg\",\"width\":768,\"height\":518,\"caption\":\"Desde a d\u00e9cada de 1990, o mundo vem testemunhando um movimento crescente em prol da inclus\u00e3o e diversidade.\"},{\"@type\":\"BreadcrumbList\",\"@id\":\"https:\\\/\\\/blog.saocamilo-sp.br\\\/index.php\\\/2023\\\/09\\\/21\\\/o-nucleo-de-acessibilidade-pedagogica-nape-e-a-educacao-inclusiva-no-centro-universitario-sao-camilo\\\/#breadcrumb\",\"itemListElement\":[{\"@type\":\"ListItem\",\"position\":1,\"name\":\"In\u00edcio\",\"item\":\"https:\\\/\\\/blog.saocamilo-sp.br\\\/\"},{\"@type\":\"ListItem\",\"position\":2,\"name\":\"O N\u00facleo de Acessibilidade Pedag\u00f3gica e a Educa\u00e7\u00e3o Inclusiva na S\u00e3o Camilo\"}]},{\"@type\":\"WebSite\",\"@id\":\"https:\\\/\\\/blog.saocamilo-sp.br\\\/#website\",\"url\":\"https:\\\/\\\/blog.saocamilo-sp.br\\\/\",\"name\":\"Blog S\u00e3o Camilo\",\"description\":\"Blog do Centro Universit\u00e1rio S\u00e3o Camilo\",\"publisher\":{\"@id\":\"https:\\\/\\\/blog.saocamilo-sp.br\\\/#organization\"},\"potentialAction\":[{\"@type\":\"SearchAction\",\"target\":{\"@type\":\"EntryPoint\",\"urlTemplate\":\"https:\\\/\\\/blog.saocamilo-sp.br\\\/?s={search_term_string}\"},\"query-input\":{\"@type\":\"PropertyValueSpecification\",\"valueRequired\":true,\"valueName\":\"search_term_string\"}}],\"inLanguage\":\"pt-BR\"},{\"@type\":\"Organization\",\"@id\":\"https:\\\/\\\/blog.saocamilo-sp.br\\\/#organization\",\"name\":\"Blog S\u00e3o Camilo\",\"url\":\"https:\\\/\\\/blog.saocamilo-sp.br\\\/\",\"logo\":{\"@type\":\"ImageObject\",\"inLanguage\":\"pt-BR\",\"@id\":\"https:\\\/\\\/blog.saocamilo-sp.br\\\/#\\\/schema\\\/logo\\\/image\\\/\",\"url\":\"https:\\\/\\\/blog.saocamilo-sp.br\\\/wp-content\\\/uploads\\\/2021\\\/12\\\/cropped-vazio-logo-topo.png\",\"contentUrl\":\"https:\\\/\\\/blog.saocamilo-sp.br\\\/wp-content\\\/uploads\\\/2021\\\/12\\\/cropped-vazio-logo-topo.png\",\"width\":320,\"height\":240,\"caption\":\"Blog S\u00e3o Camilo\"},\"image\":{\"@id\":\"https:\\\/\\\/blog.saocamilo-sp.br\\\/#\\\/schema\\\/logo\\\/image\\\/\"},\"sameAs\":[\"https:\\\/\\\/www.facebook.com\\\/saocamilosp\",\"https:\\\/\\\/x.com\\\/saocamilosp\",\"https:\\\/\\\/www.linkedin.com\\\/school\\\/centro-universit-rio-s-o-camilo\\\/\"]},{\"@type\":\"Person\",\"@id\":\"https:\\\/\\\/blog.saocamilo-sp.br\\\/#\\\/schema\\\/person\\\/781135418152912d4b58f2db13a2eaf0\",\"name\":\"Lucas Soares Gon\u00e7alves\",\"image\":{\"@type\":\"ImageObject\",\"inLanguage\":\"pt-BR\",\"@id\":\"https:\\\/\\\/secure.gravatar.com\\\/avatar\\\/bcd2d703cbb48116eaac2cac8643792535238ff30b2d7ce9e16f9254ec9cae83?s=96&d=mm&r=g\",\"url\":\"https:\\\/\\\/secure.gravatar.com\\\/avatar\\\/bcd2d703cbb48116eaac2cac8643792535238ff30b2d7ce9e16f9254ec9cae83?s=96&d=mm&r=g\",\"contentUrl\":\"https:\\\/\\\/secure.gravatar.com\\\/avatar\\\/bcd2d703cbb48116eaac2cac8643792535238ff30b2d7ce9e16f9254ec9cae83?s=96&d=mm&r=g\",\"caption\":\"Lucas Soares Gon\u00e7alves\"},\"url\":\"https:\\\/\\\/blog.saocamilo-sp.br\\\/index.php\\\/author\\\/lucas-soares-goncalves\\\/\"}]}<\/script>\n<!-- \/ Yoast SEO plugin. -->","yoast_head_json":{"title":"O N\u00facleo de Acessibilidade Pedag\u00f3gica e a Educa\u00e7\u00e3o Inclusiva na S\u00e3o Camilo - Blog S\u00e3o Camilo","description":"Desde a d\u00e9cada de 1990, o mundo vem testemunhando um movimento crescente em prol da inclus\u00e3o e diversidade.","robots":{"index":"index","follow":"follow","max-snippet":"max-snippet:-1","max-image-preview":"max-image-preview:large","max-video-preview":"max-video-preview:-1"},"canonical":"https:\/\/blog.saocamilo-sp.br\/index.php\/2023\/09\/21\/o-nucleo-de-acessibilidade-pedagogica-nape-e-a-educacao-inclusiva-no-centro-universitario-sao-camilo\/","og_locale":"pt_BR","og_type":"article","og_title":"O N\u00facleo de Acessibilidade Pedag\u00f3gica e a Educa\u00e7\u00e3o Inclusiva na S\u00e3o Camilo - Blog S\u00e3o Camilo","og_description":"Desde a d\u00e9cada de 1990, o mundo vem testemunhando um movimento crescente em prol da inclus\u00e3o e diversidade.","og_url":"https:\/\/blog.saocamilo-sp.br\/index.php\/2023\/09\/21\/o-nucleo-de-acessibilidade-pedagogica-nape-e-a-educacao-inclusiva-no-centro-universitario-sao-camilo\/","og_site_name":"Blog S\u00e3o Camilo","article_publisher":"https:\/\/www.facebook.com\/saocamilosp","article_published_time":"2023-09-21T12:00:00+00:00","article_modified_time":"2023-09-25T16:46:21+00:00","og_image":[{"width":768,"height":518,"url":"https:\/\/blog.saocamilo-sp.br\/wp-content\/uploads\/2023\/09\/MicrosoftTeams-image-87.jpg","type":"image\/jpeg"}],"author":"Lucas Soares Gon\u00e7alves","twitter_card":"summary_large_image","twitter_creator":"@saocamilosp","twitter_site":"@saocamilosp","twitter_misc":{"Escrito por":"Lucas Soares Gon\u00e7alves","Est. tempo de leitura":"4 minutos"},"schema":{"@context":"https:\/\/schema.org","@graph":[{"@type":"Article","@id":"https:\/\/blog.saocamilo-sp.br\/index.php\/2023\/09\/21\/o-nucleo-de-acessibilidade-pedagogica-nape-e-a-educacao-inclusiva-no-centro-universitario-sao-camilo\/#article","isPartOf":{"@id":"https:\/\/blog.saocamilo-sp.br\/index.php\/2023\/09\/21\/o-nucleo-de-acessibilidade-pedagogica-nape-e-a-educacao-inclusiva-no-centro-universitario-sao-camilo\/"},"author":{"name":"Lucas Soares Gon\u00e7alves","@id":"https:\/\/blog.saocamilo-sp.br\/#\/schema\/person\/781135418152912d4b58f2db13a2eaf0"},"headline":"O N\u00facleo de Acessibilidade Pedag\u00f3gica e a Educa\u00e7\u00e3o Inclusiva na S\u00e3o Camilo","datePublished":"2023-09-21T12:00:00+00:00","dateModified":"2023-09-25T16:46:21+00:00","mainEntityOfPage":{"@id":"https:\/\/blog.saocamilo-sp.br\/index.php\/2023\/09\/21\/o-nucleo-de-acessibilidade-pedagogica-nape-e-a-educacao-inclusiva-no-centro-universitario-sao-camilo\/"},"wordCount":683,"commentCount":0,"publisher":{"@id":"https:\/\/blog.saocamilo-sp.br\/#organization"},"image":{"@id":"https:\/\/blog.saocamilo-sp.br\/index.php\/2023\/09\/21\/o-nucleo-de-acessibilidade-pedagogica-nape-e-a-educacao-inclusiva-no-centro-universitario-sao-camilo\/#primaryimage"},"thumbnailUrl":"https:\/\/blog.saocamilo-sp.br\/wp-content\/uploads\/2023\/09\/MicrosoftTeams-image-87.jpg","keywords":["defici\u00eancia","inclus\u00e3o","pedagogia"],"articleSection":["Cursos","EAD","Pedagogia"],"inLanguage":"pt-BR","potentialAction":[{"@type":"CommentAction","name":"Comment","target":["https:\/\/blog.saocamilo-sp.br\/index.php\/2023\/09\/21\/o-nucleo-de-acessibilidade-pedagogica-nape-e-a-educacao-inclusiva-no-centro-universitario-sao-camilo\/#respond"]}]},{"@type":"WebPage","@id":"https:\/\/blog.saocamilo-sp.br\/index.php\/2023\/09\/21\/o-nucleo-de-acessibilidade-pedagogica-nape-e-a-educacao-inclusiva-no-centro-universitario-sao-camilo\/","url":"https:\/\/blog.saocamilo-sp.br\/index.php\/2023\/09\/21\/o-nucleo-de-acessibilidade-pedagogica-nape-e-a-educacao-inclusiva-no-centro-universitario-sao-camilo\/","name":"O N\u00facleo de Acessibilidade Pedag\u00f3gica e a Educa\u00e7\u00e3o Inclusiva na S\u00e3o Camilo - Blog S\u00e3o Camilo","isPartOf":{"@id":"https:\/\/blog.saocamilo-sp.br\/#website"},"primaryImageOfPage":{"@id":"https:\/\/blog.saocamilo-sp.br\/index.php\/2023\/09\/21\/o-nucleo-de-acessibilidade-pedagogica-nape-e-a-educacao-inclusiva-no-centro-universitario-sao-camilo\/#primaryimage"},"image":{"@id":"https:\/\/blog.saocamilo-sp.br\/index.php\/2023\/09\/21\/o-nucleo-de-acessibilidade-pedagogica-nape-e-a-educacao-inclusiva-no-centro-universitario-sao-camilo\/#primaryimage"},"thumbnailUrl":"https:\/\/blog.saocamilo-sp.br\/wp-content\/uploads\/2023\/09\/MicrosoftTeams-image-87.jpg","datePublished":"2023-09-21T12:00:00+00:00","dateModified":"2023-09-25T16:46:21+00:00","description":"Desde a d\u00e9cada de 1990, o mundo vem testemunhando um movimento crescente em prol da inclus\u00e3o e diversidade.","breadcrumb":{"@id":"https:\/\/blog.saocamilo-sp.br\/index.php\/2023\/09\/21\/o-nucleo-de-acessibilidade-pedagogica-nape-e-a-educacao-inclusiva-no-centro-universitario-sao-camilo\/#breadcrumb"},"inLanguage":"pt-BR","potentialAction":[{"@type":"ReadAction","target":["https:\/\/blog.saocamilo-sp.br\/index.php\/2023\/09\/21\/o-nucleo-de-acessibilidade-pedagogica-nape-e-a-educacao-inclusiva-no-centro-universitario-sao-camilo\/"]}]},{"@type":"ImageObject","inLanguage":"pt-BR","@id":"https:\/\/blog.saocamilo-sp.br\/index.php\/2023\/09\/21\/o-nucleo-de-acessibilidade-pedagogica-nape-e-a-educacao-inclusiva-no-centro-universitario-sao-camilo\/#primaryimage","url":"https:\/\/blog.saocamilo-sp.br\/wp-content\/uploads\/2023\/09\/MicrosoftTeams-image-87.jpg","contentUrl":"https:\/\/blog.saocamilo-sp.br\/wp-content\/uploads\/2023\/09\/MicrosoftTeams-image-87.jpg","width":768,"height":518,"caption":"Desde a d\u00e9cada de 1990, o mundo vem testemunhando um movimento crescente em prol da inclus\u00e3o e diversidade."},{"@type":"BreadcrumbList","@id":"https:\/\/blog.saocamilo-sp.br\/index.php\/2023\/09\/21\/o-nucleo-de-acessibilidade-pedagogica-nape-e-a-educacao-inclusiva-no-centro-universitario-sao-camilo\/#breadcrumb","itemListElement":[{"@type":"ListItem","position":1,"name":"In\u00edcio","item":"https:\/\/blog.saocamilo-sp.br\/"},{"@type":"ListItem","position":2,"name":"O N\u00facleo de Acessibilidade Pedag\u00f3gica e a Educa\u00e7\u00e3o Inclusiva na S\u00e3o Camilo"}]},{"@type":"WebSite","@id":"https:\/\/blog.saocamilo-sp.br\/#website","url":"https:\/\/blog.saocamilo-sp.br\/","name":"Blog S\u00e3o Camilo","description":"Blog do Centro Universit\u00e1rio S\u00e3o Camilo","publisher":{"@id":"https:\/\/blog.saocamilo-sp.br\/#organization"},"potentialAction":[{"@type":"SearchAction","target":{"@type":"EntryPoint","urlTemplate":"https:\/\/blog.saocamilo-sp.br\/?s={search_term_string}"},"query-input":{"@type":"PropertyValueSpecification","valueRequired":true,"valueName":"search_term_string"}}],"inLanguage":"pt-BR"},{"@type":"Organization","@id":"https:\/\/blog.saocamilo-sp.br\/#organization","name":"Blog S\u00e3o Camilo","url":"https:\/\/blog.saocamilo-sp.br\/","logo":{"@type":"ImageObject","inLanguage":"pt-BR","@id":"https:\/\/blog.saocamilo-sp.br\/#\/schema\/logo\/image\/","url":"https:\/\/blog.saocamilo-sp.br\/wp-content\/uploads\/2021\/12\/cropped-vazio-logo-topo.png","contentUrl":"https:\/\/blog.saocamilo-sp.br\/wp-content\/uploads\/2021\/12\/cropped-vazio-logo-topo.png","width":320,"height":240,"caption":"Blog S\u00e3o Camilo"},"image":{"@id":"https:\/\/blog.saocamilo-sp.br\/#\/schema\/logo\/image\/"},"sameAs":["https:\/\/www.facebook.com\/saocamilosp","https:\/\/x.com\/saocamilosp","https:\/\/www.linkedin.com\/school\/centro-universit-rio-s-o-camilo\/"]},{"@type":"Person","@id":"https:\/\/blog.saocamilo-sp.br\/#\/schema\/person\/781135418152912d4b58f2db13a2eaf0","name":"Lucas Soares Gon\u00e7alves","image":{"@type":"ImageObject","inLanguage":"pt-BR","@id":"https:\/\/secure.gravatar.com\/avatar\/bcd2d703cbb48116eaac2cac8643792535238ff30b2d7ce9e16f9254ec9cae83?s=96&d=mm&r=g","url":"https:\/\/secure.gravatar.com\/avatar\/bcd2d703cbb48116eaac2cac8643792535238ff30b2d7ce9e16f9254ec9cae83?s=96&d=mm&r=g","contentUrl":"https:\/\/secure.gravatar.com\/avatar\/bcd2d703cbb48116eaac2cac8643792535238ff30b2d7ce9e16f9254ec9cae83?s=96&d=mm&r=g","caption":"Lucas Soares Gon\u00e7alves"},"url":"https:\/\/blog.saocamilo-sp.br\/index.php\/author\/lucas-soares-goncalves\/"}]}},"_links":{"self":[{"href":"https:\/\/blog.saocamilo-sp.br\/index.php\/wp-json\/wp\/v2\/posts\/1682","targetHints":{"allow":["GET"]}}],"collection":[{"href":"https:\/\/blog.saocamilo-sp.br\/index.php\/wp-json\/wp\/v2\/posts"}],"about":[{"href":"https:\/\/blog.saocamilo-sp.br\/index.php\/wp-json\/wp\/v2\/types\/post"}],"author":[{"embeddable":true,"href":"https:\/\/blog.saocamilo-sp.br\/index.php\/wp-json\/wp\/v2\/users\/4"}],"replies":[{"embeddable":true,"href":"https:\/\/blog.saocamilo-sp.br\/index.php\/wp-json\/wp\/v2\/comments?post=1682"}],"version-history":[{"count":8,"href":"https:\/\/blog.saocamilo-sp.br\/index.php\/wp-json\/wp\/v2\/posts\/1682\/revisions"}],"predecessor-version":[{"id":1716,"href":"https:\/\/blog.saocamilo-sp.br\/index.php\/wp-json\/wp\/v2\/posts\/1682\/revisions\/1716"}],"wp:featuredmedia":[{"embeddable":true,"href":"https:\/\/blog.saocamilo-sp.br\/index.php\/wp-json\/wp\/v2\/media\/1684"}],"wp:attachment":[{"href":"https:\/\/blog.saocamilo-sp.br\/index.php\/wp-json\/wp\/v2\/media?parent=1682"}],"wp:term":[{"taxonomy":"category","embeddable":true,"href":"https:\/\/blog.saocamilo-sp.br\/index.php\/wp-json\/wp\/v2\/categories?post=1682"},{"taxonomy":"post_tag","embeddable":true,"href":"https:\/\/blog.saocamilo-sp.br\/index.php\/wp-json\/wp\/v2\/tags?post=1682"}],"curies":[{"name":"wp","href":"https:\/\/api.w.org\/{rel}","templated":true}]}}