{"id":1688,"date":"2023-09-22T10:03:50","date_gmt":"2023-09-22T13:03:50","guid":{"rendered":"https:\/\/blog.saocamilo-sp.br\/?p=1688"},"modified":"2023-09-22T10:18:24","modified_gmt":"2023-09-22T13:18:24","slug":"desbravando-o-futuro-viii-congresso-multiprofissional-transformacao-digital-e-tecnologias-emergentes","status":"publish","type":"post","link":"https:\/\/blog.saocamilo-sp.br\/index.php\/2023\/09\/22\/desbravando-o-futuro-viii-congresso-multiprofissional-transformacao-digital-e-tecnologias-emergentes\/","title":{"rendered":"VIII Congresso Multi &#8211; Transforma\u00e7\u00e3o Digital e Tecnologias Emergentes"},"content":{"rendered":"\n<p>Em um mundo onde a revolu\u00e7\u00e3o digital redefine a forma como vivemos, trabalhamos e nos relacionamos, o <strong>VIII Congresso Multiprofissional do Centro Universit\u00e1rio S\u00e3o Camilo<\/strong> destaca um tema de extrema relev\u00e2ncia: <strong>&#8220;Impactos da Transforma\u00e7\u00e3o Digital e Tecnologias Emergentes&#8221;<\/strong>.&nbsp;<\/p>\n\n\n\n<p>Uma oportunidade \u00fanica para compreender como elas est\u00e3o impactando diversos campos, desde a sa\u00fade at\u00e9 a tecnologia, passando tamb\u00e9m pela educa\u00e7\u00e3o e gest\u00e3o.&nbsp;<\/p>\n\n\n\n<h3 class=\"wp-block-heading\"><strong>Entre a Sombra e a Luz das Redes Sociais<\/strong>&nbsp;<\/h3>\n\n\n\n<p>As redes sociais tornaram-se uma parte essencial das nossas vidas, oferecendo conex\u00f5es instant\u00e2neas, mas tamb\u00e9m desafios psicol\u00f3gicos. Explore como a psicologia est\u00e1 se adaptando a essas mudan\u00e7as, abra\u00e7ando as oportunidades de, ao mesmo tempo que lida com os impactos negativos.&nbsp;<\/p>\n\n\n\n<h3 class=\"wp-block-heading\"><strong>Desenvolvimento Pessoal Impulsionado pela Tecnologia<\/strong>&nbsp;<\/h3>\n\n\n\n<p>As tecnologias emergentes n\u00e3o est\u00e3o apenas mudando nossos locais de trabalho, mas tamb\u00e9m nossas vidas pessoais. Saiba como voc\u00ea pode aproveitar essas inova\u00e7\u00f5es para o desenvolvimento pessoal, desde a aprendizagem online at\u00e9 o monitoramento de sa\u00fade pessoal, tudo ao alcance de um toque na tela.&nbsp;<\/p>\n\n\n\n<h3 class=\"wp-block-heading\"><strong>Mesa Redonda: Seguran\u00e7a Digital e Inova\u00e7\u00f5es<\/strong>&nbsp;<\/h3>\n\n\n\n<p>Atualmente a seguran\u00e7a digital \u00e9 uma preocupa\u00e7\u00e3o crescente em um mundo cada vez mais conectado. Sendo assim, nossa mesa redonda discutir\u00e1 as \u00faltimas inova\u00e7\u00f5es em seguran\u00e7a digital, estrat\u00e9gias de prote\u00e7\u00e3o de dados e como as organiza\u00e7\u00f5es est\u00e3o se adaptando \u00e0s amea\u00e7as cibern\u00e9ticas em constante evolu\u00e7\u00e3o.&nbsp;<\/p>\n\n\n\n<figure class=\"wp-block-image size-large\"><a href=\"https:\/\/saocamilo-sp.br\/eventos\/viii_congresso_multi\" target=\"_blank\" rel=\"noreferrer noopener\"><img loading=\"lazy\" decoding=\"async\" width=\"1024\" height=\"306\" src=\"https:\/\/blog.saocamilo-sp.br\/wp-content\/uploads\/2023\/09\/Congresso-prorrogacao-1024x306.jpg\" alt=\"Congresso Multiprofissional da S\u00e3o Camilo\" class=\"wp-image-1725\" srcset=\"https:\/\/blog.saocamilo-sp.br\/wp-content\/uploads\/2023\/09\/Congresso-prorrogacao-1024x306.jpg 1024w, https:\/\/blog.saocamilo-sp.br\/wp-content\/uploads\/2023\/09\/Congresso-prorrogacao-300x90.jpg 300w, https:\/\/blog.saocamilo-sp.br\/wp-content\/uploads\/2023\/09\/Congresso-prorrogacao-768x229.jpg 768w, https:\/\/blog.saocamilo-sp.br\/wp-content\/uploads\/2023\/09\/Congresso-prorrogacao-1536x459.jpg 1536w, https:\/\/blog.saocamilo-sp.br\/wp-content\/uploads\/2023\/09\/Congresso-prorrogacao-600x179.jpg 600w, https:\/\/blog.saocamilo-sp.br\/wp-content\/uploads\/2023\/09\/Congresso-prorrogacao-945x282.jpg 945w, https:\/\/blog.saocamilo-sp.br\/wp-content\/uploads\/2023\/09\/Congresso-prorrogacao.jpg 1835w\" sizes=\"auto, (max-width: 1024px) 100vw, 1024px\" \/><\/a><\/figure>\n\n\n\n<h3 class=\"wp-block-heading\"><strong>Mesa Redonda: Intelig\u00eancia Artificial, Blockchain e Metaverso<\/strong>&nbsp;<\/h3>\n\n\n\n<p>Um debate fascinante aguarda aqueles interessados nas tecnologias que surgem a cada dia. Explore as possibilidades ilimitadas dessas tecnologias e discutimos suas aplica\u00e7\u00f5es em diferentes setores.&nbsp;<\/p>\n\n\n\n<h3 class=\"wp-block-heading\"><strong>Tecnologia para a Busca das Melhores Evid\u00eancias<\/strong>&nbsp;<\/h3>\n\n\n\n<p>A busca de informa\u00e7\u00f5es confi\u00e1veis e atualizadas \u00e9 crucial em todos os campos. Conhe\u00e7a como as tecnologias emergentes, como sistemas de busca avan\u00e7ados, est\u00e3o ajudando profissionais a encontrar as melhores evid\u00eancias cient\u00edficas.&nbsp;<\/p>\n\n\n\n<p>Dessa forma, o VIII Congresso Multiprofissional do <a href=\"https:\/\/blog.saocamilo-sp.br\/\" target=\"_blank\" rel=\"noreferrer noopener\">Centro Universit\u00e1rio S\u00e3o Camilo<\/a> \u00e9 a sua oportunidade de se conectar com os especialistas e participar de discuss\u00f5es enriquecedoras, inscri\u00e7\u00f5es pelo <a href=\"https:\/\/saocamilo-sp.br\/eventos\/viii_congresso_multi\" target=\"_blank\" rel=\"noreferrer noopener\">site<\/a>.&nbsp;<\/p>\n\n\n\n<p>Junte-se a n\u00f3s para explorar o impacto da transforma\u00e7\u00e3o digital e tecnologias emergentes em nosso mundo em constante mudan\u00e7a.&nbsp;<\/p>\n","protected":false},"excerpt":{"rendered":"<p>Uma oportunidade \u00fanica para compreender como elas est\u00e3o impactando diversos campos, desde a sa\u00fade at\u00e9 a tecnologia, passando tamb\u00e9m pela educa\u00e7\u00e3o e gest\u00e3o.<\/p>\n","protected":false},"author":5,"featured_media":1710,"comment_status":"open","ping_status":"open","sticky":false,"template":"","format":"standard","meta":{"cybocfi_hide_featured_image":"","footnotes":""},"categories":[1],"tags":[],"class_list":["post-1688","post","type-post","status-publish","format-standard","has-post-thumbnail","hentry","category-cursos"],"yoast_head":"<!-- This site is optimized with the Yoast SEO plugin v27.5 - https:\/\/yoast.com\/product\/yoast-seo-wordpress\/ -->\n<title>Desbravando o Futuro: Transforma\u00e7\u00e3o Digital e Tecnologias Emergentes<\/title>\n<meta name=\"description\" content=\"O VIII Congresso Multiprofissional destaca um tema de extrema relev\u00e2ncia: &quot;Impactos da Transforma\u00e7\u00e3o Digital e Tecnologias Emergentes&quot;\" \/>\n<meta name=\"robots\" content=\"index, follow, max-snippet:-1, max-image-preview:large, max-video-preview:-1\" \/>\n<link rel=\"canonical\" href=\"https:\/\/blog.saocamilo-sp.br\/index.php\/2023\/09\/22\/desbravando-o-futuro-viii-congresso-multiprofissional-transformacao-digital-e-tecnologias-emergentes\/\" \/>\n<meta property=\"og:locale\" content=\"pt_BR\" \/>\n<meta property=\"og:type\" content=\"article\" \/>\n<meta property=\"og:title\" content=\"Desbravando o Futuro: Transforma\u00e7\u00e3o Digital e Tecnologias Emergentes\" \/>\n<meta property=\"og:description\" content=\"O VIII Congresso Multiprofissional destaca um tema de extrema relev\u00e2ncia: &quot;Impactos da Transforma\u00e7\u00e3o Digital e Tecnologias Emergentes&quot;\" \/>\n<meta property=\"og:url\" content=\"https:\/\/blog.saocamilo-sp.br\/index.php\/2023\/09\/22\/desbravando-o-futuro-viii-congresso-multiprofissional-transformacao-digital-e-tecnologias-emergentes\/\" \/>\n<meta property=\"og:site_name\" content=\"Blog S\u00e3o Camilo\" \/>\n<meta property=\"article:publisher\" content=\"https:\/\/www.facebook.com\/saocamilosp\" \/>\n<meta property=\"article:published_time\" content=\"2023-09-22T13:03:50+00:00\" \/>\n<meta property=\"article:modified_time\" content=\"2023-09-22T13:18:24+00:00\" \/>\n<meta property=\"og:image\" content=\"https:\/\/blog.saocamilo-sp.br\/wp-content\/uploads\/2023\/09\/Impactos_da_transformacao_digital-scaled.jpg\" \/>\n\t<meta property=\"og:image:width\" content=\"2560\" \/>\n\t<meta property=\"og:image:height\" content=\"1707\" \/>\n\t<meta property=\"og:image:type\" content=\"image\/jpeg\" \/>\n<meta name=\"author\" content=\"Giancarlo Bonato\" \/>\n<meta name=\"twitter:card\" content=\"summary_large_image\" \/>\n<meta name=\"twitter:creator\" content=\"@saocamilosp\" \/>\n<meta name=\"twitter:site\" content=\"@saocamilosp\" \/>\n<meta name=\"twitter:label1\" content=\"Escrito por\" \/>\n\t<meta name=\"twitter:data1\" content=\"Giancarlo Bonato\" \/>\n\t<meta name=\"twitter:label2\" content=\"Est. tempo de leitura\" \/>\n\t<meta name=\"twitter:data2\" content=\"3 minutos\" \/>\n<script type=\"application\/ld+json\" class=\"yoast-schema-graph\">{\"@context\":\"https:\\\/\\\/schema.org\",\"@graph\":[{\"@type\":\"Article\",\"@id\":\"https:\\\/\\\/blog.saocamilo-sp.br\\\/index.php\\\/2023\\\/09\\\/22\\\/desbravando-o-futuro-viii-congresso-multiprofissional-transformacao-digital-e-tecnologias-emergentes\\\/#article\",\"isPartOf\":{\"@id\":\"https:\\\/\\\/blog.saocamilo-sp.br\\\/index.php\\\/2023\\\/09\\\/22\\\/desbravando-o-futuro-viii-congresso-multiprofissional-transformacao-digital-e-tecnologias-emergentes\\\/\"},\"author\":{\"name\":\"Giancarlo Bonato\",\"@id\":\"https:\\\/\\\/blog.saocamilo-sp.br\\\/#\\\/schema\\\/person\\\/2f1abef72dd95b45ae5f8e75003b32a9\"},\"headline\":\"VIII Congresso Multi &#8211; Transforma\u00e7\u00e3o Digital e Tecnologias Emergentes\",\"datePublished\":\"2023-09-22T13:03:50+00:00\",\"dateModified\":\"2023-09-22T13:18:24+00:00\",\"mainEntityOfPage\":{\"@id\":\"https:\\\/\\\/blog.saocamilo-sp.br\\\/index.php\\\/2023\\\/09\\\/22\\\/desbravando-o-futuro-viii-congresso-multiprofissional-transformacao-digital-e-tecnologias-emergentes\\\/\"},\"wordCount\":403,\"commentCount\":0,\"publisher\":{\"@id\":\"https:\\\/\\\/blog.saocamilo-sp.br\\\/#organization\"},\"image\":{\"@id\":\"https:\\\/\\\/blog.saocamilo-sp.br\\\/index.php\\\/2023\\\/09\\\/22\\\/desbravando-o-futuro-viii-congresso-multiprofissional-transformacao-digital-e-tecnologias-emergentes\\\/#primaryimage\"},\"thumbnailUrl\":\"https:\\\/\\\/blog.saocamilo-sp.br\\\/wp-content\\\/uploads\\\/2023\\\/09\\\/Impactos_da_transformacao_digital-scaled.jpg\",\"articleSection\":[\"Cursos\"],\"inLanguage\":\"pt-BR\",\"potentialAction\":[{\"@type\":\"CommentAction\",\"name\":\"Comment\",\"target\":[\"https:\\\/\\\/blog.saocamilo-sp.br\\\/index.php\\\/2023\\\/09\\\/22\\\/desbravando-o-futuro-viii-congresso-multiprofissional-transformacao-digital-e-tecnologias-emergentes\\\/#respond\"]}]},{\"@type\":\"WebPage\",\"@id\":\"https:\\\/\\\/blog.saocamilo-sp.br\\\/index.php\\\/2023\\\/09\\\/22\\\/desbravando-o-futuro-viii-congresso-multiprofissional-transformacao-digital-e-tecnologias-emergentes\\\/\",\"url\":\"https:\\\/\\\/blog.saocamilo-sp.br\\\/index.php\\\/2023\\\/09\\\/22\\\/desbravando-o-futuro-viii-congresso-multiprofissional-transformacao-digital-e-tecnologias-emergentes\\\/\",\"name\":\"Desbravando o Futuro: Transforma\u00e7\u00e3o Digital e Tecnologias Emergentes\",\"isPartOf\":{\"@id\":\"https:\\\/\\\/blog.saocamilo-sp.br\\\/#website\"},\"primaryImageOfPage\":{\"@id\":\"https:\\\/\\\/blog.saocamilo-sp.br\\\/index.php\\\/2023\\\/09\\\/22\\\/desbravando-o-futuro-viii-congresso-multiprofissional-transformacao-digital-e-tecnologias-emergentes\\\/#primaryimage\"},\"image\":{\"@id\":\"https:\\\/\\\/blog.saocamilo-sp.br\\\/index.php\\\/2023\\\/09\\\/22\\\/desbravando-o-futuro-viii-congresso-multiprofissional-transformacao-digital-e-tecnologias-emergentes\\\/#primaryimage\"},\"thumbnailUrl\":\"https:\\\/\\\/blog.saocamilo-sp.br\\\/wp-content\\\/uploads\\\/2023\\\/09\\\/Impactos_da_transformacao_digital-scaled.jpg\",\"datePublished\":\"2023-09-22T13:03:50+00:00\",\"dateModified\":\"2023-09-22T13:18:24+00:00\",\"description\":\"O VIII Congresso Multiprofissional destaca um tema de extrema relev\u00e2ncia: \\\"Impactos da Transforma\u00e7\u00e3o Digital e Tecnologias Emergentes\\\"\",\"breadcrumb\":{\"@id\":\"https:\\\/\\\/blog.saocamilo-sp.br\\\/index.php\\\/2023\\\/09\\\/22\\\/desbravando-o-futuro-viii-congresso-multiprofissional-transformacao-digital-e-tecnologias-emergentes\\\/#breadcrumb\"},\"inLanguage\":\"pt-BR\",\"potentialAction\":[{\"@type\":\"ReadAction\",\"target\":[\"https:\\\/\\\/blog.saocamilo-sp.br\\\/index.php\\\/2023\\\/09\\\/22\\\/desbravando-o-futuro-viii-congresso-multiprofissional-transformacao-digital-e-tecnologias-emergentes\\\/\"]}]},{\"@type\":\"ImageObject\",\"inLanguage\":\"pt-BR\",\"@id\":\"https:\\\/\\\/blog.saocamilo-sp.br\\\/index.php\\\/2023\\\/09\\\/22\\\/desbravando-o-futuro-viii-congresso-multiprofissional-transformacao-digital-e-tecnologias-emergentes\\\/#primaryimage\",\"url\":\"https:\\\/\\\/blog.saocamilo-sp.br\\\/wp-content\\\/uploads\\\/2023\\\/09\\\/Impactos_da_transformacao_digital-scaled.jpg\",\"contentUrl\":\"https:\\\/\\\/blog.saocamilo-sp.br\\\/wp-content\\\/uploads\\\/2023\\\/09\\\/Impactos_da_transformacao_digital-scaled.jpg\",\"width\":2560,\"height\":1707,\"caption\":\"Imagem com refer\u00eancia a Impactos da transforma\u00e7\u00e3o digital e as tecnologias emergentes tema do congresso multiprofissional\"},{\"@type\":\"BreadcrumbList\",\"@id\":\"https:\\\/\\\/blog.saocamilo-sp.br\\\/index.php\\\/2023\\\/09\\\/22\\\/desbravando-o-futuro-viii-congresso-multiprofissional-transformacao-digital-e-tecnologias-emergentes\\\/#breadcrumb\",\"itemListElement\":[{\"@type\":\"ListItem\",\"position\":1,\"name\":\"In\u00edcio\",\"item\":\"https:\\\/\\\/blog.saocamilo-sp.br\\\/\"},{\"@type\":\"ListItem\",\"position\":2,\"name\":\"VIII Congresso Multi &#8211; Transforma\u00e7\u00e3o Digital e Tecnologias Emergentes\"}]},{\"@type\":\"WebSite\",\"@id\":\"https:\\\/\\\/blog.saocamilo-sp.br\\\/#website\",\"url\":\"https:\\\/\\\/blog.saocamilo-sp.br\\\/\",\"name\":\"Blog S\u00e3o Camilo\",\"description\":\"Blog do Centro Universit\u00e1rio S\u00e3o Camilo\",\"publisher\":{\"@id\":\"https:\\\/\\\/blog.saocamilo-sp.br\\\/#organization\"},\"potentialAction\":[{\"@type\":\"SearchAction\",\"target\":{\"@type\":\"EntryPoint\",\"urlTemplate\":\"https:\\\/\\\/blog.saocamilo-sp.br\\\/?s={search_term_string}\"},\"query-input\":{\"@type\":\"PropertyValueSpecification\",\"valueRequired\":true,\"valueName\":\"search_term_string\"}}],\"inLanguage\":\"pt-BR\"},{\"@type\":\"Organization\",\"@id\":\"https:\\\/\\\/blog.saocamilo-sp.br\\\/#organization\",\"name\":\"Blog S\u00e3o Camilo\",\"url\":\"https:\\\/\\\/blog.saocamilo-sp.br\\\/\",\"logo\":{\"@type\":\"ImageObject\",\"inLanguage\":\"pt-BR\",\"@id\":\"https:\\\/\\\/blog.saocamilo-sp.br\\\/#\\\/schema\\\/logo\\\/image\\\/\",\"url\":\"https:\\\/\\\/blog.saocamilo-sp.br\\\/wp-content\\\/uploads\\\/2021\\\/12\\\/cropped-vazio-logo-topo.png\",\"contentUrl\":\"https:\\\/\\\/blog.saocamilo-sp.br\\\/wp-content\\\/uploads\\\/2021\\\/12\\\/cropped-vazio-logo-topo.png\",\"width\":320,\"height\":240,\"caption\":\"Blog S\u00e3o Camilo\"},\"image\":{\"@id\":\"https:\\\/\\\/blog.saocamilo-sp.br\\\/#\\\/schema\\\/logo\\\/image\\\/\"},\"sameAs\":[\"https:\\\/\\\/www.facebook.com\\\/saocamilosp\",\"https:\\\/\\\/x.com\\\/saocamilosp\",\"https:\\\/\\\/www.linkedin.com\\\/school\\\/centro-universit-rio-s-o-camilo\\\/\"]},{\"@type\":\"Person\",\"@id\":\"https:\\\/\\\/blog.saocamilo-sp.br\\\/#\\\/schema\\\/person\\\/2f1abef72dd95b45ae5f8e75003b32a9\",\"name\":\"Giancarlo Bonato\",\"image\":{\"@type\":\"ImageObject\",\"inLanguage\":\"pt-BR\",\"@id\":\"https:\\\/\\\/secure.gravatar.com\\\/avatar\\\/cbed0d57a74836e8481bb4b2ac15163f24841505b47ce8f4d0b58343bcbe6d77?s=96&d=mm&r=g\",\"url\":\"https:\\\/\\\/secure.gravatar.com\\\/avatar\\\/cbed0d57a74836e8481bb4b2ac15163f24841505b47ce8f4d0b58343bcbe6d77?s=96&d=mm&r=g\",\"contentUrl\":\"https:\\\/\\\/secure.gravatar.com\\\/avatar\\\/cbed0d57a74836e8481bb4b2ac15163f24841505b47ce8f4d0b58343bcbe6d77?s=96&d=mm&r=g\",\"caption\":\"Giancarlo Bonato\"},\"url\":\"https:\\\/\\\/blog.saocamilo-sp.br\\\/index.php\\\/author\\\/gbonato\\\/\"}]}<\/script>\n<!-- \/ Yoast SEO plugin. -->","yoast_head_json":{"title":"Desbravando o Futuro: Transforma\u00e7\u00e3o Digital e Tecnologias Emergentes","description":"O VIII Congresso Multiprofissional destaca um tema de extrema relev\u00e2ncia: \"Impactos da Transforma\u00e7\u00e3o Digital e Tecnologias Emergentes\"","robots":{"index":"index","follow":"follow","max-snippet":"max-snippet:-1","max-image-preview":"max-image-preview:large","max-video-preview":"max-video-preview:-1"},"canonical":"https:\/\/blog.saocamilo-sp.br\/index.php\/2023\/09\/22\/desbravando-o-futuro-viii-congresso-multiprofissional-transformacao-digital-e-tecnologias-emergentes\/","og_locale":"pt_BR","og_type":"article","og_title":"Desbravando o Futuro: Transforma\u00e7\u00e3o Digital e Tecnologias Emergentes","og_description":"O VIII Congresso Multiprofissional destaca um tema de extrema relev\u00e2ncia: \"Impactos da Transforma\u00e7\u00e3o Digital e Tecnologias Emergentes\"","og_url":"https:\/\/blog.saocamilo-sp.br\/index.php\/2023\/09\/22\/desbravando-o-futuro-viii-congresso-multiprofissional-transformacao-digital-e-tecnologias-emergentes\/","og_site_name":"Blog S\u00e3o Camilo","article_publisher":"https:\/\/www.facebook.com\/saocamilosp","article_published_time":"2023-09-22T13:03:50+00:00","article_modified_time":"2023-09-22T13:18:24+00:00","og_image":[{"width":2560,"height":1707,"url":"https:\/\/blog.saocamilo-sp.br\/wp-content\/uploads\/2023\/09\/Impactos_da_transformacao_digital-scaled.jpg","type":"image\/jpeg"}],"author":"Giancarlo Bonato","twitter_card":"summary_large_image","twitter_creator":"@saocamilosp","twitter_site":"@saocamilosp","twitter_misc":{"Escrito por":"Giancarlo Bonato","Est. tempo de leitura":"3 minutos"},"schema":{"@context":"https:\/\/schema.org","@graph":[{"@type":"Article","@id":"https:\/\/blog.saocamilo-sp.br\/index.php\/2023\/09\/22\/desbravando-o-futuro-viii-congresso-multiprofissional-transformacao-digital-e-tecnologias-emergentes\/#article","isPartOf":{"@id":"https:\/\/blog.saocamilo-sp.br\/index.php\/2023\/09\/22\/desbravando-o-futuro-viii-congresso-multiprofissional-transformacao-digital-e-tecnologias-emergentes\/"},"author":{"name":"Giancarlo Bonato","@id":"https:\/\/blog.saocamilo-sp.br\/#\/schema\/person\/2f1abef72dd95b45ae5f8e75003b32a9"},"headline":"VIII Congresso Multi &#8211; Transforma\u00e7\u00e3o Digital e Tecnologias Emergentes","datePublished":"2023-09-22T13:03:50+00:00","dateModified":"2023-09-22T13:18:24+00:00","mainEntityOfPage":{"@id":"https:\/\/blog.saocamilo-sp.br\/index.php\/2023\/09\/22\/desbravando-o-futuro-viii-congresso-multiprofissional-transformacao-digital-e-tecnologias-emergentes\/"},"wordCount":403,"commentCount":0,"publisher":{"@id":"https:\/\/blog.saocamilo-sp.br\/#organization"},"image":{"@id":"https:\/\/blog.saocamilo-sp.br\/index.php\/2023\/09\/22\/desbravando-o-futuro-viii-congresso-multiprofissional-transformacao-digital-e-tecnologias-emergentes\/#primaryimage"},"thumbnailUrl":"https:\/\/blog.saocamilo-sp.br\/wp-content\/uploads\/2023\/09\/Impactos_da_transformacao_digital-scaled.jpg","articleSection":["Cursos"],"inLanguage":"pt-BR","potentialAction":[{"@type":"CommentAction","name":"Comment","target":["https:\/\/blog.saocamilo-sp.br\/index.php\/2023\/09\/22\/desbravando-o-futuro-viii-congresso-multiprofissional-transformacao-digital-e-tecnologias-emergentes\/#respond"]}]},{"@type":"WebPage","@id":"https:\/\/blog.saocamilo-sp.br\/index.php\/2023\/09\/22\/desbravando-o-futuro-viii-congresso-multiprofissional-transformacao-digital-e-tecnologias-emergentes\/","url":"https:\/\/blog.saocamilo-sp.br\/index.php\/2023\/09\/22\/desbravando-o-futuro-viii-congresso-multiprofissional-transformacao-digital-e-tecnologias-emergentes\/","name":"Desbravando o Futuro: Transforma\u00e7\u00e3o Digital e Tecnologias Emergentes","isPartOf":{"@id":"https:\/\/blog.saocamilo-sp.br\/#website"},"primaryImageOfPage":{"@id":"https:\/\/blog.saocamilo-sp.br\/index.php\/2023\/09\/22\/desbravando-o-futuro-viii-congresso-multiprofissional-transformacao-digital-e-tecnologias-emergentes\/#primaryimage"},"image":{"@id":"https:\/\/blog.saocamilo-sp.br\/index.php\/2023\/09\/22\/desbravando-o-futuro-viii-congresso-multiprofissional-transformacao-digital-e-tecnologias-emergentes\/#primaryimage"},"thumbnailUrl":"https:\/\/blog.saocamilo-sp.br\/wp-content\/uploads\/2023\/09\/Impactos_da_transformacao_digital-scaled.jpg","datePublished":"2023-09-22T13:03:50+00:00","dateModified":"2023-09-22T13:18:24+00:00","description":"O VIII Congresso Multiprofissional destaca um tema de extrema relev\u00e2ncia: \"Impactos da Transforma\u00e7\u00e3o Digital e Tecnologias Emergentes\"","breadcrumb":{"@id":"https:\/\/blog.saocamilo-sp.br\/index.php\/2023\/09\/22\/desbravando-o-futuro-viii-congresso-multiprofissional-transformacao-digital-e-tecnologias-emergentes\/#breadcrumb"},"inLanguage":"pt-BR","potentialAction":[{"@type":"ReadAction","target":["https:\/\/blog.saocamilo-sp.br\/index.php\/2023\/09\/22\/desbravando-o-futuro-viii-congresso-multiprofissional-transformacao-digital-e-tecnologias-emergentes\/"]}]},{"@type":"ImageObject","inLanguage":"pt-BR","@id":"https:\/\/blog.saocamilo-sp.br\/index.php\/2023\/09\/22\/desbravando-o-futuro-viii-congresso-multiprofissional-transformacao-digital-e-tecnologias-emergentes\/#primaryimage","url":"https:\/\/blog.saocamilo-sp.br\/wp-content\/uploads\/2023\/09\/Impactos_da_transformacao_digital-scaled.jpg","contentUrl":"https:\/\/blog.saocamilo-sp.br\/wp-content\/uploads\/2023\/09\/Impactos_da_transformacao_digital-scaled.jpg","width":2560,"height":1707,"caption":"Imagem com refer\u00eancia a Impactos da transforma\u00e7\u00e3o digital e as tecnologias emergentes tema do congresso multiprofissional"},{"@type":"BreadcrumbList","@id":"https:\/\/blog.saocamilo-sp.br\/index.php\/2023\/09\/22\/desbravando-o-futuro-viii-congresso-multiprofissional-transformacao-digital-e-tecnologias-emergentes\/#breadcrumb","itemListElement":[{"@type":"ListItem","position":1,"name":"In\u00edcio","item":"https:\/\/blog.saocamilo-sp.br\/"},{"@type":"ListItem","position":2,"name":"VIII Congresso Multi &#8211; Transforma\u00e7\u00e3o Digital e Tecnologias Emergentes"}]},{"@type":"WebSite","@id":"https:\/\/blog.saocamilo-sp.br\/#website","url":"https:\/\/blog.saocamilo-sp.br\/","name":"Blog S\u00e3o Camilo","description":"Blog do Centro Universit\u00e1rio S\u00e3o Camilo","publisher":{"@id":"https:\/\/blog.saocamilo-sp.br\/#organization"},"potentialAction":[{"@type":"SearchAction","target":{"@type":"EntryPoint","urlTemplate":"https:\/\/blog.saocamilo-sp.br\/?s={search_term_string}"},"query-input":{"@type":"PropertyValueSpecification","valueRequired":true,"valueName":"search_term_string"}}],"inLanguage":"pt-BR"},{"@type":"Organization","@id":"https:\/\/blog.saocamilo-sp.br\/#organization","name":"Blog S\u00e3o Camilo","url":"https:\/\/blog.saocamilo-sp.br\/","logo":{"@type":"ImageObject","inLanguage":"pt-BR","@id":"https:\/\/blog.saocamilo-sp.br\/#\/schema\/logo\/image\/","url":"https:\/\/blog.saocamilo-sp.br\/wp-content\/uploads\/2021\/12\/cropped-vazio-logo-topo.png","contentUrl":"https:\/\/blog.saocamilo-sp.br\/wp-content\/uploads\/2021\/12\/cropped-vazio-logo-topo.png","width":320,"height":240,"caption":"Blog S\u00e3o Camilo"},"image":{"@id":"https:\/\/blog.saocamilo-sp.br\/#\/schema\/logo\/image\/"},"sameAs":["https:\/\/www.facebook.com\/saocamilosp","https:\/\/x.com\/saocamilosp","https:\/\/www.linkedin.com\/school\/centro-universit-rio-s-o-camilo\/"]},{"@type":"Person","@id":"https:\/\/blog.saocamilo-sp.br\/#\/schema\/person\/2f1abef72dd95b45ae5f8e75003b32a9","name":"Giancarlo Bonato","image":{"@type":"ImageObject","inLanguage":"pt-BR","@id":"https:\/\/secure.gravatar.com\/avatar\/cbed0d57a74836e8481bb4b2ac15163f24841505b47ce8f4d0b58343bcbe6d77?s=96&d=mm&r=g","url":"https:\/\/secure.gravatar.com\/avatar\/cbed0d57a74836e8481bb4b2ac15163f24841505b47ce8f4d0b58343bcbe6d77?s=96&d=mm&r=g","contentUrl":"https:\/\/secure.gravatar.com\/avatar\/cbed0d57a74836e8481bb4b2ac15163f24841505b47ce8f4d0b58343bcbe6d77?s=96&d=mm&r=g","caption":"Giancarlo Bonato"},"url":"https:\/\/blog.saocamilo-sp.br\/index.php\/author\/gbonato\/"}]}},"_links":{"self":[{"href":"https:\/\/blog.saocamilo-sp.br\/index.php\/wp-json\/wp\/v2\/posts\/1688","targetHints":{"allow":["GET"]}}],"collection":[{"href":"https:\/\/blog.saocamilo-sp.br\/index.php\/wp-json\/wp\/v2\/posts"}],"about":[{"href":"https:\/\/blog.saocamilo-sp.br\/index.php\/wp-json\/wp\/v2\/types\/post"}],"author":[{"embeddable":true,"href":"https:\/\/blog.saocamilo-sp.br\/index.php\/wp-json\/wp\/v2\/users\/5"}],"replies":[{"embeddable":true,"href":"https:\/\/blog.saocamilo-sp.br\/index.php\/wp-json\/wp\/v2\/comments?post=1688"}],"version-history":[{"count":16,"href":"https:\/\/blog.saocamilo-sp.br\/index.php\/wp-json\/wp\/v2\/posts\/1688\/revisions"}],"predecessor-version":[{"id":1730,"href":"https:\/\/blog.saocamilo-sp.br\/index.php\/wp-json\/wp\/v2\/posts\/1688\/revisions\/1730"}],"wp:featuredmedia":[{"embeddable":true,"href":"https:\/\/blog.saocamilo-sp.br\/index.php\/wp-json\/wp\/v2\/media\/1710"}],"wp:attachment":[{"href":"https:\/\/blog.saocamilo-sp.br\/index.php\/wp-json\/wp\/v2\/media?parent=1688"}],"wp:term":[{"taxonomy":"category","embeddable":true,"href":"https:\/\/blog.saocamilo-sp.br\/index.php\/wp-json\/wp\/v2\/categories?post=1688"},{"taxonomy":"post_tag","embeddable":true,"href":"https:\/\/blog.saocamilo-sp.br\/index.php\/wp-json\/wp\/v2\/tags?post=1688"}],"curies":[{"name":"wp","href":"https:\/\/api.w.org\/{rel}","templated":true}]}}