{"id":1732,"date":"2023-09-29T09:00:00","date_gmt":"2023-09-29T12:00:00","guid":{"rendered":"https:\/\/blog.saocamilo-sp.br\/?p=1732"},"modified":"2023-09-28T17:20:26","modified_gmt":"2023-09-28T20:20:26","slug":"cuide-do-seu-coracao-dia-mundial-do-coracao-e-a-importancia-do-acls","status":"publish","type":"post","link":"https:\/\/blog.saocamilo-sp.br\/index.php\/2023\/09\/29\/cuide-do-seu-coracao-dia-mundial-do-coracao-e-a-importancia-do-acls\/","title":{"rendered":"Cuide do Seu Cora\u00e7\u00e3o: Dia Mundial do Cora\u00e7\u00e3o e a Import\u00e2ncia do ACLS"},"content":{"rendered":"\n<p><br><mark style=\"background-color:rgba(0, 0, 0, 0)\" class=\"has-inline-color has-dark-gray-color\"><em>Um Cora\u00e7\u00e3o Saud\u00e1vel \u00e9 a Chave para uma Vida Longa<\/em><\/mark><\/p>\n\n\n\n<p>No Dia Mundial do Cora\u00e7\u00e3o, \u00e9 fundamental lembrar da import\u00e2ncia em manter nosso<br>cora\u00e7\u00e3o saud\u00e1vel. Al\u00e9m disso, o cora\u00e7\u00e3o \u00e9 o motor do nosso corpo, e seu bom<br>funcionamento impacta diretamente em nossa qualidade de vida.<\/p>\n\n\n\n<h3 class=\"wp-block-heading\">A Import\u00e2ncia do Dia Mundial do Cora\u00e7\u00e3o<\/h3>\n\n\n\n<p><br>O Dia Mundial do Cora\u00e7\u00e3o \u00e9 uma data especial que nos convida a refletirmos sobre os<br>cuidados que devemos ter com esse \u00f3rg\u00e3o vital. Nesse sentido, doen\u00e7as<br>cardiovasculares s\u00e3o uma das principais causas de morte no mundo.<\/p>\n\n\n\n<h3 class=\"wp-block-heading\">Preven\u00e7\u00e3o: O Primeiro Passo para um Cora\u00e7\u00e3o Saud\u00e1vel<\/h3>\n\n\n\n<p><br>A preven\u00e7\u00e3o \u00e9 a melhor arma contra doen\u00e7as do cora\u00e7\u00e3o. Portanto, adotar um estilo de<br>vida saud\u00e1vel, como uma alimenta\u00e7\u00e3o balanceada e a pr\u00e1tica regular de exerc\u00edcio<br>f\u00edsicos, pode reduzir significativamente os riscos.<\/p>\n\n\n\n<h3 class=\"wp-block-heading\">ACLS: Um Aliado na Preserva\u00e7\u00e3o de Vidas<\/h3>\n\n\n\n<p><br>Por\u00e9m, mesmo com todos os cuidados, \u00e0s vezes o inesperado acontece. \u00c9 a\u00ed que entra o<br>ACLS (Suporte Avan\u00e7ado de Vida em Cardiologia). De fato, essa t\u00e9cnica salva<br>vidas, treinando profissionais da sa\u00fade para agir com efici\u00eancia em situa\u00e7\u00f5es de<br>emerg\u00eancia card\u00edaca.<br><\/p>\n\n\n\n<h3 class=\"wp-block-heading\">Conhe\u00e7a o Curso ACLS<\/h3>\n\n\n\n<p><br>O Curso ACLS \u00e9 uma oportunidade \u00fanica para aprender habilidades cruciais na<br>preserva\u00e7\u00e3o de vidas. Em outras palavras, ele capacita profissionais da sa\u00fade a<br>reconhecer e tratar emerg\u00eancias card\u00edacas de forma r\u00e1pida e eficaz.<br>Invista na Sua Capacita\u00e7\u00e3o<br>Em resumo, no Dia Mundial do Cora\u00e7\u00e3o, lembre-se de cuidar desse \u00f3rg\u00e3o vital e de se<br>preparar para agir em situa\u00e7\u00f5es de emerg\u00eancia. Afinal, invista em sua capacita\u00e7\u00e3o com<br>o <a href=\"https:\/\/saocamilo-sp.br\/extensao\/cursos\/suporte_avancado_vida\" target=\"_blank\" rel=\"noreferrer noopener\">Curso ACLS<\/a> no Centro Universit\u00e1rio S\u00e3o Camilo onde voc\u00ea realizar\u00e1 no Centro de<br>Simula\u00e7\u00e3o Real\u00edstica e tenha um ensino de qualidade com tecnologia de ponta, fa\u00e7a a<br>diferen\u00e7a quando mais importa: salvando vidas. Certamente, seu cora\u00e7\u00e3o agradece<\/p>\n\n\n\n<p>Veja tamb\u00e9m:<\/p>\n\n\n\n<p><a href=\"https:\/\/blog.saocamilo-sp.br\/index.php\/2021\/12\/21\/o-que-se-estuda-no-curso-de-psicologia\/\" target=\"_blank\" rel=\"noreferrer noopener\">O que estuda no curso de psicologia?<\/a><\/p>\n\n\n\n<p><a href=\"https:\/\/blog.saocamilo-sp.br\/index.php\/2023\/07\/08\/estudo-anatomia-pecas-naturais\/\">Descobrindo a Import\u00e2ncia do Estudo de Anatomia com Pe\u00e7as Naturais&nbsp;<\/a><\/p>\n\n\n\n<p><a href=\"https:\/\/blog.saocamilo-sp.br\/index.php\/2023\/06\/29\/motivos-para-turbinar-a-sua-carreira-com-a-capacitacao-esg\/\">Conhe\u00e7a quatro motivos para turbinar a sua carreira com a capacita\u00e7\u00e3o ESG&nbsp;<\/a><\/p>\n\n\n\n<p>Saiba mais sobre nossos cursos:<\/p>\n\n\n\n<iframe loading=\"lazy\" src=\"https:\/\/saocamilo.apprbs.com.br\/tenho-interesse-blog\" height=\"530px\" width=\"100%\" frameborder=\"0\"><\/iframe>\n\n\n\n<p>Compartilhe em:<\/p>\n","protected":false},"excerpt":{"rendered":"<p>No Dia Mundial do Cora\u00e7\u00e3o, \u00e9 fundamental lembrar da import\u00e2ncia em manter nosso<br \/>\ncora\u00e7\u00e3o saud\u00e1vel.<\/p>\n","protected":false},"author":4,"featured_media":1741,"comment_status":"open","ping_status":"open","sticky":false,"template":"","format":"standard","meta":{"cybocfi_hide_featured_image":"","footnotes":""},"categories":[1],"tags":[],"class_list":["post-1732","post","type-post","status-publish","format-standard","has-post-thumbnail","hentry","category-cursos"],"yoast_head":"<!-- This site is optimized with the Yoast SEO plugin v27.5 - https:\/\/yoast.com\/product\/yoast-seo-wordpress\/ -->\n<title>Cuide do Seu Cora\u00e7\u00e3o: Dia Mundial do Cora\u00e7\u00e3o e a Import\u00e2ncia do ACLS - Blog S\u00e3o Camilo<\/title>\n<meta name=\"description\" content=\"No Dia Mundial do Cora\u00e7\u00e3o, \u00e9 fundamental lembrar da import\u00e2ncia em manter nosso cora\u00e7\u00e3o saud\u00e1vel. Al\u00e9m disso, o cora\u00e7\u00e3o \u00e9 o motor do nosso...\" \/>\n<meta name=\"robots\" content=\"index, follow, max-snippet:-1, max-image-preview:large, max-video-preview:-1\" \/>\n<link rel=\"canonical\" href=\"https:\/\/blog.saocamilo-sp.br\/index.php\/2023\/09\/29\/cuide-do-seu-coracao-dia-mundial-do-coracao-e-a-importancia-do-acls\/\" \/>\n<meta property=\"og:locale\" content=\"pt_BR\" \/>\n<meta property=\"og:type\" content=\"article\" \/>\n<meta property=\"og:title\" content=\"Cuide do Seu Cora\u00e7\u00e3o: Dia Mundial do Cora\u00e7\u00e3o e a Import\u00e2ncia do ACLS - Blog S\u00e3o Camilo\" \/>\n<meta property=\"og:description\" content=\"No Dia Mundial do Cora\u00e7\u00e3o, \u00e9 fundamental lembrar da import\u00e2ncia em manter nosso cora\u00e7\u00e3o saud\u00e1vel. Al\u00e9m disso, o cora\u00e7\u00e3o \u00e9 o motor do nosso...\" \/>\n<meta property=\"og:url\" content=\"https:\/\/blog.saocamilo-sp.br\/index.php\/2023\/09\/29\/cuide-do-seu-coracao-dia-mundial-do-coracao-e-a-importancia-do-acls\/\" \/>\n<meta property=\"og:site_name\" content=\"Blog S\u00e3o Camilo\" \/>\n<meta property=\"article:publisher\" content=\"https:\/\/www.facebook.com\/saocamilosp\" \/>\n<meta property=\"article:published_time\" content=\"2023-09-29T12:00:00+00:00\" \/>\n<meta property=\"og:image\" content=\"https:\/\/blog.saocamilo-sp.br\/wp-content\/uploads\/2023\/09\/MicrosoftTeams-image-119.jpg\" \/>\n\t<meta property=\"og:image:width\" content=\"768\" \/>\n\t<meta property=\"og:image:height\" content=\"518\" \/>\n\t<meta property=\"og:image:type\" content=\"image\/jpeg\" \/>\n<meta name=\"author\" content=\"Lucas Soares Gon\u00e7alves\" \/>\n<meta name=\"twitter:card\" content=\"summary_large_image\" \/>\n<meta name=\"twitter:creator\" content=\"@saocamilosp\" \/>\n<meta name=\"twitter:site\" content=\"@saocamilosp\" \/>\n<meta name=\"twitter:label1\" content=\"Escrito por\" \/>\n\t<meta name=\"twitter:data1\" content=\"Lucas Soares Gon\u00e7alves\" \/>\n\t<meta name=\"twitter:label2\" content=\"Est. tempo de leitura\" \/>\n\t<meta name=\"twitter:data2\" content=\"2 minutos\" \/>\n<script type=\"application\/ld+json\" class=\"yoast-schema-graph\">{\"@context\":\"https:\\\/\\\/schema.org\",\"@graph\":[{\"@type\":\"Article\",\"@id\":\"https:\\\/\\\/blog.saocamilo-sp.br\\\/index.php\\\/2023\\\/09\\\/29\\\/cuide-do-seu-coracao-dia-mundial-do-coracao-e-a-importancia-do-acls\\\/#article\",\"isPartOf\":{\"@id\":\"https:\\\/\\\/blog.saocamilo-sp.br\\\/index.php\\\/2023\\\/09\\\/29\\\/cuide-do-seu-coracao-dia-mundial-do-coracao-e-a-importancia-do-acls\\\/\"},\"author\":{\"name\":\"Lucas Soares Gon\u00e7alves\",\"@id\":\"https:\\\/\\\/blog.saocamilo-sp.br\\\/#\\\/schema\\\/person\\\/781135418152912d4b58f2db13a2eaf0\"},\"headline\":\"Cuide do Seu Cora\u00e7\u00e3o: Dia Mundial do Cora\u00e7\u00e3o e a Import\u00e2ncia do ACLS\",\"datePublished\":\"2023-09-29T12:00:00+00:00\",\"mainEntityOfPage\":{\"@id\":\"https:\\\/\\\/blog.saocamilo-sp.br\\\/index.php\\\/2023\\\/09\\\/29\\\/cuide-do-seu-coracao-dia-mundial-do-coracao-e-a-importancia-do-acls\\\/\"},\"wordCount\":380,\"commentCount\":0,\"publisher\":{\"@id\":\"https:\\\/\\\/blog.saocamilo-sp.br\\\/#organization\"},\"image\":{\"@id\":\"https:\\\/\\\/blog.saocamilo-sp.br\\\/index.php\\\/2023\\\/09\\\/29\\\/cuide-do-seu-coracao-dia-mundial-do-coracao-e-a-importancia-do-acls\\\/#primaryimage\"},\"thumbnailUrl\":\"https:\\\/\\\/blog.saocamilo-sp.br\\\/wp-content\\\/uploads\\\/2023\\\/09\\\/MicrosoftTeams-image-119.jpg\",\"articleSection\":[\"Cursos\"],\"inLanguage\":\"pt-BR\",\"potentialAction\":[{\"@type\":\"CommentAction\",\"name\":\"Comment\",\"target\":[\"https:\\\/\\\/blog.saocamilo-sp.br\\\/index.php\\\/2023\\\/09\\\/29\\\/cuide-do-seu-coracao-dia-mundial-do-coracao-e-a-importancia-do-acls\\\/#respond\"]}]},{\"@type\":\"WebPage\",\"@id\":\"https:\\\/\\\/blog.saocamilo-sp.br\\\/index.php\\\/2023\\\/09\\\/29\\\/cuide-do-seu-coracao-dia-mundial-do-coracao-e-a-importancia-do-acls\\\/\",\"url\":\"https:\\\/\\\/blog.saocamilo-sp.br\\\/index.php\\\/2023\\\/09\\\/29\\\/cuide-do-seu-coracao-dia-mundial-do-coracao-e-a-importancia-do-acls\\\/\",\"name\":\"Cuide do Seu Cora\u00e7\u00e3o: Dia Mundial do Cora\u00e7\u00e3o e a Import\u00e2ncia do ACLS - Blog S\u00e3o Camilo\",\"isPartOf\":{\"@id\":\"https:\\\/\\\/blog.saocamilo-sp.br\\\/#website\"},\"primaryImageOfPage\":{\"@id\":\"https:\\\/\\\/blog.saocamilo-sp.br\\\/index.php\\\/2023\\\/09\\\/29\\\/cuide-do-seu-coracao-dia-mundial-do-coracao-e-a-importancia-do-acls\\\/#primaryimage\"},\"image\":{\"@id\":\"https:\\\/\\\/blog.saocamilo-sp.br\\\/index.php\\\/2023\\\/09\\\/29\\\/cuide-do-seu-coracao-dia-mundial-do-coracao-e-a-importancia-do-acls\\\/#primaryimage\"},\"thumbnailUrl\":\"https:\\\/\\\/blog.saocamilo-sp.br\\\/wp-content\\\/uploads\\\/2023\\\/09\\\/MicrosoftTeams-image-119.jpg\",\"datePublished\":\"2023-09-29T12:00:00+00:00\",\"description\":\"No Dia Mundial do Cora\u00e7\u00e3o, \u00e9 fundamental lembrar da import\u00e2ncia em manter nosso cora\u00e7\u00e3o saud\u00e1vel. Al\u00e9m disso, o cora\u00e7\u00e3o \u00e9 o motor do nosso...\",\"breadcrumb\":{\"@id\":\"https:\\\/\\\/blog.saocamilo-sp.br\\\/index.php\\\/2023\\\/09\\\/29\\\/cuide-do-seu-coracao-dia-mundial-do-coracao-e-a-importancia-do-acls\\\/#breadcrumb\"},\"inLanguage\":\"pt-BR\",\"potentialAction\":[{\"@type\":\"ReadAction\",\"target\":[\"https:\\\/\\\/blog.saocamilo-sp.br\\\/index.php\\\/2023\\\/09\\\/29\\\/cuide-do-seu-coracao-dia-mundial-do-coracao-e-a-importancia-do-acls\\\/\"]}]},{\"@type\":\"ImageObject\",\"inLanguage\":\"pt-BR\",\"@id\":\"https:\\\/\\\/blog.saocamilo-sp.br\\\/index.php\\\/2023\\\/09\\\/29\\\/cuide-do-seu-coracao-dia-mundial-do-coracao-e-a-importancia-do-acls\\\/#primaryimage\",\"url\":\"https:\\\/\\\/blog.saocamilo-sp.br\\\/wp-content\\\/uploads\\\/2023\\\/09\\\/MicrosoftTeams-image-119.jpg\",\"contentUrl\":\"https:\\\/\\\/blog.saocamilo-sp.br\\\/wp-content\\\/uploads\\\/2023\\\/09\\\/MicrosoftTeams-image-119.jpg\",\"width\":768,\"height\":518,\"caption\":\"No Dia Mundial do Cora\u00e7\u00e3o, \u00e9 fundamental lembrar da import\u00e2ncia em manter nosso cora\u00e7\u00e3o saud\u00e1vel.\"},{\"@type\":\"BreadcrumbList\",\"@id\":\"https:\\\/\\\/blog.saocamilo-sp.br\\\/index.php\\\/2023\\\/09\\\/29\\\/cuide-do-seu-coracao-dia-mundial-do-coracao-e-a-importancia-do-acls\\\/#breadcrumb\",\"itemListElement\":[{\"@type\":\"ListItem\",\"position\":1,\"name\":\"In\u00edcio\",\"item\":\"https:\\\/\\\/blog.saocamilo-sp.br\\\/\"},{\"@type\":\"ListItem\",\"position\":2,\"name\":\"Cuide do Seu Cora\u00e7\u00e3o: Dia Mundial do Cora\u00e7\u00e3o e a Import\u00e2ncia do ACLS\"}]},{\"@type\":\"WebSite\",\"@id\":\"https:\\\/\\\/blog.saocamilo-sp.br\\\/#website\",\"url\":\"https:\\\/\\\/blog.saocamilo-sp.br\\\/\",\"name\":\"Blog S\u00e3o Camilo\",\"description\":\"Blog do Centro Universit\u00e1rio S\u00e3o Camilo\",\"publisher\":{\"@id\":\"https:\\\/\\\/blog.saocamilo-sp.br\\\/#organization\"},\"potentialAction\":[{\"@type\":\"SearchAction\",\"target\":{\"@type\":\"EntryPoint\",\"urlTemplate\":\"https:\\\/\\\/blog.saocamilo-sp.br\\\/?s={search_term_string}\"},\"query-input\":{\"@type\":\"PropertyValueSpecification\",\"valueRequired\":true,\"valueName\":\"search_term_string\"}}],\"inLanguage\":\"pt-BR\"},{\"@type\":\"Organization\",\"@id\":\"https:\\\/\\\/blog.saocamilo-sp.br\\\/#organization\",\"name\":\"Blog S\u00e3o Camilo\",\"url\":\"https:\\\/\\\/blog.saocamilo-sp.br\\\/\",\"logo\":{\"@type\":\"ImageObject\",\"inLanguage\":\"pt-BR\",\"@id\":\"https:\\\/\\\/blog.saocamilo-sp.br\\\/#\\\/schema\\\/logo\\\/image\\\/\",\"url\":\"https:\\\/\\\/blog.saocamilo-sp.br\\\/wp-content\\\/uploads\\\/2021\\\/12\\\/cropped-vazio-logo-topo.png\",\"contentUrl\":\"https:\\\/\\\/blog.saocamilo-sp.br\\\/wp-content\\\/uploads\\\/2021\\\/12\\\/cropped-vazio-logo-topo.png\",\"width\":320,\"height\":240,\"caption\":\"Blog S\u00e3o Camilo\"},\"image\":{\"@id\":\"https:\\\/\\\/blog.saocamilo-sp.br\\\/#\\\/schema\\\/logo\\\/image\\\/\"},\"sameAs\":[\"https:\\\/\\\/www.facebook.com\\\/saocamilosp\",\"https:\\\/\\\/x.com\\\/saocamilosp\",\"https:\\\/\\\/www.linkedin.com\\\/school\\\/centro-universit-rio-s-o-camilo\\\/\"]},{\"@type\":\"Person\",\"@id\":\"https:\\\/\\\/blog.saocamilo-sp.br\\\/#\\\/schema\\\/person\\\/781135418152912d4b58f2db13a2eaf0\",\"name\":\"Lucas Soares Gon\u00e7alves\",\"image\":{\"@type\":\"ImageObject\",\"inLanguage\":\"pt-BR\",\"@id\":\"https:\\\/\\\/secure.gravatar.com\\\/avatar\\\/bcd2d703cbb48116eaac2cac8643792535238ff30b2d7ce9e16f9254ec9cae83?s=96&d=mm&r=g\",\"url\":\"https:\\\/\\\/secure.gravatar.com\\\/avatar\\\/bcd2d703cbb48116eaac2cac8643792535238ff30b2d7ce9e16f9254ec9cae83?s=96&d=mm&r=g\",\"contentUrl\":\"https:\\\/\\\/secure.gravatar.com\\\/avatar\\\/bcd2d703cbb48116eaac2cac8643792535238ff30b2d7ce9e16f9254ec9cae83?s=96&d=mm&r=g\",\"caption\":\"Lucas Soares Gon\u00e7alves\"},\"url\":\"https:\\\/\\\/blog.saocamilo-sp.br\\\/index.php\\\/author\\\/lucas-soares-goncalves\\\/\"}]}<\/script>\n<!-- \/ Yoast SEO plugin. -->","yoast_head_json":{"title":"Cuide do Seu Cora\u00e7\u00e3o: Dia Mundial do Cora\u00e7\u00e3o e a Import\u00e2ncia do ACLS - Blog S\u00e3o Camilo","description":"No Dia Mundial do Cora\u00e7\u00e3o, \u00e9 fundamental lembrar da import\u00e2ncia em manter nosso cora\u00e7\u00e3o saud\u00e1vel. Al\u00e9m disso, o cora\u00e7\u00e3o \u00e9 o motor do nosso...","robots":{"index":"index","follow":"follow","max-snippet":"max-snippet:-1","max-image-preview":"max-image-preview:large","max-video-preview":"max-video-preview:-1"},"canonical":"https:\/\/blog.saocamilo-sp.br\/index.php\/2023\/09\/29\/cuide-do-seu-coracao-dia-mundial-do-coracao-e-a-importancia-do-acls\/","og_locale":"pt_BR","og_type":"article","og_title":"Cuide do Seu Cora\u00e7\u00e3o: Dia Mundial do Cora\u00e7\u00e3o e a Import\u00e2ncia do ACLS - Blog S\u00e3o Camilo","og_description":"No Dia Mundial do Cora\u00e7\u00e3o, \u00e9 fundamental lembrar da import\u00e2ncia em manter nosso cora\u00e7\u00e3o saud\u00e1vel. Al\u00e9m disso, o cora\u00e7\u00e3o \u00e9 o motor do nosso...","og_url":"https:\/\/blog.saocamilo-sp.br\/index.php\/2023\/09\/29\/cuide-do-seu-coracao-dia-mundial-do-coracao-e-a-importancia-do-acls\/","og_site_name":"Blog S\u00e3o Camilo","article_publisher":"https:\/\/www.facebook.com\/saocamilosp","article_published_time":"2023-09-29T12:00:00+00:00","og_image":[{"width":768,"height":518,"url":"https:\/\/blog.saocamilo-sp.br\/wp-content\/uploads\/2023\/09\/MicrosoftTeams-image-119.jpg","type":"image\/jpeg"}],"author":"Lucas Soares Gon\u00e7alves","twitter_card":"summary_large_image","twitter_creator":"@saocamilosp","twitter_site":"@saocamilosp","twitter_misc":{"Escrito por":"Lucas Soares Gon\u00e7alves","Est. tempo de leitura":"2 minutos"},"schema":{"@context":"https:\/\/schema.org","@graph":[{"@type":"Article","@id":"https:\/\/blog.saocamilo-sp.br\/index.php\/2023\/09\/29\/cuide-do-seu-coracao-dia-mundial-do-coracao-e-a-importancia-do-acls\/#article","isPartOf":{"@id":"https:\/\/blog.saocamilo-sp.br\/index.php\/2023\/09\/29\/cuide-do-seu-coracao-dia-mundial-do-coracao-e-a-importancia-do-acls\/"},"author":{"name":"Lucas Soares Gon\u00e7alves","@id":"https:\/\/blog.saocamilo-sp.br\/#\/schema\/person\/781135418152912d4b58f2db13a2eaf0"},"headline":"Cuide do Seu Cora\u00e7\u00e3o: Dia Mundial do Cora\u00e7\u00e3o e a Import\u00e2ncia do ACLS","datePublished":"2023-09-29T12:00:00+00:00","mainEntityOfPage":{"@id":"https:\/\/blog.saocamilo-sp.br\/index.php\/2023\/09\/29\/cuide-do-seu-coracao-dia-mundial-do-coracao-e-a-importancia-do-acls\/"},"wordCount":380,"commentCount":0,"publisher":{"@id":"https:\/\/blog.saocamilo-sp.br\/#organization"},"image":{"@id":"https:\/\/blog.saocamilo-sp.br\/index.php\/2023\/09\/29\/cuide-do-seu-coracao-dia-mundial-do-coracao-e-a-importancia-do-acls\/#primaryimage"},"thumbnailUrl":"https:\/\/blog.saocamilo-sp.br\/wp-content\/uploads\/2023\/09\/MicrosoftTeams-image-119.jpg","articleSection":["Cursos"],"inLanguage":"pt-BR","potentialAction":[{"@type":"CommentAction","name":"Comment","target":["https:\/\/blog.saocamilo-sp.br\/index.php\/2023\/09\/29\/cuide-do-seu-coracao-dia-mundial-do-coracao-e-a-importancia-do-acls\/#respond"]}]},{"@type":"WebPage","@id":"https:\/\/blog.saocamilo-sp.br\/index.php\/2023\/09\/29\/cuide-do-seu-coracao-dia-mundial-do-coracao-e-a-importancia-do-acls\/","url":"https:\/\/blog.saocamilo-sp.br\/index.php\/2023\/09\/29\/cuide-do-seu-coracao-dia-mundial-do-coracao-e-a-importancia-do-acls\/","name":"Cuide do Seu Cora\u00e7\u00e3o: Dia Mundial do Cora\u00e7\u00e3o e a Import\u00e2ncia do ACLS - Blog S\u00e3o Camilo","isPartOf":{"@id":"https:\/\/blog.saocamilo-sp.br\/#website"},"primaryImageOfPage":{"@id":"https:\/\/blog.saocamilo-sp.br\/index.php\/2023\/09\/29\/cuide-do-seu-coracao-dia-mundial-do-coracao-e-a-importancia-do-acls\/#primaryimage"},"image":{"@id":"https:\/\/blog.saocamilo-sp.br\/index.php\/2023\/09\/29\/cuide-do-seu-coracao-dia-mundial-do-coracao-e-a-importancia-do-acls\/#primaryimage"},"thumbnailUrl":"https:\/\/blog.saocamilo-sp.br\/wp-content\/uploads\/2023\/09\/MicrosoftTeams-image-119.jpg","datePublished":"2023-09-29T12:00:00+00:00","description":"No Dia Mundial do Cora\u00e7\u00e3o, \u00e9 fundamental lembrar da import\u00e2ncia em manter nosso cora\u00e7\u00e3o saud\u00e1vel. Al\u00e9m disso, o cora\u00e7\u00e3o \u00e9 o motor do nosso...","breadcrumb":{"@id":"https:\/\/blog.saocamilo-sp.br\/index.php\/2023\/09\/29\/cuide-do-seu-coracao-dia-mundial-do-coracao-e-a-importancia-do-acls\/#breadcrumb"},"inLanguage":"pt-BR","potentialAction":[{"@type":"ReadAction","target":["https:\/\/blog.saocamilo-sp.br\/index.php\/2023\/09\/29\/cuide-do-seu-coracao-dia-mundial-do-coracao-e-a-importancia-do-acls\/"]}]},{"@type":"ImageObject","inLanguage":"pt-BR","@id":"https:\/\/blog.saocamilo-sp.br\/index.php\/2023\/09\/29\/cuide-do-seu-coracao-dia-mundial-do-coracao-e-a-importancia-do-acls\/#primaryimage","url":"https:\/\/blog.saocamilo-sp.br\/wp-content\/uploads\/2023\/09\/MicrosoftTeams-image-119.jpg","contentUrl":"https:\/\/blog.saocamilo-sp.br\/wp-content\/uploads\/2023\/09\/MicrosoftTeams-image-119.jpg","width":768,"height":518,"caption":"No Dia Mundial do Cora\u00e7\u00e3o, \u00e9 fundamental lembrar da import\u00e2ncia em manter nosso cora\u00e7\u00e3o saud\u00e1vel."},{"@type":"BreadcrumbList","@id":"https:\/\/blog.saocamilo-sp.br\/index.php\/2023\/09\/29\/cuide-do-seu-coracao-dia-mundial-do-coracao-e-a-importancia-do-acls\/#breadcrumb","itemListElement":[{"@type":"ListItem","position":1,"name":"In\u00edcio","item":"https:\/\/blog.saocamilo-sp.br\/"},{"@type":"ListItem","position":2,"name":"Cuide do Seu Cora\u00e7\u00e3o: Dia Mundial do Cora\u00e7\u00e3o e a Import\u00e2ncia do ACLS"}]},{"@type":"WebSite","@id":"https:\/\/blog.saocamilo-sp.br\/#website","url":"https:\/\/blog.saocamilo-sp.br\/","name":"Blog S\u00e3o Camilo","description":"Blog do Centro Universit\u00e1rio S\u00e3o Camilo","publisher":{"@id":"https:\/\/blog.saocamilo-sp.br\/#organization"},"potentialAction":[{"@type":"SearchAction","target":{"@type":"EntryPoint","urlTemplate":"https:\/\/blog.saocamilo-sp.br\/?s={search_term_string}"},"query-input":{"@type":"PropertyValueSpecification","valueRequired":true,"valueName":"search_term_string"}}],"inLanguage":"pt-BR"},{"@type":"Organization","@id":"https:\/\/blog.saocamilo-sp.br\/#organization","name":"Blog S\u00e3o Camilo","url":"https:\/\/blog.saocamilo-sp.br\/","logo":{"@type":"ImageObject","inLanguage":"pt-BR","@id":"https:\/\/blog.saocamilo-sp.br\/#\/schema\/logo\/image\/","url":"https:\/\/blog.saocamilo-sp.br\/wp-content\/uploads\/2021\/12\/cropped-vazio-logo-topo.png","contentUrl":"https:\/\/blog.saocamilo-sp.br\/wp-content\/uploads\/2021\/12\/cropped-vazio-logo-topo.png","width":320,"height":240,"caption":"Blog S\u00e3o Camilo"},"image":{"@id":"https:\/\/blog.saocamilo-sp.br\/#\/schema\/logo\/image\/"},"sameAs":["https:\/\/www.facebook.com\/saocamilosp","https:\/\/x.com\/saocamilosp","https:\/\/www.linkedin.com\/school\/centro-universit-rio-s-o-camilo\/"]},{"@type":"Person","@id":"https:\/\/blog.saocamilo-sp.br\/#\/schema\/person\/781135418152912d4b58f2db13a2eaf0","name":"Lucas Soares Gon\u00e7alves","image":{"@type":"ImageObject","inLanguage":"pt-BR","@id":"https:\/\/secure.gravatar.com\/avatar\/bcd2d703cbb48116eaac2cac8643792535238ff30b2d7ce9e16f9254ec9cae83?s=96&d=mm&r=g","url":"https:\/\/secure.gravatar.com\/avatar\/bcd2d703cbb48116eaac2cac8643792535238ff30b2d7ce9e16f9254ec9cae83?s=96&d=mm&r=g","contentUrl":"https:\/\/secure.gravatar.com\/avatar\/bcd2d703cbb48116eaac2cac8643792535238ff30b2d7ce9e16f9254ec9cae83?s=96&d=mm&r=g","caption":"Lucas Soares Gon\u00e7alves"},"url":"https:\/\/blog.saocamilo-sp.br\/index.php\/author\/lucas-soares-goncalves\/"}]}},"_links":{"self":[{"href":"https:\/\/blog.saocamilo-sp.br\/index.php\/wp-json\/wp\/v2\/posts\/1732","targetHints":{"allow":["GET"]}}],"collection":[{"href":"https:\/\/blog.saocamilo-sp.br\/index.php\/wp-json\/wp\/v2\/posts"}],"about":[{"href":"https:\/\/blog.saocamilo-sp.br\/index.php\/wp-json\/wp\/v2\/types\/post"}],"author":[{"embeddable":true,"href":"https:\/\/blog.saocamilo-sp.br\/index.php\/wp-json\/wp\/v2\/users\/4"}],"replies":[{"embeddable":true,"href":"https:\/\/blog.saocamilo-sp.br\/index.php\/wp-json\/wp\/v2\/comments?post=1732"}],"version-history":[{"count":2,"href":"https:\/\/blog.saocamilo-sp.br\/index.php\/wp-json\/wp\/v2\/posts\/1732\/revisions"}],"predecessor-version":[{"id":1742,"href":"https:\/\/blog.saocamilo-sp.br\/index.php\/wp-json\/wp\/v2\/posts\/1732\/revisions\/1742"}],"wp:featuredmedia":[{"embeddable":true,"href":"https:\/\/blog.saocamilo-sp.br\/index.php\/wp-json\/wp\/v2\/media\/1741"}],"wp:attachment":[{"href":"https:\/\/blog.saocamilo-sp.br\/index.php\/wp-json\/wp\/v2\/media?parent=1732"}],"wp:term":[{"taxonomy":"category","embeddable":true,"href":"https:\/\/blog.saocamilo-sp.br\/index.php\/wp-json\/wp\/v2\/categories?post=1732"},{"taxonomy":"post_tag","embeddable":true,"href":"https:\/\/blog.saocamilo-sp.br\/index.php\/wp-json\/wp\/v2\/tags?post=1732"}],"curies":[{"name":"wp","href":"https:\/\/api.w.org\/{rel}","templated":true}]}}