{"id":1734,"date":"2023-10-02T08:21:33","date_gmt":"2023-10-02T11:21:33","guid":{"rendered":"https:\/\/blog.saocamilo-sp.br\/?p=1734"},"modified":"2023-10-23T16:35:39","modified_gmt":"2023-10-23T19:35:39","slug":"dia-mundial-do-idoso-valorizacao-de-vidas-e-respeito-aos-direitos","status":"publish","type":"post","link":"https:\/\/blog.saocamilo-sp.br\/index.php\/2023\/10\/02\/dia-mundial-do-idoso-valorizacao-de-vidas-e-respeito-aos-direitos\/","title":{"rendered":"<strong>Dia Mundial do Idoso: Valoriza\u00e7\u00e3o de Vidas e Respeito aos Direitos<\/strong>"},"content":{"rendered":"\n<p>No dia 1\u00ba de outubro, celebramos o &#8220;Dia Mundial do Idoso&#8221;. Essa data especial foi institu\u00edda com o nobre prop\u00f3sito de reconhecer e homenagear os idosos em nossa sociedade, destacando a import\u00e2ncia de garantir uma vida digna e de qualidade para essa parcela significativa da popula\u00e7\u00e3o. Al\u00e9m disso, \u00e9 uma oportunidade para lembrar dos direitos dos idosos, reconhecidos pela Assembleia Geral da ONU em 1991, por meio da Resolu\u00e7\u00e3o 46\/91.<\/p>\n\n\n\n<h3 class=\"wp-block-heading\"><strong>A Import\u00e2ncia do Dia Mundial do Idoso:<\/strong><\/h3>\n\n\n\n<p>O reconhecimento da tend\u00eancia global de envelhecimento da popula\u00e7\u00e3o \u00e9 fundamental, pois essa mudan\u00e7a demogr\u00e1fica traz consigo tanto desafios quanto oportunidades. \u00c9 crucial valorizar as valiosas contribui\u00e7\u00f5es dos idosos para a sociedade e assegurar que eles desfrutem de uma vida plena, caracterizada por sa\u00fade e bem-estar. O Dia Mundial do Idoso desempenha um papel essencial como um lembrete impactante de que os idosos merecem cuidado, respeito e aten\u00e7\u00e3o cont\u00ednuos.<\/p>\n\n\n\n<h3 class=\"wp-block-heading\"><strong>Os Direitos dos Idosos Reconhecidos pela ONU:<\/strong><\/h3>\n\n\n\n<p>Em 1991, a Assembleia Geral da ONU aprovou a Resolu\u00e7\u00e3o 46\/91, que estabelece os direitos fundamentais dos idosos. Esses direitos incluem o direito \u00e0 dignidade, ao respeito, \u00e0 igualdade, \u00e0 n\u00e3o discrimina\u00e7\u00e3o, ao cuidado adequado, \u00e0 participa\u00e7\u00e3o social e ao acesso a servi\u00e7os de sa\u00fade de qualidade. O Dia Mundial do Idoso tamb\u00e9m \u00e9 uma oportunidade para lembrar desses direitos e promover a sua efetiva\u00e7\u00e3o em todas as sociedades.<\/p>\n\n\n\n<h3 class=\"wp-block-heading\"><strong>A Tradi\u00e7\u00e3o do Col\u00e9gio S\u00e3o Camilo na Forma\u00e7\u00e3o de Profissionais da Sa\u00fade:<\/strong><\/h3>\n\n\n\n<p>N\u00e3o podemos subestimar a import\u00e2ncia de escolher a institui\u00e7\u00e3o de ensino certa ao buscar qualifica\u00e7\u00e3o em cuidado de idosos. Nesse sentido, o Col\u00e9gio T\u00e9cnico S\u00e3o Camilo destaca-se por sua s\u00f3lida tradi\u00e7\u00e3o na forma\u00e7\u00e3o de profissionais da sa\u00fade. Com d\u00e9cadas de experi\u00eancia e um hist\u00f3rico de excel\u00eancia acad\u00eamica, o Col\u00e9gio S\u00e3o Camilo \u00e9 reconhecido como um centro educacional de destaque, conhecido por capacitar profissionais altamente competentes e \u00e9ticos.<\/p>\n\n\n\n<h3 class=\"wp-block-heading\"><strong>O Compromisso com o Ensino \u00c9tico e Humanizado:<\/strong><\/h3>\n\n\n\n<p>O Curso de Qualifica\u00e7\u00e3o em Cuidador de Idosos oferecido pelo Col\u00e9gio T\u00e9cnico S\u00e3o Camilo n\u00e3o \u00e9 apenas uma oportunidade de aprendizado, mas sim uma experi\u00eancia verdadeiramente transformadora. O diferencial deste curso reside em seu compromisso inabal\u00e1vel com o ensino \u00e9tico e humanizado. Os alunos s\u00e3o preparados n\u00e3o apenas para fornecer assist\u00eancia f\u00edsica, mas tamb\u00e9m para promover o bem-estar emocional e social dos idosos. O foco est\u00e1 em formar profissionais que n\u00e3o apenas atendam \u00e0s necessidades f\u00edsicas, mas que tamb\u00e9m compreendam e respeitem as necessidades emocionais e sociais \u00fanicas dos idosos.<\/p>\n\n\n\n<p>Para obter mais informa\u00e7\u00f5es sobre o curso e como se inscrever, visite o site do Col\u00e9gio T\u00e9cnico S\u00e3o Camilo: <a href=\"https:\/\/saocamilo-sp.br\/tecnicos\/presencial\/qualificacao_cuidado_idosos\">https:\/\/saocamilo-sp.br\/tecnicos\/presencial\/qualificacao_cuidado_idosos<\/a>.<\/p>\n\n\n\n<p>Neste Dia Mundial do Idoso, renovemos nosso compromisso de valorizar e cuidar dos idosos em nossa comunidade, promovendo os direitos estabelecidos pela ONU e tornando o mundo um lugar mais solid\u00e1rio e compassivo para todas as gera\u00e7\u00f5es, com a orienta\u00e7\u00e3o e a tradi\u00e7\u00e3o exemplar do Col\u00e9gio T\u00e9cnico S\u00e3o Camilo como nosso guia.<\/p>\n\n\n\n<p>Veja tamb\u00e9m:<\/p>\n\n\n\n<p><a href=\"https:\/\/blog.saocamilo-sp.br\/index.php\/2021\/12\/21\/o-que-se-estuda-no-curso-de-psicologia\/\" target=\"_blank\" rel=\"noreferrer noopener\">O que estuda no curso de psicologia?<\/a><\/p>\n\n\n\n<p><a href=\"https:\/\/blog.saocamilo-sp.br\/index.php\/2023\/07\/08\/estudo-anatomia-pecas-naturais\/\">Descobrindo a Import\u00e2ncia do Estudo de Anatomia com Pe\u00e7as Naturais&nbsp;<\/a><\/p>\n\n\n\n<p><a href=\"https:\/\/blog.saocamilo-sp.br\/index.php\/2023\/06\/29\/motivos-para-turbinar-a-sua-carreira-com-a-capacitacao-esg\/\">Conhe\u00e7a quatro motivos para turbinar a sua carreira com a capacita\u00e7\u00e3o ESG&nbsp;<\/a><\/p>\n\n\n\n<p>Saiba mais sobre nossos cursos:<\/p>\n\n\n\n<iframe loading=\"lazy\" src=\"https:\/\/saocamilo.apprbs.com.br\/tenho-interesse-blog\" height=\"530px\" width=\"100%\" frameborder=\"0\"><\/iframe>\n\n\n\n<p>Compartilhe em:<\/p>\n","protected":false},"excerpt":{"rendered":"<p>No dia 1\u00ba de outubro, celebramos o &#8220;Dia Mundial do Idoso&#8221;. Essa data especial foi institu\u00edda com o nobre prop\u00f3sito de reconhecer e homenagear os idosos <\/p>\n","protected":false},"author":4,"featured_media":1735,"comment_status":"open","ping_status":"open","sticky":false,"template":"","format":"standard","meta":{"cybocfi_hide_featured_image":"","footnotes":""},"categories":[1,26],"tags":[72,17],"class_list":["post-1734","post","type-post","status-publish","format-standard","has-post-thumbnail","hentry","category-cursos","category-enfermagem","tag-internacional","tag-saude"],"yoast_head":"<!-- This site is optimized with the Yoast SEO plugin v27.5 - https:\/\/yoast.com\/product\/yoast-seo-wordpress\/ -->\n<title>Dia Mundial do Idoso: Valoriza\u00e7\u00e3o de Vidas e Respeito aos Direitos - Blog S\u00e3o Camilo<\/title>\n<meta name=\"description\" content=\"No dia 1\u00ba de outubro, celebramos o &quot;Dia Mundial do Idoso&quot;. Essa data especial foi institu\u00edda com o nobre prop\u00f3sito de reconhecer e...\" \/>\n<meta name=\"robots\" content=\"index, follow, max-snippet:-1, max-image-preview:large, max-video-preview:-1\" \/>\n<link rel=\"canonical\" href=\"https:\/\/blog.saocamilo-sp.br\/index.php\/2023\/10\/02\/dia-mundial-do-idoso-valorizacao-de-vidas-e-respeito-aos-direitos\/\" \/>\n<meta property=\"og:locale\" content=\"pt_BR\" \/>\n<meta property=\"og:type\" content=\"article\" \/>\n<meta property=\"og:title\" content=\"Dia Mundial do Idoso: Valoriza\u00e7\u00e3o de Vidas e Respeito aos Direitos - Blog S\u00e3o Camilo\" \/>\n<meta property=\"og:description\" content=\"No dia 1\u00ba de outubro, celebramos o &quot;Dia Mundial do Idoso&quot;. Essa data especial foi institu\u00edda com o nobre prop\u00f3sito de reconhecer e...\" \/>\n<meta property=\"og:url\" content=\"https:\/\/blog.saocamilo-sp.br\/index.php\/2023\/10\/02\/dia-mundial-do-idoso-valorizacao-de-vidas-e-respeito-aos-direitos\/\" \/>\n<meta property=\"og:site_name\" content=\"Blog S\u00e3o Camilo\" \/>\n<meta property=\"article:publisher\" content=\"https:\/\/www.facebook.com\/saocamilosp\" \/>\n<meta property=\"article:published_time\" content=\"2023-10-02T11:21:33+00:00\" \/>\n<meta property=\"article:modified_time\" content=\"2023-10-23T19:35:39+00:00\" \/>\n<meta property=\"og:image\" content=\"https:\/\/blog.saocamilo-sp.br\/wp-content\/uploads\/2023\/09\/Topo-Blog-Dia-do-Idoso.jpg\" \/>\n\t<meta property=\"og:image:width\" content=\"769\" \/>\n\t<meta property=\"og:image:height\" content=\"519\" \/>\n\t<meta property=\"og:image:type\" content=\"image\/jpeg\" \/>\n<meta name=\"author\" content=\"Lucas Soares Gon\u00e7alves\" \/>\n<meta name=\"twitter:card\" content=\"summary_large_image\" \/>\n<meta name=\"twitter:creator\" content=\"@saocamilosp\" \/>\n<meta name=\"twitter:site\" content=\"@saocamilosp\" \/>\n<meta name=\"twitter:label1\" content=\"Escrito por\" \/>\n\t<meta name=\"twitter:data1\" content=\"Lucas Soares Gon\u00e7alves\" \/>\n\t<meta name=\"twitter:label2\" content=\"Est. tempo de leitura\" \/>\n\t<meta name=\"twitter:data2\" content=\"3 minutos\" \/>\n<script type=\"application\/ld+json\" class=\"yoast-schema-graph\">{\"@context\":\"https:\\\/\\\/schema.org\",\"@graph\":[{\"@type\":\"Article\",\"@id\":\"https:\\\/\\\/blog.saocamilo-sp.br\\\/index.php\\\/2023\\\/10\\\/02\\\/dia-mundial-do-idoso-valorizacao-de-vidas-e-respeito-aos-direitos\\\/#article\",\"isPartOf\":{\"@id\":\"https:\\\/\\\/blog.saocamilo-sp.br\\\/index.php\\\/2023\\\/10\\\/02\\\/dia-mundial-do-idoso-valorizacao-de-vidas-e-respeito-aos-direitos\\\/\"},\"author\":{\"name\":\"Lucas Soares Gon\u00e7alves\",\"@id\":\"https:\\\/\\\/blog.saocamilo-sp.br\\\/#\\\/schema\\\/person\\\/781135418152912d4b58f2db13a2eaf0\"},\"headline\":\"Dia Mundial do Idoso: Valoriza\u00e7\u00e3o de Vidas e Respeito aos Direitos\",\"datePublished\":\"2023-10-02T11:21:33+00:00\",\"dateModified\":\"2023-10-23T19:35:39+00:00\",\"mainEntityOfPage\":{\"@id\":\"https:\\\/\\\/blog.saocamilo-sp.br\\\/index.php\\\/2023\\\/10\\\/02\\\/dia-mundial-do-idoso-valorizacao-de-vidas-e-respeito-aos-direitos\\\/\"},\"wordCount\":592,\"commentCount\":0,\"publisher\":{\"@id\":\"https:\\\/\\\/blog.saocamilo-sp.br\\\/#organization\"},\"image\":{\"@id\":\"https:\\\/\\\/blog.saocamilo-sp.br\\\/index.php\\\/2023\\\/10\\\/02\\\/dia-mundial-do-idoso-valorizacao-de-vidas-e-respeito-aos-direitos\\\/#primaryimage\"},\"thumbnailUrl\":\"https:\\\/\\\/blog.saocamilo-sp.br\\\/wp-content\\\/uploads\\\/2023\\\/09\\\/Topo-Blog-Dia-do-Idoso.jpg\",\"keywords\":[\"internacional\",\"Sa\u00fade\"],\"articleSection\":[\"Cursos\",\"Enfermagem\"],\"inLanguage\":\"pt-BR\",\"potentialAction\":[{\"@type\":\"CommentAction\",\"name\":\"Comment\",\"target\":[\"https:\\\/\\\/blog.saocamilo-sp.br\\\/index.php\\\/2023\\\/10\\\/02\\\/dia-mundial-do-idoso-valorizacao-de-vidas-e-respeito-aos-direitos\\\/#respond\"]}]},{\"@type\":\"WebPage\",\"@id\":\"https:\\\/\\\/blog.saocamilo-sp.br\\\/index.php\\\/2023\\\/10\\\/02\\\/dia-mundial-do-idoso-valorizacao-de-vidas-e-respeito-aos-direitos\\\/\",\"url\":\"https:\\\/\\\/blog.saocamilo-sp.br\\\/index.php\\\/2023\\\/10\\\/02\\\/dia-mundial-do-idoso-valorizacao-de-vidas-e-respeito-aos-direitos\\\/\",\"name\":\"Dia Mundial do Idoso: Valoriza\u00e7\u00e3o de Vidas e Respeito aos Direitos - Blog S\u00e3o Camilo\",\"isPartOf\":{\"@id\":\"https:\\\/\\\/blog.saocamilo-sp.br\\\/#website\"},\"primaryImageOfPage\":{\"@id\":\"https:\\\/\\\/blog.saocamilo-sp.br\\\/index.php\\\/2023\\\/10\\\/02\\\/dia-mundial-do-idoso-valorizacao-de-vidas-e-respeito-aos-direitos\\\/#primaryimage\"},\"image\":{\"@id\":\"https:\\\/\\\/blog.saocamilo-sp.br\\\/index.php\\\/2023\\\/10\\\/02\\\/dia-mundial-do-idoso-valorizacao-de-vidas-e-respeito-aos-direitos\\\/#primaryimage\"},\"thumbnailUrl\":\"https:\\\/\\\/blog.saocamilo-sp.br\\\/wp-content\\\/uploads\\\/2023\\\/09\\\/Topo-Blog-Dia-do-Idoso.jpg\",\"datePublished\":\"2023-10-02T11:21:33+00:00\",\"dateModified\":\"2023-10-23T19:35:39+00:00\",\"description\":\"No dia 1\u00ba de outubro, celebramos o \\\"Dia Mundial do Idoso\\\". Essa data especial foi institu\u00edda com o nobre prop\u00f3sito de reconhecer e...\",\"breadcrumb\":{\"@id\":\"https:\\\/\\\/blog.saocamilo-sp.br\\\/index.php\\\/2023\\\/10\\\/02\\\/dia-mundial-do-idoso-valorizacao-de-vidas-e-respeito-aos-direitos\\\/#breadcrumb\"},\"inLanguage\":\"pt-BR\",\"potentialAction\":[{\"@type\":\"ReadAction\",\"target\":[\"https:\\\/\\\/blog.saocamilo-sp.br\\\/index.php\\\/2023\\\/10\\\/02\\\/dia-mundial-do-idoso-valorizacao-de-vidas-e-respeito-aos-direitos\\\/\"]}]},{\"@type\":\"ImageObject\",\"inLanguage\":\"pt-BR\",\"@id\":\"https:\\\/\\\/blog.saocamilo-sp.br\\\/index.php\\\/2023\\\/10\\\/02\\\/dia-mundial-do-idoso-valorizacao-de-vidas-e-respeito-aos-direitos\\\/#primaryimage\",\"url\":\"https:\\\/\\\/blog.saocamilo-sp.br\\\/wp-content\\\/uploads\\\/2023\\\/09\\\/Topo-Blog-Dia-do-Idoso.jpg\",\"contentUrl\":\"https:\\\/\\\/blog.saocamilo-sp.br\\\/wp-content\\\/uploads\\\/2023\\\/09\\\/Topo-Blog-Dia-do-Idoso.jpg\",\"width\":769,\"height\":519},{\"@type\":\"BreadcrumbList\",\"@id\":\"https:\\\/\\\/blog.saocamilo-sp.br\\\/index.php\\\/2023\\\/10\\\/02\\\/dia-mundial-do-idoso-valorizacao-de-vidas-e-respeito-aos-direitos\\\/#breadcrumb\",\"itemListElement\":[{\"@type\":\"ListItem\",\"position\":1,\"name\":\"In\u00edcio\",\"item\":\"https:\\\/\\\/blog.saocamilo-sp.br\\\/\"},{\"@type\":\"ListItem\",\"position\":2,\"name\":\"Dia Mundial do Idoso: Valoriza\u00e7\u00e3o de Vidas e Respeito aos Direitos\"}]},{\"@type\":\"WebSite\",\"@id\":\"https:\\\/\\\/blog.saocamilo-sp.br\\\/#website\",\"url\":\"https:\\\/\\\/blog.saocamilo-sp.br\\\/\",\"name\":\"Blog S\u00e3o Camilo\",\"description\":\"Blog do Centro Universit\u00e1rio S\u00e3o Camilo\",\"publisher\":{\"@id\":\"https:\\\/\\\/blog.saocamilo-sp.br\\\/#organization\"},\"potentialAction\":[{\"@type\":\"SearchAction\",\"target\":{\"@type\":\"EntryPoint\",\"urlTemplate\":\"https:\\\/\\\/blog.saocamilo-sp.br\\\/?s={search_term_string}\"},\"query-input\":{\"@type\":\"PropertyValueSpecification\",\"valueRequired\":true,\"valueName\":\"search_term_string\"}}],\"inLanguage\":\"pt-BR\"},{\"@type\":\"Organization\",\"@id\":\"https:\\\/\\\/blog.saocamilo-sp.br\\\/#organization\",\"name\":\"Blog S\u00e3o Camilo\",\"url\":\"https:\\\/\\\/blog.saocamilo-sp.br\\\/\",\"logo\":{\"@type\":\"ImageObject\",\"inLanguage\":\"pt-BR\",\"@id\":\"https:\\\/\\\/blog.saocamilo-sp.br\\\/#\\\/schema\\\/logo\\\/image\\\/\",\"url\":\"https:\\\/\\\/blog.saocamilo-sp.br\\\/wp-content\\\/uploads\\\/2021\\\/12\\\/cropped-vazio-logo-topo.png\",\"contentUrl\":\"https:\\\/\\\/blog.saocamilo-sp.br\\\/wp-content\\\/uploads\\\/2021\\\/12\\\/cropped-vazio-logo-topo.png\",\"width\":320,\"height\":240,\"caption\":\"Blog S\u00e3o Camilo\"},\"image\":{\"@id\":\"https:\\\/\\\/blog.saocamilo-sp.br\\\/#\\\/schema\\\/logo\\\/image\\\/\"},\"sameAs\":[\"https:\\\/\\\/www.facebook.com\\\/saocamilosp\",\"https:\\\/\\\/x.com\\\/saocamilosp\",\"https:\\\/\\\/www.linkedin.com\\\/school\\\/centro-universit-rio-s-o-camilo\\\/\"]},{\"@type\":\"Person\",\"@id\":\"https:\\\/\\\/blog.saocamilo-sp.br\\\/#\\\/schema\\\/person\\\/781135418152912d4b58f2db13a2eaf0\",\"name\":\"Lucas Soares Gon\u00e7alves\",\"image\":{\"@type\":\"ImageObject\",\"inLanguage\":\"pt-BR\",\"@id\":\"https:\\\/\\\/secure.gravatar.com\\\/avatar\\\/bcd2d703cbb48116eaac2cac8643792535238ff30b2d7ce9e16f9254ec9cae83?s=96&d=mm&r=g\",\"url\":\"https:\\\/\\\/secure.gravatar.com\\\/avatar\\\/bcd2d703cbb48116eaac2cac8643792535238ff30b2d7ce9e16f9254ec9cae83?s=96&d=mm&r=g\",\"contentUrl\":\"https:\\\/\\\/secure.gravatar.com\\\/avatar\\\/bcd2d703cbb48116eaac2cac8643792535238ff30b2d7ce9e16f9254ec9cae83?s=96&d=mm&r=g\",\"caption\":\"Lucas Soares Gon\u00e7alves\"},\"url\":\"https:\\\/\\\/blog.saocamilo-sp.br\\\/index.php\\\/author\\\/lucas-soares-goncalves\\\/\"}]}<\/script>\n<!-- \/ Yoast SEO plugin. -->","yoast_head_json":{"title":"Dia Mundial do Idoso: Valoriza\u00e7\u00e3o de Vidas e Respeito aos Direitos - Blog S\u00e3o Camilo","description":"No dia 1\u00ba de outubro, celebramos o \"Dia Mundial do Idoso\". Essa data especial foi institu\u00edda com o nobre prop\u00f3sito de reconhecer e...","robots":{"index":"index","follow":"follow","max-snippet":"max-snippet:-1","max-image-preview":"max-image-preview:large","max-video-preview":"max-video-preview:-1"},"canonical":"https:\/\/blog.saocamilo-sp.br\/index.php\/2023\/10\/02\/dia-mundial-do-idoso-valorizacao-de-vidas-e-respeito-aos-direitos\/","og_locale":"pt_BR","og_type":"article","og_title":"Dia Mundial do Idoso: Valoriza\u00e7\u00e3o de Vidas e Respeito aos Direitos - Blog S\u00e3o Camilo","og_description":"No dia 1\u00ba de outubro, celebramos o \"Dia Mundial do Idoso\". Essa data especial foi institu\u00edda com o nobre prop\u00f3sito de reconhecer e...","og_url":"https:\/\/blog.saocamilo-sp.br\/index.php\/2023\/10\/02\/dia-mundial-do-idoso-valorizacao-de-vidas-e-respeito-aos-direitos\/","og_site_name":"Blog S\u00e3o Camilo","article_publisher":"https:\/\/www.facebook.com\/saocamilosp","article_published_time":"2023-10-02T11:21:33+00:00","article_modified_time":"2023-10-23T19:35:39+00:00","og_image":[{"width":769,"height":519,"url":"https:\/\/blog.saocamilo-sp.br\/wp-content\/uploads\/2023\/09\/Topo-Blog-Dia-do-Idoso.jpg","type":"image\/jpeg"}],"author":"Lucas Soares Gon\u00e7alves","twitter_card":"summary_large_image","twitter_creator":"@saocamilosp","twitter_site":"@saocamilosp","twitter_misc":{"Escrito por":"Lucas Soares Gon\u00e7alves","Est. tempo de leitura":"3 minutos"},"schema":{"@context":"https:\/\/schema.org","@graph":[{"@type":"Article","@id":"https:\/\/blog.saocamilo-sp.br\/index.php\/2023\/10\/02\/dia-mundial-do-idoso-valorizacao-de-vidas-e-respeito-aos-direitos\/#article","isPartOf":{"@id":"https:\/\/blog.saocamilo-sp.br\/index.php\/2023\/10\/02\/dia-mundial-do-idoso-valorizacao-de-vidas-e-respeito-aos-direitos\/"},"author":{"name":"Lucas Soares Gon\u00e7alves","@id":"https:\/\/blog.saocamilo-sp.br\/#\/schema\/person\/781135418152912d4b58f2db13a2eaf0"},"headline":"Dia Mundial do Idoso: Valoriza\u00e7\u00e3o de Vidas e Respeito aos Direitos","datePublished":"2023-10-02T11:21:33+00:00","dateModified":"2023-10-23T19:35:39+00:00","mainEntityOfPage":{"@id":"https:\/\/blog.saocamilo-sp.br\/index.php\/2023\/10\/02\/dia-mundial-do-idoso-valorizacao-de-vidas-e-respeito-aos-direitos\/"},"wordCount":592,"commentCount":0,"publisher":{"@id":"https:\/\/blog.saocamilo-sp.br\/#organization"},"image":{"@id":"https:\/\/blog.saocamilo-sp.br\/index.php\/2023\/10\/02\/dia-mundial-do-idoso-valorizacao-de-vidas-e-respeito-aos-direitos\/#primaryimage"},"thumbnailUrl":"https:\/\/blog.saocamilo-sp.br\/wp-content\/uploads\/2023\/09\/Topo-Blog-Dia-do-Idoso.jpg","keywords":["internacional","Sa\u00fade"],"articleSection":["Cursos","Enfermagem"],"inLanguage":"pt-BR","potentialAction":[{"@type":"CommentAction","name":"Comment","target":["https:\/\/blog.saocamilo-sp.br\/index.php\/2023\/10\/02\/dia-mundial-do-idoso-valorizacao-de-vidas-e-respeito-aos-direitos\/#respond"]}]},{"@type":"WebPage","@id":"https:\/\/blog.saocamilo-sp.br\/index.php\/2023\/10\/02\/dia-mundial-do-idoso-valorizacao-de-vidas-e-respeito-aos-direitos\/","url":"https:\/\/blog.saocamilo-sp.br\/index.php\/2023\/10\/02\/dia-mundial-do-idoso-valorizacao-de-vidas-e-respeito-aos-direitos\/","name":"Dia Mundial do Idoso: Valoriza\u00e7\u00e3o de Vidas e Respeito aos Direitos - Blog S\u00e3o Camilo","isPartOf":{"@id":"https:\/\/blog.saocamilo-sp.br\/#website"},"primaryImageOfPage":{"@id":"https:\/\/blog.saocamilo-sp.br\/index.php\/2023\/10\/02\/dia-mundial-do-idoso-valorizacao-de-vidas-e-respeito-aos-direitos\/#primaryimage"},"image":{"@id":"https:\/\/blog.saocamilo-sp.br\/index.php\/2023\/10\/02\/dia-mundial-do-idoso-valorizacao-de-vidas-e-respeito-aos-direitos\/#primaryimage"},"thumbnailUrl":"https:\/\/blog.saocamilo-sp.br\/wp-content\/uploads\/2023\/09\/Topo-Blog-Dia-do-Idoso.jpg","datePublished":"2023-10-02T11:21:33+00:00","dateModified":"2023-10-23T19:35:39+00:00","description":"No dia 1\u00ba de outubro, celebramos o \"Dia Mundial do Idoso\". Essa data especial foi institu\u00edda com o nobre prop\u00f3sito de reconhecer e...","breadcrumb":{"@id":"https:\/\/blog.saocamilo-sp.br\/index.php\/2023\/10\/02\/dia-mundial-do-idoso-valorizacao-de-vidas-e-respeito-aos-direitos\/#breadcrumb"},"inLanguage":"pt-BR","potentialAction":[{"@type":"ReadAction","target":["https:\/\/blog.saocamilo-sp.br\/index.php\/2023\/10\/02\/dia-mundial-do-idoso-valorizacao-de-vidas-e-respeito-aos-direitos\/"]}]},{"@type":"ImageObject","inLanguage":"pt-BR","@id":"https:\/\/blog.saocamilo-sp.br\/index.php\/2023\/10\/02\/dia-mundial-do-idoso-valorizacao-de-vidas-e-respeito-aos-direitos\/#primaryimage","url":"https:\/\/blog.saocamilo-sp.br\/wp-content\/uploads\/2023\/09\/Topo-Blog-Dia-do-Idoso.jpg","contentUrl":"https:\/\/blog.saocamilo-sp.br\/wp-content\/uploads\/2023\/09\/Topo-Blog-Dia-do-Idoso.jpg","width":769,"height":519},{"@type":"BreadcrumbList","@id":"https:\/\/blog.saocamilo-sp.br\/index.php\/2023\/10\/02\/dia-mundial-do-idoso-valorizacao-de-vidas-e-respeito-aos-direitos\/#breadcrumb","itemListElement":[{"@type":"ListItem","position":1,"name":"In\u00edcio","item":"https:\/\/blog.saocamilo-sp.br\/"},{"@type":"ListItem","position":2,"name":"Dia Mundial do Idoso: Valoriza\u00e7\u00e3o de Vidas e Respeito aos Direitos"}]},{"@type":"WebSite","@id":"https:\/\/blog.saocamilo-sp.br\/#website","url":"https:\/\/blog.saocamilo-sp.br\/","name":"Blog S\u00e3o Camilo","description":"Blog do Centro Universit\u00e1rio S\u00e3o Camilo","publisher":{"@id":"https:\/\/blog.saocamilo-sp.br\/#organization"},"potentialAction":[{"@type":"SearchAction","target":{"@type":"EntryPoint","urlTemplate":"https:\/\/blog.saocamilo-sp.br\/?s={search_term_string}"},"query-input":{"@type":"PropertyValueSpecification","valueRequired":true,"valueName":"search_term_string"}}],"inLanguage":"pt-BR"},{"@type":"Organization","@id":"https:\/\/blog.saocamilo-sp.br\/#organization","name":"Blog S\u00e3o Camilo","url":"https:\/\/blog.saocamilo-sp.br\/","logo":{"@type":"ImageObject","inLanguage":"pt-BR","@id":"https:\/\/blog.saocamilo-sp.br\/#\/schema\/logo\/image\/","url":"https:\/\/blog.saocamilo-sp.br\/wp-content\/uploads\/2021\/12\/cropped-vazio-logo-topo.png","contentUrl":"https:\/\/blog.saocamilo-sp.br\/wp-content\/uploads\/2021\/12\/cropped-vazio-logo-topo.png","width":320,"height":240,"caption":"Blog S\u00e3o Camilo"},"image":{"@id":"https:\/\/blog.saocamilo-sp.br\/#\/schema\/logo\/image\/"},"sameAs":["https:\/\/www.facebook.com\/saocamilosp","https:\/\/x.com\/saocamilosp","https:\/\/www.linkedin.com\/school\/centro-universit-rio-s-o-camilo\/"]},{"@type":"Person","@id":"https:\/\/blog.saocamilo-sp.br\/#\/schema\/person\/781135418152912d4b58f2db13a2eaf0","name":"Lucas Soares Gon\u00e7alves","image":{"@type":"ImageObject","inLanguage":"pt-BR","@id":"https:\/\/secure.gravatar.com\/avatar\/bcd2d703cbb48116eaac2cac8643792535238ff30b2d7ce9e16f9254ec9cae83?s=96&d=mm&r=g","url":"https:\/\/secure.gravatar.com\/avatar\/bcd2d703cbb48116eaac2cac8643792535238ff30b2d7ce9e16f9254ec9cae83?s=96&d=mm&r=g","contentUrl":"https:\/\/secure.gravatar.com\/avatar\/bcd2d703cbb48116eaac2cac8643792535238ff30b2d7ce9e16f9254ec9cae83?s=96&d=mm&r=g","caption":"Lucas Soares Gon\u00e7alves"},"url":"https:\/\/blog.saocamilo-sp.br\/index.php\/author\/lucas-soares-goncalves\/"}]}},"_links":{"self":[{"href":"https:\/\/blog.saocamilo-sp.br\/index.php\/wp-json\/wp\/v2\/posts\/1734","targetHints":{"allow":["GET"]}}],"collection":[{"href":"https:\/\/blog.saocamilo-sp.br\/index.php\/wp-json\/wp\/v2\/posts"}],"about":[{"href":"https:\/\/blog.saocamilo-sp.br\/index.php\/wp-json\/wp\/v2\/types\/post"}],"author":[{"embeddable":true,"href":"https:\/\/blog.saocamilo-sp.br\/index.php\/wp-json\/wp\/v2\/users\/4"}],"replies":[{"embeddable":true,"href":"https:\/\/blog.saocamilo-sp.br\/index.php\/wp-json\/wp\/v2\/comments?post=1734"}],"version-history":[{"count":2,"href":"https:\/\/blog.saocamilo-sp.br\/index.php\/wp-json\/wp\/v2\/posts\/1734\/revisions"}],"predecessor-version":[{"id":1852,"href":"https:\/\/blog.saocamilo-sp.br\/index.php\/wp-json\/wp\/v2\/posts\/1734\/revisions\/1852"}],"wp:featuredmedia":[{"embeddable":true,"href":"https:\/\/blog.saocamilo-sp.br\/index.php\/wp-json\/wp\/v2\/media\/1735"}],"wp:attachment":[{"href":"https:\/\/blog.saocamilo-sp.br\/index.php\/wp-json\/wp\/v2\/media?parent=1734"}],"wp:term":[{"taxonomy":"category","embeddable":true,"href":"https:\/\/blog.saocamilo-sp.br\/index.php\/wp-json\/wp\/v2\/categories?post=1734"},{"taxonomy":"post_tag","embeddable":true,"href":"https:\/\/blog.saocamilo-sp.br\/index.php\/wp-json\/wp\/v2\/tags?post=1734"}],"curies":[{"name":"wp","href":"https:\/\/api.w.org\/{rel}","templated":true}]}}