{"id":1737,"date":"2023-10-03T09:00:00","date_gmt":"2023-10-03T12:00:00","guid":{"rendered":"https:\/\/blog.saocamilo-sp.br\/?p=1737"},"modified":"2023-10-10T12:06:03","modified_gmt":"2023-10-10T15:06:03","slug":"como-o-oleo-de-abacate-pode-beneficiar-adolescentes-com-sindrome-metabolica","status":"publish","type":"post","link":"https:\/\/blog.saocamilo-sp.br\/index.php\/2023\/10\/03\/como-o-oleo-de-abacate-pode-beneficiar-adolescentes-com-sindrome-metabolica\/","title":{"rendered":"Como o \u00f3leo de abacate pode beneficiar adolescentes com s\u00edndrome metab\u00f3lica"},"content":{"rendered":"\n<p>A <a href=\"https:\/\/saocamilo-sp.br\/institucional\/servicos_comunidade\/clnica_escola_promove\" target=\"_blank\" rel=\"noreferrer noopener\">Cl\u00ednica Escola Promove<\/a>, localizada no bairro Ipiranga, est\u00e1 comprometida com a pesquisa e o bem estar de seus pacientes. Neste artigo, vamos explorar um estudo cl\u00ednico fascinante realizado pela cl\u00ednica junto com, a Profa. Priscila Sola Kobal, que investiga os potenciais benef\u00edcios da suplementa\u00e7\u00e3o de c\u00e1psulas de \u00f3leo de abacate em adolescentes com s\u00edndrome metab\u00f3lica (SM).&nbsp;<\/p>\n\n\n\n<h3 class=\"wp-block-heading\"><strong>S\u00edndrome Metab\u00f3lica em Adolescentes: Um Desafio Crescente<\/strong>&nbsp;<\/h3>\n\n\n\n<p>A s\u00edndrome metab\u00f3lica \u00e9 um conjunto de condi\u00e7\u00f5es de sa\u00fade que aumentam o risco de doen\u00e7as cardiovasculares e diabetes tipo 2. A sua ocorr\u00eancia em adolescentes \u00e9 preocupante, visto que pode ter impactos significativos na qualidade de vida a longo prazo.&nbsp;<\/p>\n\n\n\n<h3 class=\"wp-block-heading\"><strong>O Estudo Cl\u00ednico: Uma Abordagem Promissora<\/strong><\/h3>\n\n\n\n<p>A Cl\u00ednica Escola Promove est\u00e1 \u00e0 frente de um ensaio cl\u00ednico piloto que promete trazer novas perspectivas para o tratamento da s\u00edndrome metab\u00f3lica em adolescentes. Este estudo \u00e9 randomizado, duplo cego e controlado por placebo, com a participa\u00e7\u00e3o de 45 adolescentes com SM, com idades entre 13 e 19 anos.&nbsp;<\/p>\n\n\n\n<h3 class=\"wp-block-heading\"><strong>Os Grupos de Interven\u00e7\u00e3o: Explorando o Poder do \u00d3leo de Abacate<\/strong>&nbsp;<\/h3>\n\n\n\n<p>Os participantes deste estudo foram divididos em tr\u00eas grupos distintos:&nbsp;<\/p>\n\n\n\n<ol class=\"wp-block-list\" start=\"1\">\n<li><strong>Grupo 1<\/strong>: Recebendo 1g\/dia de \u00f3leo de abacate.&nbsp;<\/li>\n<\/ol>\n\n\n\n<ol class=\"wp-block-list\" start=\"2\">\n<li><strong>Grupo 2<\/strong>: Recebendo 2g\/dia de \u00f3leo de abacate.&nbsp;<\/li>\n<\/ol>\n\n\n\n<ol class=\"wp-block-list\" start=\"3\">\n<li><strong>Grupo 3<\/strong>: Recebendo \u00f3leo mineral placebo.&nbsp;<\/li>\n<\/ol>\n\n\n\n<h3 class=\"wp-block-heading\"><strong>Avalia\u00e7\u00f5es Abrangentes: Monitorando os Resultados<\/strong>&nbsp;<\/h3>\n\n\n\n<p>Para medir os resultados da interven\u00e7\u00e3o, uma s\u00e9rie de avalia\u00e7\u00f5es abrangentes ser\u00e1 realizada, incluindo:&nbsp;<\/p>\n\n\n\n<ul class=\"wp-block-list\">\n<li>Avalia\u00e7\u00e3o do estado nutricional.&nbsp;<\/li>\n\n\n\n<li>Perfil bioqu\u00edmico dos componentes da s\u00edndrome metab\u00f3lica, incluindo colesterol total e fra\u00e7\u00f5es, triglic\u00e9rides, glicose e insulina.&nbsp;<\/li>\n<\/ul>\n\n\n\n<ul class=\"wp-block-list\">\n<li>Dosagem s\u00e9rica de vitamina D.&nbsp;<\/li>\n\n\n\n<li>Biomarcadores inflamat\u00f3rios.&nbsp;<\/li>\n\n\n\n<li>Exames de imagem para avalia\u00e7\u00e3o da gordura visceral e composi\u00e7\u00e3o corporal.&nbsp;<\/li>\n\n\n\n<li>Avalia\u00e7\u00e3o do consumo e comportamento alimentar por meio de question\u00e1rios.&nbsp;<\/li>\n<\/ul>\n\n\n\n<h3 class=\"wp-block-heading\"><strong>A Expectativa: Resultados Promissores<\/strong>&nbsp;<\/h3>\n\n\n\n<p>A pesquisa realizada pela Cl\u00ednica Escola Promove tem como objetivo identificar se a suplementa\u00e7\u00e3o de \u00f3leo de abacate pode desempenhar um papel significativo na melhoria da sa\u00fade metab\u00f3lica de adolescentes com s\u00edndrome metab\u00f3lica. Os resultados deste estudo podem abrir portas para abordagens inovadoras no tratamento dessa condi\u00e7\u00e3o em uma fase crucial da vida.&nbsp;<\/p>\n\n\n\n<p>Veja tamb\u00e9m:<\/p>\n\n\n\n<p><a href=\"https:\/\/blog.saocamilo-sp.br\/index.php\/2021\/12\/21\/o-que-se-estuda-no-curso-de-psicologia\/\" target=\"_blank\" rel=\"noreferrer noopener\">O que estuda no curso de psicologia?<\/a><\/p>\n\n\n\n<p><a href=\"https:\/\/blog.saocamilo-sp.br\/index.php\/2023\/07\/08\/estudo-anatomia-pecas-naturais\/\">Descobrindo a Import\u00e2ncia do Estudo de Anatomia com Pe\u00e7as Naturais&nbsp;<\/a><\/p>\n\n\n\n<p><a href=\"https:\/\/blog.saocamilo-sp.br\/index.php\/2023\/06\/29\/motivos-para-turbinar-a-sua-carreira-com-a-capacitacao-esg\/\">Conhe\u00e7a quatro motivos para turbinar a sua carreira com a capacita\u00e7\u00e3o ESG&nbsp;<\/a><\/p>\n\n\n\n<p>Saiba mais sobre nossos cursos:<\/p>\n\n\n\n<iframe loading=\"lazy\" src=\"https:\/\/saocamilo.apprbs.com.br\/tenho-interesse-blog\" height=\"530px\" width=\"100%\" frameborder=\"0\"><\/iframe>\n\n\n\n<p>Compartilhe em:<\/p>\n","protected":false},"excerpt":{"rendered":"<p>Estudo conduzido por docente da S\u00e3o Camilo, investiga os benef\u00edcios da suplementa\u00e7\u00e3o com \u00f3leo de abacate em adolescentes com s\u00edndrome metab\u00f3lica, <\/p>\n","protected":false},"author":4,"featured_media":1753,"comment_status":"open","ping_status":"open","sticky":false,"template":"","format":"standard","meta":{"cybocfi_hide_featured_image":"","footnotes":""},"categories":[1,111],"tags":[],"class_list":["post-1737","post","type-post","status-publish","format-standard","has-post-thumbnail","hentry","category-cursos","category-pesquisas"],"yoast_head":"<!-- This site is optimized with the Yoast SEO plugin v27.5 - https:\/\/yoast.com\/product\/yoast-seo-wordpress\/ -->\n<title>Como o \u00f3leo de abacate pode beneficiar adolescentes com s\u00edndrome metab\u00f3lica - Blog S\u00e3o Camilo<\/title>\n<meta name=\"description\" content=\"Neste artigo, vamos explorar um estudo cl\u00ednico fascinante realizado pela cl\u00ednica, que investiga os potenciais benef\u00edcios da suplementa\u00e7\u00e3o...\" \/>\n<meta name=\"robots\" content=\"index, follow, max-snippet:-1, max-image-preview:large, max-video-preview:-1\" \/>\n<link rel=\"canonical\" href=\"https:\/\/blog.saocamilo-sp.br\/index.php\/2023\/10\/03\/como-o-oleo-de-abacate-pode-beneficiar-adolescentes-com-sindrome-metabolica\/\" \/>\n<meta property=\"og:locale\" content=\"pt_BR\" \/>\n<meta property=\"og:type\" content=\"article\" \/>\n<meta property=\"og:title\" content=\"Como o \u00f3leo de abacate pode beneficiar adolescentes com s\u00edndrome metab\u00f3lica - Blog S\u00e3o Camilo\" \/>\n<meta property=\"og:description\" content=\"Neste artigo, vamos explorar um estudo cl\u00ednico fascinante realizado pela cl\u00ednica, que investiga os potenciais benef\u00edcios da suplementa\u00e7\u00e3o...\" \/>\n<meta property=\"og:url\" content=\"https:\/\/blog.saocamilo-sp.br\/index.php\/2023\/10\/03\/como-o-oleo-de-abacate-pode-beneficiar-adolescentes-com-sindrome-metabolica\/\" \/>\n<meta property=\"og:site_name\" content=\"Blog S\u00e3o Camilo\" \/>\n<meta property=\"article:publisher\" content=\"https:\/\/www.facebook.com\/saocamilosp\" \/>\n<meta property=\"article:published_time\" content=\"2023-10-03T12:00:00+00:00\" \/>\n<meta property=\"article:modified_time\" content=\"2023-10-10T15:06:03+00:00\" \/>\n<meta property=\"og:image\" content=\"https:\/\/blog.saocamilo-sp.br\/wp-content\/uploads\/2023\/10\/MicrosoftTeams-image-152.jpg\" \/>\n\t<meta property=\"og:image:width\" content=\"768\" \/>\n\t<meta property=\"og:image:height\" content=\"518\" \/>\n\t<meta property=\"og:image:type\" content=\"image\/jpeg\" \/>\n<meta name=\"author\" content=\"Lucas Soares Gon\u00e7alves\" \/>\n<meta name=\"twitter:card\" content=\"summary_large_image\" \/>\n<meta name=\"twitter:creator\" content=\"@saocamilosp\" \/>\n<meta name=\"twitter:site\" content=\"@saocamilosp\" \/>\n<meta name=\"twitter:label1\" content=\"Escrito por\" \/>\n\t<meta name=\"twitter:data1\" content=\"Lucas Soares Gon\u00e7alves\" \/>\n\t<meta name=\"twitter:label2\" content=\"Est. tempo de leitura\" \/>\n\t<meta name=\"twitter:data2\" content=\"3 minutos\" \/>\n<script type=\"application\/ld+json\" class=\"yoast-schema-graph\">{\"@context\":\"https:\\\/\\\/schema.org\",\"@graph\":[{\"@type\":\"Article\",\"@id\":\"https:\\\/\\\/blog.saocamilo-sp.br\\\/index.php\\\/2023\\\/10\\\/03\\\/como-o-oleo-de-abacate-pode-beneficiar-adolescentes-com-sindrome-metabolica\\\/#article\",\"isPartOf\":{\"@id\":\"https:\\\/\\\/blog.saocamilo-sp.br\\\/index.php\\\/2023\\\/10\\\/03\\\/como-o-oleo-de-abacate-pode-beneficiar-adolescentes-com-sindrome-metabolica\\\/\"},\"author\":{\"name\":\"Lucas Soares Gon\u00e7alves\",\"@id\":\"https:\\\/\\\/blog.saocamilo-sp.br\\\/#\\\/schema\\\/person\\\/781135418152912d4b58f2db13a2eaf0\"},\"headline\":\"Como o \u00f3leo de abacate pode beneficiar adolescentes com s\u00edndrome metab\u00f3lica\",\"datePublished\":\"2023-10-03T12:00:00+00:00\",\"dateModified\":\"2023-10-10T15:06:03+00:00\",\"mainEntityOfPage\":{\"@id\":\"https:\\\/\\\/blog.saocamilo-sp.br\\\/index.php\\\/2023\\\/10\\\/03\\\/como-o-oleo-de-abacate-pode-beneficiar-adolescentes-com-sindrome-metabolica\\\/\"},\"wordCount\":443,\"commentCount\":0,\"publisher\":{\"@id\":\"https:\\\/\\\/blog.saocamilo-sp.br\\\/#organization\"},\"image\":{\"@id\":\"https:\\\/\\\/blog.saocamilo-sp.br\\\/index.php\\\/2023\\\/10\\\/03\\\/como-o-oleo-de-abacate-pode-beneficiar-adolescentes-com-sindrome-metabolica\\\/#primaryimage\"},\"thumbnailUrl\":\"https:\\\/\\\/blog.saocamilo-sp.br\\\/wp-content\\\/uploads\\\/2023\\\/10\\\/MicrosoftTeams-image-152.jpg\",\"articleSection\":[\"Cursos\",\"Pesquisas\"],\"inLanguage\":\"pt-BR\",\"potentialAction\":[{\"@type\":\"CommentAction\",\"name\":\"Comment\",\"target\":[\"https:\\\/\\\/blog.saocamilo-sp.br\\\/index.php\\\/2023\\\/10\\\/03\\\/como-o-oleo-de-abacate-pode-beneficiar-adolescentes-com-sindrome-metabolica\\\/#respond\"]}]},{\"@type\":\"WebPage\",\"@id\":\"https:\\\/\\\/blog.saocamilo-sp.br\\\/index.php\\\/2023\\\/10\\\/03\\\/como-o-oleo-de-abacate-pode-beneficiar-adolescentes-com-sindrome-metabolica\\\/\",\"url\":\"https:\\\/\\\/blog.saocamilo-sp.br\\\/index.php\\\/2023\\\/10\\\/03\\\/como-o-oleo-de-abacate-pode-beneficiar-adolescentes-com-sindrome-metabolica\\\/\",\"name\":\"Como o \u00f3leo de abacate pode beneficiar adolescentes com s\u00edndrome metab\u00f3lica - Blog S\u00e3o Camilo\",\"isPartOf\":{\"@id\":\"https:\\\/\\\/blog.saocamilo-sp.br\\\/#website\"},\"primaryImageOfPage\":{\"@id\":\"https:\\\/\\\/blog.saocamilo-sp.br\\\/index.php\\\/2023\\\/10\\\/03\\\/como-o-oleo-de-abacate-pode-beneficiar-adolescentes-com-sindrome-metabolica\\\/#primaryimage\"},\"image\":{\"@id\":\"https:\\\/\\\/blog.saocamilo-sp.br\\\/index.php\\\/2023\\\/10\\\/03\\\/como-o-oleo-de-abacate-pode-beneficiar-adolescentes-com-sindrome-metabolica\\\/#primaryimage\"},\"thumbnailUrl\":\"https:\\\/\\\/blog.saocamilo-sp.br\\\/wp-content\\\/uploads\\\/2023\\\/10\\\/MicrosoftTeams-image-152.jpg\",\"datePublished\":\"2023-10-03T12:00:00+00:00\",\"dateModified\":\"2023-10-10T15:06:03+00:00\",\"description\":\"Neste artigo, vamos explorar um estudo cl\u00ednico fascinante realizado pela cl\u00ednica, que investiga os potenciais benef\u00edcios da suplementa\u00e7\u00e3o...\",\"breadcrumb\":{\"@id\":\"https:\\\/\\\/blog.saocamilo-sp.br\\\/index.php\\\/2023\\\/10\\\/03\\\/como-o-oleo-de-abacate-pode-beneficiar-adolescentes-com-sindrome-metabolica\\\/#breadcrumb\"},\"inLanguage\":\"pt-BR\",\"potentialAction\":[{\"@type\":\"ReadAction\",\"target\":[\"https:\\\/\\\/blog.saocamilo-sp.br\\\/index.php\\\/2023\\\/10\\\/03\\\/como-o-oleo-de-abacate-pode-beneficiar-adolescentes-com-sindrome-metabolica\\\/\"]}]},{\"@type\":\"ImageObject\",\"inLanguage\":\"pt-BR\",\"@id\":\"https:\\\/\\\/blog.saocamilo-sp.br\\\/index.php\\\/2023\\\/10\\\/03\\\/como-o-oleo-de-abacate-pode-beneficiar-adolescentes-com-sindrome-metabolica\\\/#primaryimage\",\"url\":\"https:\\\/\\\/blog.saocamilo-sp.br\\\/wp-content\\\/uploads\\\/2023\\\/10\\\/MicrosoftTeams-image-152.jpg\",\"contentUrl\":\"https:\\\/\\\/blog.saocamilo-sp.br\\\/wp-content\\\/uploads\\\/2023\\\/10\\\/MicrosoftTeams-image-152.jpg\",\"width\":768,\"height\":518},{\"@type\":\"BreadcrumbList\",\"@id\":\"https:\\\/\\\/blog.saocamilo-sp.br\\\/index.php\\\/2023\\\/10\\\/03\\\/como-o-oleo-de-abacate-pode-beneficiar-adolescentes-com-sindrome-metabolica\\\/#breadcrumb\",\"itemListElement\":[{\"@type\":\"ListItem\",\"position\":1,\"name\":\"In\u00edcio\",\"item\":\"https:\\\/\\\/blog.saocamilo-sp.br\\\/\"},{\"@type\":\"ListItem\",\"position\":2,\"name\":\"Como o \u00f3leo de abacate pode beneficiar adolescentes com s\u00edndrome metab\u00f3lica\"}]},{\"@type\":\"WebSite\",\"@id\":\"https:\\\/\\\/blog.saocamilo-sp.br\\\/#website\",\"url\":\"https:\\\/\\\/blog.saocamilo-sp.br\\\/\",\"name\":\"Blog S\u00e3o Camilo\",\"description\":\"Blog do Centro Universit\u00e1rio S\u00e3o Camilo\",\"publisher\":{\"@id\":\"https:\\\/\\\/blog.saocamilo-sp.br\\\/#organization\"},\"potentialAction\":[{\"@type\":\"SearchAction\",\"target\":{\"@type\":\"EntryPoint\",\"urlTemplate\":\"https:\\\/\\\/blog.saocamilo-sp.br\\\/?s={search_term_string}\"},\"query-input\":{\"@type\":\"PropertyValueSpecification\",\"valueRequired\":true,\"valueName\":\"search_term_string\"}}],\"inLanguage\":\"pt-BR\"},{\"@type\":\"Organization\",\"@id\":\"https:\\\/\\\/blog.saocamilo-sp.br\\\/#organization\",\"name\":\"Blog S\u00e3o Camilo\",\"url\":\"https:\\\/\\\/blog.saocamilo-sp.br\\\/\",\"logo\":{\"@type\":\"ImageObject\",\"inLanguage\":\"pt-BR\",\"@id\":\"https:\\\/\\\/blog.saocamilo-sp.br\\\/#\\\/schema\\\/logo\\\/image\\\/\",\"url\":\"https:\\\/\\\/blog.saocamilo-sp.br\\\/wp-content\\\/uploads\\\/2021\\\/12\\\/cropped-vazio-logo-topo.png\",\"contentUrl\":\"https:\\\/\\\/blog.saocamilo-sp.br\\\/wp-content\\\/uploads\\\/2021\\\/12\\\/cropped-vazio-logo-topo.png\",\"width\":320,\"height\":240,\"caption\":\"Blog S\u00e3o Camilo\"},\"image\":{\"@id\":\"https:\\\/\\\/blog.saocamilo-sp.br\\\/#\\\/schema\\\/logo\\\/image\\\/\"},\"sameAs\":[\"https:\\\/\\\/www.facebook.com\\\/saocamilosp\",\"https:\\\/\\\/x.com\\\/saocamilosp\",\"https:\\\/\\\/www.linkedin.com\\\/school\\\/centro-universit-rio-s-o-camilo\\\/\"]},{\"@type\":\"Person\",\"@id\":\"https:\\\/\\\/blog.saocamilo-sp.br\\\/#\\\/schema\\\/person\\\/781135418152912d4b58f2db13a2eaf0\",\"name\":\"Lucas Soares Gon\u00e7alves\",\"image\":{\"@type\":\"ImageObject\",\"inLanguage\":\"pt-BR\",\"@id\":\"https:\\\/\\\/secure.gravatar.com\\\/avatar\\\/bcd2d703cbb48116eaac2cac8643792535238ff30b2d7ce9e16f9254ec9cae83?s=96&d=mm&r=g\",\"url\":\"https:\\\/\\\/secure.gravatar.com\\\/avatar\\\/bcd2d703cbb48116eaac2cac8643792535238ff30b2d7ce9e16f9254ec9cae83?s=96&d=mm&r=g\",\"contentUrl\":\"https:\\\/\\\/secure.gravatar.com\\\/avatar\\\/bcd2d703cbb48116eaac2cac8643792535238ff30b2d7ce9e16f9254ec9cae83?s=96&d=mm&r=g\",\"caption\":\"Lucas Soares Gon\u00e7alves\"},\"url\":\"https:\\\/\\\/blog.saocamilo-sp.br\\\/index.php\\\/author\\\/lucas-soares-goncalves\\\/\"}]}<\/script>\n<!-- \/ Yoast SEO plugin. -->","yoast_head_json":{"title":"Como o \u00f3leo de abacate pode beneficiar adolescentes com s\u00edndrome metab\u00f3lica - Blog S\u00e3o Camilo","description":"Neste artigo, vamos explorar um estudo cl\u00ednico fascinante realizado pela cl\u00ednica, que investiga os potenciais benef\u00edcios da suplementa\u00e7\u00e3o...","robots":{"index":"index","follow":"follow","max-snippet":"max-snippet:-1","max-image-preview":"max-image-preview:large","max-video-preview":"max-video-preview:-1"},"canonical":"https:\/\/blog.saocamilo-sp.br\/index.php\/2023\/10\/03\/como-o-oleo-de-abacate-pode-beneficiar-adolescentes-com-sindrome-metabolica\/","og_locale":"pt_BR","og_type":"article","og_title":"Como o \u00f3leo de abacate pode beneficiar adolescentes com s\u00edndrome metab\u00f3lica - Blog S\u00e3o Camilo","og_description":"Neste artigo, vamos explorar um estudo cl\u00ednico fascinante realizado pela cl\u00ednica, que investiga os potenciais benef\u00edcios da suplementa\u00e7\u00e3o...","og_url":"https:\/\/blog.saocamilo-sp.br\/index.php\/2023\/10\/03\/como-o-oleo-de-abacate-pode-beneficiar-adolescentes-com-sindrome-metabolica\/","og_site_name":"Blog S\u00e3o Camilo","article_publisher":"https:\/\/www.facebook.com\/saocamilosp","article_published_time":"2023-10-03T12:00:00+00:00","article_modified_time":"2023-10-10T15:06:03+00:00","og_image":[{"width":768,"height":518,"url":"https:\/\/blog.saocamilo-sp.br\/wp-content\/uploads\/2023\/10\/MicrosoftTeams-image-152.jpg","type":"image\/jpeg"}],"author":"Lucas Soares Gon\u00e7alves","twitter_card":"summary_large_image","twitter_creator":"@saocamilosp","twitter_site":"@saocamilosp","twitter_misc":{"Escrito por":"Lucas Soares Gon\u00e7alves","Est. tempo de leitura":"3 minutos"},"schema":{"@context":"https:\/\/schema.org","@graph":[{"@type":"Article","@id":"https:\/\/blog.saocamilo-sp.br\/index.php\/2023\/10\/03\/como-o-oleo-de-abacate-pode-beneficiar-adolescentes-com-sindrome-metabolica\/#article","isPartOf":{"@id":"https:\/\/blog.saocamilo-sp.br\/index.php\/2023\/10\/03\/como-o-oleo-de-abacate-pode-beneficiar-adolescentes-com-sindrome-metabolica\/"},"author":{"name":"Lucas Soares Gon\u00e7alves","@id":"https:\/\/blog.saocamilo-sp.br\/#\/schema\/person\/781135418152912d4b58f2db13a2eaf0"},"headline":"Como o \u00f3leo de abacate pode beneficiar adolescentes com s\u00edndrome metab\u00f3lica","datePublished":"2023-10-03T12:00:00+00:00","dateModified":"2023-10-10T15:06:03+00:00","mainEntityOfPage":{"@id":"https:\/\/blog.saocamilo-sp.br\/index.php\/2023\/10\/03\/como-o-oleo-de-abacate-pode-beneficiar-adolescentes-com-sindrome-metabolica\/"},"wordCount":443,"commentCount":0,"publisher":{"@id":"https:\/\/blog.saocamilo-sp.br\/#organization"},"image":{"@id":"https:\/\/blog.saocamilo-sp.br\/index.php\/2023\/10\/03\/como-o-oleo-de-abacate-pode-beneficiar-adolescentes-com-sindrome-metabolica\/#primaryimage"},"thumbnailUrl":"https:\/\/blog.saocamilo-sp.br\/wp-content\/uploads\/2023\/10\/MicrosoftTeams-image-152.jpg","articleSection":["Cursos","Pesquisas"],"inLanguage":"pt-BR","potentialAction":[{"@type":"CommentAction","name":"Comment","target":["https:\/\/blog.saocamilo-sp.br\/index.php\/2023\/10\/03\/como-o-oleo-de-abacate-pode-beneficiar-adolescentes-com-sindrome-metabolica\/#respond"]}]},{"@type":"WebPage","@id":"https:\/\/blog.saocamilo-sp.br\/index.php\/2023\/10\/03\/como-o-oleo-de-abacate-pode-beneficiar-adolescentes-com-sindrome-metabolica\/","url":"https:\/\/blog.saocamilo-sp.br\/index.php\/2023\/10\/03\/como-o-oleo-de-abacate-pode-beneficiar-adolescentes-com-sindrome-metabolica\/","name":"Como o \u00f3leo de abacate pode beneficiar adolescentes com s\u00edndrome metab\u00f3lica - Blog S\u00e3o Camilo","isPartOf":{"@id":"https:\/\/blog.saocamilo-sp.br\/#website"},"primaryImageOfPage":{"@id":"https:\/\/blog.saocamilo-sp.br\/index.php\/2023\/10\/03\/como-o-oleo-de-abacate-pode-beneficiar-adolescentes-com-sindrome-metabolica\/#primaryimage"},"image":{"@id":"https:\/\/blog.saocamilo-sp.br\/index.php\/2023\/10\/03\/como-o-oleo-de-abacate-pode-beneficiar-adolescentes-com-sindrome-metabolica\/#primaryimage"},"thumbnailUrl":"https:\/\/blog.saocamilo-sp.br\/wp-content\/uploads\/2023\/10\/MicrosoftTeams-image-152.jpg","datePublished":"2023-10-03T12:00:00+00:00","dateModified":"2023-10-10T15:06:03+00:00","description":"Neste artigo, vamos explorar um estudo cl\u00ednico fascinante realizado pela cl\u00ednica, que investiga os potenciais benef\u00edcios da suplementa\u00e7\u00e3o...","breadcrumb":{"@id":"https:\/\/blog.saocamilo-sp.br\/index.php\/2023\/10\/03\/como-o-oleo-de-abacate-pode-beneficiar-adolescentes-com-sindrome-metabolica\/#breadcrumb"},"inLanguage":"pt-BR","potentialAction":[{"@type":"ReadAction","target":["https:\/\/blog.saocamilo-sp.br\/index.php\/2023\/10\/03\/como-o-oleo-de-abacate-pode-beneficiar-adolescentes-com-sindrome-metabolica\/"]}]},{"@type":"ImageObject","inLanguage":"pt-BR","@id":"https:\/\/blog.saocamilo-sp.br\/index.php\/2023\/10\/03\/como-o-oleo-de-abacate-pode-beneficiar-adolescentes-com-sindrome-metabolica\/#primaryimage","url":"https:\/\/blog.saocamilo-sp.br\/wp-content\/uploads\/2023\/10\/MicrosoftTeams-image-152.jpg","contentUrl":"https:\/\/blog.saocamilo-sp.br\/wp-content\/uploads\/2023\/10\/MicrosoftTeams-image-152.jpg","width":768,"height":518},{"@type":"BreadcrumbList","@id":"https:\/\/blog.saocamilo-sp.br\/index.php\/2023\/10\/03\/como-o-oleo-de-abacate-pode-beneficiar-adolescentes-com-sindrome-metabolica\/#breadcrumb","itemListElement":[{"@type":"ListItem","position":1,"name":"In\u00edcio","item":"https:\/\/blog.saocamilo-sp.br\/"},{"@type":"ListItem","position":2,"name":"Como o \u00f3leo de abacate pode beneficiar adolescentes com s\u00edndrome metab\u00f3lica"}]},{"@type":"WebSite","@id":"https:\/\/blog.saocamilo-sp.br\/#website","url":"https:\/\/blog.saocamilo-sp.br\/","name":"Blog S\u00e3o Camilo","description":"Blog do Centro Universit\u00e1rio S\u00e3o Camilo","publisher":{"@id":"https:\/\/blog.saocamilo-sp.br\/#organization"},"potentialAction":[{"@type":"SearchAction","target":{"@type":"EntryPoint","urlTemplate":"https:\/\/blog.saocamilo-sp.br\/?s={search_term_string}"},"query-input":{"@type":"PropertyValueSpecification","valueRequired":true,"valueName":"search_term_string"}}],"inLanguage":"pt-BR"},{"@type":"Organization","@id":"https:\/\/blog.saocamilo-sp.br\/#organization","name":"Blog S\u00e3o Camilo","url":"https:\/\/blog.saocamilo-sp.br\/","logo":{"@type":"ImageObject","inLanguage":"pt-BR","@id":"https:\/\/blog.saocamilo-sp.br\/#\/schema\/logo\/image\/","url":"https:\/\/blog.saocamilo-sp.br\/wp-content\/uploads\/2021\/12\/cropped-vazio-logo-topo.png","contentUrl":"https:\/\/blog.saocamilo-sp.br\/wp-content\/uploads\/2021\/12\/cropped-vazio-logo-topo.png","width":320,"height":240,"caption":"Blog S\u00e3o Camilo"},"image":{"@id":"https:\/\/blog.saocamilo-sp.br\/#\/schema\/logo\/image\/"},"sameAs":["https:\/\/www.facebook.com\/saocamilosp","https:\/\/x.com\/saocamilosp","https:\/\/www.linkedin.com\/school\/centro-universit-rio-s-o-camilo\/"]},{"@type":"Person","@id":"https:\/\/blog.saocamilo-sp.br\/#\/schema\/person\/781135418152912d4b58f2db13a2eaf0","name":"Lucas Soares Gon\u00e7alves","image":{"@type":"ImageObject","inLanguage":"pt-BR","@id":"https:\/\/secure.gravatar.com\/avatar\/bcd2d703cbb48116eaac2cac8643792535238ff30b2d7ce9e16f9254ec9cae83?s=96&d=mm&r=g","url":"https:\/\/secure.gravatar.com\/avatar\/bcd2d703cbb48116eaac2cac8643792535238ff30b2d7ce9e16f9254ec9cae83?s=96&d=mm&r=g","contentUrl":"https:\/\/secure.gravatar.com\/avatar\/bcd2d703cbb48116eaac2cac8643792535238ff30b2d7ce9e16f9254ec9cae83?s=96&d=mm&r=g","caption":"Lucas Soares Gon\u00e7alves"},"url":"https:\/\/blog.saocamilo-sp.br\/index.php\/author\/lucas-soares-goncalves\/"}]}},"_links":{"self":[{"href":"https:\/\/blog.saocamilo-sp.br\/index.php\/wp-json\/wp\/v2\/posts\/1737","targetHints":{"allow":["GET"]}}],"collection":[{"href":"https:\/\/blog.saocamilo-sp.br\/index.php\/wp-json\/wp\/v2\/posts"}],"about":[{"href":"https:\/\/blog.saocamilo-sp.br\/index.php\/wp-json\/wp\/v2\/types\/post"}],"author":[{"embeddable":true,"href":"https:\/\/blog.saocamilo-sp.br\/index.php\/wp-json\/wp\/v2\/users\/4"}],"replies":[{"embeddable":true,"href":"https:\/\/blog.saocamilo-sp.br\/index.php\/wp-json\/wp\/v2\/comments?post=1737"}],"version-history":[{"count":7,"href":"https:\/\/blog.saocamilo-sp.br\/index.php\/wp-json\/wp\/v2\/posts\/1737\/revisions"}],"predecessor-version":[{"id":1777,"href":"https:\/\/blog.saocamilo-sp.br\/index.php\/wp-json\/wp\/v2\/posts\/1737\/revisions\/1777"}],"wp:featuredmedia":[{"embeddable":true,"href":"https:\/\/blog.saocamilo-sp.br\/index.php\/wp-json\/wp\/v2\/media\/1753"}],"wp:attachment":[{"href":"https:\/\/blog.saocamilo-sp.br\/index.php\/wp-json\/wp\/v2\/media?parent=1737"}],"wp:term":[{"taxonomy":"category","embeddable":true,"href":"https:\/\/blog.saocamilo-sp.br\/index.php\/wp-json\/wp\/v2\/categories?post=1737"},{"taxonomy":"post_tag","embeddable":true,"href":"https:\/\/blog.saocamilo-sp.br\/index.php\/wp-json\/wp\/v2\/tags?post=1737"}],"curies":[{"name":"wp","href":"https:\/\/api.w.org\/{rel}","templated":true}]}}