{"id":1763,"date":"2023-10-19T11:34:21","date_gmt":"2023-10-19T14:34:21","guid":{"rendered":"https:\/\/blog.saocamilo-sp.br\/?p=1763"},"modified":"2023-10-25T17:55:44","modified_gmt":"2023-10-25T20:55:44","slug":"cancer-de-mama","status":"publish","type":"post","link":"https:\/\/blog.saocamilo-sp.br\/index.php\/2023\/10\/19\/cancer-de-mama\/","title":{"rendered":"Outubro Rosa: Preven\u00e7\u00e3o e Conscientiza\u00e7\u00e3o sobre o C\u00e2ncer de Mama"},"content":{"rendered":"\n<h3 class=\"wp-block-heading\">Desafio do C\u00e2ncer de Mama<\/h3>\n\n\n\n<p>O c\u00e2ncer de mama, um dos tipos mais letais entre as mulheres, causa uma significativa parcela de \u00f3bitos no sexo feminino.<\/p>\n\n\n\n<p>Estimativas alarmantes indicam que, somente no Brasil, m\u00e9dicos diagnosticaram 73.610 novos casos de c\u00e2ncer de mama em 2023, o que representa um risco aproximado de 66,54 casos a cada 100 mil mulheres.<\/p>\n\n\n\n<p>A alta incid\u00eancia desse c\u00e2ncer gera temor entre as mulheres, principalmente devido aos impactos devastadores que ele causa, tanto f\u00edsica quanto psicologicamente.<\/p>\n\n\n\n<h3 class=\"wp-block-heading\">Reconstru\u00e7\u00e3o da Autoestima<\/h3>\n\n\n\n<p>Contudo, o diagn\u00f3stico da doen\u00e7a pode abalar profundamente o estado psicol\u00f3gico das mulheres, ocasionando uma significativa redu\u00e7\u00e3o na autoestima. Esse abalo est\u00e1, muitas vezes, relacionado \u00e0 perda da mama, que \u00e9 vista como um s\u00edmbolo da feminilidade.<\/p>\n\n\n\n<h3 class=\"wp-block-heading\">Campanha Outubro Rosa<\/h3>\n\n\n\n<p>A campanha Outububro Rosa, com seu emblem\u00e1tico la\u00e7o cor-de-rosa, foi criada no in\u00edcio da d\u00e9cada de 1990 com o objetivo de promover a conscientiza\u00e7\u00e3o e preven\u00e7\u00e3o do c\u00e2ncer de mama.<\/p>\n\n\n\n<p>Tanto no Brasil quanto no exterior, o m\u00eas de outubro \u00e9 dedicado a disseminar informa\u00e7\u00f5es relevantes sobre a doen\u00e7a, com o intuito de contribuir para a diminui\u00e7\u00e3o da incid\u00eancia e mortalidade associadas a essa enfermidade.<\/p>\n\n\n\n<h3 class=\"wp-block-heading\">Corrida do IBCC e a Colabora\u00e7\u00e3o do Hospital S\u00e3o Camilo e Centro Universit\u00e1rio S\u00e3o Camilo<\/h3>\n\n\n\n<p>Neste contexto, a <a href=\"https:\/\/ibcc.org.br\/10-mil-pessoas-sao-esperadas-na-corrida-e-caminhada-contra-o-cancer-de-mama\/\" target=\"_blank\" rel=\"noreferrer noopener\">Corrida do Instituto Brasileiro de Controle do C\u00e2ncer (IBCC)<\/a>, em colabora\u00e7\u00e3o com o <a href=\"https:\/\/hospitalsaocamilosp.org.br\/\" target=\"_blank\" rel=\"noreferrer noopener\">Hospital S\u00e3o Camil<\/a>o e o <a href=\"https:\/\/saocamilo-sp.br\/\" target=\"_blank\" rel=\"noreferrer noopener\">Centro Universit\u00e1rio S\u00e3o Camilo<\/a>, tem se destacado como um evento fundamental na promo\u00e7\u00e3o da conscientiza\u00e7\u00e3o sobre o c\u00e2ncer de mama.<\/p>\n\n\n\n<h3 class=\"wp-block-heading\">Preven\u00e7\u00e3o: A Primeira Linha de Defesa<\/h3>\n\n\n\n<p>A preven\u00e7\u00e3o desempenha um papel crucial e possui dois principais objetivos: a promo\u00e7\u00e3o de a\u00e7\u00f5es que evitem fatores de risco modific\u00e1veis, tais como os comportamentais e ambientais, e a ado\u00e7\u00e3o de medidas que possam rastrear a doen\u00e7a visando \u00e0 detec\u00e7\u00e3o precoce.<\/p>\n\n\n\n<h3 class=\"wp-block-heading\">Sinais e Sintomas<\/h3>\n\n\n\n<p>Dentre os principais sinais e sintomas do c\u00e2ncer de mama, destacam-se o n\u00f3dulo na mama, geralmente endurecido, fixo e indolor, a pele da mama avermelhada ou com aspecto de casca de laranja e altera\u00e7\u00f5es com sa\u00edda espont\u00e2nea de l\u00edquido pelo mamilo. Al\u00e9m disso, \u00e9 poss\u00edvel que n\u00f3dulos surjam na regi\u00e3o das axilas.<\/p>\n\n\n\n<p>O rastreamento inclui o autoexame das mamas, o exame cl\u00ednico das mamas realizado por m\u00e9dicos e a mamografia. Portanto, o autoexame das mamas desempenha um papel fundamental na preven\u00e7\u00e3o, pois permite que a mulher se familiarize com seu pr\u00f3prio corpo.<\/p>\n\n\n\n<p>Se a mulher identificar alguma altera\u00e7\u00e3o na mama, \u00e9 fundamental buscar atendimento m\u00e9dico o mais r\u00e1pido poss\u00edvel.<\/p>\n\n\n\n<p>A detec\u00e7\u00e3o precoce \u00e9 a chave para evitar que o c\u00e2ncer progrida para est\u00e1gios mais avan\u00e7ados, aumentando consideravelmente as chances de cura.<\/p>\n\n\n\n<h3 class=\"wp-block-heading\">Mulher, Cuide-se!<\/h3>\n\n\n\n<p>Portanto, a mensagem final \u00e9 clara: mulheres, cuidem-se! A preven\u00e7\u00e3o, conscientiza\u00e7\u00e3o e a participa\u00e7\u00e3o na Corrida do IBCC, em parceria com o Hospital S\u00e3o Camilo e o Centro Universit\u00e1rio S\u00e3o Camilo, s\u00e3o os melhores aliados na luta contra o c\u00e2ncer de mama, garantindo uma vida mais saud\u00e1vel e longa. Esteja atenta \u00e0 sua sa\u00fade e compartilhe essas informa\u00e7\u00f5es para que mais mulheres possam se proteger contra essa doen\u00e7a devastadora.<\/p>\n\n\n\n<p>Veja tamb\u00e9m:<\/p>\n\n\n\n<p><a href=\"https:\/\/blog.saocamilo-sp.br\/index.php\/2021\/12\/21\/o-que-se-estuda-no-curso-de-psicologia\/\" target=\"_blank\" rel=\"noreferrer noopener\">O que estuda no curso de psicologia?<\/a><\/p>\n\n\n\n<p><a href=\"https:\/\/blog.saocamilo-sp.br\/index.php\/2023\/07\/08\/estudo-anatomia-pecas-naturais\/\">Descobrindo a Import\u00e2ncia do Estudo de Anatomia com Pe\u00e7as Naturais&nbsp;<\/a><\/p>\n\n\n\n<p><a href=\"https:\/\/blog.saocamilo-sp.br\/index.php\/2023\/06\/29\/motivos-para-turbinar-a-sua-carreira-com-a-capacitacao-esg\/\">Conhe\u00e7a quatro motivos para turbinar a sua carreira com a capacita\u00e7\u00e3o ESG&nbsp;<\/a><\/p>\n\n\n\n<p>Saiba mais sobre nossos cursos:<\/p>\n\n\n\n<iframe loading=\"lazy\" src=\"https:\/\/saocamilo.apprbs.com.br\/tenho-interesse-blog\" height=\"530px\" width=\"100%\" frameborder=\"0\"><\/iframe>\n\n\n\n<p>Compartilhe em:<\/p>\n","protected":false},"excerpt":{"rendered":"<p>O c\u00e2ncer de mama, um dos tipos mais letais entre as mulheres, \u00e9 respons\u00e1vel por uma significativa parcela de \u00f3bitos no sexo feminino.<\/p>\n","protected":false},"author":4,"featured_media":1834,"comment_status":"open","ping_status":"open","sticky":false,"template":"","format":"standard","meta":{"cybocfi_hide_featured_image":"","footnotes":""},"categories":[1,79],"tags":[113],"class_list":["post-1763","post","type-post","status-publish","format-standard","has-post-thumbnail","hentry","category-cursos","category-saude","tag-outubro-rosa"],"yoast_head":"<!-- This site is optimized with the Yoast SEO plugin v27.5 - https:\/\/yoast.com\/product\/yoast-seo-wordpress\/ -->\n<title>Outubro Rosa: Preven\u00e7\u00e3o e Conscientiza\u00e7\u00e3o sobre o C\u00e2ncer de Mama - Blog S\u00e3o Camilo<\/title>\n<meta name=\"description\" content=\"A preven\u00e7\u00e3o do c\u00e2ncer de mama, conscientiza\u00e7\u00e3o e a participa\u00e7\u00e3o na Corrida do IBCC, em parceria com o hos...\" \/>\n<meta name=\"robots\" content=\"index, follow, max-snippet:-1, max-image-preview:large, max-video-preview:-1\" \/>\n<link rel=\"canonical\" href=\"https:\/\/blog.saocamilo-sp.br\/index.php\/2023\/10\/19\/cancer-de-mama\/\" \/>\n<meta property=\"og:locale\" content=\"pt_BR\" \/>\n<meta property=\"og:type\" content=\"article\" \/>\n<meta property=\"og:title\" content=\"Outubro Rosa: Preven\u00e7\u00e3o e Conscientiza\u00e7\u00e3o sobre o C\u00e2ncer de Mama - Blog S\u00e3o Camilo\" \/>\n<meta property=\"og:description\" content=\"A preven\u00e7\u00e3o do c\u00e2ncer de mama, conscientiza\u00e7\u00e3o e a participa\u00e7\u00e3o na Corrida do IBCC, em parceria com o hos...\" \/>\n<meta property=\"og:url\" content=\"https:\/\/blog.saocamilo-sp.br\/index.php\/2023\/10\/19\/cancer-de-mama\/\" \/>\n<meta property=\"og:site_name\" content=\"Blog S\u00e3o Camilo\" \/>\n<meta property=\"article:publisher\" content=\"https:\/\/www.facebook.com\/saocamilosp\" \/>\n<meta property=\"article:published_time\" content=\"2023-10-19T14:34:21+00:00\" \/>\n<meta property=\"article:modified_time\" content=\"2023-10-25T20:55:44+00:00\" \/>\n<meta property=\"og:image\" content=\"https:\/\/blog.saocamilo-sp.br\/wp-content\/uploads\/2023\/10\/Outubro-Rosa-1.jpg\" \/>\n\t<meta property=\"og:image:width\" content=\"769\" \/>\n\t<meta property=\"og:image:height\" content=\"519\" \/>\n\t<meta property=\"og:image:type\" content=\"image\/jpeg\" \/>\n<meta name=\"author\" content=\"Lucas Soares Gon\u00e7alves\" \/>\n<meta name=\"twitter:card\" content=\"summary_large_image\" \/>\n<meta name=\"twitter:creator\" content=\"@saocamilosp\" \/>\n<meta name=\"twitter:site\" content=\"@saocamilosp\" \/>\n<meta name=\"twitter:label1\" content=\"Escrito por\" \/>\n\t<meta name=\"twitter:data1\" content=\"Lucas Soares Gon\u00e7alves\" \/>\n\t<meta name=\"twitter:label2\" content=\"Est. tempo de leitura\" \/>\n\t<meta name=\"twitter:data2\" content=\"3 minutos\" \/>\n<script type=\"application\/ld+json\" class=\"yoast-schema-graph\">{\"@context\":\"https:\\\/\\\/schema.org\",\"@graph\":[{\"@type\":\"Article\",\"@id\":\"https:\\\/\\\/blog.saocamilo-sp.br\\\/index.php\\\/2023\\\/10\\\/19\\\/cancer-de-mama\\\/#article\",\"isPartOf\":{\"@id\":\"https:\\\/\\\/blog.saocamilo-sp.br\\\/index.php\\\/2023\\\/10\\\/19\\\/cancer-de-mama\\\/\"},\"author\":{\"name\":\"Lucas Soares Gon\u00e7alves\",\"@id\":\"https:\\\/\\\/blog.saocamilo-sp.br\\\/#\\\/schema\\\/person\\\/781135418152912d4b58f2db13a2eaf0\"},\"headline\":\"Outubro Rosa: Preven\u00e7\u00e3o e Conscientiza\u00e7\u00e3o sobre o C\u00e2ncer de Mama\",\"datePublished\":\"2023-10-19T14:34:21+00:00\",\"dateModified\":\"2023-10-25T20:55:44+00:00\",\"mainEntityOfPage\":{\"@id\":\"https:\\\/\\\/blog.saocamilo-sp.br\\\/index.php\\\/2023\\\/10\\\/19\\\/cancer-de-mama\\\/\"},\"wordCount\":619,\"commentCount\":0,\"publisher\":{\"@id\":\"https:\\\/\\\/blog.saocamilo-sp.br\\\/#organization\"},\"image\":{\"@id\":\"https:\\\/\\\/blog.saocamilo-sp.br\\\/index.php\\\/2023\\\/10\\\/19\\\/cancer-de-mama\\\/#primaryimage\"},\"thumbnailUrl\":\"https:\\\/\\\/blog.saocamilo-sp.br\\\/wp-content\\\/uploads\\\/2023\\\/10\\\/Outubro-Rosa-1.jpg\",\"keywords\":[\"outubro rosa\"],\"articleSection\":[\"Cursos\",\"Sa\u00fade\"],\"inLanguage\":\"pt-BR\",\"potentialAction\":[{\"@type\":\"CommentAction\",\"name\":\"Comment\",\"target\":[\"https:\\\/\\\/blog.saocamilo-sp.br\\\/index.php\\\/2023\\\/10\\\/19\\\/cancer-de-mama\\\/#respond\"]}]},{\"@type\":\"WebPage\",\"@id\":\"https:\\\/\\\/blog.saocamilo-sp.br\\\/index.php\\\/2023\\\/10\\\/19\\\/cancer-de-mama\\\/\",\"url\":\"https:\\\/\\\/blog.saocamilo-sp.br\\\/index.php\\\/2023\\\/10\\\/19\\\/cancer-de-mama\\\/\",\"name\":\"Outubro Rosa: Preven\u00e7\u00e3o e Conscientiza\u00e7\u00e3o sobre o C\u00e2ncer de Mama - Blog S\u00e3o Camilo\",\"isPartOf\":{\"@id\":\"https:\\\/\\\/blog.saocamilo-sp.br\\\/#website\"},\"primaryImageOfPage\":{\"@id\":\"https:\\\/\\\/blog.saocamilo-sp.br\\\/index.php\\\/2023\\\/10\\\/19\\\/cancer-de-mama\\\/#primaryimage\"},\"image\":{\"@id\":\"https:\\\/\\\/blog.saocamilo-sp.br\\\/index.php\\\/2023\\\/10\\\/19\\\/cancer-de-mama\\\/#primaryimage\"},\"thumbnailUrl\":\"https:\\\/\\\/blog.saocamilo-sp.br\\\/wp-content\\\/uploads\\\/2023\\\/10\\\/Outubro-Rosa-1.jpg\",\"datePublished\":\"2023-10-19T14:34:21+00:00\",\"dateModified\":\"2023-10-25T20:55:44+00:00\",\"description\":\"A preven\u00e7\u00e3o do c\u00e2ncer de mama, conscientiza\u00e7\u00e3o e a participa\u00e7\u00e3o na Corrida do IBCC, em parceria com o hos...\",\"breadcrumb\":{\"@id\":\"https:\\\/\\\/blog.saocamilo-sp.br\\\/index.php\\\/2023\\\/10\\\/19\\\/cancer-de-mama\\\/#breadcrumb\"},\"inLanguage\":\"pt-BR\",\"potentialAction\":[{\"@type\":\"ReadAction\",\"target\":[\"https:\\\/\\\/blog.saocamilo-sp.br\\\/index.php\\\/2023\\\/10\\\/19\\\/cancer-de-mama\\\/\"]}]},{\"@type\":\"ImageObject\",\"inLanguage\":\"pt-BR\",\"@id\":\"https:\\\/\\\/blog.saocamilo-sp.br\\\/index.php\\\/2023\\\/10\\\/19\\\/cancer-de-mama\\\/#primaryimage\",\"url\":\"https:\\\/\\\/blog.saocamilo-sp.br\\\/wp-content\\\/uploads\\\/2023\\\/10\\\/Outubro-Rosa-1.jpg\",\"contentUrl\":\"https:\\\/\\\/blog.saocamilo-sp.br\\\/wp-content\\\/uploads\\\/2023\\\/10\\\/Outubro-Rosa-1.jpg\",\"width\":769,\"height\":519},{\"@type\":\"BreadcrumbList\",\"@id\":\"https:\\\/\\\/blog.saocamilo-sp.br\\\/index.php\\\/2023\\\/10\\\/19\\\/cancer-de-mama\\\/#breadcrumb\",\"itemListElement\":[{\"@type\":\"ListItem\",\"position\":1,\"name\":\"In\u00edcio\",\"item\":\"https:\\\/\\\/blog.saocamilo-sp.br\\\/\"},{\"@type\":\"ListItem\",\"position\":2,\"name\":\"Outubro Rosa: Preven\u00e7\u00e3o e Conscientiza\u00e7\u00e3o sobre o C\u00e2ncer de Mama\"}]},{\"@type\":\"WebSite\",\"@id\":\"https:\\\/\\\/blog.saocamilo-sp.br\\\/#website\",\"url\":\"https:\\\/\\\/blog.saocamilo-sp.br\\\/\",\"name\":\"Blog S\u00e3o Camilo\",\"description\":\"Blog do Centro Universit\u00e1rio S\u00e3o Camilo\",\"publisher\":{\"@id\":\"https:\\\/\\\/blog.saocamilo-sp.br\\\/#organization\"},\"potentialAction\":[{\"@type\":\"SearchAction\",\"target\":{\"@type\":\"EntryPoint\",\"urlTemplate\":\"https:\\\/\\\/blog.saocamilo-sp.br\\\/?s={search_term_string}\"},\"query-input\":{\"@type\":\"PropertyValueSpecification\",\"valueRequired\":true,\"valueName\":\"search_term_string\"}}],\"inLanguage\":\"pt-BR\"},{\"@type\":\"Organization\",\"@id\":\"https:\\\/\\\/blog.saocamilo-sp.br\\\/#organization\",\"name\":\"Blog S\u00e3o Camilo\",\"url\":\"https:\\\/\\\/blog.saocamilo-sp.br\\\/\",\"logo\":{\"@type\":\"ImageObject\",\"inLanguage\":\"pt-BR\",\"@id\":\"https:\\\/\\\/blog.saocamilo-sp.br\\\/#\\\/schema\\\/logo\\\/image\\\/\",\"url\":\"https:\\\/\\\/blog.saocamilo-sp.br\\\/wp-content\\\/uploads\\\/2021\\\/12\\\/cropped-vazio-logo-topo.png\",\"contentUrl\":\"https:\\\/\\\/blog.saocamilo-sp.br\\\/wp-content\\\/uploads\\\/2021\\\/12\\\/cropped-vazio-logo-topo.png\",\"width\":320,\"height\":240,\"caption\":\"Blog S\u00e3o Camilo\"},\"image\":{\"@id\":\"https:\\\/\\\/blog.saocamilo-sp.br\\\/#\\\/schema\\\/logo\\\/image\\\/\"},\"sameAs\":[\"https:\\\/\\\/www.facebook.com\\\/saocamilosp\",\"https:\\\/\\\/x.com\\\/saocamilosp\",\"https:\\\/\\\/www.linkedin.com\\\/school\\\/centro-universit-rio-s-o-camilo\\\/\"]},{\"@type\":\"Person\",\"@id\":\"https:\\\/\\\/blog.saocamilo-sp.br\\\/#\\\/schema\\\/person\\\/781135418152912d4b58f2db13a2eaf0\",\"name\":\"Lucas Soares Gon\u00e7alves\",\"image\":{\"@type\":\"ImageObject\",\"inLanguage\":\"pt-BR\",\"@id\":\"https:\\\/\\\/secure.gravatar.com\\\/avatar\\\/bcd2d703cbb48116eaac2cac8643792535238ff30b2d7ce9e16f9254ec9cae83?s=96&d=mm&r=g\",\"url\":\"https:\\\/\\\/secure.gravatar.com\\\/avatar\\\/bcd2d703cbb48116eaac2cac8643792535238ff30b2d7ce9e16f9254ec9cae83?s=96&d=mm&r=g\",\"contentUrl\":\"https:\\\/\\\/secure.gravatar.com\\\/avatar\\\/bcd2d703cbb48116eaac2cac8643792535238ff30b2d7ce9e16f9254ec9cae83?s=96&d=mm&r=g\",\"caption\":\"Lucas Soares Gon\u00e7alves\"},\"url\":\"https:\\\/\\\/blog.saocamilo-sp.br\\\/index.php\\\/author\\\/lucas-soares-goncalves\\\/\"}]}<\/script>\n<!-- \/ Yoast SEO plugin. -->","yoast_head_json":{"title":"Outubro Rosa: Preven\u00e7\u00e3o e Conscientiza\u00e7\u00e3o sobre o C\u00e2ncer de Mama - Blog S\u00e3o Camilo","description":"A preven\u00e7\u00e3o do c\u00e2ncer de mama, conscientiza\u00e7\u00e3o e a participa\u00e7\u00e3o na Corrida do IBCC, em parceria com o hos...","robots":{"index":"index","follow":"follow","max-snippet":"max-snippet:-1","max-image-preview":"max-image-preview:large","max-video-preview":"max-video-preview:-1"},"canonical":"https:\/\/blog.saocamilo-sp.br\/index.php\/2023\/10\/19\/cancer-de-mama\/","og_locale":"pt_BR","og_type":"article","og_title":"Outubro Rosa: Preven\u00e7\u00e3o e Conscientiza\u00e7\u00e3o sobre o C\u00e2ncer de Mama - Blog S\u00e3o Camilo","og_description":"A preven\u00e7\u00e3o do c\u00e2ncer de mama, conscientiza\u00e7\u00e3o e a participa\u00e7\u00e3o na Corrida do IBCC, em parceria com o hos...","og_url":"https:\/\/blog.saocamilo-sp.br\/index.php\/2023\/10\/19\/cancer-de-mama\/","og_site_name":"Blog S\u00e3o Camilo","article_publisher":"https:\/\/www.facebook.com\/saocamilosp","article_published_time":"2023-10-19T14:34:21+00:00","article_modified_time":"2023-10-25T20:55:44+00:00","og_image":[{"width":769,"height":519,"url":"https:\/\/blog.saocamilo-sp.br\/wp-content\/uploads\/2023\/10\/Outubro-Rosa-1.jpg","type":"image\/jpeg"}],"author":"Lucas Soares Gon\u00e7alves","twitter_card":"summary_large_image","twitter_creator":"@saocamilosp","twitter_site":"@saocamilosp","twitter_misc":{"Escrito por":"Lucas Soares Gon\u00e7alves","Est. tempo de leitura":"3 minutos"},"schema":{"@context":"https:\/\/schema.org","@graph":[{"@type":"Article","@id":"https:\/\/blog.saocamilo-sp.br\/index.php\/2023\/10\/19\/cancer-de-mama\/#article","isPartOf":{"@id":"https:\/\/blog.saocamilo-sp.br\/index.php\/2023\/10\/19\/cancer-de-mama\/"},"author":{"name":"Lucas Soares Gon\u00e7alves","@id":"https:\/\/blog.saocamilo-sp.br\/#\/schema\/person\/781135418152912d4b58f2db13a2eaf0"},"headline":"Outubro Rosa: Preven\u00e7\u00e3o e Conscientiza\u00e7\u00e3o sobre o C\u00e2ncer de Mama","datePublished":"2023-10-19T14:34:21+00:00","dateModified":"2023-10-25T20:55:44+00:00","mainEntityOfPage":{"@id":"https:\/\/blog.saocamilo-sp.br\/index.php\/2023\/10\/19\/cancer-de-mama\/"},"wordCount":619,"commentCount":0,"publisher":{"@id":"https:\/\/blog.saocamilo-sp.br\/#organization"},"image":{"@id":"https:\/\/blog.saocamilo-sp.br\/index.php\/2023\/10\/19\/cancer-de-mama\/#primaryimage"},"thumbnailUrl":"https:\/\/blog.saocamilo-sp.br\/wp-content\/uploads\/2023\/10\/Outubro-Rosa-1.jpg","keywords":["outubro rosa"],"articleSection":["Cursos","Sa\u00fade"],"inLanguage":"pt-BR","potentialAction":[{"@type":"CommentAction","name":"Comment","target":["https:\/\/blog.saocamilo-sp.br\/index.php\/2023\/10\/19\/cancer-de-mama\/#respond"]}]},{"@type":"WebPage","@id":"https:\/\/blog.saocamilo-sp.br\/index.php\/2023\/10\/19\/cancer-de-mama\/","url":"https:\/\/blog.saocamilo-sp.br\/index.php\/2023\/10\/19\/cancer-de-mama\/","name":"Outubro Rosa: Preven\u00e7\u00e3o e Conscientiza\u00e7\u00e3o sobre o C\u00e2ncer de Mama - Blog S\u00e3o Camilo","isPartOf":{"@id":"https:\/\/blog.saocamilo-sp.br\/#website"},"primaryImageOfPage":{"@id":"https:\/\/blog.saocamilo-sp.br\/index.php\/2023\/10\/19\/cancer-de-mama\/#primaryimage"},"image":{"@id":"https:\/\/blog.saocamilo-sp.br\/index.php\/2023\/10\/19\/cancer-de-mama\/#primaryimage"},"thumbnailUrl":"https:\/\/blog.saocamilo-sp.br\/wp-content\/uploads\/2023\/10\/Outubro-Rosa-1.jpg","datePublished":"2023-10-19T14:34:21+00:00","dateModified":"2023-10-25T20:55:44+00:00","description":"A preven\u00e7\u00e3o do c\u00e2ncer de mama, conscientiza\u00e7\u00e3o e a participa\u00e7\u00e3o na Corrida do IBCC, em parceria com o hos...","breadcrumb":{"@id":"https:\/\/blog.saocamilo-sp.br\/index.php\/2023\/10\/19\/cancer-de-mama\/#breadcrumb"},"inLanguage":"pt-BR","potentialAction":[{"@type":"ReadAction","target":["https:\/\/blog.saocamilo-sp.br\/index.php\/2023\/10\/19\/cancer-de-mama\/"]}]},{"@type":"ImageObject","inLanguage":"pt-BR","@id":"https:\/\/blog.saocamilo-sp.br\/index.php\/2023\/10\/19\/cancer-de-mama\/#primaryimage","url":"https:\/\/blog.saocamilo-sp.br\/wp-content\/uploads\/2023\/10\/Outubro-Rosa-1.jpg","contentUrl":"https:\/\/blog.saocamilo-sp.br\/wp-content\/uploads\/2023\/10\/Outubro-Rosa-1.jpg","width":769,"height":519},{"@type":"BreadcrumbList","@id":"https:\/\/blog.saocamilo-sp.br\/index.php\/2023\/10\/19\/cancer-de-mama\/#breadcrumb","itemListElement":[{"@type":"ListItem","position":1,"name":"In\u00edcio","item":"https:\/\/blog.saocamilo-sp.br\/"},{"@type":"ListItem","position":2,"name":"Outubro Rosa: Preven\u00e7\u00e3o e Conscientiza\u00e7\u00e3o sobre o C\u00e2ncer de Mama"}]},{"@type":"WebSite","@id":"https:\/\/blog.saocamilo-sp.br\/#website","url":"https:\/\/blog.saocamilo-sp.br\/","name":"Blog S\u00e3o Camilo","description":"Blog do Centro Universit\u00e1rio S\u00e3o Camilo","publisher":{"@id":"https:\/\/blog.saocamilo-sp.br\/#organization"},"potentialAction":[{"@type":"SearchAction","target":{"@type":"EntryPoint","urlTemplate":"https:\/\/blog.saocamilo-sp.br\/?s={search_term_string}"},"query-input":{"@type":"PropertyValueSpecification","valueRequired":true,"valueName":"search_term_string"}}],"inLanguage":"pt-BR"},{"@type":"Organization","@id":"https:\/\/blog.saocamilo-sp.br\/#organization","name":"Blog S\u00e3o Camilo","url":"https:\/\/blog.saocamilo-sp.br\/","logo":{"@type":"ImageObject","inLanguage":"pt-BR","@id":"https:\/\/blog.saocamilo-sp.br\/#\/schema\/logo\/image\/","url":"https:\/\/blog.saocamilo-sp.br\/wp-content\/uploads\/2021\/12\/cropped-vazio-logo-topo.png","contentUrl":"https:\/\/blog.saocamilo-sp.br\/wp-content\/uploads\/2021\/12\/cropped-vazio-logo-topo.png","width":320,"height":240,"caption":"Blog S\u00e3o Camilo"},"image":{"@id":"https:\/\/blog.saocamilo-sp.br\/#\/schema\/logo\/image\/"},"sameAs":["https:\/\/www.facebook.com\/saocamilosp","https:\/\/x.com\/saocamilosp","https:\/\/www.linkedin.com\/school\/centro-universit-rio-s-o-camilo\/"]},{"@type":"Person","@id":"https:\/\/blog.saocamilo-sp.br\/#\/schema\/person\/781135418152912d4b58f2db13a2eaf0","name":"Lucas Soares Gon\u00e7alves","image":{"@type":"ImageObject","inLanguage":"pt-BR","@id":"https:\/\/secure.gravatar.com\/avatar\/bcd2d703cbb48116eaac2cac8643792535238ff30b2d7ce9e16f9254ec9cae83?s=96&d=mm&r=g","url":"https:\/\/secure.gravatar.com\/avatar\/bcd2d703cbb48116eaac2cac8643792535238ff30b2d7ce9e16f9254ec9cae83?s=96&d=mm&r=g","contentUrl":"https:\/\/secure.gravatar.com\/avatar\/bcd2d703cbb48116eaac2cac8643792535238ff30b2d7ce9e16f9254ec9cae83?s=96&d=mm&r=g","caption":"Lucas Soares Gon\u00e7alves"},"url":"https:\/\/blog.saocamilo-sp.br\/index.php\/author\/lucas-soares-goncalves\/"}]}},"_links":{"self":[{"href":"https:\/\/blog.saocamilo-sp.br\/index.php\/wp-json\/wp\/v2\/posts\/1763","targetHints":{"allow":["GET"]}}],"collection":[{"href":"https:\/\/blog.saocamilo-sp.br\/index.php\/wp-json\/wp\/v2\/posts"}],"about":[{"href":"https:\/\/blog.saocamilo-sp.br\/index.php\/wp-json\/wp\/v2\/types\/post"}],"author":[{"embeddable":true,"href":"https:\/\/blog.saocamilo-sp.br\/index.php\/wp-json\/wp\/v2\/users\/4"}],"replies":[{"embeddable":true,"href":"https:\/\/blog.saocamilo-sp.br\/index.php\/wp-json\/wp\/v2\/comments?post=1763"}],"version-history":[{"count":4,"href":"https:\/\/blog.saocamilo-sp.br\/index.php\/wp-json\/wp\/v2\/posts\/1763\/revisions"}],"predecessor-version":[{"id":1871,"href":"https:\/\/blog.saocamilo-sp.br\/index.php\/wp-json\/wp\/v2\/posts\/1763\/revisions\/1871"}],"wp:featuredmedia":[{"embeddable":true,"href":"https:\/\/blog.saocamilo-sp.br\/index.php\/wp-json\/wp\/v2\/media\/1834"}],"wp:attachment":[{"href":"https:\/\/blog.saocamilo-sp.br\/index.php\/wp-json\/wp\/v2\/media?parent=1763"}],"wp:term":[{"taxonomy":"category","embeddable":true,"href":"https:\/\/blog.saocamilo-sp.br\/index.php\/wp-json\/wp\/v2\/categories?post=1763"},{"taxonomy":"post_tag","embeddable":true,"href":"https:\/\/blog.saocamilo-sp.br\/index.php\/wp-json\/wp\/v2\/tags?post=1763"}],"curies":[{"name":"wp","href":"https:\/\/api.w.org\/{rel}","templated":true}]}}