{"id":1829,"date":"2023-10-19T11:14:51","date_gmt":"2023-10-19T14:14:51","guid":{"rendered":"https:\/\/blog.saocamilo-sp.br\/?p=1829"},"modified":"2023-10-25T17:54:53","modified_gmt":"2023-10-25T20:54:53","slug":"dia-internacional-da-alimentacao","status":"publish","type":"post","link":"https:\/\/blog.saocamilo-sp.br\/index.php\/2023\/10\/19\/dia-internacional-da-alimentacao\/","title":{"rendered":"Dia Internacional da Alimenta\u00e7\u00e3o: 5 Benef\u00edcios de uma Alimenta\u00e7\u00e3o Rica em Nutrientes"},"content":{"rendered":"\n<p>No m\u00eas de outubro, comemora-se o Dia Internacional da Alimenta\u00e7\u00e3o, uma data que nos lembra da import\u00e2ncia de fazer escolhas alimentares conscientes. Uma alimenta\u00e7\u00e3o equilibrada em nutrientes desempenha um papel fundamental em nossa sa\u00fade e bem-estar, e com isso, o curso de <a href=\"https:\/\/saocamilo-sp.br\/graduacao\/presencial\/nutricao\" target=\"_blank\" rel=\"noreferrer noopener\">nutri\u00e7\u00e3o<\/a> do Centro Universit\u00e1rio S\u00e3o Camilo faz a diferen\u00e7a.<\/p>\n\n\n\n<h3 class=\"wp-block-heading\">1- Promo\u00e7\u00e3o da Sa\u00fade<\/h3>\n\n\n\n<p>Uma alimenta\u00e7\u00e3o equilibrada, elaborada por um profissional de nutri\u00e7\u00e3o, \u00e9 essencial para a promo\u00e7\u00e3o da sa\u00fade. Portanto, neste Dia Internacional da Alimenta\u00e7\u00e3o, n\u00e3o podemos subestimar o impacto positivo que a orienta\u00e7\u00e3o nutricional pode ter em nossas vidas.<\/p>\n\n\n\n<h3 class=\"wp-block-heading\">2-  Preven\u00e7\u00e3o de Doen\u00e7as<\/h3>\n\n\n\n<p>Uma alimenta\u00e7\u00e3o balanceada em nutrientes \u00e9 uma das melhores formas de prevenir doen\u00e7as cr\u00f4nicas n\u00e3o transmiss\u00edveis, como diabetes, hipertens\u00e3o e obesidade. Pois elas fazem seu corpo trabalhar com bons nutrientes.<\/p>\n\n\n\n<h3 class=\"wp-block-heading\">3-Aumento da Energia<\/h3>\n\n\n\n<p>Contudo, uma alimenta\u00e7\u00e3o adequada fornece ao corpo a energia necess\u00e1ria para as atividades di\u00e1rias. Nutrientes como prote\u00ednas, carboidratos e lip\u00eddeos desempenham um papel vital na manuten\u00e7\u00e3o dos n\u00edveis de energia.<\/p>\n\n\n\n<h3 class=\"wp-block-heading\">4- Melhora do Desempenho Cognitivo<\/h3>\n\n\n\n<p>Uma alimenta\u00e7\u00e3o saud\u00e1vel n\u00e3o beneficia apenas o corpo, mas tamb\u00e9m a mente. Alimentos ricos em antioxidantes, como frutas e vegetais, est\u00e3o associados a um melhor desempenho cognitivo e a uma redu\u00e7\u00e3o do risco de doen\u00e7as neurodegenerativas.<\/p>\n\n\n\n<h3 class=\"wp-block-heading\">5- Suporte \u00e0 Sustentabilidade<\/h3>\n\n\n\n<p>Mas as Pr\u00e1ticas alimentares corretas n\u00e3o beneficiam apenas nossa sa\u00fade, mas tamb\u00e9m o planeta, pois em todo trajeto que o alimento faz, desde o solo at\u00e9 o prato, h\u00e1 in\u00fameras interfaces com a sustentabilidade.<\/p>\n\n\n\n<p>Neste Dia Internacional da Alimenta\u00e7\u00e3o, n\u00e3o h\u00e1 melhor momento para refletir sobre os benef\u00edcios de uma alimenta\u00e7\u00e3o saud\u00e1vel e a import\u00e2ncia de profissionais de nutri\u00e7\u00e3o. O Centro Universit\u00e1rio S\u00e3o Camilo se destaca como uma institui\u00e7\u00e3o comprometida em preparar os futuros nutricionistas para fazer a diferen\u00e7a na sa\u00fade das pessoas e na sustentabilidade do planeta. Com isso, junte-se a n\u00f3s nesta jornada em dire\u00e7\u00e3o a uma vida mais saud\u00e1vel e equilibrada.<\/p>\n\n\n\n<h3 class=\"wp-block-heading\">Promovendo a conscientiza\u00e7\u00e3o sobre nutri\u00e7\u00e3o<\/h3>\n\n\n\n<p>O Centro Universit\u00e1rio S\u00e3o Camilo tem se destacado como uma institui\u00e7\u00e3o de ensino empenhada em fomentar a conscientiza\u00e7\u00e3o sobre a relev\u00e2ncia da nutri\u00e7\u00e3o. Pioneira na \u00e1rea, h\u00e1 mais de quatro d\u00e9cadas, oferece o curso de gradua\u00e7\u00e3o de nutri\u00e7\u00e3o. Possui tamb\u00e9m cursos de p\u00f3s-gradua\u00e7\u00e3o e mestrado na \u00e1rea.<\/p>\n\n\n\n<p>Al\u00e9m disso, proporciona uma s\u00f3lida forma\u00e7\u00e3o para aqueles que sonham em se tornar nutricionistas.<\/p>\n\n\n\n<h3 class=\"wp-block-heading\">Novos Cursos de Nutri\u00e7\u00e3o<\/h3>\n\n\n\n<p>Os cursos de nutri\u00e7\u00e3o do <a href=\"https:\/\/saocamilo-sp.br\/\" target=\"_blank\" rel=\"noreferrer noopener\">Centro Universit\u00e1rio S\u00e3o Camilo<\/a> s\u00e3o projetados para preparar os alunos para uma carreira gratificante na \u00e1rea de sa\u00fade. Nossos professores especializados utilizam uma abordagem inovadora e pr\u00e1tica para garantir que os alunos adquiram as habilidades e conhecimentos necess\u00e1rios para se destacar no campo da nutri\u00e7\u00e3o.<\/p>\n\n\n\n<h3 class=\"wp-block-heading\">Destaques dos cursos<\/h3>\n\n\n\n<p>Al\u00e9m da gradua\u00e7\u00e3o, oferecemos cursos de especializa\u00e7\u00e3o em: <\/p>\n\n\n\n<p>-Exerc\u00edcio F\u00edsico na Preven\u00e7\u00e3o e no Tratamento de Doen\u00e7as e Comorbidades, <\/p>\n\n\n\n<p>-Nutri\u00e7\u00e3o e Microbioma Intestinal, <\/p>\n\n\n\n<p>-Gen\u00f4mica Nutricional, <\/p>\n\n\n\n<p>-Nutri\u00e7\u00e3o Cl\u00ednica, <\/p>\n\n\n\n<h3 class=\"wp-block-heading\">MBA em Gest\u00e3o de Neg\u00f3cios em Alimenta\u00e7\u00e3o.<\/h3>\n\n\n\n<p>E o nosso Mestrado Profissional em Nutri\u00e7\u00e3o da Inf\u00e2ncia \u00e0 adolesc\u00eancia atende \u00e0s demandas emergentes do ambiente de trabalho, agregando pesquisa, ci\u00eancia, inova\u00e7\u00e3o e tecnologia \u00e0 pr\u00e1tica cl\u00ednica em Nutri\u00e7\u00e3o pedi\u00e1trica e hebi\u00e1trica.<\/p>\n\n\n\n<h3 class=\"wp-block-heading\">Investindo no seu futuro<\/h3>\n\n\n\n<p>Investir na sua educa\u00e7\u00e3o em nutri\u00e7\u00e3o no Centro Universit\u00e1rio S\u00e3o Camilo \u00e9 um passo importante para uma carreira de sucesso. Nossos alunos t\u00eam acesso aos laborat\u00f3rios de \u00faltima gera\u00e7\u00e3o, orienta\u00e7\u00e3o personalizada e oportunidades pr\u00e1ticas para aprimorar suas habilidades cl\u00ednicas e de aconselhamento nutricional.<\/p>\n\n\n\n<p>Neste Dia Internacional da Alimenta\u00e7\u00e3o, incentivamos todos a refletirem sobre suas escolhas alimentares e a valorizarem a import\u00e2ncia da nutri\u00e7\u00e3o. No Centro Universit\u00e1rio S\u00e3o Camilo, estamos comprometidos em preparar a pr\u00f3xima gera\u00e7\u00e3o de nutricionistas, capacitando-os a promover uma alimenta\u00e7\u00e3o saud\u00e1vel e um estilo de vida melhor para todos. Invista no seu futuro e junte-se a n\u00f3s em nossa miss\u00e3o de tornar o mundo mais saud\u00e1vel atrav\u00e9s da nutri\u00e7\u00e3o.<\/p>\n\n\n\n<p>Para saber mais sobre nossos programas de nutri\u00e7\u00e3o, visite nosso site hoje mesmo! https:\/\/saocamilo-sp.br\/graduacao\/presencial\/nutricao<\/p>\n\n\n\n<p>Veja tamb\u00e9m:<\/p>\n\n\n\n<p><a href=\"https:\/\/blog.saocamilo-sp.br\/index.php\/2021\/12\/21\/o-que-se-estuda-no-curso-de-psicologia\/\" target=\"_blank\" rel=\"noreferrer noopener\">O que estuda no curso de psicologia?<\/a><\/p>\n\n\n\n<p><a href=\"https:\/\/blog.saocamilo-sp.br\/index.php\/2023\/07\/08\/estudo-anatomia-pecas-naturais\/\">Descobrindo a Import\u00e2ncia do Estudo de Anatomia com Pe\u00e7as Naturais&nbsp;<\/a><\/p>\n\n\n\n<p><a href=\"https:\/\/blog.saocamilo-sp.br\/index.php\/2023\/06\/29\/motivos-para-turbinar-a-sua-carreira-com-a-capacitacao-esg\/\">Conhe\u00e7a quatro motivos para turbinar a sua carreira com a capacita\u00e7\u00e3o ESG&nbsp;<\/a><\/p>\n\n\n\n<p>Saiba mais sobre nossos cursos:<\/p>\n\n\n\n<iframe loading=\"lazy\" src=\"https:\/\/saocamilo.apprbs.com.br\/tenho-interesse-blog\" height=\"530px\" width=\"100%\" frameborder=\"0\"><\/iframe>\n\n\n\n<p>Compartilhe em:<\/p>\n","protected":false},"excerpt":{"rendered":"<p>Uma alimenta\u00e7\u00e3o equilibrada em nutrientes desempenha um papel fundamental em nossa sa\u00fade e bem-estar.<\/p>\n","protected":false},"author":4,"featured_media":1832,"comment_status":"open","ping_status":"open","sticky":false,"template":"","format":"standard","meta":{"cybocfi_hide_featured_image":"","footnotes":""},"categories":[1,24,79,85],"tags":[112,7,17],"class_list":["post-1829","post","type-post","status-publish","format-standard","has-post-thumbnail","hentry","category-cursos","category-nutricao","category-saude","category-vestibular","tag-alimentacao","tag-nutricao","tag-saude"],"yoast_head":"<!-- This site is optimized with the Yoast SEO plugin v27.5 - https:\/\/yoast.com\/product\/yoast-seo-wordpress\/ -->\n<title>Dia Internacional da Alimenta\u00e7\u00e3o: 5 Benef\u00edcios de uma Alimenta\u00e7\u00e3o Rica em Nutrientes - Blog S\u00e3o Camilo<\/title>\n<meta name=\"description\" content=\"No m\u00eas de outubro, comemora-se o Dia Internacional da Alimenta\u00e7\u00e3o, uma data que nos lembra da import\u00e2ncia de fazer escolhas alimentares...\" \/>\n<meta name=\"robots\" content=\"index, follow, max-snippet:-1, max-image-preview:large, max-video-preview:-1\" \/>\n<link rel=\"canonical\" href=\"https:\/\/blog.saocamilo-sp.br\/index.php\/2023\/10\/19\/dia-internacional-da-alimentacao\/\" \/>\n<meta property=\"og:locale\" content=\"pt_BR\" \/>\n<meta property=\"og:type\" content=\"article\" \/>\n<meta property=\"og:title\" content=\"Dia Internacional da Alimenta\u00e7\u00e3o: 5 Benef\u00edcios de uma Alimenta\u00e7\u00e3o Rica em Nutrientes - Blog S\u00e3o Camilo\" \/>\n<meta property=\"og:description\" content=\"No m\u00eas de outubro, comemora-se o Dia Internacional da Alimenta\u00e7\u00e3o, uma data que nos lembra da import\u00e2ncia de fazer escolhas alimentares...\" \/>\n<meta property=\"og:url\" content=\"https:\/\/blog.saocamilo-sp.br\/index.php\/2023\/10\/19\/dia-internacional-da-alimentacao\/\" \/>\n<meta property=\"og:site_name\" content=\"Blog S\u00e3o Camilo\" \/>\n<meta property=\"article:publisher\" content=\"https:\/\/www.facebook.com\/saocamilosp\" \/>\n<meta property=\"article:published_time\" content=\"2023-10-19T14:14:51+00:00\" \/>\n<meta property=\"article:modified_time\" content=\"2023-10-25T20:54:53+00:00\" \/>\n<meta property=\"og:image\" content=\"https:\/\/blog.saocamilo-sp.br\/wp-content\/uploads\/2023\/10\/Alimentacao.jpg\" \/>\n\t<meta property=\"og:image:width\" content=\"769\" \/>\n\t<meta property=\"og:image:height\" content=\"518\" \/>\n\t<meta property=\"og:image:type\" content=\"image\/jpeg\" \/>\n<meta name=\"author\" content=\"Lucas Soares Gon\u00e7alves\" \/>\n<meta name=\"twitter:card\" content=\"summary_large_image\" \/>\n<meta name=\"twitter:creator\" content=\"@saocamilosp\" \/>\n<meta name=\"twitter:site\" content=\"@saocamilosp\" \/>\n<meta name=\"twitter:label1\" content=\"Escrito por\" \/>\n\t<meta name=\"twitter:data1\" content=\"Lucas Soares Gon\u00e7alves\" \/>\n\t<meta name=\"twitter:label2\" content=\"Est. tempo de leitura\" \/>\n\t<meta name=\"twitter:data2\" content=\"4 minutos\" \/>\n<script type=\"application\/ld+json\" class=\"yoast-schema-graph\">{\"@context\":\"https:\\\/\\\/schema.org\",\"@graph\":[{\"@type\":\"Article\",\"@id\":\"https:\\\/\\\/blog.saocamilo-sp.br\\\/index.php\\\/2023\\\/10\\\/19\\\/dia-internacional-da-alimentacao\\\/#article\",\"isPartOf\":{\"@id\":\"https:\\\/\\\/blog.saocamilo-sp.br\\\/index.php\\\/2023\\\/10\\\/19\\\/dia-internacional-da-alimentacao\\\/\"},\"author\":{\"name\":\"Lucas Soares Gon\u00e7alves\",\"@id\":\"https:\\\/\\\/blog.saocamilo-sp.br\\\/#\\\/schema\\\/person\\\/781135418152912d4b58f2db13a2eaf0\"},\"headline\":\"Dia Internacional da Alimenta\u00e7\u00e3o: 5 Benef\u00edcios de uma Alimenta\u00e7\u00e3o Rica em Nutrientes\",\"datePublished\":\"2023-10-19T14:14:51+00:00\",\"dateModified\":\"2023-10-25T20:54:53+00:00\",\"mainEntityOfPage\":{\"@id\":\"https:\\\/\\\/blog.saocamilo-sp.br\\\/index.php\\\/2023\\\/10\\\/19\\\/dia-internacional-da-alimentacao\\\/\"},\"wordCount\":820,\"commentCount\":0,\"publisher\":{\"@id\":\"https:\\\/\\\/blog.saocamilo-sp.br\\\/#organization\"},\"image\":{\"@id\":\"https:\\\/\\\/blog.saocamilo-sp.br\\\/index.php\\\/2023\\\/10\\\/19\\\/dia-internacional-da-alimentacao\\\/#primaryimage\"},\"thumbnailUrl\":\"https:\\\/\\\/blog.saocamilo-sp.br\\\/wp-content\\\/uploads\\\/2023\\\/10\\\/Alimentacao.jpg\",\"keywords\":[\"alimenta\u00e7\u00e3o\",\"Nutri\u00e7\u00e3o\",\"Sa\u00fade\"],\"articleSection\":[\"Cursos\",\"Nutri\u00e7\u00e3o\",\"Sa\u00fade\",\"Vestibular\"],\"inLanguage\":\"pt-BR\",\"potentialAction\":[{\"@type\":\"CommentAction\",\"name\":\"Comment\",\"target\":[\"https:\\\/\\\/blog.saocamilo-sp.br\\\/index.php\\\/2023\\\/10\\\/19\\\/dia-internacional-da-alimentacao\\\/#respond\"]}]},{\"@type\":\"WebPage\",\"@id\":\"https:\\\/\\\/blog.saocamilo-sp.br\\\/index.php\\\/2023\\\/10\\\/19\\\/dia-internacional-da-alimentacao\\\/\",\"url\":\"https:\\\/\\\/blog.saocamilo-sp.br\\\/index.php\\\/2023\\\/10\\\/19\\\/dia-internacional-da-alimentacao\\\/\",\"name\":\"Dia Internacional da Alimenta\u00e7\u00e3o: 5 Benef\u00edcios de uma Alimenta\u00e7\u00e3o Rica em Nutrientes - Blog S\u00e3o Camilo\",\"isPartOf\":{\"@id\":\"https:\\\/\\\/blog.saocamilo-sp.br\\\/#website\"},\"primaryImageOfPage\":{\"@id\":\"https:\\\/\\\/blog.saocamilo-sp.br\\\/index.php\\\/2023\\\/10\\\/19\\\/dia-internacional-da-alimentacao\\\/#primaryimage\"},\"image\":{\"@id\":\"https:\\\/\\\/blog.saocamilo-sp.br\\\/index.php\\\/2023\\\/10\\\/19\\\/dia-internacional-da-alimentacao\\\/#primaryimage\"},\"thumbnailUrl\":\"https:\\\/\\\/blog.saocamilo-sp.br\\\/wp-content\\\/uploads\\\/2023\\\/10\\\/Alimentacao.jpg\",\"datePublished\":\"2023-10-19T14:14:51+00:00\",\"dateModified\":\"2023-10-25T20:54:53+00:00\",\"description\":\"No m\u00eas de outubro, comemora-se o Dia Internacional da Alimenta\u00e7\u00e3o, uma data que nos lembra da import\u00e2ncia de fazer escolhas alimentares...\",\"breadcrumb\":{\"@id\":\"https:\\\/\\\/blog.saocamilo-sp.br\\\/index.php\\\/2023\\\/10\\\/19\\\/dia-internacional-da-alimentacao\\\/#breadcrumb\"},\"inLanguage\":\"pt-BR\",\"potentialAction\":[{\"@type\":\"ReadAction\",\"target\":[\"https:\\\/\\\/blog.saocamilo-sp.br\\\/index.php\\\/2023\\\/10\\\/19\\\/dia-internacional-da-alimentacao\\\/\"]}]},{\"@type\":\"ImageObject\",\"inLanguage\":\"pt-BR\",\"@id\":\"https:\\\/\\\/blog.saocamilo-sp.br\\\/index.php\\\/2023\\\/10\\\/19\\\/dia-internacional-da-alimentacao\\\/#primaryimage\",\"url\":\"https:\\\/\\\/blog.saocamilo-sp.br\\\/wp-content\\\/uploads\\\/2023\\\/10\\\/Alimentacao.jpg\",\"contentUrl\":\"https:\\\/\\\/blog.saocamilo-sp.br\\\/wp-content\\\/uploads\\\/2023\\\/10\\\/Alimentacao.jpg\",\"width\":769,\"height\":518,\"caption\":\"No m\u00eas de outubro, comemora-se o Dia Internacional da Alimenta\u00e7\u00e3o, uma data que nos lembra da import\u00e2ncia de fazer escolhas alimentares conscientes\"},{\"@type\":\"BreadcrumbList\",\"@id\":\"https:\\\/\\\/blog.saocamilo-sp.br\\\/index.php\\\/2023\\\/10\\\/19\\\/dia-internacional-da-alimentacao\\\/#breadcrumb\",\"itemListElement\":[{\"@type\":\"ListItem\",\"position\":1,\"name\":\"In\u00edcio\",\"item\":\"https:\\\/\\\/blog.saocamilo-sp.br\\\/\"},{\"@type\":\"ListItem\",\"position\":2,\"name\":\"Dia Internacional da Alimenta\u00e7\u00e3o: 5 Benef\u00edcios de uma Alimenta\u00e7\u00e3o Rica em Nutrientes\"}]},{\"@type\":\"WebSite\",\"@id\":\"https:\\\/\\\/blog.saocamilo-sp.br\\\/#website\",\"url\":\"https:\\\/\\\/blog.saocamilo-sp.br\\\/\",\"name\":\"Blog S\u00e3o Camilo\",\"description\":\"Blog do Centro Universit\u00e1rio S\u00e3o Camilo\",\"publisher\":{\"@id\":\"https:\\\/\\\/blog.saocamilo-sp.br\\\/#organization\"},\"potentialAction\":[{\"@type\":\"SearchAction\",\"target\":{\"@type\":\"EntryPoint\",\"urlTemplate\":\"https:\\\/\\\/blog.saocamilo-sp.br\\\/?s={search_term_string}\"},\"query-input\":{\"@type\":\"PropertyValueSpecification\",\"valueRequired\":true,\"valueName\":\"search_term_string\"}}],\"inLanguage\":\"pt-BR\"},{\"@type\":\"Organization\",\"@id\":\"https:\\\/\\\/blog.saocamilo-sp.br\\\/#organization\",\"name\":\"Blog S\u00e3o Camilo\",\"url\":\"https:\\\/\\\/blog.saocamilo-sp.br\\\/\",\"logo\":{\"@type\":\"ImageObject\",\"inLanguage\":\"pt-BR\",\"@id\":\"https:\\\/\\\/blog.saocamilo-sp.br\\\/#\\\/schema\\\/logo\\\/image\\\/\",\"url\":\"https:\\\/\\\/blog.saocamilo-sp.br\\\/wp-content\\\/uploads\\\/2021\\\/12\\\/cropped-vazio-logo-topo.png\",\"contentUrl\":\"https:\\\/\\\/blog.saocamilo-sp.br\\\/wp-content\\\/uploads\\\/2021\\\/12\\\/cropped-vazio-logo-topo.png\",\"width\":320,\"height\":240,\"caption\":\"Blog S\u00e3o Camilo\"},\"image\":{\"@id\":\"https:\\\/\\\/blog.saocamilo-sp.br\\\/#\\\/schema\\\/logo\\\/image\\\/\"},\"sameAs\":[\"https:\\\/\\\/www.facebook.com\\\/saocamilosp\",\"https:\\\/\\\/x.com\\\/saocamilosp\",\"https:\\\/\\\/www.linkedin.com\\\/school\\\/centro-universit-rio-s-o-camilo\\\/\"]},{\"@type\":\"Person\",\"@id\":\"https:\\\/\\\/blog.saocamilo-sp.br\\\/#\\\/schema\\\/person\\\/781135418152912d4b58f2db13a2eaf0\",\"name\":\"Lucas Soares Gon\u00e7alves\",\"image\":{\"@type\":\"ImageObject\",\"inLanguage\":\"pt-BR\",\"@id\":\"https:\\\/\\\/secure.gravatar.com\\\/avatar\\\/bcd2d703cbb48116eaac2cac8643792535238ff30b2d7ce9e16f9254ec9cae83?s=96&d=mm&r=g\",\"url\":\"https:\\\/\\\/secure.gravatar.com\\\/avatar\\\/bcd2d703cbb48116eaac2cac8643792535238ff30b2d7ce9e16f9254ec9cae83?s=96&d=mm&r=g\",\"contentUrl\":\"https:\\\/\\\/secure.gravatar.com\\\/avatar\\\/bcd2d703cbb48116eaac2cac8643792535238ff30b2d7ce9e16f9254ec9cae83?s=96&d=mm&r=g\",\"caption\":\"Lucas Soares Gon\u00e7alves\"},\"url\":\"https:\\\/\\\/blog.saocamilo-sp.br\\\/index.php\\\/author\\\/lucas-soares-goncalves\\\/\"}]}<\/script>\n<!-- \/ Yoast SEO plugin. -->","yoast_head_json":{"title":"Dia Internacional da Alimenta\u00e7\u00e3o: 5 Benef\u00edcios de uma Alimenta\u00e7\u00e3o Rica em Nutrientes - Blog S\u00e3o Camilo","description":"No m\u00eas de outubro, comemora-se o Dia Internacional da Alimenta\u00e7\u00e3o, uma data que nos lembra da import\u00e2ncia de fazer escolhas alimentares...","robots":{"index":"index","follow":"follow","max-snippet":"max-snippet:-1","max-image-preview":"max-image-preview:large","max-video-preview":"max-video-preview:-1"},"canonical":"https:\/\/blog.saocamilo-sp.br\/index.php\/2023\/10\/19\/dia-internacional-da-alimentacao\/","og_locale":"pt_BR","og_type":"article","og_title":"Dia Internacional da Alimenta\u00e7\u00e3o: 5 Benef\u00edcios de uma Alimenta\u00e7\u00e3o Rica em Nutrientes - Blog S\u00e3o Camilo","og_description":"No m\u00eas de outubro, comemora-se o Dia Internacional da Alimenta\u00e7\u00e3o, uma data que nos lembra da import\u00e2ncia de fazer escolhas alimentares...","og_url":"https:\/\/blog.saocamilo-sp.br\/index.php\/2023\/10\/19\/dia-internacional-da-alimentacao\/","og_site_name":"Blog S\u00e3o Camilo","article_publisher":"https:\/\/www.facebook.com\/saocamilosp","article_published_time":"2023-10-19T14:14:51+00:00","article_modified_time":"2023-10-25T20:54:53+00:00","og_image":[{"width":769,"height":518,"url":"https:\/\/blog.saocamilo-sp.br\/wp-content\/uploads\/2023\/10\/Alimentacao.jpg","type":"image\/jpeg"}],"author":"Lucas Soares Gon\u00e7alves","twitter_card":"summary_large_image","twitter_creator":"@saocamilosp","twitter_site":"@saocamilosp","twitter_misc":{"Escrito por":"Lucas Soares Gon\u00e7alves","Est. tempo de leitura":"4 minutos"},"schema":{"@context":"https:\/\/schema.org","@graph":[{"@type":"Article","@id":"https:\/\/blog.saocamilo-sp.br\/index.php\/2023\/10\/19\/dia-internacional-da-alimentacao\/#article","isPartOf":{"@id":"https:\/\/blog.saocamilo-sp.br\/index.php\/2023\/10\/19\/dia-internacional-da-alimentacao\/"},"author":{"name":"Lucas Soares Gon\u00e7alves","@id":"https:\/\/blog.saocamilo-sp.br\/#\/schema\/person\/781135418152912d4b58f2db13a2eaf0"},"headline":"Dia Internacional da Alimenta\u00e7\u00e3o: 5 Benef\u00edcios de uma Alimenta\u00e7\u00e3o Rica em Nutrientes","datePublished":"2023-10-19T14:14:51+00:00","dateModified":"2023-10-25T20:54:53+00:00","mainEntityOfPage":{"@id":"https:\/\/blog.saocamilo-sp.br\/index.php\/2023\/10\/19\/dia-internacional-da-alimentacao\/"},"wordCount":820,"commentCount":0,"publisher":{"@id":"https:\/\/blog.saocamilo-sp.br\/#organization"},"image":{"@id":"https:\/\/blog.saocamilo-sp.br\/index.php\/2023\/10\/19\/dia-internacional-da-alimentacao\/#primaryimage"},"thumbnailUrl":"https:\/\/blog.saocamilo-sp.br\/wp-content\/uploads\/2023\/10\/Alimentacao.jpg","keywords":["alimenta\u00e7\u00e3o","Nutri\u00e7\u00e3o","Sa\u00fade"],"articleSection":["Cursos","Nutri\u00e7\u00e3o","Sa\u00fade","Vestibular"],"inLanguage":"pt-BR","potentialAction":[{"@type":"CommentAction","name":"Comment","target":["https:\/\/blog.saocamilo-sp.br\/index.php\/2023\/10\/19\/dia-internacional-da-alimentacao\/#respond"]}]},{"@type":"WebPage","@id":"https:\/\/blog.saocamilo-sp.br\/index.php\/2023\/10\/19\/dia-internacional-da-alimentacao\/","url":"https:\/\/blog.saocamilo-sp.br\/index.php\/2023\/10\/19\/dia-internacional-da-alimentacao\/","name":"Dia Internacional da Alimenta\u00e7\u00e3o: 5 Benef\u00edcios de uma Alimenta\u00e7\u00e3o Rica em Nutrientes - Blog S\u00e3o Camilo","isPartOf":{"@id":"https:\/\/blog.saocamilo-sp.br\/#website"},"primaryImageOfPage":{"@id":"https:\/\/blog.saocamilo-sp.br\/index.php\/2023\/10\/19\/dia-internacional-da-alimentacao\/#primaryimage"},"image":{"@id":"https:\/\/blog.saocamilo-sp.br\/index.php\/2023\/10\/19\/dia-internacional-da-alimentacao\/#primaryimage"},"thumbnailUrl":"https:\/\/blog.saocamilo-sp.br\/wp-content\/uploads\/2023\/10\/Alimentacao.jpg","datePublished":"2023-10-19T14:14:51+00:00","dateModified":"2023-10-25T20:54:53+00:00","description":"No m\u00eas de outubro, comemora-se o Dia Internacional da Alimenta\u00e7\u00e3o, uma data que nos lembra da import\u00e2ncia de fazer escolhas alimentares...","breadcrumb":{"@id":"https:\/\/blog.saocamilo-sp.br\/index.php\/2023\/10\/19\/dia-internacional-da-alimentacao\/#breadcrumb"},"inLanguage":"pt-BR","potentialAction":[{"@type":"ReadAction","target":["https:\/\/blog.saocamilo-sp.br\/index.php\/2023\/10\/19\/dia-internacional-da-alimentacao\/"]}]},{"@type":"ImageObject","inLanguage":"pt-BR","@id":"https:\/\/blog.saocamilo-sp.br\/index.php\/2023\/10\/19\/dia-internacional-da-alimentacao\/#primaryimage","url":"https:\/\/blog.saocamilo-sp.br\/wp-content\/uploads\/2023\/10\/Alimentacao.jpg","contentUrl":"https:\/\/blog.saocamilo-sp.br\/wp-content\/uploads\/2023\/10\/Alimentacao.jpg","width":769,"height":518,"caption":"No m\u00eas de outubro, comemora-se o Dia Internacional da Alimenta\u00e7\u00e3o, uma data que nos lembra da import\u00e2ncia de fazer escolhas alimentares conscientes"},{"@type":"BreadcrumbList","@id":"https:\/\/blog.saocamilo-sp.br\/index.php\/2023\/10\/19\/dia-internacional-da-alimentacao\/#breadcrumb","itemListElement":[{"@type":"ListItem","position":1,"name":"In\u00edcio","item":"https:\/\/blog.saocamilo-sp.br\/"},{"@type":"ListItem","position":2,"name":"Dia Internacional da Alimenta\u00e7\u00e3o: 5 Benef\u00edcios de uma Alimenta\u00e7\u00e3o Rica em Nutrientes"}]},{"@type":"WebSite","@id":"https:\/\/blog.saocamilo-sp.br\/#website","url":"https:\/\/blog.saocamilo-sp.br\/","name":"Blog S\u00e3o Camilo","description":"Blog do Centro Universit\u00e1rio S\u00e3o Camilo","publisher":{"@id":"https:\/\/blog.saocamilo-sp.br\/#organization"},"potentialAction":[{"@type":"SearchAction","target":{"@type":"EntryPoint","urlTemplate":"https:\/\/blog.saocamilo-sp.br\/?s={search_term_string}"},"query-input":{"@type":"PropertyValueSpecification","valueRequired":true,"valueName":"search_term_string"}}],"inLanguage":"pt-BR"},{"@type":"Organization","@id":"https:\/\/blog.saocamilo-sp.br\/#organization","name":"Blog S\u00e3o Camilo","url":"https:\/\/blog.saocamilo-sp.br\/","logo":{"@type":"ImageObject","inLanguage":"pt-BR","@id":"https:\/\/blog.saocamilo-sp.br\/#\/schema\/logo\/image\/","url":"https:\/\/blog.saocamilo-sp.br\/wp-content\/uploads\/2021\/12\/cropped-vazio-logo-topo.png","contentUrl":"https:\/\/blog.saocamilo-sp.br\/wp-content\/uploads\/2021\/12\/cropped-vazio-logo-topo.png","width":320,"height":240,"caption":"Blog S\u00e3o Camilo"},"image":{"@id":"https:\/\/blog.saocamilo-sp.br\/#\/schema\/logo\/image\/"},"sameAs":["https:\/\/www.facebook.com\/saocamilosp","https:\/\/x.com\/saocamilosp","https:\/\/www.linkedin.com\/school\/centro-universit-rio-s-o-camilo\/"]},{"@type":"Person","@id":"https:\/\/blog.saocamilo-sp.br\/#\/schema\/person\/781135418152912d4b58f2db13a2eaf0","name":"Lucas Soares Gon\u00e7alves","image":{"@type":"ImageObject","inLanguage":"pt-BR","@id":"https:\/\/secure.gravatar.com\/avatar\/bcd2d703cbb48116eaac2cac8643792535238ff30b2d7ce9e16f9254ec9cae83?s=96&d=mm&r=g","url":"https:\/\/secure.gravatar.com\/avatar\/bcd2d703cbb48116eaac2cac8643792535238ff30b2d7ce9e16f9254ec9cae83?s=96&d=mm&r=g","contentUrl":"https:\/\/secure.gravatar.com\/avatar\/bcd2d703cbb48116eaac2cac8643792535238ff30b2d7ce9e16f9254ec9cae83?s=96&d=mm&r=g","caption":"Lucas Soares Gon\u00e7alves"},"url":"https:\/\/blog.saocamilo-sp.br\/index.php\/author\/lucas-soares-goncalves\/"}]}},"_links":{"self":[{"href":"https:\/\/blog.saocamilo-sp.br\/index.php\/wp-json\/wp\/v2\/posts\/1829","targetHints":{"allow":["GET"]}}],"collection":[{"href":"https:\/\/blog.saocamilo-sp.br\/index.php\/wp-json\/wp\/v2\/posts"}],"about":[{"href":"https:\/\/blog.saocamilo-sp.br\/index.php\/wp-json\/wp\/v2\/types\/post"}],"author":[{"embeddable":true,"href":"https:\/\/blog.saocamilo-sp.br\/index.php\/wp-json\/wp\/v2\/users\/4"}],"replies":[{"embeddable":true,"href":"https:\/\/blog.saocamilo-sp.br\/index.php\/wp-json\/wp\/v2\/comments?post=1829"}],"version-history":[{"count":5,"href":"https:\/\/blog.saocamilo-sp.br\/index.php\/wp-json\/wp\/v2\/posts\/1829\/revisions"}],"predecessor-version":[{"id":1873,"href":"https:\/\/blog.saocamilo-sp.br\/index.php\/wp-json\/wp\/v2\/posts\/1829\/revisions\/1873"}],"wp:featuredmedia":[{"embeddable":true,"href":"https:\/\/blog.saocamilo-sp.br\/index.php\/wp-json\/wp\/v2\/media\/1832"}],"wp:attachment":[{"href":"https:\/\/blog.saocamilo-sp.br\/index.php\/wp-json\/wp\/v2\/media?parent=1829"}],"wp:term":[{"taxonomy":"category","embeddable":true,"href":"https:\/\/blog.saocamilo-sp.br\/index.php\/wp-json\/wp\/v2\/categories?post=1829"},{"taxonomy":"post_tag","embeddable":true,"href":"https:\/\/blog.saocamilo-sp.br\/index.php\/wp-json\/wp\/v2\/tags?post=1829"}],"curies":[{"name":"wp","href":"https:\/\/api.w.org\/{rel}","templated":true}]}}