{"id":1838,"date":"2023-10-19T14:03:49","date_gmt":"2023-10-19T17:03:49","guid":{"rendered":"https:\/\/blog.saocamilo-sp.br\/?p=1838"},"modified":"2023-10-25T17:51:41","modified_gmt":"2023-10-25T20:51:41","slug":"dia-do-fisioterapeuta","status":"publish","type":"post","link":"https:\/\/blog.saocamilo-sp.br\/index.php\/2023\/10\/19\/dia-do-fisioterapeuta\/","title":{"rendered":"Dia do Fisioterapeuta: Desbravando o Mundo da Fisioterapia"},"content":{"rendered":"\n<p>No Dia Mundial do Fisioterapeuta, celebramos os profissionais que desempenham um papel crucial na recupera\u00e7\u00e3o e no bem-estar de muitas pessoas ao redor do mundo. Este dia n\u00e3o apenas honra a dedica\u00e7\u00e3o e o comprometimento dos fisioterapeutas, mas tamb\u00e9m oferece uma oportunidade \u00fanica para quem busca seguir uma carreira gratificante na \u00e1rea da sa\u00fade. Neste artigo, vamos explorar algumas \u00e1reas de especializa\u00e7\u00e3o na <a href=\"https:\/\/saocamilo-sp.br\/graduacao\/presencial\/fisioterapia\" target=\"_blank\" rel=\"noreferrer noopener\">fisioterapia<\/a> e, al\u00e9m disso, destacaremos as oportunidades de gradua\u00e7\u00e3o e <a href=\"https:\/\/saocamilo-sp.br\/pos_graduacao\/lato_sensu\" target=\"_blank\" rel=\"noreferrer noopener\">p\u00f3s-gradua\u00e7\u00e3o<\/a> oferecidas pelo Centro Universit\u00e1rio S\u00e3o Camilo.<\/p>\n\n\n\n<h3 class=\"wp-block-heading\"><strong>As Oportunidades na Fisioterapia<\/strong><\/h3>\n\n\n\n<p>A fisioterapia \u00e9 uma profiss\u00e3o multifacetada que oferece in\u00fameras oportunidades de especializa\u00e7\u00e3o as \u00e1reas incluem:<\/p>\n\n\n\n<ol class=\"wp-block-list\">\n<li><strong>Fisioterapia Musculoesquel\u00e9tica:<\/strong> Essa \u00e1rea concentra-se no tratamento de les\u00f5es e dist\u00farbios musculares e \u00f3sseos, como as les\u00f5es esportivas e a reabilita\u00e7\u00e3o p\u00f3s-cir\u00fargica.<\/li>\n\n\n\n<li><strong>Fisioterapia Respirat\u00f3ria:<\/strong> Aqui, t\u00e9cnicas de fisioterapia s\u00e3o empregadas para melhorar a fun\u00e7\u00e3o respirat\u00f3ria em pacientes com doen\u00e7as pulmonares.<\/li>\n\n\n\n<li><strong>Fisioterapia Neurol\u00f3gica:<\/strong> Nesta especializa\u00e7\u00e3o, o foco est\u00e1 no tratamento de pacientes com dist\u00farbios neurol\u00f3gicos, como AVC e doen\u00e7a de Parkinson.<\/li>\n<\/ol>\n\n\n\n<h3 class=\"wp-block-heading\"><strong>Por Que Escolher o Centro Universit\u00e1rio S\u00e3o Camilo?<\/strong><\/h3>\n\n\n\n<p>Se voc\u00ea est\u00e1 considerando uma carreira em fisioterapia, o Centro Universit\u00e1rio S\u00e3o Camilo \u00e9 uma excelente escolha para sua forma\u00e7\u00e3o acad\u00eamica. A institui\u00e7\u00e3o oferece um curso de gradua\u00e7\u00e3o em fisioterapia que \u00e9 renomado por sua qualidade de ensino. Com uma abordagem inovadora e corpo docente altamente qualificado, o S\u00e3o Camilo proporciona uma base s\u00f3lida para o seu futuro profissional.<\/p>\n\n\n\n<h3 class=\"wp-block-heading\"><strong>Avan\u00e7ando na Carreira<\/strong> de Fisioterapia<\/h3>\n\n\n\n<p>Para aqueles que desejam aprimorar ainda mais seus conhecimentos e oportunidades de carreira, o Centro Universit\u00e1rio S\u00e3o Camilo tamb\u00e9m oferece programas de p\u00f3s-gradua\u00e7\u00e3o em fisioterapia. Esses cursos proporcionam especializa\u00e7\u00f5es avan\u00e7adas que permitem que voc\u00ea se destaque na \u00e1rea e atue em campos como pesquisa, ensino ou administra\u00e7\u00e3o de cl\u00ednicas.<\/p>\n\n\n\n<h3 class=\"wp-block-heading\">Seja fisioterapeuta na S\u00e3o Camilo!<\/h3>\n\n\n\n<p>Neste Dia Mundial do Fisioterapeuta, saudamos todos os profissionais que fazem a diferen\u00e7a na vida das pessoas. Se voc\u00ea est\u00e1 pensando em ingressar nessa carreira gratificante, considere o Centro Universit\u00e1rio S\u00e3o Camilo para sua forma\u00e7\u00e3o e crescimento profissional. Com uma ampla gama de oportunidades de especializa\u00e7\u00e3o e programas de p\u00f3s-gradua\u00e7\u00e3o, voc\u00ea estar\u00e1 preparado para se destacar e prosperar no campo da fisioterapia. Lembre-se, o mundo da fisioterapia \u00e9 repleto de possibilidades e o S\u00e3o Camilo est\u00e1 pronto para gui\u00e1-lo em sua jornada de sucesso na \u00e1rea da sa\u00fade.<\/p>\n\n\n\n<p>Veja tamb\u00e9m:<\/p>\n\n\n\n<p><a href=\"https:\/\/blog.saocamilo-sp.br\/index.php\/2021\/12\/21\/o-que-se-estuda-no-curso-de-psicologia\/\" target=\"_blank\" rel=\"noreferrer noopener\">O que estuda no curso de psicologia?<\/a><\/p>\n\n\n\n<p><a href=\"https:\/\/blog.saocamilo-sp.br\/index.php\/2023\/07\/08\/estudo-anatomia-pecas-naturais\/\">Descobrindo a Import\u00e2ncia do Estudo de Anatomia com Pe\u00e7as Naturais&nbsp;<\/a><\/p>\n\n\n\n<p><a href=\"https:\/\/blog.saocamilo-sp.br\/index.php\/2023\/06\/29\/motivos-para-turbinar-a-sua-carreira-com-a-capacitacao-esg\/\">Conhe\u00e7a quatro motivos para turbinar a sua carreira com a capacita\u00e7\u00e3o ESG&nbsp;<\/a><\/p>\n\n\n\n<p>Saiba mais sobre nossos cursos:<\/p>\n\n\n\n<iframe loading=\"lazy\" src=\"https:\/\/saocamilo.apprbs.com.br\/tenho-interesse-blog\" height=\"530px\" width=\"100%\" frameborder=\"0\"><\/iframe>\n\n\n\n<p>Compartilhe em:<\/p>\n","protected":false},"excerpt":{"rendered":"<p>Celebramos os profissionais que desempenham um papel crucial na recupera\u00e7\u00e3o e no bem-estar de muitas pessoas ao redor do mundo.<\/p>\n","protected":false},"author":4,"featured_media":1839,"comment_status":"open","ping_status":"open","sticky":false,"template":"","format":"standard","meta":{"cybocfi_hide_featured_image":"","footnotes":""},"categories":[29],"tags":[],"class_list":["post-1838","post","type-post","status-publish","format-standard","has-post-thumbnail","hentry","category-fisioterapia"],"yoast_head":"<!-- This site is optimized with the Yoast SEO plugin v27.5 - https:\/\/yoast.com\/product\/yoast-seo-wordpress\/ -->\n<title>Dia do Fisioterapeuta: Desbravando o Mundo da Fisioterapia - Blog S\u00e3o Camilo<\/title>\n<meta name=\"description\" content=\"No Dia Mundial do Fisioterapeuta, celebramos os profissionais que desempenham um papel crucial na recupera\u00e7\u00e3o e no bem-estar de muitas...\" \/>\n<meta name=\"robots\" content=\"index, follow, max-snippet:-1, max-image-preview:large, max-video-preview:-1\" \/>\n<link rel=\"canonical\" href=\"https:\/\/blog.saocamilo-sp.br\/index.php\/2023\/10\/19\/dia-do-fisioterapeuta\/\" \/>\n<meta property=\"og:locale\" content=\"pt_BR\" \/>\n<meta property=\"og:type\" content=\"article\" \/>\n<meta property=\"og:title\" content=\"Dia do Fisioterapeuta: Desbravando o Mundo da Fisioterapia - Blog S\u00e3o Camilo\" \/>\n<meta property=\"og:description\" content=\"No Dia Mundial do Fisioterapeuta, celebramos os profissionais que desempenham um papel crucial na recupera\u00e7\u00e3o e no bem-estar de muitas...\" \/>\n<meta property=\"og:url\" content=\"https:\/\/blog.saocamilo-sp.br\/index.php\/2023\/10\/19\/dia-do-fisioterapeuta\/\" \/>\n<meta property=\"og:site_name\" content=\"Blog S\u00e3o Camilo\" \/>\n<meta property=\"article:publisher\" content=\"https:\/\/www.facebook.com\/saocamilosp\" \/>\n<meta property=\"article:published_time\" content=\"2023-10-19T17:03:49+00:00\" \/>\n<meta property=\"article:modified_time\" content=\"2023-10-25T20:51:41+00:00\" \/>\n<meta property=\"og:image\" content=\"https:\/\/blog.saocamilo-sp.br\/wp-content\/uploads\/2023\/10\/Fisioterapeuta.jpg\" \/>\n\t<meta property=\"og:image:width\" content=\"768\" \/>\n\t<meta property=\"og:image:height\" content=\"518\" \/>\n\t<meta property=\"og:image:type\" content=\"image\/jpeg\" \/>\n<meta name=\"author\" content=\"Lucas Soares Gon\u00e7alves\" \/>\n<meta name=\"twitter:card\" content=\"summary_large_image\" \/>\n<meta name=\"twitter:creator\" content=\"@saocamilosp\" \/>\n<meta name=\"twitter:site\" content=\"@saocamilosp\" \/>\n<meta name=\"twitter:label1\" content=\"Escrito por\" \/>\n\t<meta name=\"twitter:data1\" content=\"Lucas Soares Gon\u00e7alves\" \/>\n\t<meta name=\"twitter:label2\" content=\"Est. tempo de leitura\" \/>\n\t<meta name=\"twitter:data2\" content=\"3 minutos\" \/>\n<script type=\"application\/ld+json\" class=\"yoast-schema-graph\">{\"@context\":\"https:\\\/\\\/schema.org\",\"@graph\":[{\"@type\":\"Article\",\"@id\":\"https:\\\/\\\/blog.saocamilo-sp.br\\\/index.php\\\/2023\\\/10\\\/19\\\/dia-do-fisioterapeuta\\\/#article\",\"isPartOf\":{\"@id\":\"https:\\\/\\\/blog.saocamilo-sp.br\\\/index.php\\\/2023\\\/10\\\/19\\\/dia-do-fisioterapeuta\\\/\"},\"author\":{\"name\":\"Lucas Soares Gon\u00e7alves\",\"@id\":\"https:\\\/\\\/blog.saocamilo-sp.br\\\/#\\\/schema\\\/person\\\/781135418152912d4b58f2db13a2eaf0\"},\"headline\":\"Dia do Fisioterapeuta: Desbravando o Mundo da Fisioterapia\",\"datePublished\":\"2023-10-19T17:03:49+00:00\",\"dateModified\":\"2023-10-25T20:51:41+00:00\",\"mainEntityOfPage\":{\"@id\":\"https:\\\/\\\/blog.saocamilo-sp.br\\\/index.php\\\/2023\\\/10\\\/19\\\/dia-do-fisioterapeuta\\\/\"},\"wordCount\":486,\"commentCount\":0,\"publisher\":{\"@id\":\"https:\\\/\\\/blog.saocamilo-sp.br\\\/#organization\"},\"image\":{\"@id\":\"https:\\\/\\\/blog.saocamilo-sp.br\\\/index.php\\\/2023\\\/10\\\/19\\\/dia-do-fisioterapeuta\\\/#primaryimage\"},\"thumbnailUrl\":\"https:\\\/\\\/blog.saocamilo-sp.br\\\/wp-content\\\/uploads\\\/2023\\\/10\\\/Fisioterapeuta.jpg\",\"articleSection\":[\"Fisioterapia\"],\"inLanguage\":\"pt-BR\",\"potentialAction\":[{\"@type\":\"CommentAction\",\"name\":\"Comment\",\"target\":[\"https:\\\/\\\/blog.saocamilo-sp.br\\\/index.php\\\/2023\\\/10\\\/19\\\/dia-do-fisioterapeuta\\\/#respond\"]}]},{\"@type\":\"WebPage\",\"@id\":\"https:\\\/\\\/blog.saocamilo-sp.br\\\/index.php\\\/2023\\\/10\\\/19\\\/dia-do-fisioterapeuta\\\/\",\"url\":\"https:\\\/\\\/blog.saocamilo-sp.br\\\/index.php\\\/2023\\\/10\\\/19\\\/dia-do-fisioterapeuta\\\/\",\"name\":\"Dia do Fisioterapeuta: Desbravando o Mundo da Fisioterapia - Blog S\u00e3o Camilo\",\"isPartOf\":{\"@id\":\"https:\\\/\\\/blog.saocamilo-sp.br\\\/#website\"},\"primaryImageOfPage\":{\"@id\":\"https:\\\/\\\/blog.saocamilo-sp.br\\\/index.php\\\/2023\\\/10\\\/19\\\/dia-do-fisioterapeuta\\\/#primaryimage\"},\"image\":{\"@id\":\"https:\\\/\\\/blog.saocamilo-sp.br\\\/index.php\\\/2023\\\/10\\\/19\\\/dia-do-fisioterapeuta\\\/#primaryimage\"},\"thumbnailUrl\":\"https:\\\/\\\/blog.saocamilo-sp.br\\\/wp-content\\\/uploads\\\/2023\\\/10\\\/Fisioterapeuta.jpg\",\"datePublished\":\"2023-10-19T17:03:49+00:00\",\"dateModified\":\"2023-10-25T20:51:41+00:00\",\"description\":\"No Dia Mundial do Fisioterapeuta, celebramos os profissionais que desempenham um papel crucial na recupera\u00e7\u00e3o e no bem-estar de muitas...\",\"breadcrumb\":{\"@id\":\"https:\\\/\\\/blog.saocamilo-sp.br\\\/index.php\\\/2023\\\/10\\\/19\\\/dia-do-fisioterapeuta\\\/#breadcrumb\"},\"inLanguage\":\"pt-BR\",\"potentialAction\":[{\"@type\":\"ReadAction\",\"target\":[\"https:\\\/\\\/blog.saocamilo-sp.br\\\/index.php\\\/2023\\\/10\\\/19\\\/dia-do-fisioterapeuta\\\/\"]}]},{\"@type\":\"ImageObject\",\"inLanguage\":\"pt-BR\",\"@id\":\"https:\\\/\\\/blog.saocamilo-sp.br\\\/index.php\\\/2023\\\/10\\\/19\\\/dia-do-fisioterapeuta\\\/#primaryimage\",\"url\":\"https:\\\/\\\/blog.saocamilo-sp.br\\\/wp-content\\\/uploads\\\/2023\\\/10\\\/Fisioterapeuta.jpg\",\"contentUrl\":\"https:\\\/\\\/blog.saocamilo-sp.br\\\/wp-content\\\/uploads\\\/2023\\\/10\\\/Fisioterapeuta.jpg\",\"width\":768,\"height\":518},{\"@type\":\"BreadcrumbList\",\"@id\":\"https:\\\/\\\/blog.saocamilo-sp.br\\\/index.php\\\/2023\\\/10\\\/19\\\/dia-do-fisioterapeuta\\\/#breadcrumb\",\"itemListElement\":[{\"@type\":\"ListItem\",\"position\":1,\"name\":\"In\u00edcio\",\"item\":\"https:\\\/\\\/blog.saocamilo-sp.br\\\/\"},{\"@type\":\"ListItem\",\"position\":2,\"name\":\"Dia do Fisioterapeuta: Desbravando o Mundo da Fisioterapia\"}]},{\"@type\":\"WebSite\",\"@id\":\"https:\\\/\\\/blog.saocamilo-sp.br\\\/#website\",\"url\":\"https:\\\/\\\/blog.saocamilo-sp.br\\\/\",\"name\":\"Blog S\u00e3o Camilo\",\"description\":\"Blog do Centro Universit\u00e1rio S\u00e3o Camilo\",\"publisher\":{\"@id\":\"https:\\\/\\\/blog.saocamilo-sp.br\\\/#organization\"},\"potentialAction\":[{\"@type\":\"SearchAction\",\"target\":{\"@type\":\"EntryPoint\",\"urlTemplate\":\"https:\\\/\\\/blog.saocamilo-sp.br\\\/?s={search_term_string}\"},\"query-input\":{\"@type\":\"PropertyValueSpecification\",\"valueRequired\":true,\"valueName\":\"search_term_string\"}}],\"inLanguage\":\"pt-BR\"},{\"@type\":\"Organization\",\"@id\":\"https:\\\/\\\/blog.saocamilo-sp.br\\\/#organization\",\"name\":\"Blog S\u00e3o Camilo\",\"url\":\"https:\\\/\\\/blog.saocamilo-sp.br\\\/\",\"logo\":{\"@type\":\"ImageObject\",\"inLanguage\":\"pt-BR\",\"@id\":\"https:\\\/\\\/blog.saocamilo-sp.br\\\/#\\\/schema\\\/logo\\\/image\\\/\",\"url\":\"https:\\\/\\\/blog.saocamilo-sp.br\\\/wp-content\\\/uploads\\\/2021\\\/12\\\/cropped-vazio-logo-topo.png\",\"contentUrl\":\"https:\\\/\\\/blog.saocamilo-sp.br\\\/wp-content\\\/uploads\\\/2021\\\/12\\\/cropped-vazio-logo-topo.png\",\"width\":320,\"height\":240,\"caption\":\"Blog S\u00e3o Camilo\"},\"image\":{\"@id\":\"https:\\\/\\\/blog.saocamilo-sp.br\\\/#\\\/schema\\\/logo\\\/image\\\/\"},\"sameAs\":[\"https:\\\/\\\/www.facebook.com\\\/saocamilosp\",\"https:\\\/\\\/x.com\\\/saocamilosp\",\"https:\\\/\\\/www.linkedin.com\\\/school\\\/centro-universit-rio-s-o-camilo\\\/\"]},{\"@type\":\"Person\",\"@id\":\"https:\\\/\\\/blog.saocamilo-sp.br\\\/#\\\/schema\\\/person\\\/781135418152912d4b58f2db13a2eaf0\",\"name\":\"Lucas Soares Gon\u00e7alves\",\"image\":{\"@type\":\"ImageObject\",\"inLanguage\":\"pt-BR\",\"@id\":\"https:\\\/\\\/secure.gravatar.com\\\/avatar\\\/bcd2d703cbb48116eaac2cac8643792535238ff30b2d7ce9e16f9254ec9cae83?s=96&d=mm&r=g\",\"url\":\"https:\\\/\\\/secure.gravatar.com\\\/avatar\\\/bcd2d703cbb48116eaac2cac8643792535238ff30b2d7ce9e16f9254ec9cae83?s=96&d=mm&r=g\",\"contentUrl\":\"https:\\\/\\\/secure.gravatar.com\\\/avatar\\\/bcd2d703cbb48116eaac2cac8643792535238ff30b2d7ce9e16f9254ec9cae83?s=96&d=mm&r=g\",\"caption\":\"Lucas Soares Gon\u00e7alves\"},\"url\":\"https:\\\/\\\/blog.saocamilo-sp.br\\\/index.php\\\/author\\\/lucas-soares-goncalves\\\/\"}]}<\/script>\n<!-- \/ Yoast SEO plugin. -->","yoast_head_json":{"title":"Dia do Fisioterapeuta: Desbravando o Mundo da Fisioterapia - Blog S\u00e3o Camilo","description":"No Dia Mundial do Fisioterapeuta, celebramos os profissionais que desempenham um papel crucial na recupera\u00e7\u00e3o e no bem-estar de muitas...","robots":{"index":"index","follow":"follow","max-snippet":"max-snippet:-1","max-image-preview":"max-image-preview:large","max-video-preview":"max-video-preview:-1"},"canonical":"https:\/\/blog.saocamilo-sp.br\/index.php\/2023\/10\/19\/dia-do-fisioterapeuta\/","og_locale":"pt_BR","og_type":"article","og_title":"Dia do Fisioterapeuta: Desbravando o Mundo da Fisioterapia - Blog S\u00e3o Camilo","og_description":"No Dia Mundial do Fisioterapeuta, celebramos os profissionais que desempenham um papel crucial na recupera\u00e7\u00e3o e no bem-estar de muitas...","og_url":"https:\/\/blog.saocamilo-sp.br\/index.php\/2023\/10\/19\/dia-do-fisioterapeuta\/","og_site_name":"Blog S\u00e3o Camilo","article_publisher":"https:\/\/www.facebook.com\/saocamilosp","article_published_time":"2023-10-19T17:03:49+00:00","article_modified_time":"2023-10-25T20:51:41+00:00","og_image":[{"width":768,"height":518,"url":"https:\/\/blog.saocamilo-sp.br\/wp-content\/uploads\/2023\/10\/Fisioterapeuta.jpg","type":"image\/jpeg"}],"author":"Lucas Soares Gon\u00e7alves","twitter_card":"summary_large_image","twitter_creator":"@saocamilosp","twitter_site":"@saocamilosp","twitter_misc":{"Escrito por":"Lucas Soares Gon\u00e7alves","Est. tempo de leitura":"3 minutos"},"schema":{"@context":"https:\/\/schema.org","@graph":[{"@type":"Article","@id":"https:\/\/blog.saocamilo-sp.br\/index.php\/2023\/10\/19\/dia-do-fisioterapeuta\/#article","isPartOf":{"@id":"https:\/\/blog.saocamilo-sp.br\/index.php\/2023\/10\/19\/dia-do-fisioterapeuta\/"},"author":{"name":"Lucas Soares Gon\u00e7alves","@id":"https:\/\/blog.saocamilo-sp.br\/#\/schema\/person\/781135418152912d4b58f2db13a2eaf0"},"headline":"Dia do Fisioterapeuta: Desbravando o Mundo da Fisioterapia","datePublished":"2023-10-19T17:03:49+00:00","dateModified":"2023-10-25T20:51:41+00:00","mainEntityOfPage":{"@id":"https:\/\/blog.saocamilo-sp.br\/index.php\/2023\/10\/19\/dia-do-fisioterapeuta\/"},"wordCount":486,"commentCount":0,"publisher":{"@id":"https:\/\/blog.saocamilo-sp.br\/#organization"},"image":{"@id":"https:\/\/blog.saocamilo-sp.br\/index.php\/2023\/10\/19\/dia-do-fisioterapeuta\/#primaryimage"},"thumbnailUrl":"https:\/\/blog.saocamilo-sp.br\/wp-content\/uploads\/2023\/10\/Fisioterapeuta.jpg","articleSection":["Fisioterapia"],"inLanguage":"pt-BR","potentialAction":[{"@type":"CommentAction","name":"Comment","target":["https:\/\/blog.saocamilo-sp.br\/index.php\/2023\/10\/19\/dia-do-fisioterapeuta\/#respond"]}]},{"@type":"WebPage","@id":"https:\/\/blog.saocamilo-sp.br\/index.php\/2023\/10\/19\/dia-do-fisioterapeuta\/","url":"https:\/\/blog.saocamilo-sp.br\/index.php\/2023\/10\/19\/dia-do-fisioterapeuta\/","name":"Dia do Fisioterapeuta: Desbravando o Mundo da Fisioterapia - Blog S\u00e3o Camilo","isPartOf":{"@id":"https:\/\/blog.saocamilo-sp.br\/#website"},"primaryImageOfPage":{"@id":"https:\/\/blog.saocamilo-sp.br\/index.php\/2023\/10\/19\/dia-do-fisioterapeuta\/#primaryimage"},"image":{"@id":"https:\/\/blog.saocamilo-sp.br\/index.php\/2023\/10\/19\/dia-do-fisioterapeuta\/#primaryimage"},"thumbnailUrl":"https:\/\/blog.saocamilo-sp.br\/wp-content\/uploads\/2023\/10\/Fisioterapeuta.jpg","datePublished":"2023-10-19T17:03:49+00:00","dateModified":"2023-10-25T20:51:41+00:00","description":"No Dia Mundial do Fisioterapeuta, celebramos os profissionais que desempenham um papel crucial na recupera\u00e7\u00e3o e no bem-estar de muitas...","breadcrumb":{"@id":"https:\/\/blog.saocamilo-sp.br\/index.php\/2023\/10\/19\/dia-do-fisioterapeuta\/#breadcrumb"},"inLanguage":"pt-BR","potentialAction":[{"@type":"ReadAction","target":["https:\/\/blog.saocamilo-sp.br\/index.php\/2023\/10\/19\/dia-do-fisioterapeuta\/"]}]},{"@type":"ImageObject","inLanguage":"pt-BR","@id":"https:\/\/blog.saocamilo-sp.br\/index.php\/2023\/10\/19\/dia-do-fisioterapeuta\/#primaryimage","url":"https:\/\/blog.saocamilo-sp.br\/wp-content\/uploads\/2023\/10\/Fisioterapeuta.jpg","contentUrl":"https:\/\/blog.saocamilo-sp.br\/wp-content\/uploads\/2023\/10\/Fisioterapeuta.jpg","width":768,"height":518},{"@type":"BreadcrumbList","@id":"https:\/\/blog.saocamilo-sp.br\/index.php\/2023\/10\/19\/dia-do-fisioterapeuta\/#breadcrumb","itemListElement":[{"@type":"ListItem","position":1,"name":"In\u00edcio","item":"https:\/\/blog.saocamilo-sp.br\/"},{"@type":"ListItem","position":2,"name":"Dia do Fisioterapeuta: Desbravando o Mundo da Fisioterapia"}]},{"@type":"WebSite","@id":"https:\/\/blog.saocamilo-sp.br\/#website","url":"https:\/\/blog.saocamilo-sp.br\/","name":"Blog S\u00e3o Camilo","description":"Blog do Centro Universit\u00e1rio S\u00e3o Camilo","publisher":{"@id":"https:\/\/blog.saocamilo-sp.br\/#organization"},"potentialAction":[{"@type":"SearchAction","target":{"@type":"EntryPoint","urlTemplate":"https:\/\/blog.saocamilo-sp.br\/?s={search_term_string}"},"query-input":{"@type":"PropertyValueSpecification","valueRequired":true,"valueName":"search_term_string"}}],"inLanguage":"pt-BR"},{"@type":"Organization","@id":"https:\/\/blog.saocamilo-sp.br\/#organization","name":"Blog S\u00e3o Camilo","url":"https:\/\/blog.saocamilo-sp.br\/","logo":{"@type":"ImageObject","inLanguage":"pt-BR","@id":"https:\/\/blog.saocamilo-sp.br\/#\/schema\/logo\/image\/","url":"https:\/\/blog.saocamilo-sp.br\/wp-content\/uploads\/2021\/12\/cropped-vazio-logo-topo.png","contentUrl":"https:\/\/blog.saocamilo-sp.br\/wp-content\/uploads\/2021\/12\/cropped-vazio-logo-topo.png","width":320,"height":240,"caption":"Blog S\u00e3o Camilo"},"image":{"@id":"https:\/\/blog.saocamilo-sp.br\/#\/schema\/logo\/image\/"},"sameAs":["https:\/\/www.facebook.com\/saocamilosp","https:\/\/x.com\/saocamilosp","https:\/\/www.linkedin.com\/school\/centro-universit-rio-s-o-camilo\/"]},{"@type":"Person","@id":"https:\/\/blog.saocamilo-sp.br\/#\/schema\/person\/781135418152912d4b58f2db13a2eaf0","name":"Lucas Soares Gon\u00e7alves","image":{"@type":"ImageObject","inLanguage":"pt-BR","@id":"https:\/\/secure.gravatar.com\/avatar\/bcd2d703cbb48116eaac2cac8643792535238ff30b2d7ce9e16f9254ec9cae83?s=96&d=mm&r=g","url":"https:\/\/secure.gravatar.com\/avatar\/bcd2d703cbb48116eaac2cac8643792535238ff30b2d7ce9e16f9254ec9cae83?s=96&d=mm&r=g","contentUrl":"https:\/\/secure.gravatar.com\/avatar\/bcd2d703cbb48116eaac2cac8643792535238ff30b2d7ce9e16f9254ec9cae83?s=96&d=mm&r=g","caption":"Lucas Soares Gon\u00e7alves"},"url":"https:\/\/blog.saocamilo-sp.br\/index.php\/author\/lucas-soares-goncalves\/"}]}},"_links":{"self":[{"href":"https:\/\/blog.saocamilo-sp.br\/index.php\/wp-json\/wp\/v2\/posts\/1838","targetHints":{"allow":["GET"]}}],"collection":[{"href":"https:\/\/blog.saocamilo-sp.br\/index.php\/wp-json\/wp\/v2\/posts"}],"about":[{"href":"https:\/\/blog.saocamilo-sp.br\/index.php\/wp-json\/wp\/v2\/types\/post"}],"author":[{"embeddable":true,"href":"https:\/\/blog.saocamilo-sp.br\/index.php\/wp-json\/wp\/v2\/users\/4"}],"replies":[{"embeddable":true,"href":"https:\/\/blog.saocamilo-sp.br\/index.php\/wp-json\/wp\/v2\/comments?post=1838"}],"version-history":[{"count":4,"href":"https:\/\/blog.saocamilo-sp.br\/index.php\/wp-json\/wp\/v2\/posts\/1838\/revisions"}],"predecessor-version":[{"id":1869,"href":"https:\/\/blog.saocamilo-sp.br\/index.php\/wp-json\/wp\/v2\/posts\/1838\/revisions\/1869"}],"wp:featuredmedia":[{"embeddable":true,"href":"https:\/\/blog.saocamilo-sp.br\/index.php\/wp-json\/wp\/v2\/media\/1839"}],"wp:attachment":[{"href":"https:\/\/blog.saocamilo-sp.br\/index.php\/wp-json\/wp\/v2\/media?parent=1838"}],"wp:term":[{"taxonomy":"category","embeddable":true,"href":"https:\/\/blog.saocamilo-sp.br\/index.php\/wp-json\/wp\/v2\/categories?post=1838"},{"taxonomy":"post_tag","embeddable":true,"href":"https:\/\/blog.saocamilo-sp.br\/index.php\/wp-json\/wp\/v2\/tags?post=1838"}],"curies":[{"name":"wp","href":"https:\/\/api.w.org\/{rel}","templated":true}]}}