{"id":1846,"date":"2023-11-01T10:58:43","date_gmt":"2023-11-01T13:58:43","guid":{"rendered":"https:\/\/blog.saocamilo-sp.br\/?p=1846"},"modified":"2023-11-02T16:31:08","modified_gmt":"2023-11-02T19:31:08","slug":"nutricao-e-medicina-trabalho-da-profa-fernanda-nakamoto-recebe-premio-de-1-lugar-no-congresso-de-nutricao-esportiva","status":"publish","type":"post","link":"https:\/\/blog.saocamilo-sp.br\/index.php\/2023\/11\/01\/nutricao-e-medicina-trabalho-da-profa-fernanda-nakamoto-recebe-premio-de-1-lugar-no-congresso-de-nutricao-esportiva\/","title":{"rendered":"Trabalho da Profa. Fernanda Nakamoto conquista 1\u00b0 lugar no Congresso de Nutri\u00e7\u00e3o Esportiva"},"content":{"rendered":"\n<h3 class=\"wp-block-heading\"><strong> Explorando a Pesquisa no Laborat\u00f3rio PROMOVE do CUSC<\/strong><\/h3>\n\n\n\n<p>No Laborat\u00f3rio de Pesquisa do Exerc\u00edcio e Qualidade de Vida, localizado na <a href=\"https:\/\/saocamilo-sp.br\/institucional\/servicos_comunidade\/clnica_escola_promove\" target=\"_blank\" rel=\"noreferrer noopener\">cl\u00ednica-escola PROMOVE<\/a> do CUSC, estamos comprometidos com a investiga\u00e7\u00e3o aprofundada dos par\u00e2metros hormonais, nutricionais, de qualidade do sono, de composi\u00e7\u00e3o corporal e desempenho f\u00edsico de mulheres que se dedicam ao Crossfit na cidade de S\u00e3o Paulo. Este projeto visa a caracteriza\u00e7\u00e3o desta popula\u00e7\u00e3o e a detec\u00e7\u00e3o de uma poss\u00edvel baixa disponibilidade energ\u00e9tica, um fen\u00f4meno que se manifesta quando a ingest\u00e3o cal\u00f3rica, especialmente de carboidratos, \u00e9 insuficiente para atender \u00e0s necessidades energ\u00e9ticas di\u00e1rias.<\/p>\n\n\n\n<h3 class=\"wp-block-heading\"><strong>Os Impactos da Baixa Disponibilidade Energ\u00e9tica: Um Cen\u00e1rio Complexo<\/strong><\/h3>\n\n\n\n<p> A baixa disponibilidade energ\u00e9tica desencadeia uma s\u00e9rie de modifica\u00e7\u00f5es no organismo, como tentativa de compensa\u00e7\u00e3o do d\u00e9ficit energ\u00e9tico. A longo prazo, as mulheres praticantes de crossfit podem estar em risco de desenvolver a Tr\u00edade da Mulher Atleta, que engloba n\u00e3o apenas a falta de energia, mas tamb\u00e9m altera\u00e7\u00f5es no ciclo menstrual e nos ossos. Al\u00e9m disso, h\u00e1 a possibilidade de chegarem \u00e0 Defici\u00eancia Energ\u00e9tica Relativa no Esporte, uma s\u00edndrome mais complexa caracterizada por disfun\u00e7\u00f5es fisiol\u00f3gicas abrangentes em nosso organismo, juntamente com uma queda no desempenho f\u00edsico, o que \u00e9 uma preocupa\u00e7\u00e3o relevante para atletas.<\/p>\n\n\n\n<h3 class=\"wp-block-heading\"><strong>Resultados e Reconhecimento: Premia\u00e7\u00f5es e Eventos Anteriores<\/strong><\/h3>\n\n\n\n<p> A primeira fase de coleta de dados foi conclu\u00edda no meio do ano, resultando nos dados que foram apresentados em eventos anteriores, como o Congresso Brasileiro de Metabolismo, Nutri\u00e7\u00e3o e Exerc\u00edcio em Londrina (maio\/2023) e o Congresso Europeu de Ci\u00eancias do Esporte em Paris (julho\/2023). Recentemente, recebemos o reconhecimento de nosso trabalho, conquistando o primeiro lugar em um evento de pr\u00eamios realizado nos dias 06 e 07 de outubro.<\/p>\n\n\n\n<h3 class=\"wp-block-heading\"><strong>Colabora\u00e7\u00e3o e Dedica\u00e7\u00e3o: Nossa Equipe de Pesquisadores<\/strong><\/h3>\n\n\n\n<p>Este projeto \u00e9 uma colabora\u00e7\u00e3o entre uma equipe dedicada de pesquisadores e estudantes de inicia\u00e7\u00e3o cient\u00edfica, juntamente com nossa parceria com a Universidade Federal de S\u00e3o Paulo (UNIFESP).<\/p>\n\n\n\n<h3 class=\"wp-block-heading\"><strong>Pr\u00f3ximos Passos: Apresenta\u00e7\u00f5es Futuras e Publica\u00e7\u00e3o Cient\u00edfica<\/strong><\/h3>\n\n\n\n<p>Outros dados ser\u00e3o apresentados no Congresso da Associa\u00e7\u00e3o Brasileira de Nutri\u00e7\u00e3o Esportiva, programado para novembro, e ser\u00e3o apresentados por uma de nossas estudantes de inicia\u00e7\u00e3o cient\u00edfica. Atualmente, estamos na fase de elabora\u00e7\u00e3o do artigo para submiss\u00e3o em uma renomada revista cient\u00edfica internacional.<\/p>\n\n\n\n<h3 class=\"wp-block-heading\"><strong>A Equipe de Pesquisadores: Especialistas em Nutri\u00e7\u00e3o e Esporte<\/strong><\/h3>\n\n\n\n<p> Este trabalho conta com a dedica\u00e7\u00e3o e expertise dos seguintes pesquisadores:<\/p>\n\n\n\n<ul class=\"wp-block-list\">\n<li>Prof. Dr. Marcus Vin\u00edcius Lucio dos Santos Quaresma<\/li>\n\n\n\n<li>Prof. Dr. Leonardo Azevedo Mobilia \u00c1lvares<\/li>\n\n\n\n<li>Prof. Dr. Raphael Einsfeld Sim\u00f5es<\/li>\n\n\n\n<li>Prof. Dr. Ronaldo Vagner Thomatieli dos Santos (Docente e pesquisador da UNIFESP)<\/li>\n\n\n\n<li>Aline Staibano (nutricionista e t\u00e9cnica do laborat\u00f3rio de pesquisa)<\/li>\n<\/ul>\n\n\n\n<h3 class=\"wp-block-heading\"><strong>Estudantes de Inicia\u00e7\u00e3o Cient\u00edfica: A Pr\u00f3xima Gera\u00e7\u00e3o de Pesquisadores<\/strong> <\/h3>\n\n\n\n<p>Al\u00e9m disso, nossa equipe de estudantes de inicia\u00e7\u00e3o cient\u00edfica \u00e9 composta por:<\/p>\n\n\n\n<ul class=\"wp-block-list\">\n<li>Caroline Soares Santos (Nutri\u00e7\u00e3o)<\/li>\n\n\n\n<li>Vin\u00edcius Luiz Cristofolini (Medicina)<\/li>\n\n\n\n<li>Camila Balbino Rossi (Medicina)<\/li>\n\n\n\n<li>Amanda Sabio Rodrigues (Medicina)<\/li>\n<\/ul>\n\n\n\n<p>Aguardamos ansiosamente os resultados de nossa pesquisa e a oportunidade de contribuir para o avan\u00e7o do conhecimento na \u00e1rea da nutri\u00e7\u00e3o esportiva e qualidade de vida das mulheres praticantes de Crossfit.<\/p>\n\n\n\n<p>Veja tamb\u00e9m:<\/p>\n\n\n\n<p><a href=\"https:\/\/blog.saocamilo-sp.br\/index.php\/2021\/12\/21\/o-que-se-estuda-no-curso-de-psicologia\/\" target=\"_blank\" rel=\"noreferrer noopener\">O que estuda no curso de psicologia?<\/a><\/p>\n\n\n\n<p><a href=\"https:\/\/blog.saocamilo-sp.br\/index.php\/2023\/07\/08\/estudo-anatomia-pecas-naturais\/\">Descobrindo a Import\u00e2ncia do Estudo de Anatomia com Pe\u00e7as Naturais&nbsp;<\/a><\/p>\n\n\n\n<p><a href=\"https:\/\/blog.saocamilo-sp.br\/index.php\/2023\/06\/29\/motivos-para-turbinar-a-sua-carreira-com-a-capacitacao-esg\/\">Conhe\u00e7a quatro motivos para turbinar a sua carreira com a capacita\u00e7\u00e3o ESG&nbsp;<\/a><\/p>\n\n\n\n<p>Saiba mais sobre nossos cursos:<\/p>\n\n\n\n<iframe loading=\"lazy\" src=\"https:\/\/saocamilo.apprbs.com.br\/tenho-interesse-blog\" height=\"530px\" width=\"100%\" frameborder=\"0\"><\/iframe>\n\n\n\n<p>Compartilhe em:<\/p>\n","protected":false},"excerpt":{"rendered":"<p>Trabalho foi desenvolvido no Laborat\u00f3rio de Pesquisa do Exerc\u00edcio e Qualidade de Vida da Cl\u00ednica-escola PROMOVE.<\/p>\n","protected":false},"author":4,"featured_media":1908,"comment_status":"open","ping_status":"open","sticky":false,"template":"","format":"standard","meta":{"cybocfi_hide_featured_image":"","footnotes":""},"categories":[29,30,24,111],"tags":[80],"class_list":["post-1846","post","type-post","status-publish","format-standard","has-post-thumbnail","hentry","category-fisioterapia","category-medicina","category-nutricao","category-pesquisas","tag-pesquisa"],"yoast_head":"<!-- This site is optimized with the Yoast SEO plugin v27.4 - https:\/\/yoast.com\/product\/yoast-seo-wordpress\/ -->\n<title>Trabalho da Profa. Fernanda Nakamoto conquista 1\u00b0 lugar no Congresso de Nutri\u00e7\u00e3o Esportiva - Blog S\u00e3o Camilo<\/title>\n<meta name=\"description\" content=\"No Laborat\u00f3rio de Pesquisa do Exerc\u00edcio e Qualidade de Vida, localizado na cl\u00ednica-escola PROMOVE do CUSC....\" \/>\n<meta name=\"robots\" content=\"index, follow, max-snippet:-1, max-image-preview:large, max-video-preview:-1\" \/>\n<link rel=\"canonical\" href=\"https:\/\/blog.saocamilo-sp.br\/index.php\/2023\/11\/01\/nutricao-e-medicina-trabalho-da-profa-fernanda-nakamoto-recebe-premio-de-1-lugar-no-congresso-de-nutricao-esportiva\/\" \/>\n<meta property=\"og:locale\" content=\"pt_BR\" \/>\n<meta property=\"og:type\" content=\"article\" \/>\n<meta property=\"og:title\" content=\"Trabalho da Profa. Fernanda Nakamoto conquista 1\u00b0 lugar no Congresso de Nutri\u00e7\u00e3o Esportiva - Blog S\u00e3o Camilo\" \/>\n<meta property=\"og:description\" content=\"No Laborat\u00f3rio de Pesquisa do Exerc\u00edcio e Qualidade de Vida, localizado na cl\u00ednica-escola PROMOVE do CUSC....\" \/>\n<meta property=\"og:url\" content=\"https:\/\/blog.saocamilo-sp.br\/index.php\/2023\/11\/01\/nutricao-e-medicina-trabalho-da-profa-fernanda-nakamoto-recebe-premio-de-1-lugar-no-congresso-de-nutricao-esportiva\/\" \/>\n<meta property=\"og:site_name\" content=\"Blog S\u00e3o Camilo\" \/>\n<meta property=\"article:publisher\" content=\"https:\/\/www.facebook.com\/saocamilosp\" \/>\n<meta property=\"article:published_time\" content=\"2023-11-01T13:58:43+00:00\" \/>\n<meta property=\"article:modified_time\" content=\"2023-11-02T19:31:08+00:00\" \/>\n<meta property=\"og:image\" content=\"https:\/\/blog.saocamilo-sp.br\/wp-content\/uploads\/2023\/11\/Premio-Professora.jpg\" \/>\n\t<meta property=\"og:image:width\" content=\"769\" \/>\n\t<meta property=\"og:image:height\" content=\"519\" \/>\n\t<meta property=\"og:image:type\" content=\"image\/jpeg\" \/>\n<meta name=\"author\" content=\"Lucas Soares Gon\u00e7alves\" \/>\n<meta name=\"twitter:card\" content=\"summary_large_image\" \/>\n<meta name=\"twitter:creator\" content=\"@saocamilosp\" \/>\n<meta name=\"twitter:site\" content=\"@saocamilosp\" \/>\n<meta name=\"twitter:label1\" content=\"Escrito por\" \/>\n\t<meta name=\"twitter:data1\" content=\"Lucas Soares Gon\u00e7alves\" \/>\n\t<meta name=\"twitter:label2\" content=\"Est. tempo de leitura\" \/>\n\t<meta name=\"twitter:data2\" content=\"3 minutos\" \/>\n<script type=\"application\/ld+json\" class=\"yoast-schema-graph\">{\"@context\":\"https:\\\/\\\/schema.org\",\"@graph\":[{\"@type\":\"Article\",\"@id\":\"https:\\\/\\\/blog.saocamilo-sp.br\\\/index.php\\\/2023\\\/11\\\/01\\\/nutricao-e-medicina-trabalho-da-profa-fernanda-nakamoto-recebe-premio-de-1-lugar-no-congresso-de-nutricao-esportiva\\\/#article\",\"isPartOf\":{\"@id\":\"https:\\\/\\\/blog.saocamilo-sp.br\\\/index.php\\\/2023\\\/11\\\/01\\\/nutricao-e-medicina-trabalho-da-profa-fernanda-nakamoto-recebe-premio-de-1-lugar-no-congresso-de-nutricao-esportiva\\\/\"},\"author\":{\"name\":\"Lucas Soares Gon\u00e7alves\",\"@id\":\"https:\\\/\\\/blog.saocamilo-sp.br\\\/#\\\/schema\\\/person\\\/781135418152912d4b58f2db13a2eaf0\"},\"headline\":\"Trabalho da Profa. Fernanda Nakamoto conquista 1\u00b0 lugar no Congresso de Nutri\u00e7\u00e3o Esportiva\",\"datePublished\":\"2023-11-01T13:58:43+00:00\",\"dateModified\":\"2023-11-02T19:31:08+00:00\",\"mainEntityOfPage\":{\"@id\":\"https:\\\/\\\/blog.saocamilo-sp.br\\\/index.php\\\/2023\\\/11\\\/01\\\/nutricao-e-medicina-trabalho-da-profa-fernanda-nakamoto-recebe-premio-de-1-lugar-no-congresso-de-nutricao-esportiva\\\/\"},\"wordCount\":615,\"commentCount\":0,\"publisher\":{\"@id\":\"https:\\\/\\\/blog.saocamilo-sp.br\\\/#organization\"},\"image\":{\"@id\":\"https:\\\/\\\/blog.saocamilo-sp.br\\\/index.php\\\/2023\\\/11\\\/01\\\/nutricao-e-medicina-trabalho-da-profa-fernanda-nakamoto-recebe-premio-de-1-lugar-no-congresso-de-nutricao-esportiva\\\/#primaryimage\"},\"thumbnailUrl\":\"https:\\\/\\\/blog.saocamilo-sp.br\\\/wp-content\\\/uploads\\\/2023\\\/11\\\/Premio-Professora.jpg\",\"keywords\":[\"Pesquisa\"],\"articleSection\":[\"Fisioterapia\",\"Medicina\",\"Nutri\u00e7\u00e3o\",\"Pesquisas\"],\"inLanguage\":\"pt-BR\",\"potentialAction\":[{\"@type\":\"CommentAction\",\"name\":\"Comment\",\"target\":[\"https:\\\/\\\/blog.saocamilo-sp.br\\\/index.php\\\/2023\\\/11\\\/01\\\/nutricao-e-medicina-trabalho-da-profa-fernanda-nakamoto-recebe-premio-de-1-lugar-no-congresso-de-nutricao-esportiva\\\/#respond\"]}]},{\"@type\":\"WebPage\",\"@id\":\"https:\\\/\\\/blog.saocamilo-sp.br\\\/index.php\\\/2023\\\/11\\\/01\\\/nutricao-e-medicina-trabalho-da-profa-fernanda-nakamoto-recebe-premio-de-1-lugar-no-congresso-de-nutricao-esportiva\\\/\",\"url\":\"https:\\\/\\\/blog.saocamilo-sp.br\\\/index.php\\\/2023\\\/11\\\/01\\\/nutricao-e-medicina-trabalho-da-profa-fernanda-nakamoto-recebe-premio-de-1-lugar-no-congresso-de-nutricao-esportiva\\\/\",\"name\":\"Trabalho da Profa. Fernanda Nakamoto conquista 1\u00b0 lugar no Congresso de Nutri\u00e7\u00e3o Esportiva - Blog S\u00e3o Camilo\",\"isPartOf\":{\"@id\":\"https:\\\/\\\/blog.saocamilo-sp.br\\\/#website\"},\"primaryImageOfPage\":{\"@id\":\"https:\\\/\\\/blog.saocamilo-sp.br\\\/index.php\\\/2023\\\/11\\\/01\\\/nutricao-e-medicina-trabalho-da-profa-fernanda-nakamoto-recebe-premio-de-1-lugar-no-congresso-de-nutricao-esportiva\\\/#primaryimage\"},\"image\":{\"@id\":\"https:\\\/\\\/blog.saocamilo-sp.br\\\/index.php\\\/2023\\\/11\\\/01\\\/nutricao-e-medicina-trabalho-da-profa-fernanda-nakamoto-recebe-premio-de-1-lugar-no-congresso-de-nutricao-esportiva\\\/#primaryimage\"},\"thumbnailUrl\":\"https:\\\/\\\/blog.saocamilo-sp.br\\\/wp-content\\\/uploads\\\/2023\\\/11\\\/Premio-Professora.jpg\",\"datePublished\":\"2023-11-01T13:58:43+00:00\",\"dateModified\":\"2023-11-02T19:31:08+00:00\",\"description\":\"No Laborat\u00f3rio de Pesquisa do Exerc\u00edcio e Qualidade de Vida, localizado na cl\u00ednica-escola PROMOVE do CUSC....\",\"breadcrumb\":{\"@id\":\"https:\\\/\\\/blog.saocamilo-sp.br\\\/index.php\\\/2023\\\/11\\\/01\\\/nutricao-e-medicina-trabalho-da-profa-fernanda-nakamoto-recebe-premio-de-1-lugar-no-congresso-de-nutricao-esportiva\\\/#breadcrumb\"},\"inLanguage\":\"pt-BR\",\"potentialAction\":[{\"@type\":\"ReadAction\",\"target\":[\"https:\\\/\\\/blog.saocamilo-sp.br\\\/index.php\\\/2023\\\/11\\\/01\\\/nutricao-e-medicina-trabalho-da-profa-fernanda-nakamoto-recebe-premio-de-1-lugar-no-congresso-de-nutricao-esportiva\\\/\"]}]},{\"@type\":\"ImageObject\",\"inLanguage\":\"pt-BR\",\"@id\":\"https:\\\/\\\/blog.saocamilo-sp.br\\\/index.php\\\/2023\\\/11\\\/01\\\/nutricao-e-medicina-trabalho-da-profa-fernanda-nakamoto-recebe-premio-de-1-lugar-no-congresso-de-nutricao-esportiva\\\/#primaryimage\",\"url\":\"https:\\\/\\\/blog.saocamilo-sp.br\\\/wp-content\\\/uploads\\\/2023\\\/11\\\/Premio-Professora.jpg\",\"contentUrl\":\"https:\\\/\\\/blog.saocamilo-sp.br\\\/wp-content\\\/uploads\\\/2023\\\/11\\\/Premio-Professora.jpg\",\"width\":769,\"height\":519},{\"@type\":\"BreadcrumbList\",\"@id\":\"https:\\\/\\\/blog.saocamilo-sp.br\\\/index.php\\\/2023\\\/11\\\/01\\\/nutricao-e-medicina-trabalho-da-profa-fernanda-nakamoto-recebe-premio-de-1-lugar-no-congresso-de-nutricao-esportiva\\\/#breadcrumb\",\"itemListElement\":[{\"@type\":\"ListItem\",\"position\":1,\"name\":\"In\u00edcio\",\"item\":\"https:\\\/\\\/blog.saocamilo-sp.br\\\/\"},{\"@type\":\"ListItem\",\"position\":2,\"name\":\"Trabalho da Profa. Fernanda Nakamoto conquista 1\u00b0 lugar no Congresso de Nutri\u00e7\u00e3o Esportiva\"}]},{\"@type\":\"WebSite\",\"@id\":\"https:\\\/\\\/blog.saocamilo-sp.br\\\/#website\",\"url\":\"https:\\\/\\\/blog.saocamilo-sp.br\\\/\",\"name\":\"Blog S\u00e3o Camilo\",\"description\":\"Blog do Centro Universit\u00e1rio S\u00e3o Camilo\",\"publisher\":{\"@id\":\"https:\\\/\\\/blog.saocamilo-sp.br\\\/#organization\"},\"potentialAction\":[{\"@type\":\"SearchAction\",\"target\":{\"@type\":\"EntryPoint\",\"urlTemplate\":\"https:\\\/\\\/blog.saocamilo-sp.br\\\/?s={search_term_string}\"},\"query-input\":{\"@type\":\"PropertyValueSpecification\",\"valueRequired\":true,\"valueName\":\"search_term_string\"}}],\"inLanguage\":\"pt-BR\"},{\"@type\":\"Organization\",\"@id\":\"https:\\\/\\\/blog.saocamilo-sp.br\\\/#organization\",\"name\":\"Blog S\u00e3o Camilo\",\"url\":\"https:\\\/\\\/blog.saocamilo-sp.br\\\/\",\"logo\":{\"@type\":\"ImageObject\",\"inLanguage\":\"pt-BR\",\"@id\":\"https:\\\/\\\/blog.saocamilo-sp.br\\\/#\\\/schema\\\/logo\\\/image\\\/\",\"url\":\"https:\\\/\\\/blog.saocamilo-sp.br\\\/wp-content\\\/uploads\\\/2021\\\/12\\\/cropped-vazio-logo-topo.png\",\"contentUrl\":\"https:\\\/\\\/blog.saocamilo-sp.br\\\/wp-content\\\/uploads\\\/2021\\\/12\\\/cropped-vazio-logo-topo.png\",\"width\":320,\"height\":240,\"caption\":\"Blog S\u00e3o Camilo\"},\"image\":{\"@id\":\"https:\\\/\\\/blog.saocamilo-sp.br\\\/#\\\/schema\\\/logo\\\/image\\\/\"},\"sameAs\":[\"https:\\\/\\\/www.facebook.com\\\/saocamilosp\",\"https:\\\/\\\/x.com\\\/saocamilosp\",\"https:\\\/\\\/www.linkedin.com\\\/school\\\/centro-universit-rio-s-o-camilo\\\/\"]},{\"@type\":\"Person\",\"@id\":\"https:\\\/\\\/blog.saocamilo-sp.br\\\/#\\\/schema\\\/person\\\/781135418152912d4b58f2db13a2eaf0\",\"name\":\"Lucas Soares Gon\u00e7alves\",\"image\":{\"@type\":\"ImageObject\",\"inLanguage\":\"pt-BR\",\"@id\":\"https:\\\/\\\/secure.gravatar.com\\\/avatar\\\/bcd2d703cbb48116eaac2cac8643792535238ff30b2d7ce9e16f9254ec9cae83?s=96&d=mm&r=g\",\"url\":\"https:\\\/\\\/secure.gravatar.com\\\/avatar\\\/bcd2d703cbb48116eaac2cac8643792535238ff30b2d7ce9e16f9254ec9cae83?s=96&d=mm&r=g\",\"contentUrl\":\"https:\\\/\\\/secure.gravatar.com\\\/avatar\\\/bcd2d703cbb48116eaac2cac8643792535238ff30b2d7ce9e16f9254ec9cae83?s=96&d=mm&r=g\",\"caption\":\"Lucas Soares Gon\u00e7alves\"},\"url\":\"https:\\\/\\\/blog.saocamilo-sp.br\\\/index.php\\\/author\\\/lucas-soares-goncalves\\\/\"}]}<\/script>\n<!-- \/ Yoast SEO plugin. -->","yoast_head_json":{"title":"Trabalho da Profa. Fernanda Nakamoto conquista 1\u00b0 lugar no Congresso de Nutri\u00e7\u00e3o Esportiva - Blog S\u00e3o Camilo","description":"No Laborat\u00f3rio de Pesquisa do Exerc\u00edcio e Qualidade de Vida, localizado na cl\u00ednica-escola PROMOVE do CUSC....","robots":{"index":"index","follow":"follow","max-snippet":"max-snippet:-1","max-image-preview":"max-image-preview:large","max-video-preview":"max-video-preview:-1"},"canonical":"https:\/\/blog.saocamilo-sp.br\/index.php\/2023\/11\/01\/nutricao-e-medicina-trabalho-da-profa-fernanda-nakamoto-recebe-premio-de-1-lugar-no-congresso-de-nutricao-esportiva\/","og_locale":"pt_BR","og_type":"article","og_title":"Trabalho da Profa. Fernanda Nakamoto conquista 1\u00b0 lugar no Congresso de Nutri\u00e7\u00e3o Esportiva - Blog S\u00e3o Camilo","og_description":"No Laborat\u00f3rio de Pesquisa do Exerc\u00edcio e Qualidade de Vida, localizado na cl\u00ednica-escola PROMOVE do CUSC....","og_url":"https:\/\/blog.saocamilo-sp.br\/index.php\/2023\/11\/01\/nutricao-e-medicina-trabalho-da-profa-fernanda-nakamoto-recebe-premio-de-1-lugar-no-congresso-de-nutricao-esportiva\/","og_site_name":"Blog S\u00e3o Camilo","article_publisher":"https:\/\/www.facebook.com\/saocamilosp","article_published_time":"2023-11-01T13:58:43+00:00","article_modified_time":"2023-11-02T19:31:08+00:00","og_image":[{"width":769,"height":519,"url":"https:\/\/blog.saocamilo-sp.br\/wp-content\/uploads\/2023\/11\/Premio-Professora.jpg","type":"image\/jpeg"}],"author":"Lucas Soares Gon\u00e7alves","twitter_card":"summary_large_image","twitter_creator":"@saocamilosp","twitter_site":"@saocamilosp","twitter_misc":{"Escrito por":"Lucas Soares Gon\u00e7alves","Est. tempo de leitura":"3 minutos"},"schema":{"@context":"https:\/\/schema.org","@graph":[{"@type":"Article","@id":"https:\/\/blog.saocamilo-sp.br\/index.php\/2023\/11\/01\/nutricao-e-medicina-trabalho-da-profa-fernanda-nakamoto-recebe-premio-de-1-lugar-no-congresso-de-nutricao-esportiva\/#article","isPartOf":{"@id":"https:\/\/blog.saocamilo-sp.br\/index.php\/2023\/11\/01\/nutricao-e-medicina-trabalho-da-profa-fernanda-nakamoto-recebe-premio-de-1-lugar-no-congresso-de-nutricao-esportiva\/"},"author":{"name":"Lucas Soares Gon\u00e7alves","@id":"https:\/\/blog.saocamilo-sp.br\/#\/schema\/person\/781135418152912d4b58f2db13a2eaf0"},"headline":"Trabalho da Profa. Fernanda Nakamoto conquista 1\u00b0 lugar no Congresso de Nutri\u00e7\u00e3o Esportiva","datePublished":"2023-11-01T13:58:43+00:00","dateModified":"2023-11-02T19:31:08+00:00","mainEntityOfPage":{"@id":"https:\/\/blog.saocamilo-sp.br\/index.php\/2023\/11\/01\/nutricao-e-medicina-trabalho-da-profa-fernanda-nakamoto-recebe-premio-de-1-lugar-no-congresso-de-nutricao-esportiva\/"},"wordCount":615,"commentCount":0,"publisher":{"@id":"https:\/\/blog.saocamilo-sp.br\/#organization"},"image":{"@id":"https:\/\/blog.saocamilo-sp.br\/index.php\/2023\/11\/01\/nutricao-e-medicina-trabalho-da-profa-fernanda-nakamoto-recebe-premio-de-1-lugar-no-congresso-de-nutricao-esportiva\/#primaryimage"},"thumbnailUrl":"https:\/\/blog.saocamilo-sp.br\/wp-content\/uploads\/2023\/11\/Premio-Professora.jpg","keywords":["Pesquisa"],"articleSection":["Fisioterapia","Medicina","Nutri\u00e7\u00e3o","Pesquisas"],"inLanguage":"pt-BR","potentialAction":[{"@type":"CommentAction","name":"Comment","target":["https:\/\/blog.saocamilo-sp.br\/index.php\/2023\/11\/01\/nutricao-e-medicina-trabalho-da-profa-fernanda-nakamoto-recebe-premio-de-1-lugar-no-congresso-de-nutricao-esportiva\/#respond"]}]},{"@type":"WebPage","@id":"https:\/\/blog.saocamilo-sp.br\/index.php\/2023\/11\/01\/nutricao-e-medicina-trabalho-da-profa-fernanda-nakamoto-recebe-premio-de-1-lugar-no-congresso-de-nutricao-esportiva\/","url":"https:\/\/blog.saocamilo-sp.br\/index.php\/2023\/11\/01\/nutricao-e-medicina-trabalho-da-profa-fernanda-nakamoto-recebe-premio-de-1-lugar-no-congresso-de-nutricao-esportiva\/","name":"Trabalho da Profa. Fernanda Nakamoto conquista 1\u00b0 lugar no Congresso de Nutri\u00e7\u00e3o Esportiva - Blog S\u00e3o Camilo","isPartOf":{"@id":"https:\/\/blog.saocamilo-sp.br\/#website"},"primaryImageOfPage":{"@id":"https:\/\/blog.saocamilo-sp.br\/index.php\/2023\/11\/01\/nutricao-e-medicina-trabalho-da-profa-fernanda-nakamoto-recebe-premio-de-1-lugar-no-congresso-de-nutricao-esportiva\/#primaryimage"},"image":{"@id":"https:\/\/blog.saocamilo-sp.br\/index.php\/2023\/11\/01\/nutricao-e-medicina-trabalho-da-profa-fernanda-nakamoto-recebe-premio-de-1-lugar-no-congresso-de-nutricao-esportiva\/#primaryimage"},"thumbnailUrl":"https:\/\/blog.saocamilo-sp.br\/wp-content\/uploads\/2023\/11\/Premio-Professora.jpg","datePublished":"2023-11-01T13:58:43+00:00","dateModified":"2023-11-02T19:31:08+00:00","description":"No Laborat\u00f3rio de Pesquisa do Exerc\u00edcio e Qualidade de Vida, localizado na cl\u00ednica-escola PROMOVE do CUSC....","breadcrumb":{"@id":"https:\/\/blog.saocamilo-sp.br\/index.php\/2023\/11\/01\/nutricao-e-medicina-trabalho-da-profa-fernanda-nakamoto-recebe-premio-de-1-lugar-no-congresso-de-nutricao-esportiva\/#breadcrumb"},"inLanguage":"pt-BR","potentialAction":[{"@type":"ReadAction","target":["https:\/\/blog.saocamilo-sp.br\/index.php\/2023\/11\/01\/nutricao-e-medicina-trabalho-da-profa-fernanda-nakamoto-recebe-premio-de-1-lugar-no-congresso-de-nutricao-esportiva\/"]}]},{"@type":"ImageObject","inLanguage":"pt-BR","@id":"https:\/\/blog.saocamilo-sp.br\/index.php\/2023\/11\/01\/nutricao-e-medicina-trabalho-da-profa-fernanda-nakamoto-recebe-premio-de-1-lugar-no-congresso-de-nutricao-esportiva\/#primaryimage","url":"https:\/\/blog.saocamilo-sp.br\/wp-content\/uploads\/2023\/11\/Premio-Professora.jpg","contentUrl":"https:\/\/blog.saocamilo-sp.br\/wp-content\/uploads\/2023\/11\/Premio-Professora.jpg","width":769,"height":519},{"@type":"BreadcrumbList","@id":"https:\/\/blog.saocamilo-sp.br\/index.php\/2023\/11\/01\/nutricao-e-medicina-trabalho-da-profa-fernanda-nakamoto-recebe-premio-de-1-lugar-no-congresso-de-nutricao-esportiva\/#breadcrumb","itemListElement":[{"@type":"ListItem","position":1,"name":"In\u00edcio","item":"https:\/\/blog.saocamilo-sp.br\/"},{"@type":"ListItem","position":2,"name":"Trabalho da Profa. Fernanda Nakamoto conquista 1\u00b0 lugar no Congresso de Nutri\u00e7\u00e3o Esportiva"}]},{"@type":"WebSite","@id":"https:\/\/blog.saocamilo-sp.br\/#website","url":"https:\/\/blog.saocamilo-sp.br\/","name":"Blog S\u00e3o Camilo","description":"Blog do Centro Universit\u00e1rio S\u00e3o Camilo","publisher":{"@id":"https:\/\/blog.saocamilo-sp.br\/#organization"},"potentialAction":[{"@type":"SearchAction","target":{"@type":"EntryPoint","urlTemplate":"https:\/\/blog.saocamilo-sp.br\/?s={search_term_string}"},"query-input":{"@type":"PropertyValueSpecification","valueRequired":true,"valueName":"search_term_string"}}],"inLanguage":"pt-BR"},{"@type":"Organization","@id":"https:\/\/blog.saocamilo-sp.br\/#organization","name":"Blog S\u00e3o Camilo","url":"https:\/\/blog.saocamilo-sp.br\/","logo":{"@type":"ImageObject","inLanguage":"pt-BR","@id":"https:\/\/blog.saocamilo-sp.br\/#\/schema\/logo\/image\/","url":"https:\/\/blog.saocamilo-sp.br\/wp-content\/uploads\/2021\/12\/cropped-vazio-logo-topo.png","contentUrl":"https:\/\/blog.saocamilo-sp.br\/wp-content\/uploads\/2021\/12\/cropped-vazio-logo-topo.png","width":320,"height":240,"caption":"Blog S\u00e3o Camilo"},"image":{"@id":"https:\/\/blog.saocamilo-sp.br\/#\/schema\/logo\/image\/"},"sameAs":["https:\/\/www.facebook.com\/saocamilosp","https:\/\/x.com\/saocamilosp","https:\/\/www.linkedin.com\/school\/centro-universit-rio-s-o-camilo\/"]},{"@type":"Person","@id":"https:\/\/blog.saocamilo-sp.br\/#\/schema\/person\/781135418152912d4b58f2db13a2eaf0","name":"Lucas Soares Gon\u00e7alves","image":{"@type":"ImageObject","inLanguage":"pt-BR","@id":"https:\/\/secure.gravatar.com\/avatar\/bcd2d703cbb48116eaac2cac8643792535238ff30b2d7ce9e16f9254ec9cae83?s=96&d=mm&r=g","url":"https:\/\/secure.gravatar.com\/avatar\/bcd2d703cbb48116eaac2cac8643792535238ff30b2d7ce9e16f9254ec9cae83?s=96&d=mm&r=g","contentUrl":"https:\/\/secure.gravatar.com\/avatar\/bcd2d703cbb48116eaac2cac8643792535238ff30b2d7ce9e16f9254ec9cae83?s=96&d=mm&r=g","caption":"Lucas Soares Gon\u00e7alves"},"url":"https:\/\/blog.saocamilo-sp.br\/index.php\/author\/lucas-soares-goncalves\/"}]}},"_links":{"self":[{"href":"https:\/\/blog.saocamilo-sp.br\/index.php\/wp-json\/wp\/v2\/posts\/1846","targetHints":{"allow":["GET"]}}],"collection":[{"href":"https:\/\/blog.saocamilo-sp.br\/index.php\/wp-json\/wp\/v2\/posts"}],"about":[{"href":"https:\/\/blog.saocamilo-sp.br\/index.php\/wp-json\/wp\/v2\/types\/post"}],"author":[{"embeddable":true,"href":"https:\/\/blog.saocamilo-sp.br\/index.php\/wp-json\/wp\/v2\/users\/4"}],"replies":[{"embeddable":true,"href":"https:\/\/blog.saocamilo-sp.br\/index.php\/wp-json\/wp\/v2\/comments?post=1846"}],"version-history":[{"count":7,"href":"https:\/\/blog.saocamilo-sp.br\/index.php\/wp-json\/wp\/v2\/posts\/1846\/revisions"}],"predecessor-version":[{"id":1928,"href":"https:\/\/blog.saocamilo-sp.br\/index.php\/wp-json\/wp\/v2\/posts\/1846\/revisions\/1928"}],"wp:featuredmedia":[{"embeddable":true,"href":"https:\/\/blog.saocamilo-sp.br\/index.php\/wp-json\/wp\/v2\/media\/1908"}],"wp:attachment":[{"href":"https:\/\/blog.saocamilo-sp.br\/index.php\/wp-json\/wp\/v2\/media?parent=1846"}],"wp:term":[{"taxonomy":"category","embeddable":true,"href":"https:\/\/blog.saocamilo-sp.br\/index.php\/wp-json\/wp\/v2\/categories?post=1846"},{"taxonomy":"post_tag","embeddable":true,"href":"https:\/\/blog.saocamilo-sp.br\/index.php\/wp-json\/wp\/v2\/tags?post=1846"}],"curies":[{"name":"wp","href":"https:\/\/api.w.org\/{rel}","templated":true}]}}