{"id":1855,"date":"2023-11-01T10:47:39","date_gmt":"2023-11-01T13:47:39","guid":{"rendered":"https:\/\/blog.saocamilo-sp.br\/?p=1855"},"modified":"2023-11-02T16:10:35","modified_gmt":"2023-11-02T19:10:35","slug":"pesquisa","status":"publish","type":"post","link":"https:\/\/blog.saocamilo-sp.br\/index.php\/2023\/11\/01\/pesquisa\/","title":{"rendered":"Prof. Jo\u00e3o Silvestre, docente do curso de Medicina, publica artigo na BMC Public Health"},"content":{"rendered":"\n<p>Em setembro de 2023, um estudo not\u00e1vel e abrangente foi publicado no respeitado peri\u00f3dico cient\u00edfico BMC Public Health, intitulado &#8220;Return to work after sick leave due to musculoskeletal disorder or injury: a longitudinal study conducted in Brazil&#8221; (Retorno ao Trabalho Ap\u00f3s Licen\u00e7a M\u00e9dica por Dist\u00farbios Musculoesquel\u00e9ticos: Estudo Longitudinal Realizado no Brasil). O Prof. Jo\u00e3o Silvestre Silva-Junior, do curso de gradua\u00e7\u00e3o em Medicina do Centro Universit\u00e1rio S\u00e3o Camilo, foi o principal autor deste estudo inovador.<\/p>\n\n\n\n<h3 class=\"wp-block-heading\"><strong>A Jornada de Seis Anos: Revelando os Principais Achados<\/strong><\/h3>\n\n\n\n<p>Seis anos ap\u00f3s o in\u00edcio deste projeto de pesquisa de vulto, os autores compartilham com o mundo os resultados mais significativos deste estudo longitudinal que acompanhou de perto 216 trabalhadores que foram afastados do trabalho devido a doen\u00e7as e les\u00f5es musculoesquel\u00e9ticas, recebendo benef\u00edcio previdenci\u00e1rio por incapacidade laborativa tempor\u00e1ria. O convite aos participantes para integrar a pesquisa ocorreu no momento em que se apresentaram para realiza\u00e7\u00e3o de per\u00edcia m\u00e9dica no Instituto Nacional do Seguro Social.<\/p>\n\n\n\n<h3 class=\"wp-block-heading\"><strong>O Perfil dos Participantes: Uma An\u00e1lise Abrangente<\/strong><\/h3>\n\n\n\n<p>Em rela\u00e7\u00e3o ao grupo que aceitou fazer parte da pesquisa, uma an\u00e1lise detalhada revelou que a maioria dos participantes era do sexo masculino, representando 53% do total. A idade m\u00e9dia desses trabalhadores era de 39,5 anos, e a raz\u00e3o primordial para o afastamento foi atribu\u00edda a doen\u00e7as, totalizando 56,5% dos casos. De maneira surpreendente, a taxa de retorno ao trabalho durante o per\u00edodo de acompanhamento atingiu a marca de 70,4%, com uma m\u00e9dia de licen\u00e7a de 192,6 dias.<\/p>\n\n\n\n<h3 class=\"wp-block-heading\"><strong>Desvendando os Fatores Cr\u00edticos para o Retorno ao Trabalho<\/strong><\/h3>\n\n\n\n<p>Neste estudo abrangente, uma descoberta crucial surgiu \u00e0 luz: os participantes com idade igual ou superior a 40 anos e aqueles com uma percep\u00e7\u00e3o mais negativa quanto \u00e0 qualidade de vida nos aspectos f\u00edsico e psicol\u00f3gico apresentavam uma taxa de retorno ao trabalho consideravelmente inferior durante o per\u00edodo de um ano de acompanhamento.<\/p>\n\n\n\n<h3 class=\"wp-block-heading\"><strong>A Import\u00e2ncia dos Cuidados Preventivos<\/strong><\/h3>\n\n\n\n<p>Com base nesses achados, os autores deste estudo pioneiro sugerem que os profissionais que atuam nos servi\u00e7os de sa\u00fade no ambiente de trabalho devem priorizar os cuidados preventivos para os trabalhadores em maior risco de enfrentar um epis\u00f3dio de incapacidade. Al\u00e9m disso, \u00e9 essencial concentrar esfor\u00e7os no processo de recupera\u00e7\u00e3o desse grupo espec\u00edfico, com foco especial na preven\u00e7\u00e3o do afastamento prolongado.<\/p>\n\n\n\n<h3 class=\"wp-block-heading\"><strong>Acesso ao Artigo Completo<\/strong><\/h3>\n\n\n\n<p>Para uma compreens\u00e3o mais profunda dos resultados deste estudo e das implica\u00e7\u00f5es para a sa\u00fade e o bem-estar dos trabalhadores, o artigo completo pode ser acessado e baixado por meio do seguinte link: <a href=\"https:\/\/bmcpublichealth.biomedcentral.com\/articles\/10.1186\/s12889-023-16789-z\">Acesso ao Artigo<\/a>.<\/p>\n\n\n\n<p>Neste blog, exploramos um estudo relevante que lan\u00e7a luz sobre o retorno ao trabalho ap\u00f3s licen\u00e7as m\u00e9dicas decorrentes de dist\u00farbios musculoesquel\u00e9ticos. Os achados deste estudo t\u00eam o potencial de influenciar pol\u00edticas e pr\u00e1ticas no campo da sa\u00fade no ambiente de trabalho, com um foco claro na preven\u00e7\u00e3o e recupera\u00e7\u00e3o. Fique atento a mais atualiza\u00e7\u00f5es e pesquisas que impactam nossa vida cotidiana.<\/p>\n","protected":false},"excerpt":{"rendered":"<p>Retorno ao Trabalho Ap\u00f3s Licen\u00e7a M\u00e9dica por Dist\u00farbios Musculoesquel\u00e9ticos: Estudo Longitudinal Realizado no Brasil<\/p>\n","protected":false},"author":4,"featured_media":1906,"comment_status":"open","ping_status":"open","sticky":false,"template":"","format":"standard","meta":{"cybocfi_hide_featured_image":"","footnotes":""},"categories":[1],"tags":[],"class_list":["post-1855","post","type-post","status-publish","format-standard","has-post-thumbnail","hentry","category-cursos"],"yoast_head":"<!-- This site is optimized with the Yoast SEO plugin v27.5 - https:\/\/yoast.com\/product\/yoast-seo-wordpress\/ -->\n<title>Prof. Jo\u00e3o Silvestre, docente do curso de Medicina, publica artigo na BMC Public Health - Blog S\u00e3o Camilo<\/title>\n<meta name=\"description\" content=\"Em setembro de 2023, uma pesquisa not\u00e1vel e abrangente foi publicado no respeitado peri\u00f3dico cient\u00edfico BMC Public Health, intitulado &quot;Re...\" \/>\n<meta name=\"robots\" content=\"index, follow, max-snippet:-1, max-image-preview:large, max-video-preview:-1\" \/>\n<link rel=\"canonical\" href=\"https:\/\/blog.saocamilo-sp.br\/index.php\/2023\/11\/01\/pesquisa\/\" \/>\n<meta property=\"og:locale\" content=\"pt_BR\" \/>\n<meta property=\"og:type\" content=\"article\" \/>\n<meta property=\"og:title\" content=\"Prof. Jo\u00e3o Silvestre, docente do curso de Medicina, publica artigo na BMC Public Health - Blog S\u00e3o Camilo\" \/>\n<meta property=\"og:description\" content=\"Em setembro de 2023, uma pesquisa not\u00e1vel e abrangente foi publicado no respeitado peri\u00f3dico cient\u00edfico BMC Public Health, intitulado &quot;Re...\" \/>\n<meta property=\"og:url\" content=\"https:\/\/blog.saocamilo-sp.br\/index.php\/2023\/11\/01\/pesquisa\/\" \/>\n<meta property=\"og:site_name\" content=\"Blog S\u00e3o Camilo\" \/>\n<meta property=\"article:publisher\" content=\"https:\/\/www.facebook.com\/saocamilosp\" \/>\n<meta property=\"article:published_time\" content=\"2023-11-01T13:47:39+00:00\" \/>\n<meta property=\"article:modified_time\" content=\"2023-11-02T19:10:35+00:00\" \/>\n<meta property=\"og:image\" content=\"https:\/\/blog.saocamilo-sp.br\/wp-content\/uploads\/2023\/10\/Medicina-do-Trabalho.jpg\" \/>\n\t<meta property=\"og:image:width\" content=\"768\" \/>\n\t<meta property=\"og:image:height\" content=\"518\" \/>\n\t<meta property=\"og:image:type\" content=\"image\/jpeg\" \/>\n<meta name=\"author\" content=\"Lucas Soares Gon\u00e7alves\" \/>\n<meta name=\"twitter:card\" content=\"summary_large_image\" \/>\n<meta name=\"twitter:creator\" content=\"@saocamilosp\" \/>\n<meta name=\"twitter:site\" content=\"@saocamilosp\" \/>\n<meta name=\"twitter:label1\" content=\"Escrito por\" \/>\n\t<meta name=\"twitter:data1\" content=\"Lucas Soares Gon\u00e7alves\" \/>\n\t<meta name=\"twitter:label2\" content=\"Est. tempo de leitura\" \/>\n\t<meta name=\"twitter:data2\" content=\"3 minutos\" \/>\n<script type=\"application\/ld+json\" class=\"yoast-schema-graph\">{\"@context\":\"https:\\\/\\\/schema.org\",\"@graph\":[{\"@type\":\"Article\",\"@id\":\"https:\\\/\\\/blog.saocamilo-sp.br\\\/index.php\\\/2023\\\/11\\\/01\\\/pesquisa\\\/#article\",\"isPartOf\":{\"@id\":\"https:\\\/\\\/blog.saocamilo-sp.br\\\/index.php\\\/2023\\\/11\\\/01\\\/pesquisa\\\/\"},\"author\":{\"name\":\"Lucas Soares Gon\u00e7alves\",\"@id\":\"https:\\\/\\\/blog.saocamilo-sp.br\\\/#\\\/schema\\\/person\\\/781135418152912d4b58f2db13a2eaf0\"},\"headline\":\"Prof. Jo\u00e3o Silvestre, docente do curso de Medicina, publica artigo na BMC Public Health\",\"datePublished\":\"2023-11-01T13:47:39+00:00\",\"dateModified\":\"2023-11-02T19:10:35+00:00\",\"mainEntityOfPage\":{\"@id\":\"https:\\\/\\\/blog.saocamilo-sp.br\\\/index.php\\\/2023\\\/11\\\/01\\\/pesquisa\\\/\"},\"wordCount\":538,\"commentCount\":0,\"publisher\":{\"@id\":\"https:\\\/\\\/blog.saocamilo-sp.br\\\/#organization\"},\"image\":{\"@id\":\"https:\\\/\\\/blog.saocamilo-sp.br\\\/index.php\\\/2023\\\/11\\\/01\\\/pesquisa\\\/#primaryimage\"},\"thumbnailUrl\":\"https:\\\/\\\/blog.saocamilo-sp.br\\\/wp-content\\\/uploads\\\/2023\\\/10\\\/Medicina-do-Trabalho.jpg\",\"articleSection\":[\"Cursos\"],\"inLanguage\":\"pt-BR\",\"potentialAction\":[{\"@type\":\"CommentAction\",\"name\":\"Comment\",\"target\":[\"https:\\\/\\\/blog.saocamilo-sp.br\\\/index.php\\\/2023\\\/11\\\/01\\\/pesquisa\\\/#respond\"]}]},{\"@type\":\"WebPage\",\"@id\":\"https:\\\/\\\/blog.saocamilo-sp.br\\\/index.php\\\/2023\\\/11\\\/01\\\/pesquisa\\\/\",\"url\":\"https:\\\/\\\/blog.saocamilo-sp.br\\\/index.php\\\/2023\\\/11\\\/01\\\/pesquisa\\\/\",\"name\":\"Prof. Jo\u00e3o Silvestre, docente do curso de Medicina, publica artigo na BMC Public Health - Blog S\u00e3o Camilo\",\"isPartOf\":{\"@id\":\"https:\\\/\\\/blog.saocamilo-sp.br\\\/#website\"},\"primaryImageOfPage\":{\"@id\":\"https:\\\/\\\/blog.saocamilo-sp.br\\\/index.php\\\/2023\\\/11\\\/01\\\/pesquisa\\\/#primaryimage\"},\"image\":{\"@id\":\"https:\\\/\\\/blog.saocamilo-sp.br\\\/index.php\\\/2023\\\/11\\\/01\\\/pesquisa\\\/#primaryimage\"},\"thumbnailUrl\":\"https:\\\/\\\/blog.saocamilo-sp.br\\\/wp-content\\\/uploads\\\/2023\\\/10\\\/Medicina-do-Trabalho.jpg\",\"datePublished\":\"2023-11-01T13:47:39+00:00\",\"dateModified\":\"2023-11-02T19:10:35+00:00\",\"description\":\"Em setembro de 2023, uma pesquisa not\u00e1vel e abrangente foi publicado no respeitado peri\u00f3dico cient\u00edfico BMC Public Health, intitulado \\\"Re...\",\"breadcrumb\":{\"@id\":\"https:\\\/\\\/blog.saocamilo-sp.br\\\/index.php\\\/2023\\\/11\\\/01\\\/pesquisa\\\/#breadcrumb\"},\"inLanguage\":\"pt-BR\",\"potentialAction\":[{\"@type\":\"ReadAction\",\"target\":[\"https:\\\/\\\/blog.saocamilo-sp.br\\\/index.php\\\/2023\\\/11\\\/01\\\/pesquisa\\\/\"]}]},{\"@type\":\"ImageObject\",\"inLanguage\":\"pt-BR\",\"@id\":\"https:\\\/\\\/blog.saocamilo-sp.br\\\/index.php\\\/2023\\\/11\\\/01\\\/pesquisa\\\/#primaryimage\",\"url\":\"https:\\\/\\\/blog.saocamilo-sp.br\\\/wp-content\\\/uploads\\\/2023\\\/10\\\/Medicina-do-Trabalho.jpg\",\"contentUrl\":\"https:\\\/\\\/blog.saocamilo-sp.br\\\/wp-content\\\/uploads\\\/2023\\\/10\\\/Medicina-do-Trabalho.jpg\",\"width\":768,\"height\":518},{\"@type\":\"BreadcrumbList\",\"@id\":\"https:\\\/\\\/blog.saocamilo-sp.br\\\/index.php\\\/2023\\\/11\\\/01\\\/pesquisa\\\/#breadcrumb\",\"itemListElement\":[{\"@type\":\"ListItem\",\"position\":1,\"name\":\"In\u00edcio\",\"item\":\"https:\\\/\\\/blog.saocamilo-sp.br\\\/\"},{\"@type\":\"ListItem\",\"position\":2,\"name\":\"Prof. Jo\u00e3o Silvestre, docente do curso de Medicina, publica artigo na BMC Public Health\"}]},{\"@type\":\"WebSite\",\"@id\":\"https:\\\/\\\/blog.saocamilo-sp.br\\\/#website\",\"url\":\"https:\\\/\\\/blog.saocamilo-sp.br\\\/\",\"name\":\"Blog S\u00e3o Camilo\",\"description\":\"Blog do Centro Universit\u00e1rio S\u00e3o Camilo\",\"publisher\":{\"@id\":\"https:\\\/\\\/blog.saocamilo-sp.br\\\/#organization\"},\"potentialAction\":[{\"@type\":\"SearchAction\",\"target\":{\"@type\":\"EntryPoint\",\"urlTemplate\":\"https:\\\/\\\/blog.saocamilo-sp.br\\\/?s={search_term_string}\"},\"query-input\":{\"@type\":\"PropertyValueSpecification\",\"valueRequired\":true,\"valueName\":\"search_term_string\"}}],\"inLanguage\":\"pt-BR\"},{\"@type\":\"Organization\",\"@id\":\"https:\\\/\\\/blog.saocamilo-sp.br\\\/#organization\",\"name\":\"Blog S\u00e3o Camilo\",\"url\":\"https:\\\/\\\/blog.saocamilo-sp.br\\\/\",\"logo\":{\"@type\":\"ImageObject\",\"inLanguage\":\"pt-BR\",\"@id\":\"https:\\\/\\\/blog.saocamilo-sp.br\\\/#\\\/schema\\\/logo\\\/image\\\/\",\"url\":\"https:\\\/\\\/blog.saocamilo-sp.br\\\/wp-content\\\/uploads\\\/2021\\\/12\\\/cropped-vazio-logo-topo.png\",\"contentUrl\":\"https:\\\/\\\/blog.saocamilo-sp.br\\\/wp-content\\\/uploads\\\/2021\\\/12\\\/cropped-vazio-logo-topo.png\",\"width\":320,\"height\":240,\"caption\":\"Blog S\u00e3o Camilo\"},\"image\":{\"@id\":\"https:\\\/\\\/blog.saocamilo-sp.br\\\/#\\\/schema\\\/logo\\\/image\\\/\"},\"sameAs\":[\"https:\\\/\\\/www.facebook.com\\\/saocamilosp\",\"https:\\\/\\\/x.com\\\/saocamilosp\",\"https:\\\/\\\/www.linkedin.com\\\/school\\\/centro-universit-rio-s-o-camilo\\\/\"]},{\"@type\":\"Person\",\"@id\":\"https:\\\/\\\/blog.saocamilo-sp.br\\\/#\\\/schema\\\/person\\\/781135418152912d4b58f2db13a2eaf0\",\"name\":\"Lucas Soares Gon\u00e7alves\",\"image\":{\"@type\":\"ImageObject\",\"inLanguage\":\"pt-BR\",\"@id\":\"https:\\\/\\\/secure.gravatar.com\\\/avatar\\\/bcd2d703cbb48116eaac2cac8643792535238ff30b2d7ce9e16f9254ec9cae83?s=96&d=mm&r=g\",\"url\":\"https:\\\/\\\/secure.gravatar.com\\\/avatar\\\/bcd2d703cbb48116eaac2cac8643792535238ff30b2d7ce9e16f9254ec9cae83?s=96&d=mm&r=g\",\"contentUrl\":\"https:\\\/\\\/secure.gravatar.com\\\/avatar\\\/bcd2d703cbb48116eaac2cac8643792535238ff30b2d7ce9e16f9254ec9cae83?s=96&d=mm&r=g\",\"caption\":\"Lucas Soares Gon\u00e7alves\"},\"url\":\"https:\\\/\\\/blog.saocamilo-sp.br\\\/index.php\\\/author\\\/lucas-soares-goncalves\\\/\"}]}<\/script>\n<!-- \/ Yoast SEO plugin. -->","yoast_head_json":{"title":"Prof. Jo\u00e3o Silvestre, docente do curso de Medicina, publica artigo na BMC Public Health - Blog S\u00e3o Camilo","description":"Em setembro de 2023, uma pesquisa not\u00e1vel e abrangente foi publicado no respeitado peri\u00f3dico cient\u00edfico BMC Public Health, intitulado \"Re...","robots":{"index":"index","follow":"follow","max-snippet":"max-snippet:-1","max-image-preview":"max-image-preview:large","max-video-preview":"max-video-preview:-1"},"canonical":"https:\/\/blog.saocamilo-sp.br\/index.php\/2023\/11\/01\/pesquisa\/","og_locale":"pt_BR","og_type":"article","og_title":"Prof. Jo\u00e3o Silvestre, docente do curso de Medicina, publica artigo na BMC Public Health - Blog S\u00e3o Camilo","og_description":"Em setembro de 2023, uma pesquisa not\u00e1vel e abrangente foi publicado no respeitado peri\u00f3dico cient\u00edfico BMC Public Health, intitulado \"Re...","og_url":"https:\/\/blog.saocamilo-sp.br\/index.php\/2023\/11\/01\/pesquisa\/","og_site_name":"Blog S\u00e3o Camilo","article_publisher":"https:\/\/www.facebook.com\/saocamilosp","article_published_time":"2023-11-01T13:47:39+00:00","article_modified_time":"2023-11-02T19:10:35+00:00","og_image":[{"width":768,"height":518,"url":"https:\/\/blog.saocamilo-sp.br\/wp-content\/uploads\/2023\/10\/Medicina-do-Trabalho.jpg","type":"image\/jpeg"}],"author":"Lucas Soares Gon\u00e7alves","twitter_card":"summary_large_image","twitter_creator":"@saocamilosp","twitter_site":"@saocamilosp","twitter_misc":{"Escrito por":"Lucas Soares Gon\u00e7alves","Est. tempo de leitura":"3 minutos"},"schema":{"@context":"https:\/\/schema.org","@graph":[{"@type":"Article","@id":"https:\/\/blog.saocamilo-sp.br\/index.php\/2023\/11\/01\/pesquisa\/#article","isPartOf":{"@id":"https:\/\/blog.saocamilo-sp.br\/index.php\/2023\/11\/01\/pesquisa\/"},"author":{"name":"Lucas Soares Gon\u00e7alves","@id":"https:\/\/blog.saocamilo-sp.br\/#\/schema\/person\/781135418152912d4b58f2db13a2eaf0"},"headline":"Prof. Jo\u00e3o Silvestre, docente do curso de Medicina, publica artigo na BMC Public Health","datePublished":"2023-11-01T13:47:39+00:00","dateModified":"2023-11-02T19:10:35+00:00","mainEntityOfPage":{"@id":"https:\/\/blog.saocamilo-sp.br\/index.php\/2023\/11\/01\/pesquisa\/"},"wordCount":538,"commentCount":0,"publisher":{"@id":"https:\/\/blog.saocamilo-sp.br\/#organization"},"image":{"@id":"https:\/\/blog.saocamilo-sp.br\/index.php\/2023\/11\/01\/pesquisa\/#primaryimage"},"thumbnailUrl":"https:\/\/blog.saocamilo-sp.br\/wp-content\/uploads\/2023\/10\/Medicina-do-Trabalho.jpg","articleSection":["Cursos"],"inLanguage":"pt-BR","potentialAction":[{"@type":"CommentAction","name":"Comment","target":["https:\/\/blog.saocamilo-sp.br\/index.php\/2023\/11\/01\/pesquisa\/#respond"]}]},{"@type":"WebPage","@id":"https:\/\/blog.saocamilo-sp.br\/index.php\/2023\/11\/01\/pesquisa\/","url":"https:\/\/blog.saocamilo-sp.br\/index.php\/2023\/11\/01\/pesquisa\/","name":"Prof. Jo\u00e3o Silvestre, docente do curso de Medicina, publica artigo na BMC Public Health - Blog S\u00e3o Camilo","isPartOf":{"@id":"https:\/\/blog.saocamilo-sp.br\/#website"},"primaryImageOfPage":{"@id":"https:\/\/blog.saocamilo-sp.br\/index.php\/2023\/11\/01\/pesquisa\/#primaryimage"},"image":{"@id":"https:\/\/blog.saocamilo-sp.br\/index.php\/2023\/11\/01\/pesquisa\/#primaryimage"},"thumbnailUrl":"https:\/\/blog.saocamilo-sp.br\/wp-content\/uploads\/2023\/10\/Medicina-do-Trabalho.jpg","datePublished":"2023-11-01T13:47:39+00:00","dateModified":"2023-11-02T19:10:35+00:00","description":"Em setembro de 2023, uma pesquisa not\u00e1vel e abrangente foi publicado no respeitado peri\u00f3dico cient\u00edfico BMC Public Health, intitulado \"Re...","breadcrumb":{"@id":"https:\/\/blog.saocamilo-sp.br\/index.php\/2023\/11\/01\/pesquisa\/#breadcrumb"},"inLanguage":"pt-BR","potentialAction":[{"@type":"ReadAction","target":["https:\/\/blog.saocamilo-sp.br\/index.php\/2023\/11\/01\/pesquisa\/"]}]},{"@type":"ImageObject","inLanguage":"pt-BR","@id":"https:\/\/blog.saocamilo-sp.br\/index.php\/2023\/11\/01\/pesquisa\/#primaryimage","url":"https:\/\/blog.saocamilo-sp.br\/wp-content\/uploads\/2023\/10\/Medicina-do-Trabalho.jpg","contentUrl":"https:\/\/blog.saocamilo-sp.br\/wp-content\/uploads\/2023\/10\/Medicina-do-Trabalho.jpg","width":768,"height":518},{"@type":"BreadcrumbList","@id":"https:\/\/blog.saocamilo-sp.br\/index.php\/2023\/11\/01\/pesquisa\/#breadcrumb","itemListElement":[{"@type":"ListItem","position":1,"name":"In\u00edcio","item":"https:\/\/blog.saocamilo-sp.br\/"},{"@type":"ListItem","position":2,"name":"Prof. Jo\u00e3o Silvestre, docente do curso de Medicina, publica artigo na BMC Public Health"}]},{"@type":"WebSite","@id":"https:\/\/blog.saocamilo-sp.br\/#website","url":"https:\/\/blog.saocamilo-sp.br\/","name":"Blog S\u00e3o Camilo","description":"Blog do Centro Universit\u00e1rio S\u00e3o Camilo","publisher":{"@id":"https:\/\/blog.saocamilo-sp.br\/#organization"},"potentialAction":[{"@type":"SearchAction","target":{"@type":"EntryPoint","urlTemplate":"https:\/\/blog.saocamilo-sp.br\/?s={search_term_string}"},"query-input":{"@type":"PropertyValueSpecification","valueRequired":true,"valueName":"search_term_string"}}],"inLanguage":"pt-BR"},{"@type":"Organization","@id":"https:\/\/blog.saocamilo-sp.br\/#organization","name":"Blog S\u00e3o Camilo","url":"https:\/\/blog.saocamilo-sp.br\/","logo":{"@type":"ImageObject","inLanguage":"pt-BR","@id":"https:\/\/blog.saocamilo-sp.br\/#\/schema\/logo\/image\/","url":"https:\/\/blog.saocamilo-sp.br\/wp-content\/uploads\/2021\/12\/cropped-vazio-logo-topo.png","contentUrl":"https:\/\/blog.saocamilo-sp.br\/wp-content\/uploads\/2021\/12\/cropped-vazio-logo-topo.png","width":320,"height":240,"caption":"Blog S\u00e3o Camilo"},"image":{"@id":"https:\/\/blog.saocamilo-sp.br\/#\/schema\/logo\/image\/"},"sameAs":["https:\/\/www.facebook.com\/saocamilosp","https:\/\/x.com\/saocamilosp","https:\/\/www.linkedin.com\/school\/centro-universit-rio-s-o-camilo\/"]},{"@type":"Person","@id":"https:\/\/blog.saocamilo-sp.br\/#\/schema\/person\/781135418152912d4b58f2db13a2eaf0","name":"Lucas Soares Gon\u00e7alves","image":{"@type":"ImageObject","inLanguage":"pt-BR","@id":"https:\/\/secure.gravatar.com\/avatar\/bcd2d703cbb48116eaac2cac8643792535238ff30b2d7ce9e16f9254ec9cae83?s=96&d=mm&r=g","url":"https:\/\/secure.gravatar.com\/avatar\/bcd2d703cbb48116eaac2cac8643792535238ff30b2d7ce9e16f9254ec9cae83?s=96&d=mm&r=g","contentUrl":"https:\/\/secure.gravatar.com\/avatar\/bcd2d703cbb48116eaac2cac8643792535238ff30b2d7ce9e16f9254ec9cae83?s=96&d=mm&r=g","caption":"Lucas Soares Gon\u00e7alves"},"url":"https:\/\/blog.saocamilo-sp.br\/index.php\/author\/lucas-soares-goncalves\/"}]}},"_links":{"self":[{"href":"https:\/\/blog.saocamilo-sp.br\/index.php\/wp-json\/wp\/v2\/posts\/1855","targetHints":{"allow":["GET"]}}],"collection":[{"href":"https:\/\/blog.saocamilo-sp.br\/index.php\/wp-json\/wp\/v2\/posts"}],"about":[{"href":"https:\/\/blog.saocamilo-sp.br\/index.php\/wp-json\/wp\/v2\/types\/post"}],"author":[{"embeddable":true,"href":"https:\/\/blog.saocamilo-sp.br\/index.php\/wp-json\/wp\/v2\/users\/4"}],"replies":[{"embeddable":true,"href":"https:\/\/blog.saocamilo-sp.br\/index.php\/wp-json\/wp\/v2\/comments?post=1855"}],"version-history":[{"count":4,"href":"https:\/\/blog.saocamilo-sp.br\/index.php\/wp-json\/wp\/v2\/posts\/1855\/revisions"}],"predecessor-version":[{"id":1914,"href":"https:\/\/blog.saocamilo-sp.br\/index.php\/wp-json\/wp\/v2\/posts\/1855\/revisions\/1914"}],"wp:featuredmedia":[{"embeddable":true,"href":"https:\/\/blog.saocamilo-sp.br\/index.php\/wp-json\/wp\/v2\/media\/1906"}],"wp:attachment":[{"href":"https:\/\/blog.saocamilo-sp.br\/index.php\/wp-json\/wp\/v2\/media?parent=1855"}],"wp:term":[{"taxonomy":"category","embeddable":true,"href":"https:\/\/blog.saocamilo-sp.br\/index.php\/wp-json\/wp\/v2\/categories?post=1855"},{"taxonomy":"post_tag","embeddable":true,"href":"https:\/\/blog.saocamilo-sp.br\/index.php\/wp-json\/wp\/v2\/tags?post=1855"}],"curies":[{"name":"wp","href":"https:\/\/api.w.org\/{rel}","templated":true}]}}