{"id":1860,"date":"2023-10-25T17:13:12","date_gmt":"2023-10-25T20:13:12","guid":{"rendered":"https:\/\/blog.saocamilo-sp.br\/?p=1860"},"modified":"2023-10-30T09:32:45","modified_gmt":"2023-10-30T12:32:45","slug":"sao-camilo-44-estrelas-no-guia-da-faculdade","status":"publish","type":"post","link":"https:\/\/blog.saocamilo-sp.br\/index.php\/2023\/10\/25\/sao-camilo-44-estrelas-no-guia-da-faculdade\/","title":{"rendered":"S\u00e3o Camilo conquista 44 estrelas no Guia da Faculdade Quero | Estad\u00e3o"},"content":{"rendered":"\n<p>O Centro Universit\u00e1rio S\u00e3o Camilo consquistou 44 estrelas na avalia\u00e7\u00e3o do Guia Quero|Estad\u00e3o da Faculdade de 2023!  Ao todo foram onze cursos estrelados com quatro estrelas cada.<\/p>\n\n\n\n<p>\u2b50\u2b50\u2b50\u2b50 Administra\u00e7\u00e3o <br>\u2b50\u2b50\u2b50\u2b50 Biomedicina <br>\u2b50\u2b50\u2b50\u2b50 Enfermagem <br>\u2b50\u2b50\u2b50\u2b50 Farm\u00e1cia <br>\u2b50\u2b50\u2b50\u2b50 Fisioterapia <br>\u2b50\u2b50\u2b50\u2b50 Gest\u00e3o Hospitalar <br>\u2b50\u2b50\u2b50\u2b50 Medicina <br>\u2b50\u2b50\u2b50\u2b50 Nutri\u00e7\u00e3o <br>\u2b50\u2b50\u2b50\u2b50 Pedagogia <br>\u2b50\u2b50\u2b50\u2b50 Psicologia <br>\u2b50\u2b50\u2b50\u2b50 Radiologia<\/p>\n\n\n\n<p><\/p>\n\n\n\n<p>A rela\u00e7\u00e3o pode ser consultada diretamente no <a href=\"https:\/\/publicacoes.estadao.com.br\/guia-da-faculdade\/?post_type=faculdades_2023&amp;ano=2023&amp;s=s%C3%A3o+camilo&amp;tipo=&amp;modalidade=&amp;estado=&amp;cidade=&amp;classificacao=\" target=\"_blank\" rel=\"noreferrer noopener\">site <\/a>do guia.<\/p>\n\n\n\n<p>Estas estrelas representam o reconhecimento de nosso compromisso cont\u00ednuo com a educa\u00e7\u00e3o \u00e9tica e de excel\u00eancia, al\u00e9m de nossa tradi\u00e7\u00e3o em formar profissionais destacados no mercado.<\/p>\n\n\n\n<p>Mas esta conquista n\u00e3o pertence apenas a n\u00f3s, \u00e9 uma vit\u00f3ria de todos: coordenadores, estudantes, docentes e colaboradores Camilianos!<br><br><\/p>\n\n\n\n<figure class=\"wp-block-embed is-type-video is-provider-youtube wp-block-embed-youtube wp-embed-aspect-16-9 wp-has-aspect-ratio\"><div class=\"wp-block-embed__wrapper\">\n<iframe loading=\"lazy\" title=\"EaD S\u00e3o Camilo \u00e9 nota m\u00e1xima no MEC\" width=\"676\" height=\"380\" src=\"https:\/\/www.youtube.com\/embed\/tk5aspiCwz4?feature=oembed\" frameborder=\"0\" allow=\"accelerometer; autoplay; clipboard-write; encrypted-media; gyroscope; picture-in-picture; web-share\" allowfullscreen><\/iframe>\n<\/div><figcaption class=\"wp-element-caption\">Fonte: Youtube<\/figcaption><\/figure>\n","protected":false},"excerpt":{"rendered":"<p>Ao todo foram onze cursos estrelados com quatro estrelas cada que representam o reconhecimento de nosso compromisso cont\u00ednuo com a educa\u00e7\u00e3o \u00e9tica e de excel\u00eancia.<\/p>\n","protected":false},"author":13,"featured_media":1861,"comment_status":"open","ping_status":"open","sticky":false,"template":"","format":"standard","meta":{"cybocfi_hide_featured_image":"","footnotes":""},"categories":[1],"tags":[],"class_list":["post-1860","post","type-post","status-publish","format-standard","has-post-thumbnail","hentry","category-cursos"],"yoast_head":"<!-- This site is optimized with the Yoast SEO plugin v27.5 - https:\/\/yoast.com\/product\/yoast-seo-wordpress\/ -->\n<title>S\u00e3o Camilo conquista 44 estrelas no Guia da Faculdade Quero | Estad\u00e3o<\/title>\n<meta name=\"description\" content=\"O Centro Universit\u00e1rio S\u00e3o Camilo consquistou 44 estrelas na avalia\u00e7\u00e3o do Guia Quero | Estad\u00e3o da Faculdade de 2023! Ao todo foram onze cursos estrelados com quatro estrelas cada.\" \/>\n<meta name=\"robots\" content=\"index, follow, max-snippet:-1, max-image-preview:large, max-video-preview:-1\" \/>\n<link rel=\"canonical\" href=\"https:\/\/blog.saocamilo-sp.br\/index.php\/2023\/10\/25\/sao-camilo-44-estrelas-no-guia-da-faculdade\/\" \/>\n<meta property=\"og:locale\" content=\"pt_BR\" \/>\n<meta property=\"og:type\" content=\"article\" \/>\n<meta property=\"og:title\" content=\"S\u00e3o Camilo conquista 44 estrelas no Guia da Faculdade Quero | Estad\u00e3o\" \/>\n<meta property=\"og:description\" content=\"O Centro Universit\u00e1rio S\u00e3o Camilo consquistou 44 estrelas na avalia\u00e7\u00e3o do Guia Quero | Estad\u00e3o da Faculdade de 2023! Ao todo foram onze cursos estrelados com quatro estrelas cada.\" \/>\n<meta property=\"og:url\" content=\"https:\/\/blog.saocamilo-sp.br\/index.php\/2023\/10\/25\/sao-camilo-44-estrelas-no-guia-da-faculdade\/\" \/>\n<meta property=\"og:site_name\" content=\"Blog S\u00e3o Camilo\" \/>\n<meta property=\"article:publisher\" content=\"https:\/\/www.facebook.com\/saocamilosp\" \/>\n<meta property=\"article:published_time\" content=\"2023-10-25T20:13:12+00:00\" \/>\n<meta property=\"article:modified_time\" content=\"2023-10-30T12:32:45+00:00\" \/>\n<meta property=\"og:image\" content=\"https:\/\/blog.saocamilo-sp.br\/wp-content\/uploads\/2023\/10\/MicrosoftTeams-image-160.jpg\" \/>\n\t<meta property=\"og:image:width\" content=\"768\" \/>\n\t<meta property=\"og:image:height\" content=\"518\" \/>\n\t<meta property=\"og:image:type\" content=\"image\/jpeg\" \/>\n<meta name=\"author\" content=\"Leandro Lafr\u00e1gola\" \/>\n<meta name=\"twitter:card\" content=\"summary_large_image\" \/>\n<meta name=\"twitter:creator\" content=\"@saocamilosp\" \/>\n<meta name=\"twitter:site\" content=\"@saocamilosp\" \/>\n<meta name=\"twitter:label1\" content=\"Escrito por\" \/>\n\t<meta name=\"twitter:data1\" content=\"Leandro Lafr\u00e1gola\" \/>\n\t<meta name=\"twitter:label2\" content=\"Est. tempo de leitura\" \/>\n\t<meta name=\"twitter:data2\" content=\"1 minuto\" \/>\n<script type=\"application\/ld+json\" class=\"yoast-schema-graph\">{\"@context\":\"https:\\\/\\\/schema.org\",\"@graph\":[{\"@type\":\"Article\",\"@id\":\"https:\\\/\\\/blog.saocamilo-sp.br\\\/index.php\\\/2023\\\/10\\\/25\\\/sao-camilo-44-estrelas-no-guia-da-faculdade\\\/#article\",\"isPartOf\":{\"@id\":\"https:\\\/\\\/blog.saocamilo-sp.br\\\/index.php\\\/2023\\\/10\\\/25\\\/sao-camilo-44-estrelas-no-guia-da-faculdade\\\/\"},\"author\":{\"name\":\"Leandro Lafr\u00e1gola\",\"@id\":\"https:\\\/\\\/blog.saocamilo-sp.br\\\/#\\\/schema\\\/person\\\/1a99645faaab0bb55105f817e866e19b\"},\"headline\":\"S\u00e3o Camilo conquista 44 estrelas no Guia da Faculdade Quero | Estad\u00e3o\",\"datePublished\":\"2023-10-25T20:13:12+00:00\",\"dateModified\":\"2023-10-30T12:32:45+00:00\",\"mainEntityOfPage\":{\"@id\":\"https:\\\/\\\/blog.saocamilo-sp.br\\\/index.php\\\/2023\\\/10\\\/25\\\/sao-camilo-44-estrelas-no-guia-da-faculdade\\\/\"},\"wordCount\":131,\"commentCount\":0,\"publisher\":{\"@id\":\"https:\\\/\\\/blog.saocamilo-sp.br\\\/#organization\"},\"image\":{\"@id\":\"https:\\\/\\\/blog.saocamilo-sp.br\\\/index.php\\\/2023\\\/10\\\/25\\\/sao-camilo-44-estrelas-no-guia-da-faculdade\\\/#primaryimage\"},\"thumbnailUrl\":\"https:\\\/\\\/blog.saocamilo-sp.br\\\/wp-content\\\/uploads\\\/2023\\\/10\\\/MicrosoftTeams-image-160.jpg\",\"articleSection\":[\"Cursos\"],\"inLanguage\":\"pt-BR\",\"potentialAction\":[{\"@type\":\"CommentAction\",\"name\":\"Comment\",\"target\":[\"https:\\\/\\\/blog.saocamilo-sp.br\\\/index.php\\\/2023\\\/10\\\/25\\\/sao-camilo-44-estrelas-no-guia-da-faculdade\\\/#respond\"]}]},{\"@type\":\"WebPage\",\"@id\":\"https:\\\/\\\/blog.saocamilo-sp.br\\\/index.php\\\/2023\\\/10\\\/25\\\/sao-camilo-44-estrelas-no-guia-da-faculdade\\\/\",\"url\":\"https:\\\/\\\/blog.saocamilo-sp.br\\\/index.php\\\/2023\\\/10\\\/25\\\/sao-camilo-44-estrelas-no-guia-da-faculdade\\\/\",\"name\":\"S\u00e3o Camilo conquista 44 estrelas no Guia da Faculdade Quero | Estad\u00e3o\",\"isPartOf\":{\"@id\":\"https:\\\/\\\/blog.saocamilo-sp.br\\\/#website\"},\"primaryImageOfPage\":{\"@id\":\"https:\\\/\\\/blog.saocamilo-sp.br\\\/index.php\\\/2023\\\/10\\\/25\\\/sao-camilo-44-estrelas-no-guia-da-faculdade\\\/#primaryimage\"},\"image\":{\"@id\":\"https:\\\/\\\/blog.saocamilo-sp.br\\\/index.php\\\/2023\\\/10\\\/25\\\/sao-camilo-44-estrelas-no-guia-da-faculdade\\\/#primaryimage\"},\"thumbnailUrl\":\"https:\\\/\\\/blog.saocamilo-sp.br\\\/wp-content\\\/uploads\\\/2023\\\/10\\\/MicrosoftTeams-image-160.jpg\",\"datePublished\":\"2023-10-25T20:13:12+00:00\",\"dateModified\":\"2023-10-30T12:32:45+00:00\",\"description\":\"O Centro Universit\u00e1rio S\u00e3o Camilo consquistou 44 estrelas na avalia\u00e7\u00e3o do Guia Quero | Estad\u00e3o da Faculdade de 2023! Ao todo foram onze cursos estrelados com quatro estrelas cada.\",\"breadcrumb\":{\"@id\":\"https:\\\/\\\/blog.saocamilo-sp.br\\\/index.php\\\/2023\\\/10\\\/25\\\/sao-camilo-44-estrelas-no-guia-da-faculdade\\\/#breadcrumb\"},\"inLanguage\":\"pt-BR\",\"potentialAction\":[{\"@type\":\"ReadAction\",\"target\":[\"https:\\\/\\\/blog.saocamilo-sp.br\\\/index.php\\\/2023\\\/10\\\/25\\\/sao-camilo-44-estrelas-no-guia-da-faculdade\\\/\"]}]},{\"@type\":\"ImageObject\",\"inLanguage\":\"pt-BR\",\"@id\":\"https:\\\/\\\/blog.saocamilo-sp.br\\\/index.php\\\/2023\\\/10\\\/25\\\/sao-camilo-44-estrelas-no-guia-da-faculdade\\\/#primaryimage\",\"url\":\"https:\\\/\\\/blog.saocamilo-sp.br\\\/wp-content\\\/uploads\\\/2023\\\/10\\\/MicrosoftTeams-image-160.jpg\",\"contentUrl\":\"https:\\\/\\\/blog.saocamilo-sp.br\\\/wp-content\\\/uploads\\\/2023\\\/10\\\/MicrosoftTeams-image-160.jpg\",\"width\":768,\"height\":518,\"caption\":\"panda olhando para 44 estrelas\"},{\"@type\":\"BreadcrumbList\",\"@id\":\"https:\\\/\\\/blog.saocamilo-sp.br\\\/index.php\\\/2023\\\/10\\\/25\\\/sao-camilo-44-estrelas-no-guia-da-faculdade\\\/#breadcrumb\",\"itemListElement\":[{\"@type\":\"ListItem\",\"position\":1,\"name\":\"In\u00edcio\",\"item\":\"https:\\\/\\\/blog.saocamilo-sp.br\\\/\"},{\"@type\":\"ListItem\",\"position\":2,\"name\":\"S\u00e3o Camilo conquista 44 estrelas no Guia da Faculdade Quero | Estad\u00e3o\"}]},{\"@type\":\"WebSite\",\"@id\":\"https:\\\/\\\/blog.saocamilo-sp.br\\\/#website\",\"url\":\"https:\\\/\\\/blog.saocamilo-sp.br\\\/\",\"name\":\"Blog S\u00e3o Camilo\",\"description\":\"Blog do Centro Universit\u00e1rio S\u00e3o Camilo\",\"publisher\":{\"@id\":\"https:\\\/\\\/blog.saocamilo-sp.br\\\/#organization\"},\"potentialAction\":[{\"@type\":\"SearchAction\",\"target\":{\"@type\":\"EntryPoint\",\"urlTemplate\":\"https:\\\/\\\/blog.saocamilo-sp.br\\\/?s={search_term_string}\"},\"query-input\":{\"@type\":\"PropertyValueSpecification\",\"valueRequired\":true,\"valueName\":\"search_term_string\"}}],\"inLanguage\":\"pt-BR\"},{\"@type\":\"Organization\",\"@id\":\"https:\\\/\\\/blog.saocamilo-sp.br\\\/#organization\",\"name\":\"Blog S\u00e3o Camilo\",\"url\":\"https:\\\/\\\/blog.saocamilo-sp.br\\\/\",\"logo\":{\"@type\":\"ImageObject\",\"inLanguage\":\"pt-BR\",\"@id\":\"https:\\\/\\\/blog.saocamilo-sp.br\\\/#\\\/schema\\\/logo\\\/image\\\/\",\"url\":\"https:\\\/\\\/blog.saocamilo-sp.br\\\/wp-content\\\/uploads\\\/2021\\\/12\\\/cropped-vazio-logo-topo.png\",\"contentUrl\":\"https:\\\/\\\/blog.saocamilo-sp.br\\\/wp-content\\\/uploads\\\/2021\\\/12\\\/cropped-vazio-logo-topo.png\",\"width\":320,\"height\":240,\"caption\":\"Blog S\u00e3o Camilo\"},\"image\":{\"@id\":\"https:\\\/\\\/blog.saocamilo-sp.br\\\/#\\\/schema\\\/logo\\\/image\\\/\"},\"sameAs\":[\"https:\\\/\\\/www.facebook.com\\\/saocamilosp\",\"https:\\\/\\\/x.com\\\/saocamilosp\",\"https:\\\/\\\/www.linkedin.com\\\/school\\\/centro-universit-rio-s-o-camilo\\\/\"]},{\"@type\":\"Person\",\"@id\":\"https:\\\/\\\/blog.saocamilo-sp.br\\\/#\\\/schema\\\/person\\\/1a99645faaab0bb55105f817e866e19b\",\"name\":\"Leandro Lafr\u00e1gola\",\"image\":{\"@type\":\"ImageObject\",\"inLanguage\":\"pt-BR\",\"@id\":\"https:\\\/\\\/secure.gravatar.com\\\/avatar\\\/ec4232fb8d50d80f1c672353dc4c2876490e6a0a2a33d6572c0ba1fb78f115cf?s=96&d=mm&r=g\",\"url\":\"https:\\\/\\\/secure.gravatar.com\\\/avatar\\\/ec4232fb8d50d80f1c672353dc4c2876490e6a0a2a33d6572c0ba1fb78f115cf?s=96&d=mm&r=g\",\"contentUrl\":\"https:\\\/\\\/secure.gravatar.com\\\/avatar\\\/ec4232fb8d50d80f1c672353dc4c2876490e6a0a2a33d6572c0ba1fb78f115cf?s=96&d=mm&r=g\",\"caption\":\"Leandro Lafr\u00e1gola\"},\"url\":\"https:\\\/\\\/blog.saocamilo-sp.br\\\/index.php\\\/author\\\/llafragola\\\/\"}]}<\/script>\n<!-- \/ Yoast SEO plugin. -->","yoast_head_json":{"title":"S\u00e3o Camilo conquista 44 estrelas no Guia da Faculdade Quero | Estad\u00e3o","description":"O Centro Universit\u00e1rio S\u00e3o Camilo consquistou 44 estrelas na avalia\u00e7\u00e3o do Guia Quero | Estad\u00e3o da Faculdade de 2023! Ao todo foram onze cursos estrelados com quatro estrelas cada.","robots":{"index":"index","follow":"follow","max-snippet":"max-snippet:-1","max-image-preview":"max-image-preview:large","max-video-preview":"max-video-preview:-1"},"canonical":"https:\/\/blog.saocamilo-sp.br\/index.php\/2023\/10\/25\/sao-camilo-44-estrelas-no-guia-da-faculdade\/","og_locale":"pt_BR","og_type":"article","og_title":"S\u00e3o Camilo conquista 44 estrelas no Guia da Faculdade Quero | Estad\u00e3o","og_description":"O Centro Universit\u00e1rio S\u00e3o Camilo consquistou 44 estrelas na avalia\u00e7\u00e3o do Guia Quero | Estad\u00e3o da Faculdade de 2023! Ao todo foram onze cursos estrelados com quatro estrelas cada.","og_url":"https:\/\/blog.saocamilo-sp.br\/index.php\/2023\/10\/25\/sao-camilo-44-estrelas-no-guia-da-faculdade\/","og_site_name":"Blog S\u00e3o Camilo","article_publisher":"https:\/\/www.facebook.com\/saocamilosp","article_published_time":"2023-10-25T20:13:12+00:00","article_modified_time":"2023-10-30T12:32:45+00:00","og_image":[{"width":768,"height":518,"url":"https:\/\/blog.saocamilo-sp.br\/wp-content\/uploads\/2023\/10\/MicrosoftTeams-image-160.jpg","type":"image\/jpeg"}],"author":"Leandro Lafr\u00e1gola","twitter_card":"summary_large_image","twitter_creator":"@saocamilosp","twitter_site":"@saocamilosp","twitter_misc":{"Escrito por":"Leandro Lafr\u00e1gola","Est. tempo de leitura":"1 minuto"},"schema":{"@context":"https:\/\/schema.org","@graph":[{"@type":"Article","@id":"https:\/\/blog.saocamilo-sp.br\/index.php\/2023\/10\/25\/sao-camilo-44-estrelas-no-guia-da-faculdade\/#article","isPartOf":{"@id":"https:\/\/blog.saocamilo-sp.br\/index.php\/2023\/10\/25\/sao-camilo-44-estrelas-no-guia-da-faculdade\/"},"author":{"name":"Leandro Lafr\u00e1gola","@id":"https:\/\/blog.saocamilo-sp.br\/#\/schema\/person\/1a99645faaab0bb55105f817e866e19b"},"headline":"S\u00e3o Camilo conquista 44 estrelas no Guia da Faculdade Quero | Estad\u00e3o","datePublished":"2023-10-25T20:13:12+00:00","dateModified":"2023-10-30T12:32:45+00:00","mainEntityOfPage":{"@id":"https:\/\/blog.saocamilo-sp.br\/index.php\/2023\/10\/25\/sao-camilo-44-estrelas-no-guia-da-faculdade\/"},"wordCount":131,"commentCount":0,"publisher":{"@id":"https:\/\/blog.saocamilo-sp.br\/#organization"},"image":{"@id":"https:\/\/blog.saocamilo-sp.br\/index.php\/2023\/10\/25\/sao-camilo-44-estrelas-no-guia-da-faculdade\/#primaryimage"},"thumbnailUrl":"https:\/\/blog.saocamilo-sp.br\/wp-content\/uploads\/2023\/10\/MicrosoftTeams-image-160.jpg","articleSection":["Cursos"],"inLanguage":"pt-BR","potentialAction":[{"@type":"CommentAction","name":"Comment","target":["https:\/\/blog.saocamilo-sp.br\/index.php\/2023\/10\/25\/sao-camilo-44-estrelas-no-guia-da-faculdade\/#respond"]}]},{"@type":"WebPage","@id":"https:\/\/blog.saocamilo-sp.br\/index.php\/2023\/10\/25\/sao-camilo-44-estrelas-no-guia-da-faculdade\/","url":"https:\/\/blog.saocamilo-sp.br\/index.php\/2023\/10\/25\/sao-camilo-44-estrelas-no-guia-da-faculdade\/","name":"S\u00e3o Camilo conquista 44 estrelas no Guia da Faculdade Quero | Estad\u00e3o","isPartOf":{"@id":"https:\/\/blog.saocamilo-sp.br\/#website"},"primaryImageOfPage":{"@id":"https:\/\/blog.saocamilo-sp.br\/index.php\/2023\/10\/25\/sao-camilo-44-estrelas-no-guia-da-faculdade\/#primaryimage"},"image":{"@id":"https:\/\/blog.saocamilo-sp.br\/index.php\/2023\/10\/25\/sao-camilo-44-estrelas-no-guia-da-faculdade\/#primaryimage"},"thumbnailUrl":"https:\/\/blog.saocamilo-sp.br\/wp-content\/uploads\/2023\/10\/MicrosoftTeams-image-160.jpg","datePublished":"2023-10-25T20:13:12+00:00","dateModified":"2023-10-30T12:32:45+00:00","description":"O Centro Universit\u00e1rio S\u00e3o Camilo consquistou 44 estrelas na avalia\u00e7\u00e3o do Guia Quero | Estad\u00e3o da Faculdade de 2023! Ao todo foram onze cursos estrelados com quatro estrelas cada.","breadcrumb":{"@id":"https:\/\/blog.saocamilo-sp.br\/index.php\/2023\/10\/25\/sao-camilo-44-estrelas-no-guia-da-faculdade\/#breadcrumb"},"inLanguage":"pt-BR","potentialAction":[{"@type":"ReadAction","target":["https:\/\/blog.saocamilo-sp.br\/index.php\/2023\/10\/25\/sao-camilo-44-estrelas-no-guia-da-faculdade\/"]}]},{"@type":"ImageObject","inLanguage":"pt-BR","@id":"https:\/\/blog.saocamilo-sp.br\/index.php\/2023\/10\/25\/sao-camilo-44-estrelas-no-guia-da-faculdade\/#primaryimage","url":"https:\/\/blog.saocamilo-sp.br\/wp-content\/uploads\/2023\/10\/MicrosoftTeams-image-160.jpg","contentUrl":"https:\/\/blog.saocamilo-sp.br\/wp-content\/uploads\/2023\/10\/MicrosoftTeams-image-160.jpg","width":768,"height":518,"caption":"panda olhando para 44 estrelas"},{"@type":"BreadcrumbList","@id":"https:\/\/blog.saocamilo-sp.br\/index.php\/2023\/10\/25\/sao-camilo-44-estrelas-no-guia-da-faculdade\/#breadcrumb","itemListElement":[{"@type":"ListItem","position":1,"name":"In\u00edcio","item":"https:\/\/blog.saocamilo-sp.br\/"},{"@type":"ListItem","position":2,"name":"S\u00e3o Camilo conquista 44 estrelas no Guia da Faculdade Quero | Estad\u00e3o"}]},{"@type":"WebSite","@id":"https:\/\/blog.saocamilo-sp.br\/#website","url":"https:\/\/blog.saocamilo-sp.br\/","name":"Blog S\u00e3o Camilo","description":"Blog do Centro Universit\u00e1rio S\u00e3o Camilo","publisher":{"@id":"https:\/\/blog.saocamilo-sp.br\/#organization"},"potentialAction":[{"@type":"SearchAction","target":{"@type":"EntryPoint","urlTemplate":"https:\/\/blog.saocamilo-sp.br\/?s={search_term_string}"},"query-input":{"@type":"PropertyValueSpecification","valueRequired":true,"valueName":"search_term_string"}}],"inLanguage":"pt-BR"},{"@type":"Organization","@id":"https:\/\/blog.saocamilo-sp.br\/#organization","name":"Blog S\u00e3o Camilo","url":"https:\/\/blog.saocamilo-sp.br\/","logo":{"@type":"ImageObject","inLanguage":"pt-BR","@id":"https:\/\/blog.saocamilo-sp.br\/#\/schema\/logo\/image\/","url":"https:\/\/blog.saocamilo-sp.br\/wp-content\/uploads\/2021\/12\/cropped-vazio-logo-topo.png","contentUrl":"https:\/\/blog.saocamilo-sp.br\/wp-content\/uploads\/2021\/12\/cropped-vazio-logo-topo.png","width":320,"height":240,"caption":"Blog S\u00e3o Camilo"},"image":{"@id":"https:\/\/blog.saocamilo-sp.br\/#\/schema\/logo\/image\/"},"sameAs":["https:\/\/www.facebook.com\/saocamilosp","https:\/\/x.com\/saocamilosp","https:\/\/www.linkedin.com\/school\/centro-universit-rio-s-o-camilo\/"]},{"@type":"Person","@id":"https:\/\/blog.saocamilo-sp.br\/#\/schema\/person\/1a99645faaab0bb55105f817e866e19b","name":"Leandro Lafr\u00e1gola","image":{"@type":"ImageObject","inLanguage":"pt-BR","@id":"https:\/\/secure.gravatar.com\/avatar\/ec4232fb8d50d80f1c672353dc4c2876490e6a0a2a33d6572c0ba1fb78f115cf?s=96&d=mm&r=g","url":"https:\/\/secure.gravatar.com\/avatar\/ec4232fb8d50d80f1c672353dc4c2876490e6a0a2a33d6572c0ba1fb78f115cf?s=96&d=mm&r=g","contentUrl":"https:\/\/secure.gravatar.com\/avatar\/ec4232fb8d50d80f1c672353dc4c2876490e6a0a2a33d6572c0ba1fb78f115cf?s=96&d=mm&r=g","caption":"Leandro Lafr\u00e1gola"},"url":"https:\/\/blog.saocamilo-sp.br\/index.php\/author\/llafragola\/"}]}},"_links":{"self":[{"href":"https:\/\/blog.saocamilo-sp.br\/index.php\/wp-json\/wp\/v2\/posts\/1860","targetHints":{"allow":["GET"]}}],"collection":[{"href":"https:\/\/blog.saocamilo-sp.br\/index.php\/wp-json\/wp\/v2\/posts"}],"about":[{"href":"https:\/\/blog.saocamilo-sp.br\/index.php\/wp-json\/wp\/v2\/types\/post"}],"author":[{"embeddable":true,"href":"https:\/\/blog.saocamilo-sp.br\/index.php\/wp-json\/wp\/v2\/users\/13"}],"replies":[{"embeddable":true,"href":"https:\/\/blog.saocamilo-sp.br\/index.php\/wp-json\/wp\/v2\/comments?post=1860"}],"version-history":[{"count":5,"href":"https:\/\/blog.saocamilo-sp.br\/index.php\/wp-json\/wp\/v2\/posts\/1860\/revisions"}],"predecessor-version":[{"id":1889,"href":"https:\/\/blog.saocamilo-sp.br\/index.php\/wp-json\/wp\/v2\/posts\/1860\/revisions\/1889"}],"wp:featuredmedia":[{"embeddable":true,"href":"https:\/\/blog.saocamilo-sp.br\/index.php\/wp-json\/wp\/v2\/media\/1861"}],"wp:attachment":[{"href":"https:\/\/blog.saocamilo-sp.br\/index.php\/wp-json\/wp\/v2\/media?parent=1860"}],"wp:term":[{"taxonomy":"category","embeddable":true,"href":"https:\/\/blog.saocamilo-sp.br\/index.php\/wp-json\/wp\/v2\/categories?post=1860"},{"taxonomy":"post_tag","embeddable":true,"href":"https:\/\/blog.saocamilo-sp.br\/index.php\/wp-json\/wp\/v2\/tags?post=1860"}],"curies":[{"name":"wp","href":"https:\/\/api.w.org\/{rel}","templated":true}]}}