{"id":1892,"date":"2023-11-07T18:41:34","date_gmt":"2023-11-07T21:41:34","guid":{"rendered":"https:\/\/blog.saocamilo-sp.br\/?p=1892"},"modified":"2023-11-14T08:35:10","modified_gmt":"2023-11-14T11:35:10","slug":"tept-o-transtorno-mental-que-pode-acometer-vitimas-de-guerras-e-violencia-urbana","status":"publish","type":"post","link":"https:\/\/blog.saocamilo-sp.br\/index.php\/2023\/11\/07\/tept-o-transtorno-mental-que-pode-acometer-vitimas-de-guerras-e-violencia-urbana\/","title":{"rendered":"TEPT: o transtorno mental que pode acometer v\u00edtimas de guerras e viol\u00eancia urbana"},"content":{"rendered":"\n<p>O <a href=\"https:\/\/www.bing.com\/search?pglt=2081&amp;q=transtorno+de+estresse+p%C3%B3s-traum%C3%A1tico&amp;cvid=4c772c51fd254d0584ee7e5b783e1bb5&amp;gs_lcrp=EgZjaHJvbWUyBggAEEUYOTIECAEQADIECAIQADIECAMQADIECAQQADIECAUQADIECAYQADIECAcQADIHCAgQRRj8VdIBBzQ1MGowajGoAgCwAgA&amp;FORM=ANNAB1&amp;PC=U531\" target=\"_blank\" rel=\"noreferrer noopener\">transtorno de estresse p\u00f3s-traum\u00e1tico (TEPT)<\/a> \u00e9 um transtorno mental que pode afetar pessoas que vivenciaram um evento traum\u00e1tico, como uma guerra ou um ataque violento. Os sintomas do TEPT podem incluir flashbacks, pesadelos, ansiedade e isolamento social.<\/p>\n\n\n\n<p>As v\u00edtimas da viol\u00eancia di\u00e1ria do cotidiano, como assaltos, sequestros e viol\u00eancia dom\u00e9stica, podem sentir o mesmo de quem est\u00e1 em zonas de guerra. Ambas podem sofrer Transtorno de Estresse P\u00f3s-traum\u00e1tico. Segundo o professor de Psiquiatria do Centro Universit\u00e1rio S\u00e3o Camilo, Alfredo Simonetti, ao passar diante de uma guerra ou viol\u00eancia urbana, a pessoa fica atordoada, devido \u00e0 amea\u00e7a \u00e0 vida, podendo desenvolver ansiedade ou, em casos mais graves, o Estresse P\u00f3s-traum\u00e1tico. Ele explicou as diferen\u00e7as entre as duas situa\u00e7\u00f5es e como \u00e9 feito o tratamento psicol\u00f3gico para atravessar esses momentos dolorosos.<\/p>\n\n\n\n<p>\u201cAlgumas pessoas choram, sofrem e se desesperam na hora da crise, mas depois t\u00eam a sensa\u00e7\u00e3o de que a vida segue para elas, enquanto outras ficam t\u00e3o abaladas, que simplesmente desabam, s\u00e3o tomadas pela ang\u00fastia e t\u00eam a sensa\u00e7\u00e3o de que a vida trava.<\/p>\n\n\n\n<p>Sobre essas, dizemos que est\u00e3o em estresse p\u00f3s-traum\u00e1tico. H\u00e1 uma distin\u00e7\u00e3o entre sofrimento e trauma. No momento do incidente, acontece o estresse agudo, mas se os sintomas permanecem, fica caracterizado como Transtorno de Estresse P\u00f3s-traum\u00e1tico TEPT)\u201d, explicou.<\/p>\n\n\n\n<h3 class=\"wp-block-heading\"><strong>Quem pode desenvolver TEPT?<\/strong><\/h3>\n\n\n\n<p>O TEPT pode afetar qualquer pessoa, independentemente de idade, sexo ou ra\u00e7a. No entanto, as pessoas que s\u00e3o mais propensas a desenvolver TEPT s\u00e3o aquelas que vivenciaram eventos traum\u00e1ticos intensos, como:<\/p>\n\n\n\n<ul class=\"wp-block-list\">\n<li>Guerra<\/li>\n\n\n\n<li>Viol\u00eancia urbana<\/li>\n\n\n\n<li>Abuso sexual ou f\u00edsico<\/li>\n\n\n\n<li>Acidentes graves<\/li>\n\n\n\n<li>Desastres naturais<\/li>\n<\/ul>\n\n\n\n<h3 class=\"wp-block-heading\"><strong>Quais s\u00e3o os sintomas do TEPT?<\/strong><\/h3>\n\n\n\n<p>Os sintomas do TEPT podem ser divididos em quatro categorias:<\/p>\n\n\n\n<ul class=\"wp-block-list\">\n<li><strong>Intrus\u00f5es:<\/strong>&nbsp;A pessoa pode ter flashbacks, pesadelos ou pensamentos intrusivos sobre o evento traum\u00e1tico.<\/li>\n\n\n\n<li><strong>Evitar:<\/strong>&nbsp;A pessoa pode evitar lugares, pessoas ou atividades que lembrem o evento traum\u00e1tico.<\/li>\n\n\n\n<li><strong>Altera\u00e7\u00f5es negativas do humor e do pensamento:<\/strong>&nbsp;A pessoa pode sentir-se triste, ansiosa ou irritada. Ela tamb\u00e9m pode ter dificuldade de se concentrar ou tomar decis\u00f5es.<\/li>\n\n\n\n<li><strong>Altera\u00e7\u00f5es da excita\u00e7\u00e3o e da reatividade:<\/strong>&nbsp;A pessoa pode ficar hipervigilante ou ter dificuldade para dormir. Ela tamb\u00e9m pode ter problemas de controle da raiva ou impulsividade.<\/li>\n<\/ul>\n\n\n\n<h3 class=\"wp-block-heading\"><strong>Como \u00e9 o tratamento para o TEPT?<\/strong><\/h3>\n\n\n\n<p>O tratamento para o TEPT geralmente envolve terapia e medicamentos. A terapia pode ajudar a pessoa a lidar com os sintomas do TEPT e a reconstruir sua vida. Os medicamentos podem ajudar a aliviar os sintomas de ansiedade e depress\u00e3o.<\/p>\n\n\n\n<h3 class=\"wp-block-heading\"><strong>Como a psicologia pode ajudar?<\/strong><\/h3>\n\n\n\n<p>Os psic\u00f3logos s\u00e3o especialistas no tratamento de transtornos mentais. Com isso, eles podem ajudar as pessoas com TEPT a desenvolver estrat\u00e9gias de enfrentamento e a superar os sintomas do transtorno.<\/p>\n\n\n\n<p>O TEPT \u00e9 um transtorno mental s\u00e9rio que pode ter um impacto significativo na vida de uma pessoa. No entanto, o tratamento pode ser eficaz para ajudar as pessoas com TEPT a levar uma vida plena e produtiva.<\/p>\n\n\n\n<h3 class=\"wp-block-heading\">Fa\u00e7a a diferen\u00e7a e seja S\u00e3o Camilo!<\/h3>\n\n\n\n<p><a href=\"https:\/\/saocamilo-sp.br\/\" target=\"_blank\" rel=\"noreferrer noopener\">O Centro Universit\u00e1rio S\u00e3o Camilo<\/a> oferece um <a href=\"https:\/\/www.bing.com\/search?pglt=2081&amp;q=psicologia+sao+camilo&amp;cvid=4a1011798e3f40b58adbf8d117838a50&amp;gs_lcrp=EgZjaHJvbWUyBggAEEUYOTIECAEQADIGCAIQRRg8MgYIAxBFGDwyBggEEEUYPDIHCAUQRRj8VdIBCDY3NDZqMGoxqAIAsAIA&amp;FORM=ANNAB1&amp;PC=U531\" target=\"_blank\" rel=\"noreferrer noopener\">curso de psicologia<\/a> de alta qualidade que prepara os alunos para uma carreira de sucesso na \u00e1rea da sa\u00fade mental. O curso oferece uma s\u00f3lida forma\u00e7\u00e3o te\u00f3rica e pr\u00e1tica que capacita os alunos a diagnosticar e tratar transtornos mentais, incluindo o TEPT.<\/p>\n\n\n\n<p>Veja tamb\u00e9m:<\/p>\n\n\n\n<p><a href=\"https:\/\/blog.saocamilo-sp.br\/index.php\/2021\/12\/21\/o-que-se-estuda-no-curso-de-psicologia\/\" target=\"_blank\" rel=\"noreferrer noopener\">O que estuda no curso de psicologia?<\/a><\/p>\n\n\n\n<p><a href=\"https:\/\/blog.saocamilo-sp.br\/index.php\/2023\/07\/08\/estudo-anatomia-pecas-naturais\/\">Descobrindo a Import\u00e2ncia do Estudo de Anatomia com Pe\u00e7as Naturais&nbsp;<\/a><\/p>\n\n\n\n<p><a href=\"https:\/\/blog.saocamilo-sp.br\/index.php\/2023\/06\/29\/motivos-para-turbinar-a-sua-carreira-com-a-capacitacao-esg\/\">Conhe\u00e7a quatro motivos para turbinar a sua carreira com a capacita\u00e7\u00e3o ESG&nbsp;<\/a><\/p>\n\n\n\n<p>Saiba mais sobre nossos cursos:<\/p>\n\n\n\n<iframe loading=\"lazy\" src=\"https:\/\/saocamilo.apprbs.com.br\/tenho-interesse-blog\" height=\"530px\" width=\"100%\" frameborder=\"0\"><\/iframe>\n\n\n\n<p>Compartilhe em<\/p>\n","protected":false},"excerpt":{"rendered":"<p>O transtorno de estresse p\u00f3s-traum\u00e1tico (TEPT) \u00e9 um transtorno mental que pode afetar pessoas que vivenciaram um evento traum\u00e1tico, como uma guerra ou um ataque violento. <\/p>\n","protected":false},"author":4,"featured_media":1944,"comment_status":"open","ping_status":"open","sticky":false,"template":"","format":"standard","meta":{"cybocfi_hide_featured_image":"","footnotes":""},"categories":[1],"tags":[],"class_list":["post-1892","post","type-post","status-publish","format-standard","has-post-thumbnail","hentry","category-cursos"],"yoast_head":"<!-- This site is optimized with the Yoast SEO plugin v27.5 - https:\/\/yoast.com\/product\/yoast-seo-wordpress\/ -->\n<title>TEPT: o transtorno mental que pode acometer v\u00edtimas de guerras e viol\u00eancia urbana - Blog S\u00e3o Camilo<\/title>\n<meta name=\"description\" content=\"O transtorno de estresse p\u00f3s-traum\u00e1tico (TEPT) \u00e9 um transtorno mental que pode afetar pessoas que vivenciaram um evento traum\u00e1tico...\" \/>\n<meta name=\"robots\" content=\"index, follow, max-snippet:-1, max-image-preview:large, max-video-preview:-1\" \/>\n<link rel=\"canonical\" href=\"https:\/\/blog.saocamilo-sp.br\/index.php\/2023\/11\/07\/tept-o-transtorno-mental-que-pode-acometer-vitimas-de-guerras-e-violencia-urbana\/\" \/>\n<meta property=\"og:locale\" content=\"pt_BR\" \/>\n<meta property=\"og:type\" content=\"article\" \/>\n<meta property=\"og:title\" content=\"TEPT: o transtorno mental que pode acometer v\u00edtimas de guerras e viol\u00eancia urbana - Blog S\u00e3o Camilo\" \/>\n<meta property=\"og:description\" content=\"O transtorno de estresse p\u00f3s-traum\u00e1tico (TEPT) \u00e9 um transtorno mental que pode afetar pessoas que vivenciaram um evento traum\u00e1tico...\" \/>\n<meta property=\"og:url\" content=\"https:\/\/blog.saocamilo-sp.br\/index.php\/2023\/11\/07\/tept-o-transtorno-mental-que-pode-acometer-vitimas-de-guerras-e-violencia-urbana\/\" \/>\n<meta property=\"og:site_name\" content=\"Blog S\u00e3o Camilo\" \/>\n<meta property=\"article:publisher\" content=\"https:\/\/www.facebook.com\/saocamilosp\" \/>\n<meta property=\"article:published_time\" content=\"2023-11-07T21:41:34+00:00\" \/>\n<meta property=\"article:modified_time\" content=\"2023-11-14T11:35:10+00:00\" \/>\n<meta property=\"og:image\" content=\"https:\/\/blog.saocamilo-sp.br\/wp-content\/uploads\/2023\/11\/Topo-TEPT-scaled.jpg\" \/>\n\t<meta property=\"og:image:width\" content=\"2560\" \/>\n\t<meta property=\"og:image:height\" content=\"1726\" \/>\n\t<meta property=\"og:image:type\" content=\"image\/jpeg\" \/>\n<meta name=\"author\" content=\"Lucas Soares Gon\u00e7alves\" \/>\n<meta name=\"twitter:card\" content=\"summary_large_image\" \/>\n<meta name=\"twitter:creator\" content=\"@saocamilosp\" \/>\n<meta name=\"twitter:site\" content=\"@saocamilosp\" \/>\n<meta name=\"twitter:label1\" content=\"Escrito por\" \/>\n\t<meta name=\"twitter:data1\" content=\"Lucas Soares Gon\u00e7alves\" \/>\n\t<meta name=\"twitter:label2\" content=\"Est. tempo de leitura\" \/>\n\t<meta name=\"twitter:data2\" content=\"4 minutos\" \/>\n<script type=\"application\/ld+json\" class=\"yoast-schema-graph\">{\"@context\":\"https:\\\/\\\/schema.org\",\"@graph\":[{\"@type\":\"Article\",\"@id\":\"https:\\\/\\\/blog.saocamilo-sp.br\\\/index.php\\\/2023\\\/11\\\/07\\\/tept-o-transtorno-mental-que-pode-acometer-vitimas-de-guerras-e-violencia-urbana\\\/#article\",\"isPartOf\":{\"@id\":\"https:\\\/\\\/blog.saocamilo-sp.br\\\/index.php\\\/2023\\\/11\\\/07\\\/tept-o-transtorno-mental-que-pode-acometer-vitimas-de-guerras-e-violencia-urbana\\\/\"},\"author\":{\"name\":\"Lucas Soares Gon\u00e7alves\",\"@id\":\"https:\\\/\\\/blog.saocamilo-sp.br\\\/#\\\/schema\\\/person\\\/781135418152912d4b58f2db13a2eaf0\"},\"headline\":\"TEPT: o transtorno mental que pode acometer v\u00edtimas de guerras e viol\u00eancia urbana\",\"datePublished\":\"2023-11-07T21:41:34+00:00\",\"dateModified\":\"2023-11-14T11:35:10+00:00\",\"mainEntityOfPage\":{\"@id\":\"https:\\\/\\\/blog.saocamilo-sp.br\\\/index.php\\\/2023\\\/11\\\/07\\\/tept-o-transtorno-mental-que-pode-acometer-vitimas-de-guerras-e-violencia-urbana\\\/\"},\"wordCount\":651,\"commentCount\":0,\"publisher\":{\"@id\":\"https:\\\/\\\/blog.saocamilo-sp.br\\\/#organization\"},\"image\":{\"@id\":\"https:\\\/\\\/blog.saocamilo-sp.br\\\/index.php\\\/2023\\\/11\\\/07\\\/tept-o-transtorno-mental-que-pode-acometer-vitimas-de-guerras-e-violencia-urbana\\\/#primaryimage\"},\"thumbnailUrl\":\"https:\\\/\\\/blog.saocamilo-sp.br\\\/wp-content\\\/uploads\\\/2023\\\/11\\\/Topo-TEPT-scaled.jpg\",\"articleSection\":[\"Cursos\"],\"inLanguage\":\"pt-BR\",\"potentialAction\":[{\"@type\":\"CommentAction\",\"name\":\"Comment\",\"target\":[\"https:\\\/\\\/blog.saocamilo-sp.br\\\/index.php\\\/2023\\\/11\\\/07\\\/tept-o-transtorno-mental-que-pode-acometer-vitimas-de-guerras-e-violencia-urbana\\\/#respond\"]}]},{\"@type\":\"WebPage\",\"@id\":\"https:\\\/\\\/blog.saocamilo-sp.br\\\/index.php\\\/2023\\\/11\\\/07\\\/tept-o-transtorno-mental-que-pode-acometer-vitimas-de-guerras-e-violencia-urbana\\\/\",\"url\":\"https:\\\/\\\/blog.saocamilo-sp.br\\\/index.php\\\/2023\\\/11\\\/07\\\/tept-o-transtorno-mental-que-pode-acometer-vitimas-de-guerras-e-violencia-urbana\\\/\",\"name\":\"TEPT: o transtorno mental que pode acometer v\u00edtimas de guerras e viol\u00eancia urbana - Blog S\u00e3o Camilo\",\"isPartOf\":{\"@id\":\"https:\\\/\\\/blog.saocamilo-sp.br\\\/#website\"},\"primaryImageOfPage\":{\"@id\":\"https:\\\/\\\/blog.saocamilo-sp.br\\\/index.php\\\/2023\\\/11\\\/07\\\/tept-o-transtorno-mental-que-pode-acometer-vitimas-de-guerras-e-violencia-urbana\\\/#primaryimage\"},\"image\":{\"@id\":\"https:\\\/\\\/blog.saocamilo-sp.br\\\/index.php\\\/2023\\\/11\\\/07\\\/tept-o-transtorno-mental-que-pode-acometer-vitimas-de-guerras-e-violencia-urbana\\\/#primaryimage\"},\"thumbnailUrl\":\"https:\\\/\\\/blog.saocamilo-sp.br\\\/wp-content\\\/uploads\\\/2023\\\/11\\\/Topo-TEPT-scaled.jpg\",\"datePublished\":\"2023-11-07T21:41:34+00:00\",\"dateModified\":\"2023-11-14T11:35:10+00:00\",\"description\":\"O transtorno de estresse p\u00f3s-traum\u00e1tico (TEPT) \u00e9 um transtorno mental que pode afetar pessoas que vivenciaram um evento traum\u00e1tico...\",\"breadcrumb\":{\"@id\":\"https:\\\/\\\/blog.saocamilo-sp.br\\\/index.php\\\/2023\\\/11\\\/07\\\/tept-o-transtorno-mental-que-pode-acometer-vitimas-de-guerras-e-violencia-urbana\\\/#breadcrumb\"},\"inLanguage\":\"pt-BR\",\"potentialAction\":[{\"@type\":\"ReadAction\",\"target\":[\"https:\\\/\\\/blog.saocamilo-sp.br\\\/index.php\\\/2023\\\/11\\\/07\\\/tept-o-transtorno-mental-que-pode-acometer-vitimas-de-guerras-e-violencia-urbana\\\/\"]}]},{\"@type\":\"ImageObject\",\"inLanguage\":\"pt-BR\",\"@id\":\"https:\\\/\\\/blog.saocamilo-sp.br\\\/index.php\\\/2023\\\/11\\\/07\\\/tept-o-transtorno-mental-que-pode-acometer-vitimas-de-guerras-e-violencia-urbana\\\/#primaryimage\",\"url\":\"https:\\\/\\\/blog.saocamilo-sp.br\\\/wp-content\\\/uploads\\\/2023\\\/11\\\/Topo-TEPT-scaled.jpg\",\"contentUrl\":\"https:\\\/\\\/blog.saocamilo-sp.br\\\/wp-content\\\/uploads\\\/2023\\\/11\\\/Topo-TEPT-scaled.jpg\",\"width\":2560,\"height\":1726},{\"@type\":\"BreadcrumbList\",\"@id\":\"https:\\\/\\\/blog.saocamilo-sp.br\\\/index.php\\\/2023\\\/11\\\/07\\\/tept-o-transtorno-mental-que-pode-acometer-vitimas-de-guerras-e-violencia-urbana\\\/#breadcrumb\",\"itemListElement\":[{\"@type\":\"ListItem\",\"position\":1,\"name\":\"In\u00edcio\",\"item\":\"https:\\\/\\\/blog.saocamilo-sp.br\\\/\"},{\"@type\":\"ListItem\",\"position\":2,\"name\":\"TEPT: o transtorno mental que pode acometer v\u00edtimas de guerras e viol\u00eancia urbana\"}]},{\"@type\":\"WebSite\",\"@id\":\"https:\\\/\\\/blog.saocamilo-sp.br\\\/#website\",\"url\":\"https:\\\/\\\/blog.saocamilo-sp.br\\\/\",\"name\":\"Blog S\u00e3o Camilo\",\"description\":\"Blog do Centro Universit\u00e1rio S\u00e3o Camilo\",\"publisher\":{\"@id\":\"https:\\\/\\\/blog.saocamilo-sp.br\\\/#organization\"},\"potentialAction\":[{\"@type\":\"SearchAction\",\"target\":{\"@type\":\"EntryPoint\",\"urlTemplate\":\"https:\\\/\\\/blog.saocamilo-sp.br\\\/?s={search_term_string}\"},\"query-input\":{\"@type\":\"PropertyValueSpecification\",\"valueRequired\":true,\"valueName\":\"search_term_string\"}}],\"inLanguage\":\"pt-BR\"},{\"@type\":\"Organization\",\"@id\":\"https:\\\/\\\/blog.saocamilo-sp.br\\\/#organization\",\"name\":\"Blog S\u00e3o Camilo\",\"url\":\"https:\\\/\\\/blog.saocamilo-sp.br\\\/\",\"logo\":{\"@type\":\"ImageObject\",\"inLanguage\":\"pt-BR\",\"@id\":\"https:\\\/\\\/blog.saocamilo-sp.br\\\/#\\\/schema\\\/logo\\\/image\\\/\",\"url\":\"https:\\\/\\\/blog.saocamilo-sp.br\\\/wp-content\\\/uploads\\\/2021\\\/12\\\/cropped-vazio-logo-topo.png\",\"contentUrl\":\"https:\\\/\\\/blog.saocamilo-sp.br\\\/wp-content\\\/uploads\\\/2021\\\/12\\\/cropped-vazio-logo-topo.png\",\"width\":320,\"height\":240,\"caption\":\"Blog S\u00e3o Camilo\"},\"image\":{\"@id\":\"https:\\\/\\\/blog.saocamilo-sp.br\\\/#\\\/schema\\\/logo\\\/image\\\/\"},\"sameAs\":[\"https:\\\/\\\/www.facebook.com\\\/saocamilosp\",\"https:\\\/\\\/x.com\\\/saocamilosp\",\"https:\\\/\\\/www.linkedin.com\\\/school\\\/centro-universit-rio-s-o-camilo\\\/\"]},{\"@type\":\"Person\",\"@id\":\"https:\\\/\\\/blog.saocamilo-sp.br\\\/#\\\/schema\\\/person\\\/781135418152912d4b58f2db13a2eaf0\",\"name\":\"Lucas Soares Gon\u00e7alves\",\"image\":{\"@type\":\"ImageObject\",\"inLanguage\":\"pt-BR\",\"@id\":\"https:\\\/\\\/secure.gravatar.com\\\/avatar\\\/bcd2d703cbb48116eaac2cac8643792535238ff30b2d7ce9e16f9254ec9cae83?s=96&d=mm&r=g\",\"url\":\"https:\\\/\\\/secure.gravatar.com\\\/avatar\\\/bcd2d703cbb48116eaac2cac8643792535238ff30b2d7ce9e16f9254ec9cae83?s=96&d=mm&r=g\",\"contentUrl\":\"https:\\\/\\\/secure.gravatar.com\\\/avatar\\\/bcd2d703cbb48116eaac2cac8643792535238ff30b2d7ce9e16f9254ec9cae83?s=96&d=mm&r=g\",\"caption\":\"Lucas Soares Gon\u00e7alves\"},\"url\":\"https:\\\/\\\/blog.saocamilo-sp.br\\\/index.php\\\/author\\\/lucas-soares-goncalves\\\/\"}]}<\/script>\n<!-- \/ Yoast SEO plugin. -->","yoast_head_json":{"title":"TEPT: o transtorno mental que pode acometer v\u00edtimas de guerras e viol\u00eancia urbana - Blog S\u00e3o Camilo","description":"O transtorno de estresse p\u00f3s-traum\u00e1tico (TEPT) \u00e9 um transtorno mental que pode afetar pessoas que vivenciaram um evento traum\u00e1tico...","robots":{"index":"index","follow":"follow","max-snippet":"max-snippet:-1","max-image-preview":"max-image-preview:large","max-video-preview":"max-video-preview:-1"},"canonical":"https:\/\/blog.saocamilo-sp.br\/index.php\/2023\/11\/07\/tept-o-transtorno-mental-que-pode-acometer-vitimas-de-guerras-e-violencia-urbana\/","og_locale":"pt_BR","og_type":"article","og_title":"TEPT: o transtorno mental que pode acometer v\u00edtimas de guerras e viol\u00eancia urbana - Blog S\u00e3o Camilo","og_description":"O transtorno de estresse p\u00f3s-traum\u00e1tico (TEPT) \u00e9 um transtorno mental que pode afetar pessoas que vivenciaram um evento traum\u00e1tico...","og_url":"https:\/\/blog.saocamilo-sp.br\/index.php\/2023\/11\/07\/tept-o-transtorno-mental-que-pode-acometer-vitimas-de-guerras-e-violencia-urbana\/","og_site_name":"Blog S\u00e3o Camilo","article_publisher":"https:\/\/www.facebook.com\/saocamilosp","article_published_time":"2023-11-07T21:41:34+00:00","article_modified_time":"2023-11-14T11:35:10+00:00","og_image":[{"width":2560,"height":1726,"url":"https:\/\/blog.saocamilo-sp.br\/wp-content\/uploads\/2023\/11\/Topo-TEPT-scaled.jpg","type":"image\/jpeg"}],"author":"Lucas Soares Gon\u00e7alves","twitter_card":"summary_large_image","twitter_creator":"@saocamilosp","twitter_site":"@saocamilosp","twitter_misc":{"Escrito por":"Lucas Soares Gon\u00e7alves","Est. tempo de leitura":"4 minutos"},"schema":{"@context":"https:\/\/schema.org","@graph":[{"@type":"Article","@id":"https:\/\/blog.saocamilo-sp.br\/index.php\/2023\/11\/07\/tept-o-transtorno-mental-que-pode-acometer-vitimas-de-guerras-e-violencia-urbana\/#article","isPartOf":{"@id":"https:\/\/blog.saocamilo-sp.br\/index.php\/2023\/11\/07\/tept-o-transtorno-mental-que-pode-acometer-vitimas-de-guerras-e-violencia-urbana\/"},"author":{"name":"Lucas Soares Gon\u00e7alves","@id":"https:\/\/blog.saocamilo-sp.br\/#\/schema\/person\/781135418152912d4b58f2db13a2eaf0"},"headline":"TEPT: o transtorno mental que pode acometer v\u00edtimas de guerras e viol\u00eancia urbana","datePublished":"2023-11-07T21:41:34+00:00","dateModified":"2023-11-14T11:35:10+00:00","mainEntityOfPage":{"@id":"https:\/\/blog.saocamilo-sp.br\/index.php\/2023\/11\/07\/tept-o-transtorno-mental-que-pode-acometer-vitimas-de-guerras-e-violencia-urbana\/"},"wordCount":651,"commentCount":0,"publisher":{"@id":"https:\/\/blog.saocamilo-sp.br\/#organization"},"image":{"@id":"https:\/\/blog.saocamilo-sp.br\/index.php\/2023\/11\/07\/tept-o-transtorno-mental-que-pode-acometer-vitimas-de-guerras-e-violencia-urbana\/#primaryimage"},"thumbnailUrl":"https:\/\/blog.saocamilo-sp.br\/wp-content\/uploads\/2023\/11\/Topo-TEPT-scaled.jpg","articleSection":["Cursos"],"inLanguage":"pt-BR","potentialAction":[{"@type":"CommentAction","name":"Comment","target":["https:\/\/blog.saocamilo-sp.br\/index.php\/2023\/11\/07\/tept-o-transtorno-mental-que-pode-acometer-vitimas-de-guerras-e-violencia-urbana\/#respond"]}]},{"@type":"WebPage","@id":"https:\/\/blog.saocamilo-sp.br\/index.php\/2023\/11\/07\/tept-o-transtorno-mental-que-pode-acometer-vitimas-de-guerras-e-violencia-urbana\/","url":"https:\/\/blog.saocamilo-sp.br\/index.php\/2023\/11\/07\/tept-o-transtorno-mental-que-pode-acometer-vitimas-de-guerras-e-violencia-urbana\/","name":"TEPT: o transtorno mental que pode acometer v\u00edtimas de guerras e viol\u00eancia urbana - Blog S\u00e3o Camilo","isPartOf":{"@id":"https:\/\/blog.saocamilo-sp.br\/#website"},"primaryImageOfPage":{"@id":"https:\/\/blog.saocamilo-sp.br\/index.php\/2023\/11\/07\/tept-o-transtorno-mental-que-pode-acometer-vitimas-de-guerras-e-violencia-urbana\/#primaryimage"},"image":{"@id":"https:\/\/blog.saocamilo-sp.br\/index.php\/2023\/11\/07\/tept-o-transtorno-mental-que-pode-acometer-vitimas-de-guerras-e-violencia-urbana\/#primaryimage"},"thumbnailUrl":"https:\/\/blog.saocamilo-sp.br\/wp-content\/uploads\/2023\/11\/Topo-TEPT-scaled.jpg","datePublished":"2023-11-07T21:41:34+00:00","dateModified":"2023-11-14T11:35:10+00:00","description":"O transtorno de estresse p\u00f3s-traum\u00e1tico (TEPT) \u00e9 um transtorno mental que pode afetar pessoas que vivenciaram um evento traum\u00e1tico...","breadcrumb":{"@id":"https:\/\/blog.saocamilo-sp.br\/index.php\/2023\/11\/07\/tept-o-transtorno-mental-que-pode-acometer-vitimas-de-guerras-e-violencia-urbana\/#breadcrumb"},"inLanguage":"pt-BR","potentialAction":[{"@type":"ReadAction","target":["https:\/\/blog.saocamilo-sp.br\/index.php\/2023\/11\/07\/tept-o-transtorno-mental-que-pode-acometer-vitimas-de-guerras-e-violencia-urbana\/"]}]},{"@type":"ImageObject","inLanguage":"pt-BR","@id":"https:\/\/blog.saocamilo-sp.br\/index.php\/2023\/11\/07\/tept-o-transtorno-mental-que-pode-acometer-vitimas-de-guerras-e-violencia-urbana\/#primaryimage","url":"https:\/\/blog.saocamilo-sp.br\/wp-content\/uploads\/2023\/11\/Topo-TEPT-scaled.jpg","contentUrl":"https:\/\/blog.saocamilo-sp.br\/wp-content\/uploads\/2023\/11\/Topo-TEPT-scaled.jpg","width":2560,"height":1726},{"@type":"BreadcrumbList","@id":"https:\/\/blog.saocamilo-sp.br\/index.php\/2023\/11\/07\/tept-o-transtorno-mental-que-pode-acometer-vitimas-de-guerras-e-violencia-urbana\/#breadcrumb","itemListElement":[{"@type":"ListItem","position":1,"name":"In\u00edcio","item":"https:\/\/blog.saocamilo-sp.br\/"},{"@type":"ListItem","position":2,"name":"TEPT: o transtorno mental que pode acometer v\u00edtimas de guerras e viol\u00eancia urbana"}]},{"@type":"WebSite","@id":"https:\/\/blog.saocamilo-sp.br\/#website","url":"https:\/\/blog.saocamilo-sp.br\/","name":"Blog S\u00e3o Camilo","description":"Blog do Centro Universit\u00e1rio S\u00e3o Camilo","publisher":{"@id":"https:\/\/blog.saocamilo-sp.br\/#organization"},"potentialAction":[{"@type":"SearchAction","target":{"@type":"EntryPoint","urlTemplate":"https:\/\/blog.saocamilo-sp.br\/?s={search_term_string}"},"query-input":{"@type":"PropertyValueSpecification","valueRequired":true,"valueName":"search_term_string"}}],"inLanguage":"pt-BR"},{"@type":"Organization","@id":"https:\/\/blog.saocamilo-sp.br\/#organization","name":"Blog S\u00e3o Camilo","url":"https:\/\/blog.saocamilo-sp.br\/","logo":{"@type":"ImageObject","inLanguage":"pt-BR","@id":"https:\/\/blog.saocamilo-sp.br\/#\/schema\/logo\/image\/","url":"https:\/\/blog.saocamilo-sp.br\/wp-content\/uploads\/2021\/12\/cropped-vazio-logo-topo.png","contentUrl":"https:\/\/blog.saocamilo-sp.br\/wp-content\/uploads\/2021\/12\/cropped-vazio-logo-topo.png","width":320,"height":240,"caption":"Blog S\u00e3o Camilo"},"image":{"@id":"https:\/\/blog.saocamilo-sp.br\/#\/schema\/logo\/image\/"},"sameAs":["https:\/\/www.facebook.com\/saocamilosp","https:\/\/x.com\/saocamilosp","https:\/\/www.linkedin.com\/school\/centro-universit-rio-s-o-camilo\/"]},{"@type":"Person","@id":"https:\/\/blog.saocamilo-sp.br\/#\/schema\/person\/781135418152912d4b58f2db13a2eaf0","name":"Lucas Soares Gon\u00e7alves","image":{"@type":"ImageObject","inLanguage":"pt-BR","@id":"https:\/\/secure.gravatar.com\/avatar\/bcd2d703cbb48116eaac2cac8643792535238ff30b2d7ce9e16f9254ec9cae83?s=96&d=mm&r=g","url":"https:\/\/secure.gravatar.com\/avatar\/bcd2d703cbb48116eaac2cac8643792535238ff30b2d7ce9e16f9254ec9cae83?s=96&d=mm&r=g","contentUrl":"https:\/\/secure.gravatar.com\/avatar\/bcd2d703cbb48116eaac2cac8643792535238ff30b2d7ce9e16f9254ec9cae83?s=96&d=mm&r=g","caption":"Lucas Soares Gon\u00e7alves"},"url":"https:\/\/blog.saocamilo-sp.br\/index.php\/author\/lucas-soares-goncalves\/"}]}},"_links":{"self":[{"href":"https:\/\/blog.saocamilo-sp.br\/index.php\/wp-json\/wp\/v2\/posts\/1892","targetHints":{"allow":["GET"]}}],"collection":[{"href":"https:\/\/blog.saocamilo-sp.br\/index.php\/wp-json\/wp\/v2\/posts"}],"about":[{"href":"https:\/\/blog.saocamilo-sp.br\/index.php\/wp-json\/wp\/v2\/types\/post"}],"author":[{"embeddable":true,"href":"https:\/\/blog.saocamilo-sp.br\/index.php\/wp-json\/wp\/v2\/users\/4"}],"replies":[{"embeddable":true,"href":"https:\/\/blog.saocamilo-sp.br\/index.php\/wp-json\/wp\/v2\/comments?post=1892"}],"version-history":[{"count":5,"href":"https:\/\/blog.saocamilo-sp.br\/index.php\/wp-json\/wp\/v2\/posts\/1892\/revisions"}],"predecessor-version":[{"id":1962,"href":"https:\/\/blog.saocamilo-sp.br\/index.php\/wp-json\/wp\/v2\/posts\/1892\/revisions\/1962"}],"wp:featuredmedia":[{"embeddable":true,"href":"https:\/\/blog.saocamilo-sp.br\/index.php\/wp-json\/wp\/v2\/media\/1944"}],"wp:attachment":[{"href":"https:\/\/blog.saocamilo-sp.br\/index.php\/wp-json\/wp\/v2\/media?parent=1892"}],"wp:term":[{"taxonomy":"category","embeddable":true,"href":"https:\/\/blog.saocamilo-sp.br\/index.php\/wp-json\/wp\/v2\/categories?post=1892"},{"taxonomy":"post_tag","embeddable":true,"href":"https:\/\/blog.saocamilo-sp.br\/index.php\/wp-json\/wp\/v2\/tags?post=1892"}],"curies":[{"name":"wp","href":"https:\/\/api.w.org\/{rel}","templated":true}]}}