{"id":1899,"date":"2023-11-09T11:21:19","date_gmt":"2023-11-09T14:21:19","guid":{"rendered":"https:\/\/blog.saocamilo-sp.br\/?p=1899"},"modified":"2023-11-22T16:31:56","modified_gmt":"2023-11-22T19:31:56","slug":"enem","status":"publish","type":"post","link":"https:\/\/blog.saocamilo-sp.br\/index.php\/2023\/11\/09\/enem\/","title":{"rendered":"Enem: confira as dicas para descanso e revis\u00e3o para a prova de exatas"},"content":{"rendered":"\n<p>O segundo dia do Enem 2023 ser\u00e1 realizado no dia 12 de novembro, e as provas de matem\u00e1tica e ci\u00eancias da natureza exigir\u00e3o um alto n\u00edvel de concentra\u00e7\u00e3o e racioc\u00ednio l\u00f3gico dos candidatos. Para que voc\u00ea possa chegar ao dia da prova preparado e descansado, separamos algumas dicas de descanso e revis\u00e3o.<\/p>\n\n\n\n<h2 class=\"wp-block-heading\">Descanso<\/h2>\n\n\n\n<p>O descanso \u00e9 essencial para que o seu c\u00e9rebro possa funcionar da maneira mais eficiente poss\u00edvel. Por isso, \u00e9 importante que voc\u00ea priorize o sono nas noites que antecedem a prova. Procure dormir pelo menos 8 horas por noite para que voc\u00ea esteja bem descansado no dia seguinte.<\/p>\n\n\n\n<p>Al\u00e9m do sono, \u00e9 importante que voc\u00ea tamb\u00e9m se alimente de forma saud\u00e1vel e evite o consumo de bebidas alco\u00f3licas e estimulantes. Esses h\u00e1bitos podem prejudicar o seu desempenho durante a prova.<\/p>\n\n\n\n<h2 class=\"wp-block-heading\">Revis\u00e3o<\/h2>\n\n\n\n<p>A revis\u00e3o \u00e9 importante para que voc\u00ea possa fixar o conte\u00fado estudado e se sentir mais confiante para a prova. No entanto, \u00e9 importante evitar o esgotamento mental. N\u00e3o tente revisar todo o conte\u00fado em um \u00fanico dia.<\/p>\n\n\n\n<p>Fa\u00e7a uma revis\u00e3o leve dos principais assuntos que devem cair na prova. Voc\u00ea pode utilizar materiais como resumos, exerc\u00edcios e anota\u00e7\u00f5es. Tamb\u00e9m \u00e9 importante fazer simulados para que voc\u00ea possa se familiarizar com o formato da prova.<\/p>\n\n\n\n<h3 class=\"wp-block-heading\">Pratique Hobbies<\/h3>\n\n\n\n<p>Neste momento, voc\u00ea deve relaxar e descansar a mente para que tenha uma boa produtividade para a administra\u00e7\u00e3o das quest\u00f5es que demandam um tempo curto, para isso, \u00e9 legal separar algumas atividades que te deixam alegre e relaxado (a).<\/p>\n\n\n\n<p>Pratique algum esporte de sua prefer\u00eancia, leia um livro, assista filmes e s\u00e9ries, ou\u00e7a m\u00fasica , fa\u00e7a o que voc\u00ea mais goste e relaxe nesse momento que acaba fazendo muitos ficarem estressados.<\/p>\n\n\n\n<h3 class=\"wp-block-heading\">Dicas espec\u00edficas para exatas<\/h3>\n\n\n\n<p>Al\u00e9m das dicas gerais de descanso e revis\u00e3o, existem algumas dicas espec\u00edficas para o dia de exatas do Enem. Confira:<\/p>\n\n\n\n<ul class=\"wp-block-list\">\n<li>Fa\u00e7a uma revis\u00e3o dos conte\u00fados mais cobrados em provas anteriores. Voc\u00ea pode encontrar essa informa\u00e7\u00e3o no site do Inep.<\/li>\n\n\n\n<li>Pratique exerc\u00edcios de resolu\u00e7\u00e3o de problemas. Isso o ajudar\u00e1 a se familiarizar com os diferentes tipos de quest\u00f5es que podem cair na prova.<\/li>\n\n\n\n<li>N\u00e3o se preocupe com as quest\u00f5es que voc\u00ea n\u00e3o souber resolver. Marque-as para resolver depois e siga em frente.<\/li>\n<\/ul>\n\n\n\n<p>Com um bom descanso e uma revis\u00e3o adequada, voc\u00ea estar\u00e1 preparado para o dia de exatas do Enem. Siga as nossas dicas e fa\u00e7a sua melhor prova!<\/p>\n\n\n\n<p>Tenha calma que tudo dar\u00e1 certo! Deseja conhecer a S\u00e3o Camilo? Marque uma visita monitorada e conhe\u00e7a nossa infraestrutura que pode ter tudo a ver com voc\u00ea!<\/p>\n\n\n\n<p>Veja tamb\u00e9m:<\/p>\n\n\n\n<p><a href=\"https:\/\/blog.saocamilo-sp.br\/index.php\/2021\/12\/21\/o-que-se-estuda-no-curso-de-psicologia\/\" target=\"_blank\" rel=\"noreferrer noopener\">O que estuda no curso de psicologia?<\/a><\/p>\n\n\n\n<p><a href=\"https:\/\/blog.saocamilo-sp.br\/index.php\/2023\/07\/08\/estudo-anatomia-pecas-naturais\/\">Descobrindo a Import\u00e2ncia do Estudo de Anatomia com Pe\u00e7as Naturais&nbsp;<\/a><\/p>\n\n\n\n<p><a href=\"https:\/\/blog.saocamilo-sp.br\/index.php\/2023\/06\/29\/motivos-para-turbinar-a-sua-carreira-com-a-capacitacao-esg\/\">Conhe\u00e7a quatro motivos para turbinar a sua carreira com a capacita\u00e7\u00e3o ESG&nbsp;<\/a><\/p>\n\n\n\n<p>Saiba mais sobre nossos cursos:<\/p>\n\n\n\n<iframe loading=\"lazy\" src=\"https:\/\/saocamilo.apprbs.com.br\/tenho-interesse-blog\" height=\"530px\" width=\"100%\" frameborder=\"0\"><\/iframe>\n\n\n\n<p>Compartilhe em:<\/p>\n","protected":false},"excerpt":{"rendered":"<p>Confira as dicas que preparamos para voc\u00ea chegar ao dia da prova preparado e descansado, separamos algumas dicas de descanso e revis\u00e3o.<\/p>\n","protected":false},"author":4,"featured_media":1950,"comment_status":"open","ping_status":"open","sticky":false,"template":"","format":"standard","meta":{"cybocfi_hide_featured_image":"","footnotes":""},"categories":[1],"tags":[16],"class_list":["post-1899","post","type-post","status-publish","format-standard","has-post-thumbnail","hentry","category-cursos","tag-vida-universitaria"],"yoast_head":"<!-- This site is optimized with the Yoast SEO plugin v27.5 - https:\/\/yoast.com\/product\/yoast-seo-wordpress\/ -->\n<title>Enem: confira as dicas para descanso e revis\u00e3o para a prova de exatas - Blog S\u00e3o Camilo<\/title>\n<meta name=\"description\" content=\"O segundo dia do Enem 2023 ser\u00e1 realizado no dia 12 de novembro, e as provas de matem\u00e1tica e ci\u00eancias da natureza exigir\u00e3o um alto n\u00edvel...\" \/>\n<meta name=\"robots\" content=\"index, follow, max-snippet:-1, max-image-preview:large, max-video-preview:-1\" \/>\n<link rel=\"canonical\" href=\"https:\/\/blog.saocamilo-sp.br\/index.php\/2023\/11\/09\/enem\/\" \/>\n<meta property=\"og:locale\" content=\"pt_BR\" \/>\n<meta property=\"og:type\" content=\"article\" \/>\n<meta property=\"og:title\" content=\"Enem: confira as dicas para descanso e revis\u00e3o para a prova de exatas - Blog S\u00e3o Camilo\" \/>\n<meta property=\"og:description\" content=\"O segundo dia do Enem 2023 ser\u00e1 realizado no dia 12 de novembro, e as provas de matem\u00e1tica e ci\u00eancias da natureza exigir\u00e3o um alto n\u00edvel...\" \/>\n<meta property=\"og:url\" content=\"https:\/\/blog.saocamilo-sp.br\/index.php\/2023\/11\/09\/enem\/\" \/>\n<meta property=\"og:site_name\" content=\"Blog S\u00e3o Camilo\" \/>\n<meta property=\"article:publisher\" content=\"https:\/\/www.facebook.com\/saocamilosp\" \/>\n<meta property=\"article:published_time\" content=\"2023-11-09T14:21:19+00:00\" \/>\n<meta property=\"article:modified_time\" content=\"2023-11-22T19:31:56+00:00\" \/>\n<meta property=\"og:image\" content=\"https:\/\/blog.saocamilo-sp.br\/wp-content\/uploads\/2023\/11\/Topo-ENEM-scaled.jpg\" \/>\n\t<meta property=\"og:image:width\" content=\"2560\" \/>\n\t<meta property=\"og:image:height\" content=\"1726\" \/>\n\t<meta property=\"og:image:type\" content=\"image\/jpeg\" \/>\n<meta name=\"author\" content=\"Lucas Soares Gon\u00e7alves\" \/>\n<meta name=\"twitter:card\" content=\"summary_large_image\" \/>\n<meta name=\"twitter:creator\" content=\"@saocamilosp\" \/>\n<meta name=\"twitter:site\" content=\"@saocamilosp\" \/>\n<meta name=\"twitter:label1\" content=\"Escrito por\" \/>\n\t<meta name=\"twitter:data1\" content=\"Lucas Soares Gon\u00e7alves\" \/>\n\t<meta name=\"twitter:label2\" content=\"Est. tempo de leitura\" \/>\n\t<meta name=\"twitter:data2\" content=\"3 minutos\" \/>\n<script type=\"application\/ld+json\" class=\"yoast-schema-graph\">{\"@context\":\"https:\\\/\\\/schema.org\",\"@graph\":[{\"@type\":\"Article\",\"@id\":\"https:\\\/\\\/blog.saocamilo-sp.br\\\/index.php\\\/2023\\\/11\\\/09\\\/enem\\\/#article\",\"isPartOf\":{\"@id\":\"https:\\\/\\\/blog.saocamilo-sp.br\\\/index.php\\\/2023\\\/11\\\/09\\\/enem\\\/\"},\"author\":{\"name\":\"Lucas Soares Gon\u00e7alves\",\"@id\":\"https:\\\/\\\/blog.saocamilo-sp.br\\\/#\\\/schema\\\/person\\\/781135418152912d4b58f2db13a2eaf0\"},\"headline\":\"Enem: confira as dicas para descanso e revis\u00e3o para a prova de exatas\",\"datePublished\":\"2023-11-09T14:21:19+00:00\",\"dateModified\":\"2023-11-22T19:31:56+00:00\",\"mainEntityOfPage\":{\"@id\":\"https:\\\/\\\/blog.saocamilo-sp.br\\\/index.php\\\/2023\\\/11\\\/09\\\/enem\\\/\"},\"wordCount\":519,\"commentCount\":0,\"publisher\":{\"@id\":\"https:\\\/\\\/blog.saocamilo-sp.br\\\/#organization\"},\"image\":{\"@id\":\"https:\\\/\\\/blog.saocamilo-sp.br\\\/index.php\\\/2023\\\/11\\\/09\\\/enem\\\/#primaryimage\"},\"thumbnailUrl\":\"https:\\\/\\\/blog.saocamilo-sp.br\\\/wp-content\\\/uploads\\\/2023\\\/11\\\/Topo-ENEM-scaled.jpg\",\"keywords\":[\"Vida Universit\u00e1ria\"],\"articleSection\":[\"Cursos\"],\"inLanguage\":\"pt-BR\",\"potentialAction\":[{\"@type\":\"CommentAction\",\"name\":\"Comment\",\"target\":[\"https:\\\/\\\/blog.saocamilo-sp.br\\\/index.php\\\/2023\\\/11\\\/09\\\/enem\\\/#respond\"]}]},{\"@type\":\"WebPage\",\"@id\":\"https:\\\/\\\/blog.saocamilo-sp.br\\\/index.php\\\/2023\\\/11\\\/09\\\/enem\\\/\",\"url\":\"https:\\\/\\\/blog.saocamilo-sp.br\\\/index.php\\\/2023\\\/11\\\/09\\\/enem\\\/\",\"name\":\"Enem: confira as dicas para descanso e revis\u00e3o para a prova de exatas - Blog S\u00e3o Camilo\",\"isPartOf\":{\"@id\":\"https:\\\/\\\/blog.saocamilo-sp.br\\\/#website\"},\"primaryImageOfPage\":{\"@id\":\"https:\\\/\\\/blog.saocamilo-sp.br\\\/index.php\\\/2023\\\/11\\\/09\\\/enem\\\/#primaryimage\"},\"image\":{\"@id\":\"https:\\\/\\\/blog.saocamilo-sp.br\\\/index.php\\\/2023\\\/11\\\/09\\\/enem\\\/#primaryimage\"},\"thumbnailUrl\":\"https:\\\/\\\/blog.saocamilo-sp.br\\\/wp-content\\\/uploads\\\/2023\\\/11\\\/Topo-ENEM-scaled.jpg\",\"datePublished\":\"2023-11-09T14:21:19+00:00\",\"dateModified\":\"2023-11-22T19:31:56+00:00\",\"description\":\"O segundo dia do Enem 2023 ser\u00e1 realizado no dia 12 de novembro, e as provas de matem\u00e1tica e ci\u00eancias da natureza exigir\u00e3o um alto n\u00edvel...\",\"breadcrumb\":{\"@id\":\"https:\\\/\\\/blog.saocamilo-sp.br\\\/index.php\\\/2023\\\/11\\\/09\\\/enem\\\/#breadcrumb\"},\"inLanguage\":\"pt-BR\",\"potentialAction\":[{\"@type\":\"ReadAction\",\"target\":[\"https:\\\/\\\/blog.saocamilo-sp.br\\\/index.php\\\/2023\\\/11\\\/09\\\/enem\\\/\"]}]},{\"@type\":\"ImageObject\",\"inLanguage\":\"pt-BR\",\"@id\":\"https:\\\/\\\/blog.saocamilo-sp.br\\\/index.php\\\/2023\\\/11\\\/09\\\/enem\\\/#primaryimage\",\"url\":\"https:\\\/\\\/blog.saocamilo-sp.br\\\/wp-content\\\/uploads\\\/2023\\\/11\\\/Topo-ENEM-scaled.jpg\",\"contentUrl\":\"https:\\\/\\\/blog.saocamilo-sp.br\\\/wp-content\\\/uploads\\\/2023\\\/11\\\/Topo-ENEM-scaled.jpg\",\"width\":2560,\"height\":1726},{\"@type\":\"BreadcrumbList\",\"@id\":\"https:\\\/\\\/blog.saocamilo-sp.br\\\/index.php\\\/2023\\\/11\\\/09\\\/enem\\\/#breadcrumb\",\"itemListElement\":[{\"@type\":\"ListItem\",\"position\":1,\"name\":\"In\u00edcio\",\"item\":\"https:\\\/\\\/blog.saocamilo-sp.br\\\/\"},{\"@type\":\"ListItem\",\"position\":2,\"name\":\"Enem: confira as dicas para descanso e revis\u00e3o para a prova de exatas\"}]},{\"@type\":\"WebSite\",\"@id\":\"https:\\\/\\\/blog.saocamilo-sp.br\\\/#website\",\"url\":\"https:\\\/\\\/blog.saocamilo-sp.br\\\/\",\"name\":\"Blog S\u00e3o Camilo\",\"description\":\"Blog do Centro Universit\u00e1rio S\u00e3o Camilo\",\"publisher\":{\"@id\":\"https:\\\/\\\/blog.saocamilo-sp.br\\\/#organization\"},\"potentialAction\":[{\"@type\":\"SearchAction\",\"target\":{\"@type\":\"EntryPoint\",\"urlTemplate\":\"https:\\\/\\\/blog.saocamilo-sp.br\\\/?s={search_term_string}\"},\"query-input\":{\"@type\":\"PropertyValueSpecification\",\"valueRequired\":true,\"valueName\":\"search_term_string\"}}],\"inLanguage\":\"pt-BR\"},{\"@type\":\"Organization\",\"@id\":\"https:\\\/\\\/blog.saocamilo-sp.br\\\/#organization\",\"name\":\"Blog S\u00e3o Camilo\",\"url\":\"https:\\\/\\\/blog.saocamilo-sp.br\\\/\",\"logo\":{\"@type\":\"ImageObject\",\"inLanguage\":\"pt-BR\",\"@id\":\"https:\\\/\\\/blog.saocamilo-sp.br\\\/#\\\/schema\\\/logo\\\/image\\\/\",\"url\":\"https:\\\/\\\/blog.saocamilo-sp.br\\\/wp-content\\\/uploads\\\/2021\\\/12\\\/cropped-vazio-logo-topo.png\",\"contentUrl\":\"https:\\\/\\\/blog.saocamilo-sp.br\\\/wp-content\\\/uploads\\\/2021\\\/12\\\/cropped-vazio-logo-topo.png\",\"width\":320,\"height\":240,\"caption\":\"Blog S\u00e3o Camilo\"},\"image\":{\"@id\":\"https:\\\/\\\/blog.saocamilo-sp.br\\\/#\\\/schema\\\/logo\\\/image\\\/\"},\"sameAs\":[\"https:\\\/\\\/www.facebook.com\\\/saocamilosp\",\"https:\\\/\\\/x.com\\\/saocamilosp\",\"https:\\\/\\\/www.linkedin.com\\\/school\\\/centro-universit-rio-s-o-camilo\\\/\"]},{\"@type\":\"Person\",\"@id\":\"https:\\\/\\\/blog.saocamilo-sp.br\\\/#\\\/schema\\\/person\\\/781135418152912d4b58f2db13a2eaf0\",\"name\":\"Lucas Soares Gon\u00e7alves\",\"image\":{\"@type\":\"ImageObject\",\"inLanguage\":\"pt-BR\",\"@id\":\"https:\\\/\\\/secure.gravatar.com\\\/avatar\\\/bcd2d703cbb48116eaac2cac8643792535238ff30b2d7ce9e16f9254ec9cae83?s=96&d=mm&r=g\",\"url\":\"https:\\\/\\\/secure.gravatar.com\\\/avatar\\\/bcd2d703cbb48116eaac2cac8643792535238ff30b2d7ce9e16f9254ec9cae83?s=96&d=mm&r=g\",\"contentUrl\":\"https:\\\/\\\/secure.gravatar.com\\\/avatar\\\/bcd2d703cbb48116eaac2cac8643792535238ff30b2d7ce9e16f9254ec9cae83?s=96&d=mm&r=g\",\"caption\":\"Lucas Soares Gon\u00e7alves\"},\"url\":\"https:\\\/\\\/blog.saocamilo-sp.br\\\/index.php\\\/author\\\/lucas-soares-goncalves\\\/\"}]}<\/script>\n<!-- \/ Yoast SEO plugin. -->","yoast_head_json":{"title":"Enem: confira as dicas para descanso e revis\u00e3o para a prova de exatas - Blog S\u00e3o Camilo","description":"O segundo dia do Enem 2023 ser\u00e1 realizado no dia 12 de novembro, e as provas de matem\u00e1tica e ci\u00eancias da natureza exigir\u00e3o um alto n\u00edvel...","robots":{"index":"index","follow":"follow","max-snippet":"max-snippet:-1","max-image-preview":"max-image-preview:large","max-video-preview":"max-video-preview:-1"},"canonical":"https:\/\/blog.saocamilo-sp.br\/index.php\/2023\/11\/09\/enem\/","og_locale":"pt_BR","og_type":"article","og_title":"Enem: confira as dicas para descanso e revis\u00e3o para a prova de exatas - Blog S\u00e3o Camilo","og_description":"O segundo dia do Enem 2023 ser\u00e1 realizado no dia 12 de novembro, e as provas de matem\u00e1tica e ci\u00eancias da natureza exigir\u00e3o um alto n\u00edvel...","og_url":"https:\/\/blog.saocamilo-sp.br\/index.php\/2023\/11\/09\/enem\/","og_site_name":"Blog S\u00e3o Camilo","article_publisher":"https:\/\/www.facebook.com\/saocamilosp","article_published_time":"2023-11-09T14:21:19+00:00","article_modified_time":"2023-11-22T19:31:56+00:00","og_image":[{"width":2560,"height":1726,"url":"https:\/\/blog.saocamilo-sp.br\/wp-content\/uploads\/2023\/11\/Topo-ENEM-scaled.jpg","type":"image\/jpeg"}],"author":"Lucas Soares Gon\u00e7alves","twitter_card":"summary_large_image","twitter_creator":"@saocamilosp","twitter_site":"@saocamilosp","twitter_misc":{"Escrito por":"Lucas Soares Gon\u00e7alves","Est. tempo de leitura":"3 minutos"},"schema":{"@context":"https:\/\/schema.org","@graph":[{"@type":"Article","@id":"https:\/\/blog.saocamilo-sp.br\/index.php\/2023\/11\/09\/enem\/#article","isPartOf":{"@id":"https:\/\/blog.saocamilo-sp.br\/index.php\/2023\/11\/09\/enem\/"},"author":{"name":"Lucas Soares Gon\u00e7alves","@id":"https:\/\/blog.saocamilo-sp.br\/#\/schema\/person\/781135418152912d4b58f2db13a2eaf0"},"headline":"Enem: confira as dicas para descanso e revis\u00e3o para a prova de exatas","datePublished":"2023-11-09T14:21:19+00:00","dateModified":"2023-11-22T19:31:56+00:00","mainEntityOfPage":{"@id":"https:\/\/blog.saocamilo-sp.br\/index.php\/2023\/11\/09\/enem\/"},"wordCount":519,"commentCount":0,"publisher":{"@id":"https:\/\/blog.saocamilo-sp.br\/#organization"},"image":{"@id":"https:\/\/blog.saocamilo-sp.br\/index.php\/2023\/11\/09\/enem\/#primaryimage"},"thumbnailUrl":"https:\/\/blog.saocamilo-sp.br\/wp-content\/uploads\/2023\/11\/Topo-ENEM-scaled.jpg","keywords":["Vida Universit\u00e1ria"],"articleSection":["Cursos"],"inLanguage":"pt-BR","potentialAction":[{"@type":"CommentAction","name":"Comment","target":["https:\/\/blog.saocamilo-sp.br\/index.php\/2023\/11\/09\/enem\/#respond"]}]},{"@type":"WebPage","@id":"https:\/\/blog.saocamilo-sp.br\/index.php\/2023\/11\/09\/enem\/","url":"https:\/\/blog.saocamilo-sp.br\/index.php\/2023\/11\/09\/enem\/","name":"Enem: confira as dicas para descanso e revis\u00e3o para a prova de exatas - Blog S\u00e3o Camilo","isPartOf":{"@id":"https:\/\/blog.saocamilo-sp.br\/#website"},"primaryImageOfPage":{"@id":"https:\/\/blog.saocamilo-sp.br\/index.php\/2023\/11\/09\/enem\/#primaryimage"},"image":{"@id":"https:\/\/blog.saocamilo-sp.br\/index.php\/2023\/11\/09\/enem\/#primaryimage"},"thumbnailUrl":"https:\/\/blog.saocamilo-sp.br\/wp-content\/uploads\/2023\/11\/Topo-ENEM-scaled.jpg","datePublished":"2023-11-09T14:21:19+00:00","dateModified":"2023-11-22T19:31:56+00:00","description":"O segundo dia do Enem 2023 ser\u00e1 realizado no dia 12 de novembro, e as provas de matem\u00e1tica e ci\u00eancias da natureza exigir\u00e3o um alto n\u00edvel...","breadcrumb":{"@id":"https:\/\/blog.saocamilo-sp.br\/index.php\/2023\/11\/09\/enem\/#breadcrumb"},"inLanguage":"pt-BR","potentialAction":[{"@type":"ReadAction","target":["https:\/\/blog.saocamilo-sp.br\/index.php\/2023\/11\/09\/enem\/"]}]},{"@type":"ImageObject","inLanguage":"pt-BR","@id":"https:\/\/blog.saocamilo-sp.br\/index.php\/2023\/11\/09\/enem\/#primaryimage","url":"https:\/\/blog.saocamilo-sp.br\/wp-content\/uploads\/2023\/11\/Topo-ENEM-scaled.jpg","contentUrl":"https:\/\/blog.saocamilo-sp.br\/wp-content\/uploads\/2023\/11\/Topo-ENEM-scaled.jpg","width":2560,"height":1726},{"@type":"BreadcrumbList","@id":"https:\/\/blog.saocamilo-sp.br\/index.php\/2023\/11\/09\/enem\/#breadcrumb","itemListElement":[{"@type":"ListItem","position":1,"name":"In\u00edcio","item":"https:\/\/blog.saocamilo-sp.br\/"},{"@type":"ListItem","position":2,"name":"Enem: confira as dicas para descanso e revis\u00e3o para a prova de exatas"}]},{"@type":"WebSite","@id":"https:\/\/blog.saocamilo-sp.br\/#website","url":"https:\/\/blog.saocamilo-sp.br\/","name":"Blog S\u00e3o Camilo","description":"Blog do Centro Universit\u00e1rio S\u00e3o Camilo","publisher":{"@id":"https:\/\/blog.saocamilo-sp.br\/#organization"},"potentialAction":[{"@type":"SearchAction","target":{"@type":"EntryPoint","urlTemplate":"https:\/\/blog.saocamilo-sp.br\/?s={search_term_string}"},"query-input":{"@type":"PropertyValueSpecification","valueRequired":true,"valueName":"search_term_string"}}],"inLanguage":"pt-BR"},{"@type":"Organization","@id":"https:\/\/blog.saocamilo-sp.br\/#organization","name":"Blog S\u00e3o Camilo","url":"https:\/\/blog.saocamilo-sp.br\/","logo":{"@type":"ImageObject","inLanguage":"pt-BR","@id":"https:\/\/blog.saocamilo-sp.br\/#\/schema\/logo\/image\/","url":"https:\/\/blog.saocamilo-sp.br\/wp-content\/uploads\/2021\/12\/cropped-vazio-logo-topo.png","contentUrl":"https:\/\/blog.saocamilo-sp.br\/wp-content\/uploads\/2021\/12\/cropped-vazio-logo-topo.png","width":320,"height":240,"caption":"Blog S\u00e3o Camilo"},"image":{"@id":"https:\/\/blog.saocamilo-sp.br\/#\/schema\/logo\/image\/"},"sameAs":["https:\/\/www.facebook.com\/saocamilosp","https:\/\/x.com\/saocamilosp","https:\/\/www.linkedin.com\/school\/centro-universit-rio-s-o-camilo\/"]},{"@type":"Person","@id":"https:\/\/blog.saocamilo-sp.br\/#\/schema\/person\/781135418152912d4b58f2db13a2eaf0","name":"Lucas Soares Gon\u00e7alves","image":{"@type":"ImageObject","inLanguage":"pt-BR","@id":"https:\/\/secure.gravatar.com\/avatar\/bcd2d703cbb48116eaac2cac8643792535238ff30b2d7ce9e16f9254ec9cae83?s=96&d=mm&r=g","url":"https:\/\/secure.gravatar.com\/avatar\/bcd2d703cbb48116eaac2cac8643792535238ff30b2d7ce9e16f9254ec9cae83?s=96&d=mm&r=g","contentUrl":"https:\/\/secure.gravatar.com\/avatar\/bcd2d703cbb48116eaac2cac8643792535238ff30b2d7ce9e16f9254ec9cae83?s=96&d=mm&r=g","caption":"Lucas Soares Gon\u00e7alves"},"url":"https:\/\/blog.saocamilo-sp.br\/index.php\/author\/lucas-soares-goncalves\/"}]}},"_links":{"self":[{"href":"https:\/\/blog.saocamilo-sp.br\/index.php\/wp-json\/wp\/v2\/posts\/1899","targetHints":{"allow":["GET"]}}],"collection":[{"href":"https:\/\/blog.saocamilo-sp.br\/index.php\/wp-json\/wp\/v2\/posts"}],"about":[{"href":"https:\/\/blog.saocamilo-sp.br\/index.php\/wp-json\/wp\/v2\/types\/post"}],"author":[{"embeddable":true,"href":"https:\/\/blog.saocamilo-sp.br\/index.php\/wp-json\/wp\/v2\/users\/4"}],"replies":[{"embeddable":true,"href":"https:\/\/blog.saocamilo-sp.br\/index.php\/wp-json\/wp\/v2\/comments?post=1899"}],"version-history":[{"count":8,"href":"https:\/\/blog.saocamilo-sp.br\/index.php\/wp-json\/wp\/v2\/posts\/1899\/revisions"}],"predecessor-version":[{"id":2001,"href":"https:\/\/blog.saocamilo-sp.br\/index.php\/wp-json\/wp\/v2\/posts\/1899\/revisions\/2001"}],"wp:featuredmedia":[{"embeddable":true,"href":"https:\/\/blog.saocamilo-sp.br\/index.php\/wp-json\/wp\/v2\/media\/1950"}],"wp:attachment":[{"href":"https:\/\/blog.saocamilo-sp.br\/index.php\/wp-json\/wp\/v2\/media?parent=1899"}],"wp:term":[{"taxonomy":"category","embeddable":true,"href":"https:\/\/blog.saocamilo-sp.br\/index.php\/wp-json\/wp\/v2\/categories?post=1899"},{"taxonomy":"post_tag","embeddable":true,"href":"https:\/\/blog.saocamilo-sp.br\/index.php\/wp-json\/wp\/v2\/tags?post=1899"}],"curies":[{"name":"wp","href":"https:\/\/api.w.org\/{rel}","templated":true}]}}