{"id":1900,"date":"2023-11-07T18:45:03","date_gmt":"2023-11-07T21:45:03","guid":{"rendered":"https:\/\/blog.saocamilo-sp.br\/?p=1900"},"modified":"2023-11-22T16:29:21","modified_gmt":"2023-11-22T19:29:21","slug":"diabete-emagrecimento","status":"publish","type":"post","link":"https:\/\/blog.saocamilo-sp.br\/index.php\/2023\/11\/07\/diabete-emagrecimento\/","title":{"rendered":"Obesidade: o uso de rem\u00e9dios de diabetes para emagrecer sem prescri\u00e7\u00e3o \u00e9 um risco \u00e0 sa\u00fade"},"content":{"rendered":"\n<h3 class=\"wp-block-heading\">Professor do <a href=\"https:\/\/saocamilo-sp.br\/\" target=\"_blank\" rel=\"noreferrer noopener\">Centro Universit\u00e1rio S\u00e3o Camilo<\/a> aponta a import\u00e2ncia do acompanhamento m\u00e9dico na luta contra a obesidade.<\/h3>\n\n\n\n<p>O imediatismo na busca de resultados para emagrecer e o incentivo de celebridades das redes sociais t\u00eam transformado rem\u00e9dios para Diabetes Tipo 2 em produtos usados para fins est\u00e9ticos e sem recomenda\u00e7\u00e3o m\u00e9dica. A aprova\u00e7\u00e3o pela Anvisa de um novo medicamento injet\u00e1vel, o <a href=\"https:\/\/www.bing.com\/search?q=Mounjaro+(Tirzepatida)%2C&amp;cvid=6b840738fea044e8820c4ced74a41aef&amp;gs_lcrp=EgZjaHJvbWUyBggAEEUYOTIECAEQADIECAIQADIECAMQADIECAQQADIECAUQADIECAYQADIECAcQADIECAgQADIHCAkQRRj8VdIBBzQxMWowajmoAgCwAgA&amp;FORM=ANAB01&amp;PC=U531\" target=\"_blank\" rel=\"noreferrer noopener\">Mounjaro (Tirzepatida),<\/a> cria expectativa equivocada para quem est\u00e1 na luta contra o ganho de peso.<\/p>\n\n\n\n<p>A cada chegada \u00e0s farm\u00e1cias de um novo medicamento contra Diabetes tipo 2 e obesidade, entidades m\u00e9dicas demonstram preocupa\u00e7\u00e3o com o uso indevido de drogas para o emagrecimento. A associa\u00e7\u00e3o Brasileira para o Estudo da Obesidade (ABESO) e a Sociedade Brasileira de Endocrinologia e Metabologia (SBEM) chegaram a publicar uma nota conjunta sobre a grande procura nas farm\u00e1cias pela Semagludita, usada no tratamento de Diabetes 2. De acordo as institui\u00e7\u00f5es, v\u00eam sendo disseminadas informa\u00e7\u00f5es que confundem e misturam o que \u00e9 o tratamento s\u00e9rio da obesidade e o que significa o &#8220;desejo social de emagrecer&#8221;.<\/p>\n\n\n\n<p>O endocrinologista e professor de Medicina do Centro Universit\u00e1rio S\u00e3o Camilo, Leonardo Alvares, faz um alerta sobre os riscos do uso de medica\u00e7\u00f5es para diabetes e emagrecimento sem acompanhamento especializado.<\/p>\n\n\n\n<h3 class=\"wp-block-heading\"><strong>Rem\u00e9dios de diabetes s\u00e3o usados para emagrecer sem prescri\u00e7\u00e3o<\/strong><\/h3>\n\n\n\n<p>Os medicamentos para diabetes tipo 2 s\u00e3o aprovados para tratar a doen\u00e7a, mas tamb\u00e9m podem ajudar a emagrecer. Isso ocorre porque esses medicamentos atuam regulando os n\u00edveis de a\u00e7\u00facar no sangue, o que pode levar \u00e0 perda de peso.<\/p>\n\n\n\n<h3 class=\"wp-block-heading\"><strong>Especialistas alertam para os riscos do uso indevido<\/strong><\/h3>\n\n\n\n<p>O uso de rem\u00e9dios para diabetes para emagrecer sem prescri\u00e7\u00e3o m\u00e9dica \u00e9 um risco para a sa\u00fade. Isso porque esses medicamentos podem causar efeitos colaterais, como n\u00e1useas, v\u00f4mitos, diarreia e constipa\u00e7\u00e3o. Al\u00e9m disso, eles podem interagir com outros medicamentos que o paciente esteja tomando.<\/p>\n\n\n\n<h3 class=\"wp-block-heading\"><strong>Medicamentos n\u00e3o s\u00e3o solu\u00e7\u00e3o milagrosa<\/strong><\/h3>\n\n\n\n<p>Os medicamentos para diabetes s\u00e3o um complemento ao tratamento da obesidade, que deve incluir tamb\u00e9m mudan\u00e7as no estilo de vida, como dieta e exerc\u00edcios f\u00edsicos.<\/p>\n\n\n\n<h3 class=\"wp-block-heading\"><strong>Obesidade \u00e9 doen\u00e7a cr\u00f4nica<\/strong><\/h3>\n\n\n\n<p>A obesidade \u00e9 uma doen\u00e7a cr\u00f4nica, complexa e multicausal. Por isso, n\u00e3o existe uma solu\u00e7\u00e3o \u00fanica para o tratamento.<\/p>\n\n\n\n<h3 class=\"wp-block-heading\"><strong>Acompanhamento m\u00e9dico \u00e9 essencial<\/strong><\/h3>\n\n\n\n<p>O acompanhamento m\u00e9dico \u00e9 essencial para o tratamento da obesidade. O m\u00e9dico poder\u00e1 avaliar o caso do paciente e indicar o tratamento mais adequado.<\/p>\n\n\n\n<p>Saiba mais sobre nossos cursos:<\/p>\n\n\n\n<p><a href=\"https:\/\/blog.saocamilo-sp.br\/wp-admin\/post.php?post=1532&amp;action=edit\"> \u201cDia do Psic\u00f3logo: confira cinco curiosidades incr\u00edveis sobre a Psicologia\u201d <\/a><\/p>\n\n\n\n<iframe loading=\"lazy\" src=\"https:\/\/saocamilo.apprbs.com.br\/tenho-interesse-blog\" height=\"530px\" width=\"100%\" frameborder=\"0\"><\/iframe>\n\n\n\n<p>Compartilhe em:<\/p>\n","protected":false},"excerpt":{"rendered":"<p>O imediatismo na busca de resultados para emagrecer e o incentivo de celebridades das redes sociais t\u00eam transformado rem\u00e9dios para Diabetes Tipo 2 em produtos usados para fins est\u00e9ticos e sem recomenda\u00e7\u00e3o m\u00e9dica.<\/p>\n","protected":false},"author":4,"featured_media":1946,"comment_status":"open","ping_status":"open","sticky":false,"template":"","format":"standard","meta":{"cybocfi_hide_featured_image":"","footnotes":""},"categories":[24,111,110],"tags":[7,17,16],"class_list":["post-1900","post","type-post","status-publish","format-standard","has-post-thumbnail","hentry","category-nutricao","category-pesquisas","category-pos-graduacao","tag-nutricao","tag-saude","tag-vida-universitaria"],"yoast_head":"<!-- This site is optimized with the Yoast SEO plugin v27.4 - https:\/\/yoast.com\/product\/yoast-seo-wordpress\/ -->\n<title>Obesidade: o uso de rem\u00e9dios de diabetes para emagrecer sem prescri\u00e7\u00e3o \u00e9 um risco \u00e0 sa\u00fade - Blog S\u00e3o Camilo<\/title>\n<meta name=\"description\" content=\"A obesidade \u00e9 uma doen\u00e7a cr\u00f4nica, devido as redes sociais e influencer que divulgam essa t\u00e9cnica, muitos est\u00e3o tomando rem\u00e9dios de diabete.\" \/>\n<meta name=\"robots\" content=\"index, follow, max-snippet:-1, max-image-preview:large, max-video-preview:-1\" \/>\n<link rel=\"canonical\" href=\"https:\/\/blog.saocamilo-sp.br\/index.php\/2023\/11\/07\/diabete-emagrecimento\/\" \/>\n<meta property=\"og:locale\" content=\"pt_BR\" \/>\n<meta property=\"og:type\" content=\"article\" \/>\n<meta property=\"og:title\" content=\"Obesidade: o uso de rem\u00e9dios de diabetes para emagrecer sem prescri\u00e7\u00e3o \u00e9 um risco \u00e0 sa\u00fade - Blog S\u00e3o Camilo\" \/>\n<meta property=\"og:description\" content=\"A obesidade \u00e9 uma doen\u00e7a cr\u00f4nica, devido as redes sociais e influencer que divulgam essa t\u00e9cnica, muitos est\u00e3o tomando rem\u00e9dios de diabete.\" \/>\n<meta property=\"og:url\" content=\"https:\/\/blog.saocamilo-sp.br\/index.php\/2023\/11\/07\/diabete-emagrecimento\/\" \/>\n<meta property=\"og:site_name\" content=\"Blog S\u00e3o Camilo\" \/>\n<meta property=\"article:publisher\" content=\"https:\/\/www.facebook.com\/saocamilosp\" \/>\n<meta property=\"article:published_time\" content=\"2023-11-07T21:45:03+00:00\" \/>\n<meta property=\"article:modified_time\" content=\"2023-11-22T19:29:21+00:00\" \/>\n<meta property=\"og:image\" content=\"https:\/\/blog.saocamilo-sp.br\/wp-content\/uploads\/2023\/11\/Topo-Obesidade-scaled.jpg\" \/>\n\t<meta property=\"og:image:width\" content=\"2560\" \/>\n\t<meta property=\"og:image:height\" content=\"1726\" \/>\n\t<meta property=\"og:image:type\" content=\"image\/jpeg\" \/>\n<meta name=\"author\" content=\"Lucas Soares Gon\u00e7alves\" \/>\n<meta name=\"twitter:card\" content=\"summary_large_image\" \/>\n<meta name=\"twitter:creator\" content=\"@saocamilosp\" \/>\n<meta name=\"twitter:site\" content=\"@saocamilosp\" \/>\n<meta name=\"twitter:label1\" content=\"Escrito por\" \/>\n\t<meta name=\"twitter:data1\" content=\"Lucas Soares Gon\u00e7alves\" \/>\n\t<meta name=\"twitter:label2\" content=\"Est. tempo de leitura\" \/>\n\t<meta name=\"twitter:data2\" content=\"3 minutos\" \/>\n<script type=\"application\/ld+json\" class=\"yoast-schema-graph\">{\"@context\":\"https:\\\/\\\/schema.org\",\"@graph\":[{\"@type\":\"Article\",\"@id\":\"https:\\\/\\\/blog.saocamilo-sp.br\\\/index.php\\\/2023\\\/11\\\/07\\\/diabete-emagrecimento\\\/#article\",\"isPartOf\":{\"@id\":\"https:\\\/\\\/blog.saocamilo-sp.br\\\/index.php\\\/2023\\\/11\\\/07\\\/diabete-emagrecimento\\\/\"},\"author\":{\"name\":\"Lucas Soares Gon\u00e7alves\",\"@id\":\"https:\\\/\\\/blog.saocamilo-sp.br\\\/#\\\/schema\\\/person\\\/781135418152912d4b58f2db13a2eaf0\"},\"headline\":\"Obesidade: o uso de rem\u00e9dios de diabetes para emagrecer sem prescri\u00e7\u00e3o \u00e9 um risco \u00e0 sa\u00fade\",\"datePublished\":\"2023-11-07T21:45:03+00:00\",\"dateModified\":\"2023-11-22T19:29:21+00:00\",\"mainEntityOfPage\":{\"@id\":\"https:\\\/\\\/blog.saocamilo-sp.br\\\/index.php\\\/2023\\\/11\\\/07\\\/diabete-emagrecimento\\\/\"},\"wordCount\":462,\"commentCount\":0,\"publisher\":{\"@id\":\"https:\\\/\\\/blog.saocamilo-sp.br\\\/#organization\"},\"image\":{\"@id\":\"https:\\\/\\\/blog.saocamilo-sp.br\\\/index.php\\\/2023\\\/11\\\/07\\\/diabete-emagrecimento\\\/#primaryimage\"},\"thumbnailUrl\":\"https:\\\/\\\/blog.saocamilo-sp.br\\\/wp-content\\\/uploads\\\/2023\\\/11\\\/Topo-Obesidade-scaled.jpg\",\"keywords\":[\"Nutri\u00e7\u00e3o\",\"Sa\u00fade\",\"Vida Universit\u00e1ria\"],\"articleSection\":[\"Nutri\u00e7\u00e3o\",\"Pesquisas\",\"P\u00f3s-gradua\u00e7\u00e3o\"],\"inLanguage\":\"pt-BR\",\"potentialAction\":[{\"@type\":\"CommentAction\",\"name\":\"Comment\",\"target\":[\"https:\\\/\\\/blog.saocamilo-sp.br\\\/index.php\\\/2023\\\/11\\\/07\\\/diabete-emagrecimento\\\/#respond\"]}]},{\"@type\":\"WebPage\",\"@id\":\"https:\\\/\\\/blog.saocamilo-sp.br\\\/index.php\\\/2023\\\/11\\\/07\\\/diabete-emagrecimento\\\/\",\"url\":\"https:\\\/\\\/blog.saocamilo-sp.br\\\/index.php\\\/2023\\\/11\\\/07\\\/diabete-emagrecimento\\\/\",\"name\":\"Obesidade: o uso de rem\u00e9dios de diabetes para emagrecer sem prescri\u00e7\u00e3o \u00e9 um risco \u00e0 sa\u00fade - Blog S\u00e3o Camilo\",\"isPartOf\":{\"@id\":\"https:\\\/\\\/blog.saocamilo-sp.br\\\/#website\"},\"primaryImageOfPage\":{\"@id\":\"https:\\\/\\\/blog.saocamilo-sp.br\\\/index.php\\\/2023\\\/11\\\/07\\\/diabete-emagrecimento\\\/#primaryimage\"},\"image\":{\"@id\":\"https:\\\/\\\/blog.saocamilo-sp.br\\\/index.php\\\/2023\\\/11\\\/07\\\/diabete-emagrecimento\\\/#primaryimage\"},\"thumbnailUrl\":\"https:\\\/\\\/blog.saocamilo-sp.br\\\/wp-content\\\/uploads\\\/2023\\\/11\\\/Topo-Obesidade-scaled.jpg\",\"datePublished\":\"2023-11-07T21:45:03+00:00\",\"dateModified\":\"2023-11-22T19:29:21+00:00\",\"description\":\"A obesidade \u00e9 uma doen\u00e7a cr\u00f4nica, devido as redes sociais e influencer que divulgam essa t\u00e9cnica, muitos est\u00e3o tomando rem\u00e9dios de diabete.\",\"breadcrumb\":{\"@id\":\"https:\\\/\\\/blog.saocamilo-sp.br\\\/index.php\\\/2023\\\/11\\\/07\\\/diabete-emagrecimento\\\/#breadcrumb\"},\"inLanguage\":\"pt-BR\",\"potentialAction\":[{\"@type\":\"ReadAction\",\"target\":[\"https:\\\/\\\/blog.saocamilo-sp.br\\\/index.php\\\/2023\\\/11\\\/07\\\/diabete-emagrecimento\\\/\"]}]},{\"@type\":\"ImageObject\",\"inLanguage\":\"pt-BR\",\"@id\":\"https:\\\/\\\/blog.saocamilo-sp.br\\\/index.php\\\/2023\\\/11\\\/07\\\/diabete-emagrecimento\\\/#primaryimage\",\"url\":\"https:\\\/\\\/blog.saocamilo-sp.br\\\/wp-content\\\/uploads\\\/2023\\\/11\\\/Topo-Obesidade-scaled.jpg\",\"contentUrl\":\"https:\\\/\\\/blog.saocamilo-sp.br\\\/wp-content\\\/uploads\\\/2023\\\/11\\\/Topo-Obesidade-scaled.jpg\",\"width\":2560,\"height\":1726},{\"@type\":\"BreadcrumbList\",\"@id\":\"https:\\\/\\\/blog.saocamilo-sp.br\\\/index.php\\\/2023\\\/11\\\/07\\\/diabete-emagrecimento\\\/#breadcrumb\",\"itemListElement\":[{\"@type\":\"ListItem\",\"position\":1,\"name\":\"In\u00edcio\",\"item\":\"https:\\\/\\\/blog.saocamilo-sp.br\\\/\"},{\"@type\":\"ListItem\",\"position\":2,\"name\":\"Obesidade: o uso de rem\u00e9dios de diabetes para emagrecer sem prescri\u00e7\u00e3o \u00e9 um risco \u00e0 sa\u00fade\"}]},{\"@type\":\"WebSite\",\"@id\":\"https:\\\/\\\/blog.saocamilo-sp.br\\\/#website\",\"url\":\"https:\\\/\\\/blog.saocamilo-sp.br\\\/\",\"name\":\"Blog S\u00e3o Camilo\",\"description\":\"Blog do Centro Universit\u00e1rio S\u00e3o Camilo\",\"publisher\":{\"@id\":\"https:\\\/\\\/blog.saocamilo-sp.br\\\/#organization\"},\"potentialAction\":[{\"@type\":\"SearchAction\",\"target\":{\"@type\":\"EntryPoint\",\"urlTemplate\":\"https:\\\/\\\/blog.saocamilo-sp.br\\\/?s={search_term_string}\"},\"query-input\":{\"@type\":\"PropertyValueSpecification\",\"valueRequired\":true,\"valueName\":\"search_term_string\"}}],\"inLanguage\":\"pt-BR\"},{\"@type\":\"Organization\",\"@id\":\"https:\\\/\\\/blog.saocamilo-sp.br\\\/#organization\",\"name\":\"Blog S\u00e3o Camilo\",\"url\":\"https:\\\/\\\/blog.saocamilo-sp.br\\\/\",\"logo\":{\"@type\":\"ImageObject\",\"inLanguage\":\"pt-BR\",\"@id\":\"https:\\\/\\\/blog.saocamilo-sp.br\\\/#\\\/schema\\\/logo\\\/image\\\/\",\"url\":\"https:\\\/\\\/blog.saocamilo-sp.br\\\/wp-content\\\/uploads\\\/2021\\\/12\\\/cropped-vazio-logo-topo.png\",\"contentUrl\":\"https:\\\/\\\/blog.saocamilo-sp.br\\\/wp-content\\\/uploads\\\/2021\\\/12\\\/cropped-vazio-logo-topo.png\",\"width\":320,\"height\":240,\"caption\":\"Blog S\u00e3o Camilo\"},\"image\":{\"@id\":\"https:\\\/\\\/blog.saocamilo-sp.br\\\/#\\\/schema\\\/logo\\\/image\\\/\"},\"sameAs\":[\"https:\\\/\\\/www.facebook.com\\\/saocamilosp\",\"https:\\\/\\\/x.com\\\/saocamilosp\",\"https:\\\/\\\/www.linkedin.com\\\/school\\\/centro-universit-rio-s-o-camilo\\\/\"]},{\"@type\":\"Person\",\"@id\":\"https:\\\/\\\/blog.saocamilo-sp.br\\\/#\\\/schema\\\/person\\\/781135418152912d4b58f2db13a2eaf0\",\"name\":\"Lucas Soares Gon\u00e7alves\",\"image\":{\"@type\":\"ImageObject\",\"inLanguage\":\"pt-BR\",\"@id\":\"https:\\\/\\\/secure.gravatar.com\\\/avatar\\\/bcd2d703cbb48116eaac2cac8643792535238ff30b2d7ce9e16f9254ec9cae83?s=96&d=mm&r=g\",\"url\":\"https:\\\/\\\/secure.gravatar.com\\\/avatar\\\/bcd2d703cbb48116eaac2cac8643792535238ff30b2d7ce9e16f9254ec9cae83?s=96&d=mm&r=g\",\"contentUrl\":\"https:\\\/\\\/secure.gravatar.com\\\/avatar\\\/bcd2d703cbb48116eaac2cac8643792535238ff30b2d7ce9e16f9254ec9cae83?s=96&d=mm&r=g\",\"caption\":\"Lucas Soares Gon\u00e7alves\"},\"url\":\"https:\\\/\\\/blog.saocamilo-sp.br\\\/index.php\\\/author\\\/lucas-soares-goncalves\\\/\"}]}<\/script>\n<!-- \/ Yoast SEO plugin. -->","yoast_head_json":{"title":"Obesidade: o uso de rem\u00e9dios de diabetes para emagrecer sem prescri\u00e7\u00e3o \u00e9 um risco \u00e0 sa\u00fade - Blog S\u00e3o Camilo","description":"A obesidade \u00e9 uma doen\u00e7a cr\u00f4nica, devido as redes sociais e influencer que divulgam essa t\u00e9cnica, muitos est\u00e3o tomando rem\u00e9dios de diabete.","robots":{"index":"index","follow":"follow","max-snippet":"max-snippet:-1","max-image-preview":"max-image-preview:large","max-video-preview":"max-video-preview:-1"},"canonical":"https:\/\/blog.saocamilo-sp.br\/index.php\/2023\/11\/07\/diabete-emagrecimento\/","og_locale":"pt_BR","og_type":"article","og_title":"Obesidade: o uso de rem\u00e9dios de diabetes para emagrecer sem prescri\u00e7\u00e3o \u00e9 um risco \u00e0 sa\u00fade - Blog S\u00e3o Camilo","og_description":"A obesidade \u00e9 uma doen\u00e7a cr\u00f4nica, devido as redes sociais e influencer que divulgam essa t\u00e9cnica, muitos est\u00e3o tomando rem\u00e9dios de diabete.","og_url":"https:\/\/blog.saocamilo-sp.br\/index.php\/2023\/11\/07\/diabete-emagrecimento\/","og_site_name":"Blog S\u00e3o Camilo","article_publisher":"https:\/\/www.facebook.com\/saocamilosp","article_published_time":"2023-11-07T21:45:03+00:00","article_modified_time":"2023-11-22T19:29:21+00:00","og_image":[{"width":2560,"height":1726,"url":"https:\/\/blog.saocamilo-sp.br\/wp-content\/uploads\/2023\/11\/Topo-Obesidade-scaled.jpg","type":"image\/jpeg"}],"author":"Lucas Soares Gon\u00e7alves","twitter_card":"summary_large_image","twitter_creator":"@saocamilosp","twitter_site":"@saocamilosp","twitter_misc":{"Escrito por":"Lucas Soares Gon\u00e7alves","Est. tempo de leitura":"3 minutos"},"schema":{"@context":"https:\/\/schema.org","@graph":[{"@type":"Article","@id":"https:\/\/blog.saocamilo-sp.br\/index.php\/2023\/11\/07\/diabete-emagrecimento\/#article","isPartOf":{"@id":"https:\/\/blog.saocamilo-sp.br\/index.php\/2023\/11\/07\/diabete-emagrecimento\/"},"author":{"name":"Lucas Soares Gon\u00e7alves","@id":"https:\/\/blog.saocamilo-sp.br\/#\/schema\/person\/781135418152912d4b58f2db13a2eaf0"},"headline":"Obesidade: o uso de rem\u00e9dios de diabetes para emagrecer sem prescri\u00e7\u00e3o \u00e9 um risco \u00e0 sa\u00fade","datePublished":"2023-11-07T21:45:03+00:00","dateModified":"2023-11-22T19:29:21+00:00","mainEntityOfPage":{"@id":"https:\/\/blog.saocamilo-sp.br\/index.php\/2023\/11\/07\/diabete-emagrecimento\/"},"wordCount":462,"commentCount":0,"publisher":{"@id":"https:\/\/blog.saocamilo-sp.br\/#organization"},"image":{"@id":"https:\/\/blog.saocamilo-sp.br\/index.php\/2023\/11\/07\/diabete-emagrecimento\/#primaryimage"},"thumbnailUrl":"https:\/\/blog.saocamilo-sp.br\/wp-content\/uploads\/2023\/11\/Topo-Obesidade-scaled.jpg","keywords":["Nutri\u00e7\u00e3o","Sa\u00fade","Vida Universit\u00e1ria"],"articleSection":["Nutri\u00e7\u00e3o","Pesquisas","P\u00f3s-gradua\u00e7\u00e3o"],"inLanguage":"pt-BR","potentialAction":[{"@type":"CommentAction","name":"Comment","target":["https:\/\/blog.saocamilo-sp.br\/index.php\/2023\/11\/07\/diabete-emagrecimento\/#respond"]}]},{"@type":"WebPage","@id":"https:\/\/blog.saocamilo-sp.br\/index.php\/2023\/11\/07\/diabete-emagrecimento\/","url":"https:\/\/blog.saocamilo-sp.br\/index.php\/2023\/11\/07\/diabete-emagrecimento\/","name":"Obesidade: o uso de rem\u00e9dios de diabetes para emagrecer sem prescri\u00e7\u00e3o \u00e9 um risco \u00e0 sa\u00fade - Blog S\u00e3o Camilo","isPartOf":{"@id":"https:\/\/blog.saocamilo-sp.br\/#website"},"primaryImageOfPage":{"@id":"https:\/\/blog.saocamilo-sp.br\/index.php\/2023\/11\/07\/diabete-emagrecimento\/#primaryimage"},"image":{"@id":"https:\/\/blog.saocamilo-sp.br\/index.php\/2023\/11\/07\/diabete-emagrecimento\/#primaryimage"},"thumbnailUrl":"https:\/\/blog.saocamilo-sp.br\/wp-content\/uploads\/2023\/11\/Topo-Obesidade-scaled.jpg","datePublished":"2023-11-07T21:45:03+00:00","dateModified":"2023-11-22T19:29:21+00:00","description":"A obesidade \u00e9 uma doen\u00e7a cr\u00f4nica, devido as redes sociais e influencer que divulgam essa t\u00e9cnica, muitos est\u00e3o tomando rem\u00e9dios de diabete.","breadcrumb":{"@id":"https:\/\/blog.saocamilo-sp.br\/index.php\/2023\/11\/07\/diabete-emagrecimento\/#breadcrumb"},"inLanguage":"pt-BR","potentialAction":[{"@type":"ReadAction","target":["https:\/\/blog.saocamilo-sp.br\/index.php\/2023\/11\/07\/diabete-emagrecimento\/"]}]},{"@type":"ImageObject","inLanguage":"pt-BR","@id":"https:\/\/blog.saocamilo-sp.br\/index.php\/2023\/11\/07\/diabete-emagrecimento\/#primaryimage","url":"https:\/\/blog.saocamilo-sp.br\/wp-content\/uploads\/2023\/11\/Topo-Obesidade-scaled.jpg","contentUrl":"https:\/\/blog.saocamilo-sp.br\/wp-content\/uploads\/2023\/11\/Topo-Obesidade-scaled.jpg","width":2560,"height":1726},{"@type":"BreadcrumbList","@id":"https:\/\/blog.saocamilo-sp.br\/index.php\/2023\/11\/07\/diabete-emagrecimento\/#breadcrumb","itemListElement":[{"@type":"ListItem","position":1,"name":"In\u00edcio","item":"https:\/\/blog.saocamilo-sp.br\/"},{"@type":"ListItem","position":2,"name":"Obesidade: o uso de rem\u00e9dios de diabetes para emagrecer sem prescri\u00e7\u00e3o \u00e9 um risco \u00e0 sa\u00fade"}]},{"@type":"WebSite","@id":"https:\/\/blog.saocamilo-sp.br\/#website","url":"https:\/\/blog.saocamilo-sp.br\/","name":"Blog S\u00e3o Camilo","description":"Blog do Centro Universit\u00e1rio S\u00e3o Camilo","publisher":{"@id":"https:\/\/blog.saocamilo-sp.br\/#organization"},"potentialAction":[{"@type":"SearchAction","target":{"@type":"EntryPoint","urlTemplate":"https:\/\/blog.saocamilo-sp.br\/?s={search_term_string}"},"query-input":{"@type":"PropertyValueSpecification","valueRequired":true,"valueName":"search_term_string"}}],"inLanguage":"pt-BR"},{"@type":"Organization","@id":"https:\/\/blog.saocamilo-sp.br\/#organization","name":"Blog S\u00e3o Camilo","url":"https:\/\/blog.saocamilo-sp.br\/","logo":{"@type":"ImageObject","inLanguage":"pt-BR","@id":"https:\/\/blog.saocamilo-sp.br\/#\/schema\/logo\/image\/","url":"https:\/\/blog.saocamilo-sp.br\/wp-content\/uploads\/2021\/12\/cropped-vazio-logo-topo.png","contentUrl":"https:\/\/blog.saocamilo-sp.br\/wp-content\/uploads\/2021\/12\/cropped-vazio-logo-topo.png","width":320,"height":240,"caption":"Blog S\u00e3o Camilo"},"image":{"@id":"https:\/\/blog.saocamilo-sp.br\/#\/schema\/logo\/image\/"},"sameAs":["https:\/\/www.facebook.com\/saocamilosp","https:\/\/x.com\/saocamilosp","https:\/\/www.linkedin.com\/school\/centro-universit-rio-s-o-camilo\/"]},{"@type":"Person","@id":"https:\/\/blog.saocamilo-sp.br\/#\/schema\/person\/781135418152912d4b58f2db13a2eaf0","name":"Lucas Soares Gon\u00e7alves","image":{"@type":"ImageObject","inLanguage":"pt-BR","@id":"https:\/\/secure.gravatar.com\/avatar\/bcd2d703cbb48116eaac2cac8643792535238ff30b2d7ce9e16f9254ec9cae83?s=96&d=mm&r=g","url":"https:\/\/secure.gravatar.com\/avatar\/bcd2d703cbb48116eaac2cac8643792535238ff30b2d7ce9e16f9254ec9cae83?s=96&d=mm&r=g","contentUrl":"https:\/\/secure.gravatar.com\/avatar\/bcd2d703cbb48116eaac2cac8643792535238ff30b2d7ce9e16f9254ec9cae83?s=96&d=mm&r=g","caption":"Lucas Soares Gon\u00e7alves"},"url":"https:\/\/blog.saocamilo-sp.br\/index.php\/author\/lucas-soares-goncalves\/"}]}},"_links":{"self":[{"href":"https:\/\/blog.saocamilo-sp.br\/index.php\/wp-json\/wp\/v2\/posts\/1900","targetHints":{"allow":["GET"]}}],"collection":[{"href":"https:\/\/blog.saocamilo-sp.br\/index.php\/wp-json\/wp\/v2\/posts"}],"about":[{"href":"https:\/\/blog.saocamilo-sp.br\/index.php\/wp-json\/wp\/v2\/types\/post"}],"author":[{"embeddable":true,"href":"https:\/\/blog.saocamilo-sp.br\/index.php\/wp-json\/wp\/v2\/users\/4"}],"replies":[{"embeddable":true,"href":"https:\/\/blog.saocamilo-sp.br\/index.php\/wp-json\/wp\/v2\/comments?post=1900"}],"version-history":[{"count":3,"href":"https:\/\/blog.saocamilo-sp.br\/index.php\/wp-json\/wp\/v2\/posts\/1900\/revisions"}],"predecessor-version":[{"id":1997,"href":"https:\/\/blog.saocamilo-sp.br\/index.php\/wp-json\/wp\/v2\/posts\/1900\/revisions\/1997"}],"wp:featuredmedia":[{"embeddable":true,"href":"https:\/\/blog.saocamilo-sp.br\/index.php\/wp-json\/wp\/v2\/media\/1946"}],"wp:attachment":[{"href":"https:\/\/blog.saocamilo-sp.br\/index.php\/wp-json\/wp\/v2\/media?parent=1900"}],"wp:term":[{"taxonomy":"category","embeddable":true,"href":"https:\/\/blog.saocamilo-sp.br\/index.php\/wp-json\/wp\/v2\/categories?post=1900"},{"taxonomy":"post_tag","embeddable":true,"href":"https:\/\/blog.saocamilo-sp.br\/index.php\/wp-json\/wp\/v2\/tags?post=1900"}],"curies":[{"name":"wp","href":"https:\/\/api.w.org\/{rel}","templated":true}]}}