{"id":1947,"date":"2023-11-08T12:28:15","date_gmt":"2023-11-08T15:28:15","guid":{"rendered":"https:\/\/blog.saocamilo-sp.br\/?p=1947"},"modified":"2023-11-22T18:54:48","modified_gmt":"2023-11-22T21:54:48","slug":"dia-do-radiologista","status":"publish","type":"post","link":"https:\/\/blog.saocamilo-sp.br\/index.php\/2023\/11\/08\/dia-do-radiologista\/","title":{"rendered":"Radiologia: Conhe\u00e7a as diferen\u00e7as entre o curso t\u00e9cnico e a gradua\u00e7\u00e3o"},"content":{"rendered":"\n<p>A Radiologia \u00e9 uma \u00e1rea da sa\u00fade que utiliza radia\u00e7\u00e3o ionizante para gerar imagens do corpo humano. Essa tecnologia \u00e9 essencial para o diagn\u00f3stico e tratamento de diversas doen\u00e7as, e os profissionais que atuam na \u00e1rea s\u00e3o essenciais para a sa\u00fade p\u00fablica.<\/p>\n\n\n\n<p>Para quem deseja ingressa na \u00e1rea, h\u00e1 duas op\u00e7\u00f5es dispon\u00edveis: o curso t\u00e9cnico e o curso tecn\u00f3logo, de n\u00edvel superior. Ambos os cursos oferecem uma forma\u00e7\u00e3o de qualidade, mas apresentam algumas diferen\u00e7as importantes.<\/p>\n\n\n\n<h3 class=\"wp-block-heading\"><strong>Curso t\u00e9cnico em Radiologia<\/strong><\/h3>\n\n\n\n<p>O <a href=\"https:\/\/saocamilo-sp.br\/tecnicos\/presencial\/tecnico_radiologia\" target=\"_blank\" rel=\"noreferrer noopener\">curso t\u00e9cnico em Radiologia <\/a>\u00e9 uma forma\u00e7\u00e3o de n\u00edvel m\u00e9dio que dura dois anos. O objetivo do curso \u00e9 formar profissionais qualificados para atuar na realiza\u00e7\u00e3o de exames de imagem, como raio-X, mamografia, tomografia computadorizada, resson\u00e2ncia magn\u00e9tica e ultrassonografia.<\/p>\n\n\n\n<p>Os t\u00e9cnicos em radiologia s\u00e3o respons\u00e1veis por:<\/p>\n\n\n\n<ul class=\"wp-block-list\">\n<li>Posicionar os pacientes para os exames;<\/li>\n\n\n\n<li>Operar os equipamentos de imagem;<\/li>\n\n\n\n<li>Preparar os exames para serem analisados pelo radiologista;<\/li>\n\n\n\n<li>Garantir a seguran\u00e7a dos pacientes e dos profissionais envolvidos nos exames.<\/li>\n<\/ul>\n\n\n\n<h3 class=\"wp-block-heading\"><strong>Vantagens do curso t\u00e9cnico em Radiologia:<\/strong><\/h3>\n\n\n\n<ul class=\"wp-block-list\">\n<li>R\u00e1pida forma\u00e7\u00e3o;<\/li>\n\n\n\n<li>Jornada de trabalho reduzida;<\/li>\n\n\n\n<li>Mercado de trabalho amplo;<\/li>\n\n\n\n<li>Remunera\u00e7\u00e3o atrativa;<\/li>\n\n\n\n<li>Atua\u00e7\u00e3o em um ambiente tecnol\u00f3gico avan\u00e7ado.<br><\/li>\n<\/ul>\n\n\n\n<h3 class=\"wp-block-heading\"><strong>Pontos a serem considerados na escolha:<\/strong><\/h3>\n\n\n\n<ul class=\"wp-block-list\">\n<li>Por ter uma forma\u00e7\u00e3o mais b\u00e1sica, o profissional que desejar aumentar as atribui\u00e7\u00f5es profissionais dever\u00e1 seguir com os estudos buscando a gradua\u00e7\u00e3o e p\u00f3s-gradua\u00e7\u00e3o.<br><\/li>\n<\/ul>\n\n\n\n<h3 class=\"wp-block-heading\"><strong>Curso de gradua\u00e7\u00e3o em Radiologia<\/strong><\/h3>\n\n\n\n<p>O curso de <a href=\"https:\/\/saocamilo-sp.br\/graduacao\/presencial\/radiologia\" target=\"_blank\" rel=\"noreferrer noopener\">gradua\u00e7\u00e3o em Radiologia<\/a> \u00e9 uma forma\u00e7\u00e3o de n\u00edvel superior que dura tr\u00eas anos. O objetivo do curso \u00e9 formar profissionais qualificados para atuar em todas as \u00e1reas da Radiologia, incluindo diagn\u00f3stico, terapia e pesquisa.<\/p>\n\n\n\n<p>Os tecn\u00f3logos em radiologia s\u00e3o respons\u00e1veis por:<\/p>\n\n\n\n<ul class=\"wp-block-list\">\n<li>Realizar exames de imagem;<\/li>\n\n\n\n<li>Interpretar exames de imagem;<\/li>\n\n\n\n<li>Planejar e executar tratamentos radioter\u00e1picos;<\/li>\n\n\n\n<li>Realizar pesquisas na \u00e1rea da Radiologia.<\/li>\n<\/ul>\n\n\n\n<h3 class=\"wp-block-heading\"><strong>Vantagens do curso de gradua\u00e7\u00e3o em Radiologia:<\/strong><\/h3>\n\n\n\n<ul class=\"wp-block-list\">\n<li>Forma\u00e7\u00e3o mais completa;<\/li>\n\n\n\n<li>Maiores possibilidades de atua\u00e7\u00e3o;<\/li>\n\n\n\n<li>Maior facilidade de ascens\u00e3o na carreira;<\/li>\n\n\n\n<li>Possibilidade de seguir carreira acad\u00eamica.<\/li>\n<\/ul>\n\n\n\n<h3 class=\"wp-block-heading\"><strong>Pontos a serem considerados na escolha:<\/strong><\/h3>\n\n\n\n<p>Por ter uma dura\u00e7\u00e3o mais longo e uma jornada de trabalho mais extensa o curso tem foi em uma maior carga hor\u00e1ria e de conhecimento. O profissional dever\u00e1 ponderar se est\u00e1 de acordo com a expectativa de atua\u00e7\u00e3o profissional.<\/p>\n\n\n\n<p>Com a escolha entre o curso t\u00e9cnico e o curso de gradua\u00e7\u00e3o em Radiologia depende das expectativas e objetivos do profissional. Se o objetivo \u00e9 ingressar rapidamente no mercado de trabalho e atuar em uma \u00e1rea espec\u00edfica da Radiologia, o curso t\u00e9cnico \u00e9 uma boa op\u00e7\u00e3o.<\/p>\n\n\n\n<p>J\u00e1 se o objetivo \u00e9 ter uma forma\u00e7\u00e3o mais completa e ampla, com possibilidades de atua\u00e7\u00e3o em diferentes \u00e1reas da Radiologia, o curso de gradua\u00e7\u00e3o \u00e9 a melhor escolha.<\/p>\n\n\n\n<p>Venha ser um Radiologista no <a href=\"https:\/\/saocamilo-sp.br\/\" target=\"_blank\" rel=\"noreferrer noopener\">Centro Universit\u00e1rio S\u00e3o Camilo<\/a> e Col\u00e9gio S\u00e3o Camilo! Aqui, o curso \u00e9 oferecido nas duas modalidades para voc\u00ea escolher o que for mais com a sua voca\u00e7\u00e3o e objetivo, com laborat\u00f3rios de ponta, docentes qualificados e \u00f3tima infraestrutura. <\/p>\n\n\n\n<h2 class=\"wp-block-heading\"><strong>Feliz Dia do Radiologista<\/strong> e venha ser S\u00e3o Camilo!<\/h2>\n\n\n\n<p>Saiba mais sobre nossos cursos:<\/p>\n\n\n\n<iframe loading=\"lazy\" src=\"https:\/\/saocamilo.apprbs.com.br\/tenho-interesse-blog\" height=\"530px\" width=\"100%\" frameborder=\"0\"><\/iframe>\n\n\n\n<p>Compartilhe em:<\/p>\n","protected":false},"excerpt":{"rendered":"<p>No dia do Radiologista, desenvolvemos um texto focado na principal d\u00favida de muitos, ir para a \u00e1rea t\u00e9cnica ou de gradua\u00e7\u00e3o?<\/p>\n","protected":false},"author":4,"featured_media":1948,"comment_status":"open","ping_status":"open","sticky":false,"template":"","format":"standard","meta":{"cybocfi_hide_featured_image":"","footnotes":""},"categories":[110],"tags":[119,41,117,17,118,16],"class_list":["post-1947","post","type-post","status-publish","format-standard","has-post-thumbnail","hentry","category-pos-graduacao","tag-graduacao","tag-pos-graduacao","tag-radiologia","tag-saude","tag-tecnico","tag-vida-universitaria"],"yoast_head":"<!-- This site is optimized with the Yoast SEO plugin v27.4 - https:\/\/yoast.com\/product\/yoast-seo-wordpress\/ -->\n<title>Radiologia: Conhe\u00e7a as diferen\u00e7as entre o curso t\u00e9cnico e a gradua\u00e7\u00e3o - Blog S\u00e3o Camilo<\/title>\n<meta name=\"description\" content=\"No dia do Radiologista, desenvolvemos um texto focado na principal d\u00favida de muitos, ir para a \u00e1rea t\u00e9cnica ou de gradua\u00e7\u00e3o?\" \/>\n<meta name=\"robots\" content=\"index, follow, max-snippet:-1, max-image-preview:large, max-video-preview:-1\" \/>\n<link rel=\"canonical\" href=\"https:\/\/blog.saocamilo-sp.br\/index.php\/2023\/11\/08\/dia-do-radiologista\/\" \/>\n<meta property=\"og:locale\" content=\"pt_BR\" \/>\n<meta property=\"og:type\" content=\"article\" \/>\n<meta property=\"og:title\" content=\"Radiologia: Conhe\u00e7a as diferen\u00e7as entre o curso t\u00e9cnico e a gradua\u00e7\u00e3o - Blog S\u00e3o Camilo\" \/>\n<meta property=\"og:description\" content=\"No dia do Radiologista, desenvolvemos um texto focado na principal d\u00favida de muitos, ir para a \u00e1rea t\u00e9cnica ou de gradua\u00e7\u00e3o?\" \/>\n<meta property=\"og:url\" content=\"https:\/\/blog.saocamilo-sp.br\/index.php\/2023\/11\/08\/dia-do-radiologista\/\" \/>\n<meta property=\"og:site_name\" content=\"Blog S\u00e3o Camilo\" \/>\n<meta property=\"article:publisher\" content=\"https:\/\/www.facebook.com\/saocamilosp\" \/>\n<meta property=\"article:published_time\" content=\"2023-11-08T15:28:15+00:00\" \/>\n<meta property=\"article:modified_time\" content=\"2023-11-22T21:54:48+00:00\" \/>\n<meta property=\"og:image\" content=\"https:\/\/blog.saocamilo-sp.br\/wp-content\/uploads\/2023\/11\/Topo-Radiologia-1-scaled.jpg\" \/>\n\t<meta property=\"og:image:width\" content=\"2560\" \/>\n\t<meta property=\"og:image:height\" content=\"1726\" \/>\n\t<meta property=\"og:image:type\" content=\"image\/jpeg\" \/>\n<meta name=\"author\" content=\"Lucas Soares Gon\u00e7alves\" \/>\n<meta name=\"twitter:card\" content=\"summary_large_image\" \/>\n<meta name=\"twitter:creator\" content=\"@saocamilosp\" \/>\n<meta name=\"twitter:site\" content=\"@saocamilosp\" \/>\n<meta name=\"twitter:label1\" content=\"Escrito por\" \/>\n\t<meta name=\"twitter:data1\" content=\"Lucas Soares Gon\u00e7alves\" \/>\n\t<meta name=\"twitter:label2\" content=\"Est. tempo de leitura\" \/>\n\t<meta name=\"twitter:data2\" content=\"3 minutos\" \/>\n<script type=\"application\/ld+json\" class=\"yoast-schema-graph\">{\"@context\":\"https:\\\/\\\/schema.org\",\"@graph\":[{\"@type\":\"Article\",\"@id\":\"https:\\\/\\\/blog.saocamilo-sp.br\\\/index.php\\\/2023\\\/11\\\/08\\\/dia-do-radiologista\\\/#article\",\"isPartOf\":{\"@id\":\"https:\\\/\\\/blog.saocamilo-sp.br\\\/index.php\\\/2023\\\/11\\\/08\\\/dia-do-radiologista\\\/\"},\"author\":{\"name\":\"Lucas Soares Gon\u00e7alves\",\"@id\":\"https:\\\/\\\/blog.saocamilo-sp.br\\\/#\\\/schema\\\/person\\\/781135418152912d4b58f2db13a2eaf0\"},\"headline\":\"Radiologia: Conhe\u00e7a as diferen\u00e7as entre o curso t\u00e9cnico e a gradua\u00e7\u00e3o\",\"datePublished\":\"2023-11-08T15:28:15+00:00\",\"dateModified\":\"2023-11-22T21:54:48+00:00\",\"mainEntityOfPage\":{\"@id\":\"https:\\\/\\\/blog.saocamilo-sp.br\\\/index.php\\\/2023\\\/11\\\/08\\\/dia-do-radiologista\\\/\"},\"wordCount\":558,\"commentCount\":0,\"publisher\":{\"@id\":\"https:\\\/\\\/blog.saocamilo-sp.br\\\/#organization\"},\"image\":{\"@id\":\"https:\\\/\\\/blog.saocamilo-sp.br\\\/index.php\\\/2023\\\/11\\\/08\\\/dia-do-radiologista\\\/#primaryimage\"},\"thumbnailUrl\":\"https:\\\/\\\/blog.saocamilo-sp.br\\\/wp-content\\\/uploads\\\/2023\\\/11\\\/Topo-Radiologia-1-scaled.jpg\",\"keywords\":[\"gradua\u00e7\u00e3o\",\"p\u00f3s-gradua\u00e7\u00e3o\",\"radiologia\",\"Sa\u00fade\",\"t\u00e9cnico\",\"Vida Universit\u00e1ria\"],\"articleSection\":[\"P\u00f3s-gradua\u00e7\u00e3o\"],\"inLanguage\":\"pt-BR\",\"potentialAction\":[{\"@type\":\"CommentAction\",\"name\":\"Comment\",\"target\":[\"https:\\\/\\\/blog.saocamilo-sp.br\\\/index.php\\\/2023\\\/11\\\/08\\\/dia-do-radiologista\\\/#respond\"]}]},{\"@type\":\"WebPage\",\"@id\":\"https:\\\/\\\/blog.saocamilo-sp.br\\\/index.php\\\/2023\\\/11\\\/08\\\/dia-do-radiologista\\\/\",\"url\":\"https:\\\/\\\/blog.saocamilo-sp.br\\\/index.php\\\/2023\\\/11\\\/08\\\/dia-do-radiologista\\\/\",\"name\":\"Radiologia: Conhe\u00e7a as diferen\u00e7as entre o curso t\u00e9cnico e a gradua\u00e7\u00e3o - Blog S\u00e3o Camilo\",\"isPartOf\":{\"@id\":\"https:\\\/\\\/blog.saocamilo-sp.br\\\/#website\"},\"primaryImageOfPage\":{\"@id\":\"https:\\\/\\\/blog.saocamilo-sp.br\\\/index.php\\\/2023\\\/11\\\/08\\\/dia-do-radiologista\\\/#primaryimage\"},\"image\":{\"@id\":\"https:\\\/\\\/blog.saocamilo-sp.br\\\/index.php\\\/2023\\\/11\\\/08\\\/dia-do-radiologista\\\/#primaryimage\"},\"thumbnailUrl\":\"https:\\\/\\\/blog.saocamilo-sp.br\\\/wp-content\\\/uploads\\\/2023\\\/11\\\/Topo-Radiologia-1-scaled.jpg\",\"datePublished\":\"2023-11-08T15:28:15+00:00\",\"dateModified\":\"2023-11-22T21:54:48+00:00\",\"description\":\"No dia do Radiologista, desenvolvemos um texto focado na principal d\u00favida de muitos, ir para a \u00e1rea t\u00e9cnica ou de gradua\u00e7\u00e3o?\",\"breadcrumb\":{\"@id\":\"https:\\\/\\\/blog.saocamilo-sp.br\\\/index.php\\\/2023\\\/11\\\/08\\\/dia-do-radiologista\\\/#breadcrumb\"},\"inLanguage\":\"pt-BR\",\"potentialAction\":[{\"@type\":\"ReadAction\",\"target\":[\"https:\\\/\\\/blog.saocamilo-sp.br\\\/index.php\\\/2023\\\/11\\\/08\\\/dia-do-radiologista\\\/\"]}]},{\"@type\":\"ImageObject\",\"inLanguage\":\"pt-BR\",\"@id\":\"https:\\\/\\\/blog.saocamilo-sp.br\\\/index.php\\\/2023\\\/11\\\/08\\\/dia-do-radiologista\\\/#primaryimage\",\"url\":\"https:\\\/\\\/blog.saocamilo-sp.br\\\/wp-content\\\/uploads\\\/2023\\\/11\\\/Topo-Radiologia-1-scaled.jpg\",\"contentUrl\":\"https:\\\/\\\/blog.saocamilo-sp.br\\\/wp-content\\\/uploads\\\/2023\\\/11\\\/Topo-Radiologia-1-scaled.jpg\",\"width\":2560,\"height\":1726},{\"@type\":\"BreadcrumbList\",\"@id\":\"https:\\\/\\\/blog.saocamilo-sp.br\\\/index.php\\\/2023\\\/11\\\/08\\\/dia-do-radiologista\\\/#breadcrumb\",\"itemListElement\":[{\"@type\":\"ListItem\",\"position\":1,\"name\":\"In\u00edcio\",\"item\":\"https:\\\/\\\/blog.saocamilo-sp.br\\\/\"},{\"@type\":\"ListItem\",\"position\":2,\"name\":\"Radiologia: Conhe\u00e7a as diferen\u00e7as entre o curso t\u00e9cnico e a gradua\u00e7\u00e3o\"}]},{\"@type\":\"WebSite\",\"@id\":\"https:\\\/\\\/blog.saocamilo-sp.br\\\/#website\",\"url\":\"https:\\\/\\\/blog.saocamilo-sp.br\\\/\",\"name\":\"Blog S\u00e3o Camilo\",\"description\":\"Blog do Centro Universit\u00e1rio S\u00e3o Camilo\",\"publisher\":{\"@id\":\"https:\\\/\\\/blog.saocamilo-sp.br\\\/#organization\"},\"potentialAction\":[{\"@type\":\"SearchAction\",\"target\":{\"@type\":\"EntryPoint\",\"urlTemplate\":\"https:\\\/\\\/blog.saocamilo-sp.br\\\/?s={search_term_string}\"},\"query-input\":{\"@type\":\"PropertyValueSpecification\",\"valueRequired\":true,\"valueName\":\"search_term_string\"}}],\"inLanguage\":\"pt-BR\"},{\"@type\":\"Organization\",\"@id\":\"https:\\\/\\\/blog.saocamilo-sp.br\\\/#organization\",\"name\":\"Blog S\u00e3o Camilo\",\"url\":\"https:\\\/\\\/blog.saocamilo-sp.br\\\/\",\"logo\":{\"@type\":\"ImageObject\",\"inLanguage\":\"pt-BR\",\"@id\":\"https:\\\/\\\/blog.saocamilo-sp.br\\\/#\\\/schema\\\/logo\\\/image\\\/\",\"url\":\"https:\\\/\\\/blog.saocamilo-sp.br\\\/wp-content\\\/uploads\\\/2021\\\/12\\\/cropped-vazio-logo-topo.png\",\"contentUrl\":\"https:\\\/\\\/blog.saocamilo-sp.br\\\/wp-content\\\/uploads\\\/2021\\\/12\\\/cropped-vazio-logo-topo.png\",\"width\":320,\"height\":240,\"caption\":\"Blog S\u00e3o Camilo\"},\"image\":{\"@id\":\"https:\\\/\\\/blog.saocamilo-sp.br\\\/#\\\/schema\\\/logo\\\/image\\\/\"},\"sameAs\":[\"https:\\\/\\\/www.facebook.com\\\/saocamilosp\",\"https:\\\/\\\/x.com\\\/saocamilosp\",\"https:\\\/\\\/www.linkedin.com\\\/school\\\/centro-universit-rio-s-o-camilo\\\/\"]},{\"@type\":\"Person\",\"@id\":\"https:\\\/\\\/blog.saocamilo-sp.br\\\/#\\\/schema\\\/person\\\/781135418152912d4b58f2db13a2eaf0\",\"name\":\"Lucas Soares Gon\u00e7alves\",\"image\":{\"@type\":\"ImageObject\",\"inLanguage\":\"pt-BR\",\"@id\":\"https:\\\/\\\/secure.gravatar.com\\\/avatar\\\/bcd2d703cbb48116eaac2cac8643792535238ff30b2d7ce9e16f9254ec9cae83?s=96&d=mm&r=g\",\"url\":\"https:\\\/\\\/secure.gravatar.com\\\/avatar\\\/bcd2d703cbb48116eaac2cac8643792535238ff30b2d7ce9e16f9254ec9cae83?s=96&d=mm&r=g\",\"contentUrl\":\"https:\\\/\\\/secure.gravatar.com\\\/avatar\\\/bcd2d703cbb48116eaac2cac8643792535238ff30b2d7ce9e16f9254ec9cae83?s=96&d=mm&r=g\",\"caption\":\"Lucas Soares Gon\u00e7alves\"},\"url\":\"https:\\\/\\\/blog.saocamilo-sp.br\\\/index.php\\\/author\\\/lucas-soares-goncalves\\\/\"}]}<\/script>\n<!-- \/ Yoast SEO plugin. -->","yoast_head_json":{"title":"Radiologia: Conhe\u00e7a as diferen\u00e7as entre o curso t\u00e9cnico e a gradua\u00e7\u00e3o - Blog S\u00e3o Camilo","description":"No dia do Radiologista, desenvolvemos um texto focado na principal d\u00favida de muitos, ir para a \u00e1rea t\u00e9cnica ou de gradua\u00e7\u00e3o?","robots":{"index":"index","follow":"follow","max-snippet":"max-snippet:-1","max-image-preview":"max-image-preview:large","max-video-preview":"max-video-preview:-1"},"canonical":"https:\/\/blog.saocamilo-sp.br\/index.php\/2023\/11\/08\/dia-do-radiologista\/","og_locale":"pt_BR","og_type":"article","og_title":"Radiologia: Conhe\u00e7a as diferen\u00e7as entre o curso t\u00e9cnico e a gradua\u00e7\u00e3o - Blog S\u00e3o Camilo","og_description":"No dia do Radiologista, desenvolvemos um texto focado na principal d\u00favida de muitos, ir para a \u00e1rea t\u00e9cnica ou de gradua\u00e7\u00e3o?","og_url":"https:\/\/blog.saocamilo-sp.br\/index.php\/2023\/11\/08\/dia-do-radiologista\/","og_site_name":"Blog S\u00e3o Camilo","article_publisher":"https:\/\/www.facebook.com\/saocamilosp","article_published_time":"2023-11-08T15:28:15+00:00","article_modified_time":"2023-11-22T21:54:48+00:00","og_image":[{"width":2560,"height":1726,"url":"https:\/\/blog.saocamilo-sp.br\/wp-content\/uploads\/2023\/11\/Topo-Radiologia-1-scaled.jpg","type":"image\/jpeg"}],"author":"Lucas Soares Gon\u00e7alves","twitter_card":"summary_large_image","twitter_creator":"@saocamilosp","twitter_site":"@saocamilosp","twitter_misc":{"Escrito por":"Lucas Soares Gon\u00e7alves","Est. tempo de leitura":"3 minutos"},"schema":{"@context":"https:\/\/schema.org","@graph":[{"@type":"Article","@id":"https:\/\/blog.saocamilo-sp.br\/index.php\/2023\/11\/08\/dia-do-radiologista\/#article","isPartOf":{"@id":"https:\/\/blog.saocamilo-sp.br\/index.php\/2023\/11\/08\/dia-do-radiologista\/"},"author":{"name":"Lucas Soares Gon\u00e7alves","@id":"https:\/\/blog.saocamilo-sp.br\/#\/schema\/person\/781135418152912d4b58f2db13a2eaf0"},"headline":"Radiologia: Conhe\u00e7a as diferen\u00e7as entre o curso t\u00e9cnico e a gradua\u00e7\u00e3o","datePublished":"2023-11-08T15:28:15+00:00","dateModified":"2023-11-22T21:54:48+00:00","mainEntityOfPage":{"@id":"https:\/\/blog.saocamilo-sp.br\/index.php\/2023\/11\/08\/dia-do-radiologista\/"},"wordCount":558,"commentCount":0,"publisher":{"@id":"https:\/\/blog.saocamilo-sp.br\/#organization"},"image":{"@id":"https:\/\/blog.saocamilo-sp.br\/index.php\/2023\/11\/08\/dia-do-radiologista\/#primaryimage"},"thumbnailUrl":"https:\/\/blog.saocamilo-sp.br\/wp-content\/uploads\/2023\/11\/Topo-Radiologia-1-scaled.jpg","keywords":["gradua\u00e7\u00e3o","p\u00f3s-gradua\u00e7\u00e3o","radiologia","Sa\u00fade","t\u00e9cnico","Vida Universit\u00e1ria"],"articleSection":["P\u00f3s-gradua\u00e7\u00e3o"],"inLanguage":"pt-BR","potentialAction":[{"@type":"CommentAction","name":"Comment","target":["https:\/\/blog.saocamilo-sp.br\/index.php\/2023\/11\/08\/dia-do-radiologista\/#respond"]}]},{"@type":"WebPage","@id":"https:\/\/blog.saocamilo-sp.br\/index.php\/2023\/11\/08\/dia-do-radiologista\/","url":"https:\/\/blog.saocamilo-sp.br\/index.php\/2023\/11\/08\/dia-do-radiologista\/","name":"Radiologia: Conhe\u00e7a as diferen\u00e7as entre o curso t\u00e9cnico e a gradua\u00e7\u00e3o - Blog S\u00e3o Camilo","isPartOf":{"@id":"https:\/\/blog.saocamilo-sp.br\/#website"},"primaryImageOfPage":{"@id":"https:\/\/blog.saocamilo-sp.br\/index.php\/2023\/11\/08\/dia-do-radiologista\/#primaryimage"},"image":{"@id":"https:\/\/blog.saocamilo-sp.br\/index.php\/2023\/11\/08\/dia-do-radiologista\/#primaryimage"},"thumbnailUrl":"https:\/\/blog.saocamilo-sp.br\/wp-content\/uploads\/2023\/11\/Topo-Radiologia-1-scaled.jpg","datePublished":"2023-11-08T15:28:15+00:00","dateModified":"2023-11-22T21:54:48+00:00","description":"No dia do Radiologista, desenvolvemos um texto focado na principal d\u00favida de muitos, ir para a \u00e1rea t\u00e9cnica ou de gradua\u00e7\u00e3o?","breadcrumb":{"@id":"https:\/\/blog.saocamilo-sp.br\/index.php\/2023\/11\/08\/dia-do-radiologista\/#breadcrumb"},"inLanguage":"pt-BR","potentialAction":[{"@type":"ReadAction","target":["https:\/\/blog.saocamilo-sp.br\/index.php\/2023\/11\/08\/dia-do-radiologista\/"]}]},{"@type":"ImageObject","inLanguage":"pt-BR","@id":"https:\/\/blog.saocamilo-sp.br\/index.php\/2023\/11\/08\/dia-do-radiologista\/#primaryimage","url":"https:\/\/blog.saocamilo-sp.br\/wp-content\/uploads\/2023\/11\/Topo-Radiologia-1-scaled.jpg","contentUrl":"https:\/\/blog.saocamilo-sp.br\/wp-content\/uploads\/2023\/11\/Topo-Radiologia-1-scaled.jpg","width":2560,"height":1726},{"@type":"BreadcrumbList","@id":"https:\/\/blog.saocamilo-sp.br\/index.php\/2023\/11\/08\/dia-do-radiologista\/#breadcrumb","itemListElement":[{"@type":"ListItem","position":1,"name":"In\u00edcio","item":"https:\/\/blog.saocamilo-sp.br\/"},{"@type":"ListItem","position":2,"name":"Radiologia: Conhe\u00e7a as diferen\u00e7as entre o curso t\u00e9cnico e a gradua\u00e7\u00e3o"}]},{"@type":"WebSite","@id":"https:\/\/blog.saocamilo-sp.br\/#website","url":"https:\/\/blog.saocamilo-sp.br\/","name":"Blog S\u00e3o Camilo","description":"Blog do Centro Universit\u00e1rio S\u00e3o Camilo","publisher":{"@id":"https:\/\/blog.saocamilo-sp.br\/#organization"},"potentialAction":[{"@type":"SearchAction","target":{"@type":"EntryPoint","urlTemplate":"https:\/\/blog.saocamilo-sp.br\/?s={search_term_string}"},"query-input":{"@type":"PropertyValueSpecification","valueRequired":true,"valueName":"search_term_string"}}],"inLanguage":"pt-BR"},{"@type":"Organization","@id":"https:\/\/blog.saocamilo-sp.br\/#organization","name":"Blog S\u00e3o Camilo","url":"https:\/\/blog.saocamilo-sp.br\/","logo":{"@type":"ImageObject","inLanguage":"pt-BR","@id":"https:\/\/blog.saocamilo-sp.br\/#\/schema\/logo\/image\/","url":"https:\/\/blog.saocamilo-sp.br\/wp-content\/uploads\/2021\/12\/cropped-vazio-logo-topo.png","contentUrl":"https:\/\/blog.saocamilo-sp.br\/wp-content\/uploads\/2021\/12\/cropped-vazio-logo-topo.png","width":320,"height":240,"caption":"Blog S\u00e3o Camilo"},"image":{"@id":"https:\/\/blog.saocamilo-sp.br\/#\/schema\/logo\/image\/"},"sameAs":["https:\/\/www.facebook.com\/saocamilosp","https:\/\/x.com\/saocamilosp","https:\/\/www.linkedin.com\/school\/centro-universit-rio-s-o-camilo\/"]},{"@type":"Person","@id":"https:\/\/blog.saocamilo-sp.br\/#\/schema\/person\/781135418152912d4b58f2db13a2eaf0","name":"Lucas Soares Gon\u00e7alves","image":{"@type":"ImageObject","inLanguage":"pt-BR","@id":"https:\/\/secure.gravatar.com\/avatar\/bcd2d703cbb48116eaac2cac8643792535238ff30b2d7ce9e16f9254ec9cae83?s=96&d=mm&r=g","url":"https:\/\/secure.gravatar.com\/avatar\/bcd2d703cbb48116eaac2cac8643792535238ff30b2d7ce9e16f9254ec9cae83?s=96&d=mm&r=g","contentUrl":"https:\/\/secure.gravatar.com\/avatar\/bcd2d703cbb48116eaac2cac8643792535238ff30b2d7ce9e16f9254ec9cae83?s=96&d=mm&r=g","caption":"Lucas Soares Gon\u00e7alves"},"url":"https:\/\/blog.saocamilo-sp.br\/index.php\/author\/lucas-soares-goncalves\/"}]}},"_links":{"self":[{"href":"https:\/\/blog.saocamilo-sp.br\/index.php\/wp-json\/wp\/v2\/posts\/1947","targetHints":{"allow":["GET"]}}],"collection":[{"href":"https:\/\/blog.saocamilo-sp.br\/index.php\/wp-json\/wp\/v2\/posts"}],"about":[{"href":"https:\/\/blog.saocamilo-sp.br\/index.php\/wp-json\/wp\/v2\/types\/post"}],"author":[{"embeddable":true,"href":"https:\/\/blog.saocamilo-sp.br\/index.php\/wp-json\/wp\/v2\/users\/4"}],"replies":[{"embeddable":true,"href":"https:\/\/blog.saocamilo-sp.br\/index.php\/wp-json\/wp\/v2\/comments?post=1947"}],"version-history":[{"count":3,"href":"https:\/\/blog.saocamilo-sp.br\/index.php\/wp-json\/wp\/v2\/posts\/1947\/revisions"}],"predecessor-version":[{"id":2005,"href":"https:\/\/blog.saocamilo-sp.br\/index.php\/wp-json\/wp\/v2\/posts\/1947\/revisions\/2005"}],"wp:featuredmedia":[{"embeddable":true,"href":"https:\/\/blog.saocamilo-sp.br\/index.php\/wp-json\/wp\/v2\/media\/1948"}],"wp:attachment":[{"href":"https:\/\/blog.saocamilo-sp.br\/index.php\/wp-json\/wp\/v2\/media?parent=1947"}],"wp:term":[{"taxonomy":"category","embeddable":true,"href":"https:\/\/blog.saocamilo-sp.br\/index.php\/wp-json\/wp\/v2\/categories?post=1947"},{"taxonomy":"post_tag","embeddable":true,"href":"https:\/\/blog.saocamilo-sp.br\/index.php\/wp-json\/wp\/v2\/tags?post=1947"}],"curies":[{"name":"wp","href":"https:\/\/api.w.org\/{rel}","templated":true}]}}