{"id":1952,"date":"2023-11-14T08:31:52","date_gmt":"2023-11-14T11:31:52","guid":{"rendered":"https:\/\/blog.saocamilo-sp.br\/?p=1952"},"modified":"2023-11-22T16:26:23","modified_gmt":"2023-11-22T19:26:23","slug":"novembro-roxo-prematuros","status":"publish","type":"post","link":"https:\/\/blog.saocamilo-sp.br\/index.php\/2023\/11\/14\/novembro-roxo-prematuros\/","title":{"rendered":"Dia Mundial da Prematuridade: docente de pediatria fala sobre a import\u00e2ncia da data"},"content":{"rendered":"\n<h3 class=\"wp-block-heading\"><strong>A Transi\u00e7\u00e3o Delicada: Desafios dos Beb\u00eas Prematuros ao Nascer<\/strong><\/h3>\n\n\n\n<p>O per\u00edodo de transi\u00e7\u00e3o do \u00fatero para o mundo externo \u00e9 uma jornada desafiadora para os beb\u00eas prematuros. \u00d3rg\u00e3os imaturos e uma necessidade urgente de adapta\u00e7\u00e3o caracterizam essa fase. A <a href=\"http:\/\/buscatextual.cnpq.br\/buscatextual\/visualizacv.do\" target=\"_blank\" rel=\"noreferrer noopener\">Professora Vanessa Marques Leite Martha<\/a> do <a href=\"https:\/\/saocamilo-sp.br\/\" target=\"_blank\" rel=\"noreferrer noopener\">Centro Universit\u00e1rio S\u00e3o Camilo<\/a> destaca a import\u00e2ncia da idade gestacional para o desenvolvimento pleno do rec\u00e9m-nascido. Antecipar essa transi\u00e7\u00e3o pode significar dias ou meses na UTI neonatal, impactando o v\u00ednculo com a fam\u00edlia.<\/p>\n\n\n\n<h3 class=\"wp-block-heading\"><strong>A M\u00e3e Canguru e o Envolvimento Paterno: Est\u00edmulos para a Recupera\u00e7\u00e3o dos Prematuros<\/strong><\/h3>\n\n\n\n<p>A M\u00e3e Canguru, t\u00e9cnica inicialmente aplicada pelas m\u00e3es, se revela uma ferramenta crucial para estimular o afeto entre a fam\u00edlia e o beb\u00ea. No entanto, a participa\u00e7\u00e3o ativa dos pais \u00e9 igualmente essencial. Segundo a docente, o envolvimento paterno desencadeia benef\u00edcios similares ao contato materno, fortalecendo o v\u00ednculo emocional e contribuindo para os cuidados gerais do beb\u00ea na unidade neonatal.<\/p>\n\n\n\n<h3 class=\"wp-block-heading\"><strong>Desafios Emocionais e a Import\u00e2ncia do Apoio Paterno para a Estabilidade Familiar<\/strong><\/h3>\n\n\n\n<p>Ambos, m\u00e3es e pais, enfrentam desafios emocionais e psicol\u00f3gicos diante da fragilidade dos beb\u00eas prematuros. O contato pele a pele com o pai pode gerar benef\u00edcios, por\u00e9m, a inseguran\u00e7a e a ansiedade s\u00e3o desafios marcantes. A professora enfatiza a import\u00e2ncia do apoio paterno, ressaltando que a presen\u00e7a ativa dos pais na rotina do beb\u00ea promove conforto e seguran\u00e7a, contribuindo para o desenvolvimento cognitivo e emocional dos prematuros.<\/p>\n\n\n\n<h3 class=\"wp-block-heading\"><strong>O Impacto do Envolvimento Paterno: La\u00e7os Familiares e Recupera\u00e7\u00e3o dos Prematuros<\/strong><\/h3>\n\n\n\n<p>Este Novembro Roxo nos lembra que o papel do pai \u00e9 t\u00e3o crucial quanto o da m\u00e3e na jornada do beb\u00ea prematuro. O envolvimento emocional e f\u00edsico dos pais n\u00e3o apenas acelera a recupera\u00e7\u00e3o do beb\u00ea, mas tamb\u00e9m fortalece os la\u00e7os familiares, oferecendo seguran\u00e7a e estabilidade emocional para esses pequenos guerreiros. A professora Vanessa Martha ressalta que o apoio paterno \u00e9 fundamental para o desenvolvimento cognitivo e emocional dos beb\u00eas prematuros.<\/p>\n\n\n\n<p>Veja tamb\u00e9m:<\/p>\n\n\n\n<p><a href=\"https:\/\/blog.saocamilo-sp.br\/index.php\/2021\/12\/21\/o-que-se-estuda-no-curso-de-psicologia\/\" target=\"_blank\" rel=\"noreferrer noopener\">O que estuda no curso de psicologia?<\/a><\/p>\n\n\n\n<p><a href=\"https:\/\/blog.saocamilo-sp.br\/index.php\/2023\/07\/08\/estudo-anatomia-pecas-naturais\/\">Descobrindo a Import\u00e2ncia do Estudo de Anatomia com Pe\u00e7as Naturais&nbsp;<\/a><\/p>\n\n\n\n<p><a href=\"https:\/\/blog.saocamilo-sp.br\/index.php\/2023\/06\/29\/motivos-para-turbinar-a-sua-carreira-com-a-capacitacao-esg\/\">Conhe\u00e7a quatro motivos para turbinar a sua carreira com a capacita\u00e7\u00e3o ESG&nbsp;<\/a><\/p>\n\n\n\n<p>Saiba mais sobre nossos cursos:<\/p>\n\n\n\n<iframe loading=\"lazy\" src=\"https:\/\/saocamilo.apprbs.com.br\/tenho-interesse-blog\" height=\"530px\" width=\"100%\" frameborder=\"0\"><\/iframe>\n\n\n\n<p>Compartilhe em:<\/p>\n\n\n\n<p><\/p>\n\n\n\n<p><\/p>\n\n\n\n<p><\/p>\n","protected":false},"excerpt":{"rendered":"<p>Novembro Roxo: O per\u00edodo de transi\u00e7\u00e3o do \u00fatero para o mundo externo \u00e9 uma jornada desafiadora para os beb\u00eas prematuros.<\/p>\n","protected":false},"author":4,"featured_media":1959,"comment_status":"open","ping_status":"open","sticky":false,"template":"","format":"standard","meta":{"cybocfi_hide_featured_image":"","footnotes":""},"categories":[1,79],"tags":[17],"class_list":["post-1952","post","type-post","status-publish","format-standard","has-post-thumbnail","hentry","category-cursos","category-saude","tag-saude"],"yoast_head":"<!-- This site is optimized with the Yoast SEO plugin v27.5 - https:\/\/yoast.com\/product\/yoast-seo-wordpress\/ -->\n<title>Dia Mundial da Prematuridade: docente de pediatria fala sobre a import\u00e2ncia da data - Blog S\u00e3o Camilo<\/title>\n<meta name=\"description\" content=\"Novembro Roxo: O per\u00edodo de transi\u00e7\u00e3o do \u00fatero para o mundo externo \u00e9 uma jornada desafiadora para os beb\u00eas prematuros.\" \/>\n<meta name=\"robots\" content=\"index, follow, max-snippet:-1, max-image-preview:large, max-video-preview:-1\" \/>\n<link rel=\"canonical\" href=\"https:\/\/blog.saocamilo-sp.br\/index.php\/2023\/11\/14\/novembro-roxo-prematuros\/\" \/>\n<meta property=\"og:locale\" content=\"pt_BR\" \/>\n<meta property=\"og:type\" content=\"article\" \/>\n<meta property=\"og:title\" content=\"Dia Mundial da Prematuridade: docente de pediatria fala sobre a import\u00e2ncia da data - Blog S\u00e3o Camilo\" \/>\n<meta property=\"og:description\" content=\"Novembro Roxo: O per\u00edodo de transi\u00e7\u00e3o do \u00fatero para o mundo externo \u00e9 uma jornada desafiadora para os beb\u00eas prematuros.\" \/>\n<meta property=\"og:url\" content=\"https:\/\/blog.saocamilo-sp.br\/index.php\/2023\/11\/14\/novembro-roxo-prematuros\/\" \/>\n<meta property=\"og:site_name\" content=\"Blog S\u00e3o Camilo\" \/>\n<meta property=\"article:publisher\" content=\"https:\/\/www.facebook.com\/saocamilosp\" \/>\n<meta property=\"article:published_time\" content=\"2023-11-14T11:31:52+00:00\" \/>\n<meta property=\"article:modified_time\" content=\"2023-11-22T19:26:23+00:00\" \/>\n<meta property=\"og:image\" content=\"https:\/\/blog.saocamilo-sp.br\/wp-content\/uploads\/2023\/11\/Topo-Dia-Mundial-da-Prematuridade-1.jpg\" \/>\n\t<meta property=\"og:image:width\" content=\"768\" \/>\n\t<meta property=\"og:image:height\" content=\"518\" \/>\n\t<meta property=\"og:image:type\" content=\"image\/jpeg\" \/>\n<meta name=\"author\" content=\"Lucas Soares Gon\u00e7alves\" \/>\n<meta name=\"twitter:card\" content=\"summary_large_image\" \/>\n<meta name=\"twitter:creator\" content=\"@saocamilosp\" \/>\n<meta name=\"twitter:site\" content=\"@saocamilosp\" \/>\n<meta name=\"twitter:label1\" content=\"Escrito por\" \/>\n\t<meta name=\"twitter:data1\" content=\"Lucas Soares Gon\u00e7alves\" \/>\n\t<meta name=\"twitter:label2\" content=\"Est. tempo de leitura\" \/>\n\t<meta name=\"twitter:data2\" content=\"2 minutos\" \/>\n<script type=\"application\/ld+json\" class=\"yoast-schema-graph\">{\"@context\":\"https:\\\/\\\/schema.org\",\"@graph\":[{\"@type\":\"Article\",\"@id\":\"https:\\\/\\\/blog.saocamilo-sp.br\\\/index.php\\\/2023\\\/11\\\/14\\\/novembro-roxo-prematuros\\\/#article\",\"isPartOf\":{\"@id\":\"https:\\\/\\\/blog.saocamilo-sp.br\\\/index.php\\\/2023\\\/11\\\/14\\\/novembro-roxo-prematuros\\\/\"},\"author\":{\"name\":\"Lucas Soares Gon\u00e7alves\",\"@id\":\"https:\\\/\\\/blog.saocamilo-sp.br\\\/#\\\/schema\\\/person\\\/781135418152912d4b58f2db13a2eaf0\"},\"headline\":\"Dia Mundial da Prematuridade: docente de pediatria fala sobre a import\u00e2ncia da data\",\"datePublished\":\"2023-11-14T11:31:52+00:00\",\"dateModified\":\"2023-11-22T19:26:23+00:00\",\"mainEntityOfPage\":{\"@id\":\"https:\\\/\\\/blog.saocamilo-sp.br\\\/index.php\\\/2023\\\/11\\\/14\\\/novembro-roxo-prematuros\\\/\"},\"wordCount\":413,\"commentCount\":0,\"publisher\":{\"@id\":\"https:\\\/\\\/blog.saocamilo-sp.br\\\/#organization\"},\"image\":{\"@id\":\"https:\\\/\\\/blog.saocamilo-sp.br\\\/index.php\\\/2023\\\/11\\\/14\\\/novembro-roxo-prematuros\\\/#primaryimage\"},\"thumbnailUrl\":\"https:\\\/\\\/blog.saocamilo-sp.br\\\/wp-content\\\/uploads\\\/2023\\\/11\\\/Topo-Dia-Mundial-da-Prematuridade-1.jpg\",\"keywords\":[\"Sa\u00fade\"],\"articleSection\":[\"Cursos\",\"Sa\u00fade\"],\"inLanguage\":\"pt-BR\",\"potentialAction\":[{\"@type\":\"CommentAction\",\"name\":\"Comment\",\"target\":[\"https:\\\/\\\/blog.saocamilo-sp.br\\\/index.php\\\/2023\\\/11\\\/14\\\/novembro-roxo-prematuros\\\/#respond\"]}]},{\"@type\":\"WebPage\",\"@id\":\"https:\\\/\\\/blog.saocamilo-sp.br\\\/index.php\\\/2023\\\/11\\\/14\\\/novembro-roxo-prematuros\\\/\",\"url\":\"https:\\\/\\\/blog.saocamilo-sp.br\\\/index.php\\\/2023\\\/11\\\/14\\\/novembro-roxo-prematuros\\\/\",\"name\":\"Dia Mundial da Prematuridade: docente de pediatria fala sobre a import\u00e2ncia da data - Blog S\u00e3o Camilo\",\"isPartOf\":{\"@id\":\"https:\\\/\\\/blog.saocamilo-sp.br\\\/#website\"},\"primaryImageOfPage\":{\"@id\":\"https:\\\/\\\/blog.saocamilo-sp.br\\\/index.php\\\/2023\\\/11\\\/14\\\/novembro-roxo-prematuros\\\/#primaryimage\"},\"image\":{\"@id\":\"https:\\\/\\\/blog.saocamilo-sp.br\\\/index.php\\\/2023\\\/11\\\/14\\\/novembro-roxo-prematuros\\\/#primaryimage\"},\"thumbnailUrl\":\"https:\\\/\\\/blog.saocamilo-sp.br\\\/wp-content\\\/uploads\\\/2023\\\/11\\\/Topo-Dia-Mundial-da-Prematuridade-1.jpg\",\"datePublished\":\"2023-11-14T11:31:52+00:00\",\"dateModified\":\"2023-11-22T19:26:23+00:00\",\"description\":\"Novembro Roxo: O per\u00edodo de transi\u00e7\u00e3o do \u00fatero para o mundo externo \u00e9 uma jornada desafiadora para os beb\u00eas prematuros.\",\"breadcrumb\":{\"@id\":\"https:\\\/\\\/blog.saocamilo-sp.br\\\/index.php\\\/2023\\\/11\\\/14\\\/novembro-roxo-prematuros\\\/#breadcrumb\"},\"inLanguage\":\"pt-BR\",\"potentialAction\":[{\"@type\":\"ReadAction\",\"target\":[\"https:\\\/\\\/blog.saocamilo-sp.br\\\/index.php\\\/2023\\\/11\\\/14\\\/novembro-roxo-prematuros\\\/\"]}]},{\"@type\":\"ImageObject\",\"inLanguage\":\"pt-BR\",\"@id\":\"https:\\\/\\\/blog.saocamilo-sp.br\\\/index.php\\\/2023\\\/11\\\/14\\\/novembro-roxo-prematuros\\\/#primaryimage\",\"url\":\"https:\\\/\\\/blog.saocamilo-sp.br\\\/wp-content\\\/uploads\\\/2023\\\/11\\\/Topo-Dia-Mundial-da-Prematuridade-1.jpg\",\"contentUrl\":\"https:\\\/\\\/blog.saocamilo-sp.br\\\/wp-content\\\/uploads\\\/2023\\\/11\\\/Topo-Dia-Mundial-da-Prematuridade-1.jpg\",\"width\":768,\"height\":518},{\"@type\":\"BreadcrumbList\",\"@id\":\"https:\\\/\\\/blog.saocamilo-sp.br\\\/index.php\\\/2023\\\/11\\\/14\\\/novembro-roxo-prematuros\\\/#breadcrumb\",\"itemListElement\":[{\"@type\":\"ListItem\",\"position\":1,\"name\":\"In\u00edcio\",\"item\":\"https:\\\/\\\/blog.saocamilo-sp.br\\\/\"},{\"@type\":\"ListItem\",\"position\":2,\"name\":\"Dia Mundial da Prematuridade: docente de pediatria fala sobre a import\u00e2ncia da data\"}]},{\"@type\":\"WebSite\",\"@id\":\"https:\\\/\\\/blog.saocamilo-sp.br\\\/#website\",\"url\":\"https:\\\/\\\/blog.saocamilo-sp.br\\\/\",\"name\":\"Blog S\u00e3o Camilo\",\"description\":\"Blog do Centro Universit\u00e1rio S\u00e3o Camilo\",\"publisher\":{\"@id\":\"https:\\\/\\\/blog.saocamilo-sp.br\\\/#organization\"},\"potentialAction\":[{\"@type\":\"SearchAction\",\"target\":{\"@type\":\"EntryPoint\",\"urlTemplate\":\"https:\\\/\\\/blog.saocamilo-sp.br\\\/?s={search_term_string}\"},\"query-input\":{\"@type\":\"PropertyValueSpecification\",\"valueRequired\":true,\"valueName\":\"search_term_string\"}}],\"inLanguage\":\"pt-BR\"},{\"@type\":\"Organization\",\"@id\":\"https:\\\/\\\/blog.saocamilo-sp.br\\\/#organization\",\"name\":\"Blog S\u00e3o Camilo\",\"url\":\"https:\\\/\\\/blog.saocamilo-sp.br\\\/\",\"logo\":{\"@type\":\"ImageObject\",\"inLanguage\":\"pt-BR\",\"@id\":\"https:\\\/\\\/blog.saocamilo-sp.br\\\/#\\\/schema\\\/logo\\\/image\\\/\",\"url\":\"https:\\\/\\\/blog.saocamilo-sp.br\\\/wp-content\\\/uploads\\\/2021\\\/12\\\/cropped-vazio-logo-topo.png\",\"contentUrl\":\"https:\\\/\\\/blog.saocamilo-sp.br\\\/wp-content\\\/uploads\\\/2021\\\/12\\\/cropped-vazio-logo-topo.png\",\"width\":320,\"height\":240,\"caption\":\"Blog S\u00e3o Camilo\"},\"image\":{\"@id\":\"https:\\\/\\\/blog.saocamilo-sp.br\\\/#\\\/schema\\\/logo\\\/image\\\/\"},\"sameAs\":[\"https:\\\/\\\/www.facebook.com\\\/saocamilosp\",\"https:\\\/\\\/x.com\\\/saocamilosp\",\"https:\\\/\\\/www.linkedin.com\\\/school\\\/centro-universit-rio-s-o-camilo\\\/\"]},{\"@type\":\"Person\",\"@id\":\"https:\\\/\\\/blog.saocamilo-sp.br\\\/#\\\/schema\\\/person\\\/781135418152912d4b58f2db13a2eaf0\",\"name\":\"Lucas Soares Gon\u00e7alves\",\"image\":{\"@type\":\"ImageObject\",\"inLanguage\":\"pt-BR\",\"@id\":\"https:\\\/\\\/secure.gravatar.com\\\/avatar\\\/bcd2d703cbb48116eaac2cac8643792535238ff30b2d7ce9e16f9254ec9cae83?s=96&d=mm&r=g\",\"url\":\"https:\\\/\\\/secure.gravatar.com\\\/avatar\\\/bcd2d703cbb48116eaac2cac8643792535238ff30b2d7ce9e16f9254ec9cae83?s=96&d=mm&r=g\",\"contentUrl\":\"https:\\\/\\\/secure.gravatar.com\\\/avatar\\\/bcd2d703cbb48116eaac2cac8643792535238ff30b2d7ce9e16f9254ec9cae83?s=96&d=mm&r=g\",\"caption\":\"Lucas Soares Gon\u00e7alves\"},\"url\":\"https:\\\/\\\/blog.saocamilo-sp.br\\\/index.php\\\/author\\\/lucas-soares-goncalves\\\/\"}]}<\/script>\n<!-- \/ Yoast SEO plugin. -->","yoast_head_json":{"title":"Dia Mundial da Prematuridade: docente de pediatria fala sobre a import\u00e2ncia da data - Blog S\u00e3o Camilo","description":"Novembro Roxo: O per\u00edodo de transi\u00e7\u00e3o do \u00fatero para o mundo externo \u00e9 uma jornada desafiadora para os beb\u00eas prematuros.","robots":{"index":"index","follow":"follow","max-snippet":"max-snippet:-1","max-image-preview":"max-image-preview:large","max-video-preview":"max-video-preview:-1"},"canonical":"https:\/\/blog.saocamilo-sp.br\/index.php\/2023\/11\/14\/novembro-roxo-prematuros\/","og_locale":"pt_BR","og_type":"article","og_title":"Dia Mundial da Prematuridade: docente de pediatria fala sobre a import\u00e2ncia da data - Blog S\u00e3o Camilo","og_description":"Novembro Roxo: O per\u00edodo de transi\u00e7\u00e3o do \u00fatero para o mundo externo \u00e9 uma jornada desafiadora para os beb\u00eas prematuros.","og_url":"https:\/\/blog.saocamilo-sp.br\/index.php\/2023\/11\/14\/novembro-roxo-prematuros\/","og_site_name":"Blog S\u00e3o Camilo","article_publisher":"https:\/\/www.facebook.com\/saocamilosp","article_published_time":"2023-11-14T11:31:52+00:00","article_modified_time":"2023-11-22T19:26:23+00:00","og_image":[{"width":768,"height":518,"url":"https:\/\/blog.saocamilo-sp.br\/wp-content\/uploads\/2023\/11\/Topo-Dia-Mundial-da-Prematuridade-1.jpg","type":"image\/jpeg"}],"author":"Lucas Soares Gon\u00e7alves","twitter_card":"summary_large_image","twitter_creator":"@saocamilosp","twitter_site":"@saocamilosp","twitter_misc":{"Escrito por":"Lucas Soares Gon\u00e7alves","Est. tempo de leitura":"2 minutos"},"schema":{"@context":"https:\/\/schema.org","@graph":[{"@type":"Article","@id":"https:\/\/blog.saocamilo-sp.br\/index.php\/2023\/11\/14\/novembro-roxo-prematuros\/#article","isPartOf":{"@id":"https:\/\/blog.saocamilo-sp.br\/index.php\/2023\/11\/14\/novembro-roxo-prematuros\/"},"author":{"name":"Lucas Soares Gon\u00e7alves","@id":"https:\/\/blog.saocamilo-sp.br\/#\/schema\/person\/781135418152912d4b58f2db13a2eaf0"},"headline":"Dia Mundial da Prematuridade: docente de pediatria fala sobre a import\u00e2ncia da data","datePublished":"2023-11-14T11:31:52+00:00","dateModified":"2023-11-22T19:26:23+00:00","mainEntityOfPage":{"@id":"https:\/\/blog.saocamilo-sp.br\/index.php\/2023\/11\/14\/novembro-roxo-prematuros\/"},"wordCount":413,"commentCount":0,"publisher":{"@id":"https:\/\/blog.saocamilo-sp.br\/#organization"},"image":{"@id":"https:\/\/blog.saocamilo-sp.br\/index.php\/2023\/11\/14\/novembro-roxo-prematuros\/#primaryimage"},"thumbnailUrl":"https:\/\/blog.saocamilo-sp.br\/wp-content\/uploads\/2023\/11\/Topo-Dia-Mundial-da-Prematuridade-1.jpg","keywords":["Sa\u00fade"],"articleSection":["Cursos","Sa\u00fade"],"inLanguage":"pt-BR","potentialAction":[{"@type":"CommentAction","name":"Comment","target":["https:\/\/blog.saocamilo-sp.br\/index.php\/2023\/11\/14\/novembro-roxo-prematuros\/#respond"]}]},{"@type":"WebPage","@id":"https:\/\/blog.saocamilo-sp.br\/index.php\/2023\/11\/14\/novembro-roxo-prematuros\/","url":"https:\/\/blog.saocamilo-sp.br\/index.php\/2023\/11\/14\/novembro-roxo-prematuros\/","name":"Dia Mundial da Prematuridade: docente de pediatria fala sobre a import\u00e2ncia da data - Blog S\u00e3o Camilo","isPartOf":{"@id":"https:\/\/blog.saocamilo-sp.br\/#website"},"primaryImageOfPage":{"@id":"https:\/\/blog.saocamilo-sp.br\/index.php\/2023\/11\/14\/novembro-roxo-prematuros\/#primaryimage"},"image":{"@id":"https:\/\/blog.saocamilo-sp.br\/index.php\/2023\/11\/14\/novembro-roxo-prematuros\/#primaryimage"},"thumbnailUrl":"https:\/\/blog.saocamilo-sp.br\/wp-content\/uploads\/2023\/11\/Topo-Dia-Mundial-da-Prematuridade-1.jpg","datePublished":"2023-11-14T11:31:52+00:00","dateModified":"2023-11-22T19:26:23+00:00","description":"Novembro Roxo: O per\u00edodo de transi\u00e7\u00e3o do \u00fatero para o mundo externo \u00e9 uma jornada desafiadora para os beb\u00eas prematuros.","breadcrumb":{"@id":"https:\/\/blog.saocamilo-sp.br\/index.php\/2023\/11\/14\/novembro-roxo-prematuros\/#breadcrumb"},"inLanguage":"pt-BR","potentialAction":[{"@type":"ReadAction","target":["https:\/\/blog.saocamilo-sp.br\/index.php\/2023\/11\/14\/novembro-roxo-prematuros\/"]}]},{"@type":"ImageObject","inLanguage":"pt-BR","@id":"https:\/\/blog.saocamilo-sp.br\/index.php\/2023\/11\/14\/novembro-roxo-prematuros\/#primaryimage","url":"https:\/\/blog.saocamilo-sp.br\/wp-content\/uploads\/2023\/11\/Topo-Dia-Mundial-da-Prematuridade-1.jpg","contentUrl":"https:\/\/blog.saocamilo-sp.br\/wp-content\/uploads\/2023\/11\/Topo-Dia-Mundial-da-Prematuridade-1.jpg","width":768,"height":518},{"@type":"BreadcrumbList","@id":"https:\/\/blog.saocamilo-sp.br\/index.php\/2023\/11\/14\/novembro-roxo-prematuros\/#breadcrumb","itemListElement":[{"@type":"ListItem","position":1,"name":"In\u00edcio","item":"https:\/\/blog.saocamilo-sp.br\/"},{"@type":"ListItem","position":2,"name":"Dia Mundial da Prematuridade: docente de pediatria fala sobre a import\u00e2ncia da data"}]},{"@type":"WebSite","@id":"https:\/\/blog.saocamilo-sp.br\/#website","url":"https:\/\/blog.saocamilo-sp.br\/","name":"Blog S\u00e3o Camilo","description":"Blog do Centro Universit\u00e1rio S\u00e3o Camilo","publisher":{"@id":"https:\/\/blog.saocamilo-sp.br\/#organization"},"potentialAction":[{"@type":"SearchAction","target":{"@type":"EntryPoint","urlTemplate":"https:\/\/blog.saocamilo-sp.br\/?s={search_term_string}"},"query-input":{"@type":"PropertyValueSpecification","valueRequired":true,"valueName":"search_term_string"}}],"inLanguage":"pt-BR"},{"@type":"Organization","@id":"https:\/\/blog.saocamilo-sp.br\/#organization","name":"Blog S\u00e3o Camilo","url":"https:\/\/blog.saocamilo-sp.br\/","logo":{"@type":"ImageObject","inLanguage":"pt-BR","@id":"https:\/\/blog.saocamilo-sp.br\/#\/schema\/logo\/image\/","url":"https:\/\/blog.saocamilo-sp.br\/wp-content\/uploads\/2021\/12\/cropped-vazio-logo-topo.png","contentUrl":"https:\/\/blog.saocamilo-sp.br\/wp-content\/uploads\/2021\/12\/cropped-vazio-logo-topo.png","width":320,"height":240,"caption":"Blog S\u00e3o Camilo"},"image":{"@id":"https:\/\/blog.saocamilo-sp.br\/#\/schema\/logo\/image\/"},"sameAs":["https:\/\/www.facebook.com\/saocamilosp","https:\/\/x.com\/saocamilosp","https:\/\/www.linkedin.com\/school\/centro-universit-rio-s-o-camilo\/"]},{"@type":"Person","@id":"https:\/\/blog.saocamilo-sp.br\/#\/schema\/person\/781135418152912d4b58f2db13a2eaf0","name":"Lucas Soares Gon\u00e7alves","image":{"@type":"ImageObject","inLanguage":"pt-BR","@id":"https:\/\/secure.gravatar.com\/avatar\/bcd2d703cbb48116eaac2cac8643792535238ff30b2d7ce9e16f9254ec9cae83?s=96&d=mm&r=g","url":"https:\/\/secure.gravatar.com\/avatar\/bcd2d703cbb48116eaac2cac8643792535238ff30b2d7ce9e16f9254ec9cae83?s=96&d=mm&r=g","contentUrl":"https:\/\/secure.gravatar.com\/avatar\/bcd2d703cbb48116eaac2cac8643792535238ff30b2d7ce9e16f9254ec9cae83?s=96&d=mm&r=g","caption":"Lucas Soares Gon\u00e7alves"},"url":"https:\/\/blog.saocamilo-sp.br\/index.php\/author\/lucas-soares-goncalves\/"}]}},"_links":{"self":[{"href":"https:\/\/blog.saocamilo-sp.br\/index.php\/wp-json\/wp\/v2\/posts\/1952","targetHints":{"allow":["GET"]}}],"collection":[{"href":"https:\/\/blog.saocamilo-sp.br\/index.php\/wp-json\/wp\/v2\/posts"}],"about":[{"href":"https:\/\/blog.saocamilo-sp.br\/index.php\/wp-json\/wp\/v2\/types\/post"}],"author":[{"embeddable":true,"href":"https:\/\/blog.saocamilo-sp.br\/index.php\/wp-json\/wp\/v2\/users\/4"}],"replies":[{"embeddable":true,"href":"https:\/\/blog.saocamilo-sp.br\/index.php\/wp-json\/wp\/v2\/comments?post=1952"}],"version-history":[{"count":3,"href":"https:\/\/blog.saocamilo-sp.br\/index.php\/wp-json\/wp\/v2\/posts\/1952\/revisions"}],"predecessor-version":[{"id":1994,"href":"https:\/\/blog.saocamilo-sp.br\/index.php\/wp-json\/wp\/v2\/posts\/1952\/revisions\/1994"}],"wp:featuredmedia":[{"embeddable":true,"href":"https:\/\/blog.saocamilo-sp.br\/index.php\/wp-json\/wp\/v2\/media\/1959"}],"wp:attachment":[{"href":"https:\/\/blog.saocamilo-sp.br\/index.php\/wp-json\/wp\/v2\/media?parent=1952"}],"wp:term":[{"taxonomy":"category","embeddable":true,"href":"https:\/\/blog.saocamilo-sp.br\/index.php\/wp-json\/wp\/v2\/categories?post=1952"},{"taxonomy":"post_tag","embeddable":true,"href":"https:\/\/blog.saocamilo-sp.br\/index.php\/wp-json\/wp\/v2\/tags?post=1952"}],"curies":[{"name":"wp","href":"https:\/\/api.w.org\/{rel}","templated":true}]}}