{"id":1965,"date":"2023-11-22T16:25:08","date_gmt":"2023-11-22T19:25:08","guid":{"rendered":"https:\/\/blog.saocamilo-sp.br\/?p=1965"},"modified":"2023-11-25T18:19:06","modified_gmt":"2023-11-25T21:19:06","slug":"viii-congresso-multiprofissional-da-sao-camilo-uma-celebracao-da-pesquisa","status":"publish","type":"post","link":"https:\/\/blog.saocamilo-sp.br\/index.php\/2023\/11\/22\/viii-congresso-multiprofissional-da-sao-camilo-uma-celebracao-da-pesquisa\/","title":{"rendered":"VIII Congresso Multiprofissional da S\u00e3o Camilo: uma celebra\u00e7\u00e3o da pesquisa"},"content":{"rendered":"\n<p>Durante os dias 6, 7 e 8 de novembro, o <a href=\"https:\/\/saocamilo-sp.br\/\" target=\"_blank\" rel=\"noreferrer noopener\">Centro Universit\u00e1rio S\u00e3o Camilo<\/a> celebrou a oitava edi\u00e7\u00e3o do seu renomado Congresso Multiprofissional. Com o tema &#8220;Impactos da Transforma\u00e7\u00e3o Digital e Tecnologias Emergentes&#8221;, o evento foi um sucesso, marcado por incr\u00edveis palestras, apresenta\u00e7\u00f5es cient\u00edficas inovadoras e uma atmosfera enriquecedora para todos os participantes.<\/p>\n\n\n\n<p><\/p>\n\n\n\n<figure class=\"wp-block-gallery has-nested-images columns-default is-cropped wp-block-gallery-1 is-layout-flex wp-block-gallery-is-layout-flex\">\n<figure class=\"wp-block-image size-large\"><img loading=\"lazy\" decoding=\"async\" width=\"4000\" height=\"2250\" data-id=\"1984\" src=\"https:\/\/blog.saocamilo-sp.br\/wp-content\/uploads\/2023\/11\/20231108_200949.jpg\" alt=\"\" class=\"wp-image-1984\"\/><\/figure>\n\n\n\n<figure class=\"wp-block-image size-large\"><img loading=\"lazy\" decoding=\"async\" width=\"6000\" height=\"4000\" data-id=\"1990\" src=\"https:\/\/blog.saocamilo-sp.br\/wp-content\/uploads\/2023\/11\/IMG_1717.jpg\" alt=\"\" class=\"wp-image-1990\"\/><\/figure>\n\n\n\n<figure class=\"wp-block-image size-large\"><img loading=\"lazy\" decoding=\"async\" width=\"6000\" height=\"4000\" data-id=\"1970\" src=\"https:\/\/blog.saocamilo-sp.br\/wp-content\/uploads\/2023\/11\/IMG_1744-1.jpg\" alt=\"\" class=\"wp-image-1970\"\/><\/figure>\n\n\n\n<figure class=\"wp-block-image size-large\"><img loading=\"lazy\" decoding=\"async\" width=\"6000\" height=\"4000\" data-id=\"1972\" src=\"https:\/\/blog.saocamilo-sp.br\/wp-content\/uploads\/2023\/11\/IMG_1791.jpg\" alt=\"\" class=\"wp-image-1972\"\/><\/figure>\n\n\n\n<figure class=\"wp-block-image size-large\"><img loading=\"lazy\" decoding=\"async\" width=\"6000\" height=\"4000\" data-id=\"1989\" src=\"https:\/\/blog.saocamilo-sp.br\/wp-content\/uploads\/2023\/11\/IMG_1820.jpg\" alt=\"\" class=\"wp-image-1989\"\/><\/figure>\n\n\n\n<figure class=\"wp-block-image size-large\"><img loading=\"lazy\" decoding=\"async\" width=\"6000\" height=\"4000\" data-id=\"1991\" src=\"https:\/\/blog.saocamilo-sp.br\/wp-content\/uploads\/2023\/11\/IMG_1891.jpg\" alt=\"\" class=\"wp-image-1991\"\/><\/figure>\n\n\n\n<figure class=\"wp-block-image size-large\"><img loading=\"lazy\" decoding=\"async\" width=\"6000\" height=\"4000\" data-id=\"1992\" src=\"https:\/\/blog.saocamilo-sp.br\/wp-content\/uploads\/2023\/11\/IMG_1908.jpg\" alt=\"\" class=\"wp-image-1992\"\/><\/figure>\n\n\n\n<figure class=\"wp-block-image size-large\"><img loading=\"lazy\" decoding=\"async\" width=\"6000\" height=\"4000\" data-id=\"1969\" src=\"https:\/\/blog.saocamilo-sp.br\/wp-content\/uploads\/2023\/11\/IMG_1916.jpg\" alt=\"\" class=\"wp-image-1969\"\/><\/figure>\n\n\n\n<figure class=\"wp-block-image size-large\"><img loading=\"lazy\" decoding=\"async\" width=\"6000\" height=\"4000\" data-id=\"1968\" src=\"https:\/\/blog.saocamilo-sp.br\/wp-content\/uploads\/2023\/11\/IMG_1921.jpg\" alt=\"\" class=\"wp-image-1968\"\/><\/figure>\n\n\n\n<figure class=\"wp-block-image size-large\"><img loading=\"lazy\" decoding=\"async\" width=\"6000\" height=\"4000\" data-id=\"1971\" src=\"https:\/\/blog.saocamilo-sp.br\/wp-content\/uploads\/2023\/11\/IMG_1945.jpg\" alt=\"\" class=\"wp-image-1971\"\/><\/figure>\n\n\n\n<figure class=\"wp-block-image size-large\"><img loading=\"lazy\" decoding=\"async\" width=\"6000\" height=\"4000\" data-id=\"1973\" src=\"https:\/\/blog.saocamilo-sp.br\/wp-content\/uploads\/2023\/11\/IMG_1960.jpg\" alt=\"\" class=\"wp-image-1973\"\/><\/figure>\n\n\n\n<figure class=\"wp-block-image size-large\"><img loading=\"lazy\" decoding=\"async\" width=\"6000\" height=\"4000\" data-id=\"1974\" src=\"https:\/\/blog.saocamilo-sp.br\/wp-content\/uploads\/2023\/11\/IMG_1963.jpg\" alt=\"\" class=\"wp-image-1974\"\/><\/figure>\n\n\n\n<figure class=\"wp-block-image size-large\"><img loading=\"lazy\" decoding=\"async\" width=\"6000\" height=\"4000\" data-id=\"1976\" src=\"https:\/\/blog.saocamilo-sp.br\/wp-content\/uploads\/2023\/11\/IMG_1967.jpg\" alt=\"\" class=\"wp-image-1976\"\/><\/figure>\n\n\n\n<figure class=\"wp-block-image size-large\"><img loading=\"lazy\" decoding=\"async\" width=\"6000\" height=\"4000\" data-id=\"1975\" src=\"https:\/\/blog.saocamilo-sp.br\/wp-content\/uploads\/2023\/11\/IMG_1993.jpg\" alt=\"\" class=\"wp-image-1975\"\/><\/figure>\n\n\n\n<figure class=\"wp-block-image size-large\"><img loading=\"lazy\" decoding=\"async\" width=\"6000\" height=\"4000\" data-id=\"1977\" src=\"https:\/\/blog.saocamilo-sp.br\/wp-content\/uploads\/2023\/11\/IMG_1999.jpg\" alt=\"\" class=\"wp-image-1977\"\/><\/figure>\n\n\n\n<figure class=\"wp-block-image size-large\"><img loading=\"lazy\" decoding=\"async\" width=\"6000\" height=\"4000\" data-id=\"1981\" src=\"https:\/\/blog.saocamilo-sp.br\/wp-content\/uploads\/2023\/11\/IMG_2017.jpg\" alt=\"\" class=\"wp-image-1981\"\/><\/figure>\n\n\n\n<figure class=\"wp-block-image size-large\"><img loading=\"lazy\" decoding=\"async\" width=\"6000\" height=\"4000\" data-id=\"1978\" src=\"https:\/\/blog.saocamilo-sp.br\/wp-content\/uploads\/2023\/11\/IMG_2063.jpg\" alt=\"\" class=\"wp-image-1978\"\/><\/figure>\n\n\n\n<figure class=\"wp-block-image size-large\"><img loading=\"lazy\" decoding=\"async\" width=\"6000\" height=\"4000\" data-id=\"1979\" src=\"https:\/\/blog.saocamilo-sp.br\/wp-content\/uploads\/2023\/11\/IMG_2064.jpg\" alt=\"\" class=\"wp-image-1979\"\/><\/figure>\n\n\n\n<figure class=\"wp-block-image size-large\"><img loading=\"lazy\" decoding=\"async\" width=\"6000\" height=\"4000\" data-id=\"1982\" src=\"https:\/\/blog.saocamilo-sp.br\/wp-content\/uploads\/2023\/11\/IMG_2065.jpg\" alt=\"\" class=\"wp-image-1982\"\/><\/figure>\n\n\n\n<figure class=\"wp-block-image size-large\"><img loading=\"lazy\" decoding=\"async\" width=\"6000\" height=\"4000\" data-id=\"1985\" src=\"https:\/\/blog.saocamilo-sp.br\/wp-content\/uploads\/2023\/11\/IMG_2082.jpg\" alt=\"\" class=\"wp-image-1985\"\/><\/figure>\n\n\n\n<figure class=\"wp-block-image size-large\"><img loading=\"lazy\" decoding=\"async\" width=\"4608\" height=\"3072\" data-id=\"1980\" src=\"https:\/\/blog.saocamilo-sp.br\/wp-content\/uploads\/2023\/11\/IMG_9663.jpg\" alt=\"\" class=\"wp-image-1980\"\/><\/figure>\n\n\n\n<figure class=\"wp-block-image size-large\"><img loading=\"lazy\" decoding=\"async\" width=\"4608\" height=\"3072\" data-id=\"1983\" src=\"https:\/\/blog.saocamilo-sp.br\/wp-content\/uploads\/2023\/11\/IMG_9679.jpg\" alt=\"\" class=\"wp-image-1983\"\/><\/figure>\n\n\n\n<figure class=\"wp-block-image size-large\"><img loading=\"lazy\" decoding=\"async\" width=\"4608\" height=\"3072\" data-id=\"1988\" src=\"https:\/\/blog.saocamilo-sp.br\/wp-content\/uploads\/2023\/11\/IMG_9683.jpg\" alt=\"\" class=\"wp-image-1988\"\/><\/figure>\n\n\n\n<figure class=\"wp-block-image size-large\"><img loading=\"lazy\" decoding=\"async\" width=\"4608\" height=\"3072\" data-id=\"1986\" src=\"https:\/\/blog.saocamilo-sp.br\/wp-content\/uploads\/2023\/11\/IMG_9725.jpg\" alt=\"\" class=\"wp-image-1986\"\/><\/figure>\n\n\n\n<figure class=\"wp-block-image size-large\"><img loading=\"lazy\" decoding=\"async\" width=\"4608\" height=\"3072\" data-id=\"1987\" src=\"https:\/\/blog.saocamilo-sp.br\/wp-content\/uploads\/2023\/11\/IMG_9843.jpg\" alt=\"\" class=\"wp-image-1987\"\/><\/figure>\n\n\n\n<figure class=\"wp-block-image size-large\"><img loading=\"lazy\" decoding=\"async\" width=\"4608\" height=\"3072\" data-id=\"1967\" src=\"https:\/\/blog.saocamilo-sp.br\/wp-content\/uploads\/2023\/11\/IMG_9845.jpg\" alt=\"\" class=\"wp-image-1967\"\/><\/figure>\n<\/figure>\n\n\n\n<p><\/p>\n\n\n\n<h2 class=\"wp-block-heading\">Palavra da Coordenadora do Congresso Multiprofissional<\/h2>\n\n\n\n<figure class=\"wp-block-pullquote\"><blockquote><p>O VIII Congresso Multiprofissional do Centro Universit\u00e1rio S\u00e3o Camilo contou com uma programa\u00e7\u00e3o extensa de palestras, oficinas e mesas redondas que discutiram a transforma\u00e7\u00e3o digital e tecnologias emergentes de uma forma que os profissionais e futuros profissionais conseguiram compreender a integra\u00e7\u00e3o de tudo isso com os seus processos de trabalho, sobretudo no que concerne \u00e0 assist\u00eancia \u00e0 sa\u00fade, nas mais diversas \u00e1reas, para otimiza\u00e7\u00e3o e automa\u00e7\u00e3o dos processos que s\u00e3o poss\u00edveis, de forma que o atendimento humanizado e individualizado, que agrega valor ao usu\u00e1rio do servi\u00e7o de sa\u00fade, seja ainda mais valorizado.<br><br>Os trabalhos cient\u00edficos apresentados expressaram a produ\u00e7\u00e3o cient\u00edfica e as experi\u00eancias dos nossos discentes e docentes da gradua\u00e7\u00e3o, p\u00f3s-gradua\u00e7\u00e3o e do Col\u00e9gio, como um dos pilares da ci\u00eancia e da forma\u00e7\u00e3o na nossa institui\u00e7\u00e3o.<\/p><cite>Profa. Dra. Ana Claudia Alc\u00e2ntara Garzin &#8211; coordenadora do viii congresso multiprofissional <br>do centro universit\u00e1rio s\u00e3o camilo<\/cite><\/blockquote><\/figure>\n\n\n\n<h2 class=\"wp-block-heading\"><strong>Transforma\u00e7\u00e3o Digital em Foco<\/strong><\/h2>\n\n\n\n<p>O Congresso Multiprofissional abriu suas portas com uma palestra magistral de Luciano Pasqualini, Gerente de Vendas Senior na \u00e1rea financeira e de telefonia, que explorou os desafios da transforma\u00e7\u00e3o digital. Esta apresenta\u00e7\u00e3o cativante estabeleceu o tom para as discuss\u00f5es profundas que se seguiram ao longo do evento.<\/p>\n\n\n\n<p><\/p>\n\n\n\n<h2 class=\"wp-block-heading\">Diversidade de Atividades no Congresso Multiprofissional<\/h2>\n\n\n\n<p>A variedade foi a palavra de ordem, com simp\u00f3sios, cursos, mesas redondas e palestras envolvendo profissionais e pesquisadores renomados. N\u00e3o apenas presencialmente, no campus Ipiranga, mas tamb\u00e9m virtualmente, gra\u00e7as \u00e0 transmiss\u00e3o no YouTube, permitindo que um p\u00fablico mais amplo mergulhasse nas ricas discuss\u00f5es e insights compartilhados.<br><br>Confira as palestras que est\u00e3o dispon\u00edveis na \u00edntegra em nosso canal no YouTube:<\/p>\n\n\n\n<figure class=\"wp-block-embed is-type-video is-provider-youtube wp-block-embed-youtube wp-embed-aspect-16-9 wp-has-aspect-ratio\"><div class=\"wp-block-embed__wrapper\">\n<iframe loading=\"lazy\" title=\"Talk - Transforma\u00e7\u00e3o digital\" width=\"676\" height=\"380\" src=\"https:\/\/www.youtube.com\/embed\/rjhGcBg2nnA?feature=oembed\" frameborder=\"0\" allow=\"accelerometer; autoplay; clipboard-write; encrypted-media; gyroscope; picture-in-picture; web-share\" allowfullscreen><\/iframe>\n<\/div><figcaption class=\"wp-element-caption\"><strong>Talk &#8211; Transforma\u00e7\u00e3o digital &#8211; Prof. Me. Gilberto Back e Esp. Heitor Ruiz Leonel<\/strong><\/figcaption><\/figure>\n\n\n\n<figure class=\"wp-block-embed is-type-video is-provider-youtube wp-block-embed-youtube wp-embed-aspect-16-9 wp-has-aspect-ratio\"><div class=\"wp-block-embed__wrapper\">\n<iframe loading=\"lazy\" title=\"Mesa Redonda \u2013 Intelig\u00eancia artificial, Blockchain e Metaverso: um debate sobre suas aplicabilidades\" width=\"676\" height=\"380\" src=\"https:\/\/www.youtube.com\/embed\/Tv73Yck99L8?feature=oembed\" frameborder=\"0\" allow=\"accelerometer; autoplay; clipboard-write; encrypted-media; gyroscope; picture-in-picture; web-share\" allowfullscreen><\/iframe>\n<\/div><figcaption class=\"wp-element-caption\"><strong>Mesa Redonda \u2013 Intelig\u00eancia artificial, Blockchain e Metaverso: um debate sobre suas aplicabilidades &#8211; Carlos Jos\u00e9 Carneiro Junior (moderador), Vin\u00edcius Machado, Pedro Brocaldi e Ricardo Zago<\/strong><\/figcaption><\/figure>\n\n\n\n<figure class=\"wp-block-embed is-type-video is-provider-youtube wp-block-embed-youtube wp-embed-aspect-16-9 wp-has-aspect-ratio\"><div class=\"wp-block-embed__wrapper\">\n<iframe loading=\"lazy\" title=\"Mesa redonda \u2013 Seguran\u00e7a digital e inova\u00e7\u00f5es\" width=\"676\" height=\"380\" src=\"https:\/\/www.youtube.com\/embed\/ygPuVjhsxzc?feature=oembed\" frameborder=\"0\" allow=\"accelerometer; autoplay; clipboard-write; encrypted-media; gyroscope; picture-in-picture; web-share\" allowfullscreen><\/iframe>\n<\/div><figcaption class=\"wp-element-caption\"><strong>Mesa redonda \u2013 Seguran\u00e7a digital e inova\u00e7\u00f5es &#8211; Esp. D\u00eanis Rodrigo de Lima TI \u2013 LGPD, Profa Dra. Marina de Neiva Borba \u2013 Direito, Profa. Me. Daniela Sakumoto Sriubas \u2013 Inova\u00e7\u00e3o Tecnol\u00f3gica, Profa. Dra. Josy Davidson (moderadora)<\/strong><\/figcaption><\/figure>\n\n\n\n<figure class=\"wp-block-embed is-type-video is-provider-youtube wp-block-embed-youtube wp-embed-aspect-16-9 wp-has-aspect-ratio\"><div class=\"wp-block-embed__wrapper\">\n<iframe loading=\"lazy\" title=\"Uso das tecnologias para o desenvolvimento de pessoas\" width=\"676\" height=\"380\" src=\"https:\/\/www.youtube.com\/embed\/X9vhtiszTMw?feature=oembed\" frameborder=\"0\" allow=\"accelerometer; autoplay; clipboard-write; encrypted-media; gyroscope; picture-in-picture; web-share\" allowfullscreen><\/iframe>\n<\/div><figcaption class=\"wp-element-caption\"><strong>Uso das tecnologias para o desenvolvimento de pessoas &#8211; Esp. Andr\u00e9 S. Barros<\/strong><\/figcaption><\/figure>\n\n\n\n<figure class=\"wp-block-embed is-type-video is-provider-youtube wp-block-embed-youtube wp-embed-aspect-16-9 wp-has-aspect-ratio\"><div class=\"wp-block-embed__wrapper\">\n<iframe loading=\"lazy\" title=\"Mesa redonda - Sistema COEP\/CEUA \/CPQ\" width=\"676\" height=\"380\" src=\"https:\/\/www.youtube.com\/embed\/pS4aldBil74?feature=oembed\" frameborder=\"0\" allow=\"accelerometer; autoplay; clipboard-write; encrypted-media; gyroscope; picture-in-picture; web-share\" allowfullscreen><\/iframe>\n<\/div><figcaption class=\"wp-element-caption\"><strong>Mesa redonda &#8211; Sistema COEP\/CEUA \/CPQ (F\u00e1bio Mitsuo e Renato Borges Tesser) \u2013 Adriana Peloggia (moderadora)<\/strong><\/figcaption><\/figure>\n\n\n\n<p><\/p>\n\n\n\n<h2 class=\"wp-block-heading\">Congresso Multiprofissional destaca a ci\u00eancia<\/h2>\n\n\n\n<p>A apresenta\u00e7\u00e3o de trabalhos cient\u00edficos foi o destaque do Congresso Multiprofissional. Pesquisadores internos e externos compartilharam seus estudos inovadores em sess\u00f5es de p\u00f4steres e apresenta\u00e7\u00f5es orais, proporcionando um ambiente prop\u00edcio para a troca de conhecimento e o fomento de ideias.<\/p>\n\n\n\n<p><\/p>\n\n\n\n<h2 class=\"wp-block-heading\">Talentos Reconhecidos no Congresso Multiprofissional<\/h2>\n\n\n\n<p>O evento tamb\u00e9m foi palco do reconhecimento de trabalhos excepcionais, com destaques nas categorias Estudante e Profissional<\/p>\n\n\n\n<p>Confira a rela\u00e7\u00e3o completa dos trabalhos ganhadores:<\/p>\n\n\n\n<p><strong>Categoria Estudante<\/strong><br><strong>1\u00ba Lugar \u2013<\/strong> Autores: Lucas X. Busin e Ana Julia T. de Souza, orientador Iuri Fioratti, o trabalho \u201cUSO DA TERAPIA DO ESPELHO NA DOR DO MEMBRO FANTASMA AP\u00d3S AMPUTA\u00c7\u00c3O UNILATERAL\u201d.<br><strong>2\u00ba Lugar \u2013<\/strong> Autoras: Juliana A. da Silva e Tha\u00edsa A. Gon\u00e7alves, orientadora Fatima F. Fitz, o trabalho \u201cRELA\u00c7\u00c3O ENTRE A COMPOSI\u00c7\u00c3O CORPORAL E A FUN\u00c7\u00c3O DOS M\u00daSCULOS DO ASSOALHO P\u00c9LVICO EM MULHERES COM INCONTIN\u00caNCIA URIN\u00c1RIA\u201d.<br><strong>3\u00ba Lugar \u2013<\/strong> Autores: Karoline R. Saleh, Fl\u00e1via S. M. Gon\u00e7alves e Maria V. R. Velasco, orientadora Michelli F. Dario, o trabalho \u201cXAMPU ANTICASPA ADITIVADO COM EXTRATO DE AROEIRA-VERMELHA (SCHINNUS TEREBINTHIFOLIUS RADDI): CARACTERIZA\u00c7\u00c3O E AVALIA\u00c7\u00c3O DE ESTABILID\u201d.<br><strong>3\u00ba Lugar \u2013 <\/strong>Autores: Maria Luisa I. M. de Carvalho e Isabela K. Inacio, orientadora Francine Lopes B. Gondo, o trabalho \u201cLES\u00d5ES MUSCULOESQUEL\u00c9TICAS EM MULHERES PRATICANTES DE FUTEV\u00d4LEI\u201d.<\/p>\n\n\n\n<p><strong>Categoria Profissional<\/strong><br><strong>1\u00ba Lugar \u2013<\/strong> Autoras: Luciane V. Barreto de Carvalho, Carolina N. Fernandes, Neiva de A. Salmeron, Julia T. Nicolosi e Alessandra B. L. Rocha, o trabalho \u201cO USO DE JOGOS VOLTADOS PARA RCP, COMO FERRAMENTA DE ENSINO E APRENDIZAGEM PARA CRIAN\u00c7AS DE 7 A 12 ANOS\u201d.<br><strong>2\u00ba Lugar \u2013<\/strong> Autores: Rodrigo Leite da Silva, Marjorie M. Marine e Souza, Jeane B. Facioli e Ana Yara S. Gomes, o trabalho \u201cAVALIA\u00c7\u00c3O EM CEN\u00c1RIOS PR\u00c9 E P\u00d3S-PAMDEMIA POR MEIO DO INSTRUMENTO TESTE-PROGRESSO NO CURSO DE BIOMEDICINA\u201d.<br><strong>3\u00ba Lugar \u2013<\/strong> Autores: Vanessa Silva G. dos Santos e Ana Paula de Q.Mello, o trabalho \u201cDESENVOLVIMENTO DO CONTE\u00daDO DE UM PROT\u00d3TIPO DE APLICATIVO PARA ADOLESCENTES VEGETARIANOS\u201d.<\/p>\n\n\n\n<p><strong>Pr\u00eamio Cientista Camiliano- Prof. Dr. Pe. Leocir Pessini (categoria estudante)<\/strong><br>\u201cATIVIDADE ANTIOXIDANTE E ESTABILIDADE DE FORMULA\u00c7\u00d5ES COM O EXTRATO DE MANGIFERA INDICA L\u201d, autora Sandy Ji, orientadora Fl\u00e1via S. M. Gon\u00e7alves.<\/p>\n\n\n\n<p><strong>Pr\u00eamio Cientista Camiliano &#8211; Prof. Dr. Pe. Christian de Paul de Barchifontaine (categoria profissional)<\/strong><br>\u201cS\u00cdNDROME METAB\u00d3LICA, CONSUMO DE ALIMENTOS ULTRAPROCESSADOS E BEBIDAS ADO\u00c7ADAS EM CRIAN\u00c7AS E ADOLESCENTES COM EXCESSO DE PESO\u201d, autores Ingrid K. M. Salustriano, V\u00e2nia de F. T. Fernandes, Guido de Paula C. Neto, Carolina C. Figueiredo, Nara M. de A. Evangelista, orientadora Deborah C. L. Masquio.<\/p>\n\n\n\n<p><\/p>\n\n\n\n<h2 class=\"wp-block-heading\">Orgulho Cient\u00edfico<\/h2>\n\n\n\n<p>O Centro Universit\u00e1rio S\u00e3o Camilo se orgulha de ser um catalisador para a ci\u00eancia e de promover eventos que elevam o conhecimento. O congresso deste ano reafirmou o compromisso da institui\u00e7\u00e3o em ser um farol de aprendizado e inova\u00e7\u00e3o, proporcionando uma plataforma para a converg\u00eancia de mentes brilhantes. Em resumo, o VIII Congresso Multiprofissional foi uma jornada enriquecedora que transcendeu as fronteiras do conhecimento, destacando-se como um marco na trajet\u00f3ria da S\u00e3o Camilo consolidando a excel\u00eancia acad\u00eamica e cient\u00edfica da Institui\u00e7\u00e3o.<\/p>\n\n\n\n<p>Veja tamb\u00e9m:<\/p>\n\n\n\n<p><a href=\"https:\/\/blog.saocamilo-sp.br\/index.php\/2023\/09\/22\/desbravando-o-futuro-viii-congresso-multiprofissional-transformacao-digital-e-tecnologias-emergentes\/\">VIII Congresso Multi \u2013 Transforma\u00e7\u00e3o Digital e Tecnologias Emergentes<\/a><\/p>\n\n\n\n<p>Saiba mais sobre nossos cursos:<\/p>\n\n\n\n<iframe loading=\"lazy\" src=\"https:\/\/saocamilo.apprbs.com.br\/tenho-interesse-blog\" height=\"530px\" width=\"100%\" frameborder=\"0\"><\/iframe>\n\n\n\n<p>Compartilhe em:<\/p>\n","protected":false},"excerpt":{"rendered":"<p>O evento foi um sucesso, marcado por incr\u00edveis palestras, apresenta\u00e7\u00f5es cient\u00edficas inovadoras e uma atmosfera enriquecedora para todos os participantes.<\/p>\n","protected":false},"author":13,"featured_media":1966,"comment_status":"open","ping_status":"open","sticky":false,"template":"","format":"standard","meta":{"cybocfi_hide_featured_image":"yes","footnotes":""},"categories":[91],"tags":[120,74],"class_list":["post-1965","post","type-post","status-publish","format-standard","has-post-thumbnail","hentry","category-institucional","tag-evento","tag-institucional"],"yoast_head":"<!-- This site is optimized with the Yoast SEO plugin v27.4 - https:\/\/yoast.com\/product\/yoast-seo-wordpress\/ -->\n<title>VIII Congresso Multiprofissional da S\u00e3o Camilo: uma celebra\u00e7\u00e3o da pesquisa<\/title>\n<meta name=\"description\" content=\"Com o tema &quot;Impactos da Transforma\u00e7\u00e3o Digital e Tecnologias Emergentes&quot;, o Congresso Multiprofissional foi um sucesso, marcado por incr\u00edveis palestras, apresenta\u00e7\u00f5es cient\u00edficas inovadoras e uma atmosfera enriquecedora para todos os participantes.\" \/>\n<meta name=\"robots\" content=\"index, follow, max-snippet:-1, max-image-preview:large, max-video-preview:-1\" \/>\n<link rel=\"canonical\" href=\"https:\/\/blog.saocamilo-sp.br\/index.php\/2023\/11\/22\/viii-congresso-multiprofissional-da-sao-camilo-uma-celebracao-da-pesquisa\/\" \/>\n<meta property=\"og:locale\" content=\"pt_BR\" \/>\n<meta property=\"og:type\" content=\"article\" \/>\n<meta property=\"og:title\" content=\"VIII Congresso Multiprofissional da S\u00e3o Camilo: uma celebra\u00e7\u00e3o da pesquisa\" \/>\n<meta property=\"og:description\" content=\"Com o tema &quot;Impactos da Transforma\u00e7\u00e3o Digital e Tecnologias Emergentes&quot;, o Congresso Multiprofissional foi um sucesso, marcado por incr\u00edveis palestras, apresenta\u00e7\u00f5es cient\u00edficas inovadoras e uma atmosfera enriquecedora para todos os participantes.\" \/>\n<meta property=\"og:url\" content=\"https:\/\/blog.saocamilo-sp.br\/index.php\/2023\/11\/22\/viii-congresso-multiprofissional-da-sao-camilo-uma-celebracao-da-pesquisa\/\" \/>\n<meta property=\"og:site_name\" content=\"Blog S\u00e3o Camilo\" \/>\n<meta property=\"article:publisher\" content=\"https:\/\/www.facebook.com\/saocamilosp\" \/>\n<meta property=\"article:published_time\" content=\"2023-11-22T19:25:08+00:00\" \/>\n<meta property=\"article:modified_time\" content=\"2023-11-25T21:19:06+00:00\" \/>\n<meta property=\"og:image\" content=\"https:\/\/blog.saocamilo-sp.br\/wp-content\/uploads\/2023\/11\/IMG_1744.jpg\" \/>\n\t<meta property=\"og:image:width\" content=\"676\" \/>\n\t<meta property=\"og:image:height\" content=\"451\" \/>\n\t<meta property=\"og:image:type\" content=\"image\/jpeg\" \/>\n<meta name=\"author\" content=\"Leandro Lafr\u00e1gola\" \/>\n<meta name=\"twitter:card\" content=\"summary_large_image\" \/>\n<meta name=\"twitter:creator\" content=\"@saocamilosp\" \/>\n<meta name=\"twitter:site\" content=\"@saocamilosp\" \/>\n<meta name=\"twitter:label1\" content=\"Escrito por\" \/>\n\t<meta name=\"twitter:data1\" content=\"Leandro Lafr\u00e1gola\" \/>\n\t<meta name=\"twitter:label2\" content=\"Est. tempo de leitura\" \/>\n\t<meta name=\"twitter:data2\" content=\"10 minutos\" \/>\n<script type=\"application\/ld+json\" class=\"yoast-schema-graph\">{\"@context\":\"https:\\\/\\\/schema.org\",\"@graph\":[{\"@type\":\"Article\",\"@id\":\"https:\\\/\\\/blog.saocamilo-sp.br\\\/index.php\\\/2023\\\/11\\\/22\\\/viii-congresso-multiprofissional-da-sao-camilo-uma-celebracao-da-pesquisa\\\/#article\",\"isPartOf\":{\"@id\":\"https:\\\/\\\/blog.saocamilo-sp.br\\\/index.php\\\/2023\\\/11\\\/22\\\/viii-congresso-multiprofissional-da-sao-camilo-uma-celebracao-da-pesquisa\\\/\"},\"author\":{\"name\":\"Leandro Lafr\u00e1gola\",\"@id\":\"https:\\\/\\\/blog.saocamilo-sp.br\\\/#\\\/schema\\\/person\\\/1a99645faaab0bb55105f817e866e19b\"},\"headline\":\"VIII Congresso Multiprofissional da S\u00e3o Camilo: uma celebra\u00e7\u00e3o da pesquisa\",\"datePublished\":\"2023-11-22T19:25:08+00:00\",\"dateModified\":\"2023-11-25T21:19:06+00:00\",\"mainEntityOfPage\":{\"@id\":\"https:\\\/\\\/blog.saocamilo-sp.br\\\/index.php\\\/2023\\\/11\\\/22\\\/viii-congresso-multiprofissional-da-sao-camilo-uma-celebracao-da-pesquisa\\\/\"},\"wordCount\":1076,\"commentCount\":0,\"publisher\":{\"@id\":\"https:\\\/\\\/blog.saocamilo-sp.br\\\/#organization\"},\"image\":{\"@id\":\"https:\\\/\\\/blog.saocamilo-sp.br\\\/index.php\\\/2023\\\/11\\\/22\\\/viii-congresso-multiprofissional-da-sao-camilo-uma-celebracao-da-pesquisa\\\/#primaryimage\"},\"thumbnailUrl\":\"https:\\\/\\\/blog.saocamilo-sp.br\\\/wp-content\\\/uploads\\\/2023\\\/11\\\/IMG_1744.jpg\",\"keywords\":[\"evento\",\"Institucional\"],\"articleSection\":[\"Institucional\"],\"inLanguage\":\"pt-BR\",\"potentialAction\":[{\"@type\":\"CommentAction\",\"name\":\"Comment\",\"target\":[\"https:\\\/\\\/blog.saocamilo-sp.br\\\/index.php\\\/2023\\\/11\\\/22\\\/viii-congresso-multiprofissional-da-sao-camilo-uma-celebracao-da-pesquisa\\\/#respond\"]}]},{\"@type\":\"WebPage\",\"@id\":\"https:\\\/\\\/blog.saocamilo-sp.br\\\/index.php\\\/2023\\\/11\\\/22\\\/viii-congresso-multiprofissional-da-sao-camilo-uma-celebracao-da-pesquisa\\\/\",\"url\":\"https:\\\/\\\/blog.saocamilo-sp.br\\\/index.php\\\/2023\\\/11\\\/22\\\/viii-congresso-multiprofissional-da-sao-camilo-uma-celebracao-da-pesquisa\\\/\",\"name\":\"VIII Congresso Multiprofissional da S\u00e3o Camilo: uma celebra\u00e7\u00e3o da pesquisa\",\"isPartOf\":{\"@id\":\"https:\\\/\\\/blog.saocamilo-sp.br\\\/#website\"},\"primaryImageOfPage\":{\"@id\":\"https:\\\/\\\/blog.saocamilo-sp.br\\\/index.php\\\/2023\\\/11\\\/22\\\/viii-congresso-multiprofissional-da-sao-camilo-uma-celebracao-da-pesquisa\\\/#primaryimage\"},\"image\":{\"@id\":\"https:\\\/\\\/blog.saocamilo-sp.br\\\/index.php\\\/2023\\\/11\\\/22\\\/viii-congresso-multiprofissional-da-sao-camilo-uma-celebracao-da-pesquisa\\\/#primaryimage\"},\"thumbnailUrl\":\"https:\\\/\\\/blog.saocamilo-sp.br\\\/wp-content\\\/uploads\\\/2023\\\/11\\\/IMG_1744.jpg\",\"datePublished\":\"2023-11-22T19:25:08+00:00\",\"dateModified\":\"2023-11-25T21:19:06+00:00\",\"description\":\"Com o tema \\\"Impactos da Transforma\u00e7\u00e3o Digital e Tecnologias Emergentes\\\", o Congresso Multiprofissional foi um sucesso, marcado por incr\u00edveis palestras, apresenta\u00e7\u00f5es cient\u00edficas inovadoras e uma atmosfera enriquecedora para todos os participantes.\",\"breadcrumb\":{\"@id\":\"https:\\\/\\\/blog.saocamilo-sp.br\\\/index.php\\\/2023\\\/11\\\/22\\\/viii-congresso-multiprofissional-da-sao-camilo-uma-celebracao-da-pesquisa\\\/#breadcrumb\"},\"inLanguage\":\"pt-BR\",\"potentialAction\":[{\"@type\":\"ReadAction\",\"target\":[\"https:\\\/\\\/blog.saocamilo-sp.br\\\/index.php\\\/2023\\\/11\\\/22\\\/viii-congresso-multiprofissional-da-sao-camilo-uma-celebracao-da-pesquisa\\\/\"]}]},{\"@type\":\"BreadcrumbList\",\"@id\":\"https:\\\/\\\/blog.saocamilo-sp.br\\\/index.php\\\/2023\\\/11\\\/22\\\/viii-congresso-multiprofissional-da-sao-camilo-uma-celebracao-da-pesquisa\\\/#breadcrumb\",\"itemListElement\":[{\"@type\":\"ListItem\",\"position\":1,\"name\":\"In\u00edcio\",\"item\":\"https:\\\/\\\/blog.saocamilo-sp.br\\\/\"},{\"@type\":\"ListItem\",\"position\":2,\"name\":\"VIII Congresso Multiprofissional da S\u00e3o Camilo: uma celebra\u00e7\u00e3o da pesquisa\"}]},{\"@type\":\"WebSite\",\"@id\":\"https:\\\/\\\/blog.saocamilo-sp.br\\\/#website\",\"url\":\"https:\\\/\\\/blog.saocamilo-sp.br\\\/\",\"name\":\"Blog S\u00e3o Camilo\",\"description\":\"Blog do Centro Universit\u00e1rio S\u00e3o Camilo\",\"publisher\":{\"@id\":\"https:\\\/\\\/blog.saocamilo-sp.br\\\/#organization\"},\"potentialAction\":[{\"@type\":\"SearchAction\",\"target\":{\"@type\":\"EntryPoint\",\"urlTemplate\":\"https:\\\/\\\/blog.saocamilo-sp.br\\\/?s={search_term_string}\"},\"query-input\":{\"@type\":\"PropertyValueSpecification\",\"valueRequired\":true,\"valueName\":\"search_term_string\"}}],\"inLanguage\":\"pt-BR\"},{\"@type\":\"Organization\",\"@id\":\"https:\\\/\\\/blog.saocamilo-sp.br\\\/#organization\",\"name\":\"Blog S\u00e3o Camilo\",\"url\":\"https:\\\/\\\/blog.saocamilo-sp.br\\\/\",\"logo\":{\"@type\":\"ImageObject\",\"inLanguage\":\"pt-BR\",\"@id\":\"https:\\\/\\\/blog.saocamilo-sp.br\\\/#\\\/schema\\\/logo\\\/image\\\/\",\"url\":\"https:\\\/\\\/blog.saocamilo-sp.br\\\/wp-content\\\/uploads\\\/2021\\\/12\\\/cropped-vazio-logo-topo.png\",\"contentUrl\":\"https:\\\/\\\/blog.saocamilo-sp.br\\\/wp-content\\\/uploads\\\/2021\\\/12\\\/cropped-vazio-logo-topo.png\",\"width\":320,\"height\":240,\"caption\":\"Blog S\u00e3o Camilo\"},\"image\":{\"@id\":\"https:\\\/\\\/blog.saocamilo-sp.br\\\/#\\\/schema\\\/logo\\\/image\\\/\"},\"sameAs\":[\"https:\\\/\\\/www.facebook.com\\\/saocamilosp\",\"https:\\\/\\\/x.com\\\/saocamilosp\",\"https:\\\/\\\/www.linkedin.com\\\/school\\\/centro-universit-rio-s-o-camilo\\\/\"]},{\"@type\":\"Person\",\"@id\":\"https:\\\/\\\/blog.saocamilo-sp.br\\\/#\\\/schema\\\/person\\\/1a99645faaab0bb55105f817e866e19b\",\"name\":\"Leandro Lafr\u00e1gola\",\"image\":{\"@type\":\"ImageObject\",\"inLanguage\":\"pt-BR\",\"@id\":\"https:\\\/\\\/secure.gravatar.com\\\/avatar\\\/ec4232fb8d50d80f1c672353dc4c2876490e6a0a2a33d6572c0ba1fb78f115cf?s=96&d=mm&r=g\",\"url\":\"https:\\\/\\\/secure.gravatar.com\\\/avatar\\\/ec4232fb8d50d80f1c672353dc4c2876490e6a0a2a33d6572c0ba1fb78f115cf?s=96&d=mm&r=g\",\"contentUrl\":\"https:\\\/\\\/secure.gravatar.com\\\/avatar\\\/ec4232fb8d50d80f1c672353dc4c2876490e6a0a2a33d6572c0ba1fb78f115cf?s=96&d=mm&r=g\",\"caption\":\"Leandro Lafr\u00e1gola\"},\"url\":\"https:\\\/\\\/blog.saocamilo-sp.br\\\/index.php\\\/author\\\/llafragola\\\/\"}]}<\/script>\n<!-- \/ Yoast SEO plugin. -->","yoast_head_json":{"title":"VIII Congresso Multiprofissional da S\u00e3o Camilo: uma celebra\u00e7\u00e3o da pesquisa","description":"Com o tema \"Impactos da Transforma\u00e7\u00e3o Digital e Tecnologias Emergentes\", o Congresso Multiprofissional foi um sucesso, marcado por incr\u00edveis palestras, apresenta\u00e7\u00f5es cient\u00edficas inovadoras e uma atmosfera enriquecedora para todos os participantes.","robots":{"index":"index","follow":"follow","max-snippet":"max-snippet:-1","max-image-preview":"max-image-preview:large","max-video-preview":"max-video-preview:-1"},"canonical":"https:\/\/blog.saocamilo-sp.br\/index.php\/2023\/11\/22\/viii-congresso-multiprofissional-da-sao-camilo-uma-celebracao-da-pesquisa\/","og_locale":"pt_BR","og_type":"article","og_title":"VIII Congresso Multiprofissional da S\u00e3o Camilo: uma celebra\u00e7\u00e3o da pesquisa","og_description":"Com o tema \"Impactos da Transforma\u00e7\u00e3o Digital e Tecnologias Emergentes\", o Congresso Multiprofissional foi um sucesso, marcado por incr\u00edveis palestras, apresenta\u00e7\u00f5es cient\u00edficas inovadoras e uma atmosfera enriquecedora para todos os participantes.","og_url":"https:\/\/blog.saocamilo-sp.br\/index.php\/2023\/11\/22\/viii-congresso-multiprofissional-da-sao-camilo-uma-celebracao-da-pesquisa\/","og_site_name":"Blog S\u00e3o Camilo","article_publisher":"https:\/\/www.facebook.com\/saocamilosp","article_published_time":"2023-11-22T19:25:08+00:00","article_modified_time":"2023-11-25T21:19:06+00:00","og_image":[{"url":"https:\/\/blog.saocamilo-sp.br\/wp-content\/uploads\/2023\/11\/IMG_1744.jpg","width":676,"height":451,"type":"image\/jpeg"}],"author":"Leandro Lafr\u00e1gola","twitter_card":"summary_large_image","twitter_creator":"@saocamilosp","twitter_site":"@saocamilosp","twitter_misc":{"Escrito por":"Leandro Lafr\u00e1gola","Est. tempo de leitura":"10 minutos"},"schema":{"@context":"https:\/\/schema.org","@graph":[{"@type":"Article","@id":"https:\/\/blog.saocamilo-sp.br\/index.php\/2023\/11\/22\/viii-congresso-multiprofissional-da-sao-camilo-uma-celebracao-da-pesquisa\/#article","isPartOf":{"@id":"https:\/\/blog.saocamilo-sp.br\/index.php\/2023\/11\/22\/viii-congresso-multiprofissional-da-sao-camilo-uma-celebracao-da-pesquisa\/"},"author":{"name":"Leandro Lafr\u00e1gola","@id":"https:\/\/blog.saocamilo-sp.br\/#\/schema\/person\/1a99645faaab0bb55105f817e866e19b"},"headline":"VIII Congresso Multiprofissional da S\u00e3o Camilo: uma celebra\u00e7\u00e3o da pesquisa","datePublished":"2023-11-22T19:25:08+00:00","dateModified":"2023-11-25T21:19:06+00:00","mainEntityOfPage":{"@id":"https:\/\/blog.saocamilo-sp.br\/index.php\/2023\/11\/22\/viii-congresso-multiprofissional-da-sao-camilo-uma-celebracao-da-pesquisa\/"},"wordCount":1076,"commentCount":0,"publisher":{"@id":"https:\/\/blog.saocamilo-sp.br\/#organization"},"image":{"@id":"https:\/\/blog.saocamilo-sp.br\/index.php\/2023\/11\/22\/viii-congresso-multiprofissional-da-sao-camilo-uma-celebracao-da-pesquisa\/#primaryimage"},"thumbnailUrl":"https:\/\/blog.saocamilo-sp.br\/wp-content\/uploads\/2023\/11\/IMG_1744.jpg","keywords":["evento","Institucional"],"articleSection":["Institucional"],"inLanguage":"pt-BR","potentialAction":[{"@type":"CommentAction","name":"Comment","target":["https:\/\/blog.saocamilo-sp.br\/index.php\/2023\/11\/22\/viii-congresso-multiprofissional-da-sao-camilo-uma-celebracao-da-pesquisa\/#respond"]}]},{"@type":"WebPage","@id":"https:\/\/blog.saocamilo-sp.br\/index.php\/2023\/11\/22\/viii-congresso-multiprofissional-da-sao-camilo-uma-celebracao-da-pesquisa\/","url":"https:\/\/blog.saocamilo-sp.br\/index.php\/2023\/11\/22\/viii-congresso-multiprofissional-da-sao-camilo-uma-celebracao-da-pesquisa\/","name":"VIII Congresso Multiprofissional da S\u00e3o Camilo: uma celebra\u00e7\u00e3o da pesquisa","isPartOf":{"@id":"https:\/\/blog.saocamilo-sp.br\/#website"},"primaryImageOfPage":{"@id":"https:\/\/blog.saocamilo-sp.br\/index.php\/2023\/11\/22\/viii-congresso-multiprofissional-da-sao-camilo-uma-celebracao-da-pesquisa\/#primaryimage"},"image":{"@id":"https:\/\/blog.saocamilo-sp.br\/index.php\/2023\/11\/22\/viii-congresso-multiprofissional-da-sao-camilo-uma-celebracao-da-pesquisa\/#primaryimage"},"thumbnailUrl":"https:\/\/blog.saocamilo-sp.br\/wp-content\/uploads\/2023\/11\/IMG_1744.jpg","datePublished":"2023-11-22T19:25:08+00:00","dateModified":"2023-11-25T21:19:06+00:00","description":"Com o tema \"Impactos da Transforma\u00e7\u00e3o Digital e Tecnologias Emergentes\", o Congresso Multiprofissional foi um sucesso, marcado por incr\u00edveis palestras, apresenta\u00e7\u00f5es cient\u00edficas inovadoras e uma atmosfera enriquecedora para todos os participantes.","breadcrumb":{"@id":"https:\/\/blog.saocamilo-sp.br\/index.php\/2023\/11\/22\/viii-congresso-multiprofissional-da-sao-camilo-uma-celebracao-da-pesquisa\/#breadcrumb"},"inLanguage":"pt-BR","potentialAction":[{"@type":"ReadAction","target":["https:\/\/blog.saocamilo-sp.br\/index.php\/2023\/11\/22\/viii-congresso-multiprofissional-da-sao-camilo-uma-celebracao-da-pesquisa\/"]}]},{"@type":"BreadcrumbList","@id":"https:\/\/blog.saocamilo-sp.br\/index.php\/2023\/11\/22\/viii-congresso-multiprofissional-da-sao-camilo-uma-celebracao-da-pesquisa\/#breadcrumb","itemListElement":[{"@type":"ListItem","position":1,"name":"In\u00edcio","item":"https:\/\/blog.saocamilo-sp.br\/"},{"@type":"ListItem","position":2,"name":"VIII Congresso Multiprofissional da S\u00e3o Camilo: uma celebra\u00e7\u00e3o da pesquisa"}]},{"@type":"WebSite","@id":"https:\/\/blog.saocamilo-sp.br\/#website","url":"https:\/\/blog.saocamilo-sp.br\/","name":"Blog S\u00e3o Camilo","description":"Blog do Centro Universit\u00e1rio S\u00e3o Camilo","publisher":{"@id":"https:\/\/blog.saocamilo-sp.br\/#organization"},"potentialAction":[{"@type":"SearchAction","target":{"@type":"EntryPoint","urlTemplate":"https:\/\/blog.saocamilo-sp.br\/?s={search_term_string}"},"query-input":{"@type":"PropertyValueSpecification","valueRequired":true,"valueName":"search_term_string"}}],"inLanguage":"pt-BR"},{"@type":"Organization","@id":"https:\/\/blog.saocamilo-sp.br\/#organization","name":"Blog S\u00e3o Camilo","url":"https:\/\/blog.saocamilo-sp.br\/","logo":{"@type":"ImageObject","inLanguage":"pt-BR","@id":"https:\/\/blog.saocamilo-sp.br\/#\/schema\/logo\/image\/","url":"https:\/\/blog.saocamilo-sp.br\/wp-content\/uploads\/2021\/12\/cropped-vazio-logo-topo.png","contentUrl":"https:\/\/blog.saocamilo-sp.br\/wp-content\/uploads\/2021\/12\/cropped-vazio-logo-topo.png","width":320,"height":240,"caption":"Blog S\u00e3o Camilo"},"image":{"@id":"https:\/\/blog.saocamilo-sp.br\/#\/schema\/logo\/image\/"},"sameAs":["https:\/\/www.facebook.com\/saocamilosp","https:\/\/x.com\/saocamilosp","https:\/\/www.linkedin.com\/school\/centro-universit-rio-s-o-camilo\/"]},{"@type":"Person","@id":"https:\/\/blog.saocamilo-sp.br\/#\/schema\/person\/1a99645faaab0bb55105f817e866e19b","name":"Leandro Lafr\u00e1gola","image":{"@type":"ImageObject","inLanguage":"pt-BR","@id":"https:\/\/secure.gravatar.com\/avatar\/ec4232fb8d50d80f1c672353dc4c2876490e6a0a2a33d6572c0ba1fb78f115cf?s=96&d=mm&r=g","url":"https:\/\/secure.gravatar.com\/avatar\/ec4232fb8d50d80f1c672353dc4c2876490e6a0a2a33d6572c0ba1fb78f115cf?s=96&d=mm&r=g","contentUrl":"https:\/\/secure.gravatar.com\/avatar\/ec4232fb8d50d80f1c672353dc4c2876490e6a0a2a33d6572c0ba1fb78f115cf?s=96&d=mm&r=g","caption":"Leandro Lafr\u00e1gola"},"url":"https:\/\/blog.saocamilo-sp.br\/index.php\/author\/llafragola\/"}]}},"_links":{"self":[{"href":"https:\/\/blog.saocamilo-sp.br\/index.php\/wp-json\/wp\/v2\/posts\/1965","targetHints":{"allow":["GET"]}}],"collection":[{"href":"https:\/\/blog.saocamilo-sp.br\/index.php\/wp-json\/wp\/v2\/posts"}],"about":[{"href":"https:\/\/blog.saocamilo-sp.br\/index.php\/wp-json\/wp\/v2\/types\/post"}],"author":[{"embeddable":true,"href":"https:\/\/blog.saocamilo-sp.br\/index.php\/wp-json\/wp\/v2\/users\/13"}],"replies":[{"embeddable":true,"href":"https:\/\/blog.saocamilo-sp.br\/index.php\/wp-json\/wp\/v2\/comments?post=1965"}],"version-history":[{"count":5,"href":"https:\/\/blog.saocamilo-sp.br\/index.php\/wp-json\/wp\/v2\/posts\/1965\/revisions"}],"predecessor-version":[{"id":2022,"href":"https:\/\/blog.saocamilo-sp.br\/index.php\/wp-json\/wp\/v2\/posts\/1965\/revisions\/2022"}],"wp:featuredmedia":[{"embeddable":true,"href":"https:\/\/blog.saocamilo-sp.br\/index.php\/wp-json\/wp\/v2\/media\/1966"}],"wp:attachment":[{"href":"https:\/\/blog.saocamilo-sp.br\/index.php\/wp-json\/wp\/v2\/media?parent=1965"}],"wp:term":[{"taxonomy":"category","embeddable":true,"href":"https:\/\/blog.saocamilo-sp.br\/index.php\/wp-json\/wp\/v2\/categories?post=1965"},{"taxonomy":"post_tag","embeddable":true,"href":"https:\/\/blog.saocamilo-sp.br\/index.php\/wp-json\/wp\/v2\/tags?post=1965"}],"curies":[{"name":"wp","href":"https:\/\/api.w.org\/{rel}","templated":true}]}}