{"id":2006,"date":"2023-11-24T09:54:22","date_gmt":"2023-11-24T12:54:22","guid":{"rendered":"https:\/\/blog.saocamilo-sp.br\/?p=2006"},"modified":"2023-11-25T18:19:37","modified_gmt":"2023-11-25T21:19:37","slug":"internacional-reitoria-da-sao-camilo-tem-audiencia-com-ministro-da-educacao-da-provincia-de-salta","status":"publish","type":"post","link":"https:\/\/blog.saocamilo-sp.br\/index.php\/2023\/11\/24\/internacional-reitoria-da-sao-camilo-tem-audiencia-com-ministro-da-educacao-da-provincia-de-salta\/","title":{"rendered":"Internacional: Ministro da Educa\u00e7\u00e3o da Prov\u00edncia de Salta recebe Reitoria"},"content":{"rendered":"\n<p><strong>Centro Universit\u00e1rio S\u00e3o Camilo Fortalece Parcerias Educacionais em Reuni\u00e3o Internacional na Argentina<\/strong><\/p>\n\n\n\n<p>No dia 16 de novembro, o <a href=\"https:\/\/saocamilo-sp.br\/\" target=\"_blank\" rel=\"noreferrer noopener\">Centro Universit\u00e1rio S\u00e3o Camilo<\/a> marcou presen\u00e7a em uma reuni\u00e3o estrat\u00e9gica na cidade de Salta, Argentina, fortalecendo seus la\u00e7os internacionais e abrindo portas para novas colabora\u00e7\u00f5es educacionais. O encontro teve a participa\u00e7\u00e3o do Reitor, Pe. Jo\u00e3o Batista Gomes de Lima e do Pr\u00f3-Reitor Acad\u00eamico, Prof. Dr. Carlos Ferrara, al\u00e9m de contar com a honrosa participa\u00e7\u00e3o do Ministro da Educa\u00e7\u00e3o da Prov\u00edncia de Salta, Sr. Mat\u00edas Canepa.<\/p>\n\n\n\n<h3 class=\"wp-block-heading\"><strong>Di\u00e1logo Bilateral sobre Educa\u00e7\u00e3o: Construindo Pontes entre Brasil e Argentina<\/strong><\/h3>\n\n\n\n<p>Durante a reuni\u00e3o, foram aprofundados temas cruciais para o desenvolvimento educacional nos dois pa\u00edses. Al\u00e9m disso, a busca por sinergias e oportunidades de coopera\u00e7\u00e3o foi o ponto central das discuss\u00f5es, destacando:<\/p>\n\n\n\n<h4 class=\"wp-block-heading\"><strong>1. Explorando Oportunidades de Coopera\u00e7\u00e3o Educacional:<\/strong><\/h4>\n\n\n\n<ul class=\"wp-block-list\">\n<li>Identifica\u00e7\u00e3o de \u00e1reas de converg\u00eancia para interc\u00e2mbios acad\u00eamicos e colabora\u00e7\u00f5es em projetos inovadores;<\/li>\n\n\n\n<li>Estabelecimento de bases s\u00f3lidas para parcerias em pesquisas acad\u00eamicas de relev\u00e2ncia m\u00fatua.<\/li>\n<\/ul>\n\n\n\n<h4 class=\"wp-block-heading\"><strong>2. La\u00e7os Internacionais com a Scholas Ocurrentes:<\/strong><\/h4>\n\n\n\n<ul class=\"wp-block-list\">\n<li>Presen\u00e7a significativa dos representantes da Scholas Ocurrentes, rede internacional de escolas fundada pelo Papa Francisco;<\/li>\n\n\n\n<li>Explora\u00e7\u00e3o das possibilidades de participa\u00e7\u00e3o em programas educativos que integram arte, esporte e tecnologia.<\/li>\n<\/ul>\n\n\n\n<h3 class=\"wp-block-heading\"><strong>Posicionamento Global: S\u00e3o Camilo Rumo ao Protagonismo Internacional<\/strong><\/h3>\n\n\n\n<p>O Centro Universit\u00e1rio S\u00e3o Camilo reafirmou seu compromisso em n\u00e3o apenas construir pontes educacionais entre Brasil e Argentina, mas tamb\u00e9m em estabelecer uma presen\u00e7a acad\u00eamica relevante em escala global. De fato, o encontro estrat\u00e9gico na Argentina \u00e9 um passo importante na consolida\u00e7\u00e3o desse objetivo, posicionando a institui\u00e7\u00e3o como refer\u00eancia n\u00e3o apenas na Am\u00e9rica do Sul, mas tamb\u00e9m em \u00e2mbito internacional.<\/p>\n\n\n\n<h3 class=\"wp-block-heading\"><strong>Futuro Promissor: Educa\u00e7\u00e3o como Catalisadora de Transforma\u00e7\u00f5es Globais<\/strong><\/h3>\n\n\n\n<p>Portanto, este encontro representa um marco para  Institui\u00e7\u00e3o, j\u00e1 que, utiliza a educa\u00e7\u00e3o como catalisadora de mudan\u00e7as positivas n\u00e3o apenas em n\u00edvel local, mas global. Al\u00e9m disso, a S\u00e3o Camilo continua firme em sua miss\u00e3o de proporcionar uma educa\u00e7\u00e3o de excel\u00eancia, moldando l\u00edderes e profissionais preparados para os desafios do mundo contempor\u00e2neo.<\/p>\n\n\n\n<p>Acompanhe regurlamente nossos canais de comunica\u00e7\u00e3o, dessa forma voc\u00ea obter\u00e1 atualiza\u00e7\u00f5es sobre nossas iniciativas na promo\u00e7\u00e3o da excel\u00eancia acad\u00eamica, colabora\u00e7\u00f5es internacionais e desenvolvimento cont\u00ednuo de seus estudantes e profissionais. <\/p>\n\n\n\n<p><\/p>\n\n\n\n<p>Veja tamb\u00e9m:<\/p>\n\n\n\n<p><a href=\"https:\/\/blog.saocamilo-sp.br\/index.php\/2023\/05\/10\/pe-joao-batista-participa-do-v-encontro-internacional-de-reitores-universia\/\">Pe. Jo\u00e3o Batista participa do V Encontro Internacional de Reitores Universia em Val\u00eancia<\/a><br><a href=\"https:\/\/blog.saocamilo-sp.br\/index.php\/2023\/10\/10\/sao-camilo-na-33a-eaie\/\">S\u00e3o Camilo estreita la\u00e7os Internacionais e marca presen\u00e7a na 33\u00aa EAIE<\/a><br><a href=\"https:\/\/blog.saocamilo-sp.br\/index.php\/2023\/08\/16\/programa-santander-top-espana\/\">Estudante e docente camilianas no Programa Santander Top Espan\u00e3<\/a><\/p>\n\n\n\n<p>Saiba mais sobre nossos cursos:<\/p>\n\n\n\n<iframe loading=\"lazy\" src=\"https:\/\/saocamilo.apprbs.com.br\/tenho-interesse-blog\" height=\"530px\" width=\"100%\" frameborder=\"0\"><\/iframe>\n\n\n\n<p>Compartilhe em:<\/p>\n","protected":false},"excerpt":{"rendered":"<p>Reitor e do Pr\u00f3-Reitor Acad\u00eamico do Centro Universit\u00e1rio S\u00e3o Camilo t\u00eam audi\u00eancia com o Ministro da Educa\u00e7\u00e3o da Prov\u00edncia de Salta na Argentina.<\/p>\n","protected":false},"author":13,"featured_media":2020,"comment_status":"open","ping_status":"open","sticky":false,"template":"","format":"standard","meta":{"cybocfi_hide_featured_image":"","footnotes":""},"categories":[70],"tags":[72],"class_list":["post-2006","post","type-post","status-publish","format-standard","has-post-thumbnail","hentry","category-internacional","tag-internacional"],"yoast_head":"<!-- This site is optimized with the Yoast SEO plugin v27.5 - https:\/\/yoast.com\/product\/yoast-seo-wordpress\/ -->\n<title>Internacional: Ministro da Educa\u00e7\u00e3o da Prov\u00edncia de Salta recebe Reitoria<\/title>\n<meta name=\"description\" content=\"Reitor e do Pr\u00f3-Reitor Acad\u00eamico do Centro Universit\u00e1rio S\u00e3o Camilo t\u00eam audi\u00eancia com o Ministro da Educa\u00e7\u00e3o da Prov\u00edncia de Salta na Argentina.\" \/>\n<meta name=\"robots\" content=\"index, follow, max-snippet:-1, max-image-preview:large, max-video-preview:-1\" \/>\n<link rel=\"canonical\" href=\"https:\/\/blog.saocamilo-sp.br\/index.php\/2023\/11\/24\/internacional-reitoria-da-sao-camilo-tem-audiencia-com-ministro-da-educacao-da-provincia-de-salta\/\" \/>\n<meta property=\"og:locale\" content=\"pt_BR\" \/>\n<meta property=\"og:type\" content=\"article\" \/>\n<meta property=\"og:title\" content=\"Internacional: Ministro da Educa\u00e7\u00e3o da Prov\u00edncia de Salta recebe Reitoria\" \/>\n<meta property=\"og:description\" content=\"Reitor e do Pr\u00f3-Reitor Acad\u00eamico do Centro Universit\u00e1rio S\u00e3o Camilo t\u00eam audi\u00eancia com o Ministro da Educa\u00e7\u00e3o da Prov\u00edncia de Salta na Argentina.\" \/>\n<meta property=\"og:url\" content=\"https:\/\/blog.saocamilo-sp.br\/index.php\/2023\/11\/24\/internacional-reitoria-da-sao-camilo-tem-audiencia-com-ministro-da-educacao-da-provincia-de-salta\/\" \/>\n<meta property=\"og:site_name\" content=\"Blog S\u00e3o Camilo\" \/>\n<meta property=\"article:publisher\" content=\"https:\/\/www.facebook.com\/saocamilosp\" \/>\n<meta property=\"article:published_time\" content=\"2023-11-24T12:54:22+00:00\" \/>\n<meta property=\"article:modified_time\" content=\"2023-11-25T21:19:37+00:00\" \/>\n<meta property=\"og:image\" content=\"https:\/\/blog.saocamilo-sp.br\/wp-content\/uploads\/2023\/11\/ar11-3.jpg\" \/>\n\t<meta property=\"og:image:width\" content=\"818\" \/>\n\t<meta property=\"og:image:height\" content=\"551\" \/>\n\t<meta property=\"og:image:type\" content=\"image\/jpeg\" \/>\n<meta name=\"author\" content=\"Leandro Lafr\u00e1gola\" \/>\n<meta name=\"twitter:card\" content=\"summary_large_image\" \/>\n<meta name=\"twitter:creator\" content=\"@saocamilosp\" \/>\n<meta name=\"twitter:site\" content=\"@saocamilosp\" \/>\n<meta name=\"twitter:label1\" content=\"Escrito por\" \/>\n\t<meta name=\"twitter:data1\" content=\"Leandro Lafr\u00e1gola\" \/>\n\t<meta name=\"twitter:label2\" content=\"Est. tempo de leitura\" \/>\n\t<meta name=\"twitter:data2\" content=\"3 minutos\" \/>\n<script type=\"application\/ld+json\" class=\"yoast-schema-graph\">{\"@context\":\"https:\\\/\\\/schema.org\",\"@graph\":[{\"@type\":\"Article\",\"@id\":\"https:\\\/\\\/blog.saocamilo-sp.br\\\/index.php\\\/2023\\\/11\\\/24\\\/internacional-reitoria-da-sao-camilo-tem-audiencia-com-ministro-da-educacao-da-provincia-de-salta\\\/#article\",\"isPartOf\":{\"@id\":\"https:\\\/\\\/blog.saocamilo-sp.br\\\/index.php\\\/2023\\\/11\\\/24\\\/internacional-reitoria-da-sao-camilo-tem-audiencia-com-ministro-da-educacao-da-provincia-de-salta\\\/\"},\"author\":{\"name\":\"Leandro Lafr\u00e1gola\",\"@id\":\"https:\\\/\\\/blog.saocamilo-sp.br\\\/#\\\/schema\\\/person\\\/1a99645faaab0bb55105f817e866e19b\"},\"headline\":\"Internacional: Ministro da Educa\u00e7\u00e3o da Prov\u00edncia de Salta recebe Reitoria\",\"datePublished\":\"2023-11-24T12:54:22+00:00\",\"dateModified\":\"2023-11-25T21:19:37+00:00\",\"mainEntityOfPage\":{\"@id\":\"https:\\\/\\\/blog.saocamilo-sp.br\\\/index.php\\\/2023\\\/11\\\/24\\\/internacional-reitoria-da-sao-camilo-tem-audiencia-com-ministro-da-educacao-da-provincia-de-salta\\\/\"},\"wordCount\":478,\"commentCount\":0,\"publisher\":{\"@id\":\"https:\\\/\\\/blog.saocamilo-sp.br\\\/#organization\"},\"image\":{\"@id\":\"https:\\\/\\\/blog.saocamilo-sp.br\\\/index.php\\\/2023\\\/11\\\/24\\\/internacional-reitoria-da-sao-camilo-tem-audiencia-com-ministro-da-educacao-da-provincia-de-salta\\\/#primaryimage\"},\"thumbnailUrl\":\"https:\\\/\\\/blog.saocamilo-sp.br\\\/wp-content\\\/uploads\\\/2023\\\/11\\\/ar11-3.jpg\",\"keywords\":[\"internacional\"],\"articleSection\":[\"Internacional\"],\"inLanguage\":\"pt-BR\",\"potentialAction\":[{\"@type\":\"CommentAction\",\"name\":\"Comment\",\"target\":[\"https:\\\/\\\/blog.saocamilo-sp.br\\\/index.php\\\/2023\\\/11\\\/24\\\/internacional-reitoria-da-sao-camilo-tem-audiencia-com-ministro-da-educacao-da-provincia-de-salta\\\/#respond\"]}]},{\"@type\":\"WebPage\",\"@id\":\"https:\\\/\\\/blog.saocamilo-sp.br\\\/index.php\\\/2023\\\/11\\\/24\\\/internacional-reitoria-da-sao-camilo-tem-audiencia-com-ministro-da-educacao-da-provincia-de-salta\\\/\",\"url\":\"https:\\\/\\\/blog.saocamilo-sp.br\\\/index.php\\\/2023\\\/11\\\/24\\\/internacional-reitoria-da-sao-camilo-tem-audiencia-com-ministro-da-educacao-da-provincia-de-salta\\\/\",\"name\":\"Internacional: Ministro da Educa\u00e7\u00e3o da Prov\u00edncia de Salta recebe Reitoria\",\"isPartOf\":{\"@id\":\"https:\\\/\\\/blog.saocamilo-sp.br\\\/#website\"},\"primaryImageOfPage\":{\"@id\":\"https:\\\/\\\/blog.saocamilo-sp.br\\\/index.php\\\/2023\\\/11\\\/24\\\/internacional-reitoria-da-sao-camilo-tem-audiencia-com-ministro-da-educacao-da-provincia-de-salta\\\/#primaryimage\"},\"image\":{\"@id\":\"https:\\\/\\\/blog.saocamilo-sp.br\\\/index.php\\\/2023\\\/11\\\/24\\\/internacional-reitoria-da-sao-camilo-tem-audiencia-com-ministro-da-educacao-da-provincia-de-salta\\\/#primaryimage\"},\"thumbnailUrl\":\"https:\\\/\\\/blog.saocamilo-sp.br\\\/wp-content\\\/uploads\\\/2023\\\/11\\\/ar11-3.jpg\",\"datePublished\":\"2023-11-24T12:54:22+00:00\",\"dateModified\":\"2023-11-25T21:19:37+00:00\",\"description\":\"Reitor e do Pr\u00f3-Reitor Acad\u00eamico do Centro Universit\u00e1rio S\u00e3o Camilo t\u00eam audi\u00eancia com o Ministro da Educa\u00e7\u00e3o da Prov\u00edncia de Salta na Argentina.\",\"breadcrumb\":{\"@id\":\"https:\\\/\\\/blog.saocamilo-sp.br\\\/index.php\\\/2023\\\/11\\\/24\\\/internacional-reitoria-da-sao-camilo-tem-audiencia-com-ministro-da-educacao-da-provincia-de-salta\\\/#breadcrumb\"},\"inLanguage\":\"pt-BR\",\"potentialAction\":[{\"@type\":\"ReadAction\",\"target\":[\"https:\\\/\\\/blog.saocamilo-sp.br\\\/index.php\\\/2023\\\/11\\\/24\\\/internacional-reitoria-da-sao-camilo-tem-audiencia-com-ministro-da-educacao-da-provincia-de-salta\\\/\"]}]},{\"@type\":\"ImageObject\",\"inLanguage\":\"pt-BR\",\"@id\":\"https:\\\/\\\/blog.saocamilo-sp.br\\\/index.php\\\/2023\\\/11\\\/24\\\/internacional-reitoria-da-sao-camilo-tem-audiencia-com-ministro-da-educacao-da-provincia-de-salta\\\/#primaryimage\",\"url\":\"https:\\\/\\\/blog.saocamilo-sp.br\\\/wp-content\\\/uploads\\\/2023\\\/11\\\/ar11-3.jpg\",\"contentUrl\":\"https:\\\/\\\/blog.saocamilo-sp.br\\\/wp-content\\\/uploads\\\/2023\\\/11\\\/ar11-3.jpg\",\"width\":818,\"height\":551,\"caption\":\"Encontro com Ministro da Educa\u00e7\u00e3o\"},{\"@type\":\"BreadcrumbList\",\"@id\":\"https:\\\/\\\/blog.saocamilo-sp.br\\\/index.php\\\/2023\\\/11\\\/24\\\/internacional-reitoria-da-sao-camilo-tem-audiencia-com-ministro-da-educacao-da-provincia-de-salta\\\/#breadcrumb\",\"itemListElement\":[{\"@type\":\"ListItem\",\"position\":1,\"name\":\"In\u00edcio\",\"item\":\"https:\\\/\\\/blog.saocamilo-sp.br\\\/\"},{\"@type\":\"ListItem\",\"position\":2,\"name\":\"Internacional: Ministro da Educa\u00e7\u00e3o da Prov\u00edncia de Salta recebe Reitoria\"}]},{\"@type\":\"WebSite\",\"@id\":\"https:\\\/\\\/blog.saocamilo-sp.br\\\/#website\",\"url\":\"https:\\\/\\\/blog.saocamilo-sp.br\\\/\",\"name\":\"Blog S\u00e3o Camilo\",\"description\":\"Blog do Centro Universit\u00e1rio S\u00e3o Camilo\",\"publisher\":{\"@id\":\"https:\\\/\\\/blog.saocamilo-sp.br\\\/#organization\"},\"potentialAction\":[{\"@type\":\"SearchAction\",\"target\":{\"@type\":\"EntryPoint\",\"urlTemplate\":\"https:\\\/\\\/blog.saocamilo-sp.br\\\/?s={search_term_string}\"},\"query-input\":{\"@type\":\"PropertyValueSpecification\",\"valueRequired\":true,\"valueName\":\"search_term_string\"}}],\"inLanguage\":\"pt-BR\"},{\"@type\":\"Organization\",\"@id\":\"https:\\\/\\\/blog.saocamilo-sp.br\\\/#organization\",\"name\":\"Blog S\u00e3o Camilo\",\"url\":\"https:\\\/\\\/blog.saocamilo-sp.br\\\/\",\"logo\":{\"@type\":\"ImageObject\",\"inLanguage\":\"pt-BR\",\"@id\":\"https:\\\/\\\/blog.saocamilo-sp.br\\\/#\\\/schema\\\/logo\\\/image\\\/\",\"url\":\"https:\\\/\\\/blog.saocamilo-sp.br\\\/wp-content\\\/uploads\\\/2021\\\/12\\\/cropped-vazio-logo-topo.png\",\"contentUrl\":\"https:\\\/\\\/blog.saocamilo-sp.br\\\/wp-content\\\/uploads\\\/2021\\\/12\\\/cropped-vazio-logo-topo.png\",\"width\":320,\"height\":240,\"caption\":\"Blog S\u00e3o Camilo\"},\"image\":{\"@id\":\"https:\\\/\\\/blog.saocamilo-sp.br\\\/#\\\/schema\\\/logo\\\/image\\\/\"},\"sameAs\":[\"https:\\\/\\\/www.facebook.com\\\/saocamilosp\",\"https:\\\/\\\/x.com\\\/saocamilosp\",\"https:\\\/\\\/www.linkedin.com\\\/school\\\/centro-universit-rio-s-o-camilo\\\/\"]},{\"@type\":\"Person\",\"@id\":\"https:\\\/\\\/blog.saocamilo-sp.br\\\/#\\\/schema\\\/person\\\/1a99645faaab0bb55105f817e866e19b\",\"name\":\"Leandro Lafr\u00e1gola\",\"image\":{\"@type\":\"ImageObject\",\"inLanguage\":\"pt-BR\",\"@id\":\"https:\\\/\\\/secure.gravatar.com\\\/avatar\\\/ec4232fb8d50d80f1c672353dc4c2876490e6a0a2a33d6572c0ba1fb78f115cf?s=96&d=mm&r=g\",\"url\":\"https:\\\/\\\/secure.gravatar.com\\\/avatar\\\/ec4232fb8d50d80f1c672353dc4c2876490e6a0a2a33d6572c0ba1fb78f115cf?s=96&d=mm&r=g\",\"contentUrl\":\"https:\\\/\\\/secure.gravatar.com\\\/avatar\\\/ec4232fb8d50d80f1c672353dc4c2876490e6a0a2a33d6572c0ba1fb78f115cf?s=96&d=mm&r=g\",\"caption\":\"Leandro Lafr\u00e1gola\"},\"url\":\"https:\\\/\\\/blog.saocamilo-sp.br\\\/index.php\\\/author\\\/llafragola\\\/\"}]}<\/script>\n<!-- \/ Yoast SEO plugin. -->","yoast_head_json":{"title":"Internacional: Ministro da Educa\u00e7\u00e3o da Prov\u00edncia de Salta recebe Reitoria","description":"Reitor e do Pr\u00f3-Reitor Acad\u00eamico do Centro Universit\u00e1rio S\u00e3o Camilo t\u00eam audi\u00eancia com o Ministro da Educa\u00e7\u00e3o da Prov\u00edncia de Salta na Argentina.","robots":{"index":"index","follow":"follow","max-snippet":"max-snippet:-1","max-image-preview":"max-image-preview:large","max-video-preview":"max-video-preview:-1"},"canonical":"https:\/\/blog.saocamilo-sp.br\/index.php\/2023\/11\/24\/internacional-reitoria-da-sao-camilo-tem-audiencia-com-ministro-da-educacao-da-provincia-de-salta\/","og_locale":"pt_BR","og_type":"article","og_title":"Internacional: Ministro da Educa\u00e7\u00e3o da Prov\u00edncia de Salta recebe Reitoria","og_description":"Reitor e do Pr\u00f3-Reitor Acad\u00eamico do Centro Universit\u00e1rio S\u00e3o Camilo t\u00eam audi\u00eancia com o Ministro da Educa\u00e7\u00e3o da Prov\u00edncia de Salta na Argentina.","og_url":"https:\/\/blog.saocamilo-sp.br\/index.php\/2023\/11\/24\/internacional-reitoria-da-sao-camilo-tem-audiencia-com-ministro-da-educacao-da-provincia-de-salta\/","og_site_name":"Blog S\u00e3o Camilo","article_publisher":"https:\/\/www.facebook.com\/saocamilosp","article_published_time":"2023-11-24T12:54:22+00:00","article_modified_time":"2023-11-25T21:19:37+00:00","og_image":[{"width":818,"height":551,"url":"https:\/\/blog.saocamilo-sp.br\/wp-content\/uploads\/2023\/11\/ar11-3.jpg","type":"image\/jpeg"}],"author":"Leandro Lafr\u00e1gola","twitter_card":"summary_large_image","twitter_creator":"@saocamilosp","twitter_site":"@saocamilosp","twitter_misc":{"Escrito por":"Leandro Lafr\u00e1gola","Est. tempo de leitura":"3 minutos"},"schema":{"@context":"https:\/\/schema.org","@graph":[{"@type":"Article","@id":"https:\/\/blog.saocamilo-sp.br\/index.php\/2023\/11\/24\/internacional-reitoria-da-sao-camilo-tem-audiencia-com-ministro-da-educacao-da-provincia-de-salta\/#article","isPartOf":{"@id":"https:\/\/blog.saocamilo-sp.br\/index.php\/2023\/11\/24\/internacional-reitoria-da-sao-camilo-tem-audiencia-com-ministro-da-educacao-da-provincia-de-salta\/"},"author":{"name":"Leandro Lafr\u00e1gola","@id":"https:\/\/blog.saocamilo-sp.br\/#\/schema\/person\/1a99645faaab0bb55105f817e866e19b"},"headline":"Internacional: Ministro da Educa\u00e7\u00e3o da Prov\u00edncia de Salta recebe Reitoria","datePublished":"2023-11-24T12:54:22+00:00","dateModified":"2023-11-25T21:19:37+00:00","mainEntityOfPage":{"@id":"https:\/\/blog.saocamilo-sp.br\/index.php\/2023\/11\/24\/internacional-reitoria-da-sao-camilo-tem-audiencia-com-ministro-da-educacao-da-provincia-de-salta\/"},"wordCount":478,"commentCount":0,"publisher":{"@id":"https:\/\/blog.saocamilo-sp.br\/#organization"},"image":{"@id":"https:\/\/blog.saocamilo-sp.br\/index.php\/2023\/11\/24\/internacional-reitoria-da-sao-camilo-tem-audiencia-com-ministro-da-educacao-da-provincia-de-salta\/#primaryimage"},"thumbnailUrl":"https:\/\/blog.saocamilo-sp.br\/wp-content\/uploads\/2023\/11\/ar11-3.jpg","keywords":["internacional"],"articleSection":["Internacional"],"inLanguage":"pt-BR","potentialAction":[{"@type":"CommentAction","name":"Comment","target":["https:\/\/blog.saocamilo-sp.br\/index.php\/2023\/11\/24\/internacional-reitoria-da-sao-camilo-tem-audiencia-com-ministro-da-educacao-da-provincia-de-salta\/#respond"]}]},{"@type":"WebPage","@id":"https:\/\/blog.saocamilo-sp.br\/index.php\/2023\/11\/24\/internacional-reitoria-da-sao-camilo-tem-audiencia-com-ministro-da-educacao-da-provincia-de-salta\/","url":"https:\/\/blog.saocamilo-sp.br\/index.php\/2023\/11\/24\/internacional-reitoria-da-sao-camilo-tem-audiencia-com-ministro-da-educacao-da-provincia-de-salta\/","name":"Internacional: Ministro da Educa\u00e7\u00e3o da Prov\u00edncia de Salta recebe Reitoria","isPartOf":{"@id":"https:\/\/blog.saocamilo-sp.br\/#website"},"primaryImageOfPage":{"@id":"https:\/\/blog.saocamilo-sp.br\/index.php\/2023\/11\/24\/internacional-reitoria-da-sao-camilo-tem-audiencia-com-ministro-da-educacao-da-provincia-de-salta\/#primaryimage"},"image":{"@id":"https:\/\/blog.saocamilo-sp.br\/index.php\/2023\/11\/24\/internacional-reitoria-da-sao-camilo-tem-audiencia-com-ministro-da-educacao-da-provincia-de-salta\/#primaryimage"},"thumbnailUrl":"https:\/\/blog.saocamilo-sp.br\/wp-content\/uploads\/2023\/11\/ar11-3.jpg","datePublished":"2023-11-24T12:54:22+00:00","dateModified":"2023-11-25T21:19:37+00:00","description":"Reitor e do Pr\u00f3-Reitor Acad\u00eamico do Centro Universit\u00e1rio S\u00e3o Camilo t\u00eam audi\u00eancia com o Ministro da Educa\u00e7\u00e3o da Prov\u00edncia de Salta na Argentina.","breadcrumb":{"@id":"https:\/\/blog.saocamilo-sp.br\/index.php\/2023\/11\/24\/internacional-reitoria-da-sao-camilo-tem-audiencia-com-ministro-da-educacao-da-provincia-de-salta\/#breadcrumb"},"inLanguage":"pt-BR","potentialAction":[{"@type":"ReadAction","target":["https:\/\/blog.saocamilo-sp.br\/index.php\/2023\/11\/24\/internacional-reitoria-da-sao-camilo-tem-audiencia-com-ministro-da-educacao-da-provincia-de-salta\/"]}]},{"@type":"ImageObject","inLanguage":"pt-BR","@id":"https:\/\/blog.saocamilo-sp.br\/index.php\/2023\/11\/24\/internacional-reitoria-da-sao-camilo-tem-audiencia-com-ministro-da-educacao-da-provincia-de-salta\/#primaryimage","url":"https:\/\/blog.saocamilo-sp.br\/wp-content\/uploads\/2023\/11\/ar11-3.jpg","contentUrl":"https:\/\/blog.saocamilo-sp.br\/wp-content\/uploads\/2023\/11\/ar11-3.jpg","width":818,"height":551,"caption":"Encontro com Ministro da Educa\u00e7\u00e3o"},{"@type":"BreadcrumbList","@id":"https:\/\/blog.saocamilo-sp.br\/index.php\/2023\/11\/24\/internacional-reitoria-da-sao-camilo-tem-audiencia-com-ministro-da-educacao-da-provincia-de-salta\/#breadcrumb","itemListElement":[{"@type":"ListItem","position":1,"name":"In\u00edcio","item":"https:\/\/blog.saocamilo-sp.br\/"},{"@type":"ListItem","position":2,"name":"Internacional: Ministro da Educa\u00e7\u00e3o da Prov\u00edncia de Salta recebe Reitoria"}]},{"@type":"WebSite","@id":"https:\/\/blog.saocamilo-sp.br\/#website","url":"https:\/\/blog.saocamilo-sp.br\/","name":"Blog S\u00e3o Camilo","description":"Blog do Centro Universit\u00e1rio S\u00e3o Camilo","publisher":{"@id":"https:\/\/blog.saocamilo-sp.br\/#organization"},"potentialAction":[{"@type":"SearchAction","target":{"@type":"EntryPoint","urlTemplate":"https:\/\/blog.saocamilo-sp.br\/?s={search_term_string}"},"query-input":{"@type":"PropertyValueSpecification","valueRequired":true,"valueName":"search_term_string"}}],"inLanguage":"pt-BR"},{"@type":"Organization","@id":"https:\/\/blog.saocamilo-sp.br\/#organization","name":"Blog S\u00e3o Camilo","url":"https:\/\/blog.saocamilo-sp.br\/","logo":{"@type":"ImageObject","inLanguage":"pt-BR","@id":"https:\/\/blog.saocamilo-sp.br\/#\/schema\/logo\/image\/","url":"https:\/\/blog.saocamilo-sp.br\/wp-content\/uploads\/2021\/12\/cropped-vazio-logo-topo.png","contentUrl":"https:\/\/blog.saocamilo-sp.br\/wp-content\/uploads\/2021\/12\/cropped-vazio-logo-topo.png","width":320,"height":240,"caption":"Blog S\u00e3o Camilo"},"image":{"@id":"https:\/\/blog.saocamilo-sp.br\/#\/schema\/logo\/image\/"},"sameAs":["https:\/\/www.facebook.com\/saocamilosp","https:\/\/x.com\/saocamilosp","https:\/\/www.linkedin.com\/school\/centro-universit-rio-s-o-camilo\/"]},{"@type":"Person","@id":"https:\/\/blog.saocamilo-sp.br\/#\/schema\/person\/1a99645faaab0bb55105f817e866e19b","name":"Leandro Lafr\u00e1gola","image":{"@type":"ImageObject","inLanguage":"pt-BR","@id":"https:\/\/secure.gravatar.com\/avatar\/ec4232fb8d50d80f1c672353dc4c2876490e6a0a2a33d6572c0ba1fb78f115cf?s=96&d=mm&r=g","url":"https:\/\/secure.gravatar.com\/avatar\/ec4232fb8d50d80f1c672353dc4c2876490e6a0a2a33d6572c0ba1fb78f115cf?s=96&d=mm&r=g","contentUrl":"https:\/\/secure.gravatar.com\/avatar\/ec4232fb8d50d80f1c672353dc4c2876490e6a0a2a33d6572c0ba1fb78f115cf?s=96&d=mm&r=g","caption":"Leandro Lafr\u00e1gola"},"url":"https:\/\/blog.saocamilo-sp.br\/index.php\/author\/llafragola\/"}]}},"_links":{"self":[{"href":"https:\/\/blog.saocamilo-sp.br\/index.php\/wp-json\/wp\/v2\/posts\/2006","targetHints":{"allow":["GET"]}}],"collection":[{"href":"https:\/\/blog.saocamilo-sp.br\/index.php\/wp-json\/wp\/v2\/posts"}],"about":[{"href":"https:\/\/blog.saocamilo-sp.br\/index.php\/wp-json\/wp\/v2\/types\/post"}],"author":[{"embeddable":true,"href":"https:\/\/blog.saocamilo-sp.br\/index.php\/wp-json\/wp\/v2\/users\/13"}],"replies":[{"embeddable":true,"href":"https:\/\/blog.saocamilo-sp.br\/index.php\/wp-json\/wp\/v2\/comments?post=2006"}],"version-history":[{"count":7,"href":"https:\/\/blog.saocamilo-sp.br\/index.php\/wp-json\/wp\/v2\/posts\/2006\/revisions"}],"predecessor-version":[{"id":2021,"href":"https:\/\/blog.saocamilo-sp.br\/index.php\/wp-json\/wp\/v2\/posts\/2006\/revisions\/2021"}],"wp:featuredmedia":[{"embeddable":true,"href":"https:\/\/blog.saocamilo-sp.br\/index.php\/wp-json\/wp\/v2\/media\/2020"}],"wp:attachment":[{"href":"https:\/\/blog.saocamilo-sp.br\/index.php\/wp-json\/wp\/v2\/media?parent=2006"}],"wp:term":[{"taxonomy":"category","embeddable":true,"href":"https:\/\/blog.saocamilo-sp.br\/index.php\/wp-json\/wp\/v2\/categories?post=2006"},{"taxonomy":"post_tag","embeddable":true,"href":"https:\/\/blog.saocamilo-sp.br\/index.php\/wp-json\/wp\/v2\/tags?post=2006"}],"curies":[{"name":"wp","href":"https:\/\/api.w.org\/{rel}","templated":true}]}}