{"id":2031,"date":"2023-11-28T17:17:37","date_gmt":"2023-11-28T20:17:37","guid":{"rendered":"https:\/\/blog.saocamilo-sp.br\/?p=2031"},"modified":"2023-11-28T17:20:23","modified_gmt":"2023-11-28T20:20:23","slug":"sao-camilo-oducal","status":"publish","type":"post","link":"https:\/\/blog.saocamilo-sp.br\/index.php\/2023\/11\/28\/sao-camilo-oducal\/","title":{"rendered":"Internacional: S\u00e3o Camilo participa de eventos da ODUCAL na Argentina"},"content":{"rendered":"\n<figure class=\"wp-block-image size-full is-resized\"><img loading=\"lazy\" decoding=\"async\" src=\"https:\/\/blog.saocamilo-sp.br\/wp-content\/uploads\/2023\/11\/Copia-de-FOTO-GRUPAL-ODUCAL-1.png\" alt=\"\" class=\"wp-image-2034\" width=\"835\" height=\"502\"\/><figcaption class=\"wp-element-caption\">Divulga\u00e7\u00e3o ODUCAL<\/figcaption><\/figure>\n\n\n\n<p><br>O Centro Universit\u00e1rio S\u00e3o Camilo participou ativamente do evento internacional da <a href=\"https:\/\/sesionintermediaoducal.mobirisesite.com\/\" target=\"_blank\" rel=\"noreferrer noopener\">Organiza\u00e7\u00e3o de Universidades Cat\u00f3licas da Am\u00e9rica Latina e Caribe (ODUCAL)<\/a>, que englobou a XX Assembleia Geral Intermedi\u00e1ria e o III Semin\u00e1rio &#8211; Oficina de Internacionaliza\u00e7\u00e3o. Esses acontecimentos ocorreram entre os dias 15 e 17 de novembro na prov\u00edncia de Salta, Argentina.<\/p>\n\n\n\n<p><\/p>\n\n\n\n<h2 class=\"wp-block-heading\">Reitor da S\u00e3o Camilo na ODUCAL<\/h2>\n\n\n\n<p>O Reitor do Centro Universit\u00e1rio S\u00e3o Camilo, Pe. Jo\u00e3o Batista Gomes de Lima, destacou-se em sua participa\u00e7\u00e3o nos eventos internacionais da ODUCAL, evidenciando o comprometimento da Institui\u00e7\u00e3o com a excel\u00eancia acad\u00eamica e a colabora\u00e7\u00e3o global.<\/p>\n\n\n\n<p>No contexto da XX Assembleia Geral Intermedi\u00e1ria e do III Semin\u00e1rio de Internacionaliza\u00e7\u00e3o, o padre Jo\u00e3o Batista esteve acompanhado pelo Pr\u00f3-Reitor Acad\u00eamico, Prof. Dr. Carlos Ferrara J\u00fanior, e pela Coordenadora de Rela\u00e7\u00f5es Internacionais, Rayssa Rios.<\/p>\n\n\n\n<figure class=\"wp-block-embed is-type-video is-provider-youtube wp-block-embed-youtube wp-embed-aspect-16-9 wp-has-aspect-ratio\"><div class=\"wp-block-embed__wrapper\">\n<iframe loading=\"lazy\" title=\"XX Asamblea General Intermedia de ODUCAL - Pe. Jo\u00e3o Batista Gomes de Lima\" width=\"676\" height=\"380\" src=\"https:\/\/www.youtube.com\/embed\/dwgOWxryAh0?feature=oembed\" frameborder=\"0\" allow=\"accelerometer; autoplay; clipboard-write; encrypted-media; gyroscope; picture-in-picture; web-share\" allowfullscreen><\/iframe>\n<\/div><figcaption class=\"wp-element-caption\">Palavra do Pe. Jo\u00e3o Batista Gomes de Lima<\/figcaption><\/figure>\n\n\n\n<p><br>Durante a Assembleia, diversas tem\u00e1ticas foram abordadas, incluindo confer\u00eancias magistrais e apresenta\u00e7\u00f5es de novos mecanismos de colabora\u00e7\u00e3o interinstitucional. O Reitor participou ativamente nas discuss\u00f5es sobre o Pacto Educativo Global, Digitaliza\u00e7\u00e3o das Universidades, Investiga\u00e7\u00e3o Cient\u00edfica, Paz e Democracia, al\u00e9m do Fortalecimento da Identidade Cat\u00f3lica das Universidades.<\/p>\n\n\n\n<p>O Ciclo de Confer\u00eancias Magistrais contou com a participa\u00e7\u00e3o da Mg. Idoia Salazar Garc\u00eda, que discutiu o tema &#8220;IA generativa. O ponto de inflex\u00e3o. Regula\u00e7\u00e3o e \u00e9tica&#8221;.<\/p>\n\n\n\n<h2 class=\"wp-block-heading\">Participa\u00e7\u00e3o da S\u00e3o Camilo no evento da ODUCAL<\/h2>\n\n\n\n<p>Certamente, participa\u00e7\u00e3o do Centro Universit\u00e1rio S\u00e3o Camilo refor\u00e7a o compromisso com a troca de experi\u00eancias entre as institui\u00e7\u00f5es de ensino superior da Am\u00e9rica Latina e Caribe. Dessa forma, contribu\u00edmos para a promo\u00e7\u00e3o uma agenda educativa global mais sustent\u00e1vel e intelectualmente s\u00f3lida.<\/p>\n\n\n\n<p>Al\u00e9m disso, o evento incluiu tamb\u00e9m a I Jornada de Compromisso Social das universidades cat\u00f3licas da Argentina, onde o Pe. Jo\u00e3o Batista Gomes de Lima, junto aos representantes do Centro Universit\u00e1rio S\u00e3o Camilo, contribuiu para o di\u00e1logo sobre a responsabilidade social das institui\u00e7\u00f5es educacionais.<\/p>\n\n\n\n<figure class=\"wp-block-gallery has-nested-images columns-default is-cropped wp-block-gallery-1 is-layout-flex wp-block-gallery-is-layout-flex\">\n<figure class=\"wp-block-image size-large\"><img loading=\"lazy\" decoding=\"async\" width=\"6000\" height=\"4000\" data-id=\"2039\" src=\"https:\/\/blog.saocamilo-sp.br\/wp-content\/uploads\/2023\/11\/1\u00b0-Dia-XX-Asamblea-Oducal-24.jpg\" alt=\"\" class=\"wp-image-2039\"\/><\/figure>\n\n\n\n<figure class=\"wp-block-image size-large\"><img loading=\"lazy\" decoding=\"async\" width=\"6000\" height=\"4000\" data-id=\"2040\" src=\"https:\/\/blog.saocamilo-sp.br\/wp-content\/uploads\/2023\/11\/2\u00b0-Dia-XX-Asamblea-Oducal-6.jpg\" alt=\"\" class=\"wp-image-2040\"\/><\/figure>\n\n\n\n<figure class=\"wp-block-image size-large\"><img loading=\"lazy\" decoding=\"async\" width=\"6000\" height=\"4000\" data-id=\"2044\" src=\"https:\/\/blog.saocamilo-sp.br\/wp-content\/uploads\/2023\/11\/2\u00b0-Dia-XX-Asamblea-Oducal-8.jpg\" alt=\"\" class=\"wp-image-2044\"\/><\/figure>\n\n\n\n<figure class=\"wp-block-image size-large\"><img loading=\"lazy\" decoding=\"async\" width=\"5791\" height=\"3861\" data-id=\"2037\" src=\"https:\/\/blog.saocamilo-sp.br\/wp-content\/uploads\/2023\/11\/2\u00b0-Dia-XX-Asamblea-Oducal-16.jpg\" alt=\"\" class=\"wp-image-2037\"\/><\/figure>\n\n\n\n<figure class=\"wp-block-image size-large\"><img loading=\"lazy\" decoding=\"async\" width=\"6000\" height=\"4000\" data-id=\"2042\" src=\"https:\/\/blog.saocamilo-sp.br\/wp-content\/uploads\/2023\/11\/2\u00b0-Dia-XX-Asamblea-Oducal-17-1.jpg\" alt=\"\" class=\"wp-image-2042\"\/><\/figure>\n\n\n\n<figure class=\"wp-block-image size-large\"><img loading=\"lazy\" decoding=\"async\" width=\"1200\" height=\"800\" data-id=\"2043\" src=\"https:\/\/blog.saocamilo-sp.br\/wp-content\/uploads\/2023\/11\/2\u00b0-Dia-XX-Asamblea-Oducal-28.jpg\" alt=\"\" class=\"wp-image-2043\"\/><\/figure>\n\n\n\n<figure class=\"wp-block-image size-large\"><img loading=\"lazy\" decoding=\"async\" width=\"5741\" height=\"3752\" data-id=\"2035\" src=\"https:\/\/blog.saocamilo-sp.br\/wp-content\/uploads\/2023\/11\/2\u00b0-Dia-XX-Asamblea-Oducal-77.jpg\" alt=\"\" class=\"wp-image-2035\"\/><\/figure>\n\n\n\n<figure class=\"wp-block-image size-large\"><img loading=\"lazy\" decoding=\"async\" width=\"666\" height=\"400\" data-id=\"2038\" src=\"https:\/\/blog.saocamilo-sp.br\/wp-content\/uploads\/2023\/11\/Copia-de-FOTO-GRUPAL-ODUCAL-2.png\" alt=\"\" class=\"wp-image-2038\"\/><\/figure>\n\n\n\n<figure class=\"wp-block-image size-large\"><img loading=\"lazy\" decoding=\"async\" width=\"3315\" height=\"4973\" data-id=\"2036\" src=\"https:\/\/blog.saocamilo-sp.br\/wp-content\/uploads\/2023\/11\/IMG_9932.jpg\" alt=\"\" class=\"wp-image-2036\"\/><\/figure>\n\n\n\n<figure class=\"wp-block-image size-large\"><img loading=\"lazy\" decoding=\"async\" width=\"3670\" height=\"2447\" data-id=\"2041\" src=\"https:\/\/blog.saocamilo-sp.br\/wp-content\/uploads\/2023\/11\/IMG_9934.jpg\" alt=\"\" class=\"wp-image-2041\"\/><figcaption class=\"wp-element-caption\">Fotos: Divulga\u00e7\u00e3o ODUCAL<\/figcaption><\/figure>\n<\/figure>\n\n\n\n<h2 class=\"wp-block-heading\"><br>S\u00e3o Camilo fortalecendo a internacionaliza\u00e7\u00e3o<\/h2>\n\n\n\n<p>A participa\u00e7\u00e3o ativa do Centro Universit\u00e1rio S\u00e3o Camilo nos eventos da ODUCAL, evidencia n\u00e3o apenas o comprometimento com a excel\u00eancia acad\u00eamica, mas tamb\u00e9m a busca por uma comunidade global mais conectada e colaborativa. Sem d\u00favida a troca de experi\u00eancias nestas ocasi\u00f5es fortalece os la\u00e7os entre as institui\u00e7\u00f5es de ensino superior. Dessa forma, o avan\u00e7o conjunto em dire\u00e7\u00e3o a uma educa\u00e7\u00e3o mais inclusiva e socialmente respons\u00e1vel \u00e9 impulsionado.<br><\/p>\n\n\n\n<p>Veja tamb\u00e9m:<br><a href=\"https:\/\/blog.saocamilo-sp.br\/index.php\/2023\/11\/24\/internacional-reitoria-da-sao-camilo-tem-audiencia-com-ministro-da-educacao-da-provincia-de-salta\/\">Internacional: Ministro da Educa\u00e7\u00e3o da Prov\u00edncia de Salta recebe Reitoria<\/a><\/p>\n\n\n\n<p><\/p>\n\n\n\n<p>Saiba mais sobre nossos cursos:<\/p>\n\n\n\n<iframe loading=\"lazy\" src=\"https:\/\/saocamilo.apprbs.com.br\/tenho-interesse-blog\" height=\"530px\" width=\"100%\" frameborder=\"0\"><\/iframe>\n\n\n\n<p>Compartilhe em:<\/p>\n","protected":false},"excerpt":{"rendered":"<p>Reitoria na XX Assembleia Geral Intermedi\u00e1ria e III Semin\u00e1rio de Internacionaliza\u00e7\u00e3o da Organiza\u00e7\u00e3o de Univ. Cat\u00f3licas da Am\u00e9rica Latina e Caribe (ODUCAL)<\/p>\n","protected":false},"author":13,"featured_media":2032,"comment_status":"open","ping_status":"open","sticky":false,"template":"","format":"standard","meta":{"cybocfi_hide_featured_image":"yes","footnotes":""},"categories":[70],"tags":[72],"class_list":["post-2031","post","type-post","status-publish","format-standard","has-post-thumbnail","hentry","category-internacional","tag-internacional"],"yoast_head":"<!-- This site is optimized with the Yoast SEO plugin v27.5 - https:\/\/yoast.com\/product\/yoast-seo-wordpress\/ -->\n<title>Internacional: S\u00e3o Camilo participa de eventos da ODUCAL na Argentina - Blog S\u00e3o Camilo<\/title>\n<meta name=\"description\" content=\"Reitoria na XX Assembleia Geral Intermedi\u00e1ria e III Semin\u00e1rio de Internacionaliza\u00e7\u00e3o da Organiza\u00e7\u00e3o de Univ. Cat\u00f3licas da Am\u00e9rica Latina e Caribe (ODUCAL)\" \/>\n<meta name=\"robots\" content=\"index, follow, max-snippet:-1, max-image-preview:large, max-video-preview:-1\" \/>\n<link rel=\"canonical\" href=\"https:\/\/blog.saocamilo-sp.br\/index.php\/2023\/11\/28\/sao-camilo-oducal\/\" \/>\n<meta property=\"og:locale\" content=\"pt_BR\" \/>\n<meta property=\"og:type\" content=\"article\" \/>\n<meta property=\"og:title\" content=\"Internacional: S\u00e3o Camilo participa de eventos da ODUCAL na Argentina - Blog S\u00e3o Camilo\" \/>\n<meta property=\"og:description\" content=\"Reitoria na XX Assembleia Geral Intermedi\u00e1ria e III Semin\u00e1rio de Internacionaliza\u00e7\u00e3o da Organiza\u00e7\u00e3o de Univ. Cat\u00f3licas da Am\u00e9rica Latina e Caribe (ODUCAL)\" \/>\n<meta property=\"og:url\" content=\"https:\/\/blog.saocamilo-sp.br\/index.php\/2023\/11\/28\/sao-camilo-oducal\/\" \/>\n<meta property=\"og:site_name\" content=\"Blog S\u00e3o Camilo\" \/>\n<meta property=\"article:publisher\" content=\"https:\/\/www.facebook.com\/saocamilosp\" \/>\n<meta property=\"article:published_time\" content=\"2023-11-28T20:17:37+00:00\" \/>\n<meta property=\"article:modified_time\" content=\"2023-11-28T20:20:23+00:00\" \/>\n<meta property=\"og:image\" content=\"https:\/\/blog.saocamilo-sp.br\/wp-content\/uploads\/2023\/11\/Topo_ODUCAL.png\" \/>\n\t<meta property=\"og:image:width\" content=\"600\" \/>\n\t<meta property=\"og:image:height\" content=\"400\" \/>\n\t<meta property=\"og:image:type\" content=\"image\/png\" \/>\n<meta name=\"author\" content=\"Leandro Lafr\u00e1gola\" \/>\n<meta name=\"twitter:card\" content=\"summary_large_image\" \/>\n<meta name=\"twitter:creator\" content=\"@saocamilosp\" \/>\n<meta name=\"twitter:site\" content=\"@saocamilosp\" \/>\n<meta name=\"twitter:label1\" content=\"Escrito por\" \/>\n\t<meta name=\"twitter:data1\" content=\"Leandro Lafr\u00e1gola\" \/>\n\t<meta name=\"twitter:label2\" content=\"Est. tempo de leitura\" \/>\n\t<meta name=\"twitter:data2\" content=\"5 minutos\" \/>\n<script type=\"application\/ld+json\" class=\"yoast-schema-graph\">{\"@context\":\"https:\\\/\\\/schema.org\",\"@graph\":[{\"@type\":\"Article\",\"@id\":\"https:\\\/\\\/blog.saocamilo-sp.br\\\/index.php\\\/2023\\\/11\\\/28\\\/sao-camilo-oducal\\\/#article\",\"isPartOf\":{\"@id\":\"https:\\\/\\\/blog.saocamilo-sp.br\\\/index.php\\\/2023\\\/11\\\/28\\\/sao-camilo-oducal\\\/\"},\"author\":{\"name\":\"Leandro Lafr\u00e1gola\",\"@id\":\"https:\\\/\\\/blog.saocamilo-sp.br\\\/#\\\/schema\\\/person\\\/1a99645faaab0bb55105f817e866e19b\"},\"headline\":\"Internacional: S\u00e3o Camilo participa de eventos da ODUCAL na Argentina\",\"datePublished\":\"2023-11-28T20:17:37+00:00\",\"dateModified\":\"2023-11-28T20:20:23+00:00\",\"mainEntityOfPage\":{\"@id\":\"https:\\\/\\\/blog.saocamilo-sp.br\\\/index.php\\\/2023\\\/11\\\/28\\\/sao-camilo-oducal\\\/\"},\"wordCount\":500,\"commentCount\":0,\"publisher\":{\"@id\":\"https:\\\/\\\/blog.saocamilo-sp.br\\\/#organization\"},\"image\":{\"@id\":\"https:\\\/\\\/blog.saocamilo-sp.br\\\/index.php\\\/2023\\\/11\\\/28\\\/sao-camilo-oducal\\\/#primaryimage\"},\"thumbnailUrl\":\"https:\\\/\\\/blog.saocamilo-sp.br\\\/wp-content\\\/uploads\\\/2023\\\/11\\\/Topo_ODUCAL.png\",\"keywords\":[\"internacional\"],\"articleSection\":[\"Internacional\"],\"inLanguage\":\"pt-BR\",\"potentialAction\":[{\"@type\":\"CommentAction\",\"name\":\"Comment\",\"target\":[\"https:\\\/\\\/blog.saocamilo-sp.br\\\/index.php\\\/2023\\\/11\\\/28\\\/sao-camilo-oducal\\\/#respond\"]}]},{\"@type\":\"WebPage\",\"@id\":\"https:\\\/\\\/blog.saocamilo-sp.br\\\/index.php\\\/2023\\\/11\\\/28\\\/sao-camilo-oducal\\\/\",\"url\":\"https:\\\/\\\/blog.saocamilo-sp.br\\\/index.php\\\/2023\\\/11\\\/28\\\/sao-camilo-oducal\\\/\",\"name\":\"Internacional: S\u00e3o Camilo participa de eventos da ODUCAL na Argentina - Blog S\u00e3o Camilo\",\"isPartOf\":{\"@id\":\"https:\\\/\\\/blog.saocamilo-sp.br\\\/#website\"},\"primaryImageOfPage\":{\"@id\":\"https:\\\/\\\/blog.saocamilo-sp.br\\\/index.php\\\/2023\\\/11\\\/28\\\/sao-camilo-oducal\\\/#primaryimage\"},\"image\":{\"@id\":\"https:\\\/\\\/blog.saocamilo-sp.br\\\/index.php\\\/2023\\\/11\\\/28\\\/sao-camilo-oducal\\\/#primaryimage\"},\"thumbnailUrl\":\"https:\\\/\\\/blog.saocamilo-sp.br\\\/wp-content\\\/uploads\\\/2023\\\/11\\\/Topo_ODUCAL.png\",\"datePublished\":\"2023-11-28T20:17:37+00:00\",\"dateModified\":\"2023-11-28T20:20:23+00:00\",\"description\":\"Reitoria na XX Assembleia Geral Intermedi\u00e1ria e III Semin\u00e1rio de Internacionaliza\u00e7\u00e3o da Organiza\u00e7\u00e3o de Univ. Cat\u00f3licas da Am\u00e9rica Latina e Caribe (ODUCAL)\",\"breadcrumb\":{\"@id\":\"https:\\\/\\\/blog.saocamilo-sp.br\\\/index.php\\\/2023\\\/11\\\/28\\\/sao-camilo-oducal\\\/#breadcrumb\"},\"inLanguage\":\"pt-BR\",\"potentialAction\":[{\"@type\":\"ReadAction\",\"target\":[\"https:\\\/\\\/blog.saocamilo-sp.br\\\/index.php\\\/2023\\\/11\\\/28\\\/sao-camilo-oducal\\\/\"]}]},{\"@type\":\"BreadcrumbList\",\"@id\":\"https:\\\/\\\/blog.saocamilo-sp.br\\\/index.php\\\/2023\\\/11\\\/28\\\/sao-camilo-oducal\\\/#breadcrumb\",\"itemListElement\":[{\"@type\":\"ListItem\",\"position\":1,\"name\":\"In\u00edcio\",\"item\":\"https:\\\/\\\/blog.saocamilo-sp.br\\\/\"},{\"@type\":\"ListItem\",\"position\":2,\"name\":\"Internacional: S\u00e3o Camilo participa de eventos da ODUCAL na Argentina\"}]},{\"@type\":\"WebSite\",\"@id\":\"https:\\\/\\\/blog.saocamilo-sp.br\\\/#website\",\"url\":\"https:\\\/\\\/blog.saocamilo-sp.br\\\/\",\"name\":\"Blog S\u00e3o Camilo\",\"description\":\"Blog do Centro Universit\u00e1rio S\u00e3o Camilo\",\"publisher\":{\"@id\":\"https:\\\/\\\/blog.saocamilo-sp.br\\\/#organization\"},\"potentialAction\":[{\"@type\":\"SearchAction\",\"target\":{\"@type\":\"EntryPoint\",\"urlTemplate\":\"https:\\\/\\\/blog.saocamilo-sp.br\\\/?s={search_term_string}\"},\"query-input\":{\"@type\":\"PropertyValueSpecification\",\"valueRequired\":true,\"valueName\":\"search_term_string\"}}],\"inLanguage\":\"pt-BR\"},{\"@type\":\"Organization\",\"@id\":\"https:\\\/\\\/blog.saocamilo-sp.br\\\/#organization\",\"name\":\"Blog S\u00e3o Camilo\",\"url\":\"https:\\\/\\\/blog.saocamilo-sp.br\\\/\",\"logo\":{\"@type\":\"ImageObject\",\"inLanguage\":\"pt-BR\",\"@id\":\"https:\\\/\\\/blog.saocamilo-sp.br\\\/#\\\/schema\\\/logo\\\/image\\\/\",\"url\":\"https:\\\/\\\/blog.saocamilo-sp.br\\\/wp-content\\\/uploads\\\/2021\\\/12\\\/cropped-vazio-logo-topo.png\",\"contentUrl\":\"https:\\\/\\\/blog.saocamilo-sp.br\\\/wp-content\\\/uploads\\\/2021\\\/12\\\/cropped-vazio-logo-topo.png\",\"width\":320,\"height\":240,\"caption\":\"Blog S\u00e3o Camilo\"},\"image\":{\"@id\":\"https:\\\/\\\/blog.saocamilo-sp.br\\\/#\\\/schema\\\/logo\\\/image\\\/\"},\"sameAs\":[\"https:\\\/\\\/www.facebook.com\\\/saocamilosp\",\"https:\\\/\\\/x.com\\\/saocamilosp\",\"https:\\\/\\\/www.linkedin.com\\\/school\\\/centro-universit-rio-s-o-camilo\\\/\"]},{\"@type\":\"Person\",\"@id\":\"https:\\\/\\\/blog.saocamilo-sp.br\\\/#\\\/schema\\\/person\\\/1a99645faaab0bb55105f817e866e19b\",\"name\":\"Leandro Lafr\u00e1gola\",\"image\":{\"@type\":\"ImageObject\",\"inLanguage\":\"pt-BR\",\"@id\":\"https:\\\/\\\/secure.gravatar.com\\\/avatar\\\/ec4232fb8d50d80f1c672353dc4c2876490e6a0a2a33d6572c0ba1fb78f115cf?s=96&d=mm&r=g\",\"url\":\"https:\\\/\\\/secure.gravatar.com\\\/avatar\\\/ec4232fb8d50d80f1c672353dc4c2876490e6a0a2a33d6572c0ba1fb78f115cf?s=96&d=mm&r=g\",\"contentUrl\":\"https:\\\/\\\/secure.gravatar.com\\\/avatar\\\/ec4232fb8d50d80f1c672353dc4c2876490e6a0a2a33d6572c0ba1fb78f115cf?s=96&d=mm&r=g\",\"caption\":\"Leandro Lafr\u00e1gola\"},\"url\":\"https:\\\/\\\/blog.saocamilo-sp.br\\\/index.php\\\/author\\\/llafragola\\\/\"}]}<\/script>\n<!-- \/ Yoast SEO plugin. -->","yoast_head_json":{"title":"Internacional: S\u00e3o Camilo participa de eventos da ODUCAL na Argentina - Blog S\u00e3o Camilo","description":"Reitoria na XX Assembleia Geral Intermedi\u00e1ria e III Semin\u00e1rio de Internacionaliza\u00e7\u00e3o da Organiza\u00e7\u00e3o de Univ. Cat\u00f3licas da Am\u00e9rica Latina e Caribe (ODUCAL)","robots":{"index":"index","follow":"follow","max-snippet":"max-snippet:-1","max-image-preview":"max-image-preview:large","max-video-preview":"max-video-preview:-1"},"canonical":"https:\/\/blog.saocamilo-sp.br\/index.php\/2023\/11\/28\/sao-camilo-oducal\/","og_locale":"pt_BR","og_type":"article","og_title":"Internacional: S\u00e3o Camilo participa de eventos da ODUCAL na Argentina - Blog S\u00e3o Camilo","og_description":"Reitoria na XX Assembleia Geral Intermedi\u00e1ria e III Semin\u00e1rio de Internacionaliza\u00e7\u00e3o da Organiza\u00e7\u00e3o de Univ. Cat\u00f3licas da Am\u00e9rica Latina e Caribe (ODUCAL)","og_url":"https:\/\/blog.saocamilo-sp.br\/index.php\/2023\/11\/28\/sao-camilo-oducal\/","og_site_name":"Blog S\u00e3o Camilo","article_publisher":"https:\/\/www.facebook.com\/saocamilosp","article_published_time":"2023-11-28T20:17:37+00:00","article_modified_time":"2023-11-28T20:20:23+00:00","og_image":[{"width":600,"height":400,"url":"https:\/\/blog.saocamilo-sp.br\/wp-content\/uploads\/2023\/11\/Topo_ODUCAL.png","type":"image\/png"}],"author":"Leandro Lafr\u00e1gola","twitter_card":"summary_large_image","twitter_creator":"@saocamilosp","twitter_site":"@saocamilosp","twitter_misc":{"Escrito por":"Leandro Lafr\u00e1gola","Est. tempo de leitura":"5 minutos"},"schema":{"@context":"https:\/\/schema.org","@graph":[{"@type":"Article","@id":"https:\/\/blog.saocamilo-sp.br\/index.php\/2023\/11\/28\/sao-camilo-oducal\/#article","isPartOf":{"@id":"https:\/\/blog.saocamilo-sp.br\/index.php\/2023\/11\/28\/sao-camilo-oducal\/"},"author":{"name":"Leandro Lafr\u00e1gola","@id":"https:\/\/blog.saocamilo-sp.br\/#\/schema\/person\/1a99645faaab0bb55105f817e866e19b"},"headline":"Internacional: S\u00e3o Camilo participa de eventos da ODUCAL na Argentina","datePublished":"2023-11-28T20:17:37+00:00","dateModified":"2023-11-28T20:20:23+00:00","mainEntityOfPage":{"@id":"https:\/\/blog.saocamilo-sp.br\/index.php\/2023\/11\/28\/sao-camilo-oducal\/"},"wordCount":500,"commentCount":0,"publisher":{"@id":"https:\/\/blog.saocamilo-sp.br\/#organization"},"image":{"@id":"https:\/\/blog.saocamilo-sp.br\/index.php\/2023\/11\/28\/sao-camilo-oducal\/#primaryimage"},"thumbnailUrl":"https:\/\/blog.saocamilo-sp.br\/wp-content\/uploads\/2023\/11\/Topo_ODUCAL.png","keywords":["internacional"],"articleSection":["Internacional"],"inLanguage":"pt-BR","potentialAction":[{"@type":"CommentAction","name":"Comment","target":["https:\/\/blog.saocamilo-sp.br\/index.php\/2023\/11\/28\/sao-camilo-oducal\/#respond"]}]},{"@type":"WebPage","@id":"https:\/\/blog.saocamilo-sp.br\/index.php\/2023\/11\/28\/sao-camilo-oducal\/","url":"https:\/\/blog.saocamilo-sp.br\/index.php\/2023\/11\/28\/sao-camilo-oducal\/","name":"Internacional: S\u00e3o Camilo participa de eventos da ODUCAL na Argentina - Blog S\u00e3o Camilo","isPartOf":{"@id":"https:\/\/blog.saocamilo-sp.br\/#website"},"primaryImageOfPage":{"@id":"https:\/\/blog.saocamilo-sp.br\/index.php\/2023\/11\/28\/sao-camilo-oducal\/#primaryimage"},"image":{"@id":"https:\/\/blog.saocamilo-sp.br\/index.php\/2023\/11\/28\/sao-camilo-oducal\/#primaryimage"},"thumbnailUrl":"https:\/\/blog.saocamilo-sp.br\/wp-content\/uploads\/2023\/11\/Topo_ODUCAL.png","datePublished":"2023-11-28T20:17:37+00:00","dateModified":"2023-11-28T20:20:23+00:00","description":"Reitoria na XX Assembleia Geral Intermedi\u00e1ria e III Semin\u00e1rio de Internacionaliza\u00e7\u00e3o da Organiza\u00e7\u00e3o de Univ. Cat\u00f3licas da Am\u00e9rica Latina e Caribe (ODUCAL)","breadcrumb":{"@id":"https:\/\/blog.saocamilo-sp.br\/index.php\/2023\/11\/28\/sao-camilo-oducal\/#breadcrumb"},"inLanguage":"pt-BR","potentialAction":[{"@type":"ReadAction","target":["https:\/\/blog.saocamilo-sp.br\/index.php\/2023\/11\/28\/sao-camilo-oducal\/"]}]},{"@type":"BreadcrumbList","@id":"https:\/\/blog.saocamilo-sp.br\/index.php\/2023\/11\/28\/sao-camilo-oducal\/#breadcrumb","itemListElement":[{"@type":"ListItem","position":1,"name":"In\u00edcio","item":"https:\/\/blog.saocamilo-sp.br\/"},{"@type":"ListItem","position":2,"name":"Internacional: S\u00e3o Camilo participa de eventos da ODUCAL na Argentina"}]},{"@type":"WebSite","@id":"https:\/\/blog.saocamilo-sp.br\/#website","url":"https:\/\/blog.saocamilo-sp.br\/","name":"Blog S\u00e3o Camilo","description":"Blog do Centro Universit\u00e1rio S\u00e3o Camilo","publisher":{"@id":"https:\/\/blog.saocamilo-sp.br\/#organization"},"potentialAction":[{"@type":"SearchAction","target":{"@type":"EntryPoint","urlTemplate":"https:\/\/blog.saocamilo-sp.br\/?s={search_term_string}"},"query-input":{"@type":"PropertyValueSpecification","valueRequired":true,"valueName":"search_term_string"}}],"inLanguage":"pt-BR"},{"@type":"Organization","@id":"https:\/\/blog.saocamilo-sp.br\/#organization","name":"Blog S\u00e3o Camilo","url":"https:\/\/blog.saocamilo-sp.br\/","logo":{"@type":"ImageObject","inLanguage":"pt-BR","@id":"https:\/\/blog.saocamilo-sp.br\/#\/schema\/logo\/image\/","url":"https:\/\/blog.saocamilo-sp.br\/wp-content\/uploads\/2021\/12\/cropped-vazio-logo-topo.png","contentUrl":"https:\/\/blog.saocamilo-sp.br\/wp-content\/uploads\/2021\/12\/cropped-vazio-logo-topo.png","width":320,"height":240,"caption":"Blog S\u00e3o Camilo"},"image":{"@id":"https:\/\/blog.saocamilo-sp.br\/#\/schema\/logo\/image\/"},"sameAs":["https:\/\/www.facebook.com\/saocamilosp","https:\/\/x.com\/saocamilosp","https:\/\/www.linkedin.com\/school\/centro-universit-rio-s-o-camilo\/"]},{"@type":"Person","@id":"https:\/\/blog.saocamilo-sp.br\/#\/schema\/person\/1a99645faaab0bb55105f817e866e19b","name":"Leandro Lafr\u00e1gola","image":{"@type":"ImageObject","inLanguage":"pt-BR","@id":"https:\/\/secure.gravatar.com\/avatar\/ec4232fb8d50d80f1c672353dc4c2876490e6a0a2a33d6572c0ba1fb78f115cf?s=96&d=mm&r=g","url":"https:\/\/secure.gravatar.com\/avatar\/ec4232fb8d50d80f1c672353dc4c2876490e6a0a2a33d6572c0ba1fb78f115cf?s=96&d=mm&r=g","contentUrl":"https:\/\/secure.gravatar.com\/avatar\/ec4232fb8d50d80f1c672353dc4c2876490e6a0a2a33d6572c0ba1fb78f115cf?s=96&d=mm&r=g","caption":"Leandro Lafr\u00e1gola"},"url":"https:\/\/blog.saocamilo-sp.br\/index.php\/author\/llafragola\/"}]}},"_links":{"self":[{"href":"https:\/\/blog.saocamilo-sp.br\/index.php\/wp-json\/wp\/v2\/posts\/2031","targetHints":{"allow":["GET"]}}],"collection":[{"href":"https:\/\/blog.saocamilo-sp.br\/index.php\/wp-json\/wp\/v2\/posts"}],"about":[{"href":"https:\/\/blog.saocamilo-sp.br\/index.php\/wp-json\/wp\/v2\/types\/post"}],"author":[{"embeddable":true,"href":"https:\/\/blog.saocamilo-sp.br\/index.php\/wp-json\/wp\/v2\/users\/13"}],"replies":[{"embeddable":true,"href":"https:\/\/blog.saocamilo-sp.br\/index.php\/wp-json\/wp\/v2\/comments?post=2031"}],"version-history":[{"count":5,"href":"https:\/\/blog.saocamilo-sp.br\/index.php\/wp-json\/wp\/v2\/posts\/2031\/revisions"}],"predecessor-version":[{"id":2050,"href":"https:\/\/blog.saocamilo-sp.br\/index.php\/wp-json\/wp\/v2\/posts\/2031\/revisions\/2050"}],"wp:featuredmedia":[{"embeddable":true,"href":"https:\/\/blog.saocamilo-sp.br\/index.php\/wp-json\/wp\/v2\/media\/2032"}],"wp:attachment":[{"href":"https:\/\/blog.saocamilo-sp.br\/index.php\/wp-json\/wp\/v2\/media?parent=2031"}],"wp:term":[{"taxonomy":"category","embeddable":true,"href":"https:\/\/blog.saocamilo-sp.br\/index.php\/wp-json\/wp\/v2\/categories?post=2031"},{"taxonomy":"post_tag","embeddable":true,"href":"https:\/\/blog.saocamilo-sp.br\/index.php\/wp-json\/wp\/v2\/tags?post=2031"}],"curies":[{"name":"wp","href":"https:\/\/api.w.org\/{rel}","templated":true}]}}