{"id":2051,"date":"2023-11-28T19:06:30","date_gmt":"2023-11-28T22:06:30","guid":{"rendered":"https:\/\/blog.saocamilo-sp.br\/?p=2051"},"modified":"2023-11-29T12:43:38","modified_gmt":"2023-11-29T15:43:38","slug":"palestra-novembro-azul","status":"publish","type":"post","link":"https:\/\/blog.saocamilo-sp.br\/index.php\/2023\/11\/28\/palestra-novembro-azul\/","title":{"rendered":"Novembro Azul: docente de medicina fala sobre o c\u00e2ncer de pr\u00f3stata"},"content":{"rendered":"\n<p>Neste m\u00eas dedicado \u00e0 sa\u00fade masculina, o <a href=\"https:\/\/saocamilo-sp.br\/\" target=\"_blank\" rel=\"noreferrer noopener\">Centro Universit\u00e1rio S\u00e3o Camilo<\/a> promoveu um evento especial de conscientiza\u00e7\u00e3o sobre o c\u00e2ncer de pr\u00f3stata. No dia 28 de novembro, colaboradores dos tr\u00eas campi tiveram a oportunidade de participar de uma palestra especial da campanha Novembro Azul.  Ela foi ministrada pelo m\u00e9dico urologista e docente do curso de medicina da institui\u00e7\u00e3o, Dr. \u00c1lvaro Alexandre Dias Bosco.<\/p>\n\n\n\n<h2 class=\"wp-block-heading\">Novembro Azul: entendendo o C\u00e2ncer de Pr\u00f3stata<\/h2>\n\n\n\n<p>O especialista destacou que, na maioria dos casos, embora seja um c\u00e2ncer com cresciento lento e  sem apresenta\u00e7\u00e3o sintomas, a preven\u00e7\u00e3o e o diagn\u00f3stico precoce s\u00e3o cruciais.<\/p>\n\n\n\n<figure class=\"wp-block-image size-full\"><img loading=\"lazy\" decoding=\"async\" width=\"906\" height=\"778\" src=\"https:\/\/blog.saocamilo-sp.br\/wp-content\/uploads\/2023\/11\/image.png\" alt=\"\" class=\"wp-image-2053\"\/><\/figure>\n\n\n\n<p><br>Dr. \u00c1lvaro tamb\u00e9m explicou os fatores de risco, como idade, hist\u00f3rico familiar e sobrepeso, al\u00e9m da alimenta\u00e7\u00e3o. Tamb\u00e9m enfatizou sobre a import\u00e2ncia de h\u00e1bitos saud\u00e1veis na redu\u00e7\u00e3o do risco de v\u00e1rias doen\u00e7as, incluindo o c\u00e2ncer de pr\u00f3stata, como por exemplo a atividade f\u00edsica regular.<\/p>\n\n\n\n<p>Da mesma forma, o especialista tamb\u00e9m destacou os exames utilizados para a investiga\u00e7\u00e3o do c\u00e2ncer de pr\u00f3stata, como o exame de toque retal e exame de PSA.<\/p>\n\n\n\n<p><\/p>\n\n\n\n<h2 class=\"wp-block-heading\">Campus Ipiranga, Pompeia e PROMOVE conectados pela Sa\u00fade Masculina<\/h2>\n\n\n\n<p>Assim, a palestra realizada no Campus Ipiranga, alcan\u00e7ou colaboradores em outros campi por meio de uma transmiss\u00e3o especial para as unidades Pompeia e Cl\u00ednica-escola PROMOVE. J\u00e1 que, essa iniciativa teve o objetivo de envolver toda a comunidade acad\u00eamica na dissemina\u00e7\u00e3o de informa\u00e7\u00f5es essenciais sobre a sa\u00fade masculina.<\/p>\n\n\n\n<figure class=\"wp-block-gallery has-nested-images columns-default is-cropped wp-block-gallery-1 is-layout-flex wp-block-gallery-is-layout-flex\">\n<figure class=\"wp-block-image size-large\"><img loading=\"lazy\" decoding=\"async\" width=\"1280\" height=\"960\" data-id=\"2062\" src=\"https:\/\/blog.saocamilo-sp.br\/wp-content\/uploads\/2023\/11\/WhatsApp-Image-2023-11-28-at-15.44.18-1-1.jpeg\" alt=\"\" class=\"wp-image-2062\"\/><figcaption class=\"wp-element-caption\">Campus Ipiranga<\/figcaption><\/figure>\n\n\n\n<figure class=\"wp-block-image size-large\"><img loading=\"lazy\" decoding=\"async\" width=\"1402\" height=\"896\" data-id=\"2064\" src=\"https:\/\/blog.saocamilo-sp.br\/wp-content\/uploads\/2023\/11\/Pompeia-foto-geral.jpeg\" alt=\"\" class=\"wp-image-2064\"\/><figcaption class=\"wp-element-caption\">Campus Pompeia<\/figcaption><\/figure>\n\n\n\n<figure class=\"wp-block-image size-large\"><img loading=\"lazy\" decoding=\"async\" width=\"971\" height=\"639\" data-id=\"2063\" src=\"https:\/\/blog.saocamilo-sp.br\/wp-content\/uploads\/2023\/11\/Promove-foto-geral.jpeg\" alt=\"\" class=\"wp-image-2063\"\/><figcaption class=\"wp-element-caption\">Cl\u00ednica-Escola PROMOVE<\/figcaption><\/figure>\n<\/figure>\n\n\n\n<h2 class=\"wp-block-heading\"><br>Novembro Azul: a import\u00e2ncia da preven\u00e7\u00e3o<\/h2>\n\n\n\n<p>A participa\u00e7\u00e3o do docente e urologista, Dr. \u00c1lvaro Bosco, na palestra sobre o c\u00e2ncer de pr\u00f3stata durante o \u201cNovembro Azul\u201d do Centro Universit\u00e1rio S\u00e3o Camilo, refor\u00e7a o compromisso da institui\u00e7\u00e3o com a sa\u00fade e o bem-estar da comunidade acad\u00eamica. Dessa maneira, ao disseminar informa\u00e7\u00f5es claras sobre a preven\u00e7\u00e3o e os sinais do c\u00e2ncer de pr\u00f3stata, o evento contribui para a conscientiza\u00e7\u00e3o e promo\u00e7\u00e3o de h\u00e1bitos saud\u00e1veis principalmente entre os colaboradores.<\/p>\n\n\n\n<p><\/p>\n\n\n\n<h2 class=\"wp-block-heading\">Sobre o palestrante<\/h2>\n\n\n<div class=\"wp-block-image\">\n<figure class=\"aligncenter size-full is-resized\"><img loading=\"lazy\" decoding=\"async\" src=\"https:\/\/blog.saocamilo-sp.br\/wp-content\/uploads\/2023\/11\/Alvaro.png\" alt=\"\" class=\"wp-image-2054\" width=\"253\" height=\"272\"\/><figcaption class=\"wp-element-caption\">Alvaro Alexandre Dias Bosco<\/figcaption><\/figure>\n<\/div>\n\n\n<p>Gradua\u00e7\u00e3o em Medicina pela Universidade Estadual de Londrina (2004). Resid\u00eancia m\u00e9dica em Cirurgia Geral pela Santa Casa de Miseric\u00f3rdia de S\u00e3o Paulo (2006). Resid\u00eancia m\u00e9dica em Urologia pelo Hospital Professor Edmundo Vasconcelos (2010). T\u00edtulo de Especialista pela Sociedade Brasileira de Urologia (2010). Mestrado em Uro-Oncologia pelo Hospital do C\u00e2ncer A.C. Camargo &#8211; Funda\u00e7\u00e3o Ant\u00f4nio Prudente (2012). Coordenador da Urologia do Hospital S\u00e3o Camilo Oncologia Orientador da Liga Acad\u00eamica de Urologia da S\u00e3o Camilo (LAUSC) Assistente da Resid\u00eancia de Urologia do Hospital Israelita Albert Einstein (HIAE) Docente e Coordenador da Disciplina de Urologia da Gradua\u00e7\u00e3o em Medicina do Centro Universit\u00e1rio S\u00e3o Camilo (CUSC) Membro do N\u00facleo Docente Estruturante (NDE) do curso de Medicina do Centro Universit\u00e1rio S\u00e3o Camilo (CUSC).<\/p>\n\n\n\n<p>Veja tamb\u00e9m:<br><a href=\"https:\/\/blog.saocamilo-sp.br\/index.php\/2023\/02\/13\/curso-de-medicina-do-centro-universitario-sao-camilo-recebe-certificacao-do-cfm\/\">Medicina da S\u00e3o Camilo recebe certifica\u00e7\u00e3o do CFM<\/a><br><a href=\"https:\/\/blog.saocamilo-sp.br\/index.php\/2023\/10\/19\/cancer-de-mama\/\">Outubro Rosa: Preven\u00e7\u00e3o e Conscientiza\u00e7\u00e3o sobre o C\u00e2ncer de Mama<\/a><br><a href=\"https:\/\/blog.saocamilo-sp.br\/index.php\/2023\/09\/14\/parceria-entre-a-clinica-escola-promove-sao-camilo-e-o-instituto-baccarelli-transforma-vidas-com-musica-e-cuidado\/\">Cl\u00ednica-escola PROMOVE S\u00e3o Camilo e Instituto Baccarelli: arte e cuidado mudam vidas<\/a><\/p>\n\n\n\n<p>Saiba mais sobre nossos cursos:<\/p>\n\n\n\n<iframe loading=\"lazy\" src=\"https:\/\/saocamilo.apprbs.com.br\/tenho-interesse-blog\" height=\"530px\" width=\"100%\" frameborder=\"0\"><\/iframe>\n\n\n\n<p>Compartilhe em:<\/p>\n","protected":false},"excerpt":{"rendered":"<p>Colaboradores participam de palestra ministrada pelo m\u00e9dico urologista e docente do curso de medicina, Dr. \u00c1lvaro Alexandre Dias Bosco.<\/p>\n","protected":false},"author":13,"featured_media":2052,"comment_status":"open","ping_status":"open","sticky":false,"template":"","format":"standard","meta":{"cybocfi_hide_featured_image":"","footnotes":""},"categories":[30,79],"tags":[12,123,17],"class_list":["post-2051","post","type-post","status-publish","format-standard","has-post-thumbnail","hentry","category-medicina","category-saude","tag-medicina","tag-novembroazul","tag-saude"],"yoast_head":"<!-- This site is optimized with the Yoast SEO plugin v27.5 - https:\/\/yoast.com\/product\/yoast-seo-wordpress\/ -->\n<title>Novembro Azul: docente de medicina fala sobre o c\u00e2ncer de pr\u00f3stata<\/title>\n<meta name=\"description\" content=\"Colaboradores participam de palestra ministrada pelo m\u00e9dico urologista e docente do curso de medicina, Dr. \u00c1lvaro Alexandre Dias Bosco.\" \/>\n<meta name=\"robots\" content=\"index, follow, max-snippet:-1, max-image-preview:large, max-video-preview:-1\" \/>\n<link rel=\"canonical\" href=\"https:\/\/blog.saocamilo-sp.br\/index.php\/2023\/11\/28\/palestra-novembro-azul\/\" \/>\n<meta property=\"og:locale\" content=\"pt_BR\" \/>\n<meta property=\"og:type\" content=\"article\" \/>\n<meta property=\"og:title\" content=\"Novembro Azul: docente de medicina fala sobre o c\u00e2ncer de pr\u00f3stata\" \/>\n<meta property=\"og:description\" content=\"Colaboradores participam de palestra ministrada pelo m\u00e9dico urologista e docente do curso de medicina, Dr. \u00c1lvaro Alexandre Dias Bosco.\" \/>\n<meta property=\"og:url\" content=\"https:\/\/blog.saocamilo-sp.br\/index.php\/2023\/11\/28\/palestra-novembro-azul\/\" \/>\n<meta property=\"og:site_name\" content=\"Blog S\u00e3o Camilo\" \/>\n<meta property=\"article:publisher\" content=\"https:\/\/www.facebook.com\/saocamilosp\" \/>\n<meta property=\"article:published_time\" content=\"2023-11-28T22:06:30+00:00\" \/>\n<meta property=\"article:modified_time\" content=\"2023-11-29T15:43:38+00:00\" \/>\n<meta property=\"og:image\" content=\"https:\/\/blog.saocamilo-sp.br\/wp-content\/uploads\/2023\/11\/11_topo_novembro_azul.png\" \/>\n\t<meta property=\"og:image:width\" content=\"1250\" \/>\n\t<meta property=\"og:image:height\" content=\"833\" \/>\n\t<meta property=\"og:image:type\" content=\"image\/png\" \/>\n<meta name=\"author\" content=\"Leandro Lafr\u00e1gola\" \/>\n<meta name=\"twitter:card\" content=\"summary_large_image\" \/>\n<meta name=\"twitter:creator\" content=\"@saocamilosp\" \/>\n<meta name=\"twitter:site\" content=\"@saocamilosp\" \/>\n<meta name=\"twitter:label1\" content=\"Escrito por\" \/>\n\t<meta name=\"twitter:data1\" content=\"Leandro Lafr\u00e1gola\" \/>\n\t<meta name=\"twitter:label2\" content=\"Est. tempo de leitura\" \/>\n\t<meta name=\"twitter:data2\" content=\"4 minutos\" \/>\n<script type=\"application\/ld+json\" class=\"yoast-schema-graph\">{\"@context\":\"https:\\\/\\\/schema.org\",\"@graph\":[{\"@type\":\"Article\",\"@id\":\"https:\\\/\\\/blog.saocamilo-sp.br\\\/index.php\\\/2023\\\/11\\\/28\\\/palestra-novembro-azul\\\/#article\",\"isPartOf\":{\"@id\":\"https:\\\/\\\/blog.saocamilo-sp.br\\\/index.php\\\/2023\\\/11\\\/28\\\/palestra-novembro-azul\\\/\"},\"author\":{\"name\":\"Leandro Lafr\u00e1gola\",\"@id\":\"https:\\\/\\\/blog.saocamilo-sp.br\\\/#\\\/schema\\\/person\\\/1a99645faaab0bb55105f817e866e19b\"},\"headline\":\"Novembro Azul: docente de medicina fala sobre o c\u00e2ncer de pr\u00f3stata\",\"datePublished\":\"2023-11-28T22:06:30+00:00\",\"dateModified\":\"2023-11-29T15:43:38+00:00\",\"mainEntityOfPage\":{\"@id\":\"https:\\\/\\\/blog.saocamilo-sp.br\\\/index.php\\\/2023\\\/11\\\/28\\\/palestra-novembro-azul\\\/\"},\"wordCount\":569,\"commentCount\":0,\"publisher\":{\"@id\":\"https:\\\/\\\/blog.saocamilo-sp.br\\\/#organization\"},\"image\":{\"@id\":\"https:\\\/\\\/blog.saocamilo-sp.br\\\/index.php\\\/2023\\\/11\\\/28\\\/palestra-novembro-azul\\\/#primaryimage\"},\"thumbnailUrl\":\"https:\\\/\\\/blog.saocamilo-sp.br\\\/wp-content\\\/uploads\\\/2023\\\/11\\\/11_topo_novembro_azul.png\",\"keywords\":[\"Medicina\",\"novembroazul\",\"Sa\u00fade\"],\"articleSection\":[\"Medicina\",\"Sa\u00fade\"],\"inLanguage\":\"pt-BR\",\"potentialAction\":[{\"@type\":\"CommentAction\",\"name\":\"Comment\",\"target\":[\"https:\\\/\\\/blog.saocamilo-sp.br\\\/index.php\\\/2023\\\/11\\\/28\\\/palestra-novembro-azul\\\/#respond\"]}]},{\"@type\":\"WebPage\",\"@id\":\"https:\\\/\\\/blog.saocamilo-sp.br\\\/index.php\\\/2023\\\/11\\\/28\\\/palestra-novembro-azul\\\/\",\"url\":\"https:\\\/\\\/blog.saocamilo-sp.br\\\/index.php\\\/2023\\\/11\\\/28\\\/palestra-novembro-azul\\\/\",\"name\":\"Novembro Azul: docente de medicina fala sobre o c\u00e2ncer de pr\u00f3stata\",\"isPartOf\":{\"@id\":\"https:\\\/\\\/blog.saocamilo-sp.br\\\/#website\"},\"primaryImageOfPage\":{\"@id\":\"https:\\\/\\\/blog.saocamilo-sp.br\\\/index.php\\\/2023\\\/11\\\/28\\\/palestra-novembro-azul\\\/#primaryimage\"},\"image\":{\"@id\":\"https:\\\/\\\/blog.saocamilo-sp.br\\\/index.php\\\/2023\\\/11\\\/28\\\/palestra-novembro-azul\\\/#primaryimage\"},\"thumbnailUrl\":\"https:\\\/\\\/blog.saocamilo-sp.br\\\/wp-content\\\/uploads\\\/2023\\\/11\\\/11_topo_novembro_azul.png\",\"datePublished\":\"2023-11-28T22:06:30+00:00\",\"dateModified\":\"2023-11-29T15:43:38+00:00\",\"description\":\"Colaboradores participam de palestra ministrada pelo m\u00e9dico urologista e docente do curso de medicina, Dr. \u00c1lvaro Alexandre Dias Bosco.\",\"breadcrumb\":{\"@id\":\"https:\\\/\\\/blog.saocamilo-sp.br\\\/index.php\\\/2023\\\/11\\\/28\\\/palestra-novembro-azul\\\/#breadcrumb\"},\"inLanguage\":\"pt-BR\",\"potentialAction\":[{\"@type\":\"ReadAction\",\"target\":[\"https:\\\/\\\/blog.saocamilo-sp.br\\\/index.php\\\/2023\\\/11\\\/28\\\/palestra-novembro-azul\\\/\"]}]},{\"@type\":\"ImageObject\",\"inLanguage\":\"pt-BR\",\"@id\":\"https:\\\/\\\/blog.saocamilo-sp.br\\\/index.php\\\/2023\\\/11\\\/28\\\/palestra-novembro-azul\\\/#primaryimage\",\"url\":\"https:\\\/\\\/blog.saocamilo-sp.br\\\/wp-content\\\/uploads\\\/2023\\\/11\\\/11_topo_novembro_azul.png\",\"contentUrl\":\"https:\\\/\\\/blog.saocamilo-sp.br\\\/wp-content\\\/uploads\\\/2023\\\/11\\\/11_topo_novembro_azul.png\",\"width\":1250,\"height\":833,\"caption\":\"Palestra Novembro Azul\"},{\"@type\":\"BreadcrumbList\",\"@id\":\"https:\\\/\\\/blog.saocamilo-sp.br\\\/index.php\\\/2023\\\/11\\\/28\\\/palestra-novembro-azul\\\/#breadcrumb\",\"itemListElement\":[{\"@type\":\"ListItem\",\"position\":1,\"name\":\"In\u00edcio\",\"item\":\"https:\\\/\\\/blog.saocamilo-sp.br\\\/\"},{\"@type\":\"ListItem\",\"position\":2,\"name\":\"Novembro Azul: docente de medicina fala sobre o c\u00e2ncer de pr\u00f3stata\"}]},{\"@type\":\"WebSite\",\"@id\":\"https:\\\/\\\/blog.saocamilo-sp.br\\\/#website\",\"url\":\"https:\\\/\\\/blog.saocamilo-sp.br\\\/\",\"name\":\"Blog S\u00e3o Camilo\",\"description\":\"Blog do Centro Universit\u00e1rio S\u00e3o Camilo\",\"publisher\":{\"@id\":\"https:\\\/\\\/blog.saocamilo-sp.br\\\/#organization\"},\"potentialAction\":[{\"@type\":\"SearchAction\",\"target\":{\"@type\":\"EntryPoint\",\"urlTemplate\":\"https:\\\/\\\/blog.saocamilo-sp.br\\\/?s={search_term_string}\"},\"query-input\":{\"@type\":\"PropertyValueSpecification\",\"valueRequired\":true,\"valueName\":\"search_term_string\"}}],\"inLanguage\":\"pt-BR\"},{\"@type\":\"Organization\",\"@id\":\"https:\\\/\\\/blog.saocamilo-sp.br\\\/#organization\",\"name\":\"Blog S\u00e3o Camilo\",\"url\":\"https:\\\/\\\/blog.saocamilo-sp.br\\\/\",\"logo\":{\"@type\":\"ImageObject\",\"inLanguage\":\"pt-BR\",\"@id\":\"https:\\\/\\\/blog.saocamilo-sp.br\\\/#\\\/schema\\\/logo\\\/image\\\/\",\"url\":\"https:\\\/\\\/blog.saocamilo-sp.br\\\/wp-content\\\/uploads\\\/2021\\\/12\\\/cropped-vazio-logo-topo.png\",\"contentUrl\":\"https:\\\/\\\/blog.saocamilo-sp.br\\\/wp-content\\\/uploads\\\/2021\\\/12\\\/cropped-vazio-logo-topo.png\",\"width\":320,\"height\":240,\"caption\":\"Blog S\u00e3o Camilo\"},\"image\":{\"@id\":\"https:\\\/\\\/blog.saocamilo-sp.br\\\/#\\\/schema\\\/logo\\\/image\\\/\"},\"sameAs\":[\"https:\\\/\\\/www.facebook.com\\\/saocamilosp\",\"https:\\\/\\\/x.com\\\/saocamilosp\",\"https:\\\/\\\/www.linkedin.com\\\/school\\\/centro-universit-rio-s-o-camilo\\\/\"]},{\"@type\":\"Person\",\"@id\":\"https:\\\/\\\/blog.saocamilo-sp.br\\\/#\\\/schema\\\/person\\\/1a99645faaab0bb55105f817e866e19b\",\"name\":\"Leandro Lafr\u00e1gola\",\"image\":{\"@type\":\"ImageObject\",\"inLanguage\":\"pt-BR\",\"@id\":\"https:\\\/\\\/secure.gravatar.com\\\/avatar\\\/ec4232fb8d50d80f1c672353dc4c2876490e6a0a2a33d6572c0ba1fb78f115cf?s=96&d=mm&r=g\",\"url\":\"https:\\\/\\\/secure.gravatar.com\\\/avatar\\\/ec4232fb8d50d80f1c672353dc4c2876490e6a0a2a33d6572c0ba1fb78f115cf?s=96&d=mm&r=g\",\"contentUrl\":\"https:\\\/\\\/secure.gravatar.com\\\/avatar\\\/ec4232fb8d50d80f1c672353dc4c2876490e6a0a2a33d6572c0ba1fb78f115cf?s=96&d=mm&r=g\",\"caption\":\"Leandro Lafr\u00e1gola\"},\"url\":\"https:\\\/\\\/blog.saocamilo-sp.br\\\/index.php\\\/author\\\/llafragola\\\/\"}]}<\/script>\n<!-- \/ Yoast SEO plugin. -->","yoast_head_json":{"title":"Novembro Azul: docente de medicina fala sobre o c\u00e2ncer de pr\u00f3stata","description":"Colaboradores participam de palestra ministrada pelo m\u00e9dico urologista e docente do curso de medicina, Dr. \u00c1lvaro Alexandre Dias Bosco.","robots":{"index":"index","follow":"follow","max-snippet":"max-snippet:-1","max-image-preview":"max-image-preview:large","max-video-preview":"max-video-preview:-1"},"canonical":"https:\/\/blog.saocamilo-sp.br\/index.php\/2023\/11\/28\/palestra-novembro-azul\/","og_locale":"pt_BR","og_type":"article","og_title":"Novembro Azul: docente de medicina fala sobre o c\u00e2ncer de pr\u00f3stata","og_description":"Colaboradores participam de palestra ministrada pelo m\u00e9dico urologista e docente do curso de medicina, Dr. \u00c1lvaro Alexandre Dias Bosco.","og_url":"https:\/\/blog.saocamilo-sp.br\/index.php\/2023\/11\/28\/palestra-novembro-azul\/","og_site_name":"Blog S\u00e3o Camilo","article_publisher":"https:\/\/www.facebook.com\/saocamilosp","article_published_time":"2023-11-28T22:06:30+00:00","article_modified_time":"2023-11-29T15:43:38+00:00","og_image":[{"width":1250,"height":833,"url":"https:\/\/blog.saocamilo-sp.br\/wp-content\/uploads\/2023\/11\/11_topo_novembro_azul.png","type":"image\/png"}],"author":"Leandro Lafr\u00e1gola","twitter_card":"summary_large_image","twitter_creator":"@saocamilosp","twitter_site":"@saocamilosp","twitter_misc":{"Escrito por":"Leandro Lafr\u00e1gola","Est. tempo de leitura":"4 minutos"},"schema":{"@context":"https:\/\/schema.org","@graph":[{"@type":"Article","@id":"https:\/\/blog.saocamilo-sp.br\/index.php\/2023\/11\/28\/palestra-novembro-azul\/#article","isPartOf":{"@id":"https:\/\/blog.saocamilo-sp.br\/index.php\/2023\/11\/28\/palestra-novembro-azul\/"},"author":{"name":"Leandro Lafr\u00e1gola","@id":"https:\/\/blog.saocamilo-sp.br\/#\/schema\/person\/1a99645faaab0bb55105f817e866e19b"},"headline":"Novembro Azul: docente de medicina fala sobre o c\u00e2ncer de pr\u00f3stata","datePublished":"2023-11-28T22:06:30+00:00","dateModified":"2023-11-29T15:43:38+00:00","mainEntityOfPage":{"@id":"https:\/\/blog.saocamilo-sp.br\/index.php\/2023\/11\/28\/palestra-novembro-azul\/"},"wordCount":569,"commentCount":0,"publisher":{"@id":"https:\/\/blog.saocamilo-sp.br\/#organization"},"image":{"@id":"https:\/\/blog.saocamilo-sp.br\/index.php\/2023\/11\/28\/palestra-novembro-azul\/#primaryimage"},"thumbnailUrl":"https:\/\/blog.saocamilo-sp.br\/wp-content\/uploads\/2023\/11\/11_topo_novembro_azul.png","keywords":["Medicina","novembroazul","Sa\u00fade"],"articleSection":["Medicina","Sa\u00fade"],"inLanguage":"pt-BR","potentialAction":[{"@type":"CommentAction","name":"Comment","target":["https:\/\/blog.saocamilo-sp.br\/index.php\/2023\/11\/28\/palestra-novembro-azul\/#respond"]}]},{"@type":"WebPage","@id":"https:\/\/blog.saocamilo-sp.br\/index.php\/2023\/11\/28\/palestra-novembro-azul\/","url":"https:\/\/blog.saocamilo-sp.br\/index.php\/2023\/11\/28\/palestra-novembro-azul\/","name":"Novembro Azul: docente de medicina fala sobre o c\u00e2ncer de pr\u00f3stata","isPartOf":{"@id":"https:\/\/blog.saocamilo-sp.br\/#website"},"primaryImageOfPage":{"@id":"https:\/\/blog.saocamilo-sp.br\/index.php\/2023\/11\/28\/palestra-novembro-azul\/#primaryimage"},"image":{"@id":"https:\/\/blog.saocamilo-sp.br\/index.php\/2023\/11\/28\/palestra-novembro-azul\/#primaryimage"},"thumbnailUrl":"https:\/\/blog.saocamilo-sp.br\/wp-content\/uploads\/2023\/11\/11_topo_novembro_azul.png","datePublished":"2023-11-28T22:06:30+00:00","dateModified":"2023-11-29T15:43:38+00:00","description":"Colaboradores participam de palestra ministrada pelo m\u00e9dico urologista e docente do curso de medicina, Dr. \u00c1lvaro Alexandre Dias Bosco.","breadcrumb":{"@id":"https:\/\/blog.saocamilo-sp.br\/index.php\/2023\/11\/28\/palestra-novembro-azul\/#breadcrumb"},"inLanguage":"pt-BR","potentialAction":[{"@type":"ReadAction","target":["https:\/\/blog.saocamilo-sp.br\/index.php\/2023\/11\/28\/palestra-novembro-azul\/"]}]},{"@type":"ImageObject","inLanguage":"pt-BR","@id":"https:\/\/blog.saocamilo-sp.br\/index.php\/2023\/11\/28\/palestra-novembro-azul\/#primaryimage","url":"https:\/\/blog.saocamilo-sp.br\/wp-content\/uploads\/2023\/11\/11_topo_novembro_azul.png","contentUrl":"https:\/\/blog.saocamilo-sp.br\/wp-content\/uploads\/2023\/11\/11_topo_novembro_azul.png","width":1250,"height":833,"caption":"Palestra Novembro Azul"},{"@type":"BreadcrumbList","@id":"https:\/\/blog.saocamilo-sp.br\/index.php\/2023\/11\/28\/palestra-novembro-azul\/#breadcrumb","itemListElement":[{"@type":"ListItem","position":1,"name":"In\u00edcio","item":"https:\/\/blog.saocamilo-sp.br\/"},{"@type":"ListItem","position":2,"name":"Novembro Azul: docente de medicina fala sobre o c\u00e2ncer de pr\u00f3stata"}]},{"@type":"WebSite","@id":"https:\/\/blog.saocamilo-sp.br\/#website","url":"https:\/\/blog.saocamilo-sp.br\/","name":"Blog S\u00e3o Camilo","description":"Blog do Centro Universit\u00e1rio S\u00e3o Camilo","publisher":{"@id":"https:\/\/blog.saocamilo-sp.br\/#organization"},"potentialAction":[{"@type":"SearchAction","target":{"@type":"EntryPoint","urlTemplate":"https:\/\/blog.saocamilo-sp.br\/?s={search_term_string}"},"query-input":{"@type":"PropertyValueSpecification","valueRequired":true,"valueName":"search_term_string"}}],"inLanguage":"pt-BR"},{"@type":"Organization","@id":"https:\/\/blog.saocamilo-sp.br\/#organization","name":"Blog S\u00e3o Camilo","url":"https:\/\/blog.saocamilo-sp.br\/","logo":{"@type":"ImageObject","inLanguage":"pt-BR","@id":"https:\/\/blog.saocamilo-sp.br\/#\/schema\/logo\/image\/","url":"https:\/\/blog.saocamilo-sp.br\/wp-content\/uploads\/2021\/12\/cropped-vazio-logo-topo.png","contentUrl":"https:\/\/blog.saocamilo-sp.br\/wp-content\/uploads\/2021\/12\/cropped-vazio-logo-topo.png","width":320,"height":240,"caption":"Blog S\u00e3o Camilo"},"image":{"@id":"https:\/\/blog.saocamilo-sp.br\/#\/schema\/logo\/image\/"},"sameAs":["https:\/\/www.facebook.com\/saocamilosp","https:\/\/x.com\/saocamilosp","https:\/\/www.linkedin.com\/school\/centro-universit-rio-s-o-camilo\/"]},{"@type":"Person","@id":"https:\/\/blog.saocamilo-sp.br\/#\/schema\/person\/1a99645faaab0bb55105f817e866e19b","name":"Leandro Lafr\u00e1gola","image":{"@type":"ImageObject","inLanguage":"pt-BR","@id":"https:\/\/secure.gravatar.com\/avatar\/ec4232fb8d50d80f1c672353dc4c2876490e6a0a2a33d6572c0ba1fb78f115cf?s=96&d=mm&r=g","url":"https:\/\/secure.gravatar.com\/avatar\/ec4232fb8d50d80f1c672353dc4c2876490e6a0a2a33d6572c0ba1fb78f115cf?s=96&d=mm&r=g","contentUrl":"https:\/\/secure.gravatar.com\/avatar\/ec4232fb8d50d80f1c672353dc4c2876490e6a0a2a33d6572c0ba1fb78f115cf?s=96&d=mm&r=g","caption":"Leandro Lafr\u00e1gola"},"url":"https:\/\/blog.saocamilo-sp.br\/index.php\/author\/llafragola\/"}]}},"_links":{"self":[{"href":"https:\/\/blog.saocamilo-sp.br\/index.php\/wp-json\/wp\/v2\/posts\/2051","targetHints":{"allow":["GET"]}}],"collection":[{"href":"https:\/\/blog.saocamilo-sp.br\/index.php\/wp-json\/wp\/v2\/posts"}],"about":[{"href":"https:\/\/blog.saocamilo-sp.br\/index.php\/wp-json\/wp\/v2\/types\/post"}],"author":[{"embeddable":true,"href":"https:\/\/blog.saocamilo-sp.br\/index.php\/wp-json\/wp\/v2\/users\/13"}],"replies":[{"embeddable":true,"href":"https:\/\/blog.saocamilo-sp.br\/index.php\/wp-json\/wp\/v2\/comments?post=2051"}],"version-history":[{"count":4,"href":"https:\/\/blog.saocamilo-sp.br\/index.php\/wp-json\/wp\/v2\/posts\/2051\/revisions"}],"predecessor-version":[{"id":2065,"href":"https:\/\/blog.saocamilo-sp.br\/index.php\/wp-json\/wp\/v2\/posts\/2051\/revisions\/2065"}],"wp:featuredmedia":[{"embeddable":true,"href":"https:\/\/blog.saocamilo-sp.br\/index.php\/wp-json\/wp\/v2\/media\/2052"}],"wp:attachment":[{"href":"https:\/\/blog.saocamilo-sp.br\/index.php\/wp-json\/wp\/v2\/media?parent=2051"}],"wp:term":[{"taxonomy":"category","embeddable":true,"href":"https:\/\/blog.saocamilo-sp.br\/index.php\/wp-json\/wp\/v2\/categories?post=2051"},{"taxonomy":"post_tag","embeddable":true,"href":"https:\/\/blog.saocamilo-sp.br\/index.php\/wp-json\/wp\/v2\/tags?post=2051"}],"curies":[{"name":"wp","href":"https:\/\/api.w.org\/{rel}","templated":true}]}}