{"id":2067,"date":"2023-12-02T17:11:41","date_gmt":"2023-12-02T20:11:41","guid":{"rendered":"https:\/\/blog.saocamilo-sp.br\/?p=2067"},"modified":"2023-12-02T18:11:15","modified_gmt":"2023-12-02T21:11:15","slug":"medicina-sao-camilo-conquista-a-certificacao-do-cfm","status":"publish","type":"post","link":"https:\/\/blog.saocamilo-sp.br\/index.php\/2023\/12\/02\/medicina-sao-camilo-conquista-a-certificacao-do-cfm\/","title":{"rendered":"Medicina S\u00e3o Camilo conquista certifica\u00e7\u00e3o do Sistema de Acredita\u00e7\u00e3o de Escolas M\u00e9dicas &#8211; CFM"},"content":{"rendered":"\n<p>Com alegria, anunciamos que o curso de Medicina do Centro Universit\u00e1rio S\u00e3o Camilo conquistou a certifica\u00e7\u00e3o pelo Sistema de Acredita\u00e7\u00e3o de Escolas M\u00e9dicas (SAEME &#8211; CFM), do&nbsp;<a href=\"https:\/\/www.linkedin.com\/company\/conselhofederaldemedicina\/\">Conselho Federal de Medicina &#8211; CFM<\/a>.<\/p>\n\n\n\n<h2 class=\"wp-block-heading\">A entrega da certifica\u00e7\u00e3o SAEME-CFM<\/h2>\n\n\n\n<p>A certifica\u00e7\u00e3o foi recebida em Bras\u00edlia no m\u00eas de novembro de 2023, na sede do CFM, pela Reitoria e coordena\u00e7\u00e3o do curso. Estiveram presentes na sess\u00e3o: Pe. Jo\u00e3o Batista Gomes de Lima, Reitor, Prof. Dr.&nbsp;<a href=\"https:\/\/www.linkedin.com\/in\/ACoAAALBUKoB9NXTBQ8XKmnBCC8MlEfAmqjAI1A\">Carlos Ferrara Jr<\/a>, Pr\u00f3-Reitor Acad\u00eamico, al\u00e9m do Prof. Dr.&nbsp;<a href=\"https:\/\/www.linkedin.com\/in\/ACoAAAbcyesBWHHELurXx7WUaYieiaOxvAzAXLo\">Raphael Einsfeld<\/a>, coordenador do curso de Medicina e os adjuntos: Profa. Dra.&nbsp;<a href=\"https:\/\/www.linkedin.com\/in\/ACoAABgqQ1EBYqPFvygvvU3yVH3uvjAZ-byDQZs\">Fabia Vilarino MsC PhD<\/a>&nbsp;e Prof. Me.&nbsp;<a href=\"https:\/\/www.linkedin.com\/in\/ACoAAA1-HQUBOD5-FTT4AD8-JIJa5ONJOzGrpoQ\">Marcelo Ettruri Santos<\/a>.<\/p>\n\n\n\n<p><\/p>\n\n\n\n<h2 class=\"wp-block-heading\">Sobre o curso de Medicina da S\u00e3o Camilo<\/h2>\n\n\n\n<p>O curso de medicina do Centro Universit\u00e1rio S\u00e3o Camilo teve seu funcionamento autorizado pelo Minist\u00e9rio da Educa\u00e7\u00e3o no ano de 2007, momento que iniciamos com a primeira turma. Neste ano de 2023 completamos 16 anos de exist\u00eancia. Uma hist\u00f3ria que ainda caminha para a adolesc\u00eancia, mas com grandes conquistas e realiza\u00e7\u00f5es no meio da educa\u00e7\u00e3o. Em nossa \u00faltima formatura, atingimos a marca de 1.020 m\u00e9dicos formados. Atualmente possu\u00edmos 1.217 alunos matriculados no curso e cerca de 300 professores.<br><\/p>\n\n\n\n<h2 class=\"wp-block-heading\">Sobre a Certifica\u00e7\u00e3o SAEME do CFM<\/h2>\n\n\n\n<p>De fato, nossa mais recente conquista teve in\u00edcio em agosto de 2022, quando fomos visitados pelo Sistema de Acredita\u00e7\u00e3o de Escolas M\u00e9dicas (SAEME), que certificou a qualidade do curso de medicina. J\u00e1 que, foram mais de 80 indicadores qualitativos e quantitativos, em 5 dimens\u00f5es avaliadas &#8211; plano pedag\u00f3gico do curso, contexto pol\u00edtico educacional, corpo docente, corpo discente e ambiente educacional.<\/p>\n\n\n\n<p>Assim, o Certificado de Acredita\u00e7\u00e3o M\u00e9dica &#8211; SAEME atesta que o curso de Medicina da S\u00e3o Camilo cumpre os rigorosos padr\u00f5es de qualidade estabelecidos pelo conselho.<\/p>\n\n\n\n<p>O SAEME foi criado e implementado pelo Conselho Federal de Medicina (CFM), reconhecido internacionalmente pela World Federation for Medical Education. O certificado tem dura\u00e7\u00e3o de 6 anos, momento em que dever\u00e1 ser realizada nova visita para que haja a manuten\u00e7\u00e3o do selo de qualidade.<\/p>\n\n\n\n<p><\/p>\n\n\n\n<figure class=\"wp-block-gallery has-nested-images columns-default is-cropped wp-block-gallery-1 is-layout-flex wp-block-gallery-is-layout-flex\">\n<figure class=\"wp-block-image size-large\"><img loading=\"lazy\" decoding=\"async\" width=\"1600\" height=\"932\" data-id=\"2069\" src=\"https:\/\/blog.saocamilo-sp.br\/wp-content\/uploads\/2023\/12\/WhatsApp-Image-2023-11-30-at-11.08.55.jpeg\" alt=\"\" class=\"wp-image-2069\"\/><\/figure>\n\n\n\n<figure class=\"wp-block-image size-large\"><img loading=\"lazy\" decoding=\"async\" width=\"1106\" height=\"893\" data-id=\"2072\" src=\"https:\/\/blog.saocamilo-sp.br\/wp-content\/uploads\/2023\/12\/WhatsApp-Image-2023-11-30-at-11.08.53-2.jpeg\" alt=\"\" class=\"wp-image-2072\"\/><\/figure>\n\n\n\n<figure class=\"wp-block-image size-large\"><img loading=\"lazy\" decoding=\"async\" width=\"1542\" height=\"1223\" data-id=\"2071\" src=\"https:\/\/blog.saocamilo-sp.br\/wp-content\/uploads\/2023\/12\/WhatsApp-Image-2023-11-30-at-11.08.54-1-1.jpeg\" alt=\"\" class=\"wp-image-2071\"\/><\/figure>\n\n\n\n<figure class=\"wp-block-image size-large\"><img loading=\"lazy\" decoding=\"async\" width=\"1599\" height=\"1142\" data-id=\"2070\" src=\"https:\/\/blog.saocamilo-sp.br\/wp-content\/uploads\/2023\/12\/WhatsApp-Image-2023-11-30-at-11.08.54.jpeg\" alt=\"\" class=\"wp-image-2070\"\/><\/figure>\n<\/figure>\n\n\n\n<p><\/p>\n\n\n\n<h2 class=\"wp-block-heading\">Exclusividade da Certifica\u00e7\u00e3o <\/h2>\n\n\n\n<p>Das quase 400 faculdades de medicina existentes no pa\u00eds, somente 47 possuem esse valioso reconhecimento at\u00e9 o momento.<\/p>\n\n\n\n<p>Portanto, estamos orgulhosos dessa certifica\u00e7\u00e3o, que demonstra nosso compromisso com o ensino humanizado e de qualidade, e com a forma\u00e7\u00e3o de m\u00e9dicos de excel\u00eancia.<\/p>\n\n\n\n<p>Agradecemos a todos os envolvidos nesta conquista, especialmente aos nossos estudantes, professores, colaboradores, Reitoria, coordena\u00e7\u00e3o e parceiros. \ud83d\udc4f\ud83d\udc4f\ud83d\udc4f<\/p>\n\n\n\n<p>Juntos, formamos m\u00e9dicos que fazem a diferen\u00e7a na vida das pessoas!<br><\/p>\n\n\n\n<p>Veja tamb\u00e9m:<br><a href=\"https:\/\/blog.saocamilo-sp.br\/index.php\/2023\/04\/09\/sao-camilo-em-materia-da-band-sobre-graduacao-em-medicina\/\">S\u00e3o Camilo \u00e9 destaque em mat\u00e9ria da Band sobre gradua\u00e7\u00e3o em Medicina<\/a><br><a href=\"https:\/\/blog.saocamilo-sp.br\/index.php\/2022\/02\/10\/por-que-o-curso-de-medicina-e-tao-concorrido\/\">Por que o curso de Medicina \u00e9 t\u00e3o concorrido<\/a><\/p>\n\n\n\n<p>Saiba mais sobre nossos cursos:<\/p>\n\n\n\n<iframe loading=\"lazy\" src=\"https:\/\/saocamilo.apprbs.com.br\/tenho-interesse-blog\" height=\"530px\" width=\"100%\" frameborder=\"0\"><\/iframe>\n\n\n\n<p>Compartilhe em:<\/p>\n","protected":false},"excerpt":{"rendered":"<p>O Certificado de Acredita\u00e7\u00e3o M\u00e9dica &#8211; SAEME atesta que o curso de Medicina da S\u00e3o Camilo cumpre os rigorosos padr\u00f5es de qualidade estabelecidos pelo conselho.<\/p>\n","protected":false},"author":13,"featured_media":2074,"comment_status":"open","ping_status":"open","sticky":false,"template":"","format":"standard","meta":{"cybocfi_hide_featured_image":"yes","footnotes":""},"categories":[30],"tags":[12],"class_list":["post-2067","post","type-post","status-publish","format-standard","has-post-thumbnail","hentry","category-medicina","tag-medicina"],"yoast_head":"<!-- This site is optimized with the Yoast SEO plugin v27.5 - https:\/\/yoast.com\/product\/yoast-seo-wordpress\/ -->\n<title>Medicina S\u00e3o Camilo conquista certifica\u00e7\u00e3o do Sistema de Acredita\u00e7\u00e3o de Escolas M\u00e9dicas - CFM - Blog S\u00e3o Camilo<\/title>\n<meta name=\"description\" content=\"O Certificado de Acredita\u00e7\u00e3o M\u00e9dica - SAEME atesta que o curso de Medicina da S\u00e3o Camilo cumpre os rigorosos padr\u00f5es de qualidade.\" \/>\n<meta name=\"robots\" content=\"index, follow, max-snippet:-1, max-image-preview:large, max-video-preview:-1\" \/>\n<link rel=\"canonical\" href=\"https:\/\/blog.saocamilo-sp.br\/index.php\/2023\/12\/02\/medicina-sao-camilo-conquista-a-certificacao-do-cfm\/\" \/>\n<meta property=\"og:locale\" content=\"pt_BR\" \/>\n<meta property=\"og:type\" content=\"article\" \/>\n<meta property=\"og:title\" content=\"Medicina S\u00e3o Camilo conquista certifica\u00e7\u00e3o do Sistema de Acredita\u00e7\u00e3o de Escolas M\u00e9dicas - CFM - Blog S\u00e3o Camilo\" \/>\n<meta property=\"og:description\" content=\"O Certificado de Acredita\u00e7\u00e3o M\u00e9dica - SAEME atesta que o curso de Medicina da S\u00e3o Camilo cumpre os rigorosos padr\u00f5es de qualidade.\" \/>\n<meta property=\"og:url\" content=\"https:\/\/blog.saocamilo-sp.br\/index.php\/2023\/12\/02\/medicina-sao-camilo-conquista-a-certificacao-do-cfm\/\" \/>\n<meta property=\"og:site_name\" content=\"Blog S\u00e3o Camilo\" \/>\n<meta property=\"article:publisher\" content=\"https:\/\/www.facebook.com\/saocamilosp\" \/>\n<meta property=\"article:published_time\" content=\"2023-12-02T20:11:41+00:00\" \/>\n<meta property=\"article:modified_time\" content=\"2023-12-02T21:11:15+00:00\" \/>\n<meta property=\"og:image\" content=\"https:\/\/blog.saocamilo-sp.br\/wp-content\/uploads\/2023\/12\/B12.png\" \/>\n\t<meta property=\"og:image:width\" content=\"1250\" \/>\n\t<meta property=\"og:image:height\" content=\"833\" \/>\n\t<meta property=\"og:image:type\" content=\"image\/png\" \/>\n<meta name=\"author\" content=\"Leandro Lafr\u00e1gola\" \/>\n<meta name=\"twitter:card\" content=\"summary_large_image\" \/>\n<meta name=\"twitter:creator\" content=\"@saocamilosp\" \/>\n<meta name=\"twitter:site\" content=\"@saocamilosp\" \/>\n<meta name=\"twitter:label1\" content=\"Escrito por\" \/>\n\t<meta name=\"twitter:data1\" content=\"Leandro Lafr\u00e1gola\" \/>\n\t<meta name=\"twitter:label2\" content=\"Est. tempo de leitura\" \/>\n\t<meta name=\"twitter:data2\" content=\"4 minutos\" \/>\n<script type=\"application\/ld+json\" class=\"yoast-schema-graph\">{\"@context\":\"https:\\\/\\\/schema.org\",\"@graph\":[{\"@type\":\"Article\",\"@id\":\"https:\\\/\\\/blog.saocamilo-sp.br\\\/index.php\\\/2023\\\/12\\\/02\\\/medicina-sao-camilo-conquista-a-certificacao-do-cfm\\\/#article\",\"isPartOf\":{\"@id\":\"https:\\\/\\\/blog.saocamilo-sp.br\\\/index.php\\\/2023\\\/12\\\/02\\\/medicina-sao-camilo-conquista-a-certificacao-do-cfm\\\/\"},\"author\":{\"name\":\"Leandro Lafr\u00e1gola\",\"@id\":\"https:\\\/\\\/blog.saocamilo-sp.br\\\/#\\\/schema\\\/person\\\/1a99645faaab0bb55105f817e866e19b\"},\"headline\":\"Medicina S\u00e3o Camilo conquista certifica\u00e7\u00e3o do Sistema de Acredita\u00e7\u00e3o de Escolas M\u00e9dicas &#8211; CFM\",\"datePublished\":\"2023-12-02T20:11:41+00:00\",\"dateModified\":\"2023-12-02T21:11:15+00:00\",\"mainEntityOfPage\":{\"@id\":\"https:\\\/\\\/blog.saocamilo-sp.br\\\/index.php\\\/2023\\\/12\\\/02\\\/medicina-sao-camilo-conquista-a-certificacao-do-cfm\\\/\"},\"wordCount\":492,\"commentCount\":0,\"publisher\":{\"@id\":\"https:\\\/\\\/blog.saocamilo-sp.br\\\/#organization\"},\"image\":{\"@id\":\"https:\\\/\\\/blog.saocamilo-sp.br\\\/index.php\\\/2023\\\/12\\\/02\\\/medicina-sao-camilo-conquista-a-certificacao-do-cfm\\\/#primaryimage\"},\"thumbnailUrl\":\"https:\\\/\\\/blog.saocamilo-sp.br\\\/wp-content\\\/uploads\\\/2023\\\/12\\\/B12.png\",\"keywords\":[\"Medicina\"],\"articleSection\":[\"Medicina\"],\"inLanguage\":\"pt-BR\",\"potentialAction\":[{\"@type\":\"CommentAction\",\"name\":\"Comment\",\"target\":[\"https:\\\/\\\/blog.saocamilo-sp.br\\\/index.php\\\/2023\\\/12\\\/02\\\/medicina-sao-camilo-conquista-a-certificacao-do-cfm\\\/#respond\"]}]},{\"@type\":\"WebPage\",\"@id\":\"https:\\\/\\\/blog.saocamilo-sp.br\\\/index.php\\\/2023\\\/12\\\/02\\\/medicina-sao-camilo-conquista-a-certificacao-do-cfm\\\/\",\"url\":\"https:\\\/\\\/blog.saocamilo-sp.br\\\/index.php\\\/2023\\\/12\\\/02\\\/medicina-sao-camilo-conquista-a-certificacao-do-cfm\\\/\",\"name\":\"Medicina S\u00e3o Camilo conquista certifica\u00e7\u00e3o do Sistema de Acredita\u00e7\u00e3o de Escolas M\u00e9dicas - CFM - Blog S\u00e3o Camilo\",\"isPartOf\":{\"@id\":\"https:\\\/\\\/blog.saocamilo-sp.br\\\/#website\"},\"primaryImageOfPage\":{\"@id\":\"https:\\\/\\\/blog.saocamilo-sp.br\\\/index.php\\\/2023\\\/12\\\/02\\\/medicina-sao-camilo-conquista-a-certificacao-do-cfm\\\/#primaryimage\"},\"image\":{\"@id\":\"https:\\\/\\\/blog.saocamilo-sp.br\\\/index.php\\\/2023\\\/12\\\/02\\\/medicina-sao-camilo-conquista-a-certificacao-do-cfm\\\/#primaryimage\"},\"thumbnailUrl\":\"https:\\\/\\\/blog.saocamilo-sp.br\\\/wp-content\\\/uploads\\\/2023\\\/12\\\/B12.png\",\"datePublished\":\"2023-12-02T20:11:41+00:00\",\"dateModified\":\"2023-12-02T21:11:15+00:00\",\"description\":\"O Certificado de Acredita\u00e7\u00e3o M\u00e9dica - SAEME atesta que o curso de Medicina da S\u00e3o Camilo cumpre os rigorosos padr\u00f5es de qualidade.\",\"breadcrumb\":{\"@id\":\"https:\\\/\\\/blog.saocamilo-sp.br\\\/index.php\\\/2023\\\/12\\\/02\\\/medicina-sao-camilo-conquista-a-certificacao-do-cfm\\\/#breadcrumb\"},\"inLanguage\":\"pt-BR\",\"potentialAction\":[{\"@type\":\"ReadAction\",\"target\":[\"https:\\\/\\\/blog.saocamilo-sp.br\\\/index.php\\\/2023\\\/12\\\/02\\\/medicina-sao-camilo-conquista-a-certificacao-do-cfm\\\/\"]}]},{\"@type\":\"BreadcrumbList\",\"@id\":\"https:\\\/\\\/blog.saocamilo-sp.br\\\/index.php\\\/2023\\\/12\\\/02\\\/medicina-sao-camilo-conquista-a-certificacao-do-cfm\\\/#breadcrumb\",\"itemListElement\":[{\"@type\":\"ListItem\",\"position\":1,\"name\":\"In\u00edcio\",\"item\":\"https:\\\/\\\/blog.saocamilo-sp.br\\\/\"},{\"@type\":\"ListItem\",\"position\":2,\"name\":\"Medicina S\u00e3o Camilo conquista certifica\u00e7\u00e3o do Sistema de Acredita\u00e7\u00e3o de Escolas M\u00e9dicas &#8211; CFM\"}]},{\"@type\":\"WebSite\",\"@id\":\"https:\\\/\\\/blog.saocamilo-sp.br\\\/#website\",\"url\":\"https:\\\/\\\/blog.saocamilo-sp.br\\\/\",\"name\":\"Blog S\u00e3o Camilo\",\"description\":\"Blog do Centro Universit\u00e1rio S\u00e3o Camilo\",\"publisher\":{\"@id\":\"https:\\\/\\\/blog.saocamilo-sp.br\\\/#organization\"},\"potentialAction\":[{\"@type\":\"SearchAction\",\"target\":{\"@type\":\"EntryPoint\",\"urlTemplate\":\"https:\\\/\\\/blog.saocamilo-sp.br\\\/?s={search_term_string}\"},\"query-input\":{\"@type\":\"PropertyValueSpecification\",\"valueRequired\":true,\"valueName\":\"search_term_string\"}}],\"inLanguage\":\"pt-BR\"},{\"@type\":\"Organization\",\"@id\":\"https:\\\/\\\/blog.saocamilo-sp.br\\\/#organization\",\"name\":\"Blog S\u00e3o Camilo\",\"url\":\"https:\\\/\\\/blog.saocamilo-sp.br\\\/\",\"logo\":{\"@type\":\"ImageObject\",\"inLanguage\":\"pt-BR\",\"@id\":\"https:\\\/\\\/blog.saocamilo-sp.br\\\/#\\\/schema\\\/logo\\\/image\\\/\",\"url\":\"https:\\\/\\\/blog.saocamilo-sp.br\\\/wp-content\\\/uploads\\\/2021\\\/12\\\/cropped-vazio-logo-topo.png\",\"contentUrl\":\"https:\\\/\\\/blog.saocamilo-sp.br\\\/wp-content\\\/uploads\\\/2021\\\/12\\\/cropped-vazio-logo-topo.png\",\"width\":320,\"height\":240,\"caption\":\"Blog S\u00e3o Camilo\"},\"image\":{\"@id\":\"https:\\\/\\\/blog.saocamilo-sp.br\\\/#\\\/schema\\\/logo\\\/image\\\/\"},\"sameAs\":[\"https:\\\/\\\/www.facebook.com\\\/saocamilosp\",\"https:\\\/\\\/x.com\\\/saocamilosp\",\"https:\\\/\\\/www.linkedin.com\\\/school\\\/centro-universit-rio-s-o-camilo\\\/\"]},{\"@type\":\"Person\",\"@id\":\"https:\\\/\\\/blog.saocamilo-sp.br\\\/#\\\/schema\\\/person\\\/1a99645faaab0bb55105f817e866e19b\",\"name\":\"Leandro Lafr\u00e1gola\",\"image\":{\"@type\":\"ImageObject\",\"inLanguage\":\"pt-BR\",\"@id\":\"https:\\\/\\\/secure.gravatar.com\\\/avatar\\\/ec4232fb8d50d80f1c672353dc4c2876490e6a0a2a33d6572c0ba1fb78f115cf?s=96&d=mm&r=g\",\"url\":\"https:\\\/\\\/secure.gravatar.com\\\/avatar\\\/ec4232fb8d50d80f1c672353dc4c2876490e6a0a2a33d6572c0ba1fb78f115cf?s=96&d=mm&r=g\",\"contentUrl\":\"https:\\\/\\\/secure.gravatar.com\\\/avatar\\\/ec4232fb8d50d80f1c672353dc4c2876490e6a0a2a33d6572c0ba1fb78f115cf?s=96&d=mm&r=g\",\"caption\":\"Leandro Lafr\u00e1gola\"},\"url\":\"https:\\\/\\\/blog.saocamilo-sp.br\\\/index.php\\\/author\\\/llafragola\\\/\"}]}<\/script>\n<!-- \/ Yoast SEO plugin. -->","yoast_head_json":{"title":"Medicina S\u00e3o Camilo conquista certifica\u00e7\u00e3o do Sistema de Acredita\u00e7\u00e3o de Escolas M\u00e9dicas - CFM - Blog S\u00e3o Camilo","description":"O Certificado de Acredita\u00e7\u00e3o M\u00e9dica - SAEME atesta que o curso de Medicina da S\u00e3o Camilo cumpre os rigorosos padr\u00f5es de qualidade.","robots":{"index":"index","follow":"follow","max-snippet":"max-snippet:-1","max-image-preview":"max-image-preview:large","max-video-preview":"max-video-preview:-1"},"canonical":"https:\/\/blog.saocamilo-sp.br\/index.php\/2023\/12\/02\/medicina-sao-camilo-conquista-a-certificacao-do-cfm\/","og_locale":"pt_BR","og_type":"article","og_title":"Medicina S\u00e3o Camilo conquista certifica\u00e7\u00e3o do Sistema de Acredita\u00e7\u00e3o de Escolas M\u00e9dicas - CFM - Blog S\u00e3o Camilo","og_description":"O Certificado de Acredita\u00e7\u00e3o M\u00e9dica - SAEME atesta que o curso de Medicina da S\u00e3o Camilo cumpre os rigorosos padr\u00f5es de qualidade.","og_url":"https:\/\/blog.saocamilo-sp.br\/index.php\/2023\/12\/02\/medicina-sao-camilo-conquista-a-certificacao-do-cfm\/","og_site_name":"Blog S\u00e3o Camilo","article_publisher":"https:\/\/www.facebook.com\/saocamilosp","article_published_time":"2023-12-02T20:11:41+00:00","article_modified_time":"2023-12-02T21:11:15+00:00","og_image":[{"width":1250,"height":833,"url":"https:\/\/blog.saocamilo-sp.br\/wp-content\/uploads\/2023\/12\/B12.png","type":"image\/png"}],"author":"Leandro Lafr\u00e1gola","twitter_card":"summary_large_image","twitter_creator":"@saocamilosp","twitter_site":"@saocamilosp","twitter_misc":{"Escrito por":"Leandro Lafr\u00e1gola","Est. tempo de leitura":"4 minutos"},"schema":{"@context":"https:\/\/schema.org","@graph":[{"@type":"Article","@id":"https:\/\/blog.saocamilo-sp.br\/index.php\/2023\/12\/02\/medicina-sao-camilo-conquista-a-certificacao-do-cfm\/#article","isPartOf":{"@id":"https:\/\/blog.saocamilo-sp.br\/index.php\/2023\/12\/02\/medicina-sao-camilo-conquista-a-certificacao-do-cfm\/"},"author":{"name":"Leandro Lafr\u00e1gola","@id":"https:\/\/blog.saocamilo-sp.br\/#\/schema\/person\/1a99645faaab0bb55105f817e866e19b"},"headline":"Medicina S\u00e3o Camilo conquista certifica\u00e7\u00e3o do Sistema de Acredita\u00e7\u00e3o de Escolas M\u00e9dicas &#8211; CFM","datePublished":"2023-12-02T20:11:41+00:00","dateModified":"2023-12-02T21:11:15+00:00","mainEntityOfPage":{"@id":"https:\/\/blog.saocamilo-sp.br\/index.php\/2023\/12\/02\/medicina-sao-camilo-conquista-a-certificacao-do-cfm\/"},"wordCount":492,"commentCount":0,"publisher":{"@id":"https:\/\/blog.saocamilo-sp.br\/#organization"},"image":{"@id":"https:\/\/blog.saocamilo-sp.br\/index.php\/2023\/12\/02\/medicina-sao-camilo-conquista-a-certificacao-do-cfm\/#primaryimage"},"thumbnailUrl":"https:\/\/blog.saocamilo-sp.br\/wp-content\/uploads\/2023\/12\/B12.png","keywords":["Medicina"],"articleSection":["Medicina"],"inLanguage":"pt-BR","potentialAction":[{"@type":"CommentAction","name":"Comment","target":["https:\/\/blog.saocamilo-sp.br\/index.php\/2023\/12\/02\/medicina-sao-camilo-conquista-a-certificacao-do-cfm\/#respond"]}]},{"@type":"WebPage","@id":"https:\/\/blog.saocamilo-sp.br\/index.php\/2023\/12\/02\/medicina-sao-camilo-conquista-a-certificacao-do-cfm\/","url":"https:\/\/blog.saocamilo-sp.br\/index.php\/2023\/12\/02\/medicina-sao-camilo-conquista-a-certificacao-do-cfm\/","name":"Medicina S\u00e3o Camilo conquista certifica\u00e7\u00e3o do Sistema de Acredita\u00e7\u00e3o de Escolas M\u00e9dicas - CFM - Blog S\u00e3o Camilo","isPartOf":{"@id":"https:\/\/blog.saocamilo-sp.br\/#website"},"primaryImageOfPage":{"@id":"https:\/\/blog.saocamilo-sp.br\/index.php\/2023\/12\/02\/medicina-sao-camilo-conquista-a-certificacao-do-cfm\/#primaryimage"},"image":{"@id":"https:\/\/blog.saocamilo-sp.br\/index.php\/2023\/12\/02\/medicina-sao-camilo-conquista-a-certificacao-do-cfm\/#primaryimage"},"thumbnailUrl":"https:\/\/blog.saocamilo-sp.br\/wp-content\/uploads\/2023\/12\/B12.png","datePublished":"2023-12-02T20:11:41+00:00","dateModified":"2023-12-02T21:11:15+00:00","description":"O Certificado de Acredita\u00e7\u00e3o M\u00e9dica - SAEME atesta que o curso de Medicina da S\u00e3o Camilo cumpre os rigorosos padr\u00f5es de qualidade.","breadcrumb":{"@id":"https:\/\/blog.saocamilo-sp.br\/index.php\/2023\/12\/02\/medicina-sao-camilo-conquista-a-certificacao-do-cfm\/#breadcrumb"},"inLanguage":"pt-BR","potentialAction":[{"@type":"ReadAction","target":["https:\/\/blog.saocamilo-sp.br\/index.php\/2023\/12\/02\/medicina-sao-camilo-conquista-a-certificacao-do-cfm\/"]}]},{"@type":"BreadcrumbList","@id":"https:\/\/blog.saocamilo-sp.br\/index.php\/2023\/12\/02\/medicina-sao-camilo-conquista-a-certificacao-do-cfm\/#breadcrumb","itemListElement":[{"@type":"ListItem","position":1,"name":"In\u00edcio","item":"https:\/\/blog.saocamilo-sp.br\/"},{"@type":"ListItem","position":2,"name":"Medicina S\u00e3o Camilo conquista certifica\u00e7\u00e3o do Sistema de Acredita\u00e7\u00e3o de Escolas M\u00e9dicas &#8211; CFM"}]},{"@type":"WebSite","@id":"https:\/\/blog.saocamilo-sp.br\/#website","url":"https:\/\/blog.saocamilo-sp.br\/","name":"Blog S\u00e3o Camilo","description":"Blog do Centro Universit\u00e1rio S\u00e3o Camilo","publisher":{"@id":"https:\/\/blog.saocamilo-sp.br\/#organization"},"potentialAction":[{"@type":"SearchAction","target":{"@type":"EntryPoint","urlTemplate":"https:\/\/blog.saocamilo-sp.br\/?s={search_term_string}"},"query-input":{"@type":"PropertyValueSpecification","valueRequired":true,"valueName":"search_term_string"}}],"inLanguage":"pt-BR"},{"@type":"Organization","@id":"https:\/\/blog.saocamilo-sp.br\/#organization","name":"Blog S\u00e3o Camilo","url":"https:\/\/blog.saocamilo-sp.br\/","logo":{"@type":"ImageObject","inLanguage":"pt-BR","@id":"https:\/\/blog.saocamilo-sp.br\/#\/schema\/logo\/image\/","url":"https:\/\/blog.saocamilo-sp.br\/wp-content\/uploads\/2021\/12\/cropped-vazio-logo-topo.png","contentUrl":"https:\/\/blog.saocamilo-sp.br\/wp-content\/uploads\/2021\/12\/cropped-vazio-logo-topo.png","width":320,"height":240,"caption":"Blog S\u00e3o Camilo"},"image":{"@id":"https:\/\/blog.saocamilo-sp.br\/#\/schema\/logo\/image\/"},"sameAs":["https:\/\/www.facebook.com\/saocamilosp","https:\/\/x.com\/saocamilosp","https:\/\/www.linkedin.com\/school\/centro-universit-rio-s-o-camilo\/"]},{"@type":"Person","@id":"https:\/\/blog.saocamilo-sp.br\/#\/schema\/person\/1a99645faaab0bb55105f817e866e19b","name":"Leandro Lafr\u00e1gola","image":{"@type":"ImageObject","inLanguage":"pt-BR","@id":"https:\/\/secure.gravatar.com\/avatar\/ec4232fb8d50d80f1c672353dc4c2876490e6a0a2a33d6572c0ba1fb78f115cf?s=96&d=mm&r=g","url":"https:\/\/secure.gravatar.com\/avatar\/ec4232fb8d50d80f1c672353dc4c2876490e6a0a2a33d6572c0ba1fb78f115cf?s=96&d=mm&r=g","contentUrl":"https:\/\/secure.gravatar.com\/avatar\/ec4232fb8d50d80f1c672353dc4c2876490e6a0a2a33d6572c0ba1fb78f115cf?s=96&d=mm&r=g","caption":"Leandro Lafr\u00e1gola"},"url":"https:\/\/blog.saocamilo-sp.br\/index.php\/author\/llafragola\/"}]}},"_links":{"self":[{"href":"https:\/\/blog.saocamilo-sp.br\/index.php\/wp-json\/wp\/v2\/posts\/2067","targetHints":{"allow":["GET"]}}],"collection":[{"href":"https:\/\/blog.saocamilo-sp.br\/index.php\/wp-json\/wp\/v2\/posts"}],"about":[{"href":"https:\/\/blog.saocamilo-sp.br\/index.php\/wp-json\/wp\/v2\/types\/post"}],"author":[{"embeddable":true,"href":"https:\/\/blog.saocamilo-sp.br\/index.php\/wp-json\/wp\/v2\/users\/13"}],"replies":[{"embeddable":true,"href":"https:\/\/blog.saocamilo-sp.br\/index.php\/wp-json\/wp\/v2\/comments?post=2067"}],"version-history":[{"count":9,"href":"https:\/\/blog.saocamilo-sp.br\/index.php\/wp-json\/wp\/v2\/posts\/2067\/revisions"}],"predecessor-version":[{"id":2085,"href":"https:\/\/blog.saocamilo-sp.br\/index.php\/wp-json\/wp\/v2\/posts\/2067\/revisions\/2085"}],"wp:featuredmedia":[{"embeddable":true,"href":"https:\/\/blog.saocamilo-sp.br\/index.php\/wp-json\/wp\/v2\/media\/2074"}],"wp:attachment":[{"href":"https:\/\/blog.saocamilo-sp.br\/index.php\/wp-json\/wp\/v2\/media?parent=2067"}],"wp:term":[{"taxonomy":"category","embeddable":true,"href":"https:\/\/blog.saocamilo-sp.br\/index.php\/wp-json\/wp\/v2\/categories?post=2067"},{"taxonomy":"post_tag","embeddable":true,"href":"https:\/\/blog.saocamilo-sp.br\/index.php\/wp-json\/wp\/v2\/tags?post=2067"}],"curies":[{"name":"wp","href":"https:\/\/api.w.org\/{rel}","templated":true}]}}