{"id":2086,"date":"2023-12-04T12:17:03","date_gmt":"2023-12-04T15:17:03","guid":{"rendered":"https:\/\/blog.saocamilo-sp.br\/?p=2086"},"modified":"2023-12-10T17:06:34","modified_gmt":"2023-12-10T20:06:34","slug":"ciencias-radiologicas","status":"publish","type":"post","link":"https:\/\/blog.saocamilo-sp.br\/index.php\/2023\/12\/04\/ciencias-radiologicas\/","title":{"rendered":"Docentes recebem t\u00edtulo da Academia Brasileira de Ci\u00eancias Radiol\u00f3gicas"},"content":{"rendered":"\n<p>Em um evento marcante ocorrido no \u00faltimo dia 18 de novembro de 2023, dois ilustres professores do Centro Universit\u00e1rio S\u00e3o Camilo foram agraciados com o prestigioso t\u00edtulo de Imortais pela Academia Brasileira de Ci\u00eancias Radiol\u00f3gicas. <\/p>\n\n\n\n<p>O <a href=\"http:\/\/lattes.cnpq.br\/1591849789678741\" target=\"_blank\" rel=\"noreferrer noopener\">Dr. Guilherme Oberto Rodrigues<\/a> e o <a href=\"http:\/\/lattes.cnpq.br\/9184287712665572\" target=\"_blank\" rel=\"noreferrer noopener\">Me. Almir Inacio Nobrega<\/a> foram homenageados durante cerim\u00f4nia realizada em Bras\u00edlia-DF.  Na ocasi\u00e3o, foram reconhecidas suas not\u00e1veis trajet\u00f3rias profissionais e contribui\u00e7\u00f5es excepcionais para a \u00e1rea de Radiologia.<\/p>\n\n\n\n<figure class=\"wp-block-gallery has-nested-images columns-default is-cropped wp-block-gallery-1 is-layout-flex wp-block-gallery-is-layout-flex\">\n<figure class=\"wp-block-image size-large\"><img loading=\"lazy\" decoding=\"async\" width=\"1144\" height=\"788\" data-id=\"2088\" src=\"https:\/\/blog.saocamilo-sp.br\/wp-content\/uploads\/2023\/12\/ABR_01.jpg\" alt=\"\" class=\"wp-image-2088\"\/><figcaption class=\"wp-element-caption\">Diuvlga\u00e7\u00e3o: Me. Almmir In\u00e1cio N\u00f3brega<\/figcaption><\/figure>\n\n\n\n<figure class=\"wp-block-image size-large\"><img loading=\"lazy\" decoding=\"async\" width=\"3571\" height=\"2649\" data-id=\"2089\" src=\"https:\/\/blog.saocamilo-sp.br\/wp-content\/uploads\/2023\/12\/ABR02.jpg\" alt=\"\" class=\"wp-image-2089\"\/><figcaption class=\"wp-element-caption\">Divulga\u00e7\u00e3o: Dr. Guilherme Oberto Rodrigues<\/figcaption><\/figure>\n<\/figure>\n\n\n\n<p><\/p>\n\n\n\n<h2 class=\"wp-block-heading\"><strong>Figuras Eminentes nas Ci\u00eancias Radiol\u00f3gicas<\/strong><\/h2>\n\n\n\n<p>Os docentes desempenham pap\u00e9is fundamentais na gradua\u00e7\u00e3o, bem como na p\u00f3s-gradua\u00e7\u00e3o do <a href=\"https:\/\/saocamilo-sp.br\/\" target=\"_blank\" rel=\"noreferrer noopener\">Centro Universit\u00e1rio S\u00e3o Camilo<\/a>. Al\u00e9m disso, s\u00e3o figuras proeminentes na comunidade acad\u00eamica e profissional de Radiologia. Ao mesmo tempo, o t\u00edtulo de Imortais n\u00e3o apenas celebra suas realiza\u00e7\u00f5es acad\u00eamicas, mas tamb\u00e9m destaca a relev\u00e2ncia de suas contribui\u00e7\u00f5es para a sociedade. Sobretudo por meio dos servi\u00e7os prestados na \u00e1rea de diagn\u00f3stico por imagem e terapias com radia\u00e7\u00f5es.<\/p>\n\n\n\n<p><\/p>\n\n\n\n<h2 class=\"wp-block-heading\"><strong>Autores e Pesquisadores Inovadores<\/strong><\/h2>\n\n\n\n<p>Al\u00e9m de suas atividades docentes, os Professores Guilherme e Almir s\u00e3o reconhecidos como autores de livros e pesquisas inovadoras que t\u00eam impulsionado o campo da Radiologia. Assim, suas publica\u00e7\u00f5es e trabalhos de pesquisa n\u00e3o s\u00f3 enriquecem o conhecimento na \u00e1rea, mas tamb\u00e9m influenciam positivamente a forma\u00e7\u00e3o de novos profissionais.<\/p>\n\n\n\n<p><\/p>\n\n\n\n<h2 class=\"wp-block-heading\"><strong>Orgulho Institucional e Compromisso com a Excel\u00eancia<\/strong><\/h2>\n\n\n\n<p>Portanto, a conquista desses dois docentes not\u00e1veis \u00e9 motivo de grande orgulho para o Centro Universit\u00e1rio S\u00e3o Camilo, que parabeniza ambos pela merecida honraria. A Institui\u00e7\u00e3o reafirma seu compromisso em manter um corpo docente ativo e renomado. Dessa forma,  est\u00e1 ciente de que, professores como Guilherme e Almir contribuem de maneira significativa para a forma\u00e7\u00e3o de profissionais de excel\u00eancia.<\/p>\n\n\n\n<p><\/p>\n\n\n\n<h2 class=\"wp-block-heading\"><strong>Distin\u00e7\u00e3o das Ci\u00eancias Radiol\u00f3gicas Reflete a Qualidade do Ensino e da Pesquisa<\/strong><\/h2>\n\n\n\n<p>Em suma, a distin\u00e7\u00e3o da Academia Brasileira de Ci\u00eancias Radiol\u00f3gicas n\u00e3o apenas reconhece o talento individual dos professores, mas tamb\u00e9m destaca a qualidade do ensino e da pesquisa realizados no \u00e2mbito do Centro Universit\u00e1rio S\u00e3o Camilo. <\/p>\n\n\n\n<p><\/p>\n\n\n\n<p>Por fim, a comunidade acad\u00eamica e a sociedade como um todo celebram esse importante marco, que refor\u00e7a o comprometimento da Institui\u00e7\u00e3o com a excel\u00eancia no campo da Radiologia.<\/p>\n\n\n\n<p><\/p>\n\n\n\n<p>Veja tamb\u00e9m:<br><a href=\"https:\/\/blog.saocamilo-sp.br\/index.php\/2023\/11\/08\/dia-do-radiologista\/\">Radiologia: Conhe\u00e7a as diferen\u00e7as entre o curso t\u00e9cnico e a gradua\u00e7\u00e3o<\/a><br><a href=\"https:\/\/blog.saocamilo-sp.br\/index.php\/2023\/09\/08\/inteligencia-artificial-na-radiologia-descubra-os-beneficios-do-futuro\/\" target=\"_blank\" rel=\"noreferrer noopener\">Intelig\u00eancia Artificial na radiologia? Descubra os benef\u00edcios do futuro<\/a><\/p>\n\n\n\n<p>Saiba mais sobre nossos cursos:<\/p>\n\n\n\n<iframe loading=\"lazy\" src=\"https:\/\/saocamilo.apprbs.com.br\/tenho-interesse-blog\" height=\"530px\" width=\"100%\" frameborder=\"0\"><\/iframe>\n\n\n\n<p>Compartilhe em:<\/p>\n","protected":false},"excerpt":{"rendered":"<p>Al\u00e9m de suas atividades docentes, os professores Guilherme e Almir s\u00e3o reconhecidos como autores de livros e pesquisadores da \u00e1rea de Radiologia. <\/p>\n","protected":false},"author":13,"featured_media":2087,"comment_status":"open","ping_status":"open","sticky":false,"template":"","format":"standard","meta":{"cybocfi_hide_featured_image":"yes","footnotes":""},"categories":[1,124],"tags":[125,117],"class_list":["post-2086","post","type-post","status-publish","format-standard","has-post-thumbnail","hentry","category-cursos","category-radiologia","tag-corpo-docente","tag-radiologia"],"yoast_head":"<!-- This site is optimized with the Yoast SEO plugin v27.5 - https:\/\/yoast.com\/product\/yoast-seo-wordpress\/ -->\n<title>Docentes recebem t\u00edtulo da Academia Brasileira de Ci\u00eancias Radiol\u00f3gicas - Blog S\u00e3o Camilo<\/title>\n<meta name=\"description\" content=\"Al\u00e9m de suas atividades docentes, os Professores Guilherme e Almir s\u00e3o reconhecidos como autores de livros e pesquisas na \u00e1rea de Ci\u00eancias Radiol\u00f3gicas\" \/>\n<meta name=\"robots\" content=\"index, follow, max-snippet:-1, max-image-preview:large, max-video-preview:-1\" \/>\n<link rel=\"canonical\" href=\"https:\/\/blog.saocamilo-sp.br\/index.php\/2023\/12\/04\/ciencias-radiologicas\/\" \/>\n<meta property=\"og:locale\" content=\"pt_BR\" \/>\n<meta property=\"og:type\" content=\"article\" \/>\n<meta property=\"og:title\" content=\"Docentes recebem t\u00edtulo da Academia Brasileira de Ci\u00eancias Radiol\u00f3gicas - Blog S\u00e3o Camilo\" \/>\n<meta property=\"og:description\" content=\"Al\u00e9m de suas atividades docentes, os Professores Guilherme e Almir s\u00e3o reconhecidos como autores de livros e pesquisas na \u00e1rea de Ci\u00eancias Radiol\u00f3gicas\" \/>\n<meta property=\"og:url\" content=\"https:\/\/blog.saocamilo-sp.br\/index.php\/2023\/12\/04\/ciencias-radiologicas\/\" \/>\n<meta property=\"og:site_name\" content=\"Blog S\u00e3o Camilo\" \/>\n<meta property=\"article:publisher\" content=\"https:\/\/www.facebook.com\/saocamilosp\" \/>\n<meta property=\"article:published_time\" content=\"2023-12-04T15:17:03+00:00\" \/>\n<meta property=\"article:modified_time\" content=\"2023-12-10T20:06:34+00:00\" \/>\n<meta property=\"og:image\" content=\"https:\/\/blog.saocamilo-sp.br\/wp-content\/uploads\/2023\/12\/Radiologia_topo_01.png\" \/>\n\t<meta property=\"og:image:width\" content=\"1250\" \/>\n\t<meta property=\"og:image:height\" content=\"833\" \/>\n\t<meta property=\"og:image:type\" content=\"image\/png\" \/>\n<meta name=\"author\" content=\"Leandro Lafr\u00e1gola\" \/>\n<meta name=\"twitter:card\" content=\"summary_large_image\" \/>\n<meta name=\"twitter:creator\" content=\"@saocamilosp\" \/>\n<meta name=\"twitter:site\" content=\"@saocamilosp\" \/>\n<meta name=\"twitter:label1\" content=\"Escrito por\" \/>\n\t<meta name=\"twitter:data1\" content=\"Leandro Lafr\u00e1gola\" \/>\n\t<meta name=\"twitter:label2\" content=\"Est. tempo de leitura\" \/>\n\t<meta name=\"twitter:data2\" content=\"3 minutos\" \/>\n<script type=\"application\/ld+json\" class=\"yoast-schema-graph\">{\"@context\":\"https:\\\/\\\/schema.org\",\"@graph\":[{\"@type\":\"Article\",\"@id\":\"https:\\\/\\\/blog.saocamilo-sp.br\\\/index.php\\\/2023\\\/12\\\/04\\\/ciencias-radiologicas\\\/#article\",\"isPartOf\":{\"@id\":\"https:\\\/\\\/blog.saocamilo-sp.br\\\/index.php\\\/2023\\\/12\\\/04\\\/ciencias-radiologicas\\\/\"},\"author\":{\"name\":\"Leandro Lafr\u00e1gola\",\"@id\":\"https:\\\/\\\/blog.saocamilo-sp.br\\\/#\\\/schema\\\/person\\\/1a99645faaab0bb55105f817e866e19b\"},\"headline\":\"Docentes recebem t\u00edtulo da Academia Brasileira de Ci\u00eancias Radiol\u00f3gicas\",\"datePublished\":\"2023-12-04T15:17:03+00:00\",\"dateModified\":\"2023-12-10T20:06:34+00:00\",\"mainEntityOfPage\":{\"@id\":\"https:\\\/\\\/blog.saocamilo-sp.br\\\/index.php\\\/2023\\\/12\\\/04\\\/ciencias-radiologicas\\\/\"},\"wordCount\":456,\"commentCount\":0,\"publisher\":{\"@id\":\"https:\\\/\\\/blog.saocamilo-sp.br\\\/#organization\"},\"image\":{\"@id\":\"https:\\\/\\\/blog.saocamilo-sp.br\\\/index.php\\\/2023\\\/12\\\/04\\\/ciencias-radiologicas\\\/#primaryimage\"},\"thumbnailUrl\":\"https:\\\/\\\/blog.saocamilo-sp.br\\\/wp-content\\\/uploads\\\/2023\\\/12\\\/Radiologia_topo_01.png\",\"keywords\":[\"Corpo Docente\",\"radiologia\"],\"articleSection\":[\"Cursos\",\"Radiologia\"],\"inLanguage\":\"pt-BR\",\"potentialAction\":[{\"@type\":\"CommentAction\",\"name\":\"Comment\",\"target\":[\"https:\\\/\\\/blog.saocamilo-sp.br\\\/index.php\\\/2023\\\/12\\\/04\\\/ciencias-radiologicas\\\/#respond\"]}]},{\"@type\":\"WebPage\",\"@id\":\"https:\\\/\\\/blog.saocamilo-sp.br\\\/index.php\\\/2023\\\/12\\\/04\\\/ciencias-radiologicas\\\/\",\"url\":\"https:\\\/\\\/blog.saocamilo-sp.br\\\/index.php\\\/2023\\\/12\\\/04\\\/ciencias-radiologicas\\\/\",\"name\":\"Docentes recebem t\u00edtulo da Academia Brasileira de Ci\u00eancias Radiol\u00f3gicas - Blog S\u00e3o Camilo\",\"isPartOf\":{\"@id\":\"https:\\\/\\\/blog.saocamilo-sp.br\\\/#website\"},\"primaryImageOfPage\":{\"@id\":\"https:\\\/\\\/blog.saocamilo-sp.br\\\/index.php\\\/2023\\\/12\\\/04\\\/ciencias-radiologicas\\\/#primaryimage\"},\"image\":{\"@id\":\"https:\\\/\\\/blog.saocamilo-sp.br\\\/index.php\\\/2023\\\/12\\\/04\\\/ciencias-radiologicas\\\/#primaryimage\"},\"thumbnailUrl\":\"https:\\\/\\\/blog.saocamilo-sp.br\\\/wp-content\\\/uploads\\\/2023\\\/12\\\/Radiologia_topo_01.png\",\"datePublished\":\"2023-12-04T15:17:03+00:00\",\"dateModified\":\"2023-12-10T20:06:34+00:00\",\"description\":\"Al\u00e9m de suas atividades docentes, os Professores Guilherme e Almir s\u00e3o reconhecidos como autores de livros e pesquisas na \u00e1rea de Ci\u00eancias Radiol\u00f3gicas\",\"breadcrumb\":{\"@id\":\"https:\\\/\\\/blog.saocamilo-sp.br\\\/index.php\\\/2023\\\/12\\\/04\\\/ciencias-radiologicas\\\/#breadcrumb\"},\"inLanguage\":\"pt-BR\",\"potentialAction\":[{\"@type\":\"ReadAction\",\"target\":[\"https:\\\/\\\/blog.saocamilo-sp.br\\\/index.php\\\/2023\\\/12\\\/04\\\/ciencias-radiologicas\\\/\"]}]},{\"@type\":\"BreadcrumbList\",\"@id\":\"https:\\\/\\\/blog.saocamilo-sp.br\\\/index.php\\\/2023\\\/12\\\/04\\\/ciencias-radiologicas\\\/#breadcrumb\",\"itemListElement\":[{\"@type\":\"ListItem\",\"position\":1,\"name\":\"In\u00edcio\",\"item\":\"https:\\\/\\\/blog.saocamilo-sp.br\\\/\"},{\"@type\":\"ListItem\",\"position\":2,\"name\":\"Docentes recebem t\u00edtulo da Academia Brasileira de Ci\u00eancias Radiol\u00f3gicas\"}]},{\"@type\":\"WebSite\",\"@id\":\"https:\\\/\\\/blog.saocamilo-sp.br\\\/#website\",\"url\":\"https:\\\/\\\/blog.saocamilo-sp.br\\\/\",\"name\":\"Blog S\u00e3o Camilo\",\"description\":\"Blog do Centro Universit\u00e1rio S\u00e3o Camilo\",\"publisher\":{\"@id\":\"https:\\\/\\\/blog.saocamilo-sp.br\\\/#organization\"},\"potentialAction\":[{\"@type\":\"SearchAction\",\"target\":{\"@type\":\"EntryPoint\",\"urlTemplate\":\"https:\\\/\\\/blog.saocamilo-sp.br\\\/?s={search_term_string}\"},\"query-input\":{\"@type\":\"PropertyValueSpecification\",\"valueRequired\":true,\"valueName\":\"search_term_string\"}}],\"inLanguage\":\"pt-BR\"},{\"@type\":\"Organization\",\"@id\":\"https:\\\/\\\/blog.saocamilo-sp.br\\\/#organization\",\"name\":\"Blog S\u00e3o Camilo\",\"url\":\"https:\\\/\\\/blog.saocamilo-sp.br\\\/\",\"logo\":{\"@type\":\"ImageObject\",\"inLanguage\":\"pt-BR\",\"@id\":\"https:\\\/\\\/blog.saocamilo-sp.br\\\/#\\\/schema\\\/logo\\\/image\\\/\",\"url\":\"https:\\\/\\\/blog.saocamilo-sp.br\\\/wp-content\\\/uploads\\\/2021\\\/12\\\/cropped-vazio-logo-topo.png\",\"contentUrl\":\"https:\\\/\\\/blog.saocamilo-sp.br\\\/wp-content\\\/uploads\\\/2021\\\/12\\\/cropped-vazio-logo-topo.png\",\"width\":320,\"height\":240,\"caption\":\"Blog S\u00e3o Camilo\"},\"image\":{\"@id\":\"https:\\\/\\\/blog.saocamilo-sp.br\\\/#\\\/schema\\\/logo\\\/image\\\/\"},\"sameAs\":[\"https:\\\/\\\/www.facebook.com\\\/saocamilosp\",\"https:\\\/\\\/x.com\\\/saocamilosp\",\"https:\\\/\\\/www.linkedin.com\\\/school\\\/centro-universit-rio-s-o-camilo\\\/\"]},{\"@type\":\"Person\",\"@id\":\"https:\\\/\\\/blog.saocamilo-sp.br\\\/#\\\/schema\\\/person\\\/1a99645faaab0bb55105f817e866e19b\",\"name\":\"Leandro Lafr\u00e1gola\",\"image\":{\"@type\":\"ImageObject\",\"inLanguage\":\"pt-BR\",\"@id\":\"https:\\\/\\\/secure.gravatar.com\\\/avatar\\\/ec4232fb8d50d80f1c672353dc4c2876490e6a0a2a33d6572c0ba1fb78f115cf?s=96&d=mm&r=g\",\"url\":\"https:\\\/\\\/secure.gravatar.com\\\/avatar\\\/ec4232fb8d50d80f1c672353dc4c2876490e6a0a2a33d6572c0ba1fb78f115cf?s=96&d=mm&r=g\",\"contentUrl\":\"https:\\\/\\\/secure.gravatar.com\\\/avatar\\\/ec4232fb8d50d80f1c672353dc4c2876490e6a0a2a33d6572c0ba1fb78f115cf?s=96&d=mm&r=g\",\"caption\":\"Leandro Lafr\u00e1gola\"},\"url\":\"https:\\\/\\\/blog.saocamilo-sp.br\\\/index.php\\\/author\\\/llafragola\\\/\"}]}<\/script>\n<!-- \/ Yoast SEO plugin. -->","yoast_head_json":{"title":"Docentes recebem t\u00edtulo da Academia Brasileira de Ci\u00eancias Radiol\u00f3gicas - Blog S\u00e3o Camilo","description":"Al\u00e9m de suas atividades docentes, os Professores Guilherme e Almir s\u00e3o reconhecidos como autores de livros e pesquisas na \u00e1rea de Ci\u00eancias Radiol\u00f3gicas","robots":{"index":"index","follow":"follow","max-snippet":"max-snippet:-1","max-image-preview":"max-image-preview:large","max-video-preview":"max-video-preview:-1"},"canonical":"https:\/\/blog.saocamilo-sp.br\/index.php\/2023\/12\/04\/ciencias-radiologicas\/","og_locale":"pt_BR","og_type":"article","og_title":"Docentes recebem t\u00edtulo da Academia Brasileira de Ci\u00eancias Radiol\u00f3gicas - Blog S\u00e3o Camilo","og_description":"Al\u00e9m de suas atividades docentes, os Professores Guilherme e Almir s\u00e3o reconhecidos como autores de livros e pesquisas na \u00e1rea de Ci\u00eancias Radiol\u00f3gicas","og_url":"https:\/\/blog.saocamilo-sp.br\/index.php\/2023\/12\/04\/ciencias-radiologicas\/","og_site_name":"Blog S\u00e3o Camilo","article_publisher":"https:\/\/www.facebook.com\/saocamilosp","article_published_time":"2023-12-04T15:17:03+00:00","article_modified_time":"2023-12-10T20:06:34+00:00","og_image":[{"width":1250,"height":833,"url":"https:\/\/blog.saocamilo-sp.br\/wp-content\/uploads\/2023\/12\/Radiologia_topo_01.png","type":"image\/png"}],"author":"Leandro Lafr\u00e1gola","twitter_card":"summary_large_image","twitter_creator":"@saocamilosp","twitter_site":"@saocamilosp","twitter_misc":{"Escrito por":"Leandro Lafr\u00e1gola","Est. tempo de leitura":"3 minutos"},"schema":{"@context":"https:\/\/schema.org","@graph":[{"@type":"Article","@id":"https:\/\/blog.saocamilo-sp.br\/index.php\/2023\/12\/04\/ciencias-radiologicas\/#article","isPartOf":{"@id":"https:\/\/blog.saocamilo-sp.br\/index.php\/2023\/12\/04\/ciencias-radiologicas\/"},"author":{"name":"Leandro Lafr\u00e1gola","@id":"https:\/\/blog.saocamilo-sp.br\/#\/schema\/person\/1a99645faaab0bb55105f817e866e19b"},"headline":"Docentes recebem t\u00edtulo da Academia Brasileira de Ci\u00eancias Radiol\u00f3gicas","datePublished":"2023-12-04T15:17:03+00:00","dateModified":"2023-12-10T20:06:34+00:00","mainEntityOfPage":{"@id":"https:\/\/blog.saocamilo-sp.br\/index.php\/2023\/12\/04\/ciencias-radiologicas\/"},"wordCount":456,"commentCount":0,"publisher":{"@id":"https:\/\/blog.saocamilo-sp.br\/#organization"},"image":{"@id":"https:\/\/blog.saocamilo-sp.br\/index.php\/2023\/12\/04\/ciencias-radiologicas\/#primaryimage"},"thumbnailUrl":"https:\/\/blog.saocamilo-sp.br\/wp-content\/uploads\/2023\/12\/Radiologia_topo_01.png","keywords":["Corpo Docente","radiologia"],"articleSection":["Cursos","Radiologia"],"inLanguage":"pt-BR","potentialAction":[{"@type":"CommentAction","name":"Comment","target":["https:\/\/blog.saocamilo-sp.br\/index.php\/2023\/12\/04\/ciencias-radiologicas\/#respond"]}]},{"@type":"WebPage","@id":"https:\/\/blog.saocamilo-sp.br\/index.php\/2023\/12\/04\/ciencias-radiologicas\/","url":"https:\/\/blog.saocamilo-sp.br\/index.php\/2023\/12\/04\/ciencias-radiologicas\/","name":"Docentes recebem t\u00edtulo da Academia Brasileira de Ci\u00eancias Radiol\u00f3gicas - Blog S\u00e3o Camilo","isPartOf":{"@id":"https:\/\/blog.saocamilo-sp.br\/#website"},"primaryImageOfPage":{"@id":"https:\/\/blog.saocamilo-sp.br\/index.php\/2023\/12\/04\/ciencias-radiologicas\/#primaryimage"},"image":{"@id":"https:\/\/blog.saocamilo-sp.br\/index.php\/2023\/12\/04\/ciencias-radiologicas\/#primaryimage"},"thumbnailUrl":"https:\/\/blog.saocamilo-sp.br\/wp-content\/uploads\/2023\/12\/Radiologia_topo_01.png","datePublished":"2023-12-04T15:17:03+00:00","dateModified":"2023-12-10T20:06:34+00:00","description":"Al\u00e9m de suas atividades docentes, os Professores Guilherme e Almir s\u00e3o reconhecidos como autores de livros e pesquisas na \u00e1rea de Ci\u00eancias Radiol\u00f3gicas","breadcrumb":{"@id":"https:\/\/blog.saocamilo-sp.br\/index.php\/2023\/12\/04\/ciencias-radiologicas\/#breadcrumb"},"inLanguage":"pt-BR","potentialAction":[{"@type":"ReadAction","target":["https:\/\/blog.saocamilo-sp.br\/index.php\/2023\/12\/04\/ciencias-radiologicas\/"]}]},{"@type":"BreadcrumbList","@id":"https:\/\/blog.saocamilo-sp.br\/index.php\/2023\/12\/04\/ciencias-radiologicas\/#breadcrumb","itemListElement":[{"@type":"ListItem","position":1,"name":"In\u00edcio","item":"https:\/\/blog.saocamilo-sp.br\/"},{"@type":"ListItem","position":2,"name":"Docentes recebem t\u00edtulo da Academia Brasileira de Ci\u00eancias Radiol\u00f3gicas"}]},{"@type":"WebSite","@id":"https:\/\/blog.saocamilo-sp.br\/#website","url":"https:\/\/blog.saocamilo-sp.br\/","name":"Blog S\u00e3o Camilo","description":"Blog do Centro Universit\u00e1rio S\u00e3o Camilo","publisher":{"@id":"https:\/\/blog.saocamilo-sp.br\/#organization"},"potentialAction":[{"@type":"SearchAction","target":{"@type":"EntryPoint","urlTemplate":"https:\/\/blog.saocamilo-sp.br\/?s={search_term_string}"},"query-input":{"@type":"PropertyValueSpecification","valueRequired":true,"valueName":"search_term_string"}}],"inLanguage":"pt-BR"},{"@type":"Organization","@id":"https:\/\/blog.saocamilo-sp.br\/#organization","name":"Blog S\u00e3o Camilo","url":"https:\/\/blog.saocamilo-sp.br\/","logo":{"@type":"ImageObject","inLanguage":"pt-BR","@id":"https:\/\/blog.saocamilo-sp.br\/#\/schema\/logo\/image\/","url":"https:\/\/blog.saocamilo-sp.br\/wp-content\/uploads\/2021\/12\/cropped-vazio-logo-topo.png","contentUrl":"https:\/\/blog.saocamilo-sp.br\/wp-content\/uploads\/2021\/12\/cropped-vazio-logo-topo.png","width":320,"height":240,"caption":"Blog S\u00e3o Camilo"},"image":{"@id":"https:\/\/blog.saocamilo-sp.br\/#\/schema\/logo\/image\/"},"sameAs":["https:\/\/www.facebook.com\/saocamilosp","https:\/\/x.com\/saocamilosp","https:\/\/www.linkedin.com\/school\/centro-universit-rio-s-o-camilo\/"]},{"@type":"Person","@id":"https:\/\/blog.saocamilo-sp.br\/#\/schema\/person\/1a99645faaab0bb55105f817e866e19b","name":"Leandro Lafr\u00e1gola","image":{"@type":"ImageObject","inLanguage":"pt-BR","@id":"https:\/\/secure.gravatar.com\/avatar\/ec4232fb8d50d80f1c672353dc4c2876490e6a0a2a33d6572c0ba1fb78f115cf?s=96&d=mm&r=g","url":"https:\/\/secure.gravatar.com\/avatar\/ec4232fb8d50d80f1c672353dc4c2876490e6a0a2a33d6572c0ba1fb78f115cf?s=96&d=mm&r=g","contentUrl":"https:\/\/secure.gravatar.com\/avatar\/ec4232fb8d50d80f1c672353dc4c2876490e6a0a2a33d6572c0ba1fb78f115cf?s=96&d=mm&r=g","caption":"Leandro Lafr\u00e1gola"},"url":"https:\/\/blog.saocamilo-sp.br\/index.php\/author\/llafragola\/"}]}},"_links":{"self":[{"href":"https:\/\/blog.saocamilo-sp.br\/index.php\/wp-json\/wp\/v2\/posts\/2086","targetHints":{"allow":["GET"]}}],"collection":[{"href":"https:\/\/blog.saocamilo-sp.br\/index.php\/wp-json\/wp\/v2\/posts"}],"about":[{"href":"https:\/\/blog.saocamilo-sp.br\/index.php\/wp-json\/wp\/v2\/types\/post"}],"author":[{"embeddable":true,"href":"https:\/\/blog.saocamilo-sp.br\/index.php\/wp-json\/wp\/v2\/users\/13"}],"replies":[{"embeddable":true,"href":"https:\/\/blog.saocamilo-sp.br\/index.php\/wp-json\/wp\/v2\/comments?post=2086"}],"version-history":[{"count":5,"href":"https:\/\/blog.saocamilo-sp.br\/index.php\/wp-json\/wp\/v2\/posts\/2086\/revisions"}],"predecessor-version":[{"id":2109,"href":"https:\/\/blog.saocamilo-sp.br\/index.php\/wp-json\/wp\/v2\/posts\/2086\/revisions\/2109"}],"wp:featuredmedia":[{"embeddable":true,"href":"https:\/\/blog.saocamilo-sp.br\/index.php\/wp-json\/wp\/v2\/media\/2087"}],"wp:attachment":[{"href":"https:\/\/blog.saocamilo-sp.br\/index.php\/wp-json\/wp\/v2\/media?parent=2086"}],"wp:term":[{"taxonomy":"category","embeddable":true,"href":"https:\/\/blog.saocamilo-sp.br\/index.php\/wp-json\/wp\/v2\/categories?post=2086"},{"taxonomy":"post_tag","embeddable":true,"href":"https:\/\/blog.saocamilo-sp.br\/index.php\/wp-json\/wp\/v2\/tags?post=2086"}],"curies":[{"name":"wp","href":"https:\/\/api.w.org\/{rel}","templated":true}]}}