{"id":2093,"date":"2023-12-14T08:53:09","date_gmt":"2023-12-14T11:53:09","guid":{"rendered":"https:\/\/blog.saocamilo-sp.br\/?p=2093"},"modified":"2023-12-18T11:47:37","modified_gmt":"2023-12-18T14:47:37","slug":"inicio-do-verao-dicas-para-proteger-sua-pele-do-cancer-de-pele","status":"publish","type":"post","link":"https:\/\/blog.saocamilo-sp.br\/index.php\/2023\/12\/14\/inicio-do-verao-dicas-para-proteger-sua-pele-do-cancer-de-pele\/","title":{"rendered":"In\u00edcio do Ver\u00e3o: Dicas para Proteger sua Pele do C\u00e2ncer de Pele"},"content":{"rendered":"\n<p>O ver\u00e3o brasileiro \u00e9 sin\u00f4nimo de dias ensolarados e calor intenso, mas \u00e9 fundamental estar ciente dos riscos associados \u00e0 exposi\u00e7\u00e3o solar desprotegida, especialmente quando se trata do c\u00e2ncer de pele. Neste artigo, exploraremos em detalhes a import\u00e2ncia da preven\u00e7\u00e3o do c\u00e2ncer de pele durante a temporada de ver\u00e3o.<\/p>\n\n\n\n<h3 class=\"wp-block-heading\"><strong>Os Riscos Invis\u00edveis: Compreendendo o C\u00e2ncer de Pele<\/strong><\/h3>\n\n\n\n<p>O c\u00e2ncer de pele \u00e9 um dos tipos mais comuns da doen\u00e7a, e sua preval\u00eancia aumenta significativamente em regi\u00f5es tropicais como o Brasil. A exposi\u00e7\u00e3o prolongada aos raios UV pode danificar as c\u00e9lulas da pele, levando a muta\u00e7\u00f5es gen\u00e9ticas que podem desencadear o c\u00e2ncer de pele.<\/p>\n\n\n\n<h3 class=\"wp-block-heading\"><strong>Tipos Comuns de C\u00e2ncer de Pele: Alerta para a Sa\u00fade da Sua Pele<\/strong><\/h3>\n\n\n\n<p>Existem diferentes tipos de c\u00e2ncer de pele, sendo os mais comuns o carcinoma basocelular, o carcinoma espinocelular e o melanoma. Cada um apresenta caracter\u00edsticas espec\u00edficas, mas todos est\u00e3o ligados \u00e0 exposi\u00e7\u00e3o solar excessiva ao longo do tempo.<\/p>\n\n\n\n<h3 class=\"wp-block-heading\"><strong>Preven\u00e7\u00e3o como Escudo:<\/strong> dicas de prote\u00e7\u00e3o<\/h3>\n\n\n\n<p>A preven\u00e7\u00e3o \u00e9 a chave para evitar o c\u00e2ncer de pele. Saiba de algumas maneiras de se proteger contra os raios solares e transform\u00e1-lo em amigo.<\/p>\n\n\n\n<h4 class=\"wp-block-heading\">I. Use protetor Solar:<\/h4>\n\n\n\n<ul class=\"wp-block-list\">\n<li>Aplique um protetor solar com fator de prote\u00e7\u00e3o solar (FPS) adequado para o seu tipo de pele.<\/li>\n\n\n\n<li>Reaplique o protetor solar a cada 2 horas, especialmente ap\u00f3s nadar ou suar.<\/li>\n<\/ul>\n\n\n\n<h4 class=\"wp-block-heading\">II. Evite a Exposi\u00e7\u00e3o ao Sol nas Horas de Pico<\/h4>\n\n\n\n<ul class=\"wp-block-list\">\n<li>Evite ficar ao sol entre 10h e 16h, quando os raios UV s\u00e3o mais intensos.<\/li>\n<\/ul>\n\n\n\n<h4 class=\"wp-block-heading\">III. <strong>Use Roupas de Prote\u00e7\u00e3o:<\/strong><\/h4>\n\n\n\n<ul class=\"wp-block-list\">\n<li>Vista roupas leves, de prefer\u00eancia de tecidos com prote\u00e7\u00e3o UV.<\/li>\n\n\n\n<li>Use chap\u00e9u de abas largas para proteger o rosto, pesco\u00e7o e orelhas.<\/li>\n<\/ul>\n\n\n\n<h4 class=\"wp-block-heading\"><strong>IV. P\u00f3s-sol e Hidrata\u00e7\u00e3o:<\/strong><\/h4>\n\n\n\n<ul class=\"wp-block-list\">\n<li>Use produtos p\u00f3s-sol para acalmar a pele ap\u00f3s a exposi\u00e7\u00e3o solar.<\/li>\n\n\n\n<li>Mantenha a pele bem hidratada usando lo\u00e7\u00f5es ou cremes.<\/li>\n<\/ul>\n\n\n\n<h4 class=\"wp-block-heading\">V. <strong>Autoexames e Check-ups Dermatol\u00f3gicos:<\/strong><\/h4>\n\n\n\n<ul class=\"wp-block-list\">\n<li>Fa\u00e7a autoexames regulares para detectar poss\u00edveis mudan\u00e7as na pele.<\/li>\n\n\n\n<li>Agende consultas peri\u00f3dicas com um dermatologista para exames de pele.<\/li>\n<\/ul>\n\n\n\n<h3 class=\"wp-block-heading\"><strong>Um Ver\u00e3o Radiante e Consciente<\/strong><\/h3>\n\n\n\n<p>Lembre-se de que a prote\u00e7\u00e3o solar deve ser uma pr\u00e1tica di\u00e1ria, mesmo em dias nublados, pois os raios UV podem penetrar nas nuvens. Adotar essas pr\u00e1ticas pode ajudar a manter a sa\u00fade da sua pele durante todo o ano.<\/p>\n","protected":false},"excerpt":{"rendered":"<p>O ver\u00e3o brasileiro \u00e9 sin\u00f4nimo de dias ensolarados e calor intenso, mas \u00e9 fundamental estar ciente dos riscos associados \u00e0 exposi\u00e7\u00e3o solar desprotegida.<\/p>\n","protected":false},"author":4,"featured_media":2120,"comment_status":"open","ping_status":"open","sticky":false,"template":"","format":"standard","meta":{"cybocfi_hide_featured_image":"","footnotes":""},"categories":[79],"tags":[128,127,53],"class_list":["post-2093","post","type-post","status-publish","format-standard","has-post-thumbnail","hentry","category-saude","tag-cancer","tag-sol","tag-verao"],"yoast_head":"<!-- This site is optimized with the Yoast SEO plugin v27.4 - https:\/\/yoast.com\/product\/yoast-seo-wordpress\/ -->\n<title>In\u00edcio do Ver\u00e3o: Dicas para Proteger sua Pele do C\u00e2ncer de Pele - Blog S\u00e3o Camilo<\/title>\n<meta name=\"description\" content=\"O ver\u00e3o brasileiro \u00e9 sin\u00f4nimo de dias ensolarados e calor intenso, mas \u00e9 fundamental estar ciente dos riscos associados \u00e0 exposi\u00e7\u00e3o solar...\" \/>\n<meta name=\"robots\" content=\"index, follow, max-snippet:-1, max-image-preview:large, max-video-preview:-1\" \/>\n<link rel=\"canonical\" href=\"https:\/\/blog.saocamilo-sp.br\/index.php\/2023\/12\/14\/inicio-do-verao-dicas-para-proteger-sua-pele-do-cancer-de-pele\/\" \/>\n<meta property=\"og:locale\" content=\"pt_BR\" \/>\n<meta property=\"og:type\" content=\"article\" \/>\n<meta property=\"og:title\" content=\"In\u00edcio do Ver\u00e3o: Dicas para Proteger sua Pele do C\u00e2ncer de Pele - Blog S\u00e3o Camilo\" \/>\n<meta property=\"og:description\" content=\"O ver\u00e3o brasileiro \u00e9 sin\u00f4nimo de dias ensolarados e calor intenso, mas \u00e9 fundamental estar ciente dos riscos associados \u00e0 exposi\u00e7\u00e3o solar...\" \/>\n<meta property=\"og:url\" content=\"https:\/\/blog.saocamilo-sp.br\/index.php\/2023\/12\/14\/inicio-do-verao-dicas-para-proteger-sua-pele-do-cancer-de-pele\/\" \/>\n<meta property=\"og:site_name\" content=\"Blog S\u00e3o Camilo\" \/>\n<meta property=\"article:publisher\" content=\"https:\/\/www.facebook.com\/saocamilosp\" \/>\n<meta property=\"article:published_time\" content=\"2023-12-14T11:53:09+00:00\" \/>\n<meta property=\"article:modified_time\" content=\"2023-12-18T14:47:37+00:00\" \/>\n<meta property=\"og:image\" content=\"https:\/\/blog.saocamilo-sp.br\/wp-content\/uploads\/2023\/12\/Verao-1.jpg\" \/>\n\t<meta property=\"og:image:width\" content=\"768\" \/>\n\t<meta property=\"og:image:height\" content=\"519\" \/>\n\t<meta property=\"og:image:type\" content=\"image\/jpeg\" \/>\n<meta name=\"author\" content=\"Lucas Soares Gon\u00e7alves\" \/>\n<meta name=\"twitter:card\" content=\"summary_large_image\" \/>\n<meta name=\"twitter:creator\" content=\"@saocamilosp\" \/>\n<meta name=\"twitter:site\" content=\"@saocamilosp\" \/>\n<meta name=\"twitter:label1\" content=\"Escrito por\" \/>\n\t<meta name=\"twitter:data1\" content=\"Lucas Soares Gon\u00e7alves\" \/>\n\t<meta name=\"twitter:label2\" content=\"Est. tempo de leitura\" \/>\n\t<meta name=\"twitter:data2\" content=\"3 minutos\" \/>\n<script type=\"application\/ld+json\" class=\"yoast-schema-graph\">{\"@context\":\"https:\\\/\\\/schema.org\",\"@graph\":[{\"@type\":\"Article\",\"@id\":\"https:\\\/\\\/blog.saocamilo-sp.br\\\/index.php\\\/2023\\\/12\\\/14\\\/inicio-do-verao-dicas-para-proteger-sua-pele-do-cancer-de-pele\\\/#article\",\"isPartOf\":{\"@id\":\"https:\\\/\\\/blog.saocamilo-sp.br\\\/index.php\\\/2023\\\/12\\\/14\\\/inicio-do-verao-dicas-para-proteger-sua-pele-do-cancer-de-pele\\\/\"},\"author\":{\"name\":\"Lucas Soares Gon\u00e7alves\",\"@id\":\"https:\\\/\\\/blog.saocamilo-sp.br\\\/#\\\/schema\\\/person\\\/781135418152912d4b58f2db13a2eaf0\"},\"headline\":\"In\u00edcio do Ver\u00e3o: Dicas para Proteger sua Pele do C\u00e2ncer de Pele\",\"datePublished\":\"2023-12-14T11:53:09+00:00\",\"dateModified\":\"2023-12-18T14:47:37+00:00\",\"mainEntityOfPage\":{\"@id\":\"https:\\\/\\\/blog.saocamilo-sp.br\\\/index.php\\\/2023\\\/12\\\/14\\\/inicio-do-verao-dicas-para-proteger-sua-pele-do-cancer-de-pele\\\/\"},\"wordCount\":428,\"commentCount\":0,\"publisher\":{\"@id\":\"https:\\\/\\\/blog.saocamilo-sp.br\\\/#organization\"},\"image\":{\"@id\":\"https:\\\/\\\/blog.saocamilo-sp.br\\\/index.php\\\/2023\\\/12\\\/14\\\/inicio-do-verao-dicas-para-proteger-sua-pele-do-cancer-de-pele\\\/#primaryimage\"},\"thumbnailUrl\":\"https:\\\/\\\/blog.saocamilo-sp.br\\\/wp-content\\\/uploads\\\/2023\\\/12\\\/Verao-1.jpg\",\"keywords\":[\"C\u00e2ncer\",\"Sol\",\"Ver\u00e3o\"],\"articleSection\":[\"Sa\u00fade\"],\"inLanguage\":\"pt-BR\",\"potentialAction\":[{\"@type\":\"CommentAction\",\"name\":\"Comment\",\"target\":[\"https:\\\/\\\/blog.saocamilo-sp.br\\\/index.php\\\/2023\\\/12\\\/14\\\/inicio-do-verao-dicas-para-proteger-sua-pele-do-cancer-de-pele\\\/#respond\"]}]},{\"@type\":\"WebPage\",\"@id\":\"https:\\\/\\\/blog.saocamilo-sp.br\\\/index.php\\\/2023\\\/12\\\/14\\\/inicio-do-verao-dicas-para-proteger-sua-pele-do-cancer-de-pele\\\/\",\"url\":\"https:\\\/\\\/blog.saocamilo-sp.br\\\/index.php\\\/2023\\\/12\\\/14\\\/inicio-do-verao-dicas-para-proteger-sua-pele-do-cancer-de-pele\\\/\",\"name\":\"In\u00edcio do Ver\u00e3o: Dicas para Proteger sua Pele do C\u00e2ncer de Pele - Blog S\u00e3o Camilo\",\"isPartOf\":{\"@id\":\"https:\\\/\\\/blog.saocamilo-sp.br\\\/#website\"},\"primaryImageOfPage\":{\"@id\":\"https:\\\/\\\/blog.saocamilo-sp.br\\\/index.php\\\/2023\\\/12\\\/14\\\/inicio-do-verao-dicas-para-proteger-sua-pele-do-cancer-de-pele\\\/#primaryimage\"},\"image\":{\"@id\":\"https:\\\/\\\/blog.saocamilo-sp.br\\\/index.php\\\/2023\\\/12\\\/14\\\/inicio-do-verao-dicas-para-proteger-sua-pele-do-cancer-de-pele\\\/#primaryimage\"},\"thumbnailUrl\":\"https:\\\/\\\/blog.saocamilo-sp.br\\\/wp-content\\\/uploads\\\/2023\\\/12\\\/Verao-1.jpg\",\"datePublished\":\"2023-12-14T11:53:09+00:00\",\"dateModified\":\"2023-12-18T14:47:37+00:00\",\"description\":\"O ver\u00e3o brasileiro \u00e9 sin\u00f4nimo de dias ensolarados e calor intenso, mas \u00e9 fundamental estar ciente dos riscos associados \u00e0 exposi\u00e7\u00e3o solar...\",\"breadcrumb\":{\"@id\":\"https:\\\/\\\/blog.saocamilo-sp.br\\\/index.php\\\/2023\\\/12\\\/14\\\/inicio-do-verao-dicas-para-proteger-sua-pele-do-cancer-de-pele\\\/#breadcrumb\"},\"inLanguage\":\"pt-BR\",\"potentialAction\":[{\"@type\":\"ReadAction\",\"target\":[\"https:\\\/\\\/blog.saocamilo-sp.br\\\/index.php\\\/2023\\\/12\\\/14\\\/inicio-do-verao-dicas-para-proteger-sua-pele-do-cancer-de-pele\\\/\"]}]},{\"@type\":\"ImageObject\",\"inLanguage\":\"pt-BR\",\"@id\":\"https:\\\/\\\/blog.saocamilo-sp.br\\\/index.php\\\/2023\\\/12\\\/14\\\/inicio-do-verao-dicas-para-proteger-sua-pele-do-cancer-de-pele\\\/#primaryimage\",\"url\":\"https:\\\/\\\/blog.saocamilo-sp.br\\\/wp-content\\\/uploads\\\/2023\\\/12\\\/Verao-1.jpg\",\"contentUrl\":\"https:\\\/\\\/blog.saocamilo-sp.br\\\/wp-content\\\/uploads\\\/2023\\\/12\\\/Verao-1.jpg\",\"width\":768,\"height\":519,\"caption\":\"O ver\u00e3o brasileiro \u00e9 sin\u00f4nimo de dias ensolarados e calor intenso, mas \u00e9 fundamental estar ciente dos riscos associados \u00e0 exposi\u00e7\u00e3o solar desprotegida, especialmente quando se trata do c\u00e2ncer de pele.\"},{\"@type\":\"BreadcrumbList\",\"@id\":\"https:\\\/\\\/blog.saocamilo-sp.br\\\/index.php\\\/2023\\\/12\\\/14\\\/inicio-do-verao-dicas-para-proteger-sua-pele-do-cancer-de-pele\\\/#breadcrumb\",\"itemListElement\":[{\"@type\":\"ListItem\",\"position\":1,\"name\":\"In\u00edcio\",\"item\":\"https:\\\/\\\/blog.saocamilo-sp.br\\\/\"},{\"@type\":\"ListItem\",\"position\":2,\"name\":\"In\u00edcio do Ver\u00e3o: Dicas para Proteger sua Pele do C\u00e2ncer de Pele\"}]},{\"@type\":\"WebSite\",\"@id\":\"https:\\\/\\\/blog.saocamilo-sp.br\\\/#website\",\"url\":\"https:\\\/\\\/blog.saocamilo-sp.br\\\/\",\"name\":\"Blog S\u00e3o Camilo\",\"description\":\"Blog do Centro Universit\u00e1rio S\u00e3o Camilo\",\"publisher\":{\"@id\":\"https:\\\/\\\/blog.saocamilo-sp.br\\\/#organization\"},\"potentialAction\":[{\"@type\":\"SearchAction\",\"target\":{\"@type\":\"EntryPoint\",\"urlTemplate\":\"https:\\\/\\\/blog.saocamilo-sp.br\\\/?s={search_term_string}\"},\"query-input\":{\"@type\":\"PropertyValueSpecification\",\"valueRequired\":true,\"valueName\":\"search_term_string\"}}],\"inLanguage\":\"pt-BR\"},{\"@type\":\"Organization\",\"@id\":\"https:\\\/\\\/blog.saocamilo-sp.br\\\/#organization\",\"name\":\"Blog S\u00e3o Camilo\",\"url\":\"https:\\\/\\\/blog.saocamilo-sp.br\\\/\",\"logo\":{\"@type\":\"ImageObject\",\"inLanguage\":\"pt-BR\",\"@id\":\"https:\\\/\\\/blog.saocamilo-sp.br\\\/#\\\/schema\\\/logo\\\/image\\\/\",\"url\":\"https:\\\/\\\/blog.saocamilo-sp.br\\\/wp-content\\\/uploads\\\/2021\\\/12\\\/cropped-vazio-logo-topo.png\",\"contentUrl\":\"https:\\\/\\\/blog.saocamilo-sp.br\\\/wp-content\\\/uploads\\\/2021\\\/12\\\/cropped-vazio-logo-topo.png\",\"width\":320,\"height\":240,\"caption\":\"Blog S\u00e3o Camilo\"},\"image\":{\"@id\":\"https:\\\/\\\/blog.saocamilo-sp.br\\\/#\\\/schema\\\/logo\\\/image\\\/\"},\"sameAs\":[\"https:\\\/\\\/www.facebook.com\\\/saocamilosp\",\"https:\\\/\\\/x.com\\\/saocamilosp\",\"https:\\\/\\\/www.linkedin.com\\\/school\\\/centro-universit-rio-s-o-camilo\\\/\"]},{\"@type\":\"Person\",\"@id\":\"https:\\\/\\\/blog.saocamilo-sp.br\\\/#\\\/schema\\\/person\\\/781135418152912d4b58f2db13a2eaf0\",\"name\":\"Lucas Soares Gon\u00e7alves\",\"image\":{\"@type\":\"ImageObject\",\"inLanguage\":\"pt-BR\",\"@id\":\"https:\\\/\\\/secure.gravatar.com\\\/avatar\\\/bcd2d703cbb48116eaac2cac8643792535238ff30b2d7ce9e16f9254ec9cae83?s=96&d=mm&r=g\",\"url\":\"https:\\\/\\\/secure.gravatar.com\\\/avatar\\\/bcd2d703cbb48116eaac2cac8643792535238ff30b2d7ce9e16f9254ec9cae83?s=96&d=mm&r=g\",\"contentUrl\":\"https:\\\/\\\/secure.gravatar.com\\\/avatar\\\/bcd2d703cbb48116eaac2cac8643792535238ff30b2d7ce9e16f9254ec9cae83?s=96&d=mm&r=g\",\"caption\":\"Lucas Soares Gon\u00e7alves\"},\"url\":\"https:\\\/\\\/blog.saocamilo-sp.br\\\/index.php\\\/author\\\/lucas-soares-goncalves\\\/\"}]}<\/script>\n<!-- \/ Yoast SEO plugin. -->","yoast_head_json":{"title":"In\u00edcio do Ver\u00e3o: Dicas para Proteger sua Pele do C\u00e2ncer de Pele - Blog S\u00e3o Camilo","description":"O ver\u00e3o brasileiro \u00e9 sin\u00f4nimo de dias ensolarados e calor intenso, mas \u00e9 fundamental estar ciente dos riscos associados \u00e0 exposi\u00e7\u00e3o solar...","robots":{"index":"index","follow":"follow","max-snippet":"max-snippet:-1","max-image-preview":"max-image-preview:large","max-video-preview":"max-video-preview:-1"},"canonical":"https:\/\/blog.saocamilo-sp.br\/index.php\/2023\/12\/14\/inicio-do-verao-dicas-para-proteger-sua-pele-do-cancer-de-pele\/","og_locale":"pt_BR","og_type":"article","og_title":"In\u00edcio do Ver\u00e3o: Dicas para Proteger sua Pele do C\u00e2ncer de Pele - Blog S\u00e3o Camilo","og_description":"O ver\u00e3o brasileiro \u00e9 sin\u00f4nimo de dias ensolarados e calor intenso, mas \u00e9 fundamental estar ciente dos riscos associados \u00e0 exposi\u00e7\u00e3o solar...","og_url":"https:\/\/blog.saocamilo-sp.br\/index.php\/2023\/12\/14\/inicio-do-verao-dicas-para-proteger-sua-pele-do-cancer-de-pele\/","og_site_name":"Blog S\u00e3o Camilo","article_publisher":"https:\/\/www.facebook.com\/saocamilosp","article_published_time":"2023-12-14T11:53:09+00:00","article_modified_time":"2023-12-18T14:47:37+00:00","og_image":[{"width":768,"height":519,"url":"https:\/\/blog.saocamilo-sp.br\/wp-content\/uploads\/2023\/12\/Verao-1.jpg","type":"image\/jpeg"}],"author":"Lucas Soares Gon\u00e7alves","twitter_card":"summary_large_image","twitter_creator":"@saocamilosp","twitter_site":"@saocamilosp","twitter_misc":{"Escrito por":"Lucas Soares Gon\u00e7alves","Est. tempo de leitura":"3 minutos"},"schema":{"@context":"https:\/\/schema.org","@graph":[{"@type":"Article","@id":"https:\/\/blog.saocamilo-sp.br\/index.php\/2023\/12\/14\/inicio-do-verao-dicas-para-proteger-sua-pele-do-cancer-de-pele\/#article","isPartOf":{"@id":"https:\/\/blog.saocamilo-sp.br\/index.php\/2023\/12\/14\/inicio-do-verao-dicas-para-proteger-sua-pele-do-cancer-de-pele\/"},"author":{"name":"Lucas Soares Gon\u00e7alves","@id":"https:\/\/blog.saocamilo-sp.br\/#\/schema\/person\/781135418152912d4b58f2db13a2eaf0"},"headline":"In\u00edcio do Ver\u00e3o: Dicas para Proteger sua Pele do C\u00e2ncer de Pele","datePublished":"2023-12-14T11:53:09+00:00","dateModified":"2023-12-18T14:47:37+00:00","mainEntityOfPage":{"@id":"https:\/\/blog.saocamilo-sp.br\/index.php\/2023\/12\/14\/inicio-do-verao-dicas-para-proteger-sua-pele-do-cancer-de-pele\/"},"wordCount":428,"commentCount":0,"publisher":{"@id":"https:\/\/blog.saocamilo-sp.br\/#organization"},"image":{"@id":"https:\/\/blog.saocamilo-sp.br\/index.php\/2023\/12\/14\/inicio-do-verao-dicas-para-proteger-sua-pele-do-cancer-de-pele\/#primaryimage"},"thumbnailUrl":"https:\/\/blog.saocamilo-sp.br\/wp-content\/uploads\/2023\/12\/Verao-1.jpg","keywords":["C\u00e2ncer","Sol","Ver\u00e3o"],"articleSection":["Sa\u00fade"],"inLanguage":"pt-BR","potentialAction":[{"@type":"CommentAction","name":"Comment","target":["https:\/\/blog.saocamilo-sp.br\/index.php\/2023\/12\/14\/inicio-do-verao-dicas-para-proteger-sua-pele-do-cancer-de-pele\/#respond"]}]},{"@type":"WebPage","@id":"https:\/\/blog.saocamilo-sp.br\/index.php\/2023\/12\/14\/inicio-do-verao-dicas-para-proteger-sua-pele-do-cancer-de-pele\/","url":"https:\/\/blog.saocamilo-sp.br\/index.php\/2023\/12\/14\/inicio-do-verao-dicas-para-proteger-sua-pele-do-cancer-de-pele\/","name":"In\u00edcio do Ver\u00e3o: Dicas para Proteger sua Pele do C\u00e2ncer de Pele - Blog S\u00e3o Camilo","isPartOf":{"@id":"https:\/\/blog.saocamilo-sp.br\/#website"},"primaryImageOfPage":{"@id":"https:\/\/blog.saocamilo-sp.br\/index.php\/2023\/12\/14\/inicio-do-verao-dicas-para-proteger-sua-pele-do-cancer-de-pele\/#primaryimage"},"image":{"@id":"https:\/\/blog.saocamilo-sp.br\/index.php\/2023\/12\/14\/inicio-do-verao-dicas-para-proteger-sua-pele-do-cancer-de-pele\/#primaryimage"},"thumbnailUrl":"https:\/\/blog.saocamilo-sp.br\/wp-content\/uploads\/2023\/12\/Verao-1.jpg","datePublished":"2023-12-14T11:53:09+00:00","dateModified":"2023-12-18T14:47:37+00:00","description":"O ver\u00e3o brasileiro \u00e9 sin\u00f4nimo de dias ensolarados e calor intenso, mas \u00e9 fundamental estar ciente dos riscos associados \u00e0 exposi\u00e7\u00e3o solar...","breadcrumb":{"@id":"https:\/\/blog.saocamilo-sp.br\/index.php\/2023\/12\/14\/inicio-do-verao-dicas-para-proteger-sua-pele-do-cancer-de-pele\/#breadcrumb"},"inLanguage":"pt-BR","potentialAction":[{"@type":"ReadAction","target":["https:\/\/blog.saocamilo-sp.br\/index.php\/2023\/12\/14\/inicio-do-verao-dicas-para-proteger-sua-pele-do-cancer-de-pele\/"]}]},{"@type":"ImageObject","inLanguage":"pt-BR","@id":"https:\/\/blog.saocamilo-sp.br\/index.php\/2023\/12\/14\/inicio-do-verao-dicas-para-proteger-sua-pele-do-cancer-de-pele\/#primaryimage","url":"https:\/\/blog.saocamilo-sp.br\/wp-content\/uploads\/2023\/12\/Verao-1.jpg","contentUrl":"https:\/\/blog.saocamilo-sp.br\/wp-content\/uploads\/2023\/12\/Verao-1.jpg","width":768,"height":519,"caption":"O ver\u00e3o brasileiro \u00e9 sin\u00f4nimo de dias ensolarados e calor intenso, mas \u00e9 fundamental estar ciente dos riscos associados \u00e0 exposi\u00e7\u00e3o solar desprotegida, especialmente quando se trata do c\u00e2ncer de pele."},{"@type":"BreadcrumbList","@id":"https:\/\/blog.saocamilo-sp.br\/index.php\/2023\/12\/14\/inicio-do-verao-dicas-para-proteger-sua-pele-do-cancer-de-pele\/#breadcrumb","itemListElement":[{"@type":"ListItem","position":1,"name":"In\u00edcio","item":"https:\/\/blog.saocamilo-sp.br\/"},{"@type":"ListItem","position":2,"name":"In\u00edcio do Ver\u00e3o: Dicas para Proteger sua Pele do C\u00e2ncer de Pele"}]},{"@type":"WebSite","@id":"https:\/\/blog.saocamilo-sp.br\/#website","url":"https:\/\/blog.saocamilo-sp.br\/","name":"Blog S\u00e3o Camilo","description":"Blog do Centro Universit\u00e1rio S\u00e3o Camilo","publisher":{"@id":"https:\/\/blog.saocamilo-sp.br\/#organization"},"potentialAction":[{"@type":"SearchAction","target":{"@type":"EntryPoint","urlTemplate":"https:\/\/blog.saocamilo-sp.br\/?s={search_term_string}"},"query-input":{"@type":"PropertyValueSpecification","valueRequired":true,"valueName":"search_term_string"}}],"inLanguage":"pt-BR"},{"@type":"Organization","@id":"https:\/\/blog.saocamilo-sp.br\/#organization","name":"Blog S\u00e3o Camilo","url":"https:\/\/blog.saocamilo-sp.br\/","logo":{"@type":"ImageObject","inLanguage":"pt-BR","@id":"https:\/\/blog.saocamilo-sp.br\/#\/schema\/logo\/image\/","url":"https:\/\/blog.saocamilo-sp.br\/wp-content\/uploads\/2021\/12\/cropped-vazio-logo-topo.png","contentUrl":"https:\/\/blog.saocamilo-sp.br\/wp-content\/uploads\/2021\/12\/cropped-vazio-logo-topo.png","width":320,"height":240,"caption":"Blog S\u00e3o Camilo"},"image":{"@id":"https:\/\/blog.saocamilo-sp.br\/#\/schema\/logo\/image\/"},"sameAs":["https:\/\/www.facebook.com\/saocamilosp","https:\/\/x.com\/saocamilosp","https:\/\/www.linkedin.com\/school\/centro-universit-rio-s-o-camilo\/"]},{"@type":"Person","@id":"https:\/\/blog.saocamilo-sp.br\/#\/schema\/person\/781135418152912d4b58f2db13a2eaf0","name":"Lucas Soares Gon\u00e7alves","image":{"@type":"ImageObject","inLanguage":"pt-BR","@id":"https:\/\/secure.gravatar.com\/avatar\/bcd2d703cbb48116eaac2cac8643792535238ff30b2d7ce9e16f9254ec9cae83?s=96&d=mm&r=g","url":"https:\/\/secure.gravatar.com\/avatar\/bcd2d703cbb48116eaac2cac8643792535238ff30b2d7ce9e16f9254ec9cae83?s=96&d=mm&r=g","contentUrl":"https:\/\/secure.gravatar.com\/avatar\/bcd2d703cbb48116eaac2cac8643792535238ff30b2d7ce9e16f9254ec9cae83?s=96&d=mm&r=g","caption":"Lucas Soares Gon\u00e7alves"},"url":"https:\/\/blog.saocamilo-sp.br\/index.php\/author\/lucas-soares-goncalves\/"}]}},"_links":{"self":[{"href":"https:\/\/blog.saocamilo-sp.br\/index.php\/wp-json\/wp\/v2\/posts\/2093","targetHints":{"allow":["GET"]}}],"collection":[{"href":"https:\/\/blog.saocamilo-sp.br\/index.php\/wp-json\/wp\/v2\/posts"}],"about":[{"href":"https:\/\/blog.saocamilo-sp.br\/index.php\/wp-json\/wp\/v2\/types\/post"}],"author":[{"embeddable":true,"href":"https:\/\/blog.saocamilo-sp.br\/index.php\/wp-json\/wp\/v2\/users\/4"}],"replies":[{"embeddable":true,"href":"https:\/\/blog.saocamilo-sp.br\/index.php\/wp-json\/wp\/v2\/comments?post=2093"}],"version-history":[{"count":4,"href":"https:\/\/blog.saocamilo-sp.br\/index.php\/wp-json\/wp\/v2\/posts\/2093\/revisions"}],"predecessor-version":[{"id":2152,"href":"https:\/\/blog.saocamilo-sp.br\/index.php\/wp-json\/wp\/v2\/posts\/2093\/revisions\/2152"}],"wp:featuredmedia":[{"embeddable":true,"href":"https:\/\/blog.saocamilo-sp.br\/index.php\/wp-json\/wp\/v2\/media\/2120"}],"wp:attachment":[{"href":"https:\/\/blog.saocamilo-sp.br\/index.php\/wp-json\/wp\/v2\/media?parent=2093"}],"wp:term":[{"taxonomy":"category","embeddable":true,"href":"https:\/\/blog.saocamilo-sp.br\/index.php\/wp-json\/wp\/v2\/categories?post=2093"},{"taxonomy":"post_tag","embeddable":true,"href":"https:\/\/blog.saocamilo-sp.br\/index.php\/wp-json\/wp\/v2\/tags?post=2093"}],"curies":[{"name":"wp","href":"https:\/\/api.w.org\/{rel}","templated":true}]}}