{"id":2099,"date":"2023-12-05T23:48:35","date_gmt":"2023-12-06T02:48:35","guid":{"rendered":"https:\/\/blog.saocamilo-sp.br\/?p=2099"},"modified":"2024-08-26T14:22:37","modified_gmt":"2024-08-26T17:22:37","slug":"docente-de-medicina-aborda-cuidados-para-gravidas-em-dias-quentes","status":"publish","type":"post","link":"https:\/\/blog.saocamilo-sp.br\/index.php\/2023\/12\/05\/docente-de-medicina-aborda-cuidados-para-gravidas-em-dias-quentes\/","title":{"rendered":"Docente de medicina aborda cuidados para gr\u00e1vidas em dias quentes"},"content":{"rendered":"\n<p>O aquecimento global e fen\u00f4menos como o El Ni\u00f1o podem, al\u00e9m de atingir o meio ambiente, tamb\u00e9m afetar diretamente a gesta\u00e7\u00e3o das mulheres gr\u00e1vidas. De acordo com a Revista Science, a cada aumento de 1\u00b0C na temperatura m\u00e9dia global, a gr\u00e1vida tem 5% a mais de chance de ter um beb\u00ea prematuro e 16% quando ela enfrenta ondas repetidas de calor. Al\u00e9m disso, gestantes no primeiro trimestre de gravidez, com aumento da temperatura corporal acima de 39,2\u00baC, podem ter consequ\u00eancias graves na sa\u00fade do feto. Entre elas est\u00e3o a diminui\u00e7\u00e3o na quantidade de l\u00edquido amni\u00f3tico. Isso possibilita que a crian\u00e7a nas\u00e7a com baixo peso, tenha anormalidades cong\u00eanitas, podendo provocar at\u00e9 mesmo a morte fetal.<\/p>\n\n\n\n<h2 class=\"wp-block-heading\">O efeito das altas temperaturas em mulheres gr\u00e1vidas<\/h2>\n\n\n\n<p>Segundo a obstetra e coordenadora adjunta do curso de <a href=\"https:\/\/saocamilo-sp.br\/graduacao\/presencial\/medicina\" target=\"_blank\" rel=\"noreferrer noopener\">Medicina<\/a> do Centro Universit\u00e1rio S\u00e3o Camilo, F\u00e1bia Vilarino, as temperaturas elevadas t\u00eam implica\u00e7\u00f5es para todos, e as gr\u00e1vidas s\u00e3o mais suscet\u00edveis.<\/p>\n\n\n\n<p> \u201cEssas implica\u00e7\u00f5es s\u00e3o devido \u00e0s condi\u00e7\u00f5es pr\u00f3prias da gravidez, como altera\u00e7\u00f5es hormonais e na volemia (quantidade de sangue no corpo) que proporcionam aumento natural da temperatura do corpo\u201d, explicou.<\/p>\n\n\n\n<p>Para ela, o calor n\u00e3o prejudica o feto diretamente, mas se a m\u00e3e n\u00e3o se hidratar corretamente pode haver repercuss\u00f5es. Entre elas esta a redu\u00e7\u00e3o do liquido amni\u00f3tico, por exemplo. No inicio da gesta\u00e7\u00e3o h\u00e1 mais predisposi\u00e7\u00e3o \u00e0s quedas de press\u00e3o. Dessa forma, com possibilidade de sensa\u00e7\u00e3o de desmaio e no 2\u00ba e 3\u00ba trimestres de gravidez, pelo aumento do peso e do volume abdominal, h\u00e1 mais desconforto e aumento da temperatura corporal.<\/p>\n\n\n\n<blockquote class=\"wp-block-quote is-layout-flow wp-block-quote-is-layout-flow\">\n<p>\u201cO aumento da temperatura ret\u00e9m l\u00edquido, causando edemas, queda de press\u00e3o arterial, sensa\u00e7\u00e3o de cansa\u00e7o e indisposi\u00e7\u00e3o e se n\u00e3o houver hidrata\u00e7\u00e3o adequada leva \u00e0 desidrata\u00e7\u00e3o\u201d<\/p>\n<cite>Profa. dra. f\u00e1bia vilarino<\/cite><\/blockquote>\n\n\n\n<h2 class=\"wp-block-heading\">Os cuidados em dias quentes<\/h2>\n\n\n\n<p>Ela indica que em dias muito quentes \u00e9 importante que a gestante use roupas leves e confort\u00e1veis. Al\u00e9m disso, \u00e9 importante que n\u00e3o se exponha ao sol, n\u00e3o tome banho quente, ingira mais l\u00edquidos do que de costume, principalmente \u00e1gua, assim como alimentos frescos como frutas e vegetais. E tamb\u00e9m d\u00ea prefer\u00eancia a ambientes ventilados, abertos e \u00e0s sombras. O uso de umidificadores de ar ajudam a refrescar a sensa\u00e7\u00e3o t\u00e9rmica.<\/p>\n\n\n\n<p><\/p>\n\n\n\n<p>Veja tamb\u00e9m:<br><a href=\"https:\/\/blog.saocamilo-sp.br\/index.php\/2023\/03\/01\/coordenador-de-farmacia-fala-sobre-a-importancia-sobre-do-uso-de-protetores-solares\/\">Coordenador de Farm\u00e1cia fala sobre a import\u00e2ncia do uso de protetores solares<\/a><\/p>\n\n\n\n<p><a href=\"https:\/\/blog.saocamilo-sp.br\/index.php\/2023\/10\/10\/12-passos-para-a-higiene-das-maos-e-os-beneficios-para-a-saude-publica\/\">Higiene das m\u00e3os: os 12 passos e os benef\u00edcios para a sa\u00fade p\u00fablica<\/a><\/p>\n\n\n\n<p>Saiba mais sobre nossos cursos:<\/p>\n\n\n\n<iframe loading=\"lazy\" src=\"https:\/\/saocamilo.apprbs.com.br\/bloginstitucional\" height=\"530px\" width=\"100%\" frameborder=\"0\"><\/iframe>\n\n\n\n<p>Compartilhe em:<\/p>\n\n\n\n<p><\/p>\n","protected":false},"excerpt":{"rendered":"<p>O aumento da temperatura pode afetar a quantidade de l\u00edquido amni\u00f3tico e at\u00e9 aumentar as chances de prematuridade e defeitos cong\u00eanitos.<\/p>\n","protected":false},"author":13,"featured_media":2102,"comment_status":"open","ping_status":"open","sticky":false,"template":"","format":"standard","meta":{"cybocfi_hide_featured_image":"","footnotes":""},"categories":[30,79],"tags":[12,17],"class_list":["post-2099","post","type-post","status-publish","format-standard","has-post-thumbnail","hentry","category-medicina","category-saude","tag-medicina","tag-saude"],"yoast_head":"<!-- This site is optimized with the Yoast SEO plugin v27.5 - https:\/\/yoast.com\/product\/yoast-seo-wordpress\/ -->\n<title>Docente de medicina aborda cuidados para gr\u00e1vidas em dias quentes - Blog S\u00e3o Camilo<\/title>\n<meta name=\"description\" content=\"O aumento da temperatura pode afetar a quantidade de l\u00edquido amni\u00f3tico e at\u00e9 aumentar as chances de prematuridade e defeitos cong\u00eanitos.\" \/>\n<meta name=\"robots\" content=\"index, follow, max-snippet:-1, max-image-preview:large, max-video-preview:-1\" \/>\n<link rel=\"canonical\" href=\"https:\/\/blog.saocamilo-sp.br\/index.php\/2023\/12\/05\/docente-de-medicina-aborda-cuidados-para-gravidas-em-dias-quentes\/\" \/>\n<meta property=\"og:locale\" content=\"pt_BR\" \/>\n<meta property=\"og:type\" content=\"article\" \/>\n<meta property=\"og:title\" content=\"Docente de medicina aborda cuidados para gr\u00e1vidas em dias quentes - Blog S\u00e3o Camilo\" \/>\n<meta property=\"og:description\" content=\"O aumento da temperatura pode afetar a quantidade de l\u00edquido amni\u00f3tico e at\u00e9 aumentar as chances de prematuridade e defeitos cong\u00eanitos.\" \/>\n<meta property=\"og:url\" content=\"https:\/\/blog.saocamilo-sp.br\/index.php\/2023\/12\/05\/docente-de-medicina-aborda-cuidados-para-gravidas-em-dias-quentes\/\" \/>\n<meta property=\"og:site_name\" content=\"Blog S\u00e3o Camilo\" \/>\n<meta property=\"article:publisher\" content=\"https:\/\/www.facebook.com\/saocamilosp\" \/>\n<meta property=\"article:published_time\" content=\"2023-12-06T02:48:35+00:00\" \/>\n<meta property=\"article:modified_time\" content=\"2024-08-26T17:22:37+00:00\" \/>\n<meta property=\"og:image\" content=\"https:\/\/blog.saocamilo-sp.br\/wp-content\/uploads\/2023\/12\/1_gravidez.png\" \/>\n\t<meta property=\"og:image:width\" content=\"1238\" \/>\n\t<meta property=\"og:image:height\" content=\"821\" \/>\n\t<meta property=\"og:image:type\" content=\"image\/png\" \/>\n<meta name=\"author\" content=\"Leandro Lafr\u00e1gola\" \/>\n<meta name=\"twitter:card\" content=\"summary_large_image\" \/>\n<meta name=\"twitter:creator\" content=\"@saocamilosp\" \/>\n<meta name=\"twitter:site\" content=\"@saocamilosp\" \/>\n<meta name=\"twitter:label1\" content=\"Escrito por\" \/>\n\t<meta name=\"twitter:data1\" content=\"Leandro Lafr\u00e1gola\" \/>\n\t<meta name=\"twitter:label2\" content=\"Est. tempo de leitura\" \/>\n\t<meta name=\"twitter:data2\" content=\"3 minutos\" \/>\n<script type=\"application\/ld+json\" class=\"yoast-schema-graph\">{\"@context\":\"https:\\\/\\\/schema.org\",\"@graph\":[{\"@type\":\"Article\",\"@id\":\"https:\\\/\\\/blog.saocamilo-sp.br\\\/index.php\\\/2023\\\/12\\\/05\\\/docente-de-medicina-aborda-cuidados-para-gravidas-em-dias-quentes\\\/#article\",\"isPartOf\":{\"@id\":\"https:\\\/\\\/blog.saocamilo-sp.br\\\/index.php\\\/2023\\\/12\\\/05\\\/docente-de-medicina-aborda-cuidados-para-gravidas-em-dias-quentes\\\/\"},\"author\":{\"name\":\"Leandro Lafr\u00e1gola\",\"@id\":\"https:\\\/\\\/blog.saocamilo-sp.br\\\/#\\\/schema\\\/person\\\/1a99645faaab0bb55105f817e866e19b\"},\"headline\":\"Docente de medicina aborda cuidados para gr\u00e1vidas em dias quentes\",\"datePublished\":\"2023-12-06T02:48:35+00:00\",\"dateModified\":\"2024-08-26T17:22:37+00:00\",\"mainEntityOfPage\":{\"@id\":\"https:\\\/\\\/blog.saocamilo-sp.br\\\/index.php\\\/2023\\\/12\\\/05\\\/docente-de-medicina-aborda-cuidados-para-gravidas-em-dias-quentes\\\/\"},\"wordCount\":465,\"commentCount\":0,\"publisher\":{\"@id\":\"https:\\\/\\\/blog.saocamilo-sp.br\\\/#organization\"},\"image\":{\"@id\":\"https:\\\/\\\/blog.saocamilo-sp.br\\\/index.php\\\/2023\\\/12\\\/05\\\/docente-de-medicina-aborda-cuidados-para-gravidas-em-dias-quentes\\\/#primaryimage\"},\"thumbnailUrl\":\"https:\\\/\\\/blog.saocamilo-sp.br\\\/wp-content\\\/uploads\\\/2023\\\/12\\\/1_gravidez.png\",\"keywords\":[\"Medicina\",\"Sa\u00fade\"],\"articleSection\":[\"Medicina\",\"Sa\u00fade\"],\"inLanguage\":\"pt-BR\",\"potentialAction\":[{\"@type\":\"CommentAction\",\"name\":\"Comment\",\"target\":[\"https:\\\/\\\/blog.saocamilo-sp.br\\\/index.php\\\/2023\\\/12\\\/05\\\/docente-de-medicina-aborda-cuidados-para-gravidas-em-dias-quentes\\\/#respond\"]}]},{\"@type\":\"WebPage\",\"@id\":\"https:\\\/\\\/blog.saocamilo-sp.br\\\/index.php\\\/2023\\\/12\\\/05\\\/docente-de-medicina-aborda-cuidados-para-gravidas-em-dias-quentes\\\/\",\"url\":\"https:\\\/\\\/blog.saocamilo-sp.br\\\/index.php\\\/2023\\\/12\\\/05\\\/docente-de-medicina-aborda-cuidados-para-gravidas-em-dias-quentes\\\/\",\"name\":\"Docente de medicina aborda cuidados para gr\u00e1vidas em dias quentes - Blog S\u00e3o Camilo\",\"isPartOf\":{\"@id\":\"https:\\\/\\\/blog.saocamilo-sp.br\\\/#website\"},\"primaryImageOfPage\":{\"@id\":\"https:\\\/\\\/blog.saocamilo-sp.br\\\/index.php\\\/2023\\\/12\\\/05\\\/docente-de-medicina-aborda-cuidados-para-gravidas-em-dias-quentes\\\/#primaryimage\"},\"image\":{\"@id\":\"https:\\\/\\\/blog.saocamilo-sp.br\\\/index.php\\\/2023\\\/12\\\/05\\\/docente-de-medicina-aborda-cuidados-para-gravidas-em-dias-quentes\\\/#primaryimage\"},\"thumbnailUrl\":\"https:\\\/\\\/blog.saocamilo-sp.br\\\/wp-content\\\/uploads\\\/2023\\\/12\\\/1_gravidez.png\",\"datePublished\":\"2023-12-06T02:48:35+00:00\",\"dateModified\":\"2024-08-26T17:22:37+00:00\",\"description\":\"O aumento da temperatura pode afetar a quantidade de l\u00edquido amni\u00f3tico e at\u00e9 aumentar as chances de prematuridade e defeitos cong\u00eanitos.\",\"breadcrumb\":{\"@id\":\"https:\\\/\\\/blog.saocamilo-sp.br\\\/index.php\\\/2023\\\/12\\\/05\\\/docente-de-medicina-aborda-cuidados-para-gravidas-em-dias-quentes\\\/#breadcrumb\"},\"inLanguage\":\"pt-BR\",\"potentialAction\":[{\"@type\":\"ReadAction\",\"target\":[\"https:\\\/\\\/blog.saocamilo-sp.br\\\/index.php\\\/2023\\\/12\\\/05\\\/docente-de-medicina-aborda-cuidados-para-gravidas-em-dias-quentes\\\/\"]}]},{\"@type\":\"ImageObject\",\"inLanguage\":\"pt-BR\",\"@id\":\"https:\\\/\\\/blog.saocamilo-sp.br\\\/index.php\\\/2023\\\/12\\\/05\\\/docente-de-medicina-aborda-cuidados-para-gravidas-em-dias-quentes\\\/#primaryimage\",\"url\":\"https:\\\/\\\/blog.saocamilo-sp.br\\\/wp-content\\\/uploads\\\/2023\\\/12\\\/1_gravidez.png\",\"contentUrl\":\"https:\\\/\\\/blog.saocamilo-sp.br\\\/wp-content\\\/uploads\\\/2023\\\/12\\\/1_gravidez.png\",\"width\":1238,\"height\":821,\"caption\":\"Gr\u00e1vidas ver\u00e3o\"},{\"@type\":\"BreadcrumbList\",\"@id\":\"https:\\\/\\\/blog.saocamilo-sp.br\\\/index.php\\\/2023\\\/12\\\/05\\\/docente-de-medicina-aborda-cuidados-para-gravidas-em-dias-quentes\\\/#breadcrumb\",\"itemListElement\":[{\"@type\":\"ListItem\",\"position\":1,\"name\":\"In\u00edcio\",\"item\":\"https:\\\/\\\/blog.saocamilo-sp.br\\\/\"},{\"@type\":\"ListItem\",\"position\":2,\"name\":\"Docente de medicina aborda cuidados para gr\u00e1vidas em dias quentes\"}]},{\"@type\":\"WebSite\",\"@id\":\"https:\\\/\\\/blog.saocamilo-sp.br\\\/#website\",\"url\":\"https:\\\/\\\/blog.saocamilo-sp.br\\\/\",\"name\":\"Blog S\u00e3o Camilo\",\"description\":\"Blog do Centro Universit\u00e1rio S\u00e3o Camilo\",\"publisher\":{\"@id\":\"https:\\\/\\\/blog.saocamilo-sp.br\\\/#organization\"},\"potentialAction\":[{\"@type\":\"SearchAction\",\"target\":{\"@type\":\"EntryPoint\",\"urlTemplate\":\"https:\\\/\\\/blog.saocamilo-sp.br\\\/?s={search_term_string}\"},\"query-input\":{\"@type\":\"PropertyValueSpecification\",\"valueRequired\":true,\"valueName\":\"search_term_string\"}}],\"inLanguage\":\"pt-BR\"},{\"@type\":\"Organization\",\"@id\":\"https:\\\/\\\/blog.saocamilo-sp.br\\\/#organization\",\"name\":\"Blog S\u00e3o Camilo\",\"url\":\"https:\\\/\\\/blog.saocamilo-sp.br\\\/\",\"logo\":{\"@type\":\"ImageObject\",\"inLanguage\":\"pt-BR\",\"@id\":\"https:\\\/\\\/blog.saocamilo-sp.br\\\/#\\\/schema\\\/logo\\\/image\\\/\",\"url\":\"https:\\\/\\\/blog.saocamilo-sp.br\\\/wp-content\\\/uploads\\\/2021\\\/12\\\/cropped-vazio-logo-topo.png\",\"contentUrl\":\"https:\\\/\\\/blog.saocamilo-sp.br\\\/wp-content\\\/uploads\\\/2021\\\/12\\\/cropped-vazio-logo-topo.png\",\"width\":320,\"height\":240,\"caption\":\"Blog S\u00e3o Camilo\"},\"image\":{\"@id\":\"https:\\\/\\\/blog.saocamilo-sp.br\\\/#\\\/schema\\\/logo\\\/image\\\/\"},\"sameAs\":[\"https:\\\/\\\/www.facebook.com\\\/saocamilosp\",\"https:\\\/\\\/x.com\\\/saocamilosp\",\"https:\\\/\\\/www.linkedin.com\\\/school\\\/centro-universit-rio-s-o-camilo\\\/\"]},{\"@type\":\"Person\",\"@id\":\"https:\\\/\\\/blog.saocamilo-sp.br\\\/#\\\/schema\\\/person\\\/1a99645faaab0bb55105f817e866e19b\",\"name\":\"Leandro Lafr\u00e1gola\",\"image\":{\"@type\":\"ImageObject\",\"inLanguage\":\"pt-BR\",\"@id\":\"https:\\\/\\\/secure.gravatar.com\\\/avatar\\\/ec4232fb8d50d80f1c672353dc4c2876490e6a0a2a33d6572c0ba1fb78f115cf?s=96&d=mm&r=g\",\"url\":\"https:\\\/\\\/secure.gravatar.com\\\/avatar\\\/ec4232fb8d50d80f1c672353dc4c2876490e6a0a2a33d6572c0ba1fb78f115cf?s=96&d=mm&r=g\",\"contentUrl\":\"https:\\\/\\\/secure.gravatar.com\\\/avatar\\\/ec4232fb8d50d80f1c672353dc4c2876490e6a0a2a33d6572c0ba1fb78f115cf?s=96&d=mm&r=g\",\"caption\":\"Leandro Lafr\u00e1gola\"},\"url\":\"https:\\\/\\\/blog.saocamilo-sp.br\\\/index.php\\\/author\\\/llafragola\\\/\"}]}<\/script>\n<!-- \/ Yoast SEO plugin. -->","yoast_head_json":{"title":"Docente de medicina aborda cuidados para gr\u00e1vidas em dias quentes - Blog S\u00e3o Camilo","description":"O aumento da temperatura pode afetar a quantidade de l\u00edquido amni\u00f3tico e at\u00e9 aumentar as chances de prematuridade e defeitos cong\u00eanitos.","robots":{"index":"index","follow":"follow","max-snippet":"max-snippet:-1","max-image-preview":"max-image-preview:large","max-video-preview":"max-video-preview:-1"},"canonical":"https:\/\/blog.saocamilo-sp.br\/index.php\/2023\/12\/05\/docente-de-medicina-aborda-cuidados-para-gravidas-em-dias-quentes\/","og_locale":"pt_BR","og_type":"article","og_title":"Docente de medicina aborda cuidados para gr\u00e1vidas em dias quentes - Blog S\u00e3o Camilo","og_description":"O aumento da temperatura pode afetar a quantidade de l\u00edquido amni\u00f3tico e at\u00e9 aumentar as chances de prematuridade e defeitos cong\u00eanitos.","og_url":"https:\/\/blog.saocamilo-sp.br\/index.php\/2023\/12\/05\/docente-de-medicina-aborda-cuidados-para-gravidas-em-dias-quentes\/","og_site_name":"Blog S\u00e3o Camilo","article_publisher":"https:\/\/www.facebook.com\/saocamilosp","article_published_time":"2023-12-06T02:48:35+00:00","article_modified_time":"2024-08-26T17:22:37+00:00","og_image":[{"width":1238,"height":821,"url":"https:\/\/blog.saocamilo-sp.br\/wp-content\/uploads\/2023\/12\/1_gravidez.png","type":"image\/png"}],"author":"Leandro Lafr\u00e1gola","twitter_card":"summary_large_image","twitter_creator":"@saocamilosp","twitter_site":"@saocamilosp","twitter_misc":{"Escrito por":"Leandro Lafr\u00e1gola","Est. tempo de leitura":"3 minutos"},"schema":{"@context":"https:\/\/schema.org","@graph":[{"@type":"Article","@id":"https:\/\/blog.saocamilo-sp.br\/index.php\/2023\/12\/05\/docente-de-medicina-aborda-cuidados-para-gravidas-em-dias-quentes\/#article","isPartOf":{"@id":"https:\/\/blog.saocamilo-sp.br\/index.php\/2023\/12\/05\/docente-de-medicina-aborda-cuidados-para-gravidas-em-dias-quentes\/"},"author":{"name":"Leandro Lafr\u00e1gola","@id":"https:\/\/blog.saocamilo-sp.br\/#\/schema\/person\/1a99645faaab0bb55105f817e866e19b"},"headline":"Docente de medicina aborda cuidados para gr\u00e1vidas em dias quentes","datePublished":"2023-12-06T02:48:35+00:00","dateModified":"2024-08-26T17:22:37+00:00","mainEntityOfPage":{"@id":"https:\/\/blog.saocamilo-sp.br\/index.php\/2023\/12\/05\/docente-de-medicina-aborda-cuidados-para-gravidas-em-dias-quentes\/"},"wordCount":465,"commentCount":0,"publisher":{"@id":"https:\/\/blog.saocamilo-sp.br\/#organization"},"image":{"@id":"https:\/\/blog.saocamilo-sp.br\/index.php\/2023\/12\/05\/docente-de-medicina-aborda-cuidados-para-gravidas-em-dias-quentes\/#primaryimage"},"thumbnailUrl":"https:\/\/blog.saocamilo-sp.br\/wp-content\/uploads\/2023\/12\/1_gravidez.png","keywords":["Medicina","Sa\u00fade"],"articleSection":["Medicina","Sa\u00fade"],"inLanguage":"pt-BR","potentialAction":[{"@type":"CommentAction","name":"Comment","target":["https:\/\/blog.saocamilo-sp.br\/index.php\/2023\/12\/05\/docente-de-medicina-aborda-cuidados-para-gravidas-em-dias-quentes\/#respond"]}]},{"@type":"WebPage","@id":"https:\/\/blog.saocamilo-sp.br\/index.php\/2023\/12\/05\/docente-de-medicina-aborda-cuidados-para-gravidas-em-dias-quentes\/","url":"https:\/\/blog.saocamilo-sp.br\/index.php\/2023\/12\/05\/docente-de-medicina-aborda-cuidados-para-gravidas-em-dias-quentes\/","name":"Docente de medicina aborda cuidados para gr\u00e1vidas em dias quentes - Blog S\u00e3o Camilo","isPartOf":{"@id":"https:\/\/blog.saocamilo-sp.br\/#website"},"primaryImageOfPage":{"@id":"https:\/\/blog.saocamilo-sp.br\/index.php\/2023\/12\/05\/docente-de-medicina-aborda-cuidados-para-gravidas-em-dias-quentes\/#primaryimage"},"image":{"@id":"https:\/\/blog.saocamilo-sp.br\/index.php\/2023\/12\/05\/docente-de-medicina-aborda-cuidados-para-gravidas-em-dias-quentes\/#primaryimage"},"thumbnailUrl":"https:\/\/blog.saocamilo-sp.br\/wp-content\/uploads\/2023\/12\/1_gravidez.png","datePublished":"2023-12-06T02:48:35+00:00","dateModified":"2024-08-26T17:22:37+00:00","description":"O aumento da temperatura pode afetar a quantidade de l\u00edquido amni\u00f3tico e at\u00e9 aumentar as chances de prematuridade e defeitos cong\u00eanitos.","breadcrumb":{"@id":"https:\/\/blog.saocamilo-sp.br\/index.php\/2023\/12\/05\/docente-de-medicina-aborda-cuidados-para-gravidas-em-dias-quentes\/#breadcrumb"},"inLanguage":"pt-BR","potentialAction":[{"@type":"ReadAction","target":["https:\/\/blog.saocamilo-sp.br\/index.php\/2023\/12\/05\/docente-de-medicina-aborda-cuidados-para-gravidas-em-dias-quentes\/"]}]},{"@type":"ImageObject","inLanguage":"pt-BR","@id":"https:\/\/blog.saocamilo-sp.br\/index.php\/2023\/12\/05\/docente-de-medicina-aborda-cuidados-para-gravidas-em-dias-quentes\/#primaryimage","url":"https:\/\/blog.saocamilo-sp.br\/wp-content\/uploads\/2023\/12\/1_gravidez.png","contentUrl":"https:\/\/blog.saocamilo-sp.br\/wp-content\/uploads\/2023\/12\/1_gravidez.png","width":1238,"height":821,"caption":"Gr\u00e1vidas ver\u00e3o"},{"@type":"BreadcrumbList","@id":"https:\/\/blog.saocamilo-sp.br\/index.php\/2023\/12\/05\/docente-de-medicina-aborda-cuidados-para-gravidas-em-dias-quentes\/#breadcrumb","itemListElement":[{"@type":"ListItem","position":1,"name":"In\u00edcio","item":"https:\/\/blog.saocamilo-sp.br\/"},{"@type":"ListItem","position":2,"name":"Docente de medicina aborda cuidados para gr\u00e1vidas em dias quentes"}]},{"@type":"WebSite","@id":"https:\/\/blog.saocamilo-sp.br\/#website","url":"https:\/\/blog.saocamilo-sp.br\/","name":"Blog S\u00e3o Camilo","description":"Blog do Centro Universit\u00e1rio S\u00e3o Camilo","publisher":{"@id":"https:\/\/blog.saocamilo-sp.br\/#organization"},"potentialAction":[{"@type":"SearchAction","target":{"@type":"EntryPoint","urlTemplate":"https:\/\/blog.saocamilo-sp.br\/?s={search_term_string}"},"query-input":{"@type":"PropertyValueSpecification","valueRequired":true,"valueName":"search_term_string"}}],"inLanguage":"pt-BR"},{"@type":"Organization","@id":"https:\/\/blog.saocamilo-sp.br\/#organization","name":"Blog S\u00e3o Camilo","url":"https:\/\/blog.saocamilo-sp.br\/","logo":{"@type":"ImageObject","inLanguage":"pt-BR","@id":"https:\/\/blog.saocamilo-sp.br\/#\/schema\/logo\/image\/","url":"https:\/\/blog.saocamilo-sp.br\/wp-content\/uploads\/2021\/12\/cropped-vazio-logo-topo.png","contentUrl":"https:\/\/blog.saocamilo-sp.br\/wp-content\/uploads\/2021\/12\/cropped-vazio-logo-topo.png","width":320,"height":240,"caption":"Blog S\u00e3o Camilo"},"image":{"@id":"https:\/\/blog.saocamilo-sp.br\/#\/schema\/logo\/image\/"},"sameAs":["https:\/\/www.facebook.com\/saocamilosp","https:\/\/x.com\/saocamilosp","https:\/\/www.linkedin.com\/school\/centro-universit-rio-s-o-camilo\/"]},{"@type":"Person","@id":"https:\/\/blog.saocamilo-sp.br\/#\/schema\/person\/1a99645faaab0bb55105f817e866e19b","name":"Leandro Lafr\u00e1gola","image":{"@type":"ImageObject","inLanguage":"pt-BR","@id":"https:\/\/secure.gravatar.com\/avatar\/ec4232fb8d50d80f1c672353dc4c2876490e6a0a2a33d6572c0ba1fb78f115cf?s=96&d=mm&r=g","url":"https:\/\/secure.gravatar.com\/avatar\/ec4232fb8d50d80f1c672353dc4c2876490e6a0a2a33d6572c0ba1fb78f115cf?s=96&d=mm&r=g","contentUrl":"https:\/\/secure.gravatar.com\/avatar\/ec4232fb8d50d80f1c672353dc4c2876490e6a0a2a33d6572c0ba1fb78f115cf?s=96&d=mm&r=g","caption":"Leandro Lafr\u00e1gola"},"url":"https:\/\/blog.saocamilo-sp.br\/index.php\/author\/llafragola\/"}]}},"_links":{"self":[{"href":"https:\/\/blog.saocamilo-sp.br\/index.php\/wp-json\/wp\/v2\/posts\/2099","targetHints":{"allow":["GET"]}}],"collection":[{"href":"https:\/\/blog.saocamilo-sp.br\/index.php\/wp-json\/wp\/v2\/posts"}],"about":[{"href":"https:\/\/blog.saocamilo-sp.br\/index.php\/wp-json\/wp\/v2\/types\/post"}],"author":[{"embeddable":true,"href":"https:\/\/blog.saocamilo-sp.br\/index.php\/wp-json\/wp\/v2\/users\/13"}],"replies":[{"embeddable":true,"href":"https:\/\/blog.saocamilo-sp.br\/index.php\/wp-json\/wp\/v2\/comments?post=2099"}],"version-history":[{"count":4,"href":"https:\/\/blog.saocamilo-sp.br\/index.php\/wp-json\/wp\/v2\/posts\/2099\/revisions"}],"predecessor-version":[{"id":2853,"href":"https:\/\/blog.saocamilo-sp.br\/index.php\/wp-json\/wp\/v2\/posts\/2099\/revisions\/2853"}],"wp:featuredmedia":[{"embeddable":true,"href":"https:\/\/blog.saocamilo-sp.br\/index.php\/wp-json\/wp\/v2\/media\/2102"}],"wp:attachment":[{"href":"https:\/\/blog.saocamilo-sp.br\/index.php\/wp-json\/wp\/v2\/media?parent=2099"}],"wp:term":[{"taxonomy":"category","embeddable":true,"href":"https:\/\/blog.saocamilo-sp.br\/index.php\/wp-json\/wp\/v2\/categories?post=2099"},{"taxonomy":"post_tag","embeddable":true,"href":"https:\/\/blog.saocamilo-sp.br\/index.php\/wp-json\/wp\/v2\/tags?post=2099"}],"curies":[{"name":"wp","href":"https:\/\/api.w.org\/{rel}","templated":true}]}}